{"id":96643,"date":"2024-12-02T19:32:00","date_gmt":"2024-12-03T02:32:00","guid":{"rendered":"https:\/\/fuentesfidedignas.com.mx\/?p=96643"},"modified":"2024-12-02T18:49:37","modified_gmt":"2024-12-03T01:49:37","slug":"publican-en-dof-reformas-de-bienestar-ya-son-derechos-constitucionales","status":"publish","type":"post","link":"https:\/\/fuentesfidedignas.com.mx\/index.php\/2024\/12\/02\/publican-en-dof-reformas-de-bienestar-ya-son-derechos-constitucionales\/","title":{"rendered":"Publican en DOF reformas de Bienestar; ya son derechos constitucionales"},"content":{"rendered":"\n<p><strong><em>En la edici\u00f3n vespertina tambi\u00e9n fue publicada la reforma en materia de vivienda.<\/em><\/strong><\/p>\n\n\n\n<p>La presidenta Claudia Sheinbaum Pardo public\u00f3 en el Diario Oficial de la Federaci\u00f3n (DOF) el decreto por el que los programas de Bienestar como las pensiones a adultos mayores y a personas con discapacidad, as\u00ed como el programa Sembrando Vida ya son derechos constitucionales.<\/p>\n\n\n\n<p>En la edici\u00f3n vespertina del DOF se dieron a conocer los cambios al art\u00edculo cuarto en donde especifica que las personas adultas mayores de 65 a\u00f1os tienen derecho a recibir por parte del estado una pensi\u00f3n no contributiva, lo mismo que a las personas con discapacidad permanente menores de 65 a\u00f1os.<\/p>\n\n\n\n<p>&#8220;El Estado destinar\u00e1 anualmente los recursos presupuestarios suficientes y oportunos, conforme al principio de progresividad, para garantizar los derechos establecidos en este art\u00edculo que impliquen la transferencia de recursos directos hacia la poblaci\u00f3n destinataria.<\/p>\n\n\n\n<p>&#8220;El monto de los recursos asignados no podr\u00e1 ser disminuido, en t\u00e9rminos reales, respecto del que se haya asignado en el ejercicio fiscal inmediato anterior&#8221;, especifica.<\/p>\n\n\n\n<p>En tanto, el art\u00edculo 27 agrega que el Estado garantizar\u00e1 un jornal seguro, justo y permanente a campesinos que cultiven sus tierras con \u00e1rboles frutales, maderables y especies que requieren ser procesadas.<\/p>\n\n\n\n<p>Adem\u00e1s, recibir\u00e1n un apoyo anual directo y fertilizantes gratuitos a productores de peque\u00f1a escala, y un apoyo anual directo a pescadores de peque\u00f1a escala.<\/p>\n\n\n\n<p>&#8220;El Estado mantendr\u00e1 precios de garant\u00eda para el ma\u00edz, frijol, leche, arroz y trigo harinero o panificable, en los t\u00e9rminos de las disposiciones aplicables&#8221;, se\u00f1ala.<\/p>\n\n\n\n<p><strong>Fondo de vivienda<\/strong><\/p>\n\n\n\n<p>Tambi\u00e9n fue publicada la reforma en materia de vivienda en la que se establece que toda empresa agr\u00edcola, industrial, minera o de cualquier otra clase de trabajo, estar\u00e1 obligada, seg\u00fan lo determinen las leyes reglamentarias a proporcionar a sus personas trabajadoras viviendas adecuadas.<\/p>\n\n\n\n<p>&#8220;Esta obligaci\u00f3n se cumplir\u00e1 mediante las aportaciones que las empresas hagan a un fondo nacional de la vivienda a fin de constituir dep\u00f3sitos en favor de sus personas trabajadoras&#8221;, explica.<\/p>\n\n\n\n<p>De acuerdo al documento, el fondo establecer\u00e1 un sistema de vivienda con orientaci\u00f3n social para las personas trabajadoras derechohabientes que permita obtener cr\u00e9dito barato y suficiente para su adquisici\u00f3n o mejora; tambi\u00e9n podr\u00e1 adquirir suelo y construir vivienda, en los t\u00e9rminos que fije la ley.<\/p>\n\n\n\n<p>&#8220;La ley establecer\u00e1 los t\u00e9rminos y condiciones para que las personas trabajadoras puedan acceder a las viviendas en arrendamiento social, as\u00ed como al derecho de adquirirlas en propiedad. La mensualidad del arrendamiento social no podr\u00e1 exceder del 30 por ciento del salario de las personas trabajadoras&#8221; se\u00f1ala.<\/p>\n\n\n\n<p>Y concluya subrayando que se dar\u00e1 preferencia de acceso a la vivienda en arrendamiento social a las personas trabajadoras que hayan aportado continuamente al fondo y no cuenten con vivienda propia.<\/p>\n","protected":false},"excerpt":{"rendered":"<p>En la edici\u00f3n vespertina tambi\u00e9n fue publicada la reforma en materia de vivienda. La presidenta Claudia Sheinbaum Pardo public\u00f3 en el Diario Oficial de la Federaci\u00f3n (DOF) el decreto por el que los programas de Bienestar como las pensiones a adultos mayores y a personas con discapacidad, as\u00ed como el programa Sembrando Vida ya son [&hellip;]<\/p>\n","protected":false},"author":9,"featured_media":26004,"comment_status":"open","ping_status":"open","sticky":false,"template":"","format":"standard","meta":{"tdm_status":"","tdm_grid_status":"","footnotes":""},"categories":[39],"tags":[],"class_list":{"0":"post-96643","1":"post","2":"type-post","3":"status-publish","4":"format-standard","5":"has-post-thumbnail","7":"category-noticias-nacionales"},"yoast_head":"<!-- This site is optimized with the Yoast SEO plugin v27.5 - https:\/\/yoast.com\/product\/yoast-seo-wordpress\/ -->\n<title>Publican en DOF reformas de Bienestar; ya son derechos constitucionales - Fuentes Fidedignas<\/title>\n<meta name=\"robots\" content=\"index, follow, max-snippet:-1, max-image-preview:large, max-video-preview:-1\" \/>\n<link rel=\"canonical\" href=\"https:\/\/fuentesfidedignas.com.mx\/index.php\/2024\/12\/02\/publican-en-dof-reformas-de-bienestar-ya-son-derechos-constitucionales\/\" \/>\n<meta property=\"og:locale\" content=\"es_MX\" \/>\n<meta property=\"og:type\" content=\"article\" \/>\n<meta property=\"og:title\" content=\"Publican en DOF reformas de Bienestar; ya son derechos constitucionales - Fuentes Fidedignas\" \/>\n<meta property=\"og:description\" content=\"En la edici\u00f3n vespertina tambi\u00e9n fue publicada la reforma en materia de vivienda. La presidenta Claudia Sheinbaum Pardo public\u00f3 en el Diario Oficial de la Federaci\u00f3n (DOF) el decreto por el que los programas de Bienestar como las pensiones a adultos mayores y a personas con discapacidad, as\u00ed como el programa Sembrando Vida ya son [&hellip;]\" \/>\n<meta property=\"og:url\" content=\"https:\/\/fuentesfidedignas.com.mx\/index.php\/2024\/12\/02\/publican-en-dof-reformas-de-bienestar-ya-son-derechos-constitucionales\/\" \/>\n<meta property=\"og:site_name\" content=\"Fuentes Fidedignas\" \/>\n<meta property=\"article:publisher\" content=\"https:\/\/www.facebook.com\/Fuentes-Fidedignas-368234489921644\" \/>\n<meta property=\"article:published_time\" content=\"2024-12-03T02:32:00+00:00\" \/>\n<meta property=\"og:image\" content=\"https:\/\/fuentesfidedignas.com.mx\/wp-content\/uploads\/2022\/03\/ADULTOS_MAYORES.jpg\" \/>\n\t<meta property=\"og:image:width\" content=\"750\" \/>\n\t<meta property=\"og:image:height\" content=\"450\" \/>\n\t<meta property=\"og:image:type\" content=\"image\/jpeg\" \/>\n<meta name=\"author\" content=\"Milenio\" \/>\n<meta name=\"twitter:card\" content=\"summary_large_image\" \/>\n<meta name=\"twitter:creator\" content=\"@fidedignas\" \/>\n<meta name=\"twitter:site\" content=\"@fidedignas\" \/>\n<meta name=\"twitter:label1\" content=\"Escrito por\" \/>\n\t<meta name=\"twitter:data1\" content=\"Milenio\" \/>\n\t<meta name=\"twitter:label2\" content=\"Tiempo de lectura\" \/>\n\t<meta name=\"twitter:data2\" content=\"3 minutos\" \/>\n<script type=\"application\/ld+json\" class=\"yoast-schema-graph\">{\"@context\":\"https:\\\/\\\/schema.org\",\"@graph\":[{\"@type\":\"Article\",\"@id\":\"https:\\\/\\\/fuentesfidedignas.com.mx\\\/index.php\\\/2024\\\/12\\\/02\\\/publican-en-dof-reformas-de-bienestar-ya-son-derechos-constitucionales\\\/#article\",\"isPartOf\":{\"@id\":\"https:\\\/\\\/fuentesfidedignas.com.mx\\\/index.php\\\/2024\\\/12\\\/02\\\/publican-en-dof-reformas-de-bienestar-ya-son-derechos-constitucionales\\\/\"},\"author\":{\"name\":\"Milenio\",\"@id\":\"https:\\\/\\\/fuentesfidedignas.com.mx\\\/#\\\/schema\\\/person\\\/47ec0135738f4b0c7495f06a77a2c976\"},\"headline\":\"Publican en DOF reformas de Bienestar; ya son derechos constitucionales\",\"datePublished\":\"2024-12-03T02:32:00+00:00\",\"mainEntityOfPage\":{\"@id\":\"https:\\\/\\\/fuentesfidedignas.com.mx\\\/index.php\\\/2024\\\/12\\\/02\\\/publican-en-dof-reformas-de-bienestar-ya-son-derechos-constitucionales\\\/\"},\"wordCount\":486,\"commentCount\":0,\"publisher\":{\"@id\":\"https:\\\/\\\/fuentesfidedignas.com.mx\\\/#organization\"},\"image\":{\"@id\":\"https:\\\/\\\/fuentesfidedignas.com.mx\\\/index.php\\\/2024\\\/12\\\/02\\\/publican-en-dof-reformas-de-bienestar-ya-son-derechos-constitucionales\\\/#primaryimage\"},\"thumbnailUrl\":\"https:\\\/\\\/fuentesfidedignas.com.mx\\\/wp-content\\\/uploads\\\/2022\\\/03\\\/ADULTOS_MAYORES.jpg\",\"articleSection\":[\"NOTICIAS NACIONALES\"],\"inLanguage\":\"es\",\"potentialAction\":[{\"@type\":\"CommentAction\",\"name\":\"Comment\",\"target\":[\"https:\\\/\\\/fuentesfidedignas.com.mx\\\/index.php\\\/2024\\\/12\\\/02\\\/publican-en-dof-reformas-de-bienestar-ya-son-derechos-constitucionales\\\/#respond\"]}]},{\"@type\":\"WebPage\",\"@id\":\"https:\\\/\\\/fuentesfidedignas.com.mx\\\/index.php\\\/2024\\\/12\\\/02\\\/publican-en-dof-reformas-de-bienestar-ya-son-derechos-constitucionales\\\/\",\"url\":\"https:\\\/\\\/fuentesfidedignas.com.mx\\\/index.php\\\/2024\\\/12\\\/02\\\/publican-en-dof-reformas-de-bienestar-ya-son-derechos-constitucionales\\\/\",\"name\":\"Publican en DOF reformas de Bienestar; ya son derechos constitucionales - Fuentes Fidedignas\",\"isPartOf\":{\"@id\":\"https:\\\/\\\/fuentesfidedignas.com.mx\\\/#website\"},\"primaryImageOfPage\":{\"@id\":\"https:\\\/\\\/fuentesfidedignas.com.mx\\\/index.php\\\/2024\\\/12\\\/02\\\/publican-en-dof-reformas-de-bienestar-ya-son-derechos-constitucionales\\\/#primaryimage\"},\"image\":{\"@id\":\"https:\\\/\\\/fuentesfidedignas.com.mx\\\/index.php\\\/2024\\\/12\\\/02\\\/publican-en-dof-reformas-de-bienestar-ya-son-derechos-constitucionales\\\/#primaryimage\"},\"thumbnailUrl\":\"https:\\\/\\\/fuentesfidedignas.com.mx\\\/wp-content\\\/uploads\\\/2022\\\/03\\\/ADULTOS_MAYORES.jpg\",\"datePublished\":\"2024-12-03T02:32:00+00:00\",\"breadcrumb\":{\"@id\":\"https:\\\/\\\/fuentesfidedignas.com.mx\\\/index.php\\\/2024\\\/12\\\/02\\\/publican-en-dof-reformas-de-bienestar-ya-son-derechos-constitucionales\\\/#breadcrumb\"},\"inLanguage\":\"es\",\"potentialAction\":[{\"@type\":\"ReadAction\",\"target\":[\"https:\\\/\\\/fuentesfidedignas.com.mx\\\/index.php\\\/2024\\\/12\\\/02\\\/publican-en-dof-reformas-de-bienestar-ya-son-derechos-constitucionales\\\/\"]}]},{\"@type\":\"ImageObject\",\"inLanguage\":\"es\",\"@id\":\"https:\\\/\\\/fuentesfidedignas.com.mx\\\/index.php\\\/2024\\\/12\\\/02\\\/publican-en-dof-reformas-de-bienestar-ya-son-derechos-constitucionales\\\/#primaryimage\",\"url\":\"https:\\\/\\\/fuentesfidedignas.com.mx\\\/wp-content\\\/uploads\\\/2022\\\/03\\\/ADULTOS_MAYORES.jpg\",\"contentUrl\":\"https:\\\/\\\/fuentesfidedignas.com.mx\\\/wp-content\\\/uploads\\\/2022\\\/03\\\/ADULTOS_MAYORES.jpg\",\"width\":750,\"height\":450},{\"@type\":\"BreadcrumbList\",\"@id\":\"https:\\\/\\\/fuentesfidedignas.com.mx\\\/index.php\\\/2024\\\/12\\\/02\\\/publican-en-dof-reformas-de-bienestar-ya-son-derechos-constitucionales\\\/#breadcrumb\",\"itemListElement\":[{\"@type\":\"ListItem\",\"position\":1,\"name\":\"Inicio\",\"item\":\"https:\\\/\\\/fuentesfidedignas.com.mx\\\/\"},{\"@type\":\"ListItem\",\"position\":2,\"name\":\"Publican en DOF reformas de Bienestar; ya son derechos constitucionales\"}]},{\"@type\":\"WebSite\",\"@id\":\"https:\\\/\\\/fuentesfidedignas.com.mx\\\/#website\",\"url\":\"https:\\\/\\\/fuentesfidedignas.com.mx\\\/\",\"name\":\"Fuentes Fidedignas\",\"description\":\"Otro sitio realizado con WordPress\",\"publisher\":{\"@id\":\"https:\\\/\\\/fuentesfidedignas.com.mx\\\/#organization\"},\"potentialAction\":[{\"@type\":\"SearchAction\",\"target\":{\"@type\":\"EntryPoint\",\"urlTemplate\":\"https:\\\/\\\/fuentesfidedignas.com.mx\\\/?s={search_term_string}\"},\"query-input\":{\"@type\":\"PropertyValueSpecification\",\"valueRequired\":true,\"valueName\":\"search_term_string\"}}],\"inLanguage\":\"es\"},{\"@type\":\"Organization\",\"@id\":\"https:\\\/\\\/fuentesfidedignas.com.mx\\\/#organization\",\"name\":\"Fuentes Fidedignas\",\"url\":\"https:\\\/\\\/fuentesfidedignas.com.mx\\\/\",\"logo\":{\"@type\":\"ImageObject\",\"inLanguage\":\"es\",\"@id\":\"https:\\\/\\\/fuentesfidedignas.com.mx\\\/#\\\/schema\\\/logo\\\/image\\\/\",\"url\":\"https:\\\/\\\/fuentesfidedignas.com.mx\\\/wp-content\\\/uploads\\\/2021\\\/04\\\/logo-retina.png\",\"contentUrl\":\"https:\\\/\\\/fuentesfidedignas.com.mx\\\/wp-content\\\/uploads\\\/2021\\\/04\\\/logo-retina.png\",\"width\":280,\"height\":51,\"caption\":\"Fuentes Fidedignas\"},\"image\":{\"@id\":\"https:\\\/\\\/fuentesfidedignas.com.mx\\\/#\\\/schema\\\/logo\\\/image\\\/\"},\"sameAs\":[\"https:\\\/\\\/www.facebook.com\\\/Fuentes-Fidedignas-368234489921644\",\"https:\\\/\\\/x.com\\\/fidedignas\"]},{\"@type\":\"Person\",\"@id\":\"https:\\\/\\\/fuentesfidedignas.com.mx\\\/#\\\/schema\\\/person\\\/47ec0135738f4b0c7495f06a77a2c976\",\"name\":\"Milenio\",\"image\":{\"@type\":\"ImageObject\",\"inLanguage\":\"es\",\"@id\":\"https:\\\/\\\/secure.gravatar.com\\\/avatar\\\/acabf7b54753e51c2c76457954577c236b3b764789b19879565769739d1e4a75?s=96&d=mm&r=g\",\"url\":\"https:\\\/\\\/secure.gravatar.com\\\/avatar\\\/acabf7b54753e51c2c76457954577c236b3b764789b19879565769739d1e4a75?s=96&d=mm&r=g\",\"contentUrl\":\"https:\\\/\\\/secure.gravatar.com\\\/avatar\\\/acabf7b54753e51c2c76457954577c236b3b764789b19879565769739d1e4a75?s=96&d=mm&r=g\",\"caption\":\"Milenio\"},\"url\":\"https:\\\/\\\/fuentesfidedignas.com.mx\\\/index.php\\\/author\\\/milenio\\\/\"}]}<\/script>\n<!-- \/ Yoast SEO plugin. -->","yoast_head_json":{"title":"Publican en DOF reformas de Bienestar; ya son derechos constitucionales - Fuentes Fidedignas","robots":{"index":"index","follow":"follow","max-snippet":"max-snippet:-1","max-image-preview":"max-image-preview:large","max-video-preview":"max-video-preview:-1"},"canonical":"https:\/\/fuentesfidedignas.com.mx\/index.php\/2024\/12\/02\/publican-en-dof-reformas-de-bienestar-ya-son-derechos-constitucionales\/","og_locale":"es_MX","og_type":"article","og_title":"Publican en DOF reformas de Bienestar; ya son derechos constitucionales - Fuentes Fidedignas","og_description":"En la edici\u00f3n vespertina tambi\u00e9n fue publicada la reforma en materia de vivienda. La presidenta Claudia Sheinbaum Pardo public\u00f3 en el Diario Oficial de la Federaci\u00f3n (DOF) el decreto por el que los programas de Bienestar como las pensiones a adultos mayores y a personas con discapacidad, as\u00ed como el programa Sembrando Vida ya son [&hellip;]","og_url":"https:\/\/fuentesfidedignas.com.mx\/index.php\/2024\/12\/02\/publican-en-dof-reformas-de-bienestar-ya-son-derechos-constitucionales\/","og_site_name":"Fuentes Fidedignas","article_publisher":"https:\/\/www.facebook.com\/Fuentes-Fidedignas-368234489921644","article_published_time":"2024-12-03T02:32:00+00:00","og_image":[{"width":750,"height":450,"url":"https:\/\/fuentesfidedignas.com.mx\/wp-content\/uploads\/2022\/03\/ADULTOS_MAYORES.jpg","type":"image\/jpeg"}],"author":"Milenio","twitter_card":"summary_large_image","twitter_creator":"@fidedignas","twitter_site":"@fidedignas","twitter_misc":{"Escrito por":"Milenio","Tiempo de lectura":"3 minutos"},"schema":{"@context":"https:\/\/schema.org","@graph":[{"@type":"Article","@id":"https:\/\/fuentesfidedignas.com.mx\/index.php\/2024\/12\/02\/publican-en-dof-reformas-de-bienestar-ya-son-derechos-constitucionales\/#article","isPartOf":{"@id":"https:\/\/fuentesfidedignas.com.mx\/index.php\/2024\/12\/02\/publican-en-dof-reformas-de-bienestar-ya-son-derechos-constitucionales\/"},"author":{"name":"Milenio","@id":"https:\/\/fuentesfidedignas.com.mx\/#\/schema\/person\/47ec0135738f4b0c7495f06a77a2c976"},"headline":"Publican en DOF reformas de Bienestar; ya son derechos constitucionales","datePublished":"2024-12-03T02:32:00+00:00","mainEntityOfPage":{"@id":"https:\/\/fuentesfidedignas.com.mx\/index.php\/2024\/12\/02\/publican-en-dof-reformas-de-bienestar-ya-son-derechos-constitucionales\/"},"wordCount":486,"commentCount":0,"publisher":{"@id":"https:\/\/fuentesfidedignas.com.mx\/#organization"},"image":{"@id":"https:\/\/fuentesfidedignas.com.mx\/index.php\/2024\/12\/02\/publican-en-dof-reformas-de-bienestar-ya-son-derechos-constitucionales\/#primaryimage"},"thumbnailUrl":"https:\/\/fuentesfidedignas.com.mx\/wp-content\/uploads\/2022\/03\/ADULTOS_MAYORES.jpg","articleSection":["NOTICIAS NACIONALES"],"inLanguage":"es","potentialAction":[{"@type":"CommentAction","name":"Comment","target":["https:\/\/fuentesfidedignas.com.mx\/index.php\/2024\/12\/02\/publican-en-dof-reformas-de-bienestar-ya-son-derechos-constitucionales\/#respond"]}]},{"@type":"WebPage","@id":"https:\/\/fuentesfidedignas.com.mx\/index.php\/2024\/12\/02\/publican-en-dof-reformas-de-bienestar-ya-son-derechos-constitucionales\/","url":"https:\/\/fuentesfidedignas.com.mx\/index.php\/2024\/12\/02\/publican-en-dof-reformas-de-bienestar-ya-son-derechos-constitucionales\/","name":"Publican en DOF reformas de Bienestar; ya son derechos constitucionales - Fuentes Fidedignas","isPartOf":{"@id":"https:\/\/fuentesfidedignas.com.mx\/#website"},"primaryImageOfPage":{"@id":"https:\/\/fuentesfidedignas.com.mx\/index.php\/2024\/12\/02\/publican-en-dof-reformas-de-bienestar-ya-son-derechos-constitucionales\/#primaryimage"},"image":{"@id":"https:\/\/fuentesfidedignas.com.mx\/index.php\/2024\/12\/02\/publican-en-dof-reformas-de-bienestar-ya-son-derechos-constitucionales\/#primaryimage"},"thumbnailUrl":"https:\/\/fuentesfidedignas.com.mx\/wp-content\/uploads\/2022\/03\/ADULTOS_MAYORES.jpg","datePublished":"2024-12-03T02:32:00+00:00","breadcrumb":{"@id":"https:\/\/fuentesfidedignas.com.mx\/index.php\/2024\/12\/02\/publican-en-dof-reformas-de-bienestar-ya-son-derechos-constitucionales\/#breadcrumb"},"inLanguage":"es","potentialAction":[{"@type":"ReadAction","target":["https:\/\/fuentesfidedignas.com.mx\/index.php\/2024\/12\/02\/publican-en-dof-reformas-de-bienestar-ya-son-derechos-constitucionales\/"]}]},{"@type":"ImageObject","inLanguage":"es","@id":"https:\/\/fuentesfidedignas.com.mx\/index.php\/2024\/12\/02\/publican-en-dof-reformas-de-bienestar-ya-son-derechos-constitucionales\/#primaryimage","url":"https:\/\/fuentesfidedignas.com.mx\/wp-content\/uploads\/2022\/03\/ADULTOS_MAYORES.jpg","contentUrl":"https:\/\/fuentesfidedignas.com.mx\/wp-content\/uploads\/2022\/03\/ADULTOS_MAYORES.jpg","width":750,"height":450},{"@type":"BreadcrumbList","@id":"https:\/\/fuentesfidedignas.com.mx\/index.php\/2024\/12\/02\/publican-en-dof-reformas-de-bienestar-ya-son-derechos-constitucionales\/#breadcrumb","itemListElement":[{"@type":"ListItem","position":1,"name":"Inicio","item":"https:\/\/fuentesfidedignas.com.mx\/"},{"@type":"ListItem","position":2,"name":"Publican en DOF reformas de Bienestar; ya son derechos constitucionales"}]},{"@type":"WebSite","@id":"https:\/\/fuentesfidedignas.com.mx\/#website","url":"https:\/\/fuentesfidedignas.com.mx\/","name":"Fuentes Fidedignas","description":"Otro sitio realizado con WordPress","publisher":{"@id":"https:\/\/fuentesfidedignas.com.mx\/#organization"},"potentialAction":[{"@type":"SearchAction","target":{"@type":"EntryPoint","urlTemplate":"https:\/\/fuentesfidedignas.com.mx\/?s={search_term_string}"},"query-input":{"@type":"PropertyValueSpecification","valueRequired":true,"valueName":"search_term_string"}}],"inLanguage":"es"},{"@type":"Organization","@id":"https:\/\/fuentesfidedignas.com.mx\/#organization","name":"Fuentes Fidedignas","url":"https:\/\/fuentesfidedignas.com.mx\/","logo":{"@type":"ImageObject","inLanguage":"es","@id":"https:\/\/fuentesfidedignas.com.mx\/#\/schema\/logo\/image\/","url":"https:\/\/fuentesfidedignas.com.mx\/wp-content\/uploads\/2021\/04\/logo-retina.png","contentUrl":"https:\/\/fuentesfidedignas.com.mx\/wp-content\/uploads\/2021\/04\/logo-retina.png","width":280,"height":51,"caption":"Fuentes Fidedignas"},"image":{"@id":"https:\/\/fuentesfidedignas.com.mx\/#\/schema\/logo\/image\/"},"sameAs":["https:\/\/www.facebook.com\/Fuentes-Fidedignas-368234489921644","https:\/\/x.com\/fidedignas"]},{"@type":"Person","@id":"https:\/\/fuentesfidedignas.com.mx\/#\/schema\/person\/47ec0135738f4b0c7495f06a77a2c976","name":"Milenio","image":{"@type":"ImageObject","inLanguage":"es","@id":"https:\/\/secure.gravatar.com\/avatar\/acabf7b54753e51c2c76457954577c236b3b764789b19879565769739d1e4a75?s=96&d=mm&r=g","url":"https:\/\/secure.gravatar.com\/avatar\/acabf7b54753e51c2c76457954577c236b3b764789b19879565769739d1e4a75?s=96&d=mm&r=g","contentUrl":"https:\/\/secure.gravatar.com\/avatar\/acabf7b54753e51c2c76457954577c236b3b764789b19879565769739d1e4a75?s=96&d=mm&r=g","caption":"Milenio"},"url":"https:\/\/fuentesfidedignas.com.mx\/index.php\/author\/milenio\/"}]}},"_links":{"self":[{"href":"https:\/\/fuentesfidedignas.com.mx\/index.php\/wp-json\/wp\/v2\/posts\/96643","targetHints":{"allow":["GET"]}}],"collection":[{"href":"https:\/\/fuentesfidedignas.com.mx\/index.php\/wp-json\/wp\/v2\/posts"}],"about":[{"href":"https:\/\/fuentesfidedignas.com.mx\/index.php\/wp-json\/wp\/v2\/types\/post"}],"author":[{"embeddable":true,"href":"https:\/\/fuentesfidedignas.com.mx\/index.php\/wp-json\/wp\/v2\/users\/9"}],"replies":[{"embeddable":true,"href":"https:\/\/fuentesfidedignas.com.mx\/index.php\/wp-json\/wp\/v2\/comments?post=96643"}],"version-history":[{"count":1,"href":"https:\/\/fuentesfidedignas.com.mx\/index.php\/wp-json\/wp\/v2\/posts\/96643\/revisions"}],"predecessor-version":[{"id":96644,"href":"https:\/\/fuentesfidedignas.com.mx\/index.php\/wp-json\/wp\/v2\/posts\/96643\/revisions\/96644"}],"wp:featuredmedia":[{"embeddable":true,"href":"https:\/\/fuentesfidedignas.com.mx\/index.php\/wp-json\/wp\/v2\/media\/26004"}],"wp:attachment":[{"href":"https:\/\/fuentesfidedignas.com.mx\/index.php\/wp-json\/wp\/v2\/media?parent=96643"}],"wp:term":[{"taxonomy":"category","embeddable":true,"href":"https:\/\/fuentesfidedignas.com.mx\/index.php\/wp-json\/wp\/v2\/categories?post=96643"},{"taxonomy":"post_tag","embeddable":true,"href":"https:\/\/fuentesfidedignas.com.mx\/index.php\/wp-json\/wp\/v2\/tags?post=96643"}],"curies":[{"name":"wp","href":"https:\/\/api.w.org\/{rel}","templated":true}]}}