{"id":96636,"date":"2024-12-02T16:28:00","date_gmt":"2024-12-02T23:28:00","guid":{"rendered":"https:\/\/fuentesfidedignas.com.mx\/?p=96636"},"modified":"2024-12-02T17:51:36","modified_gmt":"2024-12-03T00:51:36","slug":"aseguran-290-kilos-de-metanfetamina-en-veracruz-su-destino-era-camerun","status":"publish","type":"post","link":"https:\/\/fuentesfidedignas.com.mx\/index.php\/2024\/12\/02\/aseguran-290-kilos-de-metanfetamina-en-veracruz-su-destino-era-camerun\/","title":{"rendered":"Aseguran 290 kilos de metanfetamina en Veracruz; su destino era Camer\u00fan"},"content":{"rendered":"\n<p><strong><em>En la aduana del puerto fueron asegurados 3 mil 840 rollos de pel\u00edcula pl\u00e1stica emplayada, que conten\u00edan 592 bolsas de metanfetamina<\/em><\/strong><\/p>\n\n\n\n<p>La Fiscal\u00eda General de la Rep\u00fablica (FGR), en colaboraci\u00f3n con la Secretar\u00eda de Marina (Marina), asegur\u00f3 290 kilos de metanfetamina en la aduana del puerto de Veracruz, droga que ten\u00edan como destino Camer\u00fan.<\/p>\n\n\n\n<p>En un comunicado, se indic\u00f3 que el Ministerio P\u00fablico Federal (MPF) inici\u00f3 una carpeta de investigaci\u00f3n por el delito de contra la salud, en contra de quien resulte responsable, luego de que se lograra dicho aseguramiento<\/p>\n\n\n\n<p>Se apunt\u00f3 que al interior de tres mil 840 rollos de pel\u00edcula pl\u00e1stica enplayada ven\u00edan ocultas 592 bolsas de pl\u00e1stico transparente, que conten\u00edan una sustancia s\u00f3lida cristalina que pericialmente result\u00f3 ser metanfetamina.<\/p>\n\n\n\n<p>Lo anterior, se efectu\u00f3 luego del alertamiento por parte de la Aduana Mar\u00edtima de Veracruz, al realizar una inspecci\u00f3n intrusiva a la mercanc\u00eda para exportaci\u00f3n que ten\u00eda como destino Camer\u00fan, procedente de Jalisco.<\/p>\n\n\n\n<p>Por lo anterior, la metanfetamina qued\u00f3 resguardada y a disposici\u00f3n del Ministerio P\u00fablico Federal en Veracruz, que continuar\u00e1 con la investigaci\u00f3n correspondiente.<\/p>\n","protected":false},"excerpt":{"rendered":"<p>En la aduana del puerto fueron asegurados 3 mil 840 rollos de pel\u00edcula pl\u00e1stica emplayada, que conten\u00edan 592 bolsas de metanfetamina La Fiscal\u00eda General de la Rep\u00fablica (FGR), en colaboraci\u00f3n con la Secretar\u00eda de Marina (Marina), asegur\u00f3 290 kilos de metanfetamina en la aduana del puerto de Veracruz, droga que ten\u00edan como destino Camer\u00fan. En [&hellip;]<\/p>\n","protected":false},"author":47,"featured_media":96637,"comment_status":"open","ping_status":"open","sticky":false,"template":"","format":"standard","meta":{"tdm_status":"","tdm_grid_status":"","footnotes":""},"categories":[39],"tags":[],"class_list":{"0":"post-96636","1":"post","2":"type-post","3":"status-publish","4":"format-standard","5":"has-post-thumbnail","7":"category-noticias-nacionales"},"yoast_head":"<!-- This site is optimized with the Yoast SEO plugin v27.5 - https:\/\/yoast.com\/product\/yoast-seo-wordpress\/ -->\n<title>Aseguran 290 kilos de metanfetamina en Veracruz; su destino era Camer\u00fan - Fuentes Fidedignas<\/title>\n<meta name=\"robots\" content=\"index, follow, max-snippet:-1, max-image-preview:large, max-video-preview:-1\" \/>\n<link rel=\"canonical\" href=\"https:\/\/fuentesfidedignas.com.mx\/index.php\/2024\/12\/02\/aseguran-290-kilos-de-metanfetamina-en-veracruz-su-destino-era-camerun\/\" \/>\n<meta property=\"og:locale\" content=\"es_MX\" \/>\n<meta property=\"og:type\" content=\"article\" \/>\n<meta property=\"og:title\" content=\"Aseguran 290 kilos de metanfetamina en Veracruz; su destino era Camer\u00fan - Fuentes Fidedignas\" \/>\n<meta property=\"og:description\" content=\"En la aduana del puerto fueron asegurados 3 mil 840 rollos de pel\u00edcula pl\u00e1stica emplayada, que conten\u00edan 592 bolsas de metanfetamina La Fiscal\u00eda General de la Rep\u00fablica (FGR), en colaboraci\u00f3n con la Secretar\u00eda de Marina (Marina), asegur\u00f3 290 kilos de metanfetamina en la aduana del puerto de Veracruz, droga que ten\u00edan como destino Camer\u00fan. En [&hellip;]\" \/>\n<meta property=\"og:url\" content=\"https:\/\/fuentesfidedignas.com.mx\/index.php\/2024\/12\/02\/aseguran-290-kilos-de-metanfetamina-en-veracruz-su-destino-era-camerun\/\" \/>\n<meta property=\"og:site_name\" content=\"Fuentes Fidedignas\" \/>\n<meta property=\"article:publisher\" content=\"https:\/\/www.facebook.com\/Fuentes-Fidedignas-368234489921644\" \/>\n<meta property=\"article:published_time\" content=\"2024-12-02T23:28:00+00:00\" \/>\n<meta property=\"article:modified_time\" content=\"2024-12-03T00:51:36+00:00\" \/>\n<meta property=\"og:image\" content=\"https:\/\/fuentesfidedignas.com.mx\/wp-content\/uploads\/2024\/12\/decomiso_drogas.jpg\" \/>\n\t<meta property=\"og:image:width\" content=\"650\" \/>\n\t<meta property=\"og:image:height\" content=\"327\" \/>\n\t<meta property=\"og:image:type\" content=\"image\/jpeg\" \/>\n<meta name=\"author\" content=\"L\u00f3pez D\u00f3riga\" \/>\n<meta name=\"twitter:card\" content=\"summary_large_image\" \/>\n<meta name=\"twitter:creator\" content=\"@fidedignas\" \/>\n<meta name=\"twitter:site\" content=\"@fidedignas\" \/>\n<meta name=\"twitter:label1\" content=\"Escrito por\" \/>\n\t<meta name=\"twitter:data1\" content=\"L\u00f3pez D\u00f3riga\" \/>\n\t<meta name=\"twitter:label2\" content=\"Tiempo de lectura\" \/>\n\t<meta name=\"twitter:data2\" content=\"2 minutos\" \/>\n<script type=\"application\/ld+json\" class=\"yoast-schema-graph\">{\"@context\":\"https:\\\/\\\/schema.org\",\"@graph\":[{\"@type\":\"Article\",\"@id\":\"https:\\\/\\\/fuentesfidedignas.com.mx\\\/index.php\\\/2024\\\/12\\\/02\\\/aseguran-290-kilos-de-metanfetamina-en-veracruz-su-destino-era-camerun\\\/#article\",\"isPartOf\":{\"@id\":\"https:\\\/\\\/fuentesfidedignas.com.mx\\\/index.php\\\/2024\\\/12\\\/02\\\/aseguran-290-kilos-de-metanfetamina-en-veracruz-su-destino-era-camerun\\\/\"},\"author\":{\"name\":\"L\u00f3pez D\u00f3riga\",\"@id\":\"https:\\\/\\\/fuentesfidedignas.com.mx\\\/#\\\/schema\\\/person\\\/67d852f0557c8509146a4b9ddebd543a\"},\"headline\":\"Aseguran 290 kilos de metanfetamina en Veracruz; su destino era Camer\u00fan\",\"datePublished\":\"2024-12-02T23:28:00+00:00\",\"dateModified\":\"2024-12-03T00:51:36+00:00\",\"mainEntityOfPage\":{\"@id\":\"https:\\\/\\\/fuentesfidedignas.com.mx\\\/index.php\\\/2024\\\/12\\\/02\\\/aseguran-290-kilos-de-metanfetamina-en-veracruz-su-destino-era-camerun\\\/\"},\"wordCount\":208,\"commentCount\":0,\"publisher\":{\"@id\":\"https:\\\/\\\/fuentesfidedignas.com.mx\\\/#organization\"},\"image\":{\"@id\":\"https:\\\/\\\/fuentesfidedignas.com.mx\\\/index.php\\\/2024\\\/12\\\/02\\\/aseguran-290-kilos-de-metanfetamina-en-veracruz-su-destino-era-camerun\\\/#primaryimage\"},\"thumbnailUrl\":\"https:\\\/\\\/fuentesfidedignas.com.mx\\\/wp-content\\\/uploads\\\/2024\\\/12\\\/decomiso_drogas.jpg\",\"articleSection\":[\"NOTICIAS NACIONALES\"],\"inLanguage\":\"es\",\"potentialAction\":[{\"@type\":\"CommentAction\",\"name\":\"Comment\",\"target\":[\"https:\\\/\\\/fuentesfidedignas.com.mx\\\/index.php\\\/2024\\\/12\\\/02\\\/aseguran-290-kilos-de-metanfetamina-en-veracruz-su-destino-era-camerun\\\/#respond\"]}]},{\"@type\":\"WebPage\",\"@id\":\"https:\\\/\\\/fuentesfidedignas.com.mx\\\/index.php\\\/2024\\\/12\\\/02\\\/aseguran-290-kilos-de-metanfetamina-en-veracruz-su-destino-era-camerun\\\/\",\"url\":\"https:\\\/\\\/fuentesfidedignas.com.mx\\\/index.php\\\/2024\\\/12\\\/02\\\/aseguran-290-kilos-de-metanfetamina-en-veracruz-su-destino-era-camerun\\\/\",\"name\":\"Aseguran 290 kilos de metanfetamina en Veracruz; su destino era Camer\u00fan - Fuentes Fidedignas\",\"isPartOf\":{\"@id\":\"https:\\\/\\\/fuentesfidedignas.com.mx\\\/#website\"},\"primaryImageOfPage\":{\"@id\":\"https:\\\/\\\/fuentesfidedignas.com.mx\\\/index.php\\\/2024\\\/12\\\/02\\\/aseguran-290-kilos-de-metanfetamina-en-veracruz-su-destino-era-camerun\\\/#primaryimage\"},\"image\":{\"@id\":\"https:\\\/\\\/fuentesfidedignas.com.mx\\\/index.php\\\/2024\\\/12\\\/02\\\/aseguran-290-kilos-de-metanfetamina-en-veracruz-su-destino-era-camerun\\\/#primaryimage\"},\"thumbnailUrl\":\"https:\\\/\\\/fuentesfidedignas.com.mx\\\/wp-content\\\/uploads\\\/2024\\\/12\\\/decomiso_drogas.jpg\",\"datePublished\":\"2024-12-02T23:28:00+00:00\",\"dateModified\":\"2024-12-03T00:51:36+00:00\",\"breadcrumb\":{\"@id\":\"https:\\\/\\\/fuentesfidedignas.com.mx\\\/index.php\\\/2024\\\/12\\\/02\\\/aseguran-290-kilos-de-metanfetamina-en-veracruz-su-destino-era-camerun\\\/#breadcrumb\"},\"inLanguage\":\"es\",\"potentialAction\":[{\"@type\":\"ReadAction\",\"target\":[\"https:\\\/\\\/fuentesfidedignas.com.mx\\\/index.php\\\/2024\\\/12\\\/02\\\/aseguran-290-kilos-de-metanfetamina-en-veracruz-su-destino-era-camerun\\\/\"]}]},{\"@type\":\"ImageObject\",\"inLanguage\":\"es\",\"@id\":\"https:\\\/\\\/fuentesfidedignas.com.mx\\\/index.php\\\/2024\\\/12\\\/02\\\/aseguran-290-kilos-de-metanfetamina-en-veracruz-su-destino-era-camerun\\\/#primaryimage\",\"url\":\"https:\\\/\\\/fuentesfidedignas.com.mx\\\/wp-content\\\/uploads\\\/2024\\\/12\\\/decomiso_drogas.jpg\",\"contentUrl\":\"https:\\\/\\\/fuentesfidedignas.com.mx\\\/wp-content\\\/uploads\\\/2024\\\/12\\\/decomiso_drogas.jpg\",\"width\":650,\"height\":327},{\"@type\":\"BreadcrumbList\",\"@id\":\"https:\\\/\\\/fuentesfidedignas.com.mx\\\/index.php\\\/2024\\\/12\\\/02\\\/aseguran-290-kilos-de-metanfetamina-en-veracruz-su-destino-era-camerun\\\/#breadcrumb\",\"itemListElement\":[{\"@type\":\"ListItem\",\"position\":1,\"name\":\"Inicio\",\"item\":\"https:\\\/\\\/fuentesfidedignas.com.mx\\\/\"},{\"@type\":\"ListItem\",\"position\":2,\"name\":\"Aseguran 290 kilos de metanfetamina en Veracruz; su destino era Camer\u00fan\"}]},{\"@type\":\"WebSite\",\"@id\":\"https:\\\/\\\/fuentesfidedignas.com.mx\\\/#website\",\"url\":\"https:\\\/\\\/fuentesfidedignas.com.mx\\\/\",\"name\":\"Fuentes Fidedignas\",\"description\":\"Otro sitio realizado con WordPress\",\"publisher\":{\"@id\":\"https:\\\/\\\/fuentesfidedignas.com.mx\\\/#organization\"},\"potentialAction\":[{\"@type\":\"SearchAction\",\"target\":{\"@type\":\"EntryPoint\",\"urlTemplate\":\"https:\\\/\\\/fuentesfidedignas.com.mx\\\/?s={search_term_string}\"},\"query-input\":{\"@type\":\"PropertyValueSpecification\",\"valueRequired\":true,\"valueName\":\"search_term_string\"}}],\"inLanguage\":\"es\"},{\"@type\":\"Organization\",\"@id\":\"https:\\\/\\\/fuentesfidedignas.com.mx\\\/#organization\",\"name\":\"Fuentes Fidedignas\",\"url\":\"https:\\\/\\\/fuentesfidedignas.com.mx\\\/\",\"logo\":{\"@type\":\"ImageObject\",\"inLanguage\":\"es\",\"@id\":\"https:\\\/\\\/fuentesfidedignas.com.mx\\\/#\\\/schema\\\/logo\\\/image\\\/\",\"url\":\"https:\\\/\\\/fuentesfidedignas.com.mx\\\/wp-content\\\/uploads\\\/2021\\\/04\\\/logo-retina.png\",\"contentUrl\":\"https:\\\/\\\/fuentesfidedignas.com.mx\\\/wp-content\\\/uploads\\\/2021\\\/04\\\/logo-retina.png\",\"width\":280,\"height\":51,\"caption\":\"Fuentes Fidedignas\"},\"image\":{\"@id\":\"https:\\\/\\\/fuentesfidedignas.com.mx\\\/#\\\/schema\\\/logo\\\/image\\\/\"},\"sameAs\":[\"https:\\\/\\\/www.facebook.com\\\/Fuentes-Fidedignas-368234489921644\",\"https:\\\/\\\/x.com\\\/fidedignas\"]},{\"@type\":\"Person\",\"@id\":\"https:\\\/\\\/fuentesfidedignas.com.mx\\\/#\\\/schema\\\/person\\\/67d852f0557c8509146a4b9ddebd543a\",\"name\":\"L\u00f3pez D\u00f3riga\",\"image\":{\"@type\":\"ImageObject\",\"inLanguage\":\"es\",\"@id\":\"https:\\\/\\\/secure.gravatar.com\\\/avatar\\\/e525b06574ca18b33cded59dfe5778d6c823b9513154eff47da551b0551bdd1e?s=96&d=mm&r=g\",\"url\":\"https:\\\/\\\/secure.gravatar.com\\\/avatar\\\/e525b06574ca18b33cded59dfe5778d6c823b9513154eff47da551b0551bdd1e?s=96&d=mm&r=g\",\"contentUrl\":\"https:\\\/\\\/secure.gravatar.com\\\/avatar\\\/e525b06574ca18b33cded59dfe5778d6c823b9513154eff47da551b0551bdd1e?s=96&d=mm&r=g\",\"caption\":\"L\u00f3pez D\u00f3riga\"},\"url\":\"https:\\\/\\\/fuentesfidedignas.com.mx\\\/index.php\\\/author\\\/doriga\\\/\"}]}<\/script>\n<!-- \/ Yoast SEO plugin. -->","yoast_head_json":{"title":"Aseguran 290 kilos de metanfetamina en Veracruz; su destino era Camer\u00fan - Fuentes Fidedignas","robots":{"index":"index","follow":"follow","max-snippet":"max-snippet:-1","max-image-preview":"max-image-preview:large","max-video-preview":"max-video-preview:-1"},"canonical":"https:\/\/fuentesfidedignas.com.mx\/index.php\/2024\/12\/02\/aseguran-290-kilos-de-metanfetamina-en-veracruz-su-destino-era-camerun\/","og_locale":"es_MX","og_type":"article","og_title":"Aseguran 290 kilos de metanfetamina en Veracruz; su destino era Camer\u00fan - Fuentes Fidedignas","og_description":"En la aduana del puerto fueron asegurados 3 mil 840 rollos de pel\u00edcula pl\u00e1stica emplayada, que conten\u00edan 592 bolsas de metanfetamina La Fiscal\u00eda General de la Rep\u00fablica (FGR), en colaboraci\u00f3n con la Secretar\u00eda de Marina (Marina), asegur\u00f3 290 kilos de metanfetamina en la aduana del puerto de Veracruz, droga que ten\u00edan como destino Camer\u00fan. En [&hellip;]","og_url":"https:\/\/fuentesfidedignas.com.mx\/index.php\/2024\/12\/02\/aseguran-290-kilos-de-metanfetamina-en-veracruz-su-destino-era-camerun\/","og_site_name":"Fuentes Fidedignas","article_publisher":"https:\/\/www.facebook.com\/Fuentes-Fidedignas-368234489921644","article_published_time":"2024-12-02T23:28:00+00:00","article_modified_time":"2024-12-03T00:51:36+00:00","og_image":[{"width":650,"height":327,"url":"https:\/\/fuentesfidedignas.com.mx\/wp-content\/uploads\/2024\/12\/decomiso_drogas.jpg","type":"image\/jpeg"}],"author":"L\u00f3pez D\u00f3riga","twitter_card":"summary_large_image","twitter_creator":"@fidedignas","twitter_site":"@fidedignas","twitter_misc":{"Escrito por":"L\u00f3pez D\u00f3riga","Tiempo de lectura":"2 minutos"},"schema":{"@context":"https:\/\/schema.org","@graph":[{"@type":"Article","@id":"https:\/\/fuentesfidedignas.com.mx\/index.php\/2024\/12\/02\/aseguran-290-kilos-de-metanfetamina-en-veracruz-su-destino-era-camerun\/#article","isPartOf":{"@id":"https:\/\/fuentesfidedignas.com.mx\/index.php\/2024\/12\/02\/aseguran-290-kilos-de-metanfetamina-en-veracruz-su-destino-era-camerun\/"},"author":{"name":"L\u00f3pez D\u00f3riga","@id":"https:\/\/fuentesfidedignas.com.mx\/#\/schema\/person\/67d852f0557c8509146a4b9ddebd543a"},"headline":"Aseguran 290 kilos de metanfetamina en Veracruz; su destino era Camer\u00fan","datePublished":"2024-12-02T23:28:00+00:00","dateModified":"2024-12-03T00:51:36+00:00","mainEntityOfPage":{"@id":"https:\/\/fuentesfidedignas.com.mx\/index.php\/2024\/12\/02\/aseguran-290-kilos-de-metanfetamina-en-veracruz-su-destino-era-camerun\/"},"wordCount":208,"commentCount":0,"publisher":{"@id":"https:\/\/fuentesfidedignas.com.mx\/#organization"},"image":{"@id":"https:\/\/fuentesfidedignas.com.mx\/index.php\/2024\/12\/02\/aseguran-290-kilos-de-metanfetamina-en-veracruz-su-destino-era-camerun\/#primaryimage"},"thumbnailUrl":"https:\/\/fuentesfidedignas.com.mx\/wp-content\/uploads\/2024\/12\/decomiso_drogas.jpg","articleSection":["NOTICIAS NACIONALES"],"inLanguage":"es","potentialAction":[{"@type":"CommentAction","name":"Comment","target":["https:\/\/fuentesfidedignas.com.mx\/index.php\/2024\/12\/02\/aseguran-290-kilos-de-metanfetamina-en-veracruz-su-destino-era-camerun\/#respond"]}]},{"@type":"WebPage","@id":"https:\/\/fuentesfidedignas.com.mx\/index.php\/2024\/12\/02\/aseguran-290-kilos-de-metanfetamina-en-veracruz-su-destino-era-camerun\/","url":"https:\/\/fuentesfidedignas.com.mx\/index.php\/2024\/12\/02\/aseguran-290-kilos-de-metanfetamina-en-veracruz-su-destino-era-camerun\/","name":"Aseguran 290 kilos de metanfetamina en Veracruz; su destino era Camer\u00fan - Fuentes Fidedignas","isPartOf":{"@id":"https:\/\/fuentesfidedignas.com.mx\/#website"},"primaryImageOfPage":{"@id":"https:\/\/fuentesfidedignas.com.mx\/index.php\/2024\/12\/02\/aseguran-290-kilos-de-metanfetamina-en-veracruz-su-destino-era-camerun\/#primaryimage"},"image":{"@id":"https:\/\/fuentesfidedignas.com.mx\/index.php\/2024\/12\/02\/aseguran-290-kilos-de-metanfetamina-en-veracruz-su-destino-era-camerun\/#primaryimage"},"thumbnailUrl":"https:\/\/fuentesfidedignas.com.mx\/wp-content\/uploads\/2024\/12\/decomiso_drogas.jpg","datePublished":"2024-12-02T23:28:00+00:00","dateModified":"2024-12-03T00:51:36+00:00","breadcrumb":{"@id":"https:\/\/fuentesfidedignas.com.mx\/index.php\/2024\/12\/02\/aseguran-290-kilos-de-metanfetamina-en-veracruz-su-destino-era-camerun\/#breadcrumb"},"inLanguage":"es","potentialAction":[{"@type":"ReadAction","target":["https:\/\/fuentesfidedignas.com.mx\/index.php\/2024\/12\/02\/aseguran-290-kilos-de-metanfetamina-en-veracruz-su-destino-era-camerun\/"]}]},{"@type":"ImageObject","inLanguage":"es","@id":"https:\/\/fuentesfidedignas.com.mx\/index.php\/2024\/12\/02\/aseguran-290-kilos-de-metanfetamina-en-veracruz-su-destino-era-camerun\/#primaryimage","url":"https:\/\/fuentesfidedignas.com.mx\/wp-content\/uploads\/2024\/12\/decomiso_drogas.jpg","contentUrl":"https:\/\/fuentesfidedignas.com.mx\/wp-content\/uploads\/2024\/12\/decomiso_drogas.jpg","width":650,"height":327},{"@type":"BreadcrumbList","@id":"https:\/\/fuentesfidedignas.com.mx\/index.php\/2024\/12\/02\/aseguran-290-kilos-de-metanfetamina-en-veracruz-su-destino-era-camerun\/#breadcrumb","itemListElement":[{"@type":"ListItem","position":1,"name":"Inicio","item":"https:\/\/fuentesfidedignas.com.mx\/"},{"@type":"ListItem","position":2,"name":"Aseguran 290 kilos de metanfetamina en Veracruz; su destino era Camer\u00fan"}]},{"@type":"WebSite","@id":"https:\/\/fuentesfidedignas.com.mx\/#website","url":"https:\/\/fuentesfidedignas.com.mx\/","name":"Fuentes Fidedignas","description":"Otro sitio realizado con WordPress","publisher":{"@id":"https:\/\/fuentesfidedignas.com.mx\/#organization"},"potentialAction":[{"@type":"SearchAction","target":{"@type":"EntryPoint","urlTemplate":"https:\/\/fuentesfidedignas.com.mx\/?s={search_term_string}"},"query-input":{"@type":"PropertyValueSpecification","valueRequired":true,"valueName":"search_term_string"}}],"inLanguage":"es"},{"@type":"Organization","@id":"https:\/\/fuentesfidedignas.com.mx\/#organization","name":"Fuentes Fidedignas","url":"https:\/\/fuentesfidedignas.com.mx\/","logo":{"@type":"ImageObject","inLanguage":"es","@id":"https:\/\/fuentesfidedignas.com.mx\/#\/schema\/logo\/image\/","url":"https:\/\/fuentesfidedignas.com.mx\/wp-content\/uploads\/2021\/04\/logo-retina.png","contentUrl":"https:\/\/fuentesfidedignas.com.mx\/wp-content\/uploads\/2021\/04\/logo-retina.png","width":280,"height":51,"caption":"Fuentes Fidedignas"},"image":{"@id":"https:\/\/fuentesfidedignas.com.mx\/#\/schema\/logo\/image\/"},"sameAs":["https:\/\/www.facebook.com\/Fuentes-Fidedignas-368234489921644","https:\/\/x.com\/fidedignas"]},{"@type":"Person","@id":"https:\/\/fuentesfidedignas.com.mx\/#\/schema\/person\/67d852f0557c8509146a4b9ddebd543a","name":"L\u00f3pez D\u00f3riga","image":{"@type":"ImageObject","inLanguage":"es","@id":"https:\/\/secure.gravatar.com\/avatar\/e525b06574ca18b33cded59dfe5778d6c823b9513154eff47da551b0551bdd1e?s=96&d=mm&r=g","url":"https:\/\/secure.gravatar.com\/avatar\/e525b06574ca18b33cded59dfe5778d6c823b9513154eff47da551b0551bdd1e?s=96&d=mm&r=g","contentUrl":"https:\/\/secure.gravatar.com\/avatar\/e525b06574ca18b33cded59dfe5778d6c823b9513154eff47da551b0551bdd1e?s=96&d=mm&r=g","caption":"L\u00f3pez D\u00f3riga"},"url":"https:\/\/fuentesfidedignas.com.mx\/index.php\/author\/doriga\/"}]}},"_links":{"self":[{"href":"https:\/\/fuentesfidedignas.com.mx\/index.php\/wp-json\/wp\/v2\/posts\/96636","targetHints":{"allow":["GET"]}}],"collection":[{"href":"https:\/\/fuentesfidedignas.com.mx\/index.php\/wp-json\/wp\/v2\/posts"}],"about":[{"href":"https:\/\/fuentesfidedignas.com.mx\/index.php\/wp-json\/wp\/v2\/types\/post"}],"author":[{"embeddable":true,"href":"https:\/\/fuentesfidedignas.com.mx\/index.php\/wp-json\/wp\/v2\/users\/47"}],"replies":[{"embeddable":true,"href":"https:\/\/fuentesfidedignas.com.mx\/index.php\/wp-json\/wp\/v2\/comments?post=96636"}],"version-history":[{"count":1,"href":"https:\/\/fuentesfidedignas.com.mx\/index.php\/wp-json\/wp\/v2\/posts\/96636\/revisions"}],"predecessor-version":[{"id":96638,"href":"https:\/\/fuentesfidedignas.com.mx\/index.php\/wp-json\/wp\/v2\/posts\/96636\/revisions\/96638"}],"wp:featuredmedia":[{"embeddable":true,"href":"https:\/\/fuentesfidedignas.com.mx\/index.php\/wp-json\/wp\/v2\/media\/96637"}],"wp:attachment":[{"href":"https:\/\/fuentesfidedignas.com.mx\/index.php\/wp-json\/wp\/v2\/media?parent=96636"}],"wp:term":[{"taxonomy":"category","embeddable":true,"href":"https:\/\/fuentesfidedignas.com.mx\/index.php\/wp-json\/wp\/v2\/categories?post=96636"},{"taxonomy":"post_tag","embeddable":true,"href":"https:\/\/fuentesfidedignas.com.mx\/index.php\/wp-json\/wp\/v2\/tags?post=96636"}],"curies":[{"name":"wp","href":"https:\/\/api.w.org\/{rel}","templated":true}]}}