{"id":96495,"date":"2024-11-30T13:48:33","date_gmt":"2024-11-30T20:48:33","guid":{"rendered":"https:\/\/fuentesfidedignas.com.mx\/?p=96495"},"modified":"2024-11-30T13:48:35","modified_gmt":"2024-11-30T20:48:35","slug":"estudiante-ataca-a-dos-alumnos-en-preparatoria-de-guadalajara-fue-detenido","status":"publish","type":"post","link":"https:\/\/fuentesfidedignas.com.mx\/index.php\/2024\/11\/30\/estudiante-ataca-a-dos-alumnos-en-preparatoria-de-guadalajara-fue-detenido\/","title":{"rendered":"Estudiante ataca a dos alumnos en preparatoria de Guadalajara; fue detenido"},"content":{"rendered":"\n<p><strong><em>El joven presuntamente dio aviso horas antes en la plataforma X que cometer\u00eda una masacre<\/em><\/strong><\/p>\n\n\n\n<p>Un joven agredi\u00f3 con un martillo a dos compa\u00f1eros al interior de la preparatoria San Andr\u00e9s ubicada sobre avenida Circunvalaci\u00f3n Oblatos en el municipio de Guadalajara.<\/p>\n\n\n\n<p>\u201cEmpezamos apenas el curso en octubre, y ven\u00eda , nada m\u00e1s que no participaba , nada solo se alejaba de todos y sentaba hasta atr\u00e1s\u201d, dijo un testigo.<\/p>\n\n\n\n<p>Estudiantes de la Preparatoria Privada San Andr\u00e9s ubicada sobre Circunvalaci\u00f3n Oblatos al cruce con la calle Puerto Real, en el municipio de Guadalajara, vivieron una aut\u00e9ntica pesadilla.<\/p>\n\n\n\n<p><strong>\u00bfC\u00f3mo fue el ataque en la preparatoria San Andr\u00e9s?<\/strong><br>Alrededor de las 11:00 horas de este s\u00e1bado mientras realizaban una actividad al interior de su aula de clases, un alumno se levant\u00f3 de su lugar ubicado en la parte trasera del sal\u00f3n y con un martillo golpe\u00f3 a dos de sus compa\u00f1eros sin mediar palabra.<\/p>\n\n\n\n<p>\u201c No pues todo pas\u00f3 yo creo que en un abrir y cerrar de ojos, nada m\u00e1s vimos que saco algo de su mochila, no sabemos si primero solt\u00f3 un golpe ya como pudimos nos jalamos entre nosotros, volteamos y ya lo ten\u00edan sometido, fue cuando regresamos y le quitamos las cosas, si desde que inici\u00f3 el curso ven\u00eda con nosotros, pero muy callado, no hablaba y siempre se sentaba hasta el final, est\u00e1bamos haciendo una actividad.\u201d, dijo el testigo.<\/p>\n\n\n\n<figure class=\"wp-block-embed is-type-rich is-provider-twitter wp-block-embed-twitter\"><div class=\"wp-block-embed__wrapper\">\n<blockquote class=\"twitter-tweet\" data-width=\"550\" data-dnt=\"true\"><p lang=\"es\" dir=\"ltr\">Fiscal\u00eda informa de la agresi\u00f3n ocurrida hace unos minutos en una preparatoria particular el agresor se encuentra detenido, la informaci\u00f3n se estar\u00e1 actualizando por los canales oficiales. <a href=\"https:\/\/t.co\/P3lp3Cr8oE\">pic.twitter.com\/P3lp3Cr8oE<\/a><\/p>&mdash; Fiscal\u00eda del Estado de Jalisco (@FiscaliaJal) <a href=\"https:\/\/twitter.com\/FiscaliaJal\/status\/1862930283554599060?ref_src=twsrc%5Etfw\">November 30, 2024<\/a><\/blockquote><script async src=\"https:\/\/platform.twitter.com\/widgets.js\" charset=\"utf-8\"><\/script>\n<\/div><\/figure>\n\n\n\n<p>Ante esto de inmediato se alert\u00f3 a las autoridades, quienes al llegar aseguraron al agresor quien por cierto es menor de edad y pidieron el apoyo de los servicios m\u00e9dicos, pues se ten\u00eda a 2 estudiantes lesionados, quienes hab\u00edan sido golpeados con un martillo en la cabeza.<\/p>\n\n\n\n<p>\u201cA nosotros nos lleg\u00f3 un reporte a C5 Guadalajara donde nos mencionaba que en un centro educativo particular, a dos alumnos lesionados por contundentes ocasionados por un mismo estudiante del plantel. El motivo por el cual personal de esta comisar\u00eda acude inmediatamente lugar y efectivamente se tienen dos estudiantes de la preparatoria con contundentes en el cr\u00e1neo y se tiene asegurado al masculino causante\u201d, dijo el comandante de la Polic\u00eda de Guadalajara, Israel Guerra.<\/p>\n\n\n\n<p><strong>\u00bfQu\u00e9 se sabe del atacante en la preparatoria de Guadalajara?<\/strong><br>Tras la detenci\u00f3n se le decomis\u00f3 un martillo, una arma blanca , unas pinzas de corte y tambi\u00e9n ten\u00eda en su poder una botella de alcohol.<\/p>\n\n\n\n<p>Al lugar tambi\u00e9n arrib\u00f3 el padre de uno de los dos estudiantes lesionados quien fue notificado de la agresi\u00f3n, quien refiri\u00f3 que su hijo ingres\u00f3 en octubre a estudiar, tiene 27 a\u00f1os y combina la prepa abierta con un trabajo.<\/p>\n\n\n\n<p>\u201cPara decirme que a mi hijo lo hab\u00edan agredido con un martillo en el sal\u00f3n de clases, estaban en clases todos y yo me dej\u00e9 venir y ya est\u00e1n aqu\u00ed las patrullas y cuentan que al agresor lo tienen detenido aqu\u00ed, pero no dejan pasar, est\u00e1 restringido el \u00e1rea.\u201d, coment\u00f3 el se\u00f1or Ignacio.<\/p>\n\n\n\n<p>Del agresor los alumnos de este plantel manifestaron que aparentemente formaba parte de una secta, pues incluso antes de realizar el ataque comenz\u00f3 a transmitir en vivo desde una plataforma de internet<\/p>\n\n\n\n<p>En su presunto perfil de X advert\u00eda en d\u00edas anteriores sobre una masacre que consumar\u00eda en el plantel escolar .<\/p>\n\n\n\n<p>La Fiscal\u00eda de Jalisco se hizo cargo de la detenci\u00f3n y tambi\u00e9n de las investigaciones correspondientes.<\/p>\n","protected":false},"excerpt":{"rendered":"<p>El joven presuntamente dio aviso horas antes en la plataforma X que cometer\u00eda una masacre Un joven agredi\u00f3 con un martillo a dos compa\u00f1eros al interior de la preparatoria San Andr\u00e9s ubicada sobre avenida Circunvalaci\u00f3n Oblatos en el municipio de Guadalajara. \u201cEmpezamos apenas el curso en octubre, y ven\u00eda , nada m\u00e1s que no participaba [&hellip;]<\/p>\n","protected":false},"author":9,"featured_media":96496,"comment_status":"open","ping_status":"open","sticky":false,"template":"","format":"standard","meta":{"tdm_status":"","tdm_grid_status":"","footnotes":""},"categories":[39],"tags":[],"class_list":{"0":"post-96495","1":"post","2":"type-post","3":"status-publish","4":"format-standard","5":"has-post-thumbnail","7":"category-noticias-nacionales"},"yoast_head":"<!-- This site is optimized with the Yoast SEO plugin v27.5 - https:\/\/yoast.com\/product\/yoast-seo-wordpress\/ -->\n<title>Estudiante ataca a dos alumnos en preparatoria de Guadalajara; fue detenido - Fuentes Fidedignas<\/title>\n<meta name=\"robots\" content=\"index, follow, max-snippet:-1, max-image-preview:large, max-video-preview:-1\" \/>\n<link rel=\"canonical\" href=\"https:\/\/fuentesfidedignas.com.mx\/index.php\/2024\/11\/30\/estudiante-ataca-a-dos-alumnos-en-preparatoria-de-guadalajara-fue-detenido\/\" \/>\n<meta property=\"og:locale\" content=\"es_MX\" \/>\n<meta property=\"og:type\" content=\"article\" \/>\n<meta property=\"og:title\" content=\"Estudiante ataca a dos alumnos en preparatoria de Guadalajara; fue detenido - Fuentes Fidedignas\" \/>\n<meta property=\"og:description\" content=\"El joven presuntamente dio aviso horas antes en la plataforma X que cometer\u00eda una masacre Un joven agredi\u00f3 con un martillo a dos compa\u00f1eros al interior de la preparatoria San Andr\u00e9s ubicada sobre avenida Circunvalaci\u00f3n Oblatos en el municipio de Guadalajara. \u201cEmpezamos apenas el curso en octubre, y ven\u00eda , nada m\u00e1s que no participaba [&hellip;]\" \/>\n<meta property=\"og:url\" content=\"https:\/\/fuentesfidedignas.com.mx\/index.php\/2024\/11\/30\/estudiante-ataca-a-dos-alumnos-en-preparatoria-de-guadalajara-fue-detenido\/\" \/>\n<meta property=\"og:site_name\" content=\"Fuentes Fidedignas\" \/>\n<meta property=\"article:publisher\" content=\"https:\/\/www.facebook.com\/Fuentes-Fidedignas-368234489921644\" \/>\n<meta property=\"article:published_time\" content=\"2024-11-30T20:48:33+00:00\" \/>\n<meta property=\"article:modified_time\" content=\"2024-11-30T20:48:35+00:00\" \/>\n<meta property=\"og:image\" content=\"https:\/\/fuentesfidedignas.com.mx\/wp-content\/uploads\/2024\/11\/ataque_prepa_jal.jpg\" \/>\n\t<meta property=\"og:image:width\" content=\"600\" \/>\n\t<meta property=\"og:image:height\" content=\"337\" \/>\n\t<meta property=\"og:image:type\" content=\"image\/jpeg\" \/>\n<meta name=\"author\" content=\"Milenio\" \/>\n<meta name=\"twitter:card\" content=\"summary_large_image\" \/>\n<meta name=\"twitter:creator\" content=\"@fidedignas\" \/>\n<meta name=\"twitter:site\" content=\"@fidedignas\" \/>\n<meta name=\"twitter:label1\" content=\"Escrito por\" \/>\n\t<meta name=\"twitter:data1\" content=\"Milenio\" \/>\n\t<meta name=\"twitter:label2\" content=\"Tiempo de lectura\" \/>\n\t<meta name=\"twitter:data2\" content=\"3 minutos\" \/>\n<script type=\"application\/ld+json\" class=\"yoast-schema-graph\">{\"@context\":\"https:\\\/\\\/schema.org\",\"@graph\":[{\"@type\":\"Article\",\"@id\":\"https:\\\/\\\/fuentesfidedignas.com.mx\\\/index.php\\\/2024\\\/11\\\/30\\\/estudiante-ataca-a-dos-alumnos-en-preparatoria-de-guadalajara-fue-detenido\\\/#article\",\"isPartOf\":{\"@id\":\"https:\\\/\\\/fuentesfidedignas.com.mx\\\/index.php\\\/2024\\\/11\\\/30\\\/estudiante-ataca-a-dos-alumnos-en-preparatoria-de-guadalajara-fue-detenido\\\/\"},\"author\":{\"name\":\"Milenio\",\"@id\":\"https:\\\/\\\/fuentesfidedignas.com.mx\\\/#\\\/schema\\\/person\\\/47ec0135738f4b0c7495f06a77a2c976\"},\"headline\":\"Estudiante ataca a dos alumnos en preparatoria de Guadalajara; fue detenido\",\"datePublished\":\"2024-11-30T20:48:33+00:00\",\"dateModified\":\"2024-11-30T20:48:35+00:00\",\"mainEntityOfPage\":{\"@id\":\"https:\\\/\\\/fuentesfidedignas.com.mx\\\/index.php\\\/2024\\\/11\\\/30\\\/estudiante-ataca-a-dos-alumnos-en-preparatoria-de-guadalajara-fue-detenido\\\/\"},\"wordCount\":598,\"commentCount\":0,\"publisher\":{\"@id\":\"https:\\\/\\\/fuentesfidedignas.com.mx\\\/#organization\"},\"image\":{\"@id\":\"https:\\\/\\\/fuentesfidedignas.com.mx\\\/index.php\\\/2024\\\/11\\\/30\\\/estudiante-ataca-a-dos-alumnos-en-preparatoria-de-guadalajara-fue-detenido\\\/#primaryimage\"},\"thumbnailUrl\":\"https:\\\/\\\/fuentesfidedignas.com.mx\\\/wp-content\\\/uploads\\\/2024\\\/11\\\/ataque_prepa_jal.jpg\",\"articleSection\":[\"NOTICIAS NACIONALES\"],\"inLanguage\":\"es\",\"potentialAction\":[{\"@type\":\"CommentAction\",\"name\":\"Comment\",\"target\":[\"https:\\\/\\\/fuentesfidedignas.com.mx\\\/index.php\\\/2024\\\/11\\\/30\\\/estudiante-ataca-a-dos-alumnos-en-preparatoria-de-guadalajara-fue-detenido\\\/#respond\"]}]},{\"@type\":\"WebPage\",\"@id\":\"https:\\\/\\\/fuentesfidedignas.com.mx\\\/index.php\\\/2024\\\/11\\\/30\\\/estudiante-ataca-a-dos-alumnos-en-preparatoria-de-guadalajara-fue-detenido\\\/\",\"url\":\"https:\\\/\\\/fuentesfidedignas.com.mx\\\/index.php\\\/2024\\\/11\\\/30\\\/estudiante-ataca-a-dos-alumnos-en-preparatoria-de-guadalajara-fue-detenido\\\/\",\"name\":\"Estudiante ataca a dos alumnos en preparatoria de Guadalajara; fue detenido - Fuentes Fidedignas\",\"isPartOf\":{\"@id\":\"https:\\\/\\\/fuentesfidedignas.com.mx\\\/#website\"},\"primaryImageOfPage\":{\"@id\":\"https:\\\/\\\/fuentesfidedignas.com.mx\\\/index.php\\\/2024\\\/11\\\/30\\\/estudiante-ataca-a-dos-alumnos-en-preparatoria-de-guadalajara-fue-detenido\\\/#primaryimage\"},\"image\":{\"@id\":\"https:\\\/\\\/fuentesfidedignas.com.mx\\\/index.php\\\/2024\\\/11\\\/30\\\/estudiante-ataca-a-dos-alumnos-en-preparatoria-de-guadalajara-fue-detenido\\\/#primaryimage\"},\"thumbnailUrl\":\"https:\\\/\\\/fuentesfidedignas.com.mx\\\/wp-content\\\/uploads\\\/2024\\\/11\\\/ataque_prepa_jal.jpg\",\"datePublished\":\"2024-11-30T20:48:33+00:00\",\"dateModified\":\"2024-11-30T20:48:35+00:00\",\"breadcrumb\":{\"@id\":\"https:\\\/\\\/fuentesfidedignas.com.mx\\\/index.php\\\/2024\\\/11\\\/30\\\/estudiante-ataca-a-dos-alumnos-en-preparatoria-de-guadalajara-fue-detenido\\\/#breadcrumb\"},\"inLanguage\":\"es\",\"potentialAction\":[{\"@type\":\"ReadAction\",\"target\":[\"https:\\\/\\\/fuentesfidedignas.com.mx\\\/index.php\\\/2024\\\/11\\\/30\\\/estudiante-ataca-a-dos-alumnos-en-preparatoria-de-guadalajara-fue-detenido\\\/\"]}]},{\"@type\":\"ImageObject\",\"inLanguage\":\"es\",\"@id\":\"https:\\\/\\\/fuentesfidedignas.com.mx\\\/index.php\\\/2024\\\/11\\\/30\\\/estudiante-ataca-a-dos-alumnos-en-preparatoria-de-guadalajara-fue-detenido\\\/#primaryimage\",\"url\":\"https:\\\/\\\/fuentesfidedignas.com.mx\\\/wp-content\\\/uploads\\\/2024\\\/11\\\/ataque_prepa_jal.jpg\",\"contentUrl\":\"https:\\\/\\\/fuentesfidedignas.com.mx\\\/wp-content\\\/uploads\\\/2024\\\/11\\\/ataque_prepa_jal.jpg\",\"width\":600,\"height\":337},{\"@type\":\"BreadcrumbList\",\"@id\":\"https:\\\/\\\/fuentesfidedignas.com.mx\\\/index.php\\\/2024\\\/11\\\/30\\\/estudiante-ataca-a-dos-alumnos-en-preparatoria-de-guadalajara-fue-detenido\\\/#breadcrumb\",\"itemListElement\":[{\"@type\":\"ListItem\",\"position\":1,\"name\":\"Inicio\",\"item\":\"https:\\\/\\\/fuentesfidedignas.com.mx\\\/\"},{\"@type\":\"ListItem\",\"position\":2,\"name\":\"Estudiante ataca a dos alumnos en preparatoria de Guadalajara; fue detenido\"}]},{\"@type\":\"WebSite\",\"@id\":\"https:\\\/\\\/fuentesfidedignas.com.mx\\\/#website\",\"url\":\"https:\\\/\\\/fuentesfidedignas.com.mx\\\/\",\"name\":\"Fuentes Fidedignas\",\"description\":\"Otro sitio realizado con WordPress\",\"publisher\":{\"@id\":\"https:\\\/\\\/fuentesfidedignas.com.mx\\\/#organization\"},\"potentialAction\":[{\"@type\":\"SearchAction\",\"target\":{\"@type\":\"EntryPoint\",\"urlTemplate\":\"https:\\\/\\\/fuentesfidedignas.com.mx\\\/?s={search_term_string}\"},\"query-input\":{\"@type\":\"PropertyValueSpecification\",\"valueRequired\":true,\"valueName\":\"search_term_string\"}}],\"inLanguage\":\"es\"},{\"@type\":\"Organization\",\"@id\":\"https:\\\/\\\/fuentesfidedignas.com.mx\\\/#organization\",\"name\":\"Fuentes Fidedignas\",\"url\":\"https:\\\/\\\/fuentesfidedignas.com.mx\\\/\",\"logo\":{\"@type\":\"ImageObject\",\"inLanguage\":\"es\",\"@id\":\"https:\\\/\\\/fuentesfidedignas.com.mx\\\/#\\\/schema\\\/logo\\\/image\\\/\",\"url\":\"https:\\\/\\\/fuentesfidedignas.com.mx\\\/wp-content\\\/uploads\\\/2021\\\/04\\\/logo-retina.png\",\"contentUrl\":\"https:\\\/\\\/fuentesfidedignas.com.mx\\\/wp-content\\\/uploads\\\/2021\\\/04\\\/logo-retina.png\",\"width\":280,\"height\":51,\"caption\":\"Fuentes Fidedignas\"},\"image\":{\"@id\":\"https:\\\/\\\/fuentesfidedignas.com.mx\\\/#\\\/schema\\\/logo\\\/image\\\/\"},\"sameAs\":[\"https:\\\/\\\/www.facebook.com\\\/Fuentes-Fidedignas-368234489921644\",\"https:\\\/\\\/x.com\\\/fidedignas\"]},{\"@type\":\"Person\",\"@id\":\"https:\\\/\\\/fuentesfidedignas.com.mx\\\/#\\\/schema\\\/person\\\/47ec0135738f4b0c7495f06a77a2c976\",\"name\":\"Milenio\",\"image\":{\"@type\":\"ImageObject\",\"inLanguage\":\"es\",\"@id\":\"https:\\\/\\\/secure.gravatar.com\\\/avatar\\\/acabf7b54753e51c2c76457954577c236b3b764789b19879565769739d1e4a75?s=96&d=mm&r=g\",\"url\":\"https:\\\/\\\/secure.gravatar.com\\\/avatar\\\/acabf7b54753e51c2c76457954577c236b3b764789b19879565769739d1e4a75?s=96&d=mm&r=g\",\"contentUrl\":\"https:\\\/\\\/secure.gravatar.com\\\/avatar\\\/acabf7b54753e51c2c76457954577c236b3b764789b19879565769739d1e4a75?s=96&d=mm&r=g\",\"caption\":\"Milenio\"},\"url\":\"https:\\\/\\\/fuentesfidedignas.com.mx\\\/index.php\\\/author\\\/milenio\\\/\"}]}<\/script>\n<!-- \/ Yoast SEO plugin. -->","yoast_head_json":{"title":"Estudiante ataca a dos alumnos en preparatoria de Guadalajara; fue detenido - Fuentes Fidedignas","robots":{"index":"index","follow":"follow","max-snippet":"max-snippet:-1","max-image-preview":"max-image-preview:large","max-video-preview":"max-video-preview:-1"},"canonical":"https:\/\/fuentesfidedignas.com.mx\/index.php\/2024\/11\/30\/estudiante-ataca-a-dos-alumnos-en-preparatoria-de-guadalajara-fue-detenido\/","og_locale":"es_MX","og_type":"article","og_title":"Estudiante ataca a dos alumnos en preparatoria de Guadalajara; fue detenido - Fuentes Fidedignas","og_description":"El joven presuntamente dio aviso horas antes en la plataforma X que cometer\u00eda una masacre Un joven agredi\u00f3 con un martillo a dos compa\u00f1eros al interior de la preparatoria San Andr\u00e9s ubicada sobre avenida Circunvalaci\u00f3n Oblatos en el municipio de Guadalajara. \u201cEmpezamos apenas el curso en octubre, y ven\u00eda , nada m\u00e1s que no participaba [&hellip;]","og_url":"https:\/\/fuentesfidedignas.com.mx\/index.php\/2024\/11\/30\/estudiante-ataca-a-dos-alumnos-en-preparatoria-de-guadalajara-fue-detenido\/","og_site_name":"Fuentes Fidedignas","article_publisher":"https:\/\/www.facebook.com\/Fuentes-Fidedignas-368234489921644","article_published_time":"2024-11-30T20:48:33+00:00","article_modified_time":"2024-11-30T20:48:35+00:00","og_image":[{"width":600,"height":337,"url":"https:\/\/fuentesfidedignas.com.mx\/wp-content\/uploads\/2024\/11\/ataque_prepa_jal.jpg","type":"image\/jpeg"}],"author":"Milenio","twitter_card":"summary_large_image","twitter_creator":"@fidedignas","twitter_site":"@fidedignas","twitter_misc":{"Escrito por":"Milenio","Tiempo de lectura":"3 minutos"},"schema":{"@context":"https:\/\/schema.org","@graph":[{"@type":"Article","@id":"https:\/\/fuentesfidedignas.com.mx\/index.php\/2024\/11\/30\/estudiante-ataca-a-dos-alumnos-en-preparatoria-de-guadalajara-fue-detenido\/#article","isPartOf":{"@id":"https:\/\/fuentesfidedignas.com.mx\/index.php\/2024\/11\/30\/estudiante-ataca-a-dos-alumnos-en-preparatoria-de-guadalajara-fue-detenido\/"},"author":{"name":"Milenio","@id":"https:\/\/fuentesfidedignas.com.mx\/#\/schema\/person\/47ec0135738f4b0c7495f06a77a2c976"},"headline":"Estudiante ataca a dos alumnos en preparatoria de Guadalajara; fue detenido","datePublished":"2024-11-30T20:48:33+00:00","dateModified":"2024-11-30T20:48:35+00:00","mainEntityOfPage":{"@id":"https:\/\/fuentesfidedignas.com.mx\/index.php\/2024\/11\/30\/estudiante-ataca-a-dos-alumnos-en-preparatoria-de-guadalajara-fue-detenido\/"},"wordCount":598,"commentCount":0,"publisher":{"@id":"https:\/\/fuentesfidedignas.com.mx\/#organization"},"image":{"@id":"https:\/\/fuentesfidedignas.com.mx\/index.php\/2024\/11\/30\/estudiante-ataca-a-dos-alumnos-en-preparatoria-de-guadalajara-fue-detenido\/#primaryimage"},"thumbnailUrl":"https:\/\/fuentesfidedignas.com.mx\/wp-content\/uploads\/2024\/11\/ataque_prepa_jal.jpg","articleSection":["NOTICIAS NACIONALES"],"inLanguage":"es","potentialAction":[{"@type":"CommentAction","name":"Comment","target":["https:\/\/fuentesfidedignas.com.mx\/index.php\/2024\/11\/30\/estudiante-ataca-a-dos-alumnos-en-preparatoria-de-guadalajara-fue-detenido\/#respond"]}]},{"@type":"WebPage","@id":"https:\/\/fuentesfidedignas.com.mx\/index.php\/2024\/11\/30\/estudiante-ataca-a-dos-alumnos-en-preparatoria-de-guadalajara-fue-detenido\/","url":"https:\/\/fuentesfidedignas.com.mx\/index.php\/2024\/11\/30\/estudiante-ataca-a-dos-alumnos-en-preparatoria-de-guadalajara-fue-detenido\/","name":"Estudiante ataca a dos alumnos en preparatoria de Guadalajara; fue detenido - Fuentes Fidedignas","isPartOf":{"@id":"https:\/\/fuentesfidedignas.com.mx\/#website"},"primaryImageOfPage":{"@id":"https:\/\/fuentesfidedignas.com.mx\/index.php\/2024\/11\/30\/estudiante-ataca-a-dos-alumnos-en-preparatoria-de-guadalajara-fue-detenido\/#primaryimage"},"image":{"@id":"https:\/\/fuentesfidedignas.com.mx\/index.php\/2024\/11\/30\/estudiante-ataca-a-dos-alumnos-en-preparatoria-de-guadalajara-fue-detenido\/#primaryimage"},"thumbnailUrl":"https:\/\/fuentesfidedignas.com.mx\/wp-content\/uploads\/2024\/11\/ataque_prepa_jal.jpg","datePublished":"2024-11-30T20:48:33+00:00","dateModified":"2024-11-30T20:48:35+00:00","breadcrumb":{"@id":"https:\/\/fuentesfidedignas.com.mx\/index.php\/2024\/11\/30\/estudiante-ataca-a-dos-alumnos-en-preparatoria-de-guadalajara-fue-detenido\/#breadcrumb"},"inLanguage":"es","potentialAction":[{"@type":"ReadAction","target":["https:\/\/fuentesfidedignas.com.mx\/index.php\/2024\/11\/30\/estudiante-ataca-a-dos-alumnos-en-preparatoria-de-guadalajara-fue-detenido\/"]}]},{"@type":"ImageObject","inLanguage":"es","@id":"https:\/\/fuentesfidedignas.com.mx\/index.php\/2024\/11\/30\/estudiante-ataca-a-dos-alumnos-en-preparatoria-de-guadalajara-fue-detenido\/#primaryimage","url":"https:\/\/fuentesfidedignas.com.mx\/wp-content\/uploads\/2024\/11\/ataque_prepa_jal.jpg","contentUrl":"https:\/\/fuentesfidedignas.com.mx\/wp-content\/uploads\/2024\/11\/ataque_prepa_jal.jpg","width":600,"height":337},{"@type":"BreadcrumbList","@id":"https:\/\/fuentesfidedignas.com.mx\/index.php\/2024\/11\/30\/estudiante-ataca-a-dos-alumnos-en-preparatoria-de-guadalajara-fue-detenido\/#breadcrumb","itemListElement":[{"@type":"ListItem","position":1,"name":"Inicio","item":"https:\/\/fuentesfidedignas.com.mx\/"},{"@type":"ListItem","position":2,"name":"Estudiante ataca a dos alumnos en preparatoria de Guadalajara; fue detenido"}]},{"@type":"WebSite","@id":"https:\/\/fuentesfidedignas.com.mx\/#website","url":"https:\/\/fuentesfidedignas.com.mx\/","name":"Fuentes Fidedignas","description":"Otro sitio realizado con WordPress","publisher":{"@id":"https:\/\/fuentesfidedignas.com.mx\/#organization"},"potentialAction":[{"@type":"SearchAction","target":{"@type":"EntryPoint","urlTemplate":"https:\/\/fuentesfidedignas.com.mx\/?s={search_term_string}"},"query-input":{"@type":"PropertyValueSpecification","valueRequired":true,"valueName":"search_term_string"}}],"inLanguage":"es"},{"@type":"Organization","@id":"https:\/\/fuentesfidedignas.com.mx\/#organization","name":"Fuentes Fidedignas","url":"https:\/\/fuentesfidedignas.com.mx\/","logo":{"@type":"ImageObject","inLanguage":"es","@id":"https:\/\/fuentesfidedignas.com.mx\/#\/schema\/logo\/image\/","url":"https:\/\/fuentesfidedignas.com.mx\/wp-content\/uploads\/2021\/04\/logo-retina.png","contentUrl":"https:\/\/fuentesfidedignas.com.mx\/wp-content\/uploads\/2021\/04\/logo-retina.png","width":280,"height":51,"caption":"Fuentes Fidedignas"},"image":{"@id":"https:\/\/fuentesfidedignas.com.mx\/#\/schema\/logo\/image\/"},"sameAs":["https:\/\/www.facebook.com\/Fuentes-Fidedignas-368234489921644","https:\/\/x.com\/fidedignas"]},{"@type":"Person","@id":"https:\/\/fuentesfidedignas.com.mx\/#\/schema\/person\/47ec0135738f4b0c7495f06a77a2c976","name":"Milenio","image":{"@type":"ImageObject","inLanguage":"es","@id":"https:\/\/secure.gravatar.com\/avatar\/acabf7b54753e51c2c76457954577c236b3b764789b19879565769739d1e4a75?s=96&d=mm&r=g","url":"https:\/\/secure.gravatar.com\/avatar\/acabf7b54753e51c2c76457954577c236b3b764789b19879565769739d1e4a75?s=96&d=mm&r=g","contentUrl":"https:\/\/secure.gravatar.com\/avatar\/acabf7b54753e51c2c76457954577c236b3b764789b19879565769739d1e4a75?s=96&d=mm&r=g","caption":"Milenio"},"url":"https:\/\/fuentesfidedignas.com.mx\/index.php\/author\/milenio\/"}]}},"_links":{"self":[{"href":"https:\/\/fuentesfidedignas.com.mx\/index.php\/wp-json\/wp\/v2\/posts\/96495","targetHints":{"allow":["GET"]}}],"collection":[{"href":"https:\/\/fuentesfidedignas.com.mx\/index.php\/wp-json\/wp\/v2\/posts"}],"about":[{"href":"https:\/\/fuentesfidedignas.com.mx\/index.php\/wp-json\/wp\/v2\/types\/post"}],"author":[{"embeddable":true,"href":"https:\/\/fuentesfidedignas.com.mx\/index.php\/wp-json\/wp\/v2\/users\/9"}],"replies":[{"embeddable":true,"href":"https:\/\/fuentesfidedignas.com.mx\/index.php\/wp-json\/wp\/v2\/comments?post=96495"}],"version-history":[{"count":1,"href":"https:\/\/fuentesfidedignas.com.mx\/index.php\/wp-json\/wp\/v2\/posts\/96495\/revisions"}],"predecessor-version":[{"id":96497,"href":"https:\/\/fuentesfidedignas.com.mx\/index.php\/wp-json\/wp\/v2\/posts\/96495\/revisions\/96497"}],"wp:featuredmedia":[{"embeddable":true,"href":"https:\/\/fuentesfidedignas.com.mx\/index.php\/wp-json\/wp\/v2\/media\/96496"}],"wp:attachment":[{"href":"https:\/\/fuentesfidedignas.com.mx\/index.php\/wp-json\/wp\/v2\/media?parent=96495"}],"wp:term":[{"taxonomy":"category","embeddable":true,"href":"https:\/\/fuentesfidedignas.com.mx\/index.php\/wp-json\/wp\/v2\/categories?post=96495"},{"taxonomy":"post_tag","embeddable":true,"href":"https:\/\/fuentesfidedignas.com.mx\/index.php\/wp-json\/wp\/v2\/tags?post=96495"}],"curies":[{"name":"wp","href":"https:\/\/api.w.org\/{rel}","templated":true}]}}