{"id":9649,"date":"2021-08-12T12:32:10","date_gmt":"2021-08-12T19:32:10","guid":{"rendered":"https:\/\/fuentesfidedignas.com.mx\/?p=9649"},"modified":"2021-08-12T12:32:11","modified_gmt":"2021-08-12T19:32:11","slug":"casos-de-ninos-hospitalizados-con-covid-19-se-disparan-en-13-estados-de-eu","status":"publish","type":"post","link":"https:\/\/fuentesfidedignas.com.mx\/index.php\/2021\/08\/12\/casos-de-ninos-hospitalizados-con-covid-19-se-disparan-en-13-estados-de-eu\/","title":{"rendered":"Casos de ni\u00f1os hospitalizados con Covid-19 se disparan en 13 estados de EU"},"content":{"rendered":"\n<p><strong><em>Casi 1,600 ni\u00f1os fueron hospitalizados con Covid-19 en Estados Unidos. La semana pasada, seg\u00fan los datos hospitalarios compilados por los Centros para el Control y la Prevenci\u00f3n de Enfermedades de Estados Unidos.<\/em><\/strong><\/p>\n\n\n\n<p>Estados Unidos.- Un n\u00famero r\u00e9cord de ni\u00f1os han sido hospitalizados con Covid-19 durante el \u00faltimo mes en 13 estados, predominantemente en el sur de Estados Unidos, seg\u00fan muestra un an\u00e1lisis de datos federales, ya que los casos en aumento impulsados \u200b\u200bpor la variante delta hiperinfecciosa generan preocupaciones sobre el comienzo de la escuela.<\/p>\n\n\n\n<p><strong>HECHOS CLAVE<\/strong><\/p>\n\n\n\n<p>Casi 1,600 ni\u00f1os fueron hospitalizados con Covid-19 en Estados Unidos, la semana pasada, seg\u00fan los datos hospitalarios compilados por los Centros para el Control y la Prevenci\u00f3n de Enfermedades de Estados Unidos, un nuevo r\u00e9cord de siete d\u00edas y un aumento de 27% con respecto a la semana anterior, pero los estados con los aumentos m\u00e1s severos son tambi\u00e9n los que luchan contra los peores brotes de Covid-19.<\/p>\n\n\n\n<p>Florida lidera Estados Unidos con casi 200 ni\u00f1os admitidos actualmente y una tasa de hospitalizaci\u00f3n que se ha quintuplicado desde el 8 de julio: 1.27 ni\u00f1os hospitalizados por cada 100,000 residentes, la m\u00e1s alta de EU (aproximadamente 54 ni\u00f1os hospitalizados con Covid-19 cada d\u00eda).<\/p>\n\n\n\n<p>Georgia, Louisiana y Alabama, estados donde aproximadamente el 40% o m\u00e1s de las camas de la unidad de cuidados intensivos est\u00e1n llenas de pacientes con Covid-19, tienen las siguientes tasas m\u00e1s altas de ni\u00f1os hospitalizados, con 0.93, 0.81 y 0.79 por cada 100,000 residentes.<\/p>\n\n\n\n<p>Luisiana y Alabama admitieron un promedio de nueve ni\u00f1os por d\u00eda entre el 3 y el 9 de agosto, en comparaci\u00f3n con el promedio de 23 hospitalizados diariamente durante este per\u00edodo en Georgia.<\/p>\n\n\n\n<p>Arkansas, Kansas, Mississippi, Missouri, Carolina del Sur, Texas y Wyoming (estados con aumentos m\u00e1s amplios de casos de Covid-19 y hospitalizaciones y tasas de vacunaci\u00f3n por debajo del promedio nacional del 50%) tambi\u00e9n han alcanzado nuevos registros pand\u00e9micos, seg\u00fan datos de los CDC, con muchos de sus hospitales de ni\u00f1os al alcance o al borde de su capacidad.<\/p>\n\n\n\n<p>Mientras que los otros estados alcanzaron su punto m\u00e1ximo antes, Carolina del Sur y Texas se encuentran actualmente en sus tasas m\u00e1s altas de hospitalizaci\u00f3n, con Texas admitiendo un promedio de 40 ni\u00f1os por d\u00eda y Carolina del Sur admitiendo tres.<\/p>\n\n\n\n<p>No son solo los estados con tasas de vacunaci\u00f3n m\u00e1s bajas que informan m\u00e1ximos hist\u00f3ricos de hospitalizaciones infantiles: Haw\u00e1i y Maine, donde m\u00e1s de la mitad de los residentes est\u00e1n completamente inoculados, cada uno alcanz\u00f3 nuevos picos en las \u00faltimas dos semanas a medida que aumentaron los casos y las hospitalizaciones entre su poblaci\u00f3n general.<\/p>\n\n\n\n<p><strong>HECHO SORPRENDENTE<\/strong><br>Se est\u00e1n reportando afluencias de ni\u00f1os enfermos en un n\u00famero creciente de otros estados en EU, incluidos aquellos con tasas de vacunaci\u00f3n relativamente altas. Los principales hospitales infantiles de California, Colorado, Kentucky, Nueva Jersey, Tennessee y Wisconsin han confirmado un n\u00famero creciente de vol\u00famenes de pacientes pedi\u00e1tricos hospitalizados. Esto no se debe necesariamente a que la variante delta cause una enfermedad m\u00e1s grave, sino a la gran cantidad de casos que genera entre los ni\u00f1os, que en su mayor\u00eda no est\u00e1n vacunados.<\/p>\n\n\n\n<p>Los ni\u00f1os menores de 18 a\u00f1os representan una proporci\u00f3n cada vez mayor de todos los nuevos casos de coronavirus, con casi 100,000 pruebas positivas en las \u00faltimas dos semanas de julio, seg\u00fan un informe de la Academia Estadounidense de Pediatr\u00eda. Esta suma represent\u00f3 aproximadamente el 15% de todos los casos de Covid-19 recientemente reportados en todo el pa\u00eds y marc\u00f3 un aumento del 31% con respecto a los aproximadamente 72,000 casos reportados la semana anterior.<\/p>\n\n\n\n<p><strong>TANGENTE<\/strong><br>El aumento de las hospitalizaciones por coronavirus entre los ni\u00f1os tambi\u00e9n se ve exacerbado por un aumento en los casos de virus sincitial respiratorio, o RSV, una gripe estacional contagiosa. Si bien las infecciones por RSV generalmente aumentan durante la temporada de gripe invernal, los expertos dicen que las infecciones respiratorias probablemente est\u00e9n aumentando ahora porque el enmascaramiento y el distanciamiento social para prevenir las infecciones por Covid-19 retrasaron la temporada normal de RSV. Los CDC informaron \u201cniveles hist\u00f3ricamente bajos\u201d de VSR mientras exist\u00edan estrictas precauciones de seguridad en los Estados Unidos, Pero ahora la gente se est\u00e1 relajando y aumentando el contacto con los pat\u00f3genos que no se estaban propagando mucho antes en la pandemia.<\/p>\n\n\n\n<p><strong>CITA CLAVE<\/strong><br>Los pediatras est\u00e1n haciendo sonar la alarma sobre el impacto de estas sobretensiones duales en sus instalaciones. \u201cDesafortunadamente, estamos en guerra ahora mismo en la poblaci\u00f3n pedi\u00e1trica en t\u00e9rminos de virus\u201d, dijo a CNN el mi\u00e9rcoles por la ma\u00f1ana el Dr. Kelechi Iheagwara, que trabaja en el Hospital Infantil Our Lady of the Lake en Louisiana. \u201cTenemos un aumento significativo en la cantidad de ni\u00f1os positivos para Covid-19 que pasan por nuestra sala de emergencias (\u2026) Estamos viendo ni\u00f1os de todas las edades, desde las tres semanas hasta los 17 a\u00f1os\u201d.<\/p>\n\n\n\n<p><strong>QU\u00c9 OBSERVAR<\/strong><br>C\u00f3mo estas tendencias afectar\u00e1n el a\u00f1o escolar a medida que los ni\u00f1os comiencen a regresar a la ense\u00f1anza presencial. Muchos funcionarios de salud p\u00fablica han estado enfatizando la importancia de las medidas de mitigaci\u00f3n, como cubrebocas y vacunas para aquellos que son elegibles (actualmente, cualquier persona mayor de 12 a\u00f1os).<\/p>\n\n\n\n<p>Sin embargo, se est\u00e1n desarrollando tensos enfrentamientos en algunos estados, incluidos Florida y Texas, donde los gobernadores republicanos han prohibido a los distritos escolares implementar mandatos de cubrebocas, incluso cuando enfrentan los peores aumentos en las hospitalizaciones de ni\u00f1os en el pa\u00eds.<\/p>\n\n\n\n<p><strong>ANTECEDENTES CLAVE<\/strong><br>En general, el riesgo de muerte y hospitalizaci\u00f3n entre los ni\u00f1os que contraen Covid-19 sigue siendo muy bajo. Poco m\u00e1s de 520 ni\u00f1os han muerto a causa de Covid-19 desde el inicio de la pandemia (0.08% del total de 612,000 muertes en Estados Unidos) Y solo alrededor de 0.01% de los casos registrados resultan en muerte, seg\u00fan datos de la AAP. Sin embargo, el CDC destaca que todav\u00eda es posible que los ni\u00f1os sufran una enfermedad grave, ya que \u201cocurre en todos los grupos de edad\u201d.<\/p>\n\n\n\n<p><strong>\u00bfY M\u00e9xico?<\/strong><br>En el pa\u00eds, El presidente Andr\u00e9s Manuel L\u00f3pez Obrador anunci\u00f3 el regreso a clases a nivel nacional, incluso en estados con sem\u00e1foro rojo, dijo que se tomar\u00e1n las medidas necesarias para garantizar el cuidado de los menores de edad.<\/p>\n\n\n\n<p>Sin embargo, algunos expertos advierten que dichas medidas son insuficientes en especial ante el crecimiento de casos registrados, provocado por la variante Delta.<\/p>\n\n\n\n<p>La Secretaria de Salud no ha informado si el n\u00famero de menores de edad en el pa\u00eds se ha disparado, pero en sus conferencias diarias en la gr\u00e1fica de contagios por edad los casos entre los menores de 0 a 19 a\u00f1os se mantienen por debajo de los 200 casos por cada 100,000 habitantes.<\/p>\n\n\n\n<p><em>Actualizaci\u00f3n: este art\u00edculo se actualiz\u00f3 para incluir datos de los CDC publicados el mi\u00e9rcoles por la noche que muestran que Georgia tambi\u00e9n alcanz\u00f3 un nue<\/em>vo r\u00e9cord.<\/p>\n","protected":false},"excerpt":{"rendered":"<p>Casi 1,600 ni\u00f1os fueron hospitalizados con Covid-19 en Estados Unidos. La semana pasada, seg\u00fan los datos hospitalarios compilados por los Centros para el Control y la Prevenci\u00f3n de Enfermedades de Estados Unidos. Estados Unidos.- Un n\u00famero r\u00e9cord de ni\u00f1os han sido hospitalizados con Covid-19 durante el \u00faltimo mes en 13 estados, predominantemente en el sur [&hellip;]<\/p>\n","protected":false},"author":5,"featured_media":9650,"comment_status":"open","ping_status":"open","sticky":false,"template":"","format":"standard","meta":{"tdm_status":"","tdm_grid_status":"","footnotes":""},"categories":[39],"tags":[332,59,315,742,416],"class_list":{"0":"post-9649","1":"post","2":"type-post","3":"status-publish","4":"format-standard","5":"has-post-thumbnail","7":"category-noticias-nacionales","8":"tag-coronavirus","9":"tag-covid-19","10":"tag-estados-unidos","11":"tag-ninos","12":"tag-sars-cov-2"},"yoast_head":"<!-- This site is optimized with the Yoast SEO plugin v27.4 - https:\/\/yoast.com\/product\/yoast-seo-wordpress\/ -->\n<title>Casos de ni\u00f1os hospitalizados con Covid-19 se disparan en 13 estados de EU - Fuentes Fidedignas<\/title>\n<meta name=\"robots\" content=\"index, follow, max-snippet:-1, max-image-preview:large, max-video-preview:-1\" \/>\n<link rel=\"canonical\" href=\"https:\/\/fuentesfidedignas.com.mx\/index.php\/2021\/08\/12\/casos-de-ninos-hospitalizados-con-covid-19-se-disparan-en-13-estados-de-eu\/\" \/>\n<meta property=\"og:locale\" content=\"es_MX\" \/>\n<meta property=\"og:type\" content=\"article\" \/>\n<meta property=\"og:title\" content=\"Casos de ni\u00f1os hospitalizados con Covid-19 se disparan en 13 estados de EU - Fuentes Fidedignas\" \/>\n<meta property=\"og:description\" content=\"Casi 1,600 ni\u00f1os fueron hospitalizados con Covid-19 en Estados Unidos. La semana pasada, seg\u00fan los datos hospitalarios compilados por los Centros para el Control y la Prevenci\u00f3n de Enfermedades de Estados Unidos. Estados Unidos.- Un n\u00famero r\u00e9cord de ni\u00f1os han sido hospitalizados con Covid-19 durante el \u00faltimo mes en 13 estados, predominantemente en el sur [&hellip;]\" \/>\n<meta property=\"og:url\" content=\"https:\/\/fuentesfidedignas.com.mx\/index.php\/2021\/08\/12\/casos-de-ninos-hospitalizados-con-covid-19-se-disparan-en-13-estados-de-eu\/\" \/>\n<meta property=\"og:site_name\" content=\"Fuentes Fidedignas\" \/>\n<meta property=\"article:publisher\" content=\"https:\/\/www.facebook.com\/Fuentes-Fidedignas-368234489921644\" \/>\n<meta property=\"article:published_time\" content=\"2021-08-12T19:32:10+00:00\" \/>\n<meta property=\"article:modified_time\" content=\"2021-08-12T19:32:11+00:00\" \/>\n<meta property=\"og:image\" content=\"https:\/\/fuentesfidedignas.com.mx\/wp-content\/uploads\/2021\/08\/covid-nin\u0303os-640x360-1.jpg\" \/>\n\t<meta property=\"og:image:width\" content=\"640\" \/>\n\t<meta property=\"og:image:height\" content=\"360\" \/>\n\t<meta property=\"og:image:type\" content=\"image\/jpeg\" \/>\n<meta name=\"author\" content=\"Forbes\" \/>\n<meta name=\"twitter:card\" content=\"summary_large_image\" \/>\n<meta name=\"twitter:creator\" content=\"@fidedignas\" \/>\n<meta name=\"twitter:site\" content=\"@fidedignas\" \/>\n<meta name=\"twitter:label1\" content=\"Escrito por\" \/>\n\t<meta name=\"twitter:data1\" content=\"Forbes\" \/>\n\t<meta name=\"twitter:label2\" content=\"Tiempo de lectura\" \/>\n\t<meta name=\"twitter:data2\" content=\"5 minutos\" \/>\n<script type=\"application\/ld+json\" class=\"yoast-schema-graph\">{\"@context\":\"https:\\\/\\\/schema.org\",\"@graph\":[{\"@type\":\"Article\",\"@id\":\"https:\\\/\\\/fuentesfidedignas.com.mx\\\/index.php\\\/2021\\\/08\\\/12\\\/casos-de-ninos-hospitalizados-con-covid-19-se-disparan-en-13-estados-de-eu\\\/#article\",\"isPartOf\":{\"@id\":\"https:\\\/\\\/fuentesfidedignas.com.mx\\\/index.php\\\/2021\\\/08\\\/12\\\/casos-de-ninos-hospitalizados-con-covid-19-se-disparan-en-13-estados-de-eu\\\/\"},\"author\":{\"name\":\"Forbes\",\"@id\":\"https:\\\/\\\/fuentesfidedignas.com.mx\\\/#\\\/schema\\\/person\\\/5623d53fe2e579d825b1679734abcc44\"},\"headline\":\"Casos de ni\u00f1os hospitalizados con Covid-19 se disparan en 13 estados de EU\",\"datePublished\":\"2021-08-12T19:32:10+00:00\",\"dateModified\":\"2021-08-12T19:32:11+00:00\",\"mainEntityOfPage\":{\"@id\":\"https:\\\/\\\/fuentesfidedignas.com.mx\\\/index.php\\\/2021\\\/08\\\/12\\\/casos-de-ninos-hospitalizados-con-covid-19-se-disparan-en-13-estados-de-eu\\\/\"},\"wordCount\":1217,\"commentCount\":0,\"publisher\":{\"@id\":\"https:\\\/\\\/fuentesfidedignas.com.mx\\\/#organization\"},\"image\":{\"@id\":\"https:\\\/\\\/fuentesfidedignas.com.mx\\\/index.php\\\/2021\\\/08\\\/12\\\/casos-de-ninos-hospitalizados-con-covid-19-se-disparan-en-13-estados-de-eu\\\/#primaryimage\"},\"thumbnailUrl\":\"https:\\\/\\\/fuentesfidedignas.com.mx\\\/wp-content\\\/uploads\\\/2021\\\/08\\\/covid-nin\u0303os-640x360-1.jpg\",\"keywords\":[\"Coronavirus\",\"Covid-19\",\"Estados Unidos\",\"Ni\u00f1os\",\"SARS-CoV-2\"],\"articleSection\":[\"NOTICIAS NACIONALES\"],\"inLanguage\":\"es\",\"potentialAction\":[{\"@type\":\"CommentAction\",\"name\":\"Comment\",\"target\":[\"https:\\\/\\\/fuentesfidedignas.com.mx\\\/index.php\\\/2021\\\/08\\\/12\\\/casos-de-ninos-hospitalizados-con-covid-19-se-disparan-en-13-estados-de-eu\\\/#respond\"]}]},{\"@type\":\"WebPage\",\"@id\":\"https:\\\/\\\/fuentesfidedignas.com.mx\\\/index.php\\\/2021\\\/08\\\/12\\\/casos-de-ninos-hospitalizados-con-covid-19-se-disparan-en-13-estados-de-eu\\\/\",\"url\":\"https:\\\/\\\/fuentesfidedignas.com.mx\\\/index.php\\\/2021\\\/08\\\/12\\\/casos-de-ninos-hospitalizados-con-covid-19-se-disparan-en-13-estados-de-eu\\\/\",\"name\":\"Casos de ni\u00f1os hospitalizados con Covid-19 se disparan en 13 estados de EU - Fuentes Fidedignas\",\"isPartOf\":{\"@id\":\"https:\\\/\\\/fuentesfidedignas.com.mx\\\/#website\"},\"primaryImageOfPage\":{\"@id\":\"https:\\\/\\\/fuentesfidedignas.com.mx\\\/index.php\\\/2021\\\/08\\\/12\\\/casos-de-ninos-hospitalizados-con-covid-19-se-disparan-en-13-estados-de-eu\\\/#primaryimage\"},\"image\":{\"@id\":\"https:\\\/\\\/fuentesfidedignas.com.mx\\\/index.php\\\/2021\\\/08\\\/12\\\/casos-de-ninos-hospitalizados-con-covid-19-se-disparan-en-13-estados-de-eu\\\/#primaryimage\"},\"thumbnailUrl\":\"https:\\\/\\\/fuentesfidedignas.com.mx\\\/wp-content\\\/uploads\\\/2021\\\/08\\\/covid-nin\u0303os-640x360-1.jpg\",\"datePublished\":\"2021-08-12T19:32:10+00:00\",\"dateModified\":\"2021-08-12T19:32:11+00:00\",\"breadcrumb\":{\"@id\":\"https:\\\/\\\/fuentesfidedignas.com.mx\\\/index.php\\\/2021\\\/08\\\/12\\\/casos-de-ninos-hospitalizados-con-covid-19-se-disparan-en-13-estados-de-eu\\\/#breadcrumb\"},\"inLanguage\":\"es\",\"potentialAction\":[{\"@type\":\"ReadAction\",\"target\":[\"https:\\\/\\\/fuentesfidedignas.com.mx\\\/index.php\\\/2021\\\/08\\\/12\\\/casos-de-ninos-hospitalizados-con-covid-19-se-disparan-en-13-estados-de-eu\\\/\"]}]},{\"@type\":\"ImageObject\",\"inLanguage\":\"es\",\"@id\":\"https:\\\/\\\/fuentesfidedignas.com.mx\\\/index.php\\\/2021\\\/08\\\/12\\\/casos-de-ninos-hospitalizados-con-covid-19-se-disparan-en-13-estados-de-eu\\\/#primaryimage\",\"url\":\"https:\\\/\\\/fuentesfidedignas.com.mx\\\/wp-content\\\/uploads\\\/2021\\\/08\\\/covid-nin\u0303os-640x360-1.jpg\",\"contentUrl\":\"https:\\\/\\\/fuentesfidedignas.com.mx\\\/wp-content\\\/uploads\\\/2021\\\/08\\\/covid-nin\u0303os-640x360-1.jpg\",\"width\":640,\"height\":360},{\"@type\":\"BreadcrumbList\",\"@id\":\"https:\\\/\\\/fuentesfidedignas.com.mx\\\/index.php\\\/2021\\\/08\\\/12\\\/casos-de-ninos-hospitalizados-con-covid-19-se-disparan-en-13-estados-de-eu\\\/#breadcrumb\",\"itemListElement\":[{\"@type\":\"ListItem\",\"position\":1,\"name\":\"Inicio\",\"item\":\"https:\\\/\\\/fuentesfidedignas.com.mx\\\/\"},{\"@type\":\"ListItem\",\"position\":2,\"name\":\"Casos de ni\u00f1os hospitalizados con Covid-19 se disparan en 13 estados de EU\"}]},{\"@type\":\"WebSite\",\"@id\":\"https:\\\/\\\/fuentesfidedignas.com.mx\\\/#website\",\"url\":\"https:\\\/\\\/fuentesfidedignas.com.mx\\\/\",\"name\":\"Fuentes Fidedignas\",\"description\":\"Otro sitio realizado con WordPress\",\"publisher\":{\"@id\":\"https:\\\/\\\/fuentesfidedignas.com.mx\\\/#organization\"},\"potentialAction\":[{\"@type\":\"SearchAction\",\"target\":{\"@type\":\"EntryPoint\",\"urlTemplate\":\"https:\\\/\\\/fuentesfidedignas.com.mx\\\/?s={search_term_string}\"},\"query-input\":{\"@type\":\"PropertyValueSpecification\",\"valueRequired\":true,\"valueName\":\"search_term_string\"}}],\"inLanguage\":\"es\"},{\"@type\":\"Organization\",\"@id\":\"https:\\\/\\\/fuentesfidedignas.com.mx\\\/#organization\",\"name\":\"Fuentes Fidedignas\",\"url\":\"https:\\\/\\\/fuentesfidedignas.com.mx\\\/\",\"logo\":{\"@type\":\"ImageObject\",\"inLanguage\":\"es\",\"@id\":\"https:\\\/\\\/fuentesfidedignas.com.mx\\\/#\\\/schema\\\/logo\\\/image\\\/\",\"url\":\"https:\\\/\\\/fuentesfidedignas.com.mx\\\/wp-content\\\/uploads\\\/2021\\\/04\\\/logo-retina.png\",\"contentUrl\":\"https:\\\/\\\/fuentesfidedignas.com.mx\\\/wp-content\\\/uploads\\\/2021\\\/04\\\/logo-retina.png\",\"width\":280,\"height\":51,\"caption\":\"Fuentes Fidedignas\"},\"image\":{\"@id\":\"https:\\\/\\\/fuentesfidedignas.com.mx\\\/#\\\/schema\\\/logo\\\/image\\\/\"},\"sameAs\":[\"https:\\\/\\\/www.facebook.com\\\/Fuentes-Fidedignas-368234489921644\",\"https:\\\/\\\/x.com\\\/fidedignas\"]},{\"@type\":\"Person\",\"@id\":\"https:\\\/\\\/fuentesfidedignas.com.mx\\\/#\\\/schema\\\/person\\\/5623d53fe2e579d825b1679734abcc44\",\"name\":\"Forbes\",\"image\":{\"@type\":\"ImageObject\",\"inLanguage\":\"es\",\"@id\":\"https:\\\/\\\/secure.gravatar.com\\\/avatar\\\/87ce3dd4e41e60c22a79c758614f01a6bc2469255fc936ec7b15efb9bb5cb66f?s=96&d=mm&r=g\",\"url\":\"https:\\\/\\\/secure.gravatar.com\\\/avatar\\\/87ce3dd4e41e60c22a79c758614f01a6bc2469255fc936ec7b15efb9bb5cb66f?s=96&d=mm&r=g\",\"contentUrl\":\"https:\\\/\\\/secure.gravatar.com\\\/avatar\\\/87ce3dd4e41e60c22a79c758614f01a6bc2469255fc936ec7b15efb9bb5cb66f?s=96&d=mm&r=g\",\"caption\":\"Forbes\"},\"url\":\"https:\\\/\\\/fuentesfidedignas.com.mx\\\/index.php\\\/author\\\/forbes\\\/\"}]}<\/script>\n<!-- \/ Yoast SEO plugin. -->","yoast_head_json":{"title":"Casos de ni\u00f1os hospitalizados con Covid-19 se disparan en 13 estados de EU - Fuentes Fidedignas","robots":{"index":"index","follow":"follow","max-snippet":"max-snippet:-1","max-image-preview":"max-image-preview:large","max-video-preview":"max-video-preview:-1"},"canonical":"https:\/\/fuentesfidedignas.com.mx\/index.php\/2021\/08\/12\/casos-de-ninos-hospitalizados-con-covid-19-se-disparan-en-13-estados-de-eu\/","og_locale":"es_MX","og_type":"article","og_title":"Casos de ni\u00f1os hospitalizados con Covid-19 se disparan en 13 estados de EU - Fuentes Fidedignas","og_description":"Casi 1,600 ni\u00f1os fueron hospitalizados con Covid-19 en Estados Unidos. La semana pasada, seg\u00fan los datos hospitalarios compilados por los Centros para el Control y la Prevenci\u00f3n de Enfermedades de Estados Unidos. Estados Unidos.- Un n\u00famero r\u00e9cord de ni\u00f1os han sido hospitalizados con Covid-19 durante el \u00faltimo mes en 13 estados, predominantemente en el sur [&hellip;]","og_url":"https:\/\/fuentesfidedignas.com.mx\/index.php\/2021\/08\/12\/casos-de-ninos-hospitalizados-con-covid-19-se-disparan-en-13-estados-de-eu\/","og_site_name":"Fuentes Fidedignas","article_publisher":"https:\/\/www.facebook.com\/Fuentes-Fidedignas-368234489921644","article_published_time":"2021-08-12T19:32:10+00:00","article_modified_time":"2021-08-12T19:32:11+00:00","og_image":[{"width":640,"height":360,"url":"https:\/\/fuentesfidedignas.com.mx\/wp-content\/uploads\/2021\/08\/covid-nin\u0303os-640x360-1.jpg","type":"image\/jpeg"}],"author":"Forbes","twitter_card":"summary_large_image","twitter_creator":"@fidedignas","twitter_site":"@fidedignas","twitter_misc":{"Escrito por":"Forbes","Tiempo de lectura":"5 minutos"},"schema":{"@context":"https:\/\/schema.org","@graph":[{"@type":"Article","@id":"https:\/\/fuentesfidedignas.com.mx\/index.php\/2021\/08\/12\/casos-de-ninos-hospitalizados-con-covid-19-se-disparan-en-13-estados-de-eu\/#article","isPartOf":{"@id":"https:\/\/fuentesfidedignas.com.mx\/index.php\/2021\/08\/12\/casos-de-ninos-hospitalizados-con-covid-19-se-disparan-en-13-estados-de-eu\/"},"author":{"name":"Forbes","@id":"https:\/\/fuentesfidedignas.com.mx\/#\/schema\/person\/5623d53fe2e579d825b1679734abcc44"},"headline":"Casos de ni\u00f1os hospitalizados con Covid-19 se disparan en 13 estados de EU","datePublished":"2021-08-12T19:32:10+00:00","dateModified":"2021-08-12T19:32:11+00:00","mainEntityOfPage":{"@id":"https:\/\/fuentesfidedignas.com.mx\/index.php\/2021\/08\/12\/casos-de-ninos-hospitalizados-con-covid-19-se-disparan-en-13-estados-de-eu\/"},"wordCount":1217,"commentCount":0,"publisher":{"@id":"https:\/\/fuentesfidedignas.com.mx\/#organization"},"image":{"@id":"https:\/\/fuentesfidedignas.com.mx\/index.php\/2021\/08\/12\/casos-de-ninos-hospitalizados-con-covid-19-se-disparan-en-13-estados-de-eu\/#primaryimage"},"thumbnailUrl":"https:\/\/fuentesfidedignas.com.mx\/wp-content\/uploads\/2021\/08\/covid-nin\u0303os-640x360-1.jpg","keywords":["Coronavirus","Covid-19","Estados Unidos","Ni\u00f1os","SARS-CoV-2"],"articleSection":["NOTICIAS NACIONALES"],"inLanguage":"es","potentialAction":[{"@type":"CommentAction","name":"Comment","target":["https:\/\/fuentesfidedignas.com.mx\/index.php\/2021\/08\/12\/casos-de-ninos-hospitalizados-con-covid-19-se-disparan-en-13-estados-de-eu\/#respond"]}]},{"@type":"WebPage","@id":"https:\/\/fuentesfidedignas.com.mx\/index.php\/2021\/08\/12\/casos-de-ninos-hospitalizados-con-covid-19-se-disparan-en-13-estados-de-eu\/","url":"https:\/\/fuentesfidedignas.com.mx\/index.php\/2021\/08\/12\/casos-de-ninos-hospitalizados-con-covid-19-se-disparan-en-13-estados-de-eu\/","name":"Casos de ni\u00f1os hospitalizados con Covid-19 se disparan en 13 estados de EU - Fuentes Fidedignas","isPartOf":{"@id":"https:\/\/fuentesfidedignas.com.mx\/#website"},"primaryImageOfPage":{"@id":"https:\/\/fuentesfidedignas.com.mx\/index.php\/2021\/08\/12\/casos-de-ninos-hospitalizados-con-covid-19-se-disparan-en-13-estados-de-eu\/#primaryimage"},"image":{"@id":"https:\/\/fuentesfidedignas.com.mx\/index.php\/2021\/08\/12\/casos-de-ninos-hospitalizados-con-covid-19-se-disparan-en-13-estados-de-eu\/#primaryimage"},"thumbnailUrl":"https:\/\/fuentesfidedignas.com.mx\/wp-content\/uploads\/2021\/08\/covid-nin\u0303os-640x360-1.jpg","datePublished":"2021-08-12T19:32:10+00:00","dateModified":"2021-08-12T19:32:11+00:00","breadcrumb":{"@id":"https:\/\/fuentesfidedignas.com.mx\/index.php\/2021\/08\/12\/casos-de-ninos-hospitalizados-con-covid-19-se-disparan-en-13-estados-de-eu\/#breadcrumb"},"inLanguage":"es","potentialAction":[{"@type":"ReadAction","target":["https:\/\/fuentesfidedignas.com.mx\/index.php\/2021\/08\/12\/casos-de-ninos-hospitalizados-con-covid-19-se-disparan-en-13-estados-de-eu\/"]}]},{"@type":"ImageObject","inLanguage":"es","@id":"https:\/\/fuentesfidedignas.com.mx\/index.php\/2021\/08\/12\/casos-de-ninos-hospitalizados-con-covid-19-se-disparan-en-13-estados-de-eu\/#primaryimage","url":"https:\/\/fuentesfidedignas.com.mx\/wp-content\/uploads\/2021\/08\/covid-nin\u0303os-640x360-1.jpg","contentUrl":"https:\/\/fuentesfidedignas.com.mx\/wp-content\/uploads\/2021\/08\/covid-nin\u0303os-640x360-1.jpg","width":640,"height":360},{"@type":"BreadcrumbList","@id":"https:\/\/fuentesfidedignas.com.mx\/index.php\/2021\/08\/12\/casos-de-ninos-hospitalizados-con-covid-19-se-disparan-en-13-estados-de-eu\/#breadcrumb","itemListElement":[{"@type":"ListItem","position":1,"name":"Inicio","item":"https:\/\/fuentesfidedignas.com.mx\/"},{"@type":"ListItem","position":2,"name":"Casos de ni\u00f1os hospitalizados con Covid-19 se disparan en 13 estados de EU"}]},{"@type":"WebSite","@id":"https:\/\/fuentesfidedignas.com.mx\/#website","url":"https:\/\/fuentesfidedignas.com.mx\/","name":"Fuentes Fidedignas","description":"Otro sitio realizado con WordPress","publisher":{"@id":"https:\/\/fuentesfidedignas.com.mx\/#organization"},"potentialAction":[{"@type":"SearchAction","target":{"@type":"EntryPoint","urlTemplate":"https:\/\/fuentesfidedignas.com.mx\/?s={search_term_string}"},"query-input":{"@type":"PropertyValueSpecification","valueRequired":true,"valueName":"search_term_string"}}],"inLanguage":"es"},{"@type":"Organization","@id":"https:\/\/fuentesfidedignas.com.mx\/#organization","name":"Fuentes Fidedignas","url":"https:\/\/fuentesfidedignas.com.mx\/","logo":{"@type":"ImageObject","inLanguage":"es","@id":"https:\/\/fuentesfidedignas.com.mx\/#\/schema\/logo\/image\/","url":"https:\/\/fuentesfidedignas.com.mx\/wp-content\/uploads\/2021\/04\/logo-retina.png","contentUrl":"https:\/\/fuentesfidedignas.com.mx\/wp-content\/uploads\/2021\/04\/logo-retina.png","width":280,"height":51,"caption":"Fuentes Fidedignas"},"image":{"@id":"https:\/\/fuentesfidedignas.com.mx\/#\/schema\/logo\/image\/"},"sameAs":["https:\/\/www.facebook.com\/Fuentes-Fidedignas-368234489921644","https:\/\/x.com\/fidedignas"]},{"@type":"Person","@id":"https:\/\/fuentesfidedignas.com.mx\/#\/schema\/person\/5623d53fe2e579d825b1679734abcc44","name":"Forbes","image":{"@type":"ImageObject","inLanguage":"es","@id":"https:\/\/secure.gravatar.com\/avatar\/87ce3dd4e41e60c22a79c758614f01a6bc2469255fc936ec7b15efb9bb5cb66f?s=96&d=mm&r=g","url":"https:\/\/secure.gravatar.com\/avatar\/87ce3dd4e41e60c22a79c758614f01a6bc2469255fc936ec7b15efb9bb5cb66f?s=96&d=mm&r=g","contentUrl":"https:\/\/secure.gravatar.com\/avatar\/87ce3dd4e41e60c22a79c758614f01a6bc2469255fc936ec7b15efb9bb5cb66f?s=96&d=mm&r=g","caption":"Forbes"},"url":"https:\/\/fuentesfidedignas.com.mx\/index.php\/author\/forbes\/"}]}},"_links":{"self":[{"href":"https:\/\/fuentesfidedignas.com.mx\/index.php\/wp-json\/wp\/v2\/posts\/9649","targetHints":{"allow":["GET"]}}],"collection":[{"href":"https:\/\/fuentesfidedignas.com.mx\/index.php\/wp-json\/wp\/v2\/posts"}],"about":[{"href":"https:\/\/fuentesfidedignas.com.mx\/index.php\/wp-json\/wp\/v2\/types\/post"}],"author":[{"embeddable":true,"href":"https:\/\/fuentesfidedignas.com.mx\/index.php\/wp-json\/wp\/v2\/users\/5"}],"replies":[{"embeddable":true,"href":"https:\/\/fuentesfidedignas.com.mx\/index.php\/wp-json\/wp\/v2\/comments?post=9649"}],"version-history":[{"count":1,"href":"https:\/\/fuentesfidedignas.com.mx\/index.php\/wp-json\/wp\/v2\/posts\/9649\/revisions"}],"predecessor-version":[{"id":9651,"href":"https:\/\/fuentesfidedignas.com.mx\/index.php\/wp-json\/wp\/v2\/posts\/9649\/revisions\/9651"}],"wp:featuredmedia":[{"embeddable":true,"href":"https:\/\/fuentesfidedignas.com.mx\/index.php\/wp-json\/wp\/v2\/media\/9650"}],"wp:attachment":[{"href":"https:\/\/fuentesfidedignas.com.mx\/index.php\/wp-json\/wp\/v2\/media?parent=9649"}],"wp:term":[{"taxonomy":"category","embeddable":true,"href":"https:\/\/fuentesfidedignas.com.mx\/index.php\/wp-json\/wp\/v2\/categories?post=9649"},{"taxonomy":"post_tag","embeddable":true,"href":"https:\/\/fuentesfidedignas.com.mx\/index.php\/wp-json\/wp\/v2\/tags?post=9649"}],"curies":[{"name":"wp","href":"https:\/\/api.w.org\/{rel}","templated":true}]}}