{"id":96469,"date":"2024-11-30T10:51:15","date_gmt":"2024-11-30T17:51:15","guid":{"rendered":"https:\/\/fuentesfidedignas.com.mx\/?p=96469"},"modified":"2024-11-30T10:51:17","modified_gmt":"2024-11-30T17:51:17","slug":"apostando-a-la-cultura-avanzaremos-a-la-normalidad-plena-en-sinaloa-castro-melendrez","status":"publish","type":"post","link":"https:\/\/fuentesfidedignas.com.mx\/index.php\/2024\/11\/30\/apostando-a-la-cultura-avanzaremos-a-la-normalidad-plena-en-sinaloa-castro-melendrez\/","title":{"rendered":"Apostando a la cultura avanzaremos a la normalidad plena en Sinaloa: Castro Mel\u00e9ndrez"},"content":{"rendered":"\n<p><strong><em>Reiter\u00f3 el llamado a la poblaci\u00f3n a seguir tomando las calles, restableciendo la convivencia de la sociedad y fortaleciendo el dinamismo de la ciudad<\/em><\/strong><\/p>\n\n\n\n<p>Culiac\u00e1n, Sin.- La cultura es condici\u00f3n significativa para avanzar en la recuperaci\u00f3n de la normalidad plena y la paz en Sinaloa, indic\u00f3 el Secretario General de Gobierno, Feliciano Castro Mel\u00e9ndrez, al encabezar la conferencia de prensa de la Vocer\u00eda del Estado, agregando que la cultura es la forma de ser de una comunidad, y subrayando como variable principal de la cultura, arraigada al pueblo sinaloense, la bondad y solidaridad.<\/p>\n\n\n\n<p>Es por ello, que reiter\u00f3 el llamado a la poblaci\u00f3n a seguir tomando las calles, restableciendo la convivencia de la sociedad y fortaleciendo el dinamismo de la ciudad, para juntos coadyuvar al fortalecimiento del tejido social.<\/p>\n","protected":false},"excerpt":{"rendered":"<p>Reiter\u00f3 el llamado a la poblaci\u00f3n a seguir tomando las calles, restableciendo la convivencia de la sociedad y fortaleciendo el dinamismo de la ciudad Culiac\u00e1n, Sin.- La cultura es condici\u00f3n significativa para avanzar en la recuperaci\u00f3n de la normalidad plena y la paz en Sinaloa, indic\u00f3 el Secretario General de Gobierno, Feliciano Castro Mel\u00e9ndrez, al [&hellip;]<\/p>\n","protected":false},"author":4,"featured_media":96470,"comment_status":"open","ping_status":"open","sticky":false,"template":"","format":"standard","meta":{"tdm_status":"","tdm_grid_status":"","footnotes":""},"categories":[38],"tags":[],"class_list":{"0":"post-96469","1":"post","2":"type-post","3":"status-publish","4":"format-standard","5":"has-post-thumbnail","7":"category-noticias-locales"},"yoast_head":"<!-- This site is optimized with the Yoast SEO plugin v27.5 - https:\/\/yoast.com\/product\/yoast-seo-wordpress\/ -->\n<title>Apostando a la cultura avanzaremos a la normalidad plena en Sinaloa: Castro Mel\u00e9ndrez - Fuentes Fidedignas<\/title>\n<meta name=\"robots\" content=\"index, follow, max-snippet:-1, max-image-preview:large, max-video-preview:-1\" \/>\n<link rel=\"canonical\" href=\"https:\/\/fuentesfidedignas.com.mx\/index.php\/2024\/11\/30\/apostando-a-la-cultura-avanzaremos-a-la-normalidad-plena-en-sinaloa-castro-melendrez\/\" \/>\n<meta property=\"og:locale\" content=\"es_MX\" \/>\n<meta property=\"og:type\" content=\"article\" \/>\n<meta property=\"og:title\" content=\"Apostando a la cultura avanzaremos a la normalidad plena en Sinaloa: Castro Mel\u00e9ndrez - Fuentes Fidedignas\" \/>\n<meta property=\"og:description\" content=\"Reiter\u00f3 el llamado a la poblaci\u00f3n a seguir tomando las calles, restableciendo la convivencia de la sociedad y fortaleciendo el dinamismo de la ciudad Culiac\u00e1n, Sin.- La cultura es condici\u00f3n significativa para avanzar en la recuperaci\u00f3n de la normalidad plena y la paz en Sinaloa, indic\u00f3 el Secretario General de Gobierno, Feliciano Castro Mel\u00e9ndrez, al [&hellip;]\" \/>\n<meta property=\"og:url\" content=\"https:\/\/fuentesfidedignas.com.mx\/index.php\/2024\/11\/30\/apostando-a-la-cultura-avanzaremos-a-la-normalidad-plena-en-sinaloa-castro-melendrez\/\" \/>\n<meta property=\"og:site_name\" content=\"Fuentes Fidedignas\" \/>\n<meta property=\"article:publisher\" content=\"https:\/\/www.facebook.com\/Fuentes-Fidedignas-368234489921644\" \/>\n<meta property=\"article:published_time\" content=\"2024-11-30T17:51:15+00:00\" \/>\n<meta property=\"article:modified_time\" content=\"2024-11-30T17:51:17+00:00\" \/>\n<meta property=\"og:image\" content=\"https:\/\/fuentesfidedignas.com.mx\/wp-content\/uploads\/2024\/11\/confe_feliciano.jpeg\" \/>\n\t<meta property=\"og:image:width\" content=\"650\" \/>\n\t<meta property=\"og:image:height\" content=\"433\" \/>\n\t<meta property=\"og:image:type\" content=\"image\/jpeg\" \/>\n<meta name=\"author\" content=\"Redacci\u00f3n\" \/>\n<meta name=\"twitter:card\" content=\"summary_large_image\" \/>\n<meta name=\"twitter:creator\" content=\"@fidedignas\" \/>\n<meta name=\"twitter:site\" content=\"@fidedignas\" \/>\n<meta name=\"twitter:label1\" content=\"Escrito por\" \/>\n\t<meta name=\"twitter:data1\" content=\"Redacci\u00f3n\" \/>\n\t<meta name=\"twitter:label2\" content=\"Tiempo de lectura\" \/>\n\t<meta name=\"twitter:data2\" content=\"1 minuto\" \/>\n<script type=\"application\/ld+json\" class=\"yoast-schema-graph\">{\"@context\":\"https:\\\/\\\/schema.org\",\"@graph\":[{\"@type\":\"Article\",\"@id\":\"https:\\\/\\\/fuentesfidedignas.com.mx\\\/index.php\\\/2024\\\/11\\\/30\\\/apostando-a-la-cultura-avanzaremos-a-la-normalidad-plena-en-sinaloa-castro-melendrez\\\/#article\",\"isPartOf\":{\"@id\":\"https:\\\/\\\/fuentesfidedignas.com.mx\\\/index.php\\\/2024\\\/11\\\/30\\\/apostando-a-la-cultura-avanzaremos-a-la-normalidad-plena-en-sinaloa-castro-melendrez\\\/\"},\"author\":{\"name\":\"Redacci\u00f3n\",\"@id\":\"https:\\\/\\\/fuentesfidedignas.com.mx\\\/#\\\/schema\\\/person\\\/331be9283d37198e2acd5750279085b0\"},\"headline\":\"Apostando a la cultura avanzaremos a la normalidad plena en Sinaloa: Castro Mel\u00e9ndrez\",\"datePublished\":\"2024-11-30T17:51:15+00:00\",\"dateModified\":\"2024-11-30T17:51:17+00:00\",\"mainEntityOfPage\":{\"@id\":\"https:\\\/\\\/fuentesfidedignas.com.mx\\\/index.php\\\/2024\\\/11\\\/30\\\/apostando-a-la-cultura-avanzaremos-a-la-normalidad-plena-en-sinaloa-castro-melendrez\\\/\"},\"wordCount\":151,\"commentCount\":0,\"publisher\":{\"@id\":\"https:\\\/\\\/fuentesfidedignas.com.mx\\\/#organization\"},\"image\":{\"@id\":\"https:\\\/\\\/fuentesfidedignas.com.mx\\\/index.php\\\/2024\\\/11\\\/30\\\/apostando-a-la-cultura-avanzaremos-a-la-normalidad-plena-en-sinaloa-castro-melendrez\\\/#primaryimage\"},\"thumbnailUrl\":\"https:\\\/\\\/fuentesfidedignas.com.mx\\\/wp-content\\\/uploads\\\/2024\\\/11\\\/confe_feliciano.jpeg\",\"articleSection\":[\"NOTICIAS LOCALES\"],\"inLanguage\":\"es\",\"potentialAction\":[{\"@type\":\"CommentAction\",\"name\":\"Comment\",\"target\":[\"https:\\\/\\\/fuentesfidedignas.com.mx\\\/index.php\\\/2024\\\/11\\\/30\\\/apostando-a-la-cultura-avanzaremos-a-la-normalidad-plena-en-sinaloa-castro-melendrez\\\/#respond\"]}]},{\"@type\":\"WebPage\",\"@id\":\"https:\\\/\\\/fuentesfidedignas.com.mx\\\/index.php\\\/2024\\\/11\\\/30\\\/apostando-a-la-cultura-avanzaremos-a-la-normalidad-plena-en-sinaloa-castro-melendrez\\\/\",\"url\":\"https:\\\/\\\/fuentesfidedignas.com.mx\\\/index.php\\\/2024\\\/11\\\/30\\\/apostando-a-la-cultura-avanzaremos-a-la-normalidad-plena-en-sinaloa-castro-melendrez\\\/\",\"name\":\"Apostando a la cultura avanzaremos a la normalidad plena en Sinaloa: Castro Mel\u00e9ndrez - Fuentes Fidedignas\",\"isPartOf\":{\"@id\":\"https:\\\/\\\/fuentesfidedignas.com.mx\\\/#website\"},\"primaryImageOfPage\":{\"@id\":\"https:\\\/\\\/fuentesfidedignas.com.mx\\\/index.php\\\/2024\\\/11\\\/30\\\/apostando-a-la-cultura-avanzaremos-a-la-normalidad-plena-en-sinaloa-castro-melendrez\\\/#primaryimage\"},\"image\":{\"@id\":\"https:\\\/\\\/fuentesfidedignas.com.mx\\\/index.php\\\/2024\\\/11\\\/30\\\/apostando-a-la-cultura-avanzaremos-a-la-normalidad-plena-en-sinaloa-castro-melendrez\\\/#primaryimage\"},\"thumbnailUrl\":\"https:\\\/\\\/fuentesfidedignas.com.mx\\\/wp-content\\\/uploads\\\/2024\\\/11\\\/confe_feliciano.jpeg\",\"datePublished\":\"2024-11-30T17:51:15+00:00\",\"dateModified\":\"2024-11-30T17:51:17+00:00\",\"breadcrumb\":{\"@id\":\"https:\\\/\\\/fuentesfidedignas.com.mx\\\/index.php\\\/2024\\\/11\\\/30\\\/apostando-a-la-cultura-avanzaremos-a-la-normalidad-plena-en-sinaloa-castro-melendrez\\\/#breadcrumb\"},\"inLanguage\":\"es\",\"potentialAction\":[{\"@type\":\"ReadAction\",\"target\":[\"https:\\\/\\\/fuentesfidedignas.com.mx\\\/index.php\\\/2024\\\/11\\\/30\\\/apostando-a-la-cultura-avanzaremos-a-la-normalidad-plena-en-sinaloa-castro-melendrez\\\/\"]}]},{\"@type\":\"ImageObject\",\"inLanguage\":\"es\",\"@id\":\"https:\\\/\\\/fuentesfidedignas.com.mx\\\/index.php\\\/2024\\\/11\\\/30\\\/apostando-a-la-cultura-avanzaremos-a-la-normalidad-plena-en-sinaloa-castro-melendrez\\\/#primaryimage\",\"url\":\"https:\\\/\\\/fuentesfidedignas.com.mx\\\/wp-content\\\/uploads\\\/2024\\\/11\\\/confe_feliciano.jpeg\",\"contentUrl\":\"https:\\\/\\\/fuentesfidedignas.com.mx\\\/wp-content\\\/uploads\\\/2024\\\/11\\\/confe_feliciano.jpeg\",\"width\":650,\"height\":433},{\"@type\":\"BreadcrumbList\",\"@id\":\"https:\\\/\\\/fuentesfidedignas.com.mx\\\/index.php\\\/2024\\\/11\\\/30\\\/apostando-a-la-cultura-avanzaremos-a-la-normalidad-plena-en-sinaloa-castro-melendrez\\\/#breadcrumb\",\"itemListElement\":[{\"@type\":\"ListItem\",\"position\":1,\"name\":\"Inicio\",\"item\":\"https:\\\/\\\/fuentesfidedignas.com.mx\\\/\"},{\"@type\":\"ListItem\",\"position\":2,\"name\":\"Apostando a la cultura avanzaremos a la normalidad plena en Sinaloa: Castro Mel\u00e9ndrez\"}]},{\"@type\":\"WebSite\",\"@id\":\"https:\\\/\\\/fuentesfidedignas.com.mx\\\/#website\",\"url\":\"https:\\\/\\\/fuentesfidedignas.com.mx\\\/\",\"name\":\"Fuentes Fidedignas\",\"description\":\"Otro sitio realizado con WordPress\",\"publisher\":{\"@id\":\"https:\\\/\\\/fuentesfidedignas.com.mx\\\/#organization\"},\"potentialAction\":[{\"@type\":\"SearchAction\",\"target\":{\"@type\":\"EntryPoint\",\"urlTemplate\":\"https:\\\/\\\/fuentesfidedignas.com.mx\\\/?s={search_term_string}\"},\"query-input\":{\"@type\":\"PropertyValueSpecification\",\"valueRequired\":true,\"valueName\":\"search_term_string\"}}],\"inLanguage\":\"es\"},{\"@type\":\"Organization\",\"@id\":\"https:\\\/\\\/fuentesfidedignas.com.mx\\\/#organization\",\"name\":\"Fuentes Fidedignas\",\"url\":\"https:\\\/\\\/fuentesfidedignas.com.mx\\\/\",\"logo\":{\"@type\":\"ImageObject\",\"inLanguage\":\"es\",\"@id\":\"https:\\\/\\\/fuentesfidedignas.com.mx\\\/#\\\/schema\\\/logo\\\/image\\\/\",\"url\":\"https:\\\/\\\/fuentesfidedignas.com.mx\\\/wp-content\\\/uploads\\\/2021\\\/04\\\/logo-retina.png\",\"contentUrl\":\"https:\\\/\\\/fuentesfidedignas.com.mx\\\/wp-content\\\/uploads\\\/2021\\\/04\\\/logo-retina.png\",\"width\":280,\"height\":51,\"caption\":\"Fuentes Fidedignas\"},\"image\":{\"@id\":\"https:\\\/\\\/fuentesfidedignas.com.mx\\\/#\\\/schema\\\/logo\\\/image\\\/\"},\"sameAs\":[\"https:\\\/\\\/www.facebook.com\\\/Fuentes-Fidedignas-368234489921644\",\"https:\\\/\\\/x.com\\\/fidedignas\"]},{\"@type\":\"Person\",\"@id\":\"https:\\\/\\\/fuentesfidedignas.com.mx\\\/#\\\/schema\\\/person\\\/331be9283d37198e2acd5750279085b0\",\"name\":\"Redacci\u00f3n\",\"image\":{\"@type\":\"ImageObject\",\"inLanguage\":\"es\",\"@id\":\"https:\\\/\\\/secure.gravatar.com\\\/avatar\\\/f6d8782c11d12b2d4ad3fbb6931aeab5309937a4d6cd2fc9cfaa28a6396a5aec?s=96&d=mm&r=g\",\"url\":\"https:\\\/\\\/secure.gravatar.com\\\/avatar\\\/f6d8782c11d12b2d4ad3fbb6931aeab5309937a4d6cd2fc9cfaa28a6396a5aec?s=96&d=mm&r=g\",\"contentUrl\":\"https:\\\/\\\/secure.gravatar.com\\\/avatar\\\/f6d8782c11d12b2d4ad3fbb6931aeab5309937a4d6cd2fc9cfaa28a6396a5aec?s=96&d=mm&r=g\",\"caption\":\"Redacci\u00f3n\"},\"url\":\"https:\\\/\\\/fuentesfidedignas.com.mx\\\/index.php\\\/author\\\/redaccion\\\/\"}]}<\/script>\n<!-- \/ Yoast SEO plugin. -->","yoast_head_json":{"title":"Apostando a la cultura avanzaremos a la normalidad plena en Sinaloa: Castro Mel\u00e9ndrez - Fuentes Fidedignas","robots":{"index":"index","follow":"follow","max-snippet":"max-snippet:-1","max-image-preview":"max-image-preview:large","max-video-preview":"max-video-preview:-1"},"canonical":"https:\/\/fuentesfidedignas.com.mx\/index.php\/2024\/11\/30\/apostando-a-la-cultura-avanzaremos-a-la-normalidad-plena-en-sinaloa-castro-melendrez\/","og_locale":"es_MX","og_type":"article","og_title":"Apostando a la cultura avanzaremos a la normalidad plena en Sinaloa: Castro Mel\u00e9ndrez - Fuentes Fidedignas","og_description":"Reiter\u00f3 el llamado a la poblaci\u00f3n a seguir tomando las calles, restableciendo la convivencia de la sociedad y fortaleciendo el dinamismo de la ciudad Culiac\u00e1n, Sin.- La cultura es condici\u00f3n significativa para avanzar en la recuperaci\u00f3n de la normalidad plena y la paz en Sinaloa, indic\u00f3 el Secretario General de Gobierno, Feliciano Castro Mel\u00e9ndrez, al [&hellip;]","og_url":"https:\/\/fuentesfidedignas.com.mx\/index.php\/2024\/11\/30\/apostando-a-la-cultura-avanzaremos-a-la-normalidad-plena-en-sinaloa-castro-melendrez\/","og_site_name":"Fuentes Fidedignas","article_publisher":"https:\/\/www.facebook.com\/Fuentes-Fidedignas-368234489921644","article_published_time":"2024-11-30T17:51:15+00:00","article_modified_time":"2024-11-30T17:51:17+00:00","og_image":[{"width":650,"height":433,"url":"https:\/\/fuentesfidedignas.com.mx\/wp-content\/uploads\/2024\/11\/confe_feliciano.jpeg","type":"image\/jpeg"}],"author":"Redacci\u00f3n","twitter_card":"summary_large_image","twitter_creator":"@fidedignas","twitter_site":"@fidedignas","twitter_misc":{"Escrito por":"Redacci\u00f3n","Tiempo de lectura":"1 minuto"},"schema":{"@context":"https:\/\/schema.org","@graph":[{"@type":"Article","@id":"https:\/\/fuentesfidedignas.com.mx\/index.php\/2024\/11\/30\/apostando-a-la-cultura-avanzaremos-a-la-normalidad-plena-en-sinaloa-castro-melendrez\/#article","isPartOf":{"@id":"https:\/\/fuentesfidedignas.com.mx\/index.php\/2024\/11\/30\/apostando-a-la-cultura-avanzaremos-a-la-normalidad-plena-en-sinaloa-castro-melendrez\/"},"author":{"name":"Redacci\u00f3n","@id":"https:\/\/fuentesfidedignas.com.mx\/#\/schema\/person\/331be9283d37198e2acd5750279085b0"},"headline":"Apostando a la cultura avanzaremos a la normalidad plena en Sinaloa: Castro Mel\u00e9ndrez","datePublished":"2024-11-30T17:51:15+00:00","dateModified":"2024-11-30T17:51:17+00:00","mainEntityOfPage":{"@id":"https:\/\/fuentesfidedignas.com.mx\/index.php\/2024\/11\/30\/apostando-a-la-cultura-avanzaremos-a-la-normalidad-plena-en-sinaloa-castro-melendrez\/"},"wordCount":151,"commentCount":0,"publisher":{"@id":"https:\/\/fuentesfidedignas.com.mx\/#organization"},"image":{"@id":"https:\/\/fuentesfidedignas.com.mx\/index.php\/2024\/11\/30\/apostando-a-la-cultura-avanzaremos-a-la-normalidad-plena-en-sinaloa-castro-melendrez\/#primaryimage"},"thumbnailUrl":"https:\/\/fuentesfidedignas.com.mx\/wp-content\/uploads\/2024\/11\/confe_feliciano.jpeg","articleSection":["NOTICIAS LOCALES"],"inLanguage":"es","potentialAction":[{"@type":"CommentAction","name":"Comment","target":["https:\/\/fuentesfidedignas.com.mx\/index.php\/2024\/11\/30\/apostando-a-la-cultura-avanzaremos-a-la-normalidad-plena-en-sinaloa-castro-melendrez\/#respond"]}]},{"@type":"WebPage","@id":"https:\/\/fuentesfidedignas.com.mx\/index.php\/2024\/11\/30\/apostando-a-la-cultura-avanzaremos-a-la-normalidad-plena-en-sinaloa-castro-melendrez\/","url":"https:\/\/fuentesfidedignas.com.mx\/index.php\/2024\/11\/30\/apostando-a-la-cultura-avanzaremos-a-la-normalidad-plena-en-sinaloa-castro-melendrez\/","name":"Apostando a la cultura avanzaremos a la normalidad plena en Sinaloa: Castro Mel\u00e9ndrez - Fuentes Fidedignas","isPartOf":{"@id":"https:\/\/fuentesfidedignas.com.mx\/#website"},"primaryImageOfPage":{"@id":"https:\/\/fuentesfidedignas.com.mx\/index.php\/2024\/11\/30\/apostando-a-la-cultura-avanzaremos-a-la-normalidad-plena-en-sinaloa-castro-melendrez\/#primaryimage"},"image":{"@id":"https:\/\/fuentesfidedignas.com.mx\/index.php\/2024\/11\/30\/apostando-a-la-cultura-avanzaremos-a-la-normalidad-plena-en-sinaloa-castro-melendrez\/#primaryimage"},"thumbnailUrl":"https:\/\/fuentesfidedignas.com.mx\/wp-content\/uploads\/2024\/11\/confe_feliciano.jpeg","datePublished":"2024-11-30T17:51:15+00:00","dateModified":"2024-11-30T17:51:17+00:00","breadcrumb":{"@id":"https:\/\/fuentesfidedignas.com.mx\/index.php\/2024\/11\/30\/apostando-a-la-cultura-avanzaremos-a-la-normalidad-plena-en-sinaloa-castro-melendrez\/#breadcrumb"},"inLanguage":"es","potentialAction":[{"@type":"ReadAction","target":["https:\/\/fuentesfidedignas.com.mx\/index.php\/2024\/11\/30\/apostando-a-la-cultura-avanzaremos-a-la-normalidad-plena-en-sinaloa-castro-melendrez\/"]}]},{"@type":"ImageObject","inLanguage":"es","@id":"https:\/\/fuentesfidedignas.com.mx\/index.php\/2024\/11\/30\/apostando-a-la-cultura-avanzaremos-a-la-normalidad-plena-en-sinaloa-castro-melendrez\/#primaryimage","url":"https:\/\/fuentesfidedignas.com.mx\/wp-content\/uploads\/2024\/11\/confe_feliciano.jpeg","contentUrl":"https:\/\/fuentesfidedignas.com.mx\/wp-content\/uploads\/2024\/11\/confe_feliciano.jpeg","width":650,"height":433},{"@type":"BreadcrumbList","@id":"https:\/\/fuentesfidedignas.com.mx\/index.php\/2024\/11\/30\/apostando-a-la-cultura-avanzaremos-a-la-normalidad-plena-en-sinaloa-castro-melendrez\/#breadcrumb","itemListElement":[{"@type":"ListItem","position":1,"name":"Inicio","item":"https:\/\/fuentesfidedignas.com.mx\/"},{"@type":"ListItem","position":2,"name":"Apostando a la cultura avanzaremos a la normalidad plena en Sinaloa: Castro Mel\u00e9ndrez"}]},{"@type":"WebSite","@id":"https:\/\/fuentesfidedignas.com.mx\/#website","url":"https:\/\/fuentesfidedignas.com.mx\/","name":"Fuentes Fidedignas","description":"Otro sitio realizado con WordPress","publisher":{"@id":"https:\/\/fuentesfidedignas.com.mx\/#organization"},"potentialAction":[{"@type":"SearchAction","target":{"@type":"EntryPoint","urlTemplate":"https:\/\/fuentesfidedignas.com.mx\/?s={search_term_string}"},"query-input":{"@type":"PropertyValueSpecification","valueRequired":true,"valueName":"search_term_string"}}],"inLanguage":"es"},{"@type":"Organization","@id":"https:\/\/fuentesfidedignas.com.mx\/#organization","name":"Fuentes Fidedignas","url":"https:\/\/fuentesfidedignas.com.mx\/","logo":{"@type":"ImageObject","inLanguage":"es","@id":"https:\/\/fuentesfidedignas.com.mx\/#\/schema\/logo\/image\/","url":"https:\/\/fuentesfidedignas.com.mx\/wp-content\/uploads\/2021\/04\/logo-retina.png","contentUrl":"https:\/\/fuentesfidedignas.com.mx\/wp-content\/uploads\/2021\/04\/logo-retina.png","width":280,"height":51,"caption":"Fuentes Fidedignas"},"image":{"@id":"https:\/\/fuentesfidedignas.com.mx\/#\/schema\/logo\/image\/"},"sameAs":["https:\/\/www.facebook.com\/Fuentes-Fidedignas-368234489921644","https:\/\/x.com\/fidedignas"]},{"@type":"Person","@id":"https:\/\/fuentesfidedignas.com.mx\/#\/schema\/person\/331be9283d37198e2acd5750279085b0","name":"Redacci\u00f3n","image":{"@type":"ImageObject","inLanguage":"es","@id":"https:\/\/secure.gravatar.com\/avatar\/f6d8782c11d12b2d4ad3fbb6931aeab5309937a4d6cd2fc9cfaa28a6396a5aec?s=96&d=mm&r=g","url":"https:\/\/secure.gravatar.com\/avatar\/f6d8782c11d12b2d4ad3fbb6931aeab5309937a4d6cd2fc9cfaa28a6396a5aec?s=96&d=mm&r=g","contentUrl":"https:\/\/secure.gravatar.com\/avatar\/f6d8782c11d12b2d4ad3fbb6931aeab5309937a4d6cd2fc9cfaa28a6396a5aec?s=96&d=mm&r=g","caption":"Redacci\u00f3n"},"url":"https:\/\/fuentesfidedignas.com.mx\/index.php\/author\/redaccion\/"}]}},"_links":{"self":[{"href":"https:\/\/fuentesfidedignas.com.mx\/index.php\/wp-json\/wp\/v2\/posts\/96469","targetHints":{"allow":["GET"]}}],"collection":[{"href":"https:\/\/fuentesfidedignas.com.mx\/index.php\/wp-json\/wp\/v2\/posts"}],"about":[{"href":"https:\/\/fuentesfidedignas.com.mx\/index.php\/wp-json\/wp\/v2\/types\/post"}],"author":[{"embeddable":true,"href":"https:\/\/fuentesfidedignas.com.mx\/index.php\/wp-json\/wp\/v2\/users\/4"}],"replies":[{"embeddable":true,"href":"https:\/\/fuentesfidedignas.com.mx\/index.php\/wp-json\/wp\/v2\/comments?post=96469"}],"version-history":[{"count":1,"href":"https:\/\/fuentesfidedignas.com.mx\/index.php\/wp-json\/wp\/v2\/posts\/96469\/revisions"}],"predecessor-version":[{"id":96471,"href":"https:\/\/fuentesfidedignas.com.mx\/index.php\/wp-json\/wp\/v2\/posts\/96469\/revisions\/96471"}],"wp:featuredmedia":[{"embeddable":true,"href":"https:\/\/fuentesfidedignas.com.mx\/index.php\/wp-json\/wp\/v2\/media\/96470"}],"wp:attachment":[{"href":"https:\/\/fuentesfidedignas.com.mx\/index.php\/wp-json\/wp\/v2\/media?parent=96469"}],"wp:term":[{"taxonomy":"category","embeddable":true,"href":"https:\/\/fuentesfidedignas.com.mx\/index.php\/wp-json\/wp\/v2\/categories?post=96469"},{"taxonomy":"post_tag","embeddable":true,"href":"https:\/\/fuentesfidedignas.com.mx\/index.php\/wp-json\/wp\/v2\/tags?post=96469"}],"curies":[{"name":"wp","href":"https:\/\/api.w.org\/{rel}","templated":true}]}}