{"id":96400,"date":"2025-12-12T03:01:00","date_gmt":"2025-12-12T10:01:00","guid":{"rendered":"https:\/\/fuentesfidedignas.com.mx\/?p=96400"},"modified":"2025-12-12T09:59:37","modified_gmt":"2025-12-12T16:59:37","slug":"ha-pensando-suicidarse-50-de-jovenes-lgbt-the-trevor-project-mexico","status":"publish","type":"post","link":"https:\/\/fuentesfidedignas.com.mx\/index.php\/2025\/12\/12\/ha-pensando-suicidarse-50-de-jovenes-lgbt-the-trevor-project-mexico\/","title":{"rendered":"Ha pensando suicidarse 50% de j\u00f3venes LGBT+: The Trevor Project M\u00e9xico"},"content":{"rendered":"\n<p><strong><em>De acuerdo con The Trevor Project M\u00e9xico, en el pa\u00eds m\u00e1s del 50% de las juventudes LGBT+ han pensado en el suicidio<\/em><\/strong><\/p>\n\n\n\n<p>De acuerdo con The Trevor Project M\u00e9xico, en el pa\u00eds m\u00e1s del 50% de las juventudes LGBT+ han pensado en el suicidio.<\/p>\n\n\n\n<p>Seg\u00fan el activista Gerardo S\u00e1nchez Guadarrama la discriminaci\u00f3n entre y hacia las infancias es una deuda pendiente del Estado Mexicano, impacta de manera negativa en el desarrollo de la personalidad, intelectual y emocional de este sector de la poblaci\u00f3n; as\u00ed como en su integridad f\u00edsica.<\/p>\n\n\n\n<p>A prop\u00f3sito del 20 de noviembre, D\u00eda Mundial de la Infancia, fecha conmemorativa por la Organizaci\u00f3n de las Naciones Unidas, ONU se hizo un llamado para atender factores de segregaci\u00f3n entre menores de edad que corresponde a las diferencias por el origen, el color de piel, el leguaje, as\u00ed como la orientaci\u00f3n sexual o la expresi\u00f3n de g\u00e9nero distintas a la heteronorma.<\/p>\n\n\n\n<p>Por lo que respecta a la violencia homof\u00f3bica y transf\u00f3bica en el \u00e1mbito escolar tambi\u00e9n destac\u00f3 el promotor de los Derechos Humanos LGTB+, que \u00e9sta vulnera directamente el derecho a la educaci\u00f3n de los, las y les afectades y repercute significativamente en los procesos de ense\u00f1anza y aprendizaje. De igual manera, afecta a los docentes y a la comunidad educativa en general.<\/p>\n\n\n\n<p>La Unesco ha reconocido que de la poblaci\u00f3n LGBT+ cursante desde el jard\u00edn de ni\u00f1os hasta la preparatoria o el bachillerato el 75% evitaba \u00e1reas del centro educativo, el 66% tuvo dificultades para prestar atenci\u00f3n en clases, el 33% empeor\u00f3 en calificaciones y el 17% llegaba a cambiar o abandonar la escuela, todo esto motivado por el prejuicio y la violencia sist\u00e9mica a la que se enfrentan en el entorno escolar.<\/p>\n\n\n\n<p><\/p>\n","protected":false},"excerpt":{"rendered":"<p>De acuerdo con The Trevor Project M\u00e9xico, en el pa\u00eds m\u00e1s del 50% de las juventudes LGBT+ han pensado en el suicidio De acuerdo con The Trevor Project M\u00e9xico, en el pa\u00eds m\u00e1s del 50% de las juventudes LGBT+ han pensado en el suicidio. Seg\u00fan el activista Gerardo S\u00e1nchez Guadarrama la discriminaci\u00f3n entre y hacia [&hellip;]<\/p>\n","protected":false},"author":7,"featured_media":96401,"comment_status":"open","ping_status":"open","sticky":false,"template":"","format":"standard","meta":{"tdm_status":"","tdm_grid_status":"","footnotes":""},"categories":[35,36],"tags":[],"class_list":{"0":"post-96400","1":"post","2":"type-post","3":"status-publish","4":"format-standard","5":"has-post-thumbnail","7":"category-amor-es-amor","8":"category-semanales"},"yoast_head":"<!-- This site is optimized with the Yoast SEO plugin v27.5 - https:\/\/yoast.com\/product\/yoast-seo-wordpress\/ -->\n<title>Ha pensando suicidarse 50% de j\u00f3venes LGBT+: The Trevor Project M\u00e9xico - Fuentes Fidedignas<\/title>\n<meta name=\"robots\" content=\"index, follow, max-snippet:-1, max-image-preview:large, max-video-preview:-1\" \/>\n<link rel=\"canonical\" href=\"https:\/\/fuentesfidedignas.com.mx\/index.php\/2025\/12\/12\/ha-pensando-suicidarse-50-de-jovenes-lgbt-the-trevor-project-mexico\/\" \/>\n<meta property=\"og:locale\" content=\"es_MX\" \/>\n<meta property=\"og:type\" content=\"article\" \/>\n<meta property=\"og:title\" content=\"Ha pensando suicidarse 50% de j\u00f3venes LGBT+: The Trevor Project M\u00e9xico - Fuentes Fidedignas\" \/>\n<meta property=\"og:description\" content=\"De acuerdo con The Trevor Project M\u00e9xico, en el pa\u00eds m\u00e1s del 50% de las juventudes LGBT+ han pensado en el suicidio De acuerdo con The Trevor Project M\u00e9xico, en el pa\u00eds m\u00e1s del 50% de las juventudes LGBT+ han pensado en el suicidio. Seg\u00fan el activista Gerardo S\u00e1nchez Guadarrama la discriminaci\u00f3n entre y hacia [&hellip;]\" \/>\n<meta property=\"og:url\" content=\"https:\/\/fuentesfidedignas.com.mx\/index.php\/2025\/12\/12\/ha-pensando-suicidarse-50-de-jovenes-lgbt-the-trevor-project-mexico\/\" \/>\n<meta property=\"og:site_name\" content=\"Fuentes Fidedignas\" \/>\n<meta property=\"article:publisher\" content=\"https:\/\/www.facebook.com\/Fuentes-Fidedignas-368234489921644\" \/>\n<meta property=\"article:published_time\" content=\"2025-12-12T10:01:00+00:00\" \/>\n<meta property=\"article:modified_time\" content=\"2025-12-12T16:59:37+00:00\" \/>\n<meta property=\"og:image\" content=\"https:\/\/fuentesfidedignas.com.mx\/wp-content\/uploads\/2024\/11\/suicidio_LGBT.jpg\" \/>\n\t<meta property=\"og:image:width\" content=\"690\" \/>\n\t<meta property=\"og:image:height\" content=\"407\" \/>\n\t<meta property=\"og:image:type\" content=\"image\/jpeg\" \/>\n<meta name=\"author\" content=\"Exc\u00e9lsior\" \/>\n<meta name=\"twitter:card\" content=\"summary_large_image\" \/>\n<meta name=\"twitter:creator\" content=\"@fidedignas\" \/>\n<meta name=\"twitter:site\" content=\"@fidedignas\" \/>\n<meta name=\"twitter:label1\" content=\"Escrito por\" \/>\n\t<meta name=\"twitter:data1\" content=\"Exc\u00e9lsior\" \/>\n\t<meta name=\"twitter:label2\" content=\"Tiempo de lectura\" \/>\n\t<meta name=\"twitter:data2\" content=\"2 minutos\" \/>\n<script type=\"application\/ld+json\" class=\"yoast-schema-graph\">{\"@context\":\"https:\\\/\\\/schema.org\",\"@graph\":[{\"@type\":\"Article\",\"@id\":\"https:\\\/\\\/fuentesfidedignas.com.mx\\\/index.php\\\/2025\\\/12\\\/12\\\/ha-pensando-suicidarse-50-de-jovenes-lgbt-the-trevor-project-mexico\\\/#article\",\"isPartOf\":{\"@id\":\"https:\\\/\\\/fuentesfidedignas.com.mx\\\/index.php\\\/2025\\\/12\\\/12\\\/ha-pensando-suicidarse-50-de-jovenes-lgbt-the-trevor-project-mexico\\\/\"},\"author\":{\"name\":\"Exc\u00e9lsior\",\"@id\":\"https:\\\/\\\/fuentesfidedignas.com.mx\\\/#\\\/schema\\\/person\\\/ec4edd1fbf5efa3e44fce34fe2787780\"},\"headline\":\"Ha pensando suicidarse 50% de j\u00f3venes LGBT+: The Trevor Project M\u00e9xico\",\"datePublished\":\"2025-12-12T10:01:00+00:00\",\"dateModified\":\"2025-12-12T16:59:37+00:00\",\"mainEntityOfPage\":{\"@id\":\"https:\\\/\\\/fuentesfidedignas.com.mx\\\/index.php\\\/2025\\\/12\\\/12\\\/ha-pensando-suicidarse-50-de-jovenes-lgbt-the-trevor-project-mexico\\\/\"},\"wordCount\":317,\"commentCount\":0,\"publisher\":{\"@id\":\"https:\\\/\\\/fuentesfidedignas.com.mx\\\/#organization\"},\"image\":{\"@id\":\"https:\\\/\\\/fuentesfidedignas.com.mx\\\/index.php\\\/2025\\\/12\\\/12\\\/ha-pensando-suicidarse-50-de-jovenes-lgbt-the-trevor-project-mexico\\\/#primaryimage\"},\"thumbnailUrl\":\"https:\\\/\\\/fuentesfidedignas.com.mx\\\/wp-content\\\/uploads\\\/2024\\\/11\\\/suicidio_LGBT.jpg\",\"articleSection\":[\"AMOR ES AMOR\",\"SEMANALES\"],\"inLanguage\":\"es\",\"potentialAction\":[{\"@type\":\"CommentAction\",\"name\":\"Comment\",\"target\":[\"https:\\\/\\\/fuentesfidedignas.com.mx\\\/index.php\\\/2025\\\/12\\\/12\\\/ha-pensando-suicidarse-50-de-jovenes-lgbt-the-trevor-project-mexico\\\/#respond\"]}]},{\"@type\":\"WebPage\",\"@id\":\"https:\\\/\\\/fuentesfidedignas.com.mx\\\/index.php\\\/2025\\\/12\\\/12\\\/ha-pensando-suicidarse-50-de-jovenes-lgbt-the-trevor-project-mexico\\\/\",\"url\":\"https:\\\/\\\/fuentesfidedignas.com.mx\\\/index.php\\\/2025\\\/12\\\/12\\\/ha-pensando-suicidarse-50-de-jovenes-lgbt-the-trevor-project-mexico\\\/\",\"name\":\"Ha pensando suicidarse 50% de j\u00f3venes LGBT+: The Trevor Project M\u00e9xico - Fuentes Fidedignas\",\"isPartOf\":{\"@id\":\"https:\\\/\\\/fuentesfidedignas.com.mx\\\/#website\"},\"primaryImageOfPage\":{\"@id\":\"https:\\\/\\\/fuentesfidedignas.com.mx\\\/index.php\\\/2025\\\/12\\\/12\\\/ha-pensando-suicidarse-50-de-jovenes-lgbt-the-trevor-project-mexico\\\/#primaryimage\"},\"image\":{\"@id\":\"https:\\\/\\\/fuentesfidedignas.com.mx\\\/index.php\\\/2025\\\/12\\\/12\\\/ha-pensando-suicidarse-50-de-jovenes-lgbt-the-trevor-project-mexico\\\/#primaryimage\"},\"thumbnailUrl\":\"https:\\\/\\\/fuentesfidedignas.com.mx\\\/wp-content\\\/uploads\\\/2024\\\/11\\\/suicidio_LGBT.jpg\",\"datePublished\":\"2025-12-12T10:01:00+00:00\",\"dateModified\":\"2025-12-12T16:59:37+00:00\",\"breadcrumb\":{\"@id\":\"https:\\\/\\\/fuentesfidedignas.com.mx\\\/index.php\\\/2025\\\/12\\\/12\\\/ha-pensando-suicidarse-50-de-jovenes-lgbt-the-trevor-project-mexico\\\/#breadcrumb\"},\"inLanguage\":\"es\",\"potentialAction\":[{\"@type\":\"ReadAction\",\"target\":[\"https:\\\/\\\/fuentesfidedignas.com.mx\\\/index.php\\\/2025\\\/12\\\/12\\\/ha-pensando-suicidarse-50-de-jovenes-lgbt-the-trevor-project-mexico\\\/\"]}]},{\"@type\":\"ImageObject\",\"inLanguage\":\"es\",\"@id\":\"https:\\\/\\\/fuentesfidedignas.com.mx\\\/index.php\\\/2025\\\/12\\\/12\\\/ha-pensando-suicidarse-50-de-jovenes-lgbt-the-trevor-project-mexico\\\/#primaryimage\",\"url\":\"https:\\\/\\\/fuentesfidedignas.com.mx\\\/wp-content\\\/uploads\\\/2024\\\/11\\\/suicidio_LGBT.jpg\",\"contentUrl\":\"https:\\\/\\\/fuentesfidedignas.com.mx\\\/wp-content\\\/uploads\\\/2024\\\/11\\\/suicidio_LGBT.jpg\",\"width\":690,\"height\":407},{\"@type\":\"BreadcrumbList\",\"@id\":\"https:\\\/\\\/fuentesfidedignas.com.mx\\\/index.php\\\/2025\\\/12\\\/12\\\/ha-pensando-suicidarse-50-de-jovenes-lgbt-the-trevor-project-mexico\\\/#breadcrumb\",\"itemListElement\":[{\"@type\":\"ListItem\",\"position\":1,\"name\":\"Inicio\",\"item\":\"https:\\\/\\\/fuentesfidedignas.com.mx\\\/\"},{\"@type\":\"ListItem\",\"position\":2,\"name\":\"Ha pensando suicidarse 50% de j\u00f3venes LGBT+: The Trevor Project M\u00e9xico\"}]},{\"@type\":\"WebSite\",\"@id\":\"https:\\\/\\\/fuentesfidedignas.com.mx\\\/#website\",\"url\":\"https:\\\/\\\/fuentesfidedignas.com.mx\\\/\",\"name\":\"Fuentes Fidedignas\",\"description\":\"Otro sitio realizado con WordPress\",\"publisher\":{\"@id\":\"https:\\\/\\\/fuentesfidedignas.com.mx\\\/#organization\"},\"potentialAction\":[{\"@type\":\"SearchAction\",\"target\":{\"@type\":\"EntryPoint\",\"urlTemplate\":\"https:\\\/\\\/fuentesfidedignas.com.mx\\\/?s={search_term_string}\"},\"query-input\":{\"@type\":\"PropertyValueSpecification\",\"valueRequired\":true,\"valueName\":\"search_term_string\"}}],\"inLanguage\":\"es\"},{\"@type\":\"Organization\",\"@id\":\"https:\\\/\\\/fuentesfidedignas.com.mx\\\/#organization\",\"name\":\"Fuentes Fidedignas\",\"url\":\"https:\\\/\\\/fuentesfidedignas.com.mx\\\/\",\"logo\":{\"@type\":\"ImageObject\",\"inLanguage\":\"es\",\"@id\":\"https:\\\/\\\/fuentesfidedignas.com.mx\\\/#\\\/schema\\\/logo\\\/image\\\/\",\"url\":\"https:\\\/\\\/fuentesfidedignas.com.mx\\\/wp-content\\\/uploads\\\/2021\\\/04\\\/logo-retina.png\",\"contentUrl\":\"https:\\\/\\\/fuentesfidedignas.com.mx\\\/wp-content\\\/uploads\\\/2021\\\/04\\\/logo-retina.png\",\"width\":280,\"height\":51,\"caption\":\"Fuentes Fidedignas\"},\"image\":{\"@id\":\"https:\\\/\\\/fuentesfidedignas.com.mx\\\/#\\\/schema\\\/logo\\\/image\\\/\"},\"sameAs\":[\"https:\\\/\\\/www.facebook.com\\\/Fuentes-Fidedignas-368234489921644\",\"https:\\\/\\\/x.com\\\/fidedignas\"]},{\"@type\":\"Person\",\"@id\":\"https:\\\/\\\/fuentesfidedignas.com.mx\\\/#\\\/schema\\\/person\\\/ec4edd1fbf5efa3e44fce34fe2787780\",\"name\":\"Exc\u00e9lsior\",\"image\":{\"@type\":\"ImageObject\",\"inLanguage\":\"es\",\"@id\":\"https:\\\/\\\/secure.gravatar.com\\\/avatar\\\/4b7ee9206b48be08447852b3f0814dbc7c0f3b51541b164f1464a2725614020b?s=96&d=mm&r=g\",\"url\":\"https:\\\/\\\/secure.gravatar.com\\\/avatar\\\/4b7ee9206b48be08447852b3f0814dbc7c0f3b51541b164f1464a2725614020b?s=96&d=mm&r=g\",\"contentUrl\":\"https:\\\/\\\/secure.gravatar.com\\\/avatar\\\/4b7ee9206b48be08447852b3f0814dbc7c0f3b51541b164f1464a2725614020b?s=96&d=mm&r=g\",\"caption\":\"Exc\u00e9lsior\"},\"url\":\"https:\\\/\\\/fuentesfidedignas.com.mx\\\/index.php\\\/author\\\/excelsior\\\/\"}]}<\/script>\n<!-- \/ Yoast SEO plugin. -->","yoast_head_json":{"title":"Ha pensando suicidarse 50% de j\u00f3venes LGBT+: The Trevor Project M\u00e9xico - Fuentes Fidedignas","robots":{"index":"index","follow":"follow","max-snippet":"max-snippet:-1","max-image-preview":"max-image-preview:large","max-video-preview":"max-video-preview:-1"},"canonical":"https:\/\/fuentesfidedignas.com.mx\/index.php\/2025\/12\/12\/ha-pensando-suicidarse-50-de-jovenes-lgbt-the-trevor-project-mexico\/","og_locale":"es_MX","og_type":"article","og_title":"Ha pensando suicidarse 50% de j\u00f3venes LGBT+: The Trevor Project M\u00e9xico - Fuentes Fidedignas","og_description":"De acuerdo con The Trevor Project M\u00e9xico, en el pa\u00eds m\u00e1s del 50% de las juventudes LGBT+ han pensado en el suicidio De acuerdo con The Trevor Project M\u00e9xico, en el pa\u00eds m\u00e1s del 50% de las juventudes LGBT+ han pensado en el suicidio. Seg\u00fan el activista Gerardo S\u00e1nchez Guadarrama la discriminaci\u00f3n entre y hacia [&hellip;]","og_url":"https:\/\/fuentesfidedignas.com.mx\/index.php\/2025\/12\/12\/ha-pensando-suicidarse-50-de-jovenes-lgbt-the-trevor-project-mexico\/","og_site_name":"Fuentes Fidedignas","article_publisher":"https:\/\/www.facebook.com\/Fuentes-Fidedignas-368234489921644","article_published_time":"2025-12-12T10:01:00+00:00","article_modified_time":"2025-12-12T16:59:37+00:00","og_image":[{"width":690,"height":407,"url":"https:\/\/fuentesfidedignas.com.mx\/wp-content\/uploads\/2024\/11\/suicidio_LGBT.jpg","type":"image\/jpeg"}],"author":"Exc\u00e9lsior","twitter_card":"summary_large_image","twitter_creator":"@fidedignas","twitter_site":"@fidedignas","twitter_misc":{"Escrito por":"Exc\u00e9lsior","Tiempo de lectura":"2 minutos"},"schema":{"@context":"https:\/\/schema.org","@graph":[{"@type":"Article","@id":"https:\/\/fuentesfidedignas.com.mx\/index.php\/2025\/12\/12\/ha-pensando-suicidarse-50-de-jovenes-lgbt-the-trevor-project-mexico\/#article","isPartOf":{"@id":"https:\/\/fuentesfidedignas.com.mx\/index.php\/2025\/12\/12\/ha-pensando-suicidarse-50-de-jovenes-lgbt-the-trevor-project-mexico\/"},"author":{"name":"Exc\u00e9lsior","@id":"https:\/\/fuentesfidedignas.com.mx\/#\/schema\/person\/ec4edd1fbf5efa3e44fce34fe2787780"},"headline":"Ha pensando suicidarse 50% de j\u00f3venes LGBT+: The Trevor Project M\u00e9xico","datePublished":"2025-12-12T10:01:00+00:00","dateModified":"2025-12-12T16:59:37+00:00","mainEntityOfPage":{"@id":"https:\/\/fuentesfidedignas.com.mx\/index.php\/2025\/12\/12\/ha-pensando-suicidarse-50-de-jovenes-lgbt-the-trevor-project-mexico\/"},"wordCount":317,"commentCount":0,"publisher":{"@id":"https:\/\/fuentesfidedignas.com.mx\/#organization"},"image":{"@id":"https:\/\/fuentesfidedignas.com.mx\/index.php\/2025\/12\/12\/ha-pensando-suicidarse-50-de-jovenes-lgbt-the-trevor-project-mexico\/#primaryimage"},"thumbnailUrl":"https:\/\/fuentesfidedignas.com.mx\/wp-content\/uploads\/2024\/11\/suicidio_LGBT.jpg","articleSection":["AMOR ES AMOR","SEMANALES"],"inLanguage":"es","potentialAction":[{"@type":"CommentAction","name":"Comment","target":["https:\/\/fuentesfidedignas.com.mx\/index.php\/2025\/12\/12\/ha-pensando-suicidarse-50-de-jovenes-lgbt-the-trevor-project-mexico\/#respond"]}]},{"@type":"WebPage","@id":"https:\/\/fuentesfidedignas.com.mx\/index.php\/2025\/12\/12\/ha-pensando-suicidarse-50-de-jovenes-lgbt-the-trevor-project-mexico\/","url":"https:\/\/fuentesfidedignas.com.mx\/index.php\/2025\/12\/12\/ha-pensando-suicidarse-50-de-jovenes-lgbt-the-trevor-project-mexico\/","name":"Ha pensando suicidarse 50% de j\u00f3venes LGBT+: The Trevor Project M\u00e9xico - Fuentes Fidedignas","isPartOf":{"@id":"https:\/\/fuentesfidedignas.com.mx\/#website"},"primaryImageOfPage":{"@id":"https:\/\/fuentesfidedignas.com.mx\/index.php\/2025\/12\/12\/ha-pensando-suicidarse-50-de-jovenes-lgbt-the-trevor-project-mexico\/#primaryimage"},"image":{"@id":"https:\/\/fuentesfidedignas.com.mx\/index.php\/2025\/12\/12\/ha-pensando-suicidarse-50-de-jovenes-lgbt-the-trevor-project-mexico\/#primaryimage"},"thumbnailUrl":"https:\/\/fuentesfidedignas.com.mx\/wp-content\/uploads\/2024\/11\/suicidio_LGBT.jpg","datePublished":"2025-12-12T10:01:00+00:00","dateModified":"2025-12-12T16:59:37+00:00","breadcrumb":{"@id":"https:\/\/fuentesfidedignas.com.mx\/index.php\/2025\/12\/12\/ha-pensando-suicidarse-50-de-jovenes-lgbt-the-trevor-project-mexico\/#breadcrumb"},"inLanguage":"es","potentialAction":[{"@type":"ReadAction","target":["https:\/\/fuentesfidedignas.com.mx\/index.php\/2025\/12\/12\/ha-pensando-suicidarse-50-de-jovenes-lgbt-the-trevor-project-mexico\/"]}]},{"@type":"ImageObject","inLanguage":"es","@id":"https:\/\/fuentesfidedignas.com.mx\/index.php\/2025\/12\/12\/ha-pensando-suicidarse-50-de-jovenes-lgbt-the-trevor-project-mexico\/#primaryimage","url":"https:\/\/fuentesfidedignas.com.mx\/wp-content\/uploads\/2024\/11\/suicidio_LGBT.jpg","contentUrl":"https:\/\/fuentesfidedignas.com.mx\/wp-content\/uploads\/2024\/11\/suicidio_LGBT.jpg","width":690,"height":407},{"@type":"BreadcrumbList","@id":"https:\/\/fuentesfidedignas.com.mx\/index.php\/2025\/12\/12\/ha-pensando-suicidarse-50-de-jovenes-lgbt-the-trevor-project-mexico\/#breadcrumb","itemListElement":[{"@type":"ListItem","position":1,"name":"Inicio","item":"https:\/\/fuentesfidedignas.com.mx\/"},{"@type":"ListItem","position":2,"name":"Ha pensando suicidarse 50% de j\u00f3venes LGBT+: The Trevor Project M\u00e9xico"}]},{"@type":"WebSite","@id":"https:\/\/fuentesfidedignas.com.mx\/#website","url":"https:\/\/fuentesfidedignas.com.mx\/","name":"Fuentes Fidedignas","description":"Otro sitio realizado con WordPress","publisher":{"@id":"https:\/\/fuentesfidedignas.com.mx\/#organization"},"potentialAction":[{"@type":"SearchAction","target":{"@type":"EntryPoint","urlTemplate":"https:\/\/fuentesfidedignas.com.mx\/?s={search_term_string}"},"query-input":{"@type":"PropertyValueSpecification","valueRequired":true,"valueName":"search_term_string"}}],"inLanguage":"es"},{"@type":"Organization","@id":"https:\/\/fuentesfidedignas.com.mx\/#organization","name":"Fuentes Fidedignas","url":"https:\/\/fuentesfidedignas.com.mx\/","logo":{"@type":"ImageObject","inLanguage":"es","@id":"https:\/\/fuentesfidedignas.com.mx\/#\/schema\/logo\/image\/","url":"https:\/\/fuentesfidedignas.com.mx\/wp-content\/uploads\/2021\/04\/logo-retina.png","contentUrl":"https:\/\/fuentesfidedignas.com.mx\/wp-content\/uploads\/2021\/04\/logo-retina.png","width":280,"height":51,"caption":"Fuentes Fidedignas"},"image":{"@id":"https:\/\/fuentesfidedignas.com.mx\/#\/schema\/logo\/image\/"},"sameAs":["https:\/\/www.facebook.com\/Fuentes-Fidedignas-368234489921644","https:\/\/x.com\/fidedignas"]},{"@type":"Person","@id":"https:\/\/fuentesfidedignas.com.mx\/#\/schema\/person\/ec4edd1fbf5efa3e44fce34fe2787780","name":"Exc\u00e9lsior","image":{"@type":"ImageObject","inLanguage":"es","@id":"https:\/\/secure.gravatar.com\/avatar\/4b7ee9206b48be08447852b3f0814dbc7c0f3b51541b164f1464a2725614020b?s=96&d=mm&r=g","url":"https:\/\/secure.gravatar.com\/avatar\/4b7ee9206b48be08447852b3f0814dbc7c0f3b51541b164f1464a2725614020b?s=96&d=mm&r=g","contentUrl":"https:\/\/secure.gravatar.com\/avatar\/4b7ee9206b48be08447852b3f0814dbc7c0f3b51541b164f1464a2725614020b?s=96&d=mm&r=g","caption":"Exc\u00e9lsior"},"url":"https:\/\/fuentesfidedignas.com.mx\/index.php\/author\/excelsior\/"}]}},"_links":{"self":[{"href":"https:\/\/fuentesfidedignas.com.mx\/index.php\/wp-json\/wp\/v2\/posts\/96400","targetHints":{"allow":["GET"]}}],"collection":[{"href":"https:\/\/fuentesfidedignas.com.mx\/index.php\/wp-json\/wp\/v2\/posts"}],"about":[{"href":"https:\/\/fuentesfidedignas.com.mx\/index.php\/wp-json\/wp\/v2\/types\/post"}],"author":[{"embeddable":true,"href":"https:\/\/fuentesfidedignas.com.mx\/index.php\/wp-json\/wp\/v2\/users\/7"}],"replies":[{"embeddable":true,"href":"https:\/\/fuentesfidedignas.com.mx\/index.php\/wp-json\/wp\/v2\/comments?post=96400"}],"version-history":[{"count":1,"href":"https:\/\/fuentesfidedignas.com.mx\/index.php\/wp-json\/wp\/v2\/posts\/96400\/revisions"}],"predecessor-version":[{"id":96402,"href":"https:\/\/fuentesfidedignas.com.mx\/index.php\/wp-json\/wp\/v2\/posts\/96400\/revisions\/96402"}],"wp:featuredmedia":[{"embeddable":true,"href":"https:\/\/fuentesfidedignas.com.mx\/index.php\/wp-json\/wp\/v2\/media\/96401"}],"wp:attachment":[{"href":"https:\/\/fuentesfidedignas.com.mx\/index.php\/wp-json\/wp\/v2\/media?parent=96400"}],"wp:term":[{"taxonomy":"category","embeddable":true,"href":"https:\/\/fuentesfidedignas.com.mx\/index.php\/wp-json\/wp\/v2\/categories?post=96400"},{"taxonomy":"post_tag","embeddable":true,"href":"https:\/\/fuentesfidedignas.com.mx\/index.php\/wp-json\/wp\/v2\/tags?post=96400"}],"curies":[{"name":"wp","href":"https:\/\/api.w.org\/{rel}","templated":true}]}}