{"id":964,"date":"2021-05-04T05:53:27","date_gmt":"2021-05-04T12:53:27","guid":{"rendered":"https:\/\/fuentesfidedignas.com.mx\/?p=964"},"modified":"2021-05-04T05:54:35","modified_gmt":"2021-05-04T12:54:35","slug":"hector-el-guero-palma-sale-de-penal-del-altiplano-lo-reaprehenden","status":"publish","type":"post","link":"https:\/\/fuentesfidedignas.com.mx\/index.php\/2021\/05\/04\/hector-el-guero-palma-sale-de-penal-del-altiplano-lo-reaprehenden\/","title":{"rendered":"H\u00e9ctor &#8216;El G\u00fcero&#8217; Palma sale de penal del Altiplano; lo reaprehenden"},"content":{"rendered":"\n<p><em><strong>El capo del c\u00e1rtel de Sinaloa fue absuelto del delito de delincuencia organizada tras permanecer en el penal del Altiplano, Estado de M\u00e9xico; sin embargo, fue reaprehendido y trasladado la Ciudad de M\u00e9xico. <\/strong><\/em><\/p>\n\n\n\n<p>Ciudad de M\u00e9xico.- H\u00e9ctor Luis, El G\u00fcero, Palma Salazar sali\u00f3 la madrugada de este martes de la prisi\u00f3n del Altilplano en el municipio de Almoloya de Ju\u00e1rez, Estado de M\u00e9xico, tras ser absuelto por un juez de distrito del delito de delincuencia organizada, mismo que orden\u00f3 su libertad inmediata el s\u00e1bado; sin embargo, fue reaprehendido y trasladado a la Ciudad de M\u00e9xico.<\/p>\n\n\n\n<p>El capo sali\u00f3 del penal en medio de un fuerte dispositivo de seguridad en el que intervinieron elementos de la Guardia Nacional, la Fiscal\u00eda General de la Rep\u00fablica (FGR) y SEIDO, luego de que el s\u00e1bado pasado un juez dictara su liberaci\u00f3n tras ser absuelto por el cargo de delincuencia organizada. <\/p>\n\n\n\n<p>No obstante, por una posible nueva orden aprehensi\u00f3n fue detenido nuevamente y ser\u00e1 trasladado a la Ciudad de M\u00e9xico, aunque los detalles no fueron precisados por el cuerpo de abogados consultados. <\/p>\n\n\n\n<p>A trav\u00e9s de un robusto operativo de seguridad conformado por m\u00e1s de 30 elementos vehiculares y varias decenas de uniformados de distintas corporaciones, fue que Palma Salazar parti\u00f3 con rumbo a la capital del pa\u00eds. <\/p>\n\n\n\n<p>El G\u00fcero Palma es originario de La Noria de Abajo, Mocorito, en Sinaloa. Oper\u00f3 de manera simult\u00e1nea con Joaqu\u00edn El Chapo Guzm\u00e1n hasta que fue capturado, continu\u00f3 con la actividad delictiva y posteriormente aprehendido. <\/p>\n\n\n\n<p>Cabe recordar que el narcotraficante fue capturado el 22 de junio de 1995 en Zapopan, para ser recluido en el Penal de Occidente; mientras que en 2007 fue extraditado a Estados Unidos y condenado por narcotr\u00e1fico. En 2016 fue regresado a M\u00e9xico e internado en el penal federal del Altiplano, en el cual ten\u00eda cinco a\u00f1os recluido. <\/p>\n\n\n\n<p>Tras la orden del juez. la canciller\u00eda inform\u00f3 en un comunicado que consult\u00f3 formalmente a Estados Unidos si su Departamento de Justicia tiene alguna solicitud de extradici\u00f3n pendiente contra el ex l\u00edder del c\u00e1rtel de Sinaloa y que \u201cuna vez desahogadas las consultas\u201d, se proceder\u00eda &#8220;en consecuencia conforme a lo mandatado en la sentencia del juez\u201d. <\/p>\n\n\n\n<p>La notificaci\u00f3n del juzgado Segundo de Distrito de Procesos Penales Federales en Jalisco fue recibida por la Direcci\u00f3n General del Centro Federal de Readaptaci\u00f3n Social n\u00famero 1 \u201cAltiplano\u201d, de la Secretar\u00eda de Seguridad P\u00fablica y Protecci\u00f3n Ciudadana (SSPC). <\/p>\n\n\n\n<p>\u201cEn virtud de lo anterior, el juzgado Segundo de Distrito de Procesos Penales Federales en el estado de Jalisco orden\u00f3 la inmediata y absoluta libertad de Palma Salazar \u00fanicamente por el delito y causas referidas, aunque estableci\u00f3 que \u00e9ste podr\u00eda permanecer recluido en caso de encontrarse a disposici\u00f3n alguna otra autoridad judicial por distinto delito\u201d, inform\u00f3 el gobierno federal. <\/p>\n\n\n\n<p>El 25 de febrero, la Fiscal\u00eda de Jalisco inform\u00f3 de la recepci\u00f3n de un supuesto oficio enviado por la Coordinaci\u00f3n de Penales Federales de la SSPC, concretamente del Penal del Altiplano, pero la dependencia encabezada por Rosa Icela Rodr\u00edguez aclar\u00f3 que Palma Salazar permanec\u00eda en prisi\u00f3n y no hab\u00eda resoluci\u00f3n judicial alguna que permitiera su liberaci\u00f3n. <\/p>\n","protected":false},"excerpt":{"rendered":"<p>El capo del c\u00e1rtel de Sinaloa fue absuelto del delito de delincuencia organizada tras permanecer en el penal del Altiplano, Estado de M\u00e9xico; sin embargo, fue reaprehendido y trasladado la Ciudad de M\u00e9xico. Ciudad de M\u00e9xico.- H\u00e9ctor Luis, El G\u00fcero, Palma Salazar sali\u00f3 la madrugada de este martes de la prisi\u00f3n del Altilplano en el [&hellip;]<\/p>\n","protected":false},"author":9,"featured_media":0,"comment_status":"open","ping_status":"open","sticky":false,"template":"","format":"standard","meta":{"tdm_status":"","tdm_grid_status":"","footnotes":""},"categories":[37],"tags":[],"class_list":{"0":"post-964","1":"post","2":"type-post","3":"status-publish","4":"format-standard","6":"category-nota-principal"},"yoast_head":"<!-- This site is optimized with the Yoast SEO plugin v27.5 - https:\/\/yoast.com\/product\/yoast-seo-wordpress\/ -->\n<title>H\u00e9ctor &#039;El G\u00fcero&#039; Palma sale de penal del Altiplano; lo reaprehenden - Fuentes Fidedignas<\/title>\n<meta name=\"robots\" content=\"index, follow, max-snippet:-1, max-image-preview:large, max-video-preview:-1\" \/>\n<link rel=\"canonical\" href=\"https:\/\/fuentesfidedignas.com.mx\/index.php\/2021\/05\/04\/hector-el-guero-palma-sale-de-penal-del-altiplano-lo-reaprehenden\/\" \/>\n<meta property=\"og:locale\" content=\"es_MX\" \/>\n<meta property=\"og:type\" content=\"article\" \/>\n<meta property=\"og:title\" content=\"H\u00e9ctor &#039;El G\u00fcero&#039; Palma sale de penal del Altiplano; lo reaprehenden - Fuentes Fidedignas\" \/>\n<meta property=\"og:description\" content=\"El capo del c\u00e1rtel de Sinaloa fue absuelto del delito de delincuencia organizada tras permanecer en el penal del Altiplano, Estado de M\u00e9xico; sin embargo, fue reaprehendido y trasladado la Ciudad de M\u00e9xico. Ciudad de M\u00e9xico.- H\u00e9ctor Luis, El G\u00fcero, Palma Salazar sali\u00f3 la madrugada de este martes de la prisi\u00f3n del Altilplano en el [&hellip;]\" \/>\n<meta property=\"og:url\" content=\"https:\/\/fuentesfidedignas.com.mx\/index.php\/2021\/05\/04\/hector-el-guero-palma-sale-de-penal-del-altiplano-lo-reaprehenden\/\" \/>\n<meta property=\"og:site_name\" content=\"Fuentes Fidedignas\" \/>\n<meta property=\"article:publisher\" content=\"https:\/\/www.facebook.com\/Fuentes-Fidedignas-368234489921644\" \/>\n<meta property=\"article:published_time\" content=\"2021-05-04T12:53:27+00:00\" \/>\n<meta property=\"article:modified_time\" content=\"2021-05-04T12:54:35+00:00\" \/>\n<meta property=\"og:image\" content=\"https:\/\/fuentesfidedignas.com.mx\/wp-content\/uploads\/2021\/05\/GUERO_PALMA1.jpg\" \/>\n\t<meta property=\"og:image:width\" content=\"664\" \/>\n\t<meta property=\"og:image:height\" content=\"498\" \/>\n\t<meta property=\"og:image:type\" content=\"image\/jpeg\" \/>\n<meta name=\"author\" content=\"Milenio\" \/>\n<meta name=\"twitter:card\" content=\"summary_large_image\" \/>\n<meta name=\"twitter:creator\" content=\"@fidedignas\" \/>\n<meta name=\"twitter:site\" content=\"@fidedignas\" \/>\n<meta name=\"twitter:label1\" content=\"Escrito por\" \/>\n\t<meta name=\"twitter:data1\" content=\"Milenio\" \/>\n\t<meta name=\"twitter:label2\" content=\"Tiempo de lectura\" \/>\n\t<meta name=\"twitter:data2\" content=\"3 minutos\" \/>\n<script type=\"application\/ld+json\" class=\"yoast-schema-graph\">{\"@context\":\"https:\\\/\\\/schema.org\",\"@graph\":[{\"@type\":\"Article\",\"@id\":\"https:\\\/\\\/fuentesfidedignas.com.mx\\\/index.php\\\/2021\\\/05\\\/04\\\/hector-el-guero-palma-sale-de-penal-del-altiplano-lo-reaprehenden\\\/#article\",\"isPartOf\":{\"@id\":\"https:\\\/\\\/fuentesfidedignas.com.mx\\\/index.php\\\/2021\\\/05\\\/04\\\/hector-el-guero-palma-sale-de-penal-del-altiplano-lo-reaprehenden\\\/\"},\"author\":{\"name\":\"Milenio\",\"@id\":\"https:\\\/\\\/fuentesfidedignas.com.mx\\\/#\\\/schema\\\/person\\\/47ec0135738f4b0c7495f06a77a2c976\"},\"headline\":\"H\u00e9ctor &#8216;El G\u00fcero&#8217; Palma sale de penal del Altiplano; lo reaprehenden\",\"datePublished\":\"2021-05-04T12:53:27+00:00\",\"dateModified\":\"2021-05-04T12:54:35+00:00\",\"mainEntityOfPage\":{\"@id\":\"https:\\\/\\\/fuentesfidedignas.com.mx\\\/index.php\\\/2021\\\/05\\\/04\\\/hector-el-guero-palma-sale-de-penal-del-altiplano-lo-reaprehenden\\\/\"},\"wordCount\":570,\"commentCount\":0,\"publisher\":{\"@id\":\"https:\\\/\\\/fuentesfidedignas.com.mx\\\/#organization\"},\"articleSection\":[\"NOTA PRINCIPAL\"],\"inLanguage\":\"es\",\"potentialAction\":[{\"@type\":\"CommentAction\",\"name\":\"Comment\",\"target\":[\"https:\\\/\\\/fuentesfidedignas.com.mx\\\/index.php\\\/2021\\\/05\\\/04\\\/hector-el-guero-palma-sale-de-penal-del-altiplano-lo-reaprehenden\\\/#respond\"]}]},{\"@type\":\"WebPage\",\"@id\":\"https:\\\/\\\/fuentesfidedignas.com.mx\\\/index.php\\\/2021\\\/05\\\/04\\\/hector-el-guero-palma-sale-de-penal-del-altiplano-lo-reaprehenden\\\/\",\"url\":\"https:\\\/\\\/fuentesfidedignas.com.mx\\\/index.php\\\/2021\\\/05\\\/04\\\/hector-el-guero-palma-sale-de-penal-del-altiplano-lo-reaprehenden\\\/\",\"name\":\"H\u00e9ctor 'El G\u00fcero' Palma sale de penal del Altiplano; lo reaprehenden - Fuentes Fidedignas\",\"isPartOf\":{\"@id\":\"https:\\\/\\\/fuentesfidedignas.com.mx\\\/#website\"},\"datePublished\":\"2021-05-04T12:53:27+00:00\",\"dateModified\":\"2021-05-04T12:54:35+00:00\",\"breadcrumb\":{\"@id\":\"https:\\\/\\\/fuentesfidedignas.com.mx\\\/index.php\\\/2021\\\/05\\\/04\\\/hector-el-guero-palma-sale-de-penal-del-altiplano-lo-reaprehenden\\\/#breadcrumb\"},\"inLanguage\":\"es\",\"potentialAction\":[{\"@type\":\"ReadAction\",\"target\":[\"https:\\\/\\\/fuentesfidedignas.com.mx\\\/index.php\\\/2021\\\/05\\\/04\\\/hector-el-guero-palma-sale-de-penal-del-altiplano-lo-reaprehenden\\\/\"]}]},{\"@type\":\"BreadcrumbList\",\"@id\":\"https:\\\/\\\/fuentesfidedignas.com.mx\\\/index.php\\\/2021\\\/05\\\/04\\\/hector-el-guero-palma-sale-de-penal-del-altiplano-lo-reaprehenden\\\/#breadcrumb\",\"itemListElement\":[{\"@type\":\"ListItem\",\"position\":1,\"name\":\"Inicio\",\"item\":\"https:\\\/\\\/fuentesfidedignas.com.mx\\\/\"},{\"@type\":\"ListItem\",\"position\":2,\"name\":\"H\u00e9ctor &#8216;El G\u00fcero&#8217; Palma sale de penal del Altiplano; lo reaprehenden\"}]},{\"@type\":\"WebSite\",\"@id\":\"https:\\\/\\\/fuentesfidedignas.com.mx\\\/#website\",\"url\":\"https:\\\/\\\/fuentesfidedignas.com.mx\\\/\",\"name\":\"Fuentes Fidedignas\",\"description\":\"Otro sitio realizado con WordPress\",\"publisher\":{\"@id\":\"https:\\\/\\\/fuentesfidedignas.com.mx\\\/#organization\"},\"potentialAction\":[{\"@type\":\"SearchAction\",\"target\":{\"@type\":\"EntryPoint\",\"urlTemplate\":\"https:\\\/\\\/fuentesfidedignas.com.mx\\\/?s={search_term_string}\"},\"query-input\":{\"@type\":\"PropertyValueSpecification\",\"valueRequired\":true,\"valueName\":\"search_term_string\"}}],\"inLanguage\":\"es\"},{\"@type\":\"Organization\",\"@id\":\"https:\\\/\\\/fuentesfidedignas.com.mx\\\/#organization\",\"name\":\"Fuentes Fidedignas\",\"url\":\"https:\\\/\\\/fuentesfidedignas.com.mx\\\/\",\"logo\":{\"@type\":\"ImageObject\",\"inLanguage\":\"es\",\"@id\":\"https:\\\/\\\/fuentesfidedignas.com.mx\\\/#\\\/schema\\\/logo\\\/image\\\/\",\"url\":\"https:\\\/\\\/fuentesfidedignas.com.mx\\\/wp-content\\\/uploads\\\/2021\\\/04\\\/logo-retina.png\",\"contentUrl\":\"https:\\\/\\\/fuentesfidedignas.com.mx\\\/wp-content\\\/uploads\\\/2021\\\/04\\\/logo-retina.png\",\"width\":280,\"height\":51,\"caption\":\"Fuentes Fidedignas\"},\"image\":{\"@id\":\"https:\\\/\\\/fuentesfidedignas.com.mx\\\/#\\\/schema\\\/logo\\\/image\\\/\"},\"sameAs\":[\"https:\\\/\\\/www.facebook.com\\\/Fuentes-Fidedignas-368234489921644\",\"https:\\\/\\\/x.com\\\/fidedignas\"]},{\"@type\":\"Person\",\"@id\":\"https:\\\/\\\/fuentesfidedignas.com.mx\\\/#\\\/schema\\\/person\\\/47ec0135738f4b0c7495f06a77a2c976\",\"name\":\"Milenio\",\"image\":{\"@type\":\"ImageObject\",\"inLanguage\":\"es\",\"@id\":\"https:\\\/\\\/secure.gravatar.com\\\/avatar\\\/acabf7b54753e51c2c76457954577c236b3b764789b19879565769739d1e4a75?s=96&d=mm&r=g\",\"url\":\"https:\\\/\\\/secure.gravatar.com\\\/avatar\\\/acabf7b54753e51c2c76457954577c236b3b764789b19879565769739d1e4a75?s=96&d=mm&r=g\",\"contentUrl\":\"https:\\\/\\\/secure.gravatar.com\\\/avatar\\\/acabf7b54753e51c2c76457954577c236b3b764789b19879565769739d1e4a75?s=96&d=mm&r=g\",\"caption\":\"Milenio\"},\"url\":\"https:\\\/\\\/fuentesfidedignas.com.mx\\\/index.php\\\/author\\\/milenio\\\/\"}]}<\/script>\n<!-- \/ Yoast SEO plugin. -->","yoast_head_json":{"title":"H\u00e9ctor 'El G\u00fcero' Palma sale de penal del Altiplano; lo reaprehenden - Fuentes Fidedignas","robots":{"index":"index","follow":"follow","max-snippet":"max-snippet:-1","max-image-preview":"max-image-preview:large","max-video-preview":"max-video-preview:-1"},"canonical":"https:\/\/fuentesfidedignas.com.mx\/index.php\/2021\/05\/04\/hector-el-guero-palma-sale-de-penal-del-altiplano-lo-reaprehenden\/","og_locale":"es_MX","og_type":"article","og_title":"H\u00e9ctor 'El G\u00fcero' Palma sale de penal del Altiplano; lo reaprehenden - Fuentes Fidedignas","og_description":"El capo del c\u00e1rtel de Sinaloa fue absuelto del delito de delincuencia organizada tras permanecer en el penal del Altiplano, Estado de M\u00e9xico; sin embargo, fue reaprehendido y trasladado la Ciudad de M\u00e9xico. Ciudad de M\u00e9xico.- H\u00e9ctor Luis, El G\u00fcero, Palma Salazar sali\u00f3 la madrugada de este martes de la prisi\u00f3n del Altilplano en el [&hellip;]","og_url":"https:\/\/fuentesfidedignas.com.mx\/index.php\/2021\/05\/04\/hector-el-guero-palma-sale-de-penal-del-altiplano-lo-reaprehenden\/","og_site_name":"Fuentes Fidedignas","article_publisher":"https:\/\/www.facebook.com\/Fuentes-Fidedignas-368234489921644","article_published_time":"2021-05-04T12:53:27+00:00","article_modified_time":"2021-05-04T12:54:35+00:00","og_image":[{"width":664,"height":498,"url":"https:\/\/fuentesfidedignas.com.mx\/wp-content\/uploads\/2021\/05\/GUERO_PALMA1.jpg","type":"image\/jpeg"}],"author":"Milenio","twitter_card":"summary_large_image","twitter_creator":"@fidedignas","twitter_site":"@fidedignas","twitter_misc":{"Escrito por":"Milenio","Tiempo de lectura":"3 minutos"},"schema":{"@context":"https:\/\/schema.org","@graph":[{"@type":"Article","@id":"https:\/\/fuentesfidedignas.com.mx\/index.php\/2021\/05\/04\/hector-el-guero-palma-sale-de-penal-del-altiplano-lo-reaprehenden\/#article","isPartOf":{"@id":"https:\/\/fuentesfidedignas.com.mx\/index.php\/2021\/05\/04\/hector-el-guero-palma-sale-de-penal-del-altiplano-lo-reaprehenden\/"},"author":{"name":"Milenio","@id":"https:\/\/fuentesfidedignas.com.mx\/#\/schema\/person\/47ec0135738f4b0c7495f06a77a2c976"},"headline":"H\u00e9ctor &#8216;El G\u00fcero&#8217; Palma sale de penal del Altiplano; lo reaprehenden","datePublished":"2021-05-04T12:53:27+00:00","dateModified":"2021-05-04T12:54:35+00:00","mainEntityOfPage":{"@id":"https:\/\/fuentesfidedignas.com.mx\/index.php\/2021\/05\/04\/hector-el-guero-palma-sale-de-penal-del-altiplano-lo-reaprehenden\/"},"wordCount":570,"commentCount":0,"publisher":{"@id":"https:\/\/fuentesfidedignas.com.mx\/#organization"},"articleSection":["NOTA PRINCIPAL"],"inLanguage":"es","potentialAction":[{"@type":"CommentAction","name":"Comment","target":["https:\/\/fuentesfidedignas.com.mx\/index.php\/2021\/05\/04\/hector-el-guero-palma-sale-de-penal-del-altiplano-lo-reaprehenden\/#respond"]}]},{"@type":"WebPage","@id":"https:\/\/fuentesfidedignas.com.mx\/index.php\/2021\/05\/04\/hector-el-guero-palma-sale-de-penal-del-altiplano-lo-reaprehenden\/","url":"https:\/\/fuentesfidedignas.com.mx\/index.php\/2021\/05\/04\/hector-el-guero-palma-sale-de-penal-del-altiplano-lo-reaprehenden\/","name":"H\u00e9ctor 'El G\u00fcero' Palma sale de penal del Altiplano; lo reaprehenden - Fuentes Fidedignas","isPartOf":{"@id":"https:\/\/fuentesfidedignas.com.mx\/#website"},"datePublished":"2021-05-04T12:53:27+00:00","dateModified":"2021-05-04T12:54:35+00:00","breadcrumb":{"@id":"https:\/\/fuentesfidedignas.com.mx\/index.php\/2021\/05\/04\/hector-el-guero-palma-sale-de-penal-del-altiplano-lo-reaprehenden\/#breadcrumb"},"inLanguage":"es","potentialAction":[{"@type":"ReadAction","target":["https:\/\/fuentesfidedignas.com.mx\/index.php\/2021\/05\/04\/hector-el-guero-palma-sale-de-penal-del-altiplano-lo-reaprehenden\/"]}]},{"@type":"BreadcrumbList","@id":"https:\/\/fuentesfidedignas.com.mx\/index.php\/2021\/05\/04\/hector-el-guero-palma-sale-de-penal-del-altiplano-lo-reaprehenden\/#breadcrumb","itemListElement":[{"@type":"ListItem","position":1,"name":"Inicio","item":"https:\/\/fuentesfidedignas.com.mx\/"},{"@type":"ListItem","position":2,"name":"H\u00e9ctor &#8216;El G\u00fcero&#8217; Palma sale de penal del Altiplano; lo reaprehenden"}]},{"@type":"WebSite","@id":"https:\/\/fuentesfidedignas.com.mx\/#website","url":"https:\/\/fuentesfidedignas.com.mx\/","name":"Fuentes Fidedignas","description":"Otro sitio realizado con WordPress","publisher":{"@id":"https:\/\/fuentesfidedignas.com.mx\/#organization"},"potentialAction":[{"@type":"SearchAction","target":{"@type":"EntryPoint","urlTemplate":"https:\/\/fuentesfidedignas.com.mx\/?s={search_term_string}"},"query-input":{"@type":"PropertyValueSpecification","valueRequired":true,"valueName":"search_term_string"}}],"inLanguage":"es"},{"@type":"Organization","@id":"https:\/\/fuentesfidedignas.com.mx\/#organization","name":"Fuentes Fidedignas","url":"https:\/\/fuentesfidedignas.com.mx\/","logo":{"@type":"ImageObject","inLanguage":"es","@id":"https:\/\/fuentesfidedignas.com.mx\/#\/schema\/logo\/image\/","url":"https:\/\/fuentesfidedignas.com.mx\/wp-content\/uploads\/2021\/04\/logo-retina.png","contentUrl":"https:\/\/fuentesfidedignas.com.mx\/wp-content\/uploads\/2021\/04\/logo-retina.png","width":280,"height":51,"caption":"Fuentes Fidedignas"},"image":{"@id":"https:\/\/fuentesfidedignas.com.mx\/#\/schema\/logo\/image\/"},"sameAs":["https:\/\/www.facebook.com\/Fuentes-Fidedignas-368234489921644","https:\/\/x.com\/fidedignas"]},{"@type":"Person","@id":"https:\/\/fuentesfidedignas.com.mx\/#\/schema\/person\/47ec0135738f4b0c7495f06a77a2c976","name":"Milenio","image":{"@type":"ImageObject","inLanguage":"es","@id":"https:\/\/secure.gravatar.com\/avatar\/acabf7b54753e51c2c76457954577c236b3b764789b19879565769739d1e4a75?s=96&d=mm&r=g","url":"https:\/\/secure.gravatar.com\/avatar\/acabf7b54753e51c2c76457954577c236b3b764789b19879565769739d1e4a75?s=96&d=mm&r=g","contentUrl":"https:\/\/secure.gravatar.com\/avatar\/acabf7b54753e51c2c76457954577c236b3b764789b19879565769739d1e4a75?s=96&d=mm&r=g","caption":"Milenio"},"url":"https:\/\/fuentesfidedignas.com.mx\/index.php\/author\/milenio\/"}]}},"_links":{"self":[{"href":"https:\/\/fuentesfidedignas.com.mx\/index.php\/wp-json\/wp\/v2\/posts\/964","targetHints":{"allow":["GET"]}}],"collection":[{"href":"https:\/\/fuentesfidedignas.com.mx\/index.php\/wp-json\/wp\/v2\/posts"}],"about":[{"href":"https:\/\/fuentesfidedignas.com.mx\/index.php\/wp-json\/wp\/v2\/types\/post"}],"author":[{"embeddable":true,"href":"https:\/\/fuentesfidedignas.com.mx\/index.php\/wp-json\/wp\/v2\/users\/9"}],"replies":[{"embeddable":true,"href":"https:\/\/fuentesfidedignas.com.mx\/index.php\/wp-json\/wp\/v2\/comments?post=964"}],"version-history":[{"count":2,"href":"https:\/\/fuentesfidedignas.com.mx\/index.php\/wp-json\/wp\/v2\/posts\/964\/revisions"}],"predecessor-version":[{"id":968,"href":"https:\/\/fuentesfidedignas.com.mx\/index.php\/wp-json\/wp\/v2\/posts\/964\/revisions\/968"}],"wp:attachment":[{"href":"https:\/\/fuentesfidedignas.com.mx\/index.php\/wp-json\/wp\/v2\/media?parent=964"}],"wp:term":[{"taxonomy":"category","embeddable":true,"href":"https:\/\/fuentesfidedignas.com.mx\/index.php\/wp-json\/wp\/v2\/categories?post=964"},{"taxonomy":"post_tag","embeddable":true,"href":"https:\/\/fuentesfidedignas.com.mx\/index.php\/wp-json\/wp\/v2\/tags?post=964"}],"curies":[{"name":"wp","href":"https:\/\/api.w.org\/{rel}","templated":true}]}}