{"id":96315,"date":"2024-11-27T18:56:05","date_gmt":"2024-11-28T01:56:05","guid":{"rendered":"https:\/\/fuentesfidedignas.com.mx\/?p=96315"},"modified":"2024-11-28T06:33:17","modified_gmt":"2024-11-28T13:33:17","slug":"es-oficial-maduena-vuelve-a-la-rectoria-de-la-uas-juez-levanta-media-cautelar","status":"publish","type":"post","link":"https:\/\/fuentesfidedignas.com.mx\/index.php\/2024\/11\/27\/es-oficial-maduena-vuelve-a-la-rectoria-de-la-uas-juez-levanta-media-cautelar\/","title":{"rendered":"\u00a1Es oficial! Madue\u00f1a vuelve a la Rector\u00eda de la UAS; juez levanta medida cautelar"},"content":{"rendered":"\n<p><strong><em>Al salir de la audiencia para revisi\u00f3n de medidas cautelares agradeci\u00f3 tanto a la Presidenta de la Rep\u00fablica, como al Gobernador del Estado <\/em><\/strong><\/p>\n\n\n\n<p>El Juez de Control Carlos Alberto Herrera, resolvi\u00f3 este d\u00eda levantar la medida cautelar de suspensi\u00f3n temporal del cargo como Rector de la Universidad Aut\u00f3noma de Sinaloa (UAS) al doctor Jes\u00fas Madue\u00f1a Molina, quien al salir de la audiencia para revisi\u00f3n de medidas cautelares agradeci\u00f3 tanto a la Presidenta de la Rep\u00fablica, doctora Claudia Sheinbaum Pardo como al Gobernador del Estado, doctor Rub\u00e9n Rocha Moya, por la disposici\u00f3n para que esto se cristalice.<\/p>\n\n\n\n<p>Con esta resoluci\u00f3n el doctor Madue\u00f1a Molina retoma su cargo como Rector de la m\u00e1xima casa de estudios sinaloense para el cual fue electo para el periodo 2021-2025.<\/p>\n\n\n\n<p>Al salir la Sede de Justicia Penal se dijo contento e indic\u00f3 que a ra\u00edz de la mesa de di\u00e1logo en la Secretar\u00eda de Gobernaci\u00f3n que han llevado a cabo las autoridades universitarias encabezadas por el Encargado del Despacho de Rector\u00eda, doctor Candelario Ortiz Bueno, se tiene perfilada una posible soluci\u00f3n para los procesos judiciales que enfrentan funcionarios universitarios lo que vendr\u00eda a motivar mejores condiciones para el desarrollo de la instituci\u00f3n.<\/p>\n\n\n\n<p>Este d\u00eda a solicitud del propio Madue\u00f1a Molina se desarrollaron audiencias para revisi\u00f3n de medidas cautelares por las causas penales 1117\/2023 y 918\/2023 y las causas 1034, 994, 691, 839, 1081, y 960 todas de 2024, donde el abogado defensor Milton Ayala Vega expres\u00f3 que se solicitaba modificaci\u00f3n para efecto de revocaci\u00f3n de la medida cautelar correspondiente a la fracci\u00f3n X del art\u00edculo 155 del C\u00f3digo Nacional de Procedimientos Penales.<\/p>\n\n\n\n<p>El juzgador luego de escuchar de parte de los fiscales que no hab\u00eda inconveniente en retirar la medida cautelar de separaci\u00f3n temporal del cargo, resolvi\u00f3 revocar dicha medida cautelar.<\/p>\n\n\n\n<p>Cabe aclarar que las dem\u00e1s medidas cautelares se mantienen como son el que acuda a firmar cada mes y salir del pa\u00eds solo con previo permiso del Juez.<\/p>\n","protected":false},"excerpt":{"rendered":"<p>Al salir de la audiencia para revisi\u00f3n de medidas cautelares agradeci\u00f3 tanto a la Presidenta de la Rep\u00fablica, como al Gobernador del Estado El Juez de Control Carlos Alberto Herrera, resolvi\u00f3 este d\u00eda levantar la medida cautelar de suspensi\u00f3n temporal del cargo como Rector de la Universidad Aut\u00f3noma de Sinaloa (UAS) al doctor Jes\u00fas Madue\u00f1a [&hellip;]<\/p>\n","protected":false},"author":4,"featured_media":63003,"comment_status":"open","ping_status":"open","sticky":false,"template":"","format":"standard","meta":{"tdm_status":"","tdm_grid_status":"","footnotes":""},"categories":[37],"tags":[],"class_list":{"0":"post-96315","1":"post","2":"type-post","3":"status-publish","4":"format-standard","5":"has-post-thumbnail","7":"category-nota-principal"},"yoast_head":"<!-- This site is optimized with the Yoast SEO plugin v27.5 - https:\/\/yoast.com\/product\/yoast-seo-wordpress\/ -->\n<title>\u00a1Es oficial! Madue\u00f1a vuelve a la Rector\u00eda de la UAS; juez levanta medida cautelar - Fuentes Fidedignas<\/title>\n<meta name=\"robots\" content=\"index, follow, max-snippet:-1, max-image-preview:large, max-video-preview:-1\" \/>\n<link rel=\"canonical\" href=\"https:\/\/fuentesfidedignas.com.mx\/index.php\/2024\/11\/27\/es-oficial-maduena-vuelve-a-la-rectoria-de-la-uas-juez-levanta-media-cautelar\/\" \/>\n<meta property=\"og:locale\" content=\"es_MX\" \/>\n<meta property=\"og:type\" content=\"article\" \/>\n<meta property=\"og:title\" content=\"\u00a1Es oficial! Madue\u00f1a vuelve a la Rector\u00eda de la UAS; juez levanta medida cautelar - Fuentes Fidedignas\" \/>\n<meta property=\"og:description\" content=\"Al salir de la audiencia para revisi\u00f3n de medidas cautelares agradeci\u00f3 tanto a la Presidenta de la Rep\u00fablica, como al Gobernador del Estado El Juez de Control Carlos Alberto Herrera, resolvi\u00f3 este d\u00eda levantar la medida cautelar de suspensi\u00f3n temporal del cargo como Rector de la Universidad Aut\u00f3noma de Sinaloa (UAS) al doctor Jes\u00fas Madue\u00f1a [&hellip;]\" \/>\n<meta property=\"og:url\" content=\"https:\/\/fuentesfidedignas.com.mx\/index.php\/2024\/11\/27\/es-oficial-maduena-vuelve-a-la-rectoria-de-la-uas-juez-levanta-media-cautelar\/\" \/>\n<meta property=\"og:site_name\" content=\"Fuentes Fidedignas\" \/>\n<meta property=\"article:publisher\" content=\"https:\/\/www.facebook.com\/Fuentes-Fidedignas-368234489921644\" \/>\n<meta property=\"article:published_time\" content=\"2024-11-28T01:56:05+00:00\" \/>\n<meta property=\"article:modified_time\" content=\"2024-11-28T13:33:17+00:00\" \/>\n<meta property=\"og:image\" content=\"https:\/\/fuentesfidedignas.com.mx\/wp-content\/uploads\/2023\/10\/MADUENA-AUDIENCIA-4.jpeg\" \/>\n\t<meta property=\"og:image:width\" content=\"1280\" \/>\n\t<meta property=\"og:image:height\" content=\"853\" \/>\n\t<meta property=\"og:image:type\" content=\"image\/jpeg\" \/>\n<meta name=\"author\" content=\"Redacci\u00f3n\" \/>\n<meta name=\"twitter:card\" content=\"summary_large_image\" \/>\n<meta name=\"twitter:creator\" content=\"@fidedignas\" \/>\n<meta name=\"twitter:site\" content=\"@fidedignas\" \/>\n<meta name=\"twitter:label1\" content=\"Escrito por\" \/>\n\t<meta name=\"twitter:data1\" content=\"Redacci\u00f3n\" \/>\n\t<meta name=\"twitter:label2\" content=\"Tiempo de lectura\" \/>\n\t<meta name=\"twitter:data2\" content=\"2 minutos\" \/>\n<script type=\"application\/ld+json\" class=\"yoast-schema-graph\">{\"@context\":\"https:\\\/\\\/schema.org\",\"@graph\":[{\"@type\":\"Article\",\"@id\":\"https:\\\/\\\/fuentesfidedignas.com.mx\\\/index.php\\\/2024\\\/11\\\/27\\\/es-oficial-maduena-vuelve-a-la-rectoria-de-la-uas-juez-levanta-media-cautelar\\\/#article\",\"isPartOf\":{\"@id\":\"https:\\\/\\\/fuentesfidedignas.com.mx\\\/index.php\\\/2024\\\/11\\\/27\\\/es-oficial-maduena-vuelve-a-la-rectoria-de-la-uas-juez-levanta-media-cautelar\\\/\"},\"author\":{\"name\":\"Redacci\u00f3n\",\"@id\":\"https:\\\/\\\/fuentesfidedignas.com.mx\\\/#\\\/schema\\\/person\\\/331be9283d37198e2acd5750279085b0\"},\"headline\":\"\u00a1Es oficial! Madue\u00f1a vuelve a la Rector\u00eda de la UAS; juez levanta medida cautelar\",\"datePublished\":\"2024-11-28T01:56:05+00:00\",\"dateModified\":\"2024-11-28T13:33:17+00:00\",\"mainEntityOfPage\":{\"@id\":\"https:\\\/\\\/fuentesfidedignas.com.mx\\\/index.php\\\/2024\\\/11\\\/27\\\/es-oficial-maduena-vuelve-a-la-rectoria-de-la-uas-juez-levanta-media-cautelar\\\/\"},\"wordCount\":363,\"commentCount\":0,\"publisher\":{\"@id\":\"https:\\\/\\\/fuentesfidedignas.com.mx\\\/#organization\"},\"image\":{\"@id\":\"https:\\\/\\\/fuentesfidedignas.com.mx\\\/index.php\\\/2024\\\/11\\\/27\\\/es-oficial-maduena-vuelve-a-la-rectoria-de-la-uas-juez-levanta-media-cautelar\\\/#primaryimage\"},\"thumbnailUrl\":\"https:\\\/\\\/fuentesfidedignas.com.mx\\\/wp-content\\\/uploads\\\/2023\\\/10\\\/MADUENA-AUDIENCIA-4.jpeg\",\"articleSection\":[\"NOTA PRINCIPAL\"],\"inLanguage\":\"es\",\"potentialAction\":[{\"@type\":\"CommentAction\",\"name\":\"Comment\",\"target\":[\"https:\\\/\\\/fuentesfidedignas.com.mx\\\/index.php\\\/2024\\\/11\\\/27\\\/es-oficial-maduena-vuelve-a-la-rectoria-de-la-uas-juez-levanta-media-cautelar\\\/#respond\"]}]},{\"@type\":\"WebPage\",\"@id\":\"https:\\\/\\\/fuentesfidedignas.com.mx\\\/index.php\\\/2024\\\/11\\\/27\\\/es-oficial-maduena-vuelve-a-la-rectoria-de-la-uas-juez-levanta-media-cautelar\\\/\",\"url\":\"https:\\\/\\\/fuentesfidedignas.com.mx\\\/index.php\\\/2024\\\/11\\\/27\\\/es-oficial-maduena-vuelve-a-la-rectoria-de-la-uas-juez-levanta-media-cautelar\\\/\",\"name\":\"\u00a1Es oficial! Madue\u00f1a vuelve a la Rector\u00eda de la UAS; juez levanta medida cautelar - Fuentes Fidedignas\",\"isPartOf\":{\"@id\":\"https:\\\/\\\/fuentesfidedignas.com.mx\\\/#website\"},\"primaryImageOfPage\":{\"@id\":\"https:\\\/\\\/fuentesfidedignas.com.mx\\\/index.php\\\/2024\\\/11\\\/27\\\/es-oficial-maduena-vuelve-a-la-rectoria-de-la-uas-juez-levanta-media-cautelar\\\/#primaryimage\"},\"image\":{\"@id\":\"https:\\\/\\\/fuentesfidedignas.com.mx\\\/index.php\\\/2024\\\/11\\\/27\\\/es-oficial-maduena-vuelve-a-la-rectoria-de-la-uas-juez-levanta-media-cautelar\\\/#primaryimage\"},\"thumbnailUrl\":\"https:\\\/\\\/fuentesfidedignas.com.mx\\\/wp-content\\\/uploads\\\/2023\\\/10\\\/MADUENA-AUDIENCIA-4.jpeg\",\"datePublished\":\"2024-11-28T01:56:05+00:00\",\"dateModified\":\"2024-11-28T13:33:17+00:00\",\"breadcrumb\":{\"@id\":\"https:\\\/\\\/fuentesfidedignas.com.mx\\\/index.php\\\/2024\\\/11\\\/27\\\/es-oficial-maduena-vuelve-a-la-rectoria-de-la-uas-juez-levanta-media-cautelar\\\/#breadcrumb\"},\"inLanguage\":\"es\",\"potentialAction\":[{\"@type\":\"ReadAction\",\"target\":[\"https:\\\/\\\/fuentesfidedignas.com.mx\\\/index.php\\\/2024\\\/11\\\/27\\\/es-oficial-maduena-vuelve-a-la-rectoria-de-la-uas-juez-levanta-media-cautelar\\\/\"]}]},{\"@type\":\"ImageObject\",\"inLanguage\":\"es\",\"@id\":\"https:\\\/\\\/fuentesfidedignas.com.mx\\\/index.php\\\/2024\\\/11\\\/27\\\/es-oficial-maduena-vuelve-a-la-rectoria-de-la-uas-juez-levanta-media-cautelar\\\/#primaryimage\",\"url\":\"https:\\\/\\\/fuentesfidedignas.com.mx\\\/wp-content\\\/uploads\\\/2023\\\/10\\\/MADUENA-AUDIENCIA-4.jpeg\",\"contentUrl\":\"https:\\\/\\\/fuentesfidedignas.com.mx\\\/wp-content\\\/uploads\\\/2023\\\/10\\\/MADUENA-AUDIENCIA-4.jpeg\",\"width\":1280,\"height\":853},{\"@type\":\"BreadcrumbList\",\"@id\":\"https:\\\/\\\/fuentesfidedignas.com.mx\\\/index.php\\\/2024\\\/11\\\/27\\\/es-oficial-maduena-vuelve-a-la-rectoria-de-la-uas-juez-levanta-media-cautelar\\\/#breadcrumb\",\"itemListElement\":[{\"@type\":\"ListItem\",\"position\":1,\"name\":\"Inicio\",\"item\":\"https:\\\/\\\/fuentesfidedignas.com.mx\\\/\"},{\"@type\":\"ListItem\",\"position\":2,\"name\":\"\u00a1Es oficial! Madue\u00f1a vuelve a la Rector\u00eda de la UAS; juez levanta medida cautelar\"}]},{\"@type\":\"WebSite\",\"@id\":\"https:\\\/\\\/fuentesfidedignas.com.mx\\\/#website\",\"url\":\"https:\\\/\\\/fuentesfidedignas.com.mx\\\/\",\"name\":\"Fuentes Fidedignas\",\"description\":\"Otro sitio realizado con WordPress\",\"publisher\":{\"@id\":\"https:\\\/\\\/fuentesfidedignas.com.mx\\\/#organization\"},\"potentialAction\":[{\"@type\":\"SearchAction\",\"target\":{\"@type\":\"EntryPoint\",\"urlTemplate\":\"https:\\\/\\\/fuentesfidedignas.com.mx\\\/?s={search_term_string}\"},\"query-input\":{\"@type\":\"PropertyValueSpecification\",\"valueRequired\":true,\"valueName\":\"search_term_string\"}}],\"inLanguage\":\"es\"},{\"@type\":\"Organization\",\"@id\":\"https:\\\/\\\/fuentesfidedignas.com.mx\\\/#organization\",\"name\":\"Fuentes Fidedignas\",\"url\":\"https:\\\/\\\/fuentesfidedignas.com.mx\\\/\",\"logo\":{\"@type\":\"ImageObject\",\"inLanguage\":\"es\",\"@id\":\"https:\\\/\\\/fuentesfidedignas.com.mx\\\/#\\\/schema\\\/logo\\\/image\\\/\",\"url\":\"https:\\\/\\\/fuentesfidedignas.com.mx\\\/wp-content\\\/uploads\\\/2021\\\/04\\\/logo-retina.png\",\"contentUrl\":\"https:\\\/\\\/fuentesfidedignas.com.mx\\\/wp-content\\\/uploads\\\/2021\\\/04\\\/logo-retina.png\",\"width\":280,\"height\":51,\"caption\":\"Fuentes Fidedignas\"},\"image\":{\"@id\":\"https:\\\/\\\/fuentesfidedignas.com.mx\\\/#\\\/schema\\\/logo\\\/image\\\/\"},\"sameAs\":[\"https:\\\/\\\/www.facebook.com\\\/Fuentes-Fidedignas-368234489921644\",\"https:\\\/\\\/x.com\\\/fidedignas\"]},{\"@type\":\"Person\",\"@id\":\"https:\\\/\\\/fuentesfidedignas.com.mx\\\/#\\\/schema\\\/person\\\/331be9283d37198e2acd5750279085b0\",\"name\":\"Redacci\u00f3n\",\"image\":{\"@type\":\"ImageObject\",\"inLanguage\":\"es\",\"@id\":\"https:\\\/\\\/secure.gravatar.com\\\/avatar\\\/f6d8782c11d12b2d4ad3fbb6931aeab5309937a4d6cd2fc9cfaa28a6396a5aec?s=96&d=mm&r=g\",\"url\":\"https:\\\/\\\/secure.gravatar.com\\\/avatar\\\/f6d8782c11d12b2d4ad3fbb6931aeab5309937a4d6cd2fc9cfaa28a6396a5aec?s=96&d=mm&r=g\",\"contentUrl\":\"https:\\\/\\\/secure.gravatar.com\\\/avatar\\\/f6d8782c11d12b2d4ad3fbb6931aeab5309937a4d6cd2fc9cfaa28a6396a5aec?s=96&d=mm&r=g\",\"caption\":\"Redacci\u00f3n\"},\"url\":\"https:\\\/\\\/fuentesfidedignas.com.mx\\\/index.php\\\/author\\\/redaccion\\\/\"}]}<\/script>\n<!-- \/ Yoast SEO plugin. -->","yoast_head_json":{"title":"\u00a1Es oficial! Madue\u00f1a vuelve a la Rector\u00eda de la UAS; juez levanta medida cautelar - Fuentes Fidedignas","robots":{"index":"index","follow":"follow","max-snippet":"max-snippet:-1","max-image-preview":"max-image-preview:large","max-video-preview":"max-video-preview:-1"},"canonical":"https:\/\/fuentesfidedignas.com.mx\/index.php\/2024\/11\/27\/es-oficial-maduena-vuelve-a-la-rectoria-de-la-uas-juez-levanta-media-cautelar\/","og_locale":"es_MX","og_type":"article","og_title":"\u00a1Es oficial! Madue\u00f1a vuelve a la Rector\u00eda de la UAS; juez levanta medida cautelar - Fuentes Fidedignas","og_description":"Al salir de la audiencia para revisi\u00f3n de medidas cautelares agradeci\u00f3 tanto a la Presidenta de la Rep\u00fablica, como al Gobernador del Estado El Juez de Control Carlos Alberto Herrera, resolvi\u00f3 este d\u00eda levantar la medida cautelar de suspensi\u00f3n temporal del cargo como Rector de la Universidad Aut\u00f3noma de Sinaloa (UAS) al doctor Jes\u00fas Madue\u00f1a [&hellip;]","og_url":"https:\/\/fuentesfidedignas.com.mx\/index.php\/2024\/11\/27\/es-oficial-maduena-vuelve-a-la-rectoria-de-la-uas-juez-levanta-media-cautelar\/","og_site_name":"Fuentes Fidedignas","article_publisher":"https:\/\/www.facebook.com\/Fuentes-Fidedignas-368234489921644","article_published_time":"2024-11-28T01:56:05+00:00","article_modified_time":"2024-11-28T13:33:17+00:00","og_image":[{"width":1280,"height":853,"url":"https:\/\/fuentesfidedignas.com.mx\/wp-content\/uploads\/2023\/10\/MADUENA-AUDIENCIA-4.jpeg","type":"image\/jpeg"}],"author":"Redacci\u00f3n","twitter_card":"summary_large_image","twitter_creator":"@fidedignas","twitter_site":"@fidedignas","twitter_misc":{"Escrito por":"Redacci\u00f3n","Tiempo de lectura":"2 minutos"},"schema":{"@context":"https:\/\/schema.org","@graph":[{"@type":"Article","@id":"https:\/\/fuentesfidedignas.com.mx\/index.php\/2024\/11\/27\/es-oficial-maduena-vuelve-a-la-rectoria-de-la-uas-juez-levanta-media-cautelar\/#article","isPartOf":{"@id":"https:\/\/fuentesfidedignas.com.mx\/index.php\/2024\/11\/27\/es-oficial-maduena-vuelve-a-la-rectoria-de-la-uas-juez-levanta-media-cautelar\/"},"author":{"name":"Redacci\u00f3n","@id":"https:\/\/fuentesfidedignas.com.mx\/#\/schema\/person\/331be9283d37198e2acd5750279085b0"},"headline":"\u00a1Es oficial! Madue\u00f1a vuelve a la Rector\u00eda de la UAS; juez levanta medida cautelar","datePublished":"2024-11-28T01:56:05+00:00","dateModified":"2024-11-28T13:33:17+00:00","mainEntityOfPage":{"@id":"https:\/\/fuentesfidedignas.com.mx\/index.php\/2024\/11\/27\/es-oficial-maduena-vuelve-a-la-rectoria-de-la-uas-juez-levanta-media-cautelar\/"},"wordCount":363,"commentCount":0,"publisher":{"@id":"https:\/\/fuentesfidedignas.com.mx\/#organization"},"image":{"@id":"https:\/\/fuentesfidedignas.com.mx\/index.php\/2024\/11\/27\/es-oficial-maduena-vuelve-a-la-rectoria-de-la-uas-juez-levanta-media-cautelar\/#primaryimage"},"thumbnailUrl":"https:\/\/fuentesfidedignas.com.mx\/wp-content\/uploads\/2023\/10\/MADUENA-AUDIENCIA-4.jpeg","articleSection":["NOTA PRINCIPAL"],"inLanguage":"es","potentialAction":[{"@type":"CommentAction","name":"Comment","target":["https:\/\/fuentesfidedignas.com.mx\/index.php\/2024\/11\/27\/es-oficial-maduena-vuelve-a-la-rectoria-de-la-uas-juez-levanta-media-cautelar\/#respond"]}]},{"@type":"WebPage","@id":"https:\/\/fuentesfidedignas.com.mx\/index.php\/2024\/11\/27\/es-oficial-maduena-vuelve-a-la-rectoria-de-la-uas-juez-levanta-media-cautelar\/","url":"https:\/\/fuentesfidedignas.com.mx\/index.php\/2024\/11\/27\/es-oficial-maduena-vuelve-a-la-rectoria-de-la-uas-juez-levanta-media-cautelar\/","name":"\u00a1Es oficial! Madue\u00f1a vuelve a la Rector\u00eda de la UAS; juez levanta medida cautelar - Fuentes Fidedignas","isPartOf":{"@id":"https:\/\/fuentesfidedignas.com.mx\/#website"},"primaryImageOfPage":{"@id":"https:\/\/fuentesfidedignas.com.mx\/index.php\/2024\/11\/27\/es-oficial-maduena-vuelve-a-la-rectoria-de-la-uas-juez-levanta-media-cautelar\/#primaryimage"},"image":{"@id":"https:\/\/fuentesfidedignas.com.mx\/index.php\/2024\/11\/27\/es-oficial-maduena-vuelve-a-la-rectoria-de-la-uas-juez-levanta-media-cautelar\/#primaryimage"},"thumbnailUrl":"https:\/\/fuentesfidedignas.com.mx\/wp-content\/uploads\/2023\/10\/MADUENA-AUDIENCIA-4.jpeg","datePublished":"2024-11-28T01:56:05+00:00","dateModified":"2024-11-28T13:33:17+00:00","breadcrumb":{"@id":"https:\/\/fuentesfidedignas.com.mx\/index.php\/2024\/11\/27\/es-oficial-maduena-vuelve-a-la-rectoria-de-la-uas-juez-levanta-media-cautelar\/#breadcrumb"},"inLanguage":"es","potentialAction":[{"@type":"ReadAction","target":["https:\/\/fuentesfidedignas.com.mx\/index.php\/2024\/11\/27\/es-oficial-maduena-vuelve-a-la-rectoria-de-la-uas-juez-levanta-media-cautelar\/"]}]},{"@type":"ImageObject","inLanguage":"es","@id":"https:\/\/fuentesfidedignas.com.mx\/index.php\/2024\/11\/27\/es-oficial-maduena-vuelve-a-la-rectoria-de-la-uas-juez-levanta-media-cautelar\/#primaryimage","url":"https:\/\/fuentesfidedignas.com.mx\/wp-content\/uploads\/2023\/10\/MADUENA-AUDIENCIA-4.jpeg","contentUrl":"https:\/\/fuentesfidedignas.com.mx\/wp-content\/uploads\/2023\/10\/MADUENA-AUDIENCIA-4.jpeg","width":1280,"height":853},{"@type":"BreadcrumbList","@id":"https:\/\/fuentesfidedignas.com.mx\/index.php\/2024\/11\/27\/es-oficial-maduena-vuelve-a-la-rectoria-de-la-uas-juez-levanta-media-cautelar\/#breadcrumb","itemListElement":[{"@type":"ListItem","position":1,"name":"Inicio","item":"https:\/\/fuentesfidedignas.com.mx\/"},{"@type":"ListItem","position":2,"name":"\u00a1Es oficial! Madue\u00f1a vuelve a la Rector\u00eda de la UAS; juez levanta medida cautelar"}]},{"@type":"WebSite","@id":"https:\/\/fuentesfidedignas.com.mx\/#website","url":"https:\/\/fuentesfidedignas.com.mx\/","name":"Fuentes Fidedignas","description":"Otro sitio realizado con WordPress","publisher":{"@id":"https:\/\/fuentesfidedignas.com.mx\/#organization"},"potentialAction":[{"@type":"SearchAction","target":{"@type":"EntryPoint","urlTemplate":"https:\/\/fuentesfidedignas.com.mx\/?s={search_term_string}"},"query-input":{"@type":"PropertyValueSpecification","valueRequired":true,"valueName":"search_term_string"}}],"inLanguage":"es"},{"@type":"Organization","@id":"https:\/\/fuentesfidedignas.com.mx\/#organization","name":"Fuentes Fidedignas","url":"https:\/\/fuentesfidedignas.com.mx\/","logo":{"@type":"ImageObject","inLanguage":"es","@id":"https:\/\/fuentesfidedignas.com.mx\/#\/schema\/logo\/image\/","url":"https:\/\/fuentesfidedignas.com.mx\/wp-content\/uploads\/2021\/04\/logo-retina.png","contentUrl":"https:\/\/fuentesfidedignas.com.mx\/wp-content\/uploads\/2021\/04\/logo-retina.png","width":280,"height":51,"caption":"Fuentes Fidedignas"},"image":{"@id":"https:\/\/fuentesfidedignas.com.mx\/#\/schema\/logo\/image\/"},"sameAs":["https:\/\/www.facebook.com\/Fuentes-Fidedignas-368234489921644","https:\/\/x.com\/fidedignas"]},{"@type":"Person","@id":"https:\/\/fuentesfidedignas.com.mx\/#\/schema\/person\/331be9283d37198e2acd5750279085b0","name":"Redacci\u00f3n","image":{"@type":"ImageObject","inLanguage":"es","@id":"https:\/\/secure.gravatar.com\/avatar\/f6d8782c11d12b2d4ad3fbb6931aeab5309937a4d6cd2fc9cfaa28a6396a5aec?s=96&d=mm&r=g","url":"https:\/\/secure.gravatar.com\/avatar\/f6d8782c11d12b2d4ad3fbb6931aeab5309937a4d6cd2fc9cfaa28a6396a5aec?s=96&d=mm&r=g","contentUrl":"https:\/\/secure.gravatar.com\/avatar\/f6d8782c11d12b2d4ad3fbb6931aeab5309937a4d6cd2fc9cfaa28a6396a5aec?s=96&d=mm&r=g","caption":"Redacci\u00f3n"},"url":"https:\/\/fuentesfidedignas.com.mx\/index.php\/author\/redaccion\/"}]}},"_links":{"self":[{"href":"https:\/\/fuentesfidedignas.com.mx\/index.php\/wp-json\/wp\/v2\/posts\/96315","targetHints":{"allow":["GET"]}}],"collection":[{"href":"https:\/\/fuentesfidedignas.com.mx\/index.php\/wp-json\/wp\/v2\/posts"}],"about":[{"href":"https:\/\/fuentesfidedignas.com.mx\/index.php\/wp-json\/wp\/v2\/types\/post"}],"author":[{"embeddable":true,"href":"https:\/\/fuentesfidedignas.com.mx\/index.php\/wp-json\/wp\/v2\/users\/4"}],"replies":[{"embeddable":true,"href":"https:\/\/fuentesfidedignas.com.mx\/index.php\/wp-json\/wp\/v2\/comments?post=96315"}],"version-history":[{"count":2,"href":"https:\/\/fuentesfidedignas.com.mx\/index.php\/wp-json\/wp\/v2\/posts\/96315\/revisions"}],"predecessor-version":[{"id":96335,"href":"https:\/\/fuentesfidedignas.com.mx\/index.php\/wp-json\/wp\/v2\/posts\/96315\/revisions\/96335"}],"wp:featuredmedia":[{"embeddable":true,"href":"https:\/\/fuentesfidedignas.com.mx\/index.php\/wp-json\/wp\/v2\/media\/63003"}],"wp:attachment":[{"href":"https:\/\/fuentesfidedignas.com.mx\/index.php\/wp-json\/wp\/v2\/media?parent=96315"}],"wp:term":[{"taxonomy":"category","embeddable":true,"href":"https:\/\/fuentesfidedignas.com.mx\/index.php\/wp-json\/wp\/v2\/categories?post=96315"},{"taxonomy":"post_tag","embeddable":true,"href":"https:\/\/fuentesfidedignas.com.mx\/index.php\/wp-json\/wp\/v2\/tags?post=96315"}],"curies":[{"name":"wp","href":"https:\/\/api.w.org\/{rel}","templated":true}]}}