{"id":96288,"date":"2024-11-27T14:47:41","date_gmt":"2024-11-27T21:47:41","guid":{"rendered":"https:\/\/fuentesfidedignas.com.mx\/?p=96288"},"modified":"2024-11-27T14:47:41","modified_gmt":"2024-11-27T21:47:41","slug":"senado-aprueba-en-comisiones-extincion-de-organismos-autonomos","status":"publish","type":"post","link":"https:\/\/fuentesfidedignas.com.mx\/index.php\/2024\/11\/27\/senado-aprueba-en-comisiones-extincion-de-organismos-autonomos\/","title":{"rendered":"Senado aprueba en comisiones extinci\u00f3n de organismos aut\u00f3nomos"},"content":{"rendered":"\n<p><strong><em>Las comisiones unidas de Puntos Constitucionales y Estudios Legislativos del Senado aprobaron por mayor\u00eda la extinci\u00f3n de organismos aut\u00f3nomos<\/em><\/strong><\/p>\n\n\n\n<p>El Senado de la Rep\u00fablica aprob\u00f3 en comisiones la extinci\u00f3n de siete organismos aut\u00f3nomos, entre ellos el Inai.<\/p>\n\n\n\n<p>La&nbsp;<strong>Comisi\u00f3n de Puntos Constitucionales<\/strong>&nbsp;registr\u00f3 12 votos a favor, 5 en contra y cero abstenciones, en tanto que la&nbsp;<strong>Comisi\u00f3n de Estudios Legislativos<\/strong>&nbsp;13 votos a favor, 6 en contra y cero abstenciones.<\/p>\n\n\n\n<p>Con el aval en comisiones, la&nbsp;<strong>minuta de reforma<\/strong>&nbsp;en materia de simplificaci\u00f3n org\u00e1nica fue&nbsp;<strong>remitida<\/strong>&nbsp;a la Mesa Directiva del Senado para su discusi\u00f3n y eventual aprobaci\u00f3n en el&nbsp;<strong>Pleno<\/strong>.<\/p>\n\n\n\n<p>La iniciativa prev\u00e9 la eliminaci\u00f3n de los siguientes organismos:<\/p>\n\n\n\n<ul class=\"wp-block-list\">\n<li>Instituto Nacional de Transparencia y Acceso a la Informaci\u00f3n (Inai).<\/li>\n\n\n\n<li>Comisi\u00f3n Federal de Competencia Econ\u00f3mica (Cofece).<\/li>\n\n\n\n<li>Instituto Federal de Telecomunicaciones (IFT).<\/li>\n\n\n\n<li>Consejo Nacional de Evaluaci\u00f3n de la Pol\u00edtica de Desarrollo Social (Coneval).<\/li>\n\n\n\n<li>Comisi\u00f3n Reguladora de Energ\u00eda (CRE).<\/li>\n\n\n\n<li>Comisi\u00f3n Nacional de Hidrocarburos (CNH).<\/li>\n\n\n\n<li>Comisi\u00f3n Nacional para la Mejora Continua de la Educaci\u00f3n (Mejoredu).<\/li>\n<\/ul>\n\n\n\n<p>Seg\u00fan el&nbsp;<strong>Presupuesto de Egresos para el Ejercicio Fiscal 2025<\/strong>, los siete organismos tiene un presupuesto distribuido de la siguiente manera:<\/p>\n\n\n\n<ul class=\"wp-block-list\">\n<li>Inai: 993 millones 990 mil 58 pesos.<\/li>\n\n\n\n<li>Cofece: 687 millones 866 mil 26 pesos.<\/li>\n\n\n\n<li>IFT: Mil 680 millones de pesos.<\/li>\n\n\n\n<li>Coneval: 287 millones 886 mil 726 pesos.<\/li>\n\n\n\n<li>CRE: 199 millones 854 mil 863 pesos.<\/li>\n\n\n\n<li>CNDH: 285 millones 506 mil 948 pesos.<\/li>\n\n\n\n<li>Mejoredu: 399 millones 402 mil 14\u00a0pesos.<\/li>\n<\/ul>\n\n\n\n<p><\/p>\n","protected":false},"excerpt":{"rendered":"<p>Las comisiones unidas de Puntos Constitucionales y Estudios Legislativos del Senado aprobaron por mayor\u00eda la extinci\u00f3n de organismos aut\u00f3nomos El Senado de la Rep\u00fablica aprob\u00f3 en comisiones la extinci\u00f3n de siete organismos aut\u00f3nomos, entre ellos el Inai. La&nbsp;Comisi\u00f3n de Puntos Constitucionales&nbsp;registr\u00f3 12 votos a favor, 5 en contra y cero abstenciones, en tanto que la&nbsp;Comisi\u00f3n [&hellip;]<\/p>\n","protected":false},"author":47,"featured_media":96287,"comment_status":"closed","ping_status":"open","sticky":false,"template":"","format":"standard","meta":{"tdm_status":"","tdm_grid_status":"","footnotes":""},"categories":[39],"tags":[],"class_list":{"0":"post-96288","1":"post","2":"type-post","3":"status-publish","4":"format-standard","5":"has-post-thumbnail","7":"category-noticias-nacionales"},"yoast_head":"<!-- This site is optimized with the Yoast SEO plugin v27.5 - https:\/\/yoast.com\/product\/yoast-seo-wordpress\/ -->\n<title>Senado aprueba en comisiones extinci\u00f3n de organismos aut\u00f3nomos - Fuentes Fidedignas<\/title>\n<meta name=\"robots\" content=\"index, follow, max-snippet:-1, max-image-preview:large, max-video-preview:-1\" \/>\n<link rel=\"canonical\" href=\"https:\/\/fuentesfidedignas.com.mx\/index.php\/2024\/11\/27\/senado-aprueba-en-comisiones-extincion-de-organismos-autonomos\/\" \/>\n<meta property=\"og:locale\" content=\"es_MX\" \/>\n<meta property=\"og:type\" content=\"article\" \/>\n<meta property=\"og:title\" content=\"Senado aprueba en comisiones extinci\u00f3n de organismos aut\u00f3nomos - Fuentes Fidedignas\" \/>\n<meta property=\"og:description\" content=\"Las comisiones unidas de Puntos Constitucionales y Estudios Legislativos del Senado aprobaron por mayor\u00eda la extinci\u00f3n de organismos aut\u00f3nomos El Senado de la Rep\u00fablica aprob\u00f3 en comisiones la extinci\u00f3n de siete organismos aut\u00f3nomos, entre ellos el Inai. La&nbsp;Comisi\u00f3n de Puntos Constitucionales&nbsp;registr\u00f3 12 votos a favor, 5 en contra y cero abstenciones, en tanto que la&nbsp;Comisi\u00f3n [&hellip;]\" \/>\n<meta property=\"og:url\" content=\"https:\/\/fuentesfidedignas.com.mx\/index.php\/2024\/11\/27\/senado-aprueba-en-comisiones-extincion-de-organismos-autonomos\/\" \/>\n<meta property=\"og:site_name\" content=\"Fuentes Fidedignas\" \/>\n<meta property=\"article:publisher\" content=\"https:\/\/www.facebook.com\/Fuentes-Fidedignas-368234489921644\" \/>\n<meta property=\"article:published_time\" content=\"2024-11-27T21:47:41+00:00\" \/>\n<meta property=\"og:image\" content=\"https:\/\/fuentesfidedignas.com.mx\/wp-content\/uploads\/2024\/11\/img_1684-1.jpg\" \/>\n\t<meta property=\"og:image:width\" content=\"1200\" \/>\n\t<meta property=\"og:image:height\" content=\"675\" \/>\n\t<meta property=\"og:image:type\" content=\"image\/jpeg\" \/>\n<meta name=\"author\" content=\"L\u00f3pez D\u00f3riga\" \/>\n<meta name=\"twitter:card\" content=\"summary_large_image\" \/>\n<meta name=\"twitter:creator\" content=\"@fidedignas\" \/>\n<meta name=\"twitter:site\" content=\"@fidedignas\" \/>\n<meta name=\"twitter:label1\" content=\"Escrito por\" \/>\n\t<meta name=\"twitter:data1\" content=\"L\u00f3pez D\u00f3riga\" \/>\n\t<meta name=\"twitter:label2\" content=\"Tiempo de lectura\" \/>\n\t<meta name=\"twitter:data2\" content=\"1 minuto\" \/>\n<script type=\"application\/ld+json\" class=\"yoast-schema-graph\">{\"@context\":\"https:\\\/\\\/schema.org\",\"@graph\":[{\"@type\":\"Article\",\"@id\":\"https:\\\/\\\/fuentesfidedignas.com.mx\\\/index.php\\\/2024\\\/11\\\/27\\\/senado-aprueba-en-comisiones-extincion-de-organismos-autonomos\\\/#article\",\"isPartOf\":{\"@id\":\"https:\\\/\\\/fuentesfidedignas.com.mx\\\/index.php\\\/2024\\\/11\\\/27\\\/senado-aprueba-en-comisiones-extincion-de-organismos-autonomos\\\/\"},\"author\":{\"name\":\"L\u00f3pez D\u00f3riga\",\"@id\":\"https:\\\/\\\/fuentesfidedignas.com.mx\\\/#\\\/schema\\\/person\\\/67d852f0557c8509146a4b9ddebd543a\"},\"headline\":\"Senado aprueba en comisiones extinci\u00f3n de organismos aut\u00f3nomos\",\"datePublished\":\"2024-11-27T21:47:41+00:00\",\"mainEntityOfPage\":{\"@id\":\"https:\\\/\\\/fuentesfidedignas.com.mx\\\/index.php\\\/2024\\\/11\\\/27\\\/senado-aprueba-en-comisiones-extincion-de-organismos-autonomos\\\/\"},\"wordCount\":252,\"publisher\":{\"@id\":\"https:\\\/\\\/fuentesfidedignas.com.mx\\\/#organization\"},\"image\":{\"@id\":\"https:\\\/\\\/fuentesfidedignas.com.mx\\\/index.php\\\/2024\\\/11\\\/27\\\/senado-aprueba-en-comisiones-extincion-de-organismos-autonomos\\\/#primaryimage\"},\"thumbnailUrl\":\"https:\\\/\\\/fuentesfidedignas.com.mx\\\/wp-content\\\/uploads\\\/2024\\\/11\\\/img_1684-1.jpg\",\"articleSection\":[\"NOTICIAS NACIONALES\"],\"inLanguage\":\"es\"},{\"@type\":\"WebPage\",\"@id\":\"https:\\\/\\\/fuentesfidedignas.com.mx\\\/index.php\\\/2024\\\/11\\\/27\\\/senado-aprueba-en-comisiones-extincion-de-organismos-autonomos\\\/\",\"url\":\"https:\\\/\\\/fuentesfidedignas.com.mx\\\/index.php\\\/2024\\\/11\\\/27\\\/senado-aprueba-en-comisiones-extincion-de-organismos-autonomos\\\/\",\"name\":\"Senado aprueba en comisiones extinci\u00f3n de organismos aut\u00f3nomos - Fuentes Fidedignas\",\"isPartOf\":{\"@id\":\"https:\\\/\\\/fuentesfidedignas.com.mx\\\/#website\"},\"primaryImageOfPage\":{\"@id\":\"https:\\\/\\\/fuentesfidedignas.com.mx\\\/index.php\\\/2024\\\/11\\\/27\\\/senado-aprueba-en-comisiones-extincion-de-organismos-autonomos\\\/#primaryimage\"},\"image\":{\"@id\":\"https:\\\/\\\/fuentesfidedignas.com.mx\\\/index.php\\\/2024\\\/11\\\/27\\\/senado-aprueba-en-comisiones-extincion-de-organismos-autonomos\\\/#primaryimage\"},\"thumbnailUrl\":\"https:\\\/\\\/fuentesfidedignas.com.mx\\\/wp-content\\\/uploads\\\/2024\\\/11\\\/img_1684-1.jpg\",\"datePublished\":\"2024-11-27T21:47:41+00:00\",\"breadcrumb\":{\"@id\":\"https:\\\/\\\/fuentesfidedignas.com.mx\\\/index.php\\\/2024\\\/11\\\/27\\\/senado-aprueba-en-comisiones-extincion-de-organismos-autonomos\\\/#breadcrumb\"},\"inLanguage\":\"es\",\"potentialAction\":[{\"@type\":\"ReadAction\",\"target\":[\"https:\\\/\\\/fuentesfidedignas.com.mx\\\/index.php\\\/2024\\\/11\\\/27\\\/senado-aprueba-en-comisiones-extincion-de-organismos-autonomos\\\/\"]}]},{\"@type\":\"ImageObject\",\"inLanguage\":\"es\",\"@id\":\"https:\\\/\\\/fuentesfidedignas.com.mx\\\/index.php\\\/2024\\\/11\\\/27\\\/senado-aprueba-en-comisiones-extincion-de-organismos-autonomos\\\/#primaryimage\",\"url\":\"https:\\\/\\\/fuentesfidedignas.com.mx\\\/wp-content\\\/uploads\\\/2024\\\/11\\\/img_1684-1.jpg\",\"contentUrl\":\"https:\\\/\\\/fuentesfidedignas.com.mx\\\/wp-content\\\/uploads\\\/2024\\\/11\\\/img_1684-1.jpg\",\"width\":1200,\"height\":675},{\"@type\":\"BreadcrumbList\",\"@id\":\"https:\\\/\\\/fuentesfidedignas.com.mx\\\/index.php\\\/2024\\\/11\\\/27\\\/senado-aprueba-en-comisiones-extincion-de-organismos-autonomos\\\/#breadcrumb\",\"itemListElement\":[{\"@type\":\"ListItem\",\"position\":1,\"name\":\"Inicio\",\"item\":\"https:\\\/\\\/fuentesfidedignas.com.mx\\\/\"},{\"@type\":\"ListItem\",\"position\":2,\"name\":\"Senado aprueba en comisiones extinci\u00f3n de organismos aut\u00f3nomos\"}]},{\"@type\":\"WebSite\",\"@id\":\"https:\\\/\\\/fuentesfidedignas.com.mx\\\/#website\",\"url\":\"https:\\\/\\\/fuentesfidedignas.com.mx\\\/\",\"name\":\"Fuentes Fidedignas\",\"description\":\"Otro sitio realizado con WordPress\",\"publisher\":{\"@id\":\"https:\\\/\\\/fuentesfidedignas.com.mx\\\/#organization\"},\"potentialAction\":[{\"@type\":\"SearchAction\",\"target\":{\"@type\":\"EntryPoint\",\"urlTemplate\":\"https:\\\/\\\/fuentesfidedignas.com.mx\\\/?s={search_term_string}\"},\"query-input\":{\"@type\":\"PropertyValueSpecification\",\"valueRequired\":true,\"valueName\":\"search_term_string\"}}],\"inLanguage\":\"es\"},{\"@type\":\"Organization\",\"@id\":\"https:\\\/\\\/fuentesfidedignas.com.mx\\\/#organization\",\"name\":\"Fuentes Fidedignas\",\"url\":\"https:\\\/\\\/fuentesfidedignas.com.mx\\\/\",\"logo\":{\"@type\":\"ImageObject\",\"inLanguage\":\"es\",\"@id\":\"https:\\\/\\\/fuentesfidedignas.com.mx\\\/#\\\/schema\\\/logo\\\/image\\\/\",\"url\":\"https:\\\/\\\/fuentesfidedignas.com.mx\\\/wp-content\\\/uploads\\\/2021\\\/04\\\/logo-retina.png\",\"contentUrl\":\"https:\\\/\\\/fuentesfidedignas.com.mx\\\/wp-content\\\/uploads\\\/2021\\\/04\\\/logo-retina.png\",\"width\":280,\"height\":51,\"caption\":\"Fuentes Fidedignas\"},\"image\":{\"@id\":\"https:\\\/\\\/fuentesfidedignas.com.mx\\\/#\\\/schema\\\/logo\\\/image\\\/\"},\"sameAs\":[\"https:\\\/\\\/www.facebook.com\\\/Fuentes-Fidedignas-368234489921644\",\"https:\\\/\\\/x.com\\\/fidedignas\"]},{\"@type\":\"Person\",\"@id\":\"https:\\\/\\\/fuentesfidedignas.com.mx\\\/#\\\/schema\\\/person\\\/67d852f0557c8509146a4b9ddebd543a\",\"name\":\"L\u00f3pez D\u00f3riga\",\"image\":{\"@type\":\"ImageObject\",\"inLanguage\":\"es\",\"@id\":\"https:\\\/\\\/secure.gravatar.com\\\/avatar\\\/e525b06574ca18b33cded59dfe5778d6c823b9513154eff47da551b0551bdd1e?s=96&d=mm&r=g\",\"url\":\"https:\\\/\\\/secure.gravatar.com\\\/avatar\\\/e525b06574ca18b33cded59dfe5778d6c823b9513154eff47da551b0551bdd1e?s=96&d=mm&r=g\",\"contentUrl\":\"https:\\\/\\\/secure.gravatar.com\\\/avatar\\\/e525b06574ca18b33cded59dfe5778d6c823b9513154eff47da551b0551bdd1e?s=96&d=mm&r=g\",\"caption\":\"L\u00f3pez D\u00f3riga\"},\"url\":\"https:\\\/\\\/fuentesfidedignas.com.mx\\\/index.php\\\/author\\\/doriga\\\/\"}]}<\/script>\n<!-- \/ Yoast SEO plugin. -->","yoast_head_json":{"title":"Senado aprueba en comisiones extinci\u00f3n de organismos aut\u00f3nomos - Fuentes Fidedignas","robots":{"index":"index","follow":"follow","max-snippet":"max-snippet:-1","max-image-preview":"max-image-preview:large","max-video-preview":"max-video-preview:-1"},"canonical":"https:\/\/fuentesfidedignas.com.mx\/index.php\/2024\/11\/27\/senado-aprueba-en-comisiones-extincion-de-organismos-autonomos\/","og_locale":"es_MX","og_type":"article","og_title":"Senado aprueba en comisiones extinci\u00f3n de organismos aut\u00f3nomos - Fuentes Fidedignas","og_description":"Las comisiones unidas de Puntos Constitucionales y Estudios Legislativos del Senado aprobaron por mayor\u00eda la extinci\u00f3n de organismos aut\u00f3nomos El Senado de la Rep\u00fablica aprob\u00f3 en comisiones la extinci\u00f3n de siete organismos aut\u00f3nomos, entre ellos el Inai. La&nbsp;Comisi\u00f3n de Puntos Constitucionales&nbsp;registr\u00f3 12 votos a favor, 5 en contra y cero abstenciones, en tanto que la&nbsp;Comisi\u00f3n [&hellip;]","og_url":"https:\/\/fuentesfidedignas.com.mx\/index.php\/2024\/11\/27\/senado-aprueba-en-comisiones-extincion-de-organismos-autonomos\/","og_site_name":"Fuentes Fidedignas","article_publisher":"https:\/\/www.facebook.com\/Fuentes-Fidedignas-368234489921644","article_published_time":"2024-11-27T21:47:41+00:00","og_image":[{"width":1200,"height":675,"url":"https:\/\/fuentesfidedignas.com.mx\/wp-content\/uploads\/2024\/11\/img_1684-1.jpg","type":"image\/jpeg"}],"author":"L\u00f3pez D\u00f3riga","twitter_card":"summary_large_image","twitter_creator":"@fidedignas","twitter_site":"@fidedignas","twitter_misc":{"Escrito por":"L\u00f3pez D\u00f3riga","Tiempo de lectura":"1 minuto"},"schema":{"@context":"https:\/\/schema.org","@graph":[{"@type":"Article","@id":"https:\/\/fuentesfidedignas.com.mx\/index.php\/2024\/11\/27\/senado-aprueba-en-comisiones-extincion-de-organismos-autonomos\/#article","isPartOf":{"@id":"https:\/\/fuentesfidedignas.com.mx\/index.php\/2024\/11\/27\/senado-aprueba-en-comisiones-extincion-de-organismos-autonomos\/"},"author":{"name":"L\u00f3pez D\u00f3riga","@id":"https:\/\/fuentesfidedignas.com.mx\/#\/schema\/person\/67d852f0557c8509146a4b9ddebd543a"},"headline":"Senado aprueba en comisiones extinci\u00f3n de organismos aut\u00f3nomos","datePublished":"2024-11-27T21:47:41+00:00","mainEntityOfPage":{"@id":"https:\/\/fuentesfidedignas.com.mx\/index.php\/2024\/11\/27\/senado-aprueba-en-comisiones-extincion-de-organismos-autonomos\/"},"wordCount":252,"publisher":{"@id":"https:\/\/fuentesfidedignas.com.mx\/#organization"},"image":{"@id":"https:\/\/fuentesfidedignas.com.mx\/index.php\/2024\/11\/27\/senado-aprueba-en-comisiones-extincion-de-organismos-autonomos\/#primaryimage"},"thumbnailUrl":"https:\/\/fuentesfidedignas.com.mx\/wp-content\/uploads\/2024\/11\/img_1684-1.jpg","articleSection":["NOTICIAS NACIONALES"],"inLanguage":"es"},{"@type":"WebPage","@id":"https:\/\/fuentesfidedignas.com.mx\/index.php\/2024\/11\/27\/senado-aprueba-en-comisiones-extincion-de-organismos-autonomos\/","url":"https:\/\/fuentesfidedignas.com.mx\/index.php\/2024\/11\/27\/senado-aprueba-en-comisiones-extincion-de-organismos-autonomos\/","name":"Senado aprueba en comisiones extinci\u00f3n de organismos aut\u00f3nomos - Fuentes Fidedignas","isPartOf":{"@id":"https:\/\/fuentesfidedignas.com.mx\/#website"},"primaryImageOfPage":{"@id":"https:\/\/fuentesfidedignas.com.mx\/index.php\/2024\/11\/27\/senado-aprueba-en-comisiones-extincion-de-organismos-autonomos\/#primaryimage"},"image":{"@id":"https:\/\/fuentesfidedignas.com.mx\/index.php\/2024\/11\/27\/senado-aprueba-en-comisiones-extincion-de-organismos-autonomos\/#primaryimage"},"thumbnailUrl":"https:\/\/fuentesfidedignas.com.mx\/wp-content\/uploads\/2024\/11\/img_1684-1.jpg","datePublished":"2024-11-27T21:47:41+00:00","breadcrumb":{"@id":"https:\/\/fuentesfidedignas.com.mx\/index.php\/2024\/11\/27\/senado-aprueba-en-comisiones-extincion-de-organismos-autonomos\/#breadcrumb"},"inLanguage":"es","potentialAction":[{"@type":"ReadAction","target":["https:\/\/fuentesfidedignas.com.mx\/index.php\/2024\/11\/27\/senado-aprueba-en-comisiones-extincion-de-organismos-autonomos\/"]}]},{"@type":"ImageObject","inLanguage":"es","@id":"https:\/\/fuentesfidedignas.com.mx\/index.php\/2024\/11\/27\/senado-aprueba-en-comisiones-extincion-de-organismos-autonomos\/#primaryimage","url":"https:\/\/fuentesfidedignas.com.mx\/wp-content\/uploads\/2024\/11\/img_1684-1.jpg","contentUrl":"https:\/\/fuentesfidedignas.com.mx\/wp-content\/uploads\/2024\/11\/img_1684-1.jpg","width":1200,"height":675},{"@type":"BreadcrumbList","@id":"https:\/\/fuentesfidedignas.com.mx\/index.php\/2024\/11\/27\/senado-aprueba-en-comisiones-extincion-de-organismos-autonomos\/#breadcrumb","itemListElement":[{"@type":"ListItem","position":1,"name":"Inicio","item":"https:\/\/fuentesfidedignas.com.mx\/"},{"@type":"ListItem","position":2,"name":"Senado aprueba en comisiones extinci\u00f3n de organismos aut\u00f3nomos"}]},{"@type":"WebSite","@id":"https:\/\/fuentesfidedignas.com.mx\/#website","url":"https:\/\/fuentesfidedignas.com.mx\/","name":"Fuentes Fidedignas","description":"Otro sitio realizado con WordPress","publisher":{"@id":"https:\/\/fuentesfidedignas.com.mx\/#organization"},"potentialAction":[{"@type":"SearchAction","target":{"@type":"EntryPoint","urlTemplate":"https:\/\/fuentesfidedignas.com.mx\/?s={search_term_string}"},"query-input":{"@type":"PropertyValueSpecification","valueRequired":true,"valueName":"search_term_string"}}],"inLanguage":"es"},{"@type":"Organization","@id":"https:\/\/fuentesfidedignas.com.mx\/#organization","name":"Fuentes Fidedignas","url":"https:\/\/fuentesfidedignas.com.mx\/","logo":{"@type":"ImageObject","inLanguage":"es","@id":"https:\/\/fuentesfidedignas.com.mx\/#\/schema\/logo\/image\/","url":"https:\/\/fuentesfidedignas.com.mx\/wp-content\/uploads\/2021\/04\/logo-retina.png","contentUrl":"https:\/\/fuentesfidedignas.com.mx\/wp-content\/uploads\/2021\/04\/logo-retina.png","width":280,"height":51,"caption":"Fuentes Fidedignas"},"image":{"@id":"https:\/\/fuentesfidedignas.com.mx\/#\/schema\/logo\/image\/"},"sameAs":["https:\/\/www.facebook.com\/Fuentes-Fidedignas-368234489921644","https:\/\/x.com\/fidedignas"]},{"@type":"Person","@id":"https:\/\/fuentesfidedignas.com.mx\/#\/schema\/person\/67d852f0557c8509146a4b9ddebd543a","name":"L\u00f3pez D\u00f3riga","image":{"@type":"ImageObject","inLanguage":"es","@id":"https:\/\/secure.gravatar.com\/avatar\/e525b06574ca18b33cded59dfe5778d6c823b9513154eff47da551b0551bdd1e?s=96&d=mm&r=g","url":"https:\/\/secure.gravatar.com\/avatar\/e525b06574ca18b33cded59dfe5778d6c823b9513154eff47da551b0551bdd1e?s=96&d=mm&r=g","contentUrl":"https:\/\/secure.gravatar.com\/avatar\/e525b06574ca18b33cded59dfe5778d6c823b9513154eff47da551b0551bdd1e?s=96&d=mm&r=g","caption":"L\u00f3pez D\u00f3riga"},"url":"https:\/\/fuentesfidedignas.com.mx\/index.php\/author\/doriga\/"}]}},"_links":{"self":[{"href":"https:\/\/fuentesfidedignas.com.mx\/index.php\/wp-json\/wp\/v2\/posts\/96288","targetHints":{"allow":["GET"]}}],"collection":[{"href":"https:\/\/fuentesfidedignas.com.mx\/index.php\/wp-json\/wp\/v2\/posts"}],"about":[{"href":"https:\/\/fuentesfidedignas.com.mx\/index.php\/wp-json\/wp\/v2\/types\/post"}],"author":[{"embeddable":true,"href":"https:\/\/fuentesfidedignas.com.mx\/index.php\/wp-json\/wp\/v2\/users\/47"}],"replies":[{"embeddable":true,"href":"https:\/\/fuentesfidedignas.com.mx\/index.php\/wp-json\/wp\/v2\/comments?post=96288"}],"version-history":[{"count":1,"href":"https:\/\/fuentesfidedignas.com.mx\/index.php\/wp-json\/wp\/v2\/posts\/96288\/revisions"}],"predecessor-version":[{"id":96289,"href":"https:\/\/fuentesfidedignas.com.mx\/index.php\/wp-json\/wp\/v2\/posts\/96288\/revisions\/96289"}],"wp:featuredmedia":[{"embeddable":true,"href":"https:\/\/fuentesfidedignas.com.mx\/index.php\/wp-json\/wp\/v2\/media\/96287"}],"wp:attachment":[{"href":"https:\/\/fuentesfidedignas.com.mx\/index.php\/wp-json\/wp\/v2\/media?parent=96288"}],"wp:term":[{"taxonomy":"category","embeddable":true,"href":"https:\/\/fuentesfidedignas.com.mx\/index.php\/wp-json\/wp\/v2\/categories?post=96288"},{"taxonomy":"post_tag","embeddable":true,"href":"https:\/\/fuentesfidedignas.com.mx\/index.php\/wp-json\/wp\/v2\/tags?post=96288"}],"curies":[{"name":"wp","href":"https:\/\/api.w.org\/{rel}","templated":true}]}}