{"id":96034,"date":"2024-11-23T10:03:08","date_gmt":"2024-11-23T17:03:08","guid":{"rendered":"https:\/\/fuentesfidedignas.com.mx\/?p=96034"},"modified":"2024-11-23T10:03:08","modified_gmt":"2024-11-23T17:03:08","slug":"suman-siete-funcionarios-de-seguridad-detenidos-en-operativo-enjambre-en-el-edomex","status":"publish","type":"post","link":"https:\/\/fuentesfidedignas.com.mx\/index.php\/2024\/11\/23\/suman-siete-funcionarios-de-seguridad-detenidos-en-operativo-enjambre-en-el-edomex\/","title":{"rendered":"Suman siete funcionarios de seguridad detenidos en \u2018Operativo Enjambre\u2019 en el Edomex"},"content":{"rendered":"\n<p><strong><em>Por medio de una publicaci\u00f3n en redes sociales, el secretario de Estado expuso que se emitieron 14 \u00f3rdenes de aprehensi\u00f3n \u201ccontra funcionarios que facilitaban las actividades de diversos grupos delictivos que operan en el Estado de M\u00e9xico\u201d<\/em><\/strong><\/p>\n\n\n\n<p>El secretario de Seguridad y Protecci\u00f3n Ciudadana,&nbsp;<strong>Omar Garc\u00eda Harfuch<\/strong>, inform\u00f3 que suman siete funcionarios de seguridad detenidos en el marco del \u2018Operativo Enjambre\u2019 contra autoridades municipales y mandos policiacos del&nbsp;<strong>Estado de M\u00e9xico<\/strong>.<\/p>\n\n\n\n<p>Por medio de una publicaci\u00f3n en redes sociales, el secretario de Estado expuso que se emitieron 14 \u00f3rdenes de aprehensi\u00f3n \u201ccontra funcionarios que facilitaban las actividades de diversos grupos delictivos que operan en el Estado de M\u00e9xico\u201d.<\/p>\n\n\n\n<p>Harfuch expuso que el operativo contin\u00faa y que se informar\u00e1 de sus avances.<\/p>\n\n\n\n<figure class=\"wp-block-embed\"><div class=\"wp-block-embed__wrapper\">\nhttps:\/\/x.com\/lopezdoriga\/status\/1860065808896131390?s=46\n<\/div><\/figure>\n","protected":false},"excerpt":{"rendered":"<p>Por medio de una publicaci\u00f3n en redes sociales, el secretario de Estado expuso que se emitieron 14 \u00f3rdenes de aprehensi\u00f3n \u201ccontra funcionarios que facilitaban las actividades de diversos grupos delictivos que operan en el Estado de M\u00e9xico\u201d El secretario de Seguridad y Protecci\u00f3n Ciudadana,&nbsp;Omar Garc\u00eda Harfuch, inform\u00f3 que suman siete funcionarios de seguridad detenidos en [&hellip;]<\/p>\n","protected":false},"author":47,"featured_media":96033,"comment_status":"closed","ping_status":"open","sticky":false,"template":"","format":"standard","meta":{"tdm_status":"","tdm_grid_status":"","footnotes":""},"categories":[39],"tags":[],"class_list":{"0":"post-96034","1":"post","2":"type-post","3":"status-publish","4":"format-standard","5":"has-post-thumbnail","7":"category-noticias-nacionales"},"yoast_head":"<!-- This site is optimized with the Yoast SEO plugin v27.5 - https:\/\/yoast.com\/product\/yoast-seo-wordpress\/ -->\n<title>Suman siete funcionarios de seguridad detenidos en \u2018Operativo Enjambre\u2019 en el Edomex - Fuentes Fidedignas<\/title>\n<meta name=\"robots\" content=\"index, follow, max-snippet:-1, max-image-preview:large, max-video-preview:-1\" \/>\n<link rel=\"canonical\" href=\"https:\/\/fuentesfidedignas.com.mx\/index.php\/2024\/11\/23\/suman-siete-funcionarios-de-seguridad-detenidos-en-operativo-enjambre-en-el-edomex\/\" \/>\n<meta property=\"og:locale\" content=\"es_MX\" \/>\n<meta property=\"og:type\" content=\"article\" \/>\n<meta property=\"og:title\" content=\"Suman siete funcionarios de seguridad detenidos en \u2018Operativo Enjambre\u2019 en el Edomex - Fuentes Fidedignas\" \/>\n<meta property=\"og:description\" content=\"Por medio de una publicaci\u00f3n en redes sociales, el secretario de Estado expuso que se emitieron 14 \u00f3rdenes de aprehensi\u00f3n \u201ccontra funcionarios que facilitaban las actividades de diversos grupos delictivos que operan en el Estado de M\u00e9xico\u201d El secretario de Seguridad y Protecci\u00f3n Ciudadana,&nbsp;Omar Garc\u00eda Harfuch, inform\u00f3 que suman siete funcionarios de seguridad detenidos en [&hellip;]\" \/>\n<meta property=\"og:url\" content=\"https:\/\/fuentesfidedignas.com.mx\/index.php\/2024\/11\/23\/suman-siete-funcionarios-de-seguridad-detenidos-en-operativo-enjambre-en-el-edomex\/\" \/>\n<meta property=\"og:site_name\" content=\"Fuentes Fidedignas\" \/>\n<meta property=\"article:publisher\" content=\"https:\/\/www.facebook.com\/Fuentes-Fidedignas-368234489921644\" \/>\n<meta property=\"article:published_time\" content=\"2024-11-23T17:03:08+00:00\" \/>\n<meta property=\"og:image\" content=\"https:\/\/fuentesfidedignas.com.mx\/wp-content\/uploads\/2024\/11\/img_0836-1.jpg\" \/>\n\t<meta property=\"og:image:width\" content=\"1200\" \/>\n\t<meta property=\"og:image:height\" content=\"675\" \/>\n\t<meta property=\"og:image:type\" content=\"image\/jpeg\" \/>\n<meta name=\"author\" content=\"L\u00f3pez D\u00f3riga\" \/>\n<meta name=\"twitter:card\" content=\"summary_large_image\" \/>\n<meta name=\"twitter:creator\" content=\"@fidedignas\" \/>\n<meta name=\"twitter:site\" content=\"@fidedignas\" \/>\n<meta name=\"twitter:label1\" content=\"Escrito por\" \/>\n\t<meta name=\"twitter:data1\" content=\"L\u00f3pez D\u00f3riga\" \/>\n\t<meta name=\"twitter:label2\" content=\"Tiempo de lectura\" \/>\n\t<meta name=\"twitter:data2\" content=\"1 minuto\" \/>\n<script type=\"application\/ld+json\" class=\"yoast-schema-graph\">{\"@context\":\"https:\\\/\\\/schema.org\",\"@graph\":[{\"@type\":\"Article\",\"@id\":\"https:\\\/\\\/fuentesfidedignas.com.mx\\\/index.php\\\/2024\\\/11\\\/23\\\/suman-siete-funcionarios-de-seguridad-detenidos-en-operativo-enjambre-en-el-edomex\\\/#article\",\"isPartOf\":{\"@id\":\"https:\\\/\\\/fuentesfidedignas.com.mx\\\/index.php\\\/2024\\\/11\\\/23\\\/suman-siete-funcionarios-de-seguridad-detenidos-en-operativo-enjambre-en-el-edomex\\\/\"},\"author\":{\"name\":\"L\u00f3pez D\u00f3riga\",\"@id\":\"https:\\\/\\\/fuentesfidedignas.com.mx\\\/#\\\/schema\\\/person\\\/67d852f0557c8509146a4b9ddebd543a\"},\"headline\":\"Suman siete funcionarios de seguridad detenidos en \u2018Operativo Enjambre\u2019 en el Edomex\",\"datePublished\":\"2024-11-23T17:03:08+00:00\",\"mainEntityOfPage\":{\"@id\":\"https:\\\/\\\/fuentesfidedignas.com.mx\\\/index.php\\\/2024\\\/11\\\/23\\\/suman-siete-funcionarios-de-seguridad-detenidos-en-operativo-enjambre-en-el-edomex\\\/\"},\"wordCount\":149,\"publisher\":{\"@id\":\"https:\\\/\\\/fuentesfidedignas.com.mx\\\/#organization\"},\"image\":{\"@id\":\"https:\\\/\\\/fuentesfidedignas.com.mx\\\/index.php\\\/2024\\\/11\\\/23\\\/suman-siete-funcionarios-de-seguridad-detenidos-en-operativo-enjambre-en-el-edomex\\\/#primaryimage\"},\"thumbnailUrl\":\"https:\\\/\\\/fuentesfidedignas.com.mx\\\/wp-content\\\/uploads\\\/2024\\\/11\\\/img_0836-1.jpg\",\"articleSection\":[\"NOTICIAS NACIONALES\"],\"inLanguage\":\"es\"},{\"@type\":\"WebPage\",\"@id\":\"https:\\\/\\\/fuentesfidedignas.com.mx\\\/index.php\\\/2024\\\/11\\\/23\\\/suman-siete-funcionarios-de-seguridad-detenidos-en-operativo-enjambre-en-el-edomex\\\/\",\"url\":\"https:\\\/\\\/fuentesfidedignas.com.mx\\\/index.php\\\/2024\\\/11\\\/23\\\/suman-siete-funcionarios-de-seguridad-detenidos-en-operativo-enjambre-en-el-edomex\\\/\",\"name\":\"Suman siete funcionarios de seguridad detenidos en \u2018Operativo Enjambre\u2019 en el Edomex - Fuentes Fidedignas\",\"isPartOf\":{\"@id\":\"https:\\\/\\\/fuentesfidedignas.com.mx\\\/#website\"},\"primaryImageOfPage\":{\"@id\":\"https:\\\/\\\/fuentesfidedignas.com.mx\\\/index.php\\\/2024\\\/11\\\/23\\\/suman-siete-funcionarios-de-seguridad-detenidos-en-operativo-enjambre-en-el-edomex\\\/#primaryimage\"},\"image\":{\"@id\":\"https:\\\/\\\/fuentesfidedignas.com.mx\\\/index.php\\\/2024\\\/11\\\/23\\\/suman-siete-funcionarios-de-seguridad-detenidos-en-operativo-enjambre-en-el-edomex\\\/#primaryimage\"},\"thumbnailUrl\":\"https:\\\/\\\/fuentesfidedignas.com.mx\\\/wp-content\\\/uploads\\\/2024\\\/11\\\/img_0836-1.jpg\",\"datePublished\":\"2024-11-23T17:03:08+00:00\",\"breadcrumb\":{\"@id\":\"https:\\\/\\\/fuentesfidedignas.com.mx\\\/index.php\\\/2024\\\/11\\\/23\\\/suman-siete-funcionarios-de-seguridad-detenidos-en-operativo-enjambre-en-el-edomex\\\/#breadcrumb\"},\"inLanguage\":\"es\",\"potentialAction\":[{\"@type\":\"ReadAction\",\"target\":[\"https:\\\/\\\/fuentesfidedignas.com.mx\\\/index.php\\\/2024\\\/11\\\/23\\\/suman-siete-funcionarios-de-seguridad-detenidos-en-operativo-enjambre-en-el-edomex\\\/\"]}]},{\"@type\":\"ImageObject\",\"inLanguage\":\"es\",\"@id\":\"https:\\\/\\\/fuentesfidedignas.com.mx\\\/index.php\\\/2024\\\/11\\\/23\\\/suman-siete-funcionarios-de-seguridad-detenidos-en-operativo-enjambre-en-el-edomex\\\/#primaryimage\",\"url\":\"https:\\\/\\\/fuentesfidedignas.com.mx\\\/wp-content\\\/uploads\\\/2024\\\/11\\\/img_0836-1.jpg\",\"contentUrl\":\"https:\\\/\\\/fuentesfidedignas.com.mx\\\/wp-content\\\/uploads\\\/2024\\\/11\\\/img_0836-1.jpg\",\"width\":1200,\"height\":675},{\"@type\":\"BreadcrumbList\",\"@id\":\"https:\\\/\\\/fuentesfidedignas.com.mx\\\/index.php\\\/2024\\\/11\\\/23\\\/suman-siete-funcionarios-de-seguridad-detenidos-en-operativo-enjambre-en-el-edomex\\\/#breadcrumb\",\"itemListElement\":[{\"@type\":\"ListItem\",\"position\":1,\"name\":\"Inicio\",\"item\":\"https:\\\/\\\/fuentesfidedignas.com.mx\\\/\"},{\"@type\":\"ListItem\",\"position\":2,\"name\":\"Suman siete funcionarios de seguridad detenidos en \u2018Operativo Enjambre\u2019 en el Edomex\"}]},{\"@type\":\"WebSite\",\"@id\":\"https:\\\/\\\/fuentesfidedignas.com.mx\\\/#website\",\"url\":\"https:\\\/\\\/fuentesfidedignas.com.mx\\\/\",\"name\":\"Fuentes Fidedignas\",\"description\":\"Otro sitio realizado con WordPress\",\"publisher\":{\"@id\":\"https:\\\/\\\/fuentesfidedignas.com.mx\\\/#organization\"},\"potentialAction\":[{\"@type\":\"SearchAction\",\"target\":{\"@type\":\"EntryPoint\",\"urlTemplate\":\"https:\\\/\\\/fuentesfidedignas.com.mx\\\/?s={search_term_string}\"},\"query-input\":{\"@type\":\"PropertyValueSpecification\",\"valueRequired\":true,\"valueName\":\"search_term_string\"}}],\"inLanguage\":\"es\"},{\"@type\":\"Organization\",\"@id\":\"https:\\\/\\\/fuentesfidedignas.com.mx\\\/#organization\",\"name\":\"Fuentes Fidedignas\",\"url\":\"https:\\\/\\\/fuentesfidedignas.com.mx\\\/\",\"logo\":{\"@type\":\"ImageObject\",\"inLanguage\":\"es\",\"@id\":\"https:\\\/\\\/fuentesfidedignas.com.mx\\\/#\\\/schema\\\/logo\\\/image\\\/\",\"url\":\"https:\\\/\\\/fuentesfidedignas.com.mx\\\/wp-content\\\/uploads\\\/2021\\\/04\\\/logo-retina.png\",\"contentUrl\":\"https:\\\/\\\/fuentesfidedignas.com.mx\\\/wp-content\\\/uploads\\\/2021\\\/04\\\/logo-retina.png\",\"width\":280,\"height\":51,\"caption\":\"Fuentes Fidedignas\"},\"image\":{\"@id\":\"https:\\\/\\\/fuentesfidedignas.com.mx\\\/#\\\/schema\\\/logo\\\/image\\\/\"},\"sameAs\":[\"https:\\\/\\\/www.facebook.com\\\/Fuentes-Fidedignas-368234489921644\",\"https:\\\/\\\/x.com\\\/fidedignas\"]},{\"@type\":\"Person\",\"@id\":\"https:\\\/\\\/fuentesfidedignas.com.mx\\\/#\\\/schema\\\/person\\\/67d852f0557c8509146a4b9ddebd543a\",\"name\":\"L\u00f3pez D\u00f3riga\",\"image\":{\"@type\":\"ImageObject\",\"inLanguage\":\"es\",\"@id\":\"https:\\\/\\\/secure.gravatar.com\\\/avatar\\\/e525b06574ca18b33cded59dfe5778d6c823b9513154eff47da551b0551bdd1e?s=96&d=mm&r=g\",\"url\":\"https:\\\/\\\/secure.gravatar.com\\\/avatar\\\/e525b06574ca18b33cded59dfe5778d6c823b9513154eff47da551b0551bdd1e?s=96&d=mm&r=g\",\"contentUrl\":\"https:\\\/\\\/secure.gravatar.com\\\/avatar\\\/e525b06574ca18b33cded59dfe5778d6c823b9513154eff47da551b0551bdd1e?s=96&d=mm&r=g\",\"caption\":\"L\u00f3pez D\u00f3riga\"},\"url\":\"https:\\\/\\\/fuentesfidedignas.com.mx\\\/index.php\\\/author\\\/doriga\\\/\"}]}<\/script>\n<!-- \/ Yoast SEO plugin. -->","yoast_head_json":{"title":"Suman siete funcionarios de seguridad detenidos en \u2018Operativo Enjambre\u2019 en el Edomex - Fuentes Fidedignas","robots":{"index":"index","follow":"follow","max-snippet":"max-snippet:-1","max-image-preview":"max-image-preview:large","max-video-preview":"max-video-preview:-1"},"canonical":"https:\/\/fuentesfidedignas.com.mx\/index.php\/2024\/11\/23\/suman-siete-funcionarios-de-seguridad-detenidos-en-operativo-enjambre-en-el-edomex\/","og_locale":"es_MX","og_type":"article","og_title":"Suman siete funcionarios de seguridad detenidos en \u2018Operativo Enjambre\u2019 en el Edomex - Fuentes Fidedignas","og_description":"Por medio de una publicaci\u00f3n en redes sociales, el secretario de Estado expuso que se emitieron 14 \u00f3rdenes de aprehensi\u00f3n \u201ccontra funcionarios que facilitaban las actividades de diversos grupos delictivos que operan en el Estado de M\u00e9xico\u201d El secretario de Seguridad y Protecci\u00f3n Ciudadana,&nbsp;Omar Garc\u00eda Harfuch, inform\u00f3 que suman siete funcionarios de seguridad detenidos en [&hellip;]","og_url":"https:\/\/fuentesfidedignas.com.mx\/index.php\/2024\/11\/23\/suman-siete-funcionarios-de-seguridad-detenidos-en-operativo-enjambre-en-el-edomex\/","og_site_name":"Fuentes Fidedignas","article_publisher":"https:\/\/www.facebook.com\/Fuentes-Fidedignas-368234489921644","article_published_time":"2024-11-23T17:03:08+00:00","og_image":[{"width":1200,"height":675,"url":"https:\/\/fuentesfidedignas.com.mx\/wp-content\/uploads\/2024\/11\/img_0836-1.jpg","type":"image\/jpeg"}],"author":"L\u00f3pez D\u00f3riga","twitter_card":"summary_large_image","twitter_creator":"@fidedignas","twitter_site":"@fidedignas","twitter_misc":{"Escrito por":"L\u00f3pez D\u00f3riga","Tiempo de lectura":"1 minuto"},"schema":{"@context":"https:\/\/schema.org","@graph":[{"@type":"Article","@id":"https:\/\/fuentesfidedignas.com.mx\/index.php\/2024\/11\/23\/suman-siete-funcionarios-de-seguridad-detenidos-en-operativo-enjambre-en-el-edomex\/#article","isPartOf":{"@id":"https:\/\/fuentesfidedignas.com.mx\/index.php\/2024\/11\/23\/suman-siete-funcionarios-de-seguridad-detenidos-en-operativo-enjambre-en-el-edomex\/"},"author":{"name":"L\u00f3pez D\u00f3riga","@id":"https:\/\/fuentesfidedignas.com.mx\/#\/schema\/person\/67d852f0557c8509146a4b9ddebd543a"},"headline":"Suman siete funcionarios de seguridad detenidos en \u2018Operativo Enjambre\u2019 en el Edomex","datePublished":"2024-11-23T17:03:08+00:00","mainEntityOfPage":{"@id":"https:\/\/fuentesfidedignas.com.mx\/index.php\/2024\/11\/23\/suman-siete-funcionarios-de-seguridad-detenidos-en-operativo-enjambre-en-el-edomex\/"},"wordCount":149,"publisher":{"@id":"https:\/\/fuentesfidedignas.com.mx\/#organization"},"image":{"@id":"https:\/\/fuentesfidedignas.com.mx\/index.php\/2024\/11\/23\/suman-siete-funcionarios-de-seguridad-detenidos-en-operativo-enjambre-en-el-edomex\/#primaryimage"},"thumbnailUrl":"https:\/\/fuentesfidedignas.com.mx\/wp-content\/uploads\/2024\/11\/img_0836-1.jpg","articleSection":["NOTICIAS NACIONALES"],"inLanguage":"es"},{"@type":"WebPage","@id":"https:\/\/fuentesfidedignas.com.mx\/index.php\/2024\/11\/23\/suman-siete-funcionarios-de-seguridad-detenidos-en-operativo-enjambre-en-el-edomex\/","url":"https:\/\/fuentesfidedignas.com.mx\/index.php\/2024\/11\/23\/suman-siete-funcionarios-de-seguridad-detenidos-en-operativo-enjambre-en-el-edomex\/","name":"Suman siete funcionarios de seguridad detenidos en \u2018Operativo Enjambre\u2019 en el Edomex - Fuentes Fidedignas","isPartOf":{"@id":"https:\/\/fuentesfidedignas.com.mx\/#website"},"primaryImageOfPage":{"@id":"https:\/\/fuentesfidedignas.com.mx\/index.php\/2024\/11\/23\/suman-siete-funcionarios-de-seguridad-detenidos-en-operativo-enjambre-en-el-edomex\/#primaryimage"},"image":{"@id":"https:\/\/fuentesfidedignas.com.mx\/index.php\/2024\/11\/23\/suman-siete-funcionarios-de-seguridad-detenidos-en-operativo-enjambre-en-el-edomex\/#primaryimage"},"thumbnailUrl":"https:\/\/fuentesfidedignas.com.mx\/wp-content\/uploads\/2024\/11\/img_0836-1.jpg","datePublished":"2024-11-23T17:03:08+00:00","breadcrumb":{"@id":"https:\/\/fuentesfidedignas.com.mx\/index.php\/2024\/11\/23\/suman-siete-funcionarios-de-seguridad-detenidos-en-operativo-enjambre-en-el-edomex\/#breadcrumb"},"inLanguage":"es","potentialAction":[{"@type":"ReadAction","target":["https:\/\/fuentesfidedignas.com.mx\/index.php\/2024\/11\/23\/suman-siete-funcionarios-de-seguridad-detenidos-en-operativo-enjambre-en-el-edomex\/"]}]},{"@type":"ImageObject","inLanguage":"es","@id":"https:\/\/fuentesfidedignas.com.mx\/index.php\/2024\/11\/23\/suman-siete-funcionarios-de-seguridad-detenidos-en-operativo-enjambre-en-el-edomex\/#primaryimage","url":"https:\/\/fuentesfidedignas.com.mx\/wp-content\/uploads\/2024\/11\/img_0836-1.jpg","contentUrl":"https:\/\/fuentesfidedignas.com.mx\/wp-content\/uploads\/2024\/11\/img_0836-1.jpg","width":1200,"height":675},{"@type":"BreadcrumbList","@id":"https:\/\/fuentesfidedignas.com.mx\/index.php\/2024\/11\/23\/suman-siete-funcionarios-de-seguridad-detenidos-en-operativo-enjambre-en-el-edomex\/#breadcrumb","itemListElement":[{"@type":"ListItem","position":1,"name":"Inicio","item":"https:\/\/fuentesfidedignas.com.mx\/"},{"@type":"ListItem","position":2,"name":"Suman siete funcionarios de seguridad detenidos en \u2018Operativo Enjambre\u2019 en el Edomex"}]},{"@type":"WebSite","@id":"https:\/\/fuentesfidedignas.com.mx\/#website","url":"https:\/\/fuentesfidedignas.com.mx\/","name":"Fuentes Fidedignas","description":"Otro sitio realizado con WordPress","publisher":{"@id":"https:\/\/fuentesfidedignas.com.mx\/#organization"},"potentialAction":[{"@type":"SearchAction","target":{"@type":"EntryPoint","urlTemplate":"https:\/\/fuentesfidedignas.com.mx\/?s={search_term_string}"},"query-input":{"@type":"PropertyValueSpecification","valueRequired":true,"valueName":"search_term_string"}}],"inLanguage":"es"},{"@type":"Organization","@id":"https:\/\/fuentesfidedignas.com.mx\/#organization","name":"Fuentes Fidedignas","url":"https:\/\/fuentesfidedignas.com.mx\/","logo":{"@type":"ImageObject","inLanguage":"es","@id":"https:\/\/fuentesfidedignas.com.mx\/#\/schema\/logo\/image\/","url":"https:\/\/fuentesfidedignas.com.mx\/wp-content\/uploads\/2021\/04\/logo-retina.png","contentUrl":"https:\/\/fuentesfidedignas.com.mx\/wp-content\/uploads\/2021\/04\/logo-retina.png","width":280,"height":51,"caption":"Fuentes Fidedignas"},"image":{"@id":"https:\/\/fuentesfidedignas.com.mx\/#\/schema\/logo\/image\/"},"sameAs":["https:\/\/www.facebook.com\/Fuentes-Fidedignas-368234489921644","https:\/\/x.com\/fidedignas"]},{"@type":"Person","@id":"https:\/\/fuentesfidedignas.com.mx\/#\/schema\/person\/67d852f0557c8509146a4b9ddebd543a","name":"L\u00f3pez D\u00f3riga","image":{"@type":"ImageObject","inLanguage":"es","@id":"https:\/\/secure.gravatar.com\/avatar\/e525b06574ca18b33cded59dfe5778d6c823b9513154eff47da551b0551bdd1e?s=96&d=mm&r=g","url":"https:\/\/secure.gravatar.com\/avatar\/e525b06574ca18b33cded59dfe5778d6c823b9513154eff47da551b0551bdd1e?s=96&d=mm&r=g","contentUrl":"https:\/\/secure.gravatar.com\/avatar\/e525b06574ca18b33cded59dfe5778d6c823b9513154eff47da551b0551bdd1e?s=96&d=mm&r=g","caption":"L\u00f3pez D\u00f3riga"},"url":"https:\/\/fuentesfidedignas.com.mx\/index.php\/author\/doriga\/"}]}},"_links":{"self":[{"href":"https:\/\/fuentesfidedignas.com.mx\/index.php\/wp-json\/wp\/v2\/posts\/96034","targetHints":{"allow":["GET"]}}],"collection":[{"href":"https:\/\/fuentesfidedignas.com.mx\/index.php\/wp-json\/wp\/v2\/posts"}],"about":[{"href":"https:\/\/fuentesfidedignas.com.mx\/index.php\/wp-json\/wp\/v2\/types\/post"}],"author":[{"embeddable":true,"href":"https:\/\/fuentesfidedignas.com.mx\/index.php\/wp-json\/wp\/v2\/users\/47"}],"replies":[{"embeddable":true,"href":"https:\/\/fuentesfidedignas.com.mx\/index.php\/wp-json\/wp\/v2\/comments?post=96034"}],"version-history":[{"count":1,"href":"https:\/\/fuentesfidedignas.com.mx\/index.php\/wp-json\/wp\/v2\/posts\/96034\/revisions"}],"predecessor-version":[{"id":96035,"href":"https:\/\/fuentesfidedignas.com.mx\/index.php\/wp-json\/wp\/v2\/posts\/96034\/revisions\/96035"}],"wp:featuredmedia":[{"embeddable":true,"href":"https:\/\/fuentesfidedignas.com.mx\/index.php\/wp-json\/wp\/v2\/media\/96033"}],"wp:attachment":[{"href":"https:\/\/fuentesfidedignas.com.mx\/index.php\/wp-json\/wp\/v2\/media?parent=96034"}],"wp:term":[{"taxonomy":"category","embeddable":true,"href":"https:\/\/fuentesfidedignas.com.mx\/index.php\/wp-json\/wp\/v2\/categories?post=96034"},{"taxonomy":"post_tag","embeddable":true,"href":"https:\/\/fuentesfidedignas.com.mx\/index.php\/wp-json\/wp\/v2\/tags?post=96034"}],"curies":[{"name":"wp","href":"https:\/\/api.w.org\/{rel}","templated":true}]}}