{"id":96006,"date":"2024-11-23T05:47:00","date_gmt":"2024-11-23T12:47:00","guid":{"rendered":"https:\/\/fuentesfidedignas.com.mx\/?p=96006"},"modified":"2024-11-22T17:54:45","modified_gmt":"2024-11-23T00:54:45","slug":"navidad-2024-cuando-se-pone-el-arbol-y-cuando-se-quita-fechas","status":"publish","type":"post","link":"https:\/\/fuentesfidedignas.com.mx\/index.php\/2024\/11\/23\/navidad-2024-cuando-se-pone-el-arbol-y-cuando-se-quita-fechas\/","title":{"rendered":"Navidad 2024: \u00bfCu\u00e1ndo se pone el \u00e1rbol y cu\u00e1ndo se quita? | FECHAS"},"content":{"rendered":"\n<p><strong><em>No s\u00f3lo se trata de la decoraci\u00f3n para la temporada, sino que tambi\u00e9n estudios demuestran que te hace m\u00e1s feliz; conoce cu\u00e1ndo se pone el \u00e1rbol de navidad y cu\u00e1ndo se quita.<\/em><\/strong><\/p>\n\n\n\n<p>Una de las \u00e9pocas m\u00e1s esperadas del a\u00f1o es la Navidad, que, entre otras cosas, destaca por toda la decoraci\u00f3n que la rodea: luces, nochebuenas, estrellas\u2026 pero hay una que es tal vez la m\u00e1s representativa de la temporada. Por tal relevancia, probablemente hay algunas preguntas que te haces: \u00bfcu\u00e1ndo se pone el \u00e1rbol de navidad? \u00bfCu\u00e1ndo se quita? Te decimos las fechas de este 2024.<\/p>\n\n\n\n<p>Estudios comprueban que la decoraci\u00f3n&nbsp;prematura&nbsp;de tu hogar est\u00e1 relacionada con la felicidad. Los adornos que se colocan en esta \u00e9poca del a\u00f1o producen un sentimiento de nostalgia, por lo que suelen trasladarnos a momentos muy felices, pero simples.<\/p>\n\n\n\n<p>&#8220;Crea ese cambio neurol\u00f3gico que puede producir felicidad. Creo que cualquier cosa que nos saque de nuestra habituaci\u00f3n normal, el d\u00eda tras d\u00eda normal \u2026 se\u00f1ala nuestros sentidos, y luego nuestros sentidos miden si es agradable o no&#8221;, comparti\u00f3\u00a0la psic\u00f3loga Deborah Serani.<\/p>\n\n\n\n<p><strong>\u00bfCu\u00e1ndo se pone el \u00e1rbol de navidad?<\/strong><br>La realidad es que no hay una fecha obligatoria para la colocaci\u00f3n del arbolito. Las familias de cada hogar responden a sus tradiciones y calendarios, pero hay fechas que son un par\u00e1metro, como un banderazo de salida, para las fiestas.<\/p>\n\n\n\n<p>Una de las fechas m\u00e1s populares para poner el \u00e1rbol de navidad es el 1 de diciembre, pues da inicio al mes que engloba los festejos navide\u00f1os y de fin de a\u00f1o. Asimismo, este d\u00eda es elegido por ciudades o plazas comeciales para encender \u00e1rboles.<\/p>\n\n\n\n<p>Sin embargo, otra fecha que puede ser muy significativa, sobre todo si eres una persona cat\u00f3lica, es el primer domingo de adviento. Este a\u00f1o, coincide con el d\u00eda que te mencionamos anteriormente, es decir, el 1 de diciembre.<\/p>\n\n\n\n<p>Sin embargo, especialistas de la f\u00e9 cat\u00f3lica explican que, debido a que su nombre no \u00e1rbol de Adviento, lo propio ser\u00eda que \u00e9ste se coloque en las primeras v\u00edsperas de Navidad (24 de diciembre en la tarde) termina con la Fiesta del Bautismo del Se\u00f1or, el domingo posterior al 6 de enero).<\/p>\n\n\n\n<p>Desde la Iglesia se sugiere que se coloque el \u00e1rbol de navidad desde el primer domingo de Adviento, &#8220;y as\u00ed poco a poco irnos preparando hacia el nacimiento de Jes\u00fas&#8221;, se\u00f1ala.&nbsp;<\/p>\n\n\n\n<p>En caso de que el \u00e1rbol que pongas sea natural,\u00a0se recomienda ponerlo el 16 de diciembre, pues marca el comienzo de las posadas y de la segunda parte del Adviento; adem\u00e1s, esto facilitar\u00e1 que te dure mejor.<\/p>\n\n\n\n<p><strong>\u00bfCu\u00e1ndo se quita el \u00e1rbol de navidad?<\/strong><br>\u200bSobre\u00a0la fecha en que debes despedirte de las decoraciones navide\u00f1as, una de las m\u00e1s com\u00fanes -seg\u00fan las tradiciones- es el 3 de febrero, justo despu\u00e9s del D\u00eda de la Candelaria.<\/p>\n\n\n\n<p>No obstante, muchas personas acostumbran retirar los adornos de la querida \u00e9poca del a\u00f1o en la primera quincena de enero, al pasar el D\u00eda de Reyes y la&nbsp;Fiesta del Bautismo del Se\u00f1or (domingo posterior al 6 de enero)<\/p>\n\n\n\n<p>Tambi\u00e9n en aqulleas fechas se desarrolla la famosa depresi\u00f3n blanca, que la UNAM lo define como&nbsp;un estado de \u00e1nimo negativo temporal hacia todo lo que tiene que ver con esta \u00e9poca. Los s\u00edntomas son m\u00faltiples: insomnio, ansiedad, tristeza, falta de apetito, mal humor.<\/p>\n\n\n\n<p><strong>\u00bfQu\u00e9 significa el \u00e1rbol de navidad?<\/strong><br>El \u00e1rbol de Navidad, con sus ra\u00edces en antiguas tradiciones celtas, fue transformado por los cristianos al llegar a Europa.\u00a0Los celtas adornaban un \u00e1rbol que simbolizaba el universo. Este ornamento fue adoptado por los cristianos, quien lo adaptaron para representar elementos de su fe.<\/p>\n\n\n\n<p>Por influencia del Pr\u00edncipe Alberto (esposo de la reina Victoria, de origen alem\u00e1n), el \u00e1rbol de Navidad aparece en Gran Breta\u00f1a como el primer elemento decorativo para estas fiestas. A Espa\u00f1a llega la costumbre a finales del siglo XIX, decorando un pino con manzanas y velas, que ven\u00edan a representar el pecado y la luz, dando paso con el tiempo a las luces y bolas de cristal.<\/p>\n\n\n\n<p>Se tiene la creencia que representa el \u00e1rbol del mundo, mientras que las esferas significan los dones de la Tierra, las luces la Luz Divina y, finalmente, se corona con la Estrella de Bel\u00e9n. El resto de adornos viene a significar los regalos de Dios a los seres humanos.<\/p>\n","protected":false},"excerpt":{"rendered":"<p>No s\u00f3lo se trata de la decoraci\u00f3n para la temporada, sino que tambi\u00e9n estudios demuestran que te hace m\u00e1s feliz; conoce cu\u00e1ndo se pone el \u00e1rbol de navidad y cu\u00e1ndo se quita. Una de las \u00e9pocas m\u00e1s esperadas del a\u00f1o es la Navidad, que, entre otras cosas, destaca por toda la decoraci\u00f3n que la rodea: [&hellip;]<\/p>\n","protected":false},"author":9,"featured_media":96007,"comment_status":"open","ping_status":"open","sticky":false,"template":"","format":"standard","meta":{"tdm_status":"","tdm_grid_status":"","footnotes":""},"categories":[41,19],"tags":[],"class_list":{"0":"post-96006","1":"post","2":"type-post","3":"status-publish","4":"format-standard","5":"has-post-thumbnail","7":"category-review-magazine","8":"category-reviews"},"yoast_head":"<!-- This site is optimized with the Yoast SEO plugin v27.5 - https:\/\/yoast.com\/product\/yoast-seo-wordpress\/ -->\n<title>Navidad 2024: \u00bfCu\u00e1ndo se pone el \u00e1rbol y cu\u00e1ndo se quita? | FECHAS - Fuentes Fidedignas<\/title>\n<meta name=\"robots\" content=\"index, follow, max-snippet:-1, max-image-preview:large, max-video-preview:-1\" \/>\n<link rel=\"canonical\" href=\"https:\/\/fuentesfidedignas.com.mx\/index.php\/2024\/11\/23\/navidad-2024-cuando-se-pone-el-arbol-y-cuando-se-quita-fechas\/\" \/>\n<meta property=\"og:locale\" content=\"es_MX\" \/>\n<meta property=\"og:type\" content=\"article\" \/>\n<meta property=\"og:title\" content=\"Navidad 2024: \u00bfCu\u00e1ndo se pone el \u00e1rbol y cu\u00e1ndo se quita? | FECHAS - Fuentes Fidedignas\" \/>\n<meta property=\"og:description\" content=\"No s\u00f3lo se trata de la decoraci\u00f3n para la temporada, sino que tambi\u00e9n estudios demuestran que te hace m\u00e1s feliz; conoce cu\u00e1ndo se pone el \u00e1rbol de navidad y cu\u00e1ndo se quita. Una de las \u00e9pocas m\u00e1s esperadas del a\u00f1o es la Navidad, que, entre otras cosas, destaca por toda la decoraci\u00f3n que la rodea: [&hellip;]\" \/>\n<meta property=\"og:url\" content=\"https:\/\/fuentesfidedignas.com.mx\/index.php\/2024\/11\/23\/navidad-2024-cuando-se-pone-el-arbol-y-cuando-se-quita-fechas\/\" \/>\n<meta property=\"og:site_name\" content=\"Fuentes Fidedignas\" \/>\n<meta property=\"article:publisher\" content=\"https:\/\/www.facebook.com\/Fuentes-Fidedignas-368234489921644\" \/>\n<meta property=\"article:published_time\" content=\"2024-11-23T12:47:00+00:00\" \/>\n<meta property=\"og:image\" content=\"https:\/\/fuentesfidedignas.com.mx\/wp-content\/uploads\/2024\/11\/familia-decorando-arbol-de-navidad-freepik.jpg\" \/>\n\t<meta property=\"og:image:width\" content=\"650\" \/>\n\t<meta property=\"og:image:height\" content=\"433\" \/>\n\t<meta property=\"og:image:type\" content=\"image\/jpeg\" \/>\n<meta name=\"author\" content=\"Milenio\" \/>\n<meta name=\"twitter:card\" content=\"summary_large_image\" \/>\n<meta name=\"twitter:creator\" content=\"@fidedignas\" \/>\n<meta name=\"twitter:site\" content=\"@fidedignas\" \/>\n<meta name=\"twitter:label1\" content=\"Escrito por\" \/>\n\t<meta name=\"twitter:data1\" content=\"Milenio\" \/>\n\t<meta name=\"twitter:label2\" content=\"Tiempo de lectura\" \/>\n\t<meta name=\"twitter:data2\" content=\"4 minutos\" \/>\n<script type=\"application\/ld+json\" class=\"yoast-schema-graph\">{\"@context\":\"https:\\\/\\\/schema.org\",\"@graph\":[{\"@type\":\"Article\",\"@id\":\"https:\\\/\\\/fuentesfidedignas.com.mx\\\/index.php\\\/2024\\\/11\\\/23\\\/navidad-2024-cuando-se-pone-el-arbol-y-cuando-se-quita-fechas\\\/#article\",\"isPartOf\":{\"@id\":\"https:\\\/\\\/fuentesfidedignas.com.mx\\\/index.php\\\/2024\\\/11\\\/23\\\/navidad-2024-cuando-se-pone-el-arbol-y-cuando-se-quita-fechas\\\/\"},\"author\":{\"name\":\"Milenio\",\"@id\":\"https:\\\/\\\/fuentesfidedignas.com.mx\\\/#\\\/schema\\\/person\\\/47ec0135738f4b0c7495f06a77a2c976\"},\"headline\":\"Navidad 2024: \u00bfCu\u00e1ndo se pone el \u00e1rbol y cu\u00e1ndo se quita? | FECHAS\",\"datePublished\":\"2024-11-23T12:47:00+00:00\",\"mainEntityOfPage\":{\"@id\":\"https:\\\/\\\/fuentesfidedignas.com.mx\\\/index.php\\\/2024\\\/11\\\/23\\\/navidad-2024-cuando-se-pone-el-arbol-y-cuando-se-quita-fechas\\\/\"},\"wordCount\":787,\"commentCount\":0,\"publisher\":{\"@id\":\"https:\\\/\\\/fuentesfidedignas.com.mx\\\/#organization\"},\"image\":{\"@id\":\"https:\\\/\\\/fuentesfidedignas.com.mx\\\/index.php\\\/2024\\\/11\\\/23\\\/navidad-2024-cuando-se-pone-el-arbol-y-cuando-se-quita-fechas\\\/#primaryimage\"},\"thumbnailUrl\":\"https:\\\/\\\/fuentesfidedignas.com.mx\\\/wp-content\\\/uploads\\\/2024\\\/11\\\/familia-decorando-arbol-de-navidad-freepik.jpg\",\"articleSection\":[\"REVIEW MAGAZINE\",\"Reviews\"],\"inLanguage\":\"es\",\"potentialAction\":[{\"@type\":\"CommentAction\",\"name\":\"Comment\",\"target\":[\"https:\\\/\\\/fuentesfidedignas.com.mx\\\/index.php\\\/2024\\\/11\\\/23\\\/navidad-2024-cuando-se-pone-el-arbol-y-cuando-se-quita-fechas\\\/#respond\"]}]},{\"@type\":\"WebPage\",\"@id\":\"https:\\\/\\\/fuentesfidedignas.com.mx\\\/index.php\\\/2024\\\/11\\\/23\\\/navidad-2024-cuando-se-pone-el-arbol-y-cuando-se-quita-fechas\\\/\",\"url\":\"https:\\\/\\\/fuentesfidedignas.com.mx\\\/index.php\\\/2024\\\/11\\\/23\\\/navidad-2024-cuando-se-pone-el-arbol-y-cuando-se-quita-fechas\\\/\",\"name\":\"Navidad 2024: \u00bfCu\u00e1ndo se pone el \u00e1rbol y cu\u00e1ndo se quita? | FECHAS - Fuentes Fidedignas\",\"isPartOf\":{\"@id\":\"https:\\\/\\\/fuentesfidedignas.com.mx\\\/#website\"},\"primaryImageOfPage\":{\"@id\":\"https:\\\/\\\/fuentesfidedignas.com.mx\\\/index.php\\\/2024\\\/11\\\/23\\\/navidad-2024-cuando-se-pone-el-arbol-y-cuando-se-quita-fechas\\\/#primaryimage\"},\"image\":{\"@id\":\"https:\\\/\\\/fuentesfidedignas.com.mx\\\/index.php\\\/2024\\\/11\\\/23\\\/navidad-2024-cuando-se-pone-el-arbol-y-cuando-se-quita-fechas\\\/#primaryimage\"},\"thumbnailUrl\":\"https:\\\/\\\/fuentesfidedignas.com.mx\\\/wp-content\\\/uploads\\\/2024\\\/11\\\/familia-decorando-arbol-de-navidad-freepik.jpg\",\"datePublished\":\"2024-11-23T12:47:00+00:00\",\"breadcrumb\":{\"@id\":\"https:\\\/\\\/fuentesfidedignas.com.mx\\\/index.php\\\/2024\\\/11\\\/23\\\/navidad-2024-cuando-se-pone-el-arbol-y-cuando-se-quita-fechas\\\/#breadcrumb\"},\"inLanguage\":\"es\",\"potentialAction\":[{\"@type\":\"ReadAction\",\"target\":[\"https:\\\/\\\/fuentesfidedignas.com.mx\\\/index.php\\\/2024\\\/11\\\/23\\\/navidad-2024-cuando-se-pone-el-arbol-y-cuando-se-quita-fechas\\\/\"]}]},{\"@type\":\"ImageObject\",\"inLanguage\":\"es\",\"@id\":\"https:\\\/\\\/fuentesfidedignas.com.mx\\\/index.php\\\/2024\\\/11\\\/23\\\/navidad-2024-cuando-se-pone-el-arbol-y-cuando-se-quita-fechas\\\/#primaryimage\",\"url\":\"https:\\\/\\\/fuentesfidedignas.com.mx\\\/wp-content\\\/uploads\\\/2024\\\/11\\\/familia-decorando-arbol-de-navidad-freepik.jpg\",\"contentUrl\":\"https:\\\/\\\/fuentesfidedignas.com.mx\\\/wp-content\\\/uploads\\\/2024\\\/11\\\/familia-decorando-arbol-de-navidad-freepik.jpg\",\"width\":650,\"height\":433},{\"@type\":\"BreadcrumbList\",\"@id\":\"https:\\\/\\\/fuentesfidedignas.com.mx\\\/index.php\\\/2024\\\/11\\\/23\\\/navidad-2024-cuando-se-pone-el-arbol-y-cuando-se-quita-fechas\\\/#breadcrumb\",\"itemListElement\":[{\"@type\":\"ListItem\",\"position\":1,\"name\":\"Inicio\",\"item\":\"https:\\\/\\\/fuentesfidedignas.com.mx\\\/\"},{\"@type\":\"ListItem\",\"position\":2,\"name\":\"Navidad 2024: \u00bfCu\u00e1ndo se pone el \u00e1rbol y cu\u00e1ndo se quita? | FECHAS\"}]},{\"@type\":\"WebSite\",\"@id\":\"https:\\\/\\\/fuentesfidedignas.com.mx\\\/#website\",\"url\":\"https:\\\/\\\/fuentesfidedignas.com.mx\\\/\",\"name\":\"Fuentes Fidedignas\",\"description\":\"Otro sitio realizado con WordPress\",\"publisher\":{\"@id\":\"https:\\\/\\\/fuentesfidedignas.com.mx\\\/#organization\"},\"potentialAction\":[{\"@type\":\"SearchAction\",\"target\":{\"@type\":\"EntryPoint\",\"urlTemplate\":\"https:\\\/\\\/fuentesfidedignas.com.mx\\\/?s={search_term_string}\"},\"query-input\":{\"@type\":\"PropertyValueSpecification\",\"valueRequired\":true,\"valueName\":\"search_term_string\"}}],\"inLanguage\":\"es\"},{\"@type\":\"Organization\",\"@id\":\"https:\\\/\\\/fuentesfidedignas.com.mx\\\/#organization\",\"name\":\"Fuentes Fidedignas\",\"url\":\"https:\\\/\\\/fuentesfidedignas.com.mx\\\/\",\"logo\":{\"@type\":\"ImageObject\",\"inLanguage\":\"es\",\"@id\":\"https:\\\/\\\/fuentesfidedignas.com.mx\\\/#\\\/schema\\\/logo\\\/image\\\/\",\"url\":\"https:\\\/\\\/fuentesfidedignas.com.mx\\\/wp-content\\\/uploads\\\/2021\\\/04\\\/logo-retina.png\",\"contentUrl\":\"https:\\\/\\\/fuentesfidedignas.com.mx\\\/wp-content\\\/uploads\\\/2021\\\/04\\\/logo-retina.png\",\"width\":280,\"height\":51,\"caption\":\"Fuentes Fidedignas\"},\"image\":{\"@id\":\"https:\\\/\\\/fuentesfidedignas.com.mx\\\/#\\\/schema\\\/logo\\\/image\\\/\"},\"sameAs\":[\"https:\\\/\\\/www.facebook.com\\\/Fuentes-Fidedignas-368234489921644\",\"https:\\\/\\\/x.com\\\/fidedignas\"]},{\"@type\":\"Person\",\"@id\":\"https:\\\/\\\/fuentesfidedignas.com.mx\\\/#\\\/schema\\\/person\\\/47ec0135738f4b0c7495f06a77a2c976\",\"name\":\"Milenio\",\"image\":{\"@type\":\"ImageObject\",\"inLanguage\":\"es\",\"@id\":\"https:\\\/\\\/secure.gravatar.com\\\/avatar\\\/acabf7b54753e51c2c76457954577c236b3b764789b19879565769739d1e4a75?s=96&d=mm&r=g\",\"url\":\"https:\\\/\\\/secure.gravatar.com\\\/avatar\\\/acabf7b54753e51c2c76457954577c236b3b764789b19879565769739d1e4a75?s=96&d=mm&r=g\",\"contentUrl\":\"https:\\\/\\\/secure.gravatar.com\\\/avatar\\\/acabf7b54753e51c2c76457954577c236b3b764789b19879565769739d1e4a75?s=96&d=mm&r=g\",\"caption\":\"Milenio\"},\"url\":\"https:\\\/\\\/fuentesfidedignas.com.mx\\\/index.php\\\/author\\\/milenio\\\/\"}]}<\/script>\n<!-- \/ Yoast SEO plugin. -->","yoast_head_json":{"title":"Navidad 2024: \u00bfCu\u00e1ndo se pone el \u00e1rbol y cu\u00e1ndo se quita? | FECHAS - Fuentes Fidedignas","robots":{"index":"index","follow":"follow","max-snippet":"max-snippet:-1","max-image-preview":"max-image-preview:large","max-video-preview":"max-video-preview:-1"},"canonical":"https:\/\/fuentesfidedignas.com.mx\/index.php\/2024\/11\/23\/navidad-2024-cuando-se-pone-el-arbol-y-cuando-se-quita-fechas\/","og_locale":"es_MX","og_type":"article","og_title":"Navidad 2024: \u00bfCu\u00e1ndo se pone el \u00e1rbol y cu\u00e1ndo se quita? | FECHAS - Fuentes Fidedignas","og_description":"No s\u00f3lo se trata de la decoraci\u00f3n para la temporada, sino que tambi\u00e9n estudios demuestran que te hace m\u00e1s feliz; conoce cu\u00e1ndo se pone el \u00e1rbol de navidad y cu\u00e1ndo se quita. Una de las \u00e9pocas m\u00e1s esperadas del a\u00f1o es la Navidad, que, entre otras cosas, destaca por toda la decoraci\u00f3n que la rodea: [&hellip;]","og_url":"https:\/\/fuentesfidedignas.com.mx\/index.php\/2024\/11\/23\/navidad-2024-cuando-se-pone-el-arbol-y-cuando-se-quita-fechas\/","og_site_name":"Fuentes Fidedignas","article_publisher":"https:\/\/www.facebook.com\/Fuentes-Fidedignas-368234489921644","article_published_time":"2024-11-23T12:47:00+00:00","og_image":[{"width":650,"height":433,"url":"https:\/\/fuentesfidedignas.com.mx\/wp-content\/uploads\/2024\/11\/familia-decorando-arbol-de-navidad-freepik.jpg","type":"image\/jpeg"}],"author":"Milenio","twitter_card":"summary_large_image","twitter_creator":"@fidedignas","twitter_site":"@fidedignas","twitter_misc":{"Escrito por":"Milenio","Tiempo de lectura":"4 minutos"},"schema":{"@context":"https:\/\/schema.org","@graph":[{"@type":"Article","@id":"https:\/\/fuentesfidedignas.com.mx\/index.php\/2024\/11\/23\/navidad-2024-cuando-se-pone-el-arbol-y-cuando-se-quita-fechas\/#article","isPartOf":{"@id":"https:\/\/fuentesfidedignas.com.mx\/index.php\/2024\/11\/23\/navidad-2024-cuando-se-pone-el-arbol-y-cuando-se-quita-fechas\/"},"author":{"name":"Milenio","@id":"https:\/\/fuentesfidedignas.com.mx\/#\/schema\/person\/47ec0135738f4b0c7495f06a77a2c976"},"headline":"Navidad 2024: \u00bfCu\u00e1ndo se pone el \u00e1rbol y cu\u00e1ndo se quita? | FECHAS","datePublished":"2024-11-23T12:47:00+00:00","mainEntityOfPage":{"@id":"https:\/\/fuentesfidedignas.com.mx\/index.php\/2024\/11\/23\/navidad-2024-cuando-se-pone-el-arbol-y-cuando-se-quita-fechas\/"},"wordCount":787,"commentCount":0,"publisher":{"@id":"https:\/\/fuentesfidedignas.com.mx\/#organization"},"image":{"@id":"https:\/\/fuentesfidedignas.com.mx\/index.php\/2024\/11\/23\/navidad-2024-cuando-se-pone-el-arbol-y-cuando-se-quita-fechas\/#primaryimage"},"thumbnailUrl":"https:\/\/fuentesfidedignas.com.mx\/wp-content\/uploads\/2024\/11\/familia-decorando-arbol-de-navidad-freepik.jpg","articleSection":["REVIEW MAGAZINE","Reviews"],"inLanguage":"es","potentialAction":[{"@type":"CommentAction","name":"Comment","target":["https:\/\/fuentesfidedignas.com.mx\/index.php\/2024\/11\/23\/navidad-2024-cuando-se-pone-el-arbol-y-cuando-se-quita-fechas\/#respond"]}]},{"@type":"WebPage","@id":"https:\/\/fuentesfidedignas.com.mx\/index.php\/2024\/11\/23\/navidad-2024-cuando-se-pone-el-arbol-y-cuando-se-quita-fechas\/","url":"https:\/\/fuentesfidedignas.com.mx\/index.php\/2024\/11\/23\/navidad-2024-cuando-se-pone-el-arbol-y-cuando-se-quita-fechas\/","name":"Navidad 2024: \u00bfCu\u00e1ndo se pone el \u00e1rbol y cu\u00e1ndo se quita? | FECHAS - Fuentes Fidedignas","isPartOf":{"@id":"https:\/\/fuentesfidedignas.com.mx\/#website"},"primaryImageOfPage":{"@id":"https:\/\/fuentesfidedignas.com.mx\/index.php\/2024\/11\/23\/navidad-2024-cuando-se-pone-el-arbol-y-cuando-se-quita-fechas\/#primaryimage"},"image":{"@id":"https:\/\/fuentesfidedignas.com.mx\/index.php\/2024\/11\/23\/navidad-2024-cuando-se-pone-el-arbol-y-cuando-se-quita-fechas\/#primaryimage"},"thumbnailUrl":"https:\/\/fuentesfidedignas.com.mx\/wp-content\/uploads\/2024\/11\/familia-decorando-arbol-de-navidad-freepik.jpg","datePublished":"2024-11-23T12:47:00+00:00","breadcrumb":{"@id":"https:\/\/fuentesfidedignas.com.mx\/index.php\/2024\/11\/23\/navidad-2024-cuando-se-pone-el-arbol-y-cuando-se-quita-fechas\/#breadcrumb"},"inLanguage":"es","potentialAction":[{"@type":"ReadAction","target":["https:\/\/fuentesfidedignas.com.mx\/index.php\/2024\/11\/23\/navidad-2024-cuando-se-pone-el-arbol-y-cuando-se-quita-fechas\/"]}]},{"@type":"ImageObject","inLanguage":"es","@id":"https:\/\/fuentesfidedignas.com.mx\/index.php\/2024\/11\/23\/navidad-2024-cuando-se-pone-el-arbol-y-cuando-se-quita-fechas\/#primaryimage","url":"https:\/\/fuentesfidedignas.com.mx\/wp-content\/uploads\/2024\/11\/familia-decorando-arbol-de-navidad-freepik.jpg","contentUrl":"https:\/\/fuentesfidedignas.com.mx\/wp-content\/uploads\/2024\/11\/familia-decorando-arbol-de-navidad-freepik.jpg","width":650,"height":433},{"@type":"BreadcrumbList","@id":"https:\/\/fuentesfidedignas.com.mx\/index.php\/2024\/11\/23\/navidad-2024-cuando-se-pone-el-arbol-y-cuando-se-quita-fechas\/#breadcrumb","itemListElement":[{"@type":"ListItem","position":1,"name":"Inicio","item":"https:\/\/fuentesfidedignas.com.mx\/"},{"@type":"ListItem","position":2,"name":"Navidad 2024: \u00bfCu\u00e1ndo se pone el \u00e1rbol y cu\u00e1ndo se quita? | FECHAS"}]},{"@type":"WebSite","@id":"https:\/\/fuentesfidedignas.com.mx\/#website","url":"https:\/\/fuentesfidedignas.com.mx\/","name":"Fuentes Fidedignas","description":"Otro sitio realizado con WordPress","publisher":{"@id":"https:\/\/fuentesfidedignas.com.mx\/#organization"},"potentialAction":[{"@type":"SearchAction","target":{"@type":"EntryPoint","urlTemplate":"https:\/\/fuentesfidedignas.com.mx\/?s={search_term_string}"},"query-input":{"@type":"PropertyValueSpecification","valueRequired":true,"valueName":"search_term_string"}}],"inLanguage":"es"},{"@type":"Organization","@id":"https:\/\/fuentesfidedignas.com.mx\/#organization","name":"Fuentes Fidedignas","url":"https:\/\/fuentesfidedignas.com.mx\/","logo":{"@type":"ImageObject","inLanguage":"es","@id":"https:\/\/fuentesfidedignas.com.mx\/#\/schema\/logo\/image\/","url":"https:\/\/fuentesfidedignas.com.mx\/wp-content\/uploads\/2021\/04\/logo-retina.png","contentUrl":"https:\/\/fuentesfidedignas.com.mx\/wp-content\/uploads\/2021\/04\/logo-retina.png","width":280,"height":51,"caption":"Fuentes Fidedignas"},"image":{"@id":"https:\/\/fuentesfidedignas.com.mx\/#\/schema\/logo\/image\/"},"sameAs":["https:\/\/www.facebook.com\/Fuentes-Fidedignas-368234489921644","https:\/\/x.com\/fidedignas"]},{"@type":"Person","@id":"https:\/\/fuentesfidedignas.com.mx\/#\/schema\/person\/47ec0135738f4b0c7495f06a77a2c976","name":"Milenio","image":{"@type":"ImageObject","inLanguage":"es","@id":"https:\/\/secure.gravatar.com\/avatar\/acabf7b54753e51c2c76457954577c236b3b764789b19879565769739d1e4a75?s=96&d=mm&r=g","url":"https:\/\/secure.gravatar.com\/avatar\/acabf7b54753e51c2c76457954577c236b3b764789b19879565769739d1e4a75?s=96&d=mm&r=g","contentUrl":"https:\/\/secure.gravatar.com\/avatar\/acabf7b54753e51c2c76457954577c236b3b764789b19879565769739d1e4a75?s=96&d=mm&r=g","caption":"Milenio"},"url":"https:\/\/fuentesfidedignas.com.mx\/index.php\/author\/milenio\/"}]}},"_links":{"self":[{"href":"https:\/\/fuentesfidedignas.com.mx\/index.php\/wp-json\/wp\/v2\/posts\/96006","targetHints":{"allow":["GET"]}}],"collection":[{"href":"https:\/\/fuentesfidedignas.com.mx\/index.php\/wp-json\/wp\/v2\/posts"}],"about":[{"href":"https:\/\/fuentesfidedignas.com.mx\/index.php\/wp-json\/wp\/v2\/types\/post"}],"author":[{"embeddable":true,"href":"https:\/\/fuentesfidedignas.com.mx\/index.php\/wp-json\/wp\/v2\/users\/9"}],"replies":[{"embeddable":true,"href":"https:\/\/fuentesfidedignas.com.mx\/index.php\/wp-json\/wp\/v2\/comments?post=96006"}],"version-history":[{"count":1,"href":"https:\/\/fuentesfidedignas.com.mx\/index.php\/wp-json\/wp\/v2\/posts\/96006\/revisions"}],"predecessor-version":[{"id":96008,"href":"https:\/\/fuentesfidedignas.com.mx\/index.php\/wp-json\/wp\/v2\/posts\/96006\/revisions\/96008"}],"wp:featuredmedia":[{"embeddable":true,"href":"https:\/\/fuentesfidedignas.com.mx\/index.php\/wp-json\/wp\/v2\/media\/96007"}],"wp:attachment":[{"href":"https:\/\/fuentesfidedignas.com.mx\/index.php\/wp-json\/wp\/v2\/media?parent=96006"}],"wp:term":[{"taxonomy":"category","embeddable":true,"href":"https:\/\/fuentesfidedignas.com.mx\/index.php\/wp-json\/wp\/v2\/categories?post=96006"},{"taxonomy":"post_tag","embeddable":true,"href":"https:\/\/fuentesfidedignas.com.mx\/index.php\/wp-json\/wp\/v2\/tags?post=96006"}],"curies":[{"name":"wp","href":"https:\/\/api.w.org\/{rel}","templated":true}]}}