{"id":95993,"date":"2024-11-23T05:09:00","date_gmt":"2024-11-23T12:09:00","guid":{"rendered":"https:\/\/fuentesfidedignas.com.mx\/?p=95993"},"modified":"2024-11-22T17:14:48","modified_gmt":"2024-11-23T00:14:48","slug":"video-mujer-mas-alta-del-mundo-se-reune-con-la-mas-baja-asi-fue-su-encuentro","status":"publish","type":"post","link":"https:\/\/fuentesfidedignas.com.mx\/index.php\/2024\/11\/23\/video-mujer-mas-alta-del-mundo-se-reune-con-la-mas-baja-asi-fue-su-encuentro\/","title":{"rendered":"VIDEO: Mujer m\u00e1s alta del mundo se re\u00fane con la m\u00e1s baja; as\u00ed fue su encuentro"},"content":{"rendered":"\n<p><strong><em>\u00a1La diferencia de estatura es increible! Jyoti Amge y Rumeysa Gelgi se reunieron para el D\u00eda de los R\u00e9cords Guinness<\/em><\/strong><\/p>\n\n\n\n<p>Jyoti Amge, la mujer m\u00e1s baja del mundo, y Rumeysa Gelgi, la m\u00e1s alta, se reunieron en el prestigioso Savoy Hotel en Londres para tomar un t\u00e9 en un encuentro organizado para conmemorar el D\u00eda Mundial de los R\u00e9cords Guinness.<\/p>\n\n\n\n<p>La diferencia de ambas mujeres es poco m\u00e1s de un metro y 50 cent\u00edmetros, pues Amge, de 30 a\u00f1os, tiene una estatura de apenas 63 cent\u00edmetros, mientras que Gelgi, de 27 a\u00f1os, mide dos metros y 15 cent\u00edmetros de altura.<\/p>\n\n\n\n<p>Ambas mujeres han sido reconocidas en los libros Guinness y tuvieron un momento de convivencia bastante amena, donde descubrieron que a pesar de la diferencia de estatura, tiene muchas cualidades en com\u00fan.<\/p>\n\n\n\n<p><strong>\u00bfQui\u00e9n es la mujer m\u00e1s alta del mundo?<\/strong><br>Rumeysa Gelgi, originaria de Turqu\u00eda, es la mujer m\u00e1s alta del mundo, seg\u00fan el libro de r\u00e9cords Guinness. Mide 215,16 cent\u00edmetros y mantiene este reconocimiento desde 2021.<\/p>\n\n\n\n<p>La mujer de 27 a\u00f1os padece una rara condici\u00f3n llamada s\u00edndrome de Waver, que causa un crecimiento acelerado desde la infancia y que la hizo ser apenas la 27\u00aa persona diagnosticada en el mundo con este s\u00edndrome.<\/p>\n\n\n\n<p>Gelgi trabaja como dise\u00f1adora web, una profesi\u00f3n que le permite mantenerse, aunque la mayor\u00eda del tiempo deba pasarlo en su silla de ruedas o caminando con asistencia.<\/p>\n\n\n\n<figure class=\"wp-block-embed is-type-rich is-provider-twitter wp-block-embed-twitter\"><div class=\"wp-block-embed__wrapper\">\n<blockquote class=\"twitter-tweet\" data-width=\"550\" data-dnt=\"true\"><p lang=\"en\" dir=\"ltr\">The first time that Rumeysa Gelgi, the world&#39;s tallest woman, met Jyoti Amge, the world&#39;s shortest woman \ud83e\udd70\ufe0f<a href=\"https:\/\/twitter.com\/hashtag\/GWRDay?src=hash&amp;ref_src=twsrc%5Etfw\">#GWRDay<\/a> <a href=\"https:\/\/t.co\/uSLqIHZlKG\">pic.twitter.com\/uSLqIHZlKG<\/a><\/p>&mdash; Guinness World Records (@GWR) <a href=\"https:\/\/twitter.com\/GWR\/status\/1859482878264082862?ref_src=twsrc%5Etfw\">November 21, 2024<\/a><\/blockquote><script async src=\"https:\/\/platform.twitter.com\/widgets.js\" charset=\"utf-8\"><\/script>\n<\/div><\/figure>\n\n\n\n<p><strong>\u00bfQui\u00e9n es la mujer m\u00e1s baja del mundo?<\/strong><br>Jyoti Amge, es originaria de la India, mide apenas 63 cent\u00edmetros debido a la condici\u00f3n llamada acondroplasia, un trastorno de crecimiento \u00f3seo que afecta las extremidades.<\/p>\n\n\n\n<p>A pesar de las limitaciones f\u00edsicas, Amge se ha desenvuelto en la industria del entretenimiento y se ha convertido en una actriz reconocida a nivel mundial.<\/p>\n\n\n\n<p>La joven de 27 a\u00f1os particip\u00f3 en la serie American Horror Story: Freak Show, adem\u00e1s de otros programas televisivos. Tambi\u00e9n tiene una gran presencia en redes sociales donde se dedica a compartir su vida y a promover un mensaje de aceptaci\u00f3n<\/p>\n\n\n\n<blockquote class=\"twitter-tweet\"><p lang=\"en\" dir=\"ltr\">Sunrise at Tower Bridge on <a href=\"https:\/\/twitter.com\/hashtag\/GWRDay?src=hash&amp;ref_src=twsrc%5Etfw\">#GWRDay<\/a> \u2600\ufe0f<br><br>Editor-in-Chief Craig Glenday, who stands at 5 ft 7in (170cm), stands next to Rumeysa Gelgi (7 ft 0.71 in or 215.16cm) and Jyoti Amge (2 ft 3\u20444 in or 62.8 cm).<br><br>They are the tallest and shortest women in the world respectively. <a href=\"https:\/\/t.co\/ceQR0E7QEU\">pic.twitter.com\/ceQR0E7QEU<\/a><\/p>&mdash; Guinness World Records (@GWR) <a href=\"https:\/\/twitter.com\/GWR\/status\/1859527914015900117?ref_src=twsrc%5Etfw\">November 21, 2024<\/a><\/blockquote> <script async src=\"https:\/\/platform.twitter.com\/widgets.js\" charset=\"utf-8\"><\/script>\n","protected":false},"excerpt":{"rendered":"<p>\u00a1La diferencia de estatura es increible! Jyoti Amge y Rumeysa Gelgi se reunieron para el D\u00eda de los R\u00e9cords Guinness Jyoti Amge, la mujer m\u00e1s baja del mundo, y Rumeysa Gelgi, la m\u00e1s alta, se reunieron en el prestigioso Savoy Hotel en Londres para tomar un t\u00e9 en un encuentro organizado para conmemorar el D\u00eda [&hellip;]<\/p>\n","protected":false},"author":9,"featured_media":95994,"comment_status":"open","ping_status":"open","sticky":false,"template":"","format":"standard","meta":{"tdm_status":"","tdm_grid_status":"","footnotes":""},"categories":[40],"tags":[],"class_list":{"0":"post-95993","1":"post","2":"type-post","3":"status-publish","4":"format-standard","5":"has-post-thumbnail","7":"category-las-asombrosas"},"yoast_head":"<!-- This site is optimized with the Yoast SEO plugin v27.5 - https:\/\/yoast.com\/product\/yoast-seo-wordpress\/ -->\n<title>VIDEO: Mujer m\u00e1s alta del mundo se re\u00fane con la m\u00e1s baja; as\u00ed fue su encuentro - Fuentes Fidedignas<\/title>\n<meta name=\"robots\" content=\"index, follow, max-snippet:-1, max-image-preview:large, max-video-preview:-1\" \/>\n<link rel=\"canonical\" href=\"https:\/\/fuentesfidedignas.com.mx\/index.php\/2024\/11\/23\/video-mujer-mas-alta-del-mundo-se-reune-con-la-mas-baja-asi-fue-su-encuentro\/\" \/>\n<meta property=\"og:locale\" content=\"es_MX\" \/>\n<meta property=\"og:type\" content=\"article\" \/>\n<meta property=\"og:title\" content=\"VIDEO: Mujer m\u00e1s alta del mundo se re\u00fane con la m\u00e1s baja; as\u00ed fue su encuentro - Fuentes Fidedignas\" \/>\n<meta property=\"og:description\" content=\"\u00a1La diferencia de estatura es increible! Jyoti Amge y Rumeysa Gelgi se reunieron para el D\u00eda de los R\u00e9cords Guinness Jyoti Amge, la mujer m\u00e1s baja del mundo, y Rumeysa Gelgi, la m\u00e1s alta, se reunieron en el prestigioso Savoy Hotel en Londres para tomar un t\u00e9 en un encuentro organizado para conmemorar el D\u00eda [&hellip;]\" \/>\n<meta property=\"og:url\" content=\"https:\/\/fuentesfidedignas.com.mx\/index.php\/2024\/11\/23\/video-mujer-mas-alta-del-mundo-se-reune-con-la-mas-baja-asi-fue-su-encuentro\/\" \/>\n<meta property=\"og:site_name\" content=\"Fuentes Fidedignas\" \/>\n<meta property=\"article:publisher\" content=\"https:\/\/www.facebook.com\/Fuentes-Fidedignas-368234489921644\" \/>\n<meta property=\"article:published_time\" content=\"2024-11-23T12:09:00+00:00\" \/>\n<meta property=\"og:image\" content=\"https:\/\/fuentesfidedignas.com.mx\/wp-content\/uploads\/2024\/11\/mujeralta_pequena.jpg\" \/>\n\t<meta property=\"og:image:width\" content=\"776\" \/>\n\t<meta property=\"og:image:height\" content=\"490\" \/>\n\t<meta property=\"og:image:type\" content=\"image\/jpeg\" \/>\n<meta name=\"author\" content=\"Milenio\" \/>\n<meta name=\"twitter:card\" content=\"summary_large_image\" \/>\n<meta name=\"twitter:creator\" content=\"@fidedignas\" \/>\n<meta name=\"twitter:site\" content=\"@fidedignas\" \/>\n<meta name=\"twitter:label1\" content=\"Escrito por\" \/>\n\t<meta name=\"twitter:data1\" content=\"Milenio\" \/>\n\t<meta name=\"twitter:label2\" content=\"Tiempo de lectura\" \/>\n\t<meta name=\"twitter:data2\" content=\"2 minutos\" \/>\n<script type=\"application\/ld+json\" class=\"yoast-schema-graph\">{\"@context\":\"https:\\\/\\\/schema.org\",\"@graph\":[{\"@type\":\"Article\",\"@id\":\"https:\\\/\\\/fuentesfidedignas.com.mx\\\/index.php\\\/2024\\\/11\\\/23\\\/video-mujer-mas-alta-del-mundo-se-reune-con-la-mas-baja-asi-fue-su-encuentro\\\/#article\",\"isPartOf\":{\"@id\":\"https:\\\/\\\/fuentesfidedignas.com.mx\\\/index.php\\\/2024\\\/11\\\/23\\\/video-mujer-mas-alta-del-mundo-se-reune-con-la-mas-baja-asi-fue-su-encuentro\\\/\"},\"author\":{\"name\":\"Milenio\",\"@id\":\"https:\\\/\\\/fuentesfidedignas.com.mx\\\/#\\\/schema\\\/person\\\/47ec0135738f4b0c7495f06a77a2c976\"},\"headline\":\"VIDEO: Mujer m\u00e1s alta del mundo se re\u00fane con la m\u00e1s baja; as\u00ed fue su encuentro\",\"datePublished\":\"2024-11-23T12:09:00+00:00\",\"mainEntityOfPage\":{\"@id\":\"https:\\\/\\\/fuentesfidedignas.com.mx\\\/index.php\\\/2024\\\/11\\\/23\\\/video-mujer-mas-alta-del-mundo-se-reune-con-la-mas-baja-asi-fue-su-encuentro\\\/\"},\"wordCount\":435,\"commentCount\":0,\"publisher\":{\"@id\":\"https:\\\/\\\/fuentesfidedignas.com.mx\\\/#organization\"},\"image\":{\"@id\":\"https:\\\/\\\/fuentesfidedignas.com.mx\\\/index.php\\\/2024\\\/11\\\/23\\\/video-mujer-mas-alta-del-mundo-se-reune-con-la-mas-baja-asi-fue-su-encuentro\\\/#primaryimage\"},\"thumbnailUrl\":\"https:\\\/\\\/fuentesfidedignas.com.mx\\\/wp-content\\\/uploads\\\/2024\\\/11\\\/mujeralta_pequena.jpg\",\"articleSection\":[\"LAS ASOMBROSAS\"],\"inLanguage\":\"es\",\"potentialAction\":[{\"@type\":\"CommentAction\",\"name\":\"Comment\",\"target\":[\"https:\\\/\\\/fuentesfidedignas.com.mx\\\/index.php\\\/2024\\\/11\\\/23\\\/video-mujer-mas-alta-del-mundo-se-reune-con-la-mas-baja-asi-fue-su-encuentro\\\/#respond\"]}]},{\"@type\":\"WebPage\",\"@id\":\"https:\\\/\\\/fuentesfidedignas.com.mx\\\/index.php\\\/2024\\\/11\\\/23\\\/video-mujer-mas-alta-del-mundo-se-reune-con-la-mas-baja-asi-fue-su-encuentro\\\/\",\"url\":\"https:\\\/\\\/fuentesfidedignas.com.mx\\\/index.php\\\/2024\\\/11\\\/23\\\/video-mujer-mas-alta-del-mundo-se-reune-con-la-mas-baja-asi-fue-su-encuentro\\\/\",\"name\":\"VIDEO: Mujer m\u00e1s alta del mundo se re\u00fane con la m\u00e1s baja; as\u00ed fue su encuentro - Fuentes Fidedignas\",\"isPartOf\":{\"@id\":\"https:\\\/\\\/fuentesfidedignas.com.mx\\\/#website\"},\"primaryImageOfPage\":{\"@id\":\"https:\\\/\\\/fuentesfidedignas.com.mx\\\/index.php\\\/2024\\\/11\\\/23\\\/video-mujer-mas-alta-del-mundo-se-reune-con-la-mas-baja-asi-fue-su-encuentro\\\/#primaryimage\"},\"image\":{\"@id\":\"https:\\\/\\\/fuentesfidedignas.com.mx\\\/index.php\\\/2024\\\/11\\\/23\\\/video-mujer-mas-alta-del-mundo-se-reune-con-la-mas-baja-asi-fue-su-encuentro\\\/#primaryimage\"},\"thumbnailUrl\":\"https:\\\/\\\/fuentesfidedignas.com.mx\\\/wp-content\\\/uploads\\\/2024\\\/11\\\/mujeralta_pequena.jpg\",\"datePublished\":\"2024-11-23T12:09:00+00:00\",\"breadcrumb\":{\"@id\":\"https:\\\/\\\/fuentesfidedignas.com.mx\\\/index.php\\\/2024\\\/11\\\/23\\\/video-mujer-mas-alta-del-mundo-se-reune-con-la-mas-baja-asi-fue-su-encuentro\\\/#breadcrumb\"},\"inLanguage\":\"es\",\"potentialAction\":[{\"@type\":\"ReadAction\",\"target\":[\"https:\\\/\\\/fuentesfidedignas.com.mx\\\/index.php\\\/2024\\\/11\\\/23\\\/video-mujer-mas-alta-del-mundo-se-reune-con-la-mas-baja-asi-fue-su-encuentro\\\/\"]}]},{\"@type\":\"ImageObject\",\"inLanguage\":\"es\",\"@id\":\"https:\\\/\\\/fuentesfidedignas.com.mx\\\/index.php\\\/2024\\\/11\\\/23\\\/video-mujer-mas-alta-del-mundo-se-reune-con-la-mas-baja-asi-fue-su-encuentro\\\/#primaryimage\",\"url\":\"https:\\\/\\\/fuentesfidedignas.com.mx\\\/wp-content\\\/uploads\\\/2024\\\/11\\\/mujeralta_pequena.jpg\",\"contentUrl\":\"https:\\\/\\\/fuentesfidedignas.com.mx\\\/wp-content\\\/uploads\\\/2024\\\/11\\\/mujeralta_pequena.jpg\",\"width\":776,\"height\":490},{\"@type\":\"BreadcrumbList\",\"@id\":\"https:\\\/\\\/fuentesfidedignas.com.mx\\\/index.php\\\/2024\\\/11\\\/23\\\/video-mujer-mas-alta-del-mundo-se-reune-con-la-mas-baja-asi-fue-su-encuentro\\\/#breadcrumb\",\"itemListElement\":[{\"@type\":\"ListItem\",\"position\":1,\"name\":\"Inicio\",\"item\":\"https:\\\/\\\/fuentesfidedignas.com.mx\\\/\"},{\"@type\":\"ListItem\",\"position\":2,\"name\":\"VIDEO: Mujer m\u00e1s alta del mundo se re\u00fane con la m\u00e1s baja; as\u00ed fue su encuentro\"}]},{\"@type\":\"WebSite\",\"@id\":\"https:\\\/\\\/fuentesfidedignas.com.mx\\\/#website\",\"url\":\"https:\\\/\\\/fuentesfidedignas.com.mx\\\/\",\"name\":\"Fuentes Fidedignas\",\"description\":\"Otro sitio realizado con WordPress\",\"publisher\":{\"@id\":\"https:\\\/\\\/fuentesfidedignas.com.mx\\\/#organization\"},\"potentialAction\":[{\"@type\":\"SearchAction\",\"target\":{\"@type\":\"EntryPoint\",\"urlTemplate\":\"https:\\\/\\\/fuentesfidedignas.com.mx\\\/?s={search_term_string}\"},\"query-input\":{\"@type\":\"PropertyValueSpecification\",\"valueRequired\":true,\"valueName\":\"search_term_string\"}}],\"inLanguage\":\"es\"},{\"@type\":\"Organization\",\"@id\":\"https:\\\/\\\/fuentesfidedignas.com.mx\\\/#organization\",\"name\":\"Fuentes Fidedignas\",\"url\":\"https:\\\/\\\/fuentesfidedignas.com.mx\\\/\",\"logo\":{\"@type\":\"ImageObject\",\"inLanguage\":\"es\",\"@id\":\"https:\\\/\\\/fuentesfidedignas.com.mx\\\/#\\\/schema\\\/logo\\\/image\\\/\",\"url\":\"https:\\\/\\\/fuentesfidedignas.com.mx\\\/wp-content\\\/uploads\\\/2021\\\/04\\\/logo-retina.png\",\"contentUrl\":\"https:\\\/\\\/fuentesfidedignas.com.mx\\\/wp-content\\\/uploads\\\/2021\\\/04\\\/logo-retina.png\",\"width\":280,\"height\":51,\"caption\":\"Fuentes Fidedignas\"},\"image\":{\"@id\":\"https:\\\/\\\/fuentesfidedignas.com.mx\\\/#\\\/schema\\\/logo\\\/image\\\/\"},\"sameAs\":[\"https:\\\/\\\/www.facebook.com\\\/Fuentes-Fidedignas-368234489921644\",\"https:\\\/\\\/x.com\\\/fidedignas\"]},{\"@type\":\"Person\",\"@id\":\"https:\\\/\\\/fuentesfidedignas.com.mx\\\/#\\\/schema\\\/person\\\/47ec0135738f4b0c7495f06a77a2c976\",\"name\":\"Milenio\",\"image\":{\"@type\":\"ImageObject\",\"inLanguage\":\"es\",\"@id\":\"https:\\\/\\\/secure.gravatar.com\\\/avatar\\\/acabf7b54753e51c2c76457954577c236b3b764789b19879565769739d1e4a75?s=96&d=mm&r=g\",\"url\":\"https:\\\/\\\/secure.gravatar.com\\\/avatar\\\/acabf7b54753e51c2c76457954577c236b3b764789b19879565769739d1e4a75?s=96&d=mm&r=g\",\"contentUrl\":\"https:\\\/\\\/secure.gravatar.com\\\/avatar\\\/acabf7b54753e51c2c76457954577c236b3b764789b19879565769739d1e4a75?s=96&d=mm&r=g\",\"caption\":\"Milenio\"},\"url\":\"https:\\\/\\\/fuentesfidedignas.com.mx\\\/index.php\\\/author\\\/milenio\\\/\"}]}<\/script>\n<!-- \/ Yoast SEO plugin. -->","yoast_head_json":{"title":"VIDEO: Mujer m\u00e1s alta del mundo se re\u00fane con la m\u00e1s baja; as\u00ed fue su encuentro - Fuentes Fidedignas","robots":{"index":"index","follow":"follow","max-snippet":"max-snippet:-1","max-image-preview":"max-image-preview:large","max-video-preview":"max-video-preview:-1"},"canonical":"https:\/\/fuentesfidedignas.com.mx\/index.php\/2024\/11\/23\/video-mujer-mas-alta-del-mundo-se-reune-con-la-mas-baja-asi-fue-su-encuentro\/","og_locale":"es_MX","og_type":"article","og_title":"VIDEO: Mujer m\u00e1s alta del mundo se re\u00fane con la m\u00e1s baja; as\u00ed fue su encuentro - Fuentes Fidedignas","og_description":"\u00a1La diferencia de estatura es increible! Jyoti Amge y Rumeysa Gelgi se reunieron para el D\u00eda de los R\u00e9cords Guinness Jyoti Amge, la mujer m\u00e1s baja del mundo, y Rumeysa Gelgi, la m\u00e1s alta, se reunieron en el prestigioso Savoy Hotel en Londres para tomar un t\u00e9 en un encuentro organizado para conmemorar el D\u00eda [&hellip;]","og_url":"https:\/\/fuentesfidedignas.com.mx\/index.php\/2024\/11\/23\/video-mujer-mas-alta-del-mundo-se-reune-con-la-mas-baja-asi-fue-su-encuentro\/","og_site_name":"Fuentes Fidedignas","article_publisher":"https:\/\/www.facebook.com\/Fuentes-Fidedignas-368234489921644","article_published_time":"2024-11-23T12:09:00+00:00","og_image":[{"width":776,"height":490,"url":"https:\/\/fuentesfidedignas.com.mx\/wp-content\/uploads\/2024\/11\/mujeralta_pequena.jpg","type":"image\/jpeg"}],"author":"Milenio","twitter_card":"summary_large_image","twitter_creator":"@fidedignas","twitter_site":"@fidedignas","twitter_misc":{"Escrito por":"Milenio","Tiempo de lectura":"2 minutos"},"schema":{"@context":"https:\/\/schema.org","@graph":[{"@type":"Article","@id":"https:\/\/fuentesfidedignas.com.mx\/index.php\/2024\/11\/23\/video-mujer-mas-alta-del-mundo-se-reune-con-la-mas-baja-asi-fue-su-encuentro\/#article","isPartOf":{"@id":"https:\/\/fuentesfidedignas.com.mx\/index.php\/2024\/11\/23\/video-mujer-mas-alta-del-mundo-se-reune-con-la-mas-baja-asi-fue-su-encuentro\/"},"author":{"name":"Milenio","@id":"https:\/\/fuentesfidedignas.com.mx\/#\/schema\/person\/47ec0135738f4b0c7495f06a77a2c976"},"headline":"VIDEO: Mujer m\u00e1s alta del mundo se re\u00fane con la m\u00e1s baja; as\u00ed fue su encuentro","datePublished":"2024-11-23T12:09:00+00:00","mainEntityOfPage":{"@id":"https:\/\/fuentesfidedignas.com.mx\/index.php\/2024\/11\/23\/video-mujer-mas-alta-del-mundo-se-reune-con-la-mas-baja-asi-fue-su-encuentro\/"},"wordCount":435,"commentCount":0,"publisher":{"@id":"https:\/\/fuentesfidedignas.com.mx\/#organization"},"image":{"@id":"https:\/\/fuentesfidedignas.com.mx\/index.php\/2024\/11\/23\/video-mujer-mas-alta-del-mundo-se-reune-con-la-mas-baja-asi-fue-su-encuentro\/#primaryimage"},"thumbnailUrl":"https:\/\/fuentesfidedignas.com.mx\/wp-content\/uploads\/2024\/11\/mujeralta_pequena.jpg","articleSection":["LAS ASOMBROSAS"],"inLanguage":"es","potentialAction":[{"@type":"CommentAction","name":"Comment","target":["https:\/\/fuentesfidedignas.com.mx\/index.php\/2024\/11\/23\/video-mujer-mas-alta-del-mundo-se-reune-con-la-mas-baja-asi-fue-su-encuentro\/#respond"]}]},{"@type":"WebPage","@id":"https:\/\/fuentesfidedignas.com.mx\/index.php\/2024\/11\/23\/video-mujer-mas-alta-del-mundo-se-reune-con-la-mas-baja-asi-fue-su-encuentro\/","url":"https:\/\/fuentesfidedignas.com.mx\/index.php\/2024\/11\/23\/video-mujer-mas-alta-del-mundo-se-reune-con-la-mas-baja-asi-fue-su-encuentro\/","name":"VIDEO: Mujer m\u00e1s alta del mundo se re\u00fane con la m\u00e1s baja; as\u00ed fue su encuentro - Fuentes Fidedignas","isPartOf":{"@id":"https:\/\/fuentesfidedignas.com.mx\/#website"},"primaryImageOfPage":{"@id":"https:\/\/fuentesfidedignas.com.mx\/index.php\/2024\/11\/23\/video-mujer-mas-alta-del-mundo-se-reune-con-la-mas-baja-asi-fue-su-encuentro\/#primaryimage"},"image":{"@id":"https:\/\/fuentesfidedignas.com.mx\/index.php\/2024\/11\/23\/video-mujer-mas-alta-del-mundo-se-reune-con-la-mas-baja-asi-fue-su-encuentro\/#primaryimage"},"thumbnailUrl":"https:\/\/fuentesfidedignas.com.mx\/wp-content\/uploads\/2024\/11\/mujeralta_pequena.jpg","datePublished":"2024-11-23T12:09:00+00:00","breadcrumb":{"@id":"https:\/\/fuentesfidedignas.com.mx\/index.php\/2024\/11\/23\/video-mujer-mas-alta-del-mundo-se-reune-con-la-mas-baja-asi-fue-su-encuentro\/#breadcrumb"},"inLanguage":"es","potentialAction":[{"@type":"ReadAction","target":["https:\/\/fuentesfidedignas.com.mx\/index.php\/2024\/11\/23\/video-mujer-mas-alta-del-mundo-se-reune-con-la-mas-baja-asi-fue-su-encuentro\/"]}]},{"@type":"ImageObject","inLanguage":"es","@id":"https:\/\/fuentesfidedignas.com.mx\/index.php\/2024\/11\/23\/video-mujer-mas-alta-del-mundo-se-reune-con-la-mas-baja-asi-fue-su-encuentro\/#primaryimage","url":"https:\/\/fuentesfidedignas.com.mx\/wp-content\/uploads\/2024\/11\/mujeralta_pequena.jpg","contentUrl":"https:\/\/fuentesfidedignas.com.mx\/wp-content\/uploads\/2024\/11\/mujeralta_pequena.jpg","width":776,"height":490},{"@type":"BreadcrumbList","@id":"https:\/\/fuentesfidedignas.com.mx\/index.php\/2024\/11\/23\/video-mujer-mas-alta-del-mundo-se-reune-con-la-mas-baja-asi-fue-su-encuentro\/#breadcrumb","itemListElement":[{"@type":"ListItem","position":1,"name":"Inicio","item":"https:\/\/fuentesfidedignas.com.mx\/"},{"@type":"ListItem","position":2,"name":"VIDEO: Mujer m\u00e1s alta del mundo se re\u00fane con la m\u00e1s baja; as\u00ed fue su encuentro"}]},{"@type":"WebSite","@id":"https:\/\/fuentesfidedignas.com.mx\/#website","url":"https:\/\/fuentesfidedignas.com.mx\/","name":"Fuentes Fidedignas","description":"Otro sitio realizado con WordPress","publisher":{"@id":"https:\/\/fuentesfidedignas.com.mx\/#organization"},"potentialAction":[{"@type":"SearchAction","target":{"@type":"EntryPoint","urlTemplate":"https:\/\/fuentesfidedignas.com.mx\/?s={search_term_string}"},"query-input":{"@type":"PropertyValueSpecification","valueRequired":true,"valueName":"search_term_string"}}],"inLanguage":"es"},{"@type":"Organization","@id":"https:\/\/fuentesfidedignas.com.mx\/#organization","name":"Fuentes Fidedignas","url":"https:\/\/fuentesfidedignas.com.mx\/","logo":{"@type":"ImageObject","inLanguage":"es","@id":"https:\/\/fuentesfidedignas.com.mx\/#\/schema\/logo\/image\/","url":"https:\/\/fuentesfidedignas.com.mx\/wp-content\/uploads\/2021\/04\/logo-retina.png","contentUrl":"https:\/\/fuentesfidedignas.com.mx\/wp-content\/uploads\/2021\/04\/logo-retina.png","width":280,"height":51,"caption":"Fuentes Fidedignas"},"image":{"@id":"https:\/\/fuentesfidedignas.com.mx\/#\/schema\/logo\/image\/"},"sameAs":["https:\/\/www.facebook.com\/Fuentes-Fidedignas-368234489921644","https:\/\/x.com\/fidedignas"]},{"@type":"Person","@id":"https:\/\/fuentesfidedignas.com.mx\/#\/schema\/person\/47ec0135738f4b0c7495f06a77a2c976","name":"Milenio","image":{"@type":"ImageObject","inLanguage":"es","@id":"https:\/\/secure.gravatar.com\/avatar\/acabf7b54753e51c2c76457954577c236b3b764789b19879565769739d1e4a75?s=96&d=mm&r=g","url":"https:\/\/secure.gravatar.com\/avatar\/acabf7b54753e51c2c76457954577c236b3b764789b19879565769739d1e4a75?s=96&d=mm&r=g","contentUrl":"https:\/\/secure.gravatar.com\/avatar\/acabf7b54753e51c2c76457954577c236b3b764789b19879565769739d1e4a75?s=96&d=mm&r=g","caption":"Milenio"},"url":"https:\/\/fuentesfidedignas.com.mx\/index.php\/author\/milenio\/"}]}},"_links":{"self":[{"href":"https:\/\/fuentesfidedignas.com.mx\/index.php\/wp-json\/wp\/v2\/posts\/95993","targetHints":{"allow":["GET"]}}],"collection":[{"href":"https:\/\/fuentesfidedignas.com.mx\/index.php\/wp-json\/wp\/v2\/posts"}],"about":[{"href":"https:\/\/fuentesfidedignas.com.mx\/index.php\/wp-json\/wp\/v2\/types\/post"}],"author":[{"embeddable":true,"href":"https:\/\/fuentesfidedignas.com.mx\/index.php\/wp-json\/wp\/v2\/users\/9"}],"replies":[{"embeddable":true,"href":"https:\/\/fuentesfidedignas.com.mx\/index.php\/wp-json\/wp\/v2\/comments?post=95993"}],"version-history":[{"count":1,"href":"https:\/\/fuentesfidedignas.com.mx\/index.php\/wp-json\/wp\/v2\/posts\/95993\/revisions"}],"predecessor-version":[{"id":95995,"href":"https:\/\/fuentesfidedignas.com.mx\/index.php\/wp-json\/wp\/v2\/posts\/95993\/revisions\/95995"}],"wp:featuredmedia":[{"embeddable":true,"href":"https:\/\/fuentesfidedignas.com.mx\/index.php\/wp-json\/wp\/v2\/media\/95994"}],"wp:attachment":[{"href":"https:\/\/fuentesfidedignas.com.mx\/index.php\/wp-json\/wp\/v2\/media?parent=95993"}],"wp:term":[{"taxonomy":"category","embeddable":true,"href":"https:\/\/fuentesfidedignas.com.mx\/index.php\/wp-json\/wp\/v2\/categories?post=95993"},{"taxonomy":"post_tag","embeddable":true,"href":"https:\/\/fuentesfidedignas.com.mx\/index.php\/wp-json\/wp\/v2\/tags?post=95993"}],"curies":[{"name":"wp","href":"https:\/\/api.w.org\/{rel}","templated":true}]}}