{"id":95963,"date":"2024-11-22T11:49:29","date_gmt":"2024-11-22T18:49:29","guid":{"rendered":"https:\/\/fuentesfidedignas.com.mx\/?p=95963"},"modified":"2024-11-22T11:49:29","modified_gmt":"2024-11-22T18:49:29","slug":"sheinbaum-reconoce-que-amlo-tiene-una-seguridad-minima-del-estado-en-su-domicilio","status":"publish","type":"post","link":"https:\/\/fuentesfidedignas.com.mx\/index.php\/2024\/11\/22\/sheinbaum-reconoce-que-amlo-tiene-una-seguridad-minima-del-estado-en-su-domicilio\/","title":{"rendered":"Sheinbaum reconoce que AMLO \u201ctiene una seguridad m\u00ednima\u201d del Estado en su domicilio"},"content":{"rendered":"\n<p><strong><em>La mandataria fue cuestionada durante su conferencia matutina sobre la seguridad que posee L\u00f3pez Obrador en su quinta en Palenque, Chiapas.<\/em><\/strong><\/p>\n\n\n\n<p>La presidenta Claudia Sheinbaum Pardo reconoci\u00f3 que el expresidente Andr\u00e9s Manuel L\u00f3pez Obrador cuenta con una \u201cseguridad m\u00ednima\u201d por parte de fuerzas del Estado en su domicilio.<\/p>\n\n\n\n<p>La mandataria fue cuestionada durante su conferencia matutina sobre la seguridad que posee L\u00f3pez Obrador en su quinta en Palenque, Chiapas.<\/p>\n\n\n\n<p>\u201c<strong>\u00c9l tiene una seguridad m\u00ednima en su domicilio\u201d<\/strong>, contest\u00f3.<\/p>\n\n\n\n<p>Los elementos de seguridad forman parte de un cuartel de la Secretar\u00eda de la Defensa (Sedena) en la localidad, indic\u00f3.<\/p>\n\n\n\n<p><em>\u00bfOtros expresidentes cuentan con seguridad?<\/em><\/p>\n\n\n\n<p>La Presidenta fue cuestionada sobre si el resto de los expresidentes cuentan con seguridad por parte del Estado.<\/p>\n\n\n\n<p>Lo voy a revisar, recuerden que todos los expresidentes viven fuera, Calder\u00f3n vive en Espa\u00f1a\u201d, indic\u00f3.<\/p>\n","protected":false},"excerpt":{"rendered":"<p>La mandataria fue cuestionada durante su conferencia matutina sobre la seguridad que posee L\u00f3pez Obrador en su quinta en Palenque, Chiapas. La presidenta Claudia Sheinbaum Pardo reconoci\u00f3 que el expresidente Andr\u00e9s Manuel L\u00f3pez Obrador cuenta con una \u201cseguridad m\u00ednima\u201d por parte de fuerzas del Estado en su domicilio. La mandataria fue cuestionada durante su conferencia [&hellip;]<\/p>\n","protected":false},"author":40,"featured_media":95962,"comment_status":"closed","ping_status":"open","sticky":false,"template":"","format":"standard","meta":{"tdm_status":"","tdm_grid_status":"","footnotes":""},"categories":[39],"tags":[],"class_list":{"0":"post-95963","1":"post","2":"type-post","3":"status-publish","4":"format-standard","5":"has-post-thumbnail","7":"category-noticias-nacionales"},"yoast_head":"<!-- This site is optimized with the Yoast SEO plugin v27.5 - https:\/\/yoast.com\/product\/yoast-seo-wordpress\/ -->\n<title>Sheinbaum reconoce que AMLO \u201ctiene una seguridad m\u00ednima\u201d del Estado en su domicilio - Fuentes Fidedignas<\/title>\n<meta name=\"robots\" content=\"index, follow, max-snippet:-1, max-image-preview:large, max-video-preview:-1\" \/>\n<link rel=\"canonical\" href=\"https:\/\/fuentesfidedignas.com.mx\/index.php\/2024\/11\/22\/sheinbaum-reconoce-que-amlo-tiene-una-seguridad-minima-del-estado-en-su-domicilio\/\" \/>\n<meta property=\"og:locale\" content=\"es_MX\" \/>\n<meta property=\"og:type\" content=\"article\" \/>\n<meta property=\"og:title\" content=\"Sheinbaum reconoce que AMLO \u201ctiene una seguridad m\u00ednima\u201d del Estado en su domicilio - Fuentes Fidedignas\" \/>\n<meta property=\"og:description\" content=\"La mandataria fue cuestionada durante su conferencia matutina sobre la seguridad que posee L\u00f3pez Obrador en su quinta en Palenque, Chiapas. La presidenta Claudia Sheinbaum Pardo reconoci\u00f3 que el expresidente Andr\u00e9s Manuel L\u00f3pez Obrador cuenta con una \u201cseguridad m\u00ednima\u201d por parte de fuerzas del Estado en su domicilio. La mandataria fue cuestionada durante su conferencia [&hellip;]\" \/>\n<meta property=\"og:url\" content=\"https:\/\/fuentesfidedignas.com.mx\/index.php\/2024\/11\/22\/sheinbaum-reconoce-que-amlo-tiene-una-seguridad-minima-del-estado-en-su-domicilio\/\" \/>\n<meta property=\"og:site_name\" content=\"Fuentes Fidedignas\" \/>\n<meta property=\"article:publisher\" content=\"https:\/\/www.facebook.com\/Fuentes-Fidedignas-368234489921644\" \/>\n<meta property=\"article:published_time\" content=\"2024-11-22T18:49:29+00:00\" \/>\n<meta property=\"og:image\" content=\"https:\/\/fuentesfidedignas.com.mx\/wp-content\/uploads\/2024\/11\/img_0758-1.jpg\" \/>\n\t<meta property=\"og:image:width\" content=\"768\" \/>\n\t<meta property=\"og:image:height\" content=\"512\" \/>\n\t<meta property=\"og:image:type\" content=\"image\/png\" \/>\n<meta name=\"author\" content=\"El Imparcial\" \/>\n<meta name=\"twitter:card\" content=\"summary_large_image\" \/>\n<meta name=\"twitter:creator\" content=\"@fidedignas\" \/>\n<meta name=\"twitter:site\" content=\"@fidedignas\" \/>\n<meta name=\"twitter:label1\" content=\"Escrito por\" \/>\n\t<meta name=\"twitter:data1\" content=\"El Imparcial\" \/>\n\t<meta name=\"twitter:label2\" content=\"Tiempo de lectura\" \/>\n\t<meta name=\"twitter:data2\" content=\"1 minuto\" \/>\n<script type=\"application\/ld+json\" class=\"yoast-schema-graph\">{\"@context\":\"https:\\\/\\\/schema.org\",\"@graph\":[{\"@type\":\"Article\",\"@id\":\"https:\\\/\\\/fuentesfidedignas.com.mx\\\/index.php\\\/2024\\\/11\\\/22\\\/sheinbaum-reconoce-que-amlo-tiene-una-seguridad-minima-del-estado-en-su-domicilio\\\/#article\",\"isPartOf\":{\"@id\":\"https:\\\/\\\/fuentesfidedignas.com.mx\\\/index.php\\\/2024\\\/11\\\/22\\\/sheinbaum-reconoce-que-amlo-tiene-una-seguridad-minima-del-estado-en-su-domicilio\\\/\"},\"author\":{\"name\":\"El Imparcial\",\"@id\":\"https:\\\/\\\/fuentesfidedignas.com.mx\\\/#\\\/schema\\\/person\\\/ff4db17f8fd9c584e0cfc2a0c436b8a1\"},\"headline\":\"Sheinbaum reconoce que AMLO \u201ctiene una seguridad m\u00ednima\u201d del Estado en su domicilio\",\"datePublished\":\"2024-11-22T18:49:29+00:00\",\"mainEntityOfPage\":{\"@id\":\"https:\\\/\\\/fuentesfidedignas.com.mx\\\/index.php\\\/2024\\\/11\\\/22\\\/sheinbaum-reconoce-que-amlo-tiene-una-seguridad-minima-del-estado-en-su-domicilio\\\/\"},\"wordCount\":160,\"publisher\":{\"@id\":\"https:\\\/\\\/fuentesfidedignas.com.mx\\\/#organization\"},\"image\":{\"@id\":\"https:\\\/\\\/fuentesfidedignas.com.mx\\\/index.php\\\/2024\\\/11\\\/22\\\/sheinbaum-reconoce-que-amlo-tiene-una-seguridad-minima-del-estado-en-su-domicilio\\\/#primaryimage\"},\"thumbnailUrl\":\"https:\\\/\\\/fuentesfidedignas.com.mx\\\/wp-content\\\/uploads\\\/2024\\\/11\\\/img_0758-1.jpg\",\"articleSection\":[\"NOTICIAS NACIONALES\"],\"inLanguage\":\"es\"},{\"@type\":\"WebPage\",\"@id\":\"https:\\\/\\\/fuentesfidedignas.com.mx\\\/index.php\\\/2024\\\/11\\\/22\\\/sheinbaum-reconoce-que-amlo-tiene-una-seguridad-minima-del-estado-en-su-domicilio\\\/\",\"url\":\"https:\\\/\\\/fuentesfidedignas.com.mx\\\/index.php\\\/2024\\\/11\\\/22\\\/sheinbaum-reconoce-que-amlo-tiene-una-seguridad-minima-del-estado-en-su-domicilio\\\/\",\"name\":\"Sheinbaum reconoce que AMLO \u201ctiene una seguridad m\u00ednima\u201d del Estado en su domicilio - Fuentes Fidedignas\",\"isPartOf\":{\"@id\":\"https:\\\/\\\/fuentesfidedignas.com.mx\\\/#website\"},\"primaryImageOfPage\":{\"@id\":\"https:\\\/\\\/fuentesfidedignas.com.mx\\\/index.php\\\/2024\\\/11\\\/22\\\/sheinbaum-reconoce-que-amlo-tiene-una-seguridad-minima-del-estado-en-su-domicilio\\\/#primaryimage\"},\"image\":{\"@id\":\"https:\\\/\\\/fuentesfidedignas.com.mx\\\/index.php\\\/2024\\\/11\\\/22\\\/sheinbaum-reconoce-que-amlo-tiene-una-seguridad-minima-del-estado-en-su-domicilio\\\/#primaryimage\"},\"thumbnailUrl\":\"https:\\\/\\\/fuentesfidedignas.com.mx\\\/wp-content\\\/uploads\\\/2024\\\/11\\\/img_0758-1.jpg\",\"datePublished\":\"2024-11-22T18:49:29+00:00\",\"breadcrumb\":{\"@id\":\"https:\\\/\\\/fuentesfidedignas.com.mx\\\/index.php\\\/2024\\\/11\\\/22\\\/sheinbaum-reconoce-que-amlo-tiene-una-seguridad-minima-del-estado-en-su-domicilio\\\/#breadcrumb\"},\"inLanguage\":\"es\",\"potentialAction\":[{\"@type\":\"ReadAction\",\"target\":[\"https:\\\/\\\/fuentesfidedignas.com.mx\\\/index.php\\\/2024\\\/11\\\/22\\\/sheinbaum-reconoce-que-amlo-tiene-una-seguridad-minima-del-estado-en-su-domicilio\\\/\"]}]},{\"@type\":\"ImageObject\",\"inLanguage\":\"es\",\"@id\":\"https:\\\/\\\/fuentesfidedignas.com.mx\\\/index.php\\\/2024\\\/11\\\/22\\\/sheinbaum-reconoce-que-amlo-tiene-una-seguridad-minima-del-estado-en-su-domicilio\\\/#primaryimage\",\"url\":\"https:\\\/\\\/fuentesfidedignas.com.mx\\\/wp-content\\\/uploads\\\/2024\\\/11\\\/img_0758-1.jpg\",\"contentUrl\":\"https:\\\/\\\/fuentesfidedignas.com.mx\\\/wp-content\\\/uploads\\\/2024\\\/11\\\/img_0758-1.jpg\",\"width\":768,\"height\":512},{\"@type\":\"BreadcrumbList\",\"@id\":\"https:\\\/\\\/fuentesfidedignas.com.mx\\\/index.php\\\/2024\\\/11\\\/22\\\/sheinbaum-reconoce-que-amlo-tiene-una-seguridad-minima-del-estado-en-su-domicilio\\\/#breadcrumb\",\"itemListElement\":[{\"@type\":\"ListItem\",\"position\":1,\"name\":\"Inicio\",\"item\":\"https:\\\/\\\/fuentesfidedignas.com.mx\\\/\"},{\"@type\":\"ListItem\",\"position\":2,\"name\":\"Sheinbaum reconoce que AMLO \u201ctiene una seguridad m\u00ednima\u201d del Estado en su domicilio\"}]},{\"@type\":\"WebSite\",\"@id\":\"https:\\\/\\\/fuentesfidedignas.com.mx\\\/#website\",\"url\":\"https:\\\/\\\/fuentesfidedignas.com.mx\\\/\",\"name\":\"Fuentes Fidedignas\",\"description\":\"Otro sitio realizado con WordPress\",\"publisher\":{\"@id\":\"https:\\\/\\\/fuentesfidedignas.com.mx\\\/#organization\"},\"potentialAction\":[{\"@type\":\"SearchAction\",\"target\":{\"@type\":\"EntryPoint\",\"urlTemplate\":\"https:\\\/\\\/fuentesfidedignas.com.mx\\\/?s={search_term_string}\"},\"query-input\":{\"@type\":\"PropertyValueSpecification\",\"valueRequired\":true,\"valueName\":\"search_term_string\"}}],\"inLanguage\":\"es\"},{\"@type\":\"Organization\",\"@id\":\"https:\\\/\\\/fuentesfidedignas.com.mx\\\/#organization\",\"name\":\"Fuentes Fidedignas\",\"url\":\"https:\\\/\\\/fuentesfidedignas.com.mx\\\/\",\"logo\":{\"@type\":\"ImageObject\",\"inLanguage\":\"es\",\"@id\":\"https:\\\/\\\/fuentesfidedignas.com.mx\\\/#\\\/schema\\\/logo\\\/image\\\/\",\"url\":\"https:\\\/\\\/fuentesfidedignas.com.mx\\\/wp-content\\\/uploads\\\/2021\\\/04\\\/logo-retina.png\",\"contentUrl\":\"https:\\\/\\\/fuentesfidedignas.com.mx\\\/wp-content\\\/uploads\\\/2021\\\/04\\\/logo-retina.png\",\"width\":280,\"height\":51,\"caption\":\"Fuentes Fidedignas\"},\"image\":{\"@id\":\"https:\\\/\\\/fuentesfidedignas.com.mx\\\/#\\\/schema\\\/logo\\\/image\\\/\"},\"sameAs\":[\"https:\\\/\\\/www.facebook.com\\\/Fuentes-Fidedignas-368234489921644\",\"https:\\\/\\\/x.com\\\/fidedignas\"]},{\"@type\":\"Person\",\"@id\":\"https:\\\/\\\/fuentesfidedignas.com.mx\\\/#\\\/schema\\\/person\\\/ff4db17f8fd9c584e0cfc2a0c436b8a1\",\"name\":\"El Imparcial\",\"image\":{\"@type\":\"ImageObject\",\"inLanguage\":\"es\",\"@id\":\"https:\\\/\\\/secure.gravatar.com\\\/avatar\\\/accd6807585a75316c237ee783498317be6f66ab34c47c940966f26a3f613161?s=96&d=mm&r=g\",\"url\":\"https:\\\/\\\/secure.gravatar.com\\\/avatar\\\/accd6807585a75316c237ee783498317be6f66ab34c47c940966f26a3f613161?s=96&d=mm&r=g\",\"contentUrl\":\"https:\\\/\\\/secure.gravatar.com\\\/avatar\\\/accd6807585a75316c237ee783498317be6f66ab34c47c940966f26a3f613161?s=96&d=mm&r=g\",\"caption\":\"El Imparcial\"},\"url\":\"https:\\\/\\\/fuentesfidedignas.com.mx\\\/index.php\\\/author\\\/imparcial\\\/\"}]}<\/script>\n<!-- \/ Yoast SEO plugin. -->","yoast_head_json":{"title":"Sheinbaum reconoce que AMLO \u201ctiene una seguridad m\u00ednima\u201d del Estado en su domicilio - Fuentes Fidedignas","robots":{"index":"index","follow":"follow","max-snippet":"max-snippet:-1","max-image-preview":"max-image-preview:large","max-video-preview":"max-video-preview:-1"},"canonical":"https:\/\/fuentesfidedignas.com.mx\/index.php\/2024\/11\/22\/sheinbaum-reconoce-que-amlo-tiene-una-seguridad-minima-del-estado-en-su-domicilio\/","og_locale":"es_MX","og_type":"article","og_title":"Sheinbaum reconoce que AMLO \u201ctiene una seguridad m\u00ednima\u201d del Estado en su domicilio - Fuentes Fidedignas","og_description":"La mandataria fue cuestionada durante su conferencia matutina sobre la seguridad que posee L\u00f3pez Obrador en su quinta en Palenque, Chiapas. La presidenta Claudia Sheinbaum Pardo reconoci\u00f3 que el expresidente Andr\u00e9s Manuel L\u00f3pez Obrador cuenta con una \u201cseguridad m\u00ednima\u201d por parte de fuerzas del Estado en su domicilio. La mandataria fue cuestionada durante su conferencia [&hellip;]","og_url":"https:\/\/fuentesfidedignas.com.mx\/index.php\/2024\/11\/22\/sheinbaum-reconoce-que-amlo-tiene-una-seguridad-minima-del-estado-en-su-domicilio\/","og_site_name":"Fuentes Fidedignas","article_publisher":"https:\/\/www.facebook.com\/Fuentes-Fidedignas-368234489921644","article_published_time":"2024-11-22T18:49:29+00:00","og_image":[{"width":768,"height":512,"url":"https:\/\/fuentesfidedignas.com.mx\/wp-content\/uploads\/2024\/11\/img_0758-1.jpg","type":"image\/png"}],"author":"El Imparcial","twitter_card":"summary_large_image","twitter_creator":"@fidedignas","twitter_site":"@fidedignas","twitter_misc":{"Escrito por":"El Imparcial","Tiempo de lectura":"1 minuto"},"schema":{"@context":"https:\/\/schema.org","@graph":[{"@type":"Article","@id":"https:\/\/fuentesfidedignas.com.mx\/index.php\/2024\/11\/22\/sheinbaum-reconoce-que-amlo-tiene-una-seguridad-minima-del-estado-en-su-domicilio\/#article","isPartOf":{"@id":"https:\/\/fuentesfidedignas.com.mx\/index.php\/2024\/11\/22\/sheinbaum-reconoce-que-amlo-tiene-una-seguridad-minima-del-estado-en-su-domicilio\/"},"author":{"name":"El Imparcial","@id":"https:\/\/fuentesfidedignas.com.mx\/#\/schema\/person\/ff4db17f8fd9c584e0cfc2a0c436b8a1"},"headline":"Sheinbaum reconoce que AMLO \u201ctiene una seguridad m\u00ednima\u201d del Estado en su domicilio","datePublished":"2024-11-22T18:49:29+00:00","mainEntityOfPage":{"@id":"https:\/\/fuentesfidedignas.com.mx\/index.php\/2024\/11\/22\/sheinbaum-reconoce-que-amlo-tiene-una-seguridad-minima-del-estado-en-su-domicilio\/"},"wordCount":160,"publisher":{"@id":"https:\/\/fuentesfidedignas.com.mx\/#organization"},"image":{"@id":"https:\/\/fuentesfidedignas.com.mx\/index.php\/2024\/11\/22\/sheinbaum-reconoce-que-amlo-tiene-una-seguridad-minima-del-estado-en-su-domicilio\/#primaryimage"},"thumbnailUrl":"https:\/\/fuentesfidedignas.com.mx\/wp-content\/uploads\/2024\/11\/img_0758-1.jpg","articleSection":["NOTICIAS NACIONALES"],"inLanguage":"es"},{"@type":"WebPage","@id":"https:\/\/fuentesfidedignas.com.mx\/index.php\/2024\/11\/22\/sheinbaum-reconoce-que-amlo-tiene-una-seguridad-minima-del-estado-en-su-domicilio\/","url":"https:\/\/fuentesfidedignas.com.mx\/index.php\/2024\/11\/22\/sheinbaum-reconoce-que-amlo-tiene-una-seguridad-minima-del-estado-en-su-domicilio\/","name":"Sheinbaum reconoce que AMLO \u201ctiene una seguridad m\u00ednima\u201d del Estado en su domicilio - Fuentes Fidedignas","isPartOf":{"@id":"https:\/\/fuentesfidedignas.com.mx\/#website"},"primaryImageOfPage":{"@id":"https:\/\/fuentesfidedignas.com.mx\/index.php\/2024\/11\/22\/sheinbaum-reconoce-que-amlo-tiene-una-seguridad-minima-del-estado-en-su-domicilio\/#primaryimage"},"image":{"@id":"https:\/\/fuentesfidedignas.com.mx\/index.php\/2024\/11\/22\/sheinbaum-reconoce-que-amlo-tiene-una-seguridad-minima-del-estado-en-su-domicilio\/#primaryimage"},"thumbnailUrl":"https:\/\/fuentesfidedignas.com.mx\/wp-content\/uploads\/2024\/11\/img_0758-1.jpg","datePublished":"2024-11-22T18:49:29+00:00","breadcrumb":{"@id":"https:\/\/fuentesfidedignas.com.mx\/index.php\/2024\/11\/22\/sheinbaum-reconoce-que-amlo-tiene-una-seguridad-minima-del-estado-en-su-domicilio\/#breadcrumb"},"inLanguage":"es","potentialAction":[{"@type":"ReadAction","target":["https:\/\/fuentesfidedignas.com.mx\/index.php\/2024\/11\/22\/sheinbaum-reconoce-que-amlo-tiene-una-seguridad-minima-del-estado-en-su-domicilio\/"]}]},{"@type":"ImageObject","inLanguage":"es","@id":"https:\/\/fuentesfidedignas.com.mx\/index.php\/2024\/11\/22\/sheinbaum-reconoce-que-amlo-tiene-una-seguridad-minima-del-estado-en-su-domicilio\/#primaryimage","url":"https:\/\/fuentesfidedignas.com.mx\/wp-content\/uploads\/2024\/11\/img_0758-1.jpg","contentUrl":"https:\/\/fuentesfidedignas.com.mx\/wp-content\/uploads\/2024\/11\/img_0758-1.jpg","width":768,"height":512},{"@type":"BreadcrumbList","@id":"https:\/\/fuentesfidedignas.com.mx\/index.php\/2024\/11\/22\/sheinbaum-reconoce-que-amlo-tiene-una-seguridad-minima-del-estado-en-su-domicilio\/#breadcrumb","itemListElement":[{"@type":"ListItem","position":1,"name":"Inicio","item":"https:\/\/fuentesfidedignas.com.mx\/"},{"@type":"ListItem","position":2,"name":"Sheinbaum reconoce que AMLO \u201ctiene una seguridad m\u00ednima\u201d del Estado en su domicilio"}]},{"@type":"WebSite","@id":"https:\/\/fuentesfidedignas.com.mx\/#website","url":"https:\/\/fuentesfidedignas.com.mx\/","name":"Fuentes Fidedignas","description":"Otro sitio realizado con WordPress","publisher":{"@id":"https:\/\/fuentesfidedignas.com.mx\/#organization"},"potentialAction":[{"@type":"SearchAction","target":{"@type":"EntryPoint","urlTemplate":"https:\/\/fuentesfidedignas.com.mx\/?s={search_term_string}"},"query-input":{"@type":"PropertyValueSpecification","valueRequired":true,"valueName":"search_term_string"}}],"inLanguage":"es"},{"@type":"Organization","@id":"https:\/\/fuentesfidedignas.com.mx\/#organization","name":"Fuentes Fidedignas","url":"https:\/\/fuentesfidedignas.com.mx\/","logo":{"@type":"ImageObject","inLanguage":"es","@id":"https:\/\/fuentesfidedignas.com.mx\/#\/schema\/logo\/image\/","url":"https:\/\/fuentesfidedignas.com.mx\/wp-content\/uploads\/2021\/04\/logo-retina.png","contentUrl":"https:\/\/fuentesfidedignas.com.mx\/wp-content\/uploads\/2021\/04\/logo-retina.png","width":280,"height":51,"caption":"Fuentes Fidedignas"},"image":{"@id":"https:\/\/fuentesfidedignas.com.mx\/#\/schema\/logo\/image\/"},"sameAs":["https:\/\/www.facebook.com\/Fuentes-Fidedignas-368234489921644","https:\/\/x.com\/fidedignas"]},{"@type":"Person","@id":"https:\/\/fuentesfidedignas.com.mx\/#\/schema\/person\/ff4db17f8fd9c584e0cfc2a0c436b8a1","name":"El Imparcial","image":{"@type":"ImageObject","inLanguage":"es","@id":"https:\/\/secure.gravatar.com\/avatar\/accd6807585a75316c237ee783498317be6f66ab34c47c940966f26a3f613161?s=96&d=mm&r=g","url":"https:\/\/secure.gravatar.com\/avatar\/accd6807585a75316c237ee783498317be6f66ab34c47c940966f26a3f613161?s=96&d=mm&r=g","contentUrl":"https:\/\/secure.gravatar.com\/avatar\/accd6807585a75316c237ee783498317be6f66ab34c47c940966f26a3f613161?s=96&d=mm&r=g","caption":"El Imparcial"},"url":"https:\/\/fuentesfidedignas.com.mx\/index.php\/author\/imparcial\/"}]}},"_links":{"self":[{"href":"https:\/\/fuentesfidedignas.com.mx\/index.php\/wp-json\/wp\/v2\/posts\/95963","targetHints":{"allow":["GET"]}}],"collection":[{"href":"https:\/\/fuentesfidedignas.com.mx\/index.php\/wp-json\/wp\/v2\/posts"}],"about":[{"href":"https:\/\/fuentesfidedignas.com.mx\/index.php\/wp-json\/wp\/v2\/types\/post"}],"author":[{"embeddable":true,"href":"https:\/\/fuentesfidedignas.com.mx\/index.php\/wp-json\/wp\/v2\/users\/40"}],"replies":[{"embeddable":true,"href":"https:\/\/fuentesfidedignas.com.mx\/index.php\/wp-json\/wp\/v2\/comments?post=95963"}],"version-history":[{"count":1,"href":"https:\/\/fuentesfidedignas.com.mx\/index.php\/wp-json\/wp\/v2\/posts\/95963\/revisions"}],"predecessor-version":[{"id":95964,"href":"https:\/\/fuentesfidedignas.com.mx\/index.php\/wp-json\/wp\/v2\/posts\/95963\/revisions\/95964"}],"wp:featuredmedia":[{"embeddable":true,"href":"https:\/\/fuentesfidedignas.com.mx\/index.php\/wp-json\/wp\/v2\/media\/95962"}],"wp:attachment":[{"href":"https:\/\/fuentesfidedignas.com.mx\/index.php\/wp-json\/wp\/v2\/media?parent=95963"}],"wp:term":[{"taxonomy":"category","embeddable":true,"href":"https:\/\/fuentesfidedignas.com.mx\/index.php\/wp-json\/wp\/v2\/categories?post=95963"},{"taxonomy":"post_tag","embeddable":true,"href":"https:\/\/fuentesfidedignas.com.mx\/index.php\/wp-json\/wp\/v2\/tags?post=95963"}],"curies":[{"name":"wp","href":"https:\/\/api.w.org\/{rel}","templated":true}]}}