{"id":95852,"date":"2024-11-21T05:36:00","date_gmt":"2024-11-21T12:36:00","guid":{"rendered":"https:\/\/fuentesfidedignas.com.mx\/?p=95852"},"modified":"2024-11-20T17:44:30","modified_gmt":"2024-11-21T00:44:30","slug":"video-captan-momento-exacto-en-el-que-un-auto-cae-de-un-cuarto-piso-dentro-de-plaza-comercial","status":"publish","type":"post","link":"https:\/\/fuentesfidedignas.com.mx\/index.php\/2024\/11\/21\/video-captan-momento-exacto-en-el-que-un-auto-cae-de-un-cuarto-piso-dentro-de-plaza-comercial\/","title":{"rendered":"VIDEO: Captan momento exacto en el que un auto cae de un cuarto piso dentro de plaza comercial"},"content":{"rendered":"\n<p><strong><em>Impactantes videos se han dado a conocer del momento en el que un autom\u00f3vil cay\u00f3 de varios pisos al interior del centro comercial Miraflores en Guatemala.<\/em><\/strong><\/p>\n\n\n\n<p>Un autom\u00f3vil cay\u00f3 desde las alturas del estacionamiento dentro de un centro comercial ubicado en Miraflores, Guatemala llegando hasta la entrada principal de la plaza ubicada en la zona 11 capitalina.<\/p>\n\n\n\n<p>La ca\u00edda del autom\u00f3vil dej\u00f3 impresionados y en shock a los asistentes quienes, una vez pasado el susto, grabaron c\u00f3mo qued\u00f3 el auto en plena plaza con la gente incr\u00e9dula viendo lo que ocurri\u00f3.<\/p>\n\n\n\n<p>Videos que se han compartido en redes sociales y que ya se han vuelto virales muestran c\u00f3mo qued\u00f3 el autom\u00f3vil al chocar con una de las islas de los negocios que se encontraban en la planta baja provocando un fuerte estruendo que alert\u00f3 a las personas que estaban en el lugar.<\/p>\n\n\n\n<p>En las im\u00e1genes que se ha podido observar gracias a los videos que grabaron los testigos y las c\u00e1maras de seguridad c\u00f3mo fue que qued\u00f3 el auto al impactar en al interior del centro comercial.<\/p>\n\n\n\n<p>En los videos se puede ver como el techo de la plaza se desploma tras la ca\u00edda del veh\u00edculo mientras algunas personas que se encuentran en el lugar empiezan a correr para evitar que ocurriera otro accidente.<\/p>\n\n\n\n<p><strong>\u00bfC\u00f3mo fue que cay\u00f3 el veh\u00edculo dentro del centro comercial?<\/strong><\/p>\n\n\n\n<p>De acuerdo con Am\u00edlcar Montejo, intendente de tr\u00e1nsito de la ciudad capital en Guatemala, el accidente ocurri\u00f3 cuando el veh\u00edculo accidentado se encontraba en el estacionamiento, en el cuarto piso cuando el conductor aparentemente perdi\u00f3 el control de la unidad.<\/p>\n\n\n\n<p>Seg\u00fan primeras informaciones de medios locales, dieron a conocer que el suelo donde estaba estacionado el auto se habr\u00eda hundido provocando que el coche rompiera la barrera de seguridad haciendo que \u00e9sta cayera al vac\u00edo.&nbsp;<\/p>\n\n\n\n<p>Amilcar Montejo inform\u00f3 que, a pesar de lo aparatoso del incidente, no se reportaron personas heridas de gravedad ni fallecidas. Para sorpresa de todos, el conductor del autom\u00f3vil sali\u00f3 ileso por lo que no fue necesario que recibiera atenci\u00f3n m\u00e9dica.<\/p>\n\n\n\n<p>\u201cEl se\u00f1or lleg\u00f3 a su veh\u00edculo estacionado, y el espacio en donde se encontraba se hundi\u00f3, lo que provoc\u00f3 que cayera desde aproximadamente el cuarto nivel hasta la entrada principal del centro comercial\u201d, detall\u00f3 Montejo a trav\u00e9s de sus redes sociales.<\/p>\n\n\n\n<p>Por otro lado, las autoridades del centro comercial compartieron un comunicado poco despu\u00e9s del incidente en el que explican que el conductor del veh\u00edculo habr\u00eda \u201ccolisionado contra el muro del estacionamiento a alta velocidad\u201d, lo que result\u00f3 en su ca\u00edda hacia una de las plazas principales del centro.\u00a0<\/p>\n\n\n\n<p>A pesar de la gravedad de la situaci\u00f3n, confirmaron que el chofer se encuentra estable y fue trasladado para recibir atenci\u00f3n m\u00e9dica junto con dos colaboradores que se encontraban cerca del lugar del impacto.<\/p>\n\n\n\n<p>\u201cEstamos llevando a cabo las investigaciones necesarias para determinar las causas exactas del accidente y por qu\u00e9 el conductor perdi\u00f3 el control de su veh\u00edculo\u201d, se\u00f1al\u00f3 el comunicado. Adem\u00e1s, el centro comercial asegur\u00f3 que est\u00e1 trabajando en conjunto con las autoridades para evaluar los da\u00f1os y garantizar la seguridad de los visitantes.<\/p>\n\n\n\n<blockquote class=\"twitter-tweet\"><p lang=\"es\" dir=\"ltr\">AHORA:<br><br>Centro comercial Miraflores emite comunicado tras caida de veh\u00edculo desde un parqueo superior. <a href=\"https:\/\/t.co\/8lDAvFirUC\">pic.twitter.com\/8lDAvFirUC<\/a><\/p>&mdash; V\u00edctor Bola\u00f1os (@vichoguate) <a href=\"https:\/\/twitter.com\/vichoguate\/status\/1858340559645008102?ref_src=twsrc%5Etfw\">November 18, 2024<\/a><\/blockquote> <script async src=\"https:\/\/platform.twitter.com\/widgets.js\" charset=\"utf-8\"><\/script>\n\n\n\n<p><strong>Mira aqu\u00ed los impactantes videos del auto que cay\u00f3 dentro de la plaza comercial<\/strong><\/p>\n\n\n\n<blockquote class=\"twitter-tweet\"><p lang=\"es\" dir=\"ltr\">Momento en que cae veh\u00edculo del s\u00e9ptimo nivel del centro comercial Miraflores, zona 11. Se desconoce el n\u00famero de personas heridas. <a href=\"https:\/\/t.co\/sMTKSuwPYY\">pic.twitter.com\/sMTKSuwPYY<\/a><\/p>&mdash; Vinicio Gutierrez (@viniciogutierr3) <a href=\"https:\/\/twitter.com\/viniciogutierr3\/status\/1858301349756051715?ref_src=twsrc%5Etfw\">November 18, 2024<\/a><\/blockquote> <script async src=\"https:\/\/platform.twitter.com\/widgets.js\" charset=\"utf-8\"><\/script>\n\n\n\n<blockquote class=\"twitter-tweet\"><p lang=\"es\" dir=\"ltr\">Accidente en Miraflores,se vino un carro desde arriba alv \ud83d\ude33 <a href=\"https:\/\/t.co\/to2LUlaMK8\">pic.twitter.com\/to2LUlaMK8<\/a><\/p>&mdash; Serko D. (@chocochiwi_) <a href=\"https:\/\/twitter.com\/chocochiwi_\/status\/1858288513847902242?ref_src=twsrc%5Etfw\">November 17, 2024<\/a><\/blockquote> <script async src=\"https:\/\/platform.twitter.com\/widgets.js\" charset=\"utf-8\"><\/script>\n\n\n\n<blockquote class=\"twitter-tweet\"><p lang=\"es\" dir=\"ltr\">No salgo un d\u00eda con mi mam\u00e1 lo que pasa :<a href=\"https:\/\/twitter.com\/hashtag\/miraflores?src=hash&amp;ref_src=twsrc%5Etfw\">#miraflores<\/a> <a href=\"https:\/\/t.co\/Q8x1XrvbJf\">pic.twitter.com\/Q8x1XrvbJf<\/a><\/p>&mdash; lettice (@KattieSandoval3) <a href=\"https:\/\/twitter.com\/KattieSandoval3\/status\/1858287038740775379?ref_src=twsrc%5Etfw\">November 17, 2024<\/a><\/blockquote> <script async src=\"https:\/\/platform.twitter.com\/widgets.js\" charset=\"utf-8\"><\/script>\n\n\n\n<blockquote class=\"twitter-tweet\"><p lang=\"es\" dir=\"ltr\">Centro comercial Miraflores: No nos hacemos responsables por da\u00f1os y perjuicios ocasionados a su veh\u00edculo, usted se estaci\u00f3na por su cuenta y riesgo.<br>El del carro: No me hago responsable por da\u00f1os y perjuicios ocasionados a su edificio, usted me da parqueo por su cuenta y riesgo. <a href=\"https:\/\/t.co\/yQ2OLlvH3u\">pic.twitter.com\/yQ2OLlvH3u<\/a><\/p>&mdash; Soy Tuitero (@Soy_Tuitero) <a href=\"https:\/\/twitter.com\/Soy_Tuitero\/status\/1858322003775643768?ref_src=twsrc%5Etfw\">November 18, 2024<\/a><\/blockquote> <script async src=\"https:\/\/platform.twitter.com\/widgets.js\" charset=\"utf-8\"><\/script>\n","protected":false},"excerpt":{"rendered":"<p>Impactantes videos se han dado a conocer del momento en el que un autom\u00f3vil cay\u00f3 de varios pisos al interior del centro comercial Miraflores en Guatemala. Un autom\u00f3vil cay\u00f3 desde las alturas del estacionamiento dentro de un centro comercial ubicado en Miraflores, Guatemala llegando hasta la entrada principal de la plaza ubicada en la zona [&hellip;]<\/p>\n","protected":false},"author":9,"featured_media":95853,"comment_status":"open","ping_status":"open","sticky":false,"template":"","format":"standard","meta":{"tdm_status":"","tdm_grid_status":"","footnotes":""},"categories":[40],"tags":[],"class_list":{"0":"post-95852","1":"post","2":"type-post","3":"status-publish","4":"format-standard","5":"has-post-thumbnail","7":"category-las-asombrosas"},"yoast_head":"<!-- This site is optimized with the Yoast SEO plugin v27.5 - https:\/\/yoast.com\/product\/yoast-seo-wordpress\/ -->\n<title>VIDEO: Captan momento exacto en el que un auto cae de un cuarto piso dentro de plaza comercial - Fuentes Fidedignas<\/title>\n<meta name=\"robots\" content=\"index, follow, max-snippet:-1, max-image-preview:large, max-video-preview:-1\" \/>\n<link rel=\"canonical\" href=\"https:\/\/fuentesfidedignas.com.mx\/index.php\/2024\/11\/21\/video-captan-momento-exacto-en-el-que-un-auto-cae-de-un-cuarto-piso-dentro-de-plaza-comercial\/\" \/>\n<meta property=\"og:locale\" content=\"es_MX\" \/>\n<meta property=\"og:type\" content=\"article\" \/>\n<meta property=\"og:title\" content=\"VIDEO: Captan momento exacto en el que un auto cae de un cuarto piso dentro de plaza comercial - Fuentes Fidedignas\" \/>\n<meta property=\"og:description\" content=\"Impactantes videos se han dado a conocer del momento en el que un autom\u00f3vil cay\u00f3 de varios pisos al interior del centro comercial Miraflores en Guatemala. Un autom\u00f3vil cay\u00f3 desde las alturas del estacionamiento dentro de un centro comercial ubicado en Miraflores, Guatemala llegando hasta la entrada principal de la plaza ubicada en la zona [&hellip;]\" \/>\n<meta property=\"og:url\" content=\"https:\/\/fuentesfidedignas.com.mx\/index.php\/2024\/11\/21\/video-captan-momento-exacto-en-el-que-un-auto-cae-de-un-cuarto-piso-dentro-de-plaza-comercial\/\" \/>\n<meta property=\"og:site_name\" content=\"Fuentes Fidedignas\" \/>\n<meta property=\"article:publisher\" content=\"https:\/\/www.facebook.com\/Fuentes-Fidedignas-368234489921644\" \/>\n<meta property=\"article:published_time\" content=\"2024-11-21T12:36:00+00:00\" \/>\n<meta property=\"og:image\" content=\"https:\/\/fuentesfidedignas.com.mx\/wp-content\/uploads\/2024\/11\/auto-caida-de-techo.jpg\" \/>\n\t<meta property=\"og:image:width\" content=\"776\" \/>\n\t<meta property=\"og:image:height\" content=\"494\" \/>\n\t<meta property=\"og:image:type\" content=\"image\/jpeg\" \/>\n<meta name=\"author\" content=\"Milenio\" \/>\n<meta name=\"twitter:card\" content=\"summary_large_image\" \/>\n<meta name=\"twitter:creator\" content=\"@fidedignas\" \/>\n<meta name=\"twitter:site\" content=\"@fidedignas\" \/>\n<meta name=\"twitter:label1\" content=\"Escrito por\" \/>\n\t<meta name=\"twitter:data1\" content=\"Milenio\" \/>\n\t<meta name=\"twitter:label2\" content=\"Tiempo de lectura\" \/>\n\t<meta name=\"twitter:data2\" content=\"3 minutos\" \/>\n<script type=\"application\/ld+json\" class=\"yoast-schema-graph\">{\"@context\":\"https:\\\/\\\/schema.org\",\"@graph\":[{\"@type\":\"Article\",\"@id\":\"https:\\\/\\\/fuentesfidedignas.com.mx\\\/index.php\\\/2024\\\/11\\\/21\\\/video-captan-momento-exacto-en-el-que-un-auto-cae-de-un-cuarto-piso-dentro-de-plaza-comercial\\\/#article\",\"isPartOf\":{\"@id\":\"https:\\\/\\\/fuentesfidedignas.com.mx\\\/index.php\\\/2024\\\/11\\\/21\\\/video-captan-momento-exacto-en-el-que-un-auto-cae-de-un-cuarto-piso-dentro-de-plaza-comercial\\\/\"},\"author\":{\"name\":\"Milenio\",\"@id\":\"https:\\\/\\\/fuentesfidedignas.com.mx\\\/#\\\/schema\\\/person\\\/47ec0135738f4b0c7495f06a77a2c976\"},\"headline\":\"VIDEO: Captan momento exacto en el que un auto cae de un cuarto piso dentro de plaza comercial\",\"datePublished\":\"2024-11-21T12:36:00+00:00\",\"mainEntityOfPage\":{\"@id\":\"https:\\\/\\\/fuentesfidedignas.com.mx\\\/index.php\\\/2024\\\/11\\\/21\\\/video-captan-momento-exacto-en-el-que-un-auto-cae-de-un-cuarto-piso-dentro-de-plaza-comercial\\\/\"},\"wordCount\":747,\"commentCount\":0,\"publisher\":{\"@id\":\"https:\\\/\\\/fuentesfidedignas.com.mx\\\/#organization\"},\"image\":{\"@id\":\"https:\\\/\\\/fuentesfidedignas.com.mx\\\/index.php\\\/2024\\\/11\\\/21\\\/video-captan-momento-exacto-en-el-que-un-auto-cae-de-un-cuarto-piso-dentro-de-plaza-comercial\\\/#primaryimage\"},\"thumbnailUrl\":\"https:\\\/\\\/fuentesfidedignas.com.mx\\\/wp-content\\\/uploads\\\/2024\\\/11\\\/auto-caida-de-techo.jpg\",\"articleSection\":[\"LAS ASOMBROSAS\"],\"inLanguage\":\"es\",\"potentialAction\":[{\"@type\":\"CommentAction\",\"name\":\"Comment\",\"target\":[\"https:\\\/\\\/fuentesfidedignas.com.mx\\\/index.php\\\/2024\\\/11\\\/21\\\/video-captan-momento-exacto-en-el-que-un-auto-cae-de-un-cuarto-piso-dentro-de-plaza-comercial\\\/#respond\"]}]},{\"@type\":\"WebPage\",\"@id\":\"https:\\\/\\\/fuentesfidedignas.com.mx\\\/index.php\\\/2024\\\/11\\\/21\\\/video-captan-momento-exacto-en-el-que-un-auto-cae-de-un-cuarto-piso-dentro-de-plaza-comercial\\\/\",\"url\":\"https:\\\/\\\/fuentesfidedignas.com.mx\\\/index.php\\\/2024\\\/11\\\/21\\\/video-captan-momento-exacto-en-el-que-un-auto-cae-de-un-cuarto-piso-dentro-de-plaza-comercial\\\/\",\"name\":\"VIDEO: Captan momento exacto en el que un auto cae de un cuarto piso dentro de plaza comercial - Fuentes Fidedignas\",\"isPartOf\":{\"@id\":\"https:\\\/\\\/fuentesfidedignas.com.mx\\\/#website\"},\"primaryImageOfPage\":{\"@id\":\"https:\\\/\\\/fuentesfidedignas.com.mx\\\/index.php\\\/2024\\\/11\\\/21\\\/video-captan-momento-exacto-en-el-que-un-auto-cae-de-un-cuarto-piso-dentro-de-plaza-comercial\\\/#primaryimage\"},\"image\":{\"@id\":\"https:\\\/\\\/fuentesfidedignas.com.mx\\\/index.php\\\/2024\\\/11\\\/21\\\/video-captan-momento-exacto-en-el-que-un-auto-cae-de-un-cuarto-piso-dentro-de-plaza-comercial\\\/#primaryimage\"},\"thumbnailUrl\":\"https:\\\/\\\/fuentesfidedignas.com.mx\\\/wp-content\\\/uploads\\\/2024\\\/11\\\/auto-caida-de-techo.jpg\",\"datePublished\":\"2024-11-21T12:36:00+00:00\",\"breadcrumb\":{\"@id\":\"https:\\\/\\\/fuentesfidedignas.com.mx\\\/index.php\\\/2024\\\/11\\\/21\\\/video-captan-momento-exacto-en-el-que-un-auto-cae-de-un-cuarto-piso-dentro-de-plaza-comercial\\\/#breadcrumb\"},\"inLanguage\":\"es\",\"potentialAction\":[{\"@type\":\"ReadAction\",\"target\":[\"https:\\\/\\\/fuentesfidedignas.com.mx\\\/index.php\\\/2024\\\/11\\\/21\\\/video-captan-momento-exacto-en-el-que-un-auto-cae-de-un-cuarto-piso-dentro-de-plaza-comercial\\\/\"]}]},{\"@type\":\"ImageObject\",\"inLanguage\":\"es\",\"@id\":\"https:\\\/\\\/fuentesfidedignas.com.mx\\\/index.php\\\/2024\\\/11\\\/21\\\/video-captan-momento-exacto-en-el-que-un-auto-cae-de-un-cuarto-piso-dentro-de-plaza-comercial\\\/#primaryimage\",\"url\":\"https:\\\/\\\/fuentesfidedignas.com.mx\\\/wp-content\\\/uploads\\\/2024\\\/11\\\/auto-caida-de-techo.jpg\",\"contentUrl\":\"https:\\\/\\\/fuentesfidedignas.com.mx\\\/wp-content\\\/uploads\\\/2024\\\/11\\\/auto-caida-de-techo.jpg\",\"width\":776,\"height\":494},{\"@type\":\"BreadcrumbList\",\"@id\":\"https:\\\/\\\/fuentesfidedignas.com.mx\\\/index.php\\\/2024\\\/11\\\/21\\\/video-captan-momento-exacto-en-el-que-un-auto-cae-de-un-cuarto-piso-dentro-de-plaza-comercial\\\/#breadcrumb\",\"itemListElement\":[{\"@type\":\"ListItem\",\"position\":1,\"name\":\"Inicio\",\"item\":\"https:\\\/\\\/fuentesfidedignas.com.mx\\\/\"},{\"@type\":\"ListItem\",\"position\":2,\"name\":\"VIDEO: Captan momento exacto en el que un auto cae de un cuarto piso dentro de plaza comercial\"}]},{\"@type\":\"WebSite\",\"@id\":\"https:\\\/\\\/fuentesfidedignas.com.mx\\\/#website\",\"url\":\"https:\\\/\\\/fuentesfidedignas.com.mx\\\/\",\"name\":\"Fuentes Fidedignas\",\"description\":\"Otro sitio realizado con WordPress\",\"publisher\":{\"@id\":\"https:\\\/\\\/fuentesfidedignas.com.mx\\\/#organization\"},\"potentialAction\":[{\"@type\":\"SearchAction\",\"target\":{\"@type\":\"EntryPoint\",\"urlTemplate\":\"https:\\\/\\\/fuentesfidedignas.com.mx\\\/?s={search_term_string}\"},\"query-input\":{\"@type\":\"PropertyValueSpecification\",\"valueRequired\":true,\"valueName\":\"search_term_string\"}}],\"inLanguage\":\"es\"},{\"@type\":\"Organization\",\"@id\":\"https:\\\/\\\/fuentesfidedignas.com.mx\\\/#organization\",\"name\":\"Fuentes Fidedignas\",\"url\":\"https:\\\/\\\/fuentesfidedignas.com.mx\\\/\",\"logo\":{\"@type\":\"ImageObject\",\"inLanguage\":\"es\",\"@id\":\"https:\\\/\\\/fuentesfidedignas.com.mx\\\/#\\\/schema\\\/logo\\\/image\\\/\",\"url\":\"https:\\\/\\\/fuentesfidedignas.com.mx\\\/wp-content\\\/uploads\\\/2021\\\/04\\\/logo-retina.png\",\"contentUrl\":\"https:\\\/\\\/fuentesfidedignas.com.mx\\\/wp-content\\\/uploads\\\/2021\\\/04\\\/logo-retina.png\",\"width\":280,\"height\":51,\"caption\":\"Fuentes Fidedignas\"},\"image\":{\"@id\":\"https:\\\/\\\/fuentesfidedignas.com.mx\\\/#\\\/schema\\\/logo\\\/image\\\/\"},\"sameAs\":[\"https:\\\/\\\/www.facebook.com\\\/Fuentes-Fidedignas-368234489921644\",\"https:\\\/\\\/x.com\\\/fidedignas\"]},{\"@type\":\"Person\",\"@id\":\"https:\\\/\\\/fuentesfidedignas.com.mx\\\/#\\\/schema\\\/person\\\/47ec0135738f4b0c7495f06a77a2c976\",\"name\":\"Milenio\",\"image\":{\"@type\":\"ImageObject\",\"inLanguage\":\"es\",\"@id\":\"https:\\\/\\\/secure.gravatar.com\\\/avatar\\\/acabf7b54753e51c2c76457954577c236b3b764789b19879565769739d1e4a75?s=96&d=mm&r=g\",\"url\":\"https:\\\/\\\/secure.gravatar.com\\\/avatar\\\/acabf7b54753e51c2c76457954577c236b3b764789b19879565769739d1e4a75?s=96&d=mm&r=g\",\"contentUrl\":\"https:\\\/\\\/secure.gravatar.com\\\/avatar\\\/acabf7b54753e51c2c76457954577c236b3b764789b19879565769739d1e4a75?s=96&d=mm&r=g\",\"caption\":\"Milenio\"},\"url\":\"https:\\\/\\\/fuentesfidedignas.com.mx\\\/index.php\\\/author\\\/milenio\\\/\"}]}<\/script>\n<!-- \/ Yoast SEO plugin. -->","yoast_head_json":{"title":"VIDEO: Captan momento exacto en el que un auto cae de un cuarto piso dentro de plaza comercial - Fuentes Fidedignas","robots":{"index":"index","follow":"follow","max-snippet":"max-snippet:-1","max-image-preview":"max-image-preview:large","max-video-preview":"max-video-preview:-1"},"canonical":"https:\/\/fuentesfidedignas.com.mx\/index.php\/2024\/11\/21\/video-captan-momento-exacto-en-el-que-un-auto-cae-de-un-cuarto-piso-dentro-de-plaza-comercial\/","og_locale":"es_MX","og_type":"article","og_title":"VIDEO: Captan momento exacto en el que un auto cae de un cuarto piso dentro de plaza comercial - Fuentes Fidedignas","og_description":"Impactantes videos se han dado a conocer del momento en el que un autom\u00f3vil cay\u00f3 de varios pisos al interior del centro comercial Miraflores en Guatemala. Un autom\u00f3vil cay\u00f3 desde las alturas del estacionamiento dentro de un centro comercial ubicado en Miraflores, Guatemala llegando hasta la entrada principal de la plaza ubicada en la zona [&hellip;]","og_url":"https:\/\/fuentesfidedignas.com.mx\/index.php\/2024\/11\/21\/video-captan-momento-exacto-en-el-que-un-auto-cae-de-un-cuarto-piso-dentro-de-plaza-comercial\/","og_site_name":"Fuentes Fidedignas","article_publisher":"https:\/\/www.facebook.com\/Fuentes-Fidedignas-368234489921644","article_published_time":"2024-11-21T12:36:00+00:00","og_image":[{"width":776,"height":494,"url":"https:\/\/fuentesfidedignas.com.mx\/wp-content\/uploads\/2024\/11\/auto-caida-de-techo.jpg","type":"image\/jpeg"}],"author":"Milenio","twitter_card":"summary_large_image","twitter_creator":"@fidedignas","twitter_site":"@fidedignas","twitter_misc":{"Escrito por":"Milenio","Tiempo de lectura":"3 minutos"},"schema":{"@context":"https:\/\/schema.org","@graph":[{"@type":"Article","@id":"https:\/\/fuentesfidedignas.com.mx\/index.php\/2024\/11\/21\/video-captan-momento-exacto-en-el-que-un-auto-cae-de-un-cuarto-piso-dentro-de-plaza-comercial\/#article","isPartOf":{"@id":"https:\/\/fuentesfidedignas.com.mx\/index.php\/2024\/11\/21\/video-captan-momento-exacto-en-el-que-un-auto-cae-de-un-cuarto-piso-dentro-de-plaza-comercial\/"},"author":{"name":"Milenio","@id":"https:\/\/fuentesfidedignas.com.mx\/#\/schema\/person\/47ec0135738f4b0c7495f06a77a2c976"},"headline":"VIDEO: Captan momento exacto en el que un auto cae de un cuarto piso dentro de plaza comercial","datePublished":"2024-11-21T12:36:00+00:00","mainEntityOfPage":{"@id":"https:\/\/fuentesfidedignas.com.mx\/index.php\/2024\/11\/21\/video-captan-momento-exacto-en-el-que-un-auto-cae-de-un-cuarto-piso-dentro-de-plaza-comercial\/"},"wordCount":747,"commentCount":0,"publisher":{"@id":"https:\/\/fuentesfidedignas.com.mx\/#organization"},"image":{"@id":"https:\/\/fuentesfidedignas.com.mx\/index.php\/2024\/11\/21\/video-captan-momento-exacto-en-el-que-un-auto-cae-de-un-cuarto-piso-dentro-de-plaza-comercial\/#primaryimage"},"thumbnailUrl":"https:\/\/fuentesfidedignas.com.mx\/wp-content\/uploads\/2024\/11\/auto-caida-de-techo.jpg","articleSection":["LAS ASOMBROSAS"],"inLanguage":"es","potentialAction":[{"@type":"CommentAction","name":"Comment","target":["https:\/\/fuentesfidedignas.com.mx\/index.php\/2024\/11\/21\/video-captan-momento-exacto-en-el-que-un-auto-cae-de-un-cuarto-piso-dentro-de-plaza-comercial\/#respond"]}]},{"@type":"WebPage","@id":"https:\/\/fuentesfidedignas.com.mx\/index.php\/2024\/11\/21\/video-captan-momento-exacto-en-el-que-un-auto-cae-de-un-cuarto-piso-dentro-de-plaza-comercial\/","url":"https:\/\/fuentesfidedignas.com.mx\/index.php\/2024\/11\/21\/video-captan-momento-exacto-en-el-que-un-auto-cae-de-un-cuarto-piso-dentro-de-plaza-comercial\/","name":"VIDEO: Captan momento exacto en el que un auto cae de un cuarto piso dentro de plaza comercial - Fuentes Fidedignas","isPartOf":{"@id":"https:\/\/fuentesfidedignas.com.mx\/#website"},"primaryImageOfPage":{"@id":"https:\/\/fuentesfidedignas.com.mx\/index.php\/2024\/11\/21\/video-captan-momento-exacto-en-el-que-un-auto-cae-de-un-cuarto-piso-dentro-de-plaza-comercial\/#primaryimage"},"image":{"@id":"https:\/\/fuentesfidedignas.com.mx\/index.php\/2024\/11\/21\/video-captan-momento-exacto-en-el-que-un-auto-cae-de-un-cuarto-piso-dentro-de-plaza-comercial\/#primaryimage"},"thumbnailUrl":"https:\/\/fuentesfidedignas.com.mx\/wp-content\/uploads\/2024\/11\/auto-caida-de-techo.jpg","datePublished":"2024-11-21T12:36:00+00:00","breadcrumb":{"@id":"https:\/\/fuentesfidedignas.com.mx\/index.php\/2024\/11\/21\/video-captan-momento-exacto-en-el-que-un-auto-cae-de-un-cuarto-piso-dentro-de-plaza-comercial\/#breadcrumb"},"inLanguage":"es","potentialAction":[{"@type":"ReadAction","target":["https:\/\/fuentesfidedignas.com.mx\/index.php\/2024\/11\/21\/video-captan-momento-exacto-en-el-que-un-auto-cae-de-un-cuarto-piso-dentro-de-plaza-comercial\/"]}]},{"@type":"ImageObject","inLanguage":"es","@id":"https:\/\/fuentesfidedignas.com.mx\/index.php\/2024\/11\/21\/video-captan-momento-exacto-en-el-que-un-auto-cae-de-un-cuarto-piso-dentro-de-plaza-comercial\/#primaryimage","url":"https:\/\/fuentesfidedignas.com.mx\/wp-content\/uploads\/2024\/11\/auto-caida-de-techo.jpg","contentUrl":"https:\/\/fuentesfidedignas.com.mx\/wp-content\/uploads\/2024\/11\/auto-caida-de-techo.jpg","width":776,"height":494},{"@type":"BreadcrumbList","@id":"https:\/\/fuentesfidedignas.com.mx\/index.php\/2024\/11\/21\/video-captan-momento-exacto-en-el-que-un-auto-cae-de-un-cuarto-piso-dentro-de-plaza-comercial\/#breadcrumb","itemListElement":[{"@type":"ListItem","position":1,"name":"Inicio","item":"https:\/\/fuentesfidedignas.com.mx\/"},{"@type":"ListItem","position":2,"name":"VIDEO: Captan momento exacto en el que un auto cae de un cuarto piso dentro de plaza comercial"}]},{"@type":"WebSite","@id":"https:\/\/fuentesfidedignas.com.mx\/#website","url":"https:\/\/fuentesfidedignas.com.mx\/","name":"Fuentes Fidedignas","description":"Otro sitio realizado con WordPress","publisher":{"@id":"https:\/\/fuentesfidedignas.com.mx\/#organization"},"potentialAction":[{"@type":"SearchAction","target":{"@type":"EntryPoint","urlTemplate":"https:\/\/fuentesfidedignas.com.mx\/?s={search_term_string}"},"query-input":{"@type":"PropertyValueSpecification","valueRequired":true,"valueName":"search_term_string"}}],"inLanguage":"es"},{"@type":"Organization","@id":"https:\/\/fuentesfidedignas.com.mx\/#organization","name":"Fuentes Fidedignas","url":"https:\/\/fuentesfidedignas.com.mx\/","logo":{"@type":"ImageObject","inLanguage":"es","@id":"https:\/\/fuentesfidedignas.com.mx\/#\/schema\/logo\/image\/","url":"https:\/\/fuentesfidedignas.com.mx\/wp-content\/uploads\/2021\/04\/logo-retina.png","contentUrl":"https:\/\/fuentesfidedignas.com.mx\/wp-content\/uploads\/2021\/04\/logo-retina.png","width":280,"height":51,"caption":"Fuentes Fidedignas"},"image":{"@id":"https:\/\/fuentesfidedignas.com.mx\/#\/schema\/logo\/image\/"},"sameAs":["https:\/\/www.facebook.com\/Fuentes-Fidedignas-368234489921644","https:\/\/x.com\/fidedignas"]},{"@type":"Person","@id":"https:\/\/fuentesfidedignas.com.mx\/#\/schema\/person\/47ec0135738f4b0c7495f06a77a2c976","name":"Milenio","image":{"@type":"ImageObject","inLanguage":"es","@id":"https:\/\/secure.gravatar.com\/avatar\/acabf7b54753e51c2c76457954577c236b3b764789b19879565769739d1e4a75?s=96&d=mm&r=g","url":"https:\/\/secure.gravatar.com\/avatar\/acabf7b54753e51c2c76457954577c236b3b764789b19879565769739d1e4a75?s=96&d=mm&r=g","contentUrl":"https:\/\/secure.gravatar.com\/avatar\/acabf7b54753e51c2c76457954577c236b3b764789b19879565769739d1e4a75?s=96&d=mm&r=g","caption":"Milenio"},"url":"https:\/\/fuentesfidedignas.com.mx\/index.php\/author\/milenio\/"}]}},"_links":{"self":[{"href":"https:\/\/fuentesfidedignas.com.mx\/index.php\/wp-json\/wp\/v2\/posts\/95852","targetHints":{"allow":["GET"]}}],"collection":[{"href":"https:\/\/fuentesfidedignas.com.mx\/index.php\/wp-json\/wp\/v2\/posts"}],"about":[{"href":"https:\/\/fuentesfidedignas.com.mx\/index.php\/wp-json\/wp\/v2\/types\/post"}],"author":[{"embeddable":true,"href":"https:\/\/fuentesfidedignas.com.mx\/index.php\/wp-json\/wp\/v2\/users\/9"}],"replies":[{"embeddable":true,"href":"https:\/\/fuentesfidedignas.com.mx\/index.php\/wp-json\/wp\/v2\/comments?post=95852"}],"version-history":[{"count":1,"href":"https:\/\/fuentesfidedignas.com.mx\/index.php\/wp-json\/wp\/v2\/posts\/95852\/revisions"}],"predecessor-version":[{"id":95854,"href":"https:\/\/fuentesfidedignas.com.mx\/index.php\/wp-json\/wp\/v2\/posts\/95852\/revisions\/95854"}],"wp:featuredmedia":[{"embeddable":true,"href":"https:\/\/fuentesfidedignas.com.mx\/index.php\/wp-json\/wp\/v2\/media\/95853"}],"wp:attachment":[{"href":"https:\/\/fuentesfidedignas.com.mx\/index.php\/wp-json\/wp\/v2\/media?parent=95852"}],"wp:term":[{"taxonomy":"category","embeddable":true,"href":"https:\/\/fuentesfidedignas.com.mx\/index.php\/wp-json\/wp\/v2\/categories?post=95852"},{"taxonomy":"post_tag","embeddable":true,"href":"https:\/\/fuentesfidedignas.com.mx\/index.php\/wp-json\/wp\/v2\/tags?post=95852"}],"curies":[{"name":"wp","href":"https:\/\/api.w.org\/{rel}","templated":true}]}}