{"id":95814,"date":"2024-11-20T06:42:41","date_gmt":"2024-11-20T13:42:41","guid":{"rendered":"https:\/\/fuentesfidedignas.com.mx\/?p=95814"},"modified":"2024-11-20T06:42:45","modified_gmt":"2024-11-20T13:42:45","slug":"mexico-y-eu-desmantelaron-el-cartel-de-sinaloa-ken-salazar","status":"publish","type":"post","link":"https:\/\/fuentesfidedignas.com.mx\/index.php\/2024\/11\/20\/mexico-y-eu-desmantelaron-el-cartel-de-sinaloa-ken-salazar\/","title":{"rendered":"M\u00e9xico y EU desmantelaron el C\u00e1rtel de Sinaloa: Ken Salazar"},"content":{"rendered":"\n<p><strong><em>Reconoci\u00f3 desaf\u00edos persistentes en migraci\u00f3n e infraestructura fronteriza, subrayando la necesidad de atender causas de ra\u00edz y modernizar la Garita Otay 2.<\/em><\/strong><\/p>\n\n\n\n<p>Ken Salazar, embajador de Estados Unidos en M\u00e9xico, afirm\u00f3 que la cooperaci\u00f3n bilateral en materia de seguridad entre los gobiernos mexicanos y estadunidense logr\u00f3 avances significativos en la lucha contra el tr\u00e1fico de fentanilo y el desmantelamiento del C\u00e1rtel de Sinaloa.<\/p>\n\n\n\n<p>Durante su visita a Tijuana, donde supervis\u00f3 los trabajos para reducir la contaminaci\u00f3n marina, Salazar reconoci\u00f3 que, aunque se lograron importantes progresos, ambos pa\u00edses a\u00fan enfrentan grandes desaf\u00edos en este \u00e1mbito.<\/p>\n\n\n\n<p>\u201cHa sido un trabajo como socios, avanzando juntos en la relaci\u00f3n bilateral. Estoy contento de decir que hemos progresado mucho en t\u00e9rminos de la relaci\u00f3n comercial, que ahora es el n\u00famero uno en el mundo&#8221;.\u00a0<\/p>\n\n\n\n<p>&#8220;En seguridad, hemos hecho un buen trabajo contra el fentanilo, el tr\u00e1fico de armas, el tr\u00e1fico de personas y el desmantelamiento de algunos c\u00e1rteles, como el de Sinaloa\u201d, destac\u00f3.<\/p>\n\n\n\n<p>No obstante, el diplom\u00e1tico advirti\u00f3 que persisten retos significativos, especialmente en el tema migratorio, el cual, asegur\u00f3, se est\u00e1 abordando de manera conjunta con la administraci\u00f3n del presidente Joe Biden.\u00a0<\/p>\n\n\n\n<p>Sin embargo, subray\u00f3 que \u201ces necesario atender incluso las causas de ra\u00edz\u201d para enfrentar de forma integral este fen\u00f3meno.<\/p>\n\n\n\n<p>El embajador tambi\u00e9n enfatiz\u00f3 su buena relaci\u00f3n con diversas autoridades mexicanas, incluyendo a la presidenta\u00a0Claudia Sheinbaum Pardo y a\u00a0Andr\u00e9s Manuel L\u00f3pez Obrador.<\/p>\n\n\n\n<p>\u201cLa relaci\u00f3n que he mantenido con los gobiernos, gobernadores, alcaldes, con el (ex) presidente y la presidenta, ha sido una experiencia muy positiva\u201d, coment\u00f3.<\/p>\n\n\n\n<p>Asimismo, revel\u00f3 que a\u00fan no ha definido su futuro profesional una vez que termine su gesti\u00f3n como embajador, lo cual suceder\u00e1 tras la asunci\u00f3n de Donald Trump a la presidencia de Estados Unidos, prevista para el 20 de enero de 2025.<\/p>\n\n\n\n<p><strong>Modernizaci\u00f3n fronteriza\u00a0<\/strong><br>En relaci\u00f3n con la modernizaci\u00f3n de la frontera en Tijuana, Salazar subray\u00f3 la necesidad de mejorar la infraestructura, particularmente en el lado estadunidense, para que la Garita Otay 2 est\u00e9 completamente operativa.\u00a0<\/p>\n\n\n\n<p>Mientras que del lado mexicano se prev\u00e9 que esta obra est\u00e9 concluida a finales de 2024, la parte estadunidense estar\u00eda lista hasta 2026.<\/p>\n\n\n\n<p>Por otro lado, destac\u00f3 los esfuerzos conjuntos en materia ambiental, se\u00f1alando que ambos pa\u00edses han invertido recursos en la construcci\u00f3n de plantas tratadoras de aguas residuales.&nbsp;<\/p>\n\n\n\n<p>Salazar enfatiz\u00f3 la importancia de la colaboraci\u00f3n ciudadana para resolver la problem\u00e1tica de contaminaci\u00f3n en la Cuenca del R\u00edo Tijuana, un conflicto que afect\u00f3 por cuatro a\u00f1os las playas de Imperial Beach, California.<\/p>\n\n\n\n<p>En este sentido, mencion\u00f3 que existe una solicitud en el Congreso estadunidense por 300 millones de d\u00f3lares destinados a infraestructura y saneamiento de aguas residuales.<\/p>\n\n\n\n<p>El objetivo es garantizar que el agua del mar ya no represente un riesgo para la salud.<\/p>\n\n\n\n<p>\u201cLa cooperaci\u00f3n y los esfuerzos compartidos entre nuestras naciones son fundamentales para superar los desaf\u00edos que enfrentamos, tanto en seguridad como en la protecci\u00f3n del medio ambiente\u201d, concluy\u00f3 el embajador.<\/p>\n","protected":false},"excerpt":{"rendered":"<p>Reconoci\u00f3 desaf\u00edos persistentes en migraci\u00f3n e infraestructura fronteriza, subrayando la necesidad de atender causas de ra\u00edz y modernizar la Garita Otay 2. Ken Salazar, embajador de Estados Unidos en M\u00e9xico, afirm\u00f3 que la cooperaci\u00f3n bilateral en materia de seguridad entre los gobiernos mexicanos y estadunidense logr\u00f3 avances significativos en la lucha contra el tr\u00e1fico de [&hellip;]<\/p>\n","protected":false},"author":9,"featured_media":95815,"comment_status":"open","ping_status":"open","sticky":false,"template":"","format":"standard","meta":{"tdm_status":"","tdm_grid_status":"","footnotes":""},"categories":[39],"tags":[],"class_list":{"0":"post-95814","1":"post","2":"type-post","3":"status-publish","4":"format-standard","5":"has-post-thumbnail","7":"category-noticias-nacionales"},"yoast_head":"<!-- This site is optimized with the Yoast SEO plugin v27.5 - https:\/\/yoast.com\/product\/yoast-seo-wordpress\/ -->\n<title>M\u00e9xico y EU desmantelaron el C\u00e1rtel de Sinaloa: Ken Salazar - Fuentes Fidedignas<\/title>\n<meta name=\"robots\" content=\"index, follow, max-snippet:-1, max-image-preview:large, max-video-preview:-1\" \/>\n<link rel=\"canonical\" href=\"https:\/\/fuentesfidedignas.com.mx\/index.php\/2024\/11\/20\/mexico-y-eu-desmantelaron-el-cartel-de-sinaloa-ken-salazar\/\" \/>\n<meta property=\"og:locale\" content=\"es_MX\" \/>\n<meta property=\"og:type\" content=\"article\" \/>\n<meta property=\"og:title\" content=\"M\u00e9xico y EU desmantelaron el C\u00e1rtel de Sinaloa: Ken Salazar - Fuentes Fidedignas\" \/>\n<meta property=\"og:description\" content=\"Reconoci\u00f3 desaf\u00edos persistentes en migraci\u00f3n e infraestructura fronteriza, subrayando la necesidad de atender causas de ra\u00edz y modernizar la Garita Otay 2. Ken Salazar, embajador de Estados Unidos en M\u00e9xico, afirm\u00f3 que la cooperaci\u00f3n bilateral en materia de seguridad entre los gobiernos mexicanos y estadunidense logr\u00f3 avances significativos en la lucha contra el tr\u00e1fico de [&hellip;]\" \/>\n<meta property=\"og:url\" content=\"https:\/\/fuentesfidedignas.com.mx\/index.php\/2024\/11\/20\/mexico-y-eu-desmantelaron-el-cartel-de-sinaloa-ken-salazar\/\" \/>\n<meta property=\"og:site_name\" content=\"Fuentes Fidedignas\" \/>\n<meta property=\"article:publisher\" content=\"https:\/\/www.facebook.com\/Fuentes-Fidedignas-368234489921644\" \/>\n<meta property=\"article:published_time\" content=\"2024-11-20T13:42:41+00:00\" \/>\n<meta property=\"article:modified_time\" content=\"2024-11-20T13:42:45+00:00\" \/>\n<meta property=\"og:image\" content=\"https:\/\/fuentesfidedignas.com.mx\/wp-content\/uploads\/2024\/11\/KEN_SALAZAR.jpg\" \/>\n\t<meta property=\"og:image:width\" content=\"650\" \/>\n\t<meta property=\"og:image:height\" content=\"369\" \/>\n\t<meta property=\"og:image:type\" content=\"image\/jpeg\" \/>\n<meta name=\"author\" content=\"Milenio\" \/>\n<meta name=\"twitter:card\" content=\"summary_large_image\" \/>\n<meta name=\"twitter:creator\" content=\"@fidedignas\" \/>\n<meta name=\"twitter:site\" content=\"@fidedignas\" \/>\n<meta name=\"twitter:label1\" content=\"Escrito por\" \/>\n\t<meta name=\"twitter:data1\" content=\"Milenio\" \/>\n\t<meta name=\"twitter:label2\" content=\"Tiempo de lectura\" \/>\n\t<meta name=\"twitter:data2\" content=\"3 minutos\" \/>\n<script type=\"application\/ld+json\" class=\"yoast-schema-graph\">{\"@context\":\"https:\\\/\\\/schema.org\",\"@graph\":[{\"@type\":\"Article\",\"@id\":\"https:\\\/\\\/fuentesfidedignas.com.mx\\\/index.php\\\/2024\\\/11\\\/20\\\/mexico-y-eu-desmantelaron-el-cartel-de-sinaloa-ken-salazar\\\/#article\",\"isPartOf\":{\"@id\":\"https:\\\/\\\/fuentesfidedignas.com.mx\\\/index.php\\\/2024\\\/11\\\/20\\\/mexico-y-eu-desmantelaron-el-cartel-de-sinaloa-ken-salazar\\\/\"},\"author\":{\"name\":\"Milenio\",\"@id\":\"https:\\\/\\\/fuentesfidedignas.com.mx\\\/#\\\/schema\\\/person\\\/47ec0135738f4b0c7495f06a77a2c976\"},\"headline\":\"M\u00e9xico y EU desmantelaron el C\u00e1rtel de Sinaloa: Ken Salazar\",\"datePublished\":\"2024-11-20T13:42:41+00:00\",\"dateModified\":\"2024-11-20T13:42:45+00:00\",\"mainEntityOfPage\":{\"@id\":\"https:\\\/\\\/fuentesfidedignas.com.mx\\\/index.php\\\/2024\\\/11\\\/20\\\/mexico-y-eu-desmantelaron-el-cartel-de-sinaloa-ken-salazar\\\/\"},\"wordCount\":536,\"commentCount\":0,\"publisher\":{\"@id\":\"https:\\\/\\\/fuentesfidedignas.com.mx\\\/#organization\"},\"image\":{\"@id\":\"https:\\\/\\\/fuentesfidedignas.com.mx\\\/index.php\\\/2024\\\/11\\\/20\\\/mexico-y-eu-desmantelaron-el-cartel-de-sinaloa-ken-salazar\\\/#primaryimage\"},\"thumbnailUrl\":\"https:\\\/\\\/fuentesfidedignas.com.mx\\\/wp-content\\\/uploads\\\/2024\\\/11\\\/KEN_SALAZAR.jpg\",\"articleSection\":[\"NOTICIAS NACIONALES\"],\"inLanguage\":\"es\",\"potentialAction\":[{\"@type\":\"CommentAction\",\"name\":\"Comment\",\"target\":[\"https:\\\/\\\/fuentesfidedignas.com.mx\\\/index.php\\\/2024\\\/11\\\/20\\\/mexico-y-eu-desmantelaron-el-cartel-de-sinaloa-ken-salazar\\\/#respond\"]}]},{\"@type\":\"WebPage\",\"@id\":\"https:\\\/\\\/fuentesfidedignas.com.mx\\\/index.php\\\/2024\\\/11\\\/20\\\/mexico-y-eu-desmantelaron-el-cartel-de-sinaloa-ken-salazar\\\/\",\"url\":\"https:\\\/\\\/fuentesfidedignas.com.mx\\\/index.php\\\/2024\\\/11\\\/20\\\/mexico-y-eu-desmantelaron-el-cartel-de-sinaloa-ken-salazar\\\/\",\"name\":\"M\u00e9xico y EU desmantelaron el C\u00e1rtel de Sinaloa: Ken Salazar - Fuentes Fidedignas\",\"isPartOf\":{\"@id\":\"https:\\\/\\\/fuentesfidedignas.com.mx\\\/#website\"},\"primaryImageOfPage\":{\"@id\":\"https:\\\/\\\/fuentesfidedignas.com.mx\\\/index.php\\\/2024\\\/11\\\/20\\\/mexico-y-eu-desmantelaron-el-cartel-de-sinaloa-ken-salazar\\\/#primaryimage\"},\"image\":{\"@id\":\"https:\\\/\\\/fuentesfidedignas.com.mx\\\/index.php\\\/2024\\\/11\\\/20\\\/mexico-y-eu-desmantelaron-el-cartel-de-sinaloa-ken-salazar\\\/#primaryimage\"},\"thumbnailUrl\":\"https:\\\/\\\/fuentesfidedignas.com.mx\\\/wp-content\\\/uploads\\\/2024\\\/11\\\/KEN_SALAZAR.jpg\",\"datePublished\":\"2024-11-20T13:42:41+00:00\",\"dateModified\":\"2024-11-20T13:42:45+00:00\",\"breadcrumb\":{\"@id\":\"https:\\\/\\\/fuentesfidedignas.com.mx\\\/index.php\\\/2024\\\/11\\\/20\\\/mexico-y-eu-desmantelaron-el-cartel-de-sinaloa-ken-salazar\\\/#breadcrumb\"},\"inLanguage\":\"es\",\"potentialAction\":[{\"@type\":\"ReadAction\",\"target\":[\"https:\\\/\\\/fuentesfidedignas.com.mx\\\/index.php\\\/2024\\\/11\\\/20\\\/mexico-y-eu-desmantelaron-el-cartel-de-sinaloa-ken-salazar\\\/\"]}]},{\"@type\":\"ImageObject\",\"inLanguage\":\"es\",\"@id\":\"https:\\\/\\\/fuentesfidedignas.com.mx\\\/index.php\\\/2024\\\/11\\\/20\\\/mexico-y-eu-desmantelaron-el-cartel-de-sinaloa-ken-salazar\\\/#primaryimage\",\"url\":\"https:\\\/\\\/fuentesfidedignas.com.mx\\\/wp-content\\\/uploads\\\/2024\\\/11\\\/KEN_SALAZAR.jpg\",\"contentUrl\":\"https:\\\/\\\/fuentesfidedignas.com.mx\\\/wp-content\\\/uploads\\\/2024\\\/11\\\/KEN_SALAZAR.jpg\",\"width\":650,\"height\":369},{\"@type\":\"BreadcrumbList\",\"@id\":\"https:\\\/\\\/fuentesfidedignas.com.mx\\\/index.php\\\/2024\\\/11\\\/20\\\/mexico-y-eu-desmantelaron-el-cartel-de-sinaloa-ken-salazar\\\/#breadcrumb\",\"itemListElement\":[{\"@type\":\"ListItem\",\"position\":1,\"name\":\"Inicio\",\"item\":\"https:\\\/\\\/fuentesfidedignas.com.mx\\\/\"},{\"@type\":\"ListItem\",\"position\":2,\"name\":\"M\u00e9xico y EU desmantelaron el C\u00e1rtel de Sinaloa: Ken Salazar\"}]},{\"@type\":\"WebSite\",\"@id\":\"https:\\\/\\\/fuentesfidedignas.com.mx\\\/#website\",\"url\":\"https:\\\/\\\/fuentesfidedignas.com.mx\\\/\",\"name\":\"Fuentes Fidedignas\",\"description\":\"Otro sitio realizado con WordPress\",\"publisher\":{\"@id\":\"https:\\\/\\\/fuentesfidedignas.com.mx\\\/#organization\"},\"potentialAction\":[{\"@type\":\"SearchAction\",\"target\":{\"@type\":\"EntryPoint\",\"urlTemplate\":\"https:\\\/\\\/fuentesfidedignas.com.mx\\\/?s={search_term_string}\"},\"query-input\":{\"@type\":\"PropertyValueSpecification\",\"valueRequired\":true,\"valueName\":\"search_term_string\"}}],\"inLanguage\":\"es\"},{\"@type\":\"Organization\",\"@id\":\"https:\\\/\\\/fuentesfidedignas.com.mx\\\/#organization\",\"name\":\"Fuentes Fidedignas\",\"url\":\"https:\\\/\\\/fuentesfidedignas.com.mx\\\/\",\"logo\":{\"@type\":\"ImageObject\",\"inLanguage\":\"es\",\"@id\":\"https:\\\/\\\/fuentesfidedignas.com.mx\\\/#\\\/schema\\\/logo\\\/image\\\/\",\"url\":\"https:\\\/\\\/fuentesfidedignas.com.mx\\\/wp-content\\\/uploads\\\/2021\\\/04\\\/logo-retina.png\",\"contentUrl\":\"https:\\\/\\\/fuentesfidedignas.com.mx\\\/wp-content\\\/uploads\\\/2021\\\/04\\\/logo-retina.png\",\"width\":280,\"height\":51,\"caption\":\"Fuentes Fidedignas\"},\"image\":{\"@id\":\"https:\\\/\\\/fuentesfidedignas.com.mx\\\/#\\\/schema\\\/logo\\\/image\\\/\"},\"sameAs\":[\"https:\\\/\\\/www.facebook.com\\\/Fuentes-Fidedignas-368234489921644\",\"https:\\\/\\\/x.com\\\/fidedignas\"]},{\"@type\":\"Person\",\"@id\":\"https:\\\/\\\/fuentesfidedignas.com.mx\\\/#\\\/schema\\\/person\\\/47ec0135738f4b0c7495f06a77a2c976\",\"name\":\"Milenio\",\"image\":{\"@type\":\"ImageObject\",\"inLanguage\":\"es\",\"@id\":\"https:\\\/\\\/secure.gravatar.com\\\/avatar\\\/acabf7b54753e51c2c76457954577c236b3b764789b19879565769739d1e4a75?s=96&d=mm&r=g\",\"url\":\"https:\\\/\\\/secure.gravatar.com\\\/avatar\\\/acabf7b54753e51c2c76457954577c236b3b764789b19879565769739d1e4a75?s=96&d=mm&r=g\",\"contentUrl\":\"https:\\\/\\\/secure.gravatar.com\\\/avatar\\\/acabf7b54753e51c2c76457954577c236b3b764789b19879565769739d1e4a75?s=96&d=mm&r=g\",\"caption\":\"Milenio\"},\"url\":\"https:\\\/\\\/fuentesfidedignas.com.mx\\\/index.php\\\/author\\\/milenio\\\/\"}]}<\/script>\n<!-- \/ Yoast SEO plugin. -->","yoast_head_json":{"title":"M\u00e9xico y EU desmantelaron el C\u00e1rtel de Sinaloa: Ken Salazar - Fuentes Fidedignas","robots":{"index":"index","follow":"follow","max-snippet":"max-snippet:-1","max-image-preview":"max-image-preview:large","max-video-preview":"max-video-preview:-1"},"canonical":"https:\/\/fuentesfidedignas.com.mx\/index.php\/2024\/11\/20\/mexico-y-eu-desmantelaron-el-cartel-de-sinaloa-ken-salazar\/","og_locale":"es_MX","og_type":"article","og_title":"M\u00e9xico y EU desmantelaron el C\u00e1rtel de Sinaloa: Ken Salazar - Fuentes Fidedignas","og_description":"Reconoci\u00f3 desaf\u00edos persistentes en migraci\u00f3n e infraestructura fronteriza, subrayando la necesidad de atender causas de ra\u00edz y modernizar la Garita Otay 2. Ken Salazar, embajador de Estados Unidos en M\u00e9xico, afirm\u00f3 que la cooperaci\u00f3n bilateral en materia de seguridad entre los gobiernos mexicanos y estadunidense logr\u00f3 avances significativos en la lucha contra el tr\u00e1fico de [&hellip;]","og_url":"https:\/\/fuentesfidedignas.com.mx\/index.php\/2024\/11\/20\/mexico-y-eu-desmantelaron-el-cartel-de-sinaloa-ken-salazar\/","og_site_name":"Fuentes Fidedignas","article_publisher":"https:\/\/www.facebook.com\/Fuentes-Fidedignas-368234489921644","article_published_time":"2024-11-20T13:42:41+00:00","article_modified_time":"2024-11-20T13:42:45+00:00","og_image":[{"width":650,"height":369,"url":"https:\/\/fuentesfidedignas.com.mx\/wp-content\/uploads\/2024\/11\/KEN_SALAZAR.jpg","type":"image\/jpeg"}],"author":"Milenio","twitter_card":"summary_large_image","twitter_creator":"@fidedignas","twitter_site":"@fidedignas","twitter_misc":{"Escrito por":"Milenio","Tiempo de lectura":"3 minutos"},"schema":{"@context":"https:\/\/schema.org","@graph":[{"@type":"Article","@id":"https:\/\/fuentesfidedignas.com.mx\/index.php\/2024\/11\/20\/mexico-y-eu-desmantelaron-el-cartel-de-sinaloa-ken-salazar\/#article","isPartOf":{"@id":"https:\/\/fuentesfidedignas.com.mx\/index.php\/2024\/11\/20\/mexico-y-eu-desmantelaron-el-cartel-de-sinaloa-ken-salazar\/"},"author":{"name":"Milenio","@id":"https:\/\/fuentesfidedignas.com.mx\/#\/schema\/person\/47ec0135738f4b0c7495f06a77a2c976"},"headline":"M\u00e9xico y EU desmantelaron el C\u00e1rtel de Sinaloa: Ken Salazar","datePublished":"2024-11-20T13:42:41+00:00","dateModified":"2024-11-20T13:42:45+00:00","mainEntityOfPage":{"@id":"https:\/\/fuentesfidedignas.com.mx\/index.php\/2024\/11\/20\/mexico-y-eu-desmantelaron-el-cartel-de-sinaloa-ken-salazar\/"},"wordCount":536,"commentCount":0,"publisher":{"@id":"https:\/\/fuentesfidedignas.com.mx\/#organization"},"image":{"@id":"https:\/\/fuentesfidedignas.com.mx\/index.php\/2024\/11\/20\/mexico-y-eu-desmantelaron-el-cartel-de-sinaloa-ken-salazar\/#primaryimage"},"thumbnailUrl":"https:\/\/fuentesfidedignas.com.mx\/wp-content\/uploads\/2024\/11\/KEN_SALAZAR.jpg","articleSection":["NOTICIAS NACIONALES"],"inLanguage":"es","potentialAction":[{"@type":"CommentAction","name":"Comment","target":["https:\/\/fuentesfidedignas.com.mx\/index.php\/2024\/11\/20\/mexico-y-eu-desmantelaron-el-cartel-de-sinaloa-ken-salazar\/#respond"]}]},{"@type":"WebPage","@id":"https:\/\/fuentesfidedignas.com.mx\/index.php\/2024\/11\/20\/mexico-y-eu-desmantelaron-el-cartel-de-sinaloa-ken-salazar\/","url":"https:\/\/fuentesfidedignas.com.mx\/index.php\/2024\/11\/20\/mexico-y-eu-desmantelaron-el-cartel-de-sinaloa-ken-salazar\/","name":"M\u00e9xico y EU desmantelaron el C\u00e1rtel de Sinaloa: Ken Salazar - Fuentes Fidedignas","isPartOf":{"@id":"https:\/\/fuentesfidedignas.com.mx\/#website"},"primaryImageOfPage":{"@id":"https:\/\/fuentesfidedignas.com.mx\/index.php\/2024\/11\/20\/mexico-y-eu-desmantelaron-el-cartel-de-sinaloa-ken-salazar\/#primaryimage"},"image":{"@id":"https:\/\/fuentesfidedignas.com.mx\/index.php\/2024\/11\/20\/mexico-y-eu-desmantelaron-el-cartel-de-sinaloa-ken-salazar\/#primaryimage"},"thumbnailUrl":"https:\/\/fuentesfidedignas.com.mx\/wp-content\/uploads\/2024\/11\/KEN_SALAZAR.jpg","datePublished":"2024-11-20T13:42:41+00:00","dateModified":"2024-11-20T13:42:45+00:00","breadcrumb":{"@id":"https:\/\/fuentesfidedignas.com.mx\/index.php\/2024\/11\/20\/mexico-y-eu-desmantelaron-el-cartel-de-sinaloa-ken-salazar\/#breadcrumb"},"inLanguage":"es","potentialAction":[{"@type":"ReadAction","target":["https:\/\/fuentesfidedignas.com.mx\/index.php\/2024\/11\/20\/mexico-y-eu-desmantelaron-el-cartel-de-sinaloa-ken-salazar\/"]}]},{"@type":"ImageObject","inLanguage":"es","@id":"https:\/\/fuentesfidedignas.com.mx\/index.php\/2024\/11\/20\/mexico-y-eu-desmantelaron-el-cartel-de-sinaloa-ken-salazar\/#primaryimage","url":"https:\/\/fuentesfidedignas.com.mx\/wp-content\/uploads\/2024\/11\/KEN_SALAZAR.jpg","contentUrl":"https:\/\/fuentesfidedignas.com.mx\/wp-content\/uploads\/2024\/11\/KEN_SALAZAR.jpg","width":650,"height":369},{"@type":"BreadcrumbList","@id":"https:\/\/fuentesfidedignas.com.mx\/index.php\/2024\/11\/20\/mexico-y-eu-desmantelaron-el-cartel-de-sinaloa-ken-salazar\/#breadcrumb","itemListElement":[{"@type":"ListItem","position":1,"name":"Inicio","item":"https:\/\/fuentesfidedignas.com.mx\/"},{"@type":"ListItem","position":2,"name":"M\u00e9xico y EU desmantelaron el C\u00e1rtel de Sinaloa: Ken Salazar"}]},{"@type":"WebSite","@id":"https:\/\/fuentesfidedignas.com.mx\/#website","url":"https:\/\/fuentesfidedignas.com.mx\/","name":"Fuentes Fidedignas","description":"Otro sitio realizado con WordPress","publisher":{"@id":"https:\/\/fuentesfidedignas.com.mx\/#organization"},"potentialAction":[{"@type":"SearchAction","target":{"@type":"EntryPoint","urlTemplate":"https:\/\/fuentesfidedignas.com.mx\/?s={search_term_string}"},"query-input":{"@type":"PropertyValueSpecification","valueRequired":true,"valueName":"search_term_string"}}],"inLanguage":"es"},{"@type":"Organization","@id":"https:\/\/fuentesfidedignas.com.mx\/#organization","name":"Fuentes Fidedignas","url":"https:\/\/fuentesfidedignas.com.mx\/","logo":{"@type":"ImageObject","inLanguage":"es","@id":"https:\/\/fuentesfidedignas.com.mx\/#\/schema\/logo\/image\/","url":"https:\/\/fuentesfidedignas.com.mx\/wp-content\/uploads\/2021\/04\/logo-retina.png","contentUrl":"https:\/\/fuentesfidedignas.com.mx\/wp-content\/uploads\/2021\/04\/logo-retina.png","width":280,"height":51,"caption":"Fuentes Fidedignas"},"image":{"@id":"https:\/\/fuentesfidedignas.com.mx\/#\/schema\/logo\/image\/"},"sameAs":["https:\/\/www.facebook.com\/Fuentes-Fidedignas-368234489921644","https:\/\/x.com\/fidedignas"]},{"@type":"Person","@id":"https:\/\/fuentesfidedignas.com.mx\/#\/schema\/person\/47ec0135738f4b0c7495f06a77a2c976","name":"Milenio","image":{"@type":"ImageObject","inLanguage":"es","@id":"https:\/\/secure.gravatar.com\/avatar\/acabf7b54753e51c2c76457954577c236b3b764789b19879565769739d1e4a75?s=96&d=mm&r=g","url":"https:\/\/secure.gravatar.com\/avatar\/acabf7b54753e51c2c76457954577c236b3b764789b19879565769739d1e4a75?s=96&d=mm&r=g","contentUrl":"https:\/\/secure.gravatar.com\/avatar\/acabf7b54753e51c2c76457954577c236b3b764789b19879565769739d1e4a75?s=96&d=mm&r=g","caption":"Milenio"},"url":"https:\/\/fuentesfidedignas.com.mx\/index.php\/author\/milenio\/"}]}},"_links":{"self":[{"href":"https:\/\/fuentesfidedignas.com.mx\/index.php\/wp-json\/wp\/v2\/posts\/95814","targetHints":{"allow":["GET"]}}],"collection":[{"href":"https:\/\/fuentesfidedignas.com.mx\/index.php\/wp-json\/wp\/v2\/posts"}],"about":[{"href":"https:\/\/fuentesfidedignas.com.mx\/index.php\/wp-json\/wp\/v2\/types\/post"}],"author":[{"embeddable":true,"href":"https:\/\/fuentesfidedignas.com.mx\/index.php\/wp-json\/wp\/v2\/users\/9"}],"replies":[{"embeddable":true,"href":"https:\/\/fuentesfidedignas.com.mx\/index.php\/wp-json\/wp\/v2\/comments?post=95814"}],"version-history":[{"count":1,"href":"https:\/\/fuentesfidedignas.com.mx\/index.php\/wp-json\/wp\/v2\/posts\/95814\/revisions"}],"predecessor-version":[{"id":95816,"href":"https:\/\/fuentesfidedignas.com.mx\/index.php\/wp-json\/wp\/v2\/posts\/95814\/revisions\/95816"}],"wp:featuredmedia":[{"embeddable":true,"href":"https:\/\/fuentesfidedignas.com.mx\/index.php\/wp-json\/wp\/v2\/media\/95815"}],"wp:attachment":[{"href":"https:\/\/fuentesfidedignas.com.mx\/index.php\/wp-json\/wp\/v2\/media?parent=95814"}],"wp:term":[{"taxonomy":"category","embeddable":true,"href":"https:\/\/fuentesfidedignas.com.mx\/index.php\/wp-json\/wp\/v2\/categories?post=95814"},{"taxonomy":"post_tag","embeddable":true,"href":"https:\/\/fuentesfidedignas.com.mx\/index.php\/wp-json\/wp\/v2\/tags?post=95814"}],"curies":[{"name":"wp","href":"https:\/\/api.w.org\/{rel}","templated":true}]}}