{"id":95699,"date":"2024-11-17T15:31:31","date_gmt":"2024-11-17T22:31:31","guid":{"rendered":"https:\/\/fuentesfidedignas.com.mx\/?p=95699"},"modified":"2024-11-18T14:20:19","modified_gmt":"2024-11-18T21:20:19","slug":"mexico-vuelve-a-la-esfera-internacional-con-el-viaje-de-sheinbaum-al-g20","status":"publish","type":"post","link":"https:\/\/fuentesfidedignas.com.mx\/index.php\/2024\/11\/17\/mexico-vuelve-a-la-esfera-internacional-con-el-viaje-de-sheinbaum-al-g20\/","title":{"rendered":"M\u00e9xico vuelve a la esfera internacional con el viaje de Sheinbaum al G20"},"content":{"rendered":"\n<p><strong><em>La visi\u00f3n \u201cpragm\u00e1tica\u201d de la presidenta Sheinbaum le abre la posibilidad de posicionar a M\u00e9xico nuevamente como un l\u00edder en temas globales<\/em><\/strong><\/p>\n\n\n\n<p>El primer viaje al exterior de&nbsp;<strong>Claudia Sheinbaum<\/strong>&nbsp;como presidenta de M\u00e9xico a la&nbsp;<strong>cumbre del G20<\/strong>&nbsp;en&nbsp;<strong>Brasil<\/strong>representa una oportunidad para ganar&nbsp;<strong>apoyo internacional<\/strong>&nbsp;ante el pr\u00f3ximo regreso de Donald Trump a la Presidencia de Estados Unidos, foro en el que la mandataria desafiar\u00e1 a las potencias militares con una propuesta anti armas.<\/p>\n\n\n\n<p>A diferencia del expresidente Andr\u00e9s Manuel L\u00f3pez Obrador (2018-2024), que nunca viaj\u00f3 a esta cumbre anual, Sheinbaum aprovechar\u00e1 su papel como la primera mujer jefa de Estado de M\u00e9xico, para proponer&nbsp;<strong>destinar<\/strong>&nbsp;el 1 por ciento del&nbsp;<strong>gasto armamentista global<\/strong>&nbsp;a&nbsp;<strong>reducir<\/strong>grandes problemas, como la&nbsp;<strong>pobreza<\/strong>&nbsp;y la&nbsp;<strong>desigualdad de g\u00e9nero<\/strong>.<\/p>\n\n\n\n<p>Para defender su proyecto, Sheinbaum, que parti\u00f3 este domingo a Brasil, adelant\u00f3 que expondr\u00e1 el programa campesino \u2018<a href=\"https:\/\/lopezdoriga.com\/nacional\/sheinbaum-presentara-g20-programa-sembrando-vida\/\" target=\"_blank\" rel=\"noreferrer noopener\">Sembrando Vida<\/a>\u2018, creado por L\u00f3pez Obrador, como ejemplo de que \u201cen vez de sembrar guerras, se siembre vida y se siembre paz\u201d.<\/p>\n\n\n\n<p>La mandataria expuso en una conferencia que en 2023 se destinaron 2.7 billones de d\u00f3lares para las armas en el mundo y \u201cen los \u00faltimos a\u00f1os creci\u00f3 casi tres veces m\u00e1s el presupuesto al armamentismo que como creci\u00f3 la econom\u00eda mundial\u201d.<\/p>\n\n\n\n<p>Ese 1 por ciento supondr\u00eda unos 27 mil millones de d\u00f3lares, casi la mitad de los 46 mil 400 millones de d\u00f3lares solicitados por la ONU en su \u2018Panorama humanitario mundial 2024\u2019, para ayudar a 180 millones de personas en necesidades extremas.<\/p>\n\n\n\n<h3 class=\"wp-block-heading\">&nbsp;Del discurso a la realidad<\/h3>\n\n\n\n<p>B\u00e1rbara Gonz\u00e1lez, internacionalista experta en comunicaci\u00f3n pol\u00edtica, consider\u00f3 que la propuesta de Sheinbaum \u201cganar\u00e1 titulares y se escribir\u00e1n columnas elogi\u00e1ndola\u201d, aunque dif\u00edcilmente ser\u00e1 tomada en cuenta por las grandes potencias militares, particularmente EE.UU..<\/p>\n\n\n\n<p>La especialista descart\u00f3 que la iniciativa provoque una tensi\u00f3n diplom\u00e1tica real, y&nbsp;evalu\u00f3 que podr\u00eda generar una reacci\u00f3n de Trump, quien desde el Gobierno de L\u00f3pez Obrador&nbsp;\u201centendi\u00f3 bien que el discurso del oficialismo en M\u00e9xico es eso, discurso\u201d.<\/p>\n\n\n\n<p>No obstante, la experta advirti\u00f3 del \u201ccontraste de esta visi\u00f3n pacifista que se promueve en el exterior con la militarizaci\u00f3n en M\u00e9xico\u201d impulsada por el partido Movimiento de Regeneraci\u00f3n Nacional (Morena), desde el gobierno anterior.<\/p>\n\n\n\n<p><\/p>\n","protected":false},"excerpt":{"rendered":"<p>La visi\u00f3n \u201cpragm\u00e1tica\u201d de la presidenta Sheinbaum le abre la posibilidad de posicionar a M\u00e9xico nuevamente como un l\u00edder en temas globales El primer viaje al exterior de&nbsp;Claudia Sheinbaum&nbsp;como presidenta de M\u00e9xico a la&nbsp;cumbre del G20&nbsp;en&nbsp;Brasilrepresenta una oportunidad para ganar&nbsp;apoyo internacional&nbsp;ante el pr\u00f3ximo regreso de Donald Trump a la Presidencia de Estados Unidos, foro en [&hellip;]<\/p>\n","protected":false},"author":22,"featured_media":95698,"comment_status":"closed","ping_status":"open","sticky":false,"template":"","format":"standard","meta":{"tdm_status":"","tdm_grid_status":"","footnotes":""},"categories":[1],"tags":[],"class_list":{"0":"post-95699","1":"post","2":"type-post","3":"status-publish","4":"format-standard","5":"has-post-thumbnail","7":"category-sin-categoria"},"yoast_head":"<!-- This site is optimized with the Yoast SEO plugin v27.5 - https:\/\/yoast.com\/product\/yoast-seo-wordpress\/ -->\n<title>M\u00e9xico vuelve a la esfera internacional con el viaje de Sheinbaum al G20 - Fuentes Fidedignas<\/title>\n<meta name=\"robots\" content=\"index, follow, max-snippet:-1, max-image-preview:large, max-video-preview:-1\" \/>\n<link rel=\"canonical\" href=\"https:\/\/fuentesfidedignas.com.mx\/index.php\/2024\/11\/17\/mexico-vuelve-a-la-esfera-internacional-con-el-viaje-de-sheinbaum-al-g20\/\" \/>\n<meta property=\"og:locale\" content=\"es_MX\" \/>\n<meta property=\"og:type\" content=\"article\" \/>\n<meta property=\"og:title\" content=\"M\u00e9xico vuelve a la esfera internacional con el viaje de Sheinbaum al G20 - Fuentes Fidedignas\" \/>\n<meta property=\"og:description\" content=\"La visi\u00f3n \u201cpragm\u00e1tica\u201d de la presidenta Sheinbaum le abre la posibilidad de posicionar a M\u00e9xico nuevamente como un l\u00edder en temas globales El primer viaje al exterior de&nbsp;Claudia Sheinbaum&nbsp;como presidenta de M\u00e9xico a la&nbsp;cumbre del G20&nbsp;en&nbsp;Brasilrepresenta una oportunidad para ganar&nbsp;apoyo internacional&nbsp;ante el pr\u00f3ximo regreso de Donald Trump a la Presidencia de Estados Unidos, foro en [&hellip;]\" \/>\n<meta property=\"og:url\" content=\"https:\/\/fuentesfidedignas.com.mx\/index.php\/2024\/11\/17\/mexico-vuelve-a-la-esfera-internacional-con-el-viaje-de-sheinbaum-al-g20\/\" \/>\n<meta property=\"og:site_name\" content=\"Fuentes Fidedignas\" \/>\n<meta property=\"article:publisher\" content=\"https:\/\/www.facebook.com\/Fuentes-Fidedignas-368234489921644\" \/>\n<meta property=\"article:published_time\" content=\"2024-11-17T22:31:31+00:00\" \/>\n<meta property=\"article:modified_time\" content=\"2024-11-18T21:20:19+00:00\" \/>\n<meta property=\"og:image\" content=\"https:\/\/fuentesfidedignas.com.mx\/wp-content\/uploads\/2024\/11\/img_9903-1.jpg\" \/>\n\t<meta property=\"og:image:width\" content=\"1170\" \/>\n\t<meta property=\"og:image:height\" content=\"765\" \/>\n\t<meta property=\"og:image:type\" content=\"image\/jpeg\" \/>\n<meta name=\"author\" content=\"EFE\" \/>\n<meta name=\"twitter:card\" content=\"summary_large_image\" \/>\n<meta name=\"twitter:creator\" content=\"@fidedignas\" \/>\n<meta name=\"twitter:site\" content=\"@fidedignas\" \/>\n<meta name=\"twitter:label1\" content=\"Escrito por\" \/>\n\t<meta name=\"twitter:data1\" content=\"EFE\" \/>\n\t<meta name=\"twitter:label2\" content=\"Tiempo de lectura\" \/>\n\t<meta name=\"twitter:data2\" content=\"2 minutos\" \/>\n<script type=\"application\/ld+json\" class=\"yoast-schema-graph\">{\"@context\":\"https:\\\/\\\/schema.org\",\"@graph\":[{\"@type\":\"Article\",\"@id\":\"https:\\\/\\\/fuentesfidedignas.com.mx\\\/index.php\\\/2024\\\/11\\\/17\\\/mexico-vuelve-a-la-esfera-internacional-con-el-viaje-de-sheinbaum-al-g20\\\/#article\",\"isPartOf\":{\"@id\":\"https:\\\/\\\/fuentesfidedignas.com.mx\\\/index.php\\\/2024\\\/11\\\/17\\\/mexico-vuelve-a-la-esfera-internacional-con-el-viaje-de-sheinbaum-al-g20\\\/\"},\"author\":{\"name\":\"EFE\",\"@id\":\"https:\\\/\\\/fuentesfidedignas.com.mx\\\/#\\\/schema\\\/person\\\/0d44615087b5a626d5d3f13afe31ac41\"},\"headline\":\"M\u00e9xico vuelve a la esfera internacional con el viaje de Sheinbaum al G20\",\"datePublished\":\"2024-11-17T22:31:31+00:00\",\"dateModified\":\"2024-11-18T21:20:19+00:00\",\"mainEntityOfPage\":{\"@id\":\"https:\\\/\\\/fuentesfidedignas.com.mx\\\/index.php\\\/2024\\\/11\\\/17\\\/mexico-vuelve-a-la-esfera-internacional-con-el-viaje-de-sheinbaum-al-g20\\\/\"},\"wordCount\":420,\"publisher\":{\"@id\":\"https:\\\/\\\/fuentesfidedignas.com.mx\\\/#organization\"},\"image\":{\"@id\":\"https:\\\/\\\/fuentesfidedignas.com.mx\\\/index.php\\\/2024\\\/11\\\/17\\\/mexico-vuelve-a-la-esfera-internacional-con-el-viaje-de-sheinbaum-al-g20\\\/#primaryimage\"},\"thumbnailUrl\":\"https:\\\/\\\/fuentesfidedignas.com.mx\\\/wp-content\\\/uploads\\\/2024\\\/11\\\/img_9903-1.jpg\",\"inLanguage\":\"es\"},{\"@type\":\"WebPage\",\"@id\":\"https:\\\/\\\/fuentesfidedignas.com.mx\\\/index.php\\\/2024\\\/11\\\/17\\\/mexico-vuelve-a-la-esfera-internacional-con-el-viaje-de-sheinbaum-al-g20\\\/\",\"url\":\"https:\\\/\\\/fuentesfidedignas.com.mx\\\/index.php\\\/2024\\\/11\\\/17\\\/mexico-vuelve-a-la-esfera-internacional-con-el-viaje-de-sheinbaum-al-g20\\\/\",\"name\":\"M\u00e9xico vuelve a la esfera internacional con el viaje de Sheinbaum al G20 - Fuentes Fidedignas\",\"isPartOf\":{\"@id\":\"https:\\\/\\\/fuentesfidedignas.com.mx\\\/#website\"},\"primaryImageOfPage\":{\"@id\":\"https:\\\/\\\/fuentesfidedignas.com.mx\\\/index.php\\\/2024\\\/11\\\/17\\\/mexico-vuelve-a-la-esfera-internacional-con-el-viaje-de-sheinbaum-al-g20\\\/#primaryimage\"},\"image\":{\"@id\":\"https:\\\/\\\/fuentesfidedignas.com.mx\\\/index.php\\\/2024\\\/11\\\/17\\\/mexico-vuelve-a-la-esfera-internacional-con-el-viaje-de-sheinbaum-al-g20\\\/#primaryimage\"},\"thumbnailUrl\":\"https:\\\/\\\/fuentesfidedignas.com.mx\\\/wp-content\\\/uploads\\\/2024\\\/11\\\/img_9903-1.jpg\",\"datePublished\":\"2024-11-17T22:31:31+00:00\",\"dateModified\":\"2024-11-18T21:20:19+00:00\",\"breadcrumb\":{\"@id\":\"https:\\\/\\\/fuentesfidedignas.com.mx\\\/index.php\\\/2024\\\/11\\\/17\\\/mexico-vuelve-a-la-esfera-internacional-con-el-viaje-de-sheinbaum-al-g20\\\/#breadcrumb\"},\"inLanguage\":\"es\",\"potentialAction\":[{\"@type\":\"ReadAction\",\"target\":[\"https:\\\/\\\/fuentesfidedignas.com.mx\\\/index.php\\\/2024\\\/11\\\/17\\\/mexico-vuelve-a-la-esfera-internacional-con-el-viaje-de-sheinbaum-al-g20\\\/\"]}]},{\"@type\":\"ImageObject\",\"inLanguage\":\"es\",\"@id\":\"https:\\\/\\\/fuentesfidedignas.com.mx\\\/index.php\\\/2024\\\/11\\\/17\\\/mexico-vuelve-a-la-esfera-internacional-con-el-viaje-de-sheinbaum-al-g20\\\/#primaryimage\",\"url\":\"https:\\\/\\\/fuentesfidedignas.com.mx\\\/wp-content\\\/uploads\\\/2024\\\/11\\\/img_9903-1.jpg\",\"contentUrl\":\"https:\\\/\\\/fuentesfidedignas.com.mx\\\/wp-content\\\/uploads\\\/2024\\\/11\\\/img_9903-1.jpg\",\"width\":1170,\"height\":765},{\"@type\":\"BreadcrumbList\",\"@id\":\"https:\\\/\\\/fuentesfidedignas.com.mx\\\/index.php\\\/2024\\\/11\\\/17\\\/mexico-vuelve-a-la-esfera-internacional-con-el-viaje-de-sheinbaum-al-g20\\\/#breadcrumb\",\"itemListElement\":[{\"@type\":\"ListItem\",\"position\":1,\"name\":\"Inicio\",\"item\":\"https:\\\/\\\/fuentesfidedignas.com.mx\\\/\"},{\"@type\":\"ListItem\",\"position\":2,\"name\":\"M\u00e9xico vuelve a la esfera internacional con el viaje de Sheinbaum al G20\"}]},{\"@type\":\"WebSite\",\"@id\":\"https:\\\/\\\/fuentesfidedignas.com.mx\\\/#website\",\"url\":\"https:\\\/\\\/fuentesfidedignas.com.mx\\\/\",\"name\":\"Fuentes Fidedignas\",\"description\":\"Otro sitio realizado con WordPress\",\"publisher\":{\"@id\":\"https:\\\/\\\/fuentesfidedignas.com.mx\\\/#organization\"},\"potentialAction\":[{\"@type\":\"SearchAction\",\"target\":{\"@type\":\"EntryPoint\",\"urlTemplate\":\"https:\\\/\\\/fuentesfidedignas.com.mx\\\/?s={search_term_string}\"},\"query-input\":{\"@type\":\"PropertyValueSpecification\",\"valueRequired\":true,\"valueName\":\"search_term_string\"}}],\"inLanguage\":\"es\"},{\"@type\":\"Organization\",\"@id\":\"https:\\\/\\\/fuentesfidedignas.com.mx\\\/#organization\",\"name\":\"Fuentes Fidedignas\",\"url\":\"https:\\\/\\\/fuentesfidedignas.com.mx\\\/\",\"logo\":{\"@type\":\"ImageObject\",\"inLanguage\":\"es\",\"@id\":\"https:\\\/\\\/fuentesfidedignas.com.mx\\\/#\\\/schema\\\/logo\\\/image\\\/\",\"url\":\"https:\\\/\\\/fuentesfidedignas.com.mx\\\/wp-content\\\/uploads\\\/2021\\\/04\\\/logo-retina.png\",\"contentUrl\":\"https:\\\/\\\/fuentesfidedignas.com.mx\\\/wp-content\\\/uploads\\\/2021\\\/04\\\/logo-retina.png\",\"width\":280,\"height\":51,\"caption\":\"Fuentes Fidedignas\"},\"image\":{\"@id\":\"https:\\\/\\\/fuentesfidedignas.com.mx\\\/#\\\/schema\\\/logo\\\/image\\\/\"},\"sameAs\":[\"https:\\\/\\\/www.facebook.com\\\/Fuentes-Fidedignas-368234489921644\",\"https:\\\/\\\/x.com\\\/fidedignas\"]},{\"@type\":\"Person\",\"@id\":\"https:\\\/\\\/fuentesfidedignas.com.mx\\\/#\\\/schema\\\/person\\\/0d44615087b5a626d5d3f13afe31ac41\",\"name\":\"EFE\",\"image\":{\"@type\":\"ImageObject\",\"inLanguage\":\"es\",\"@id\":\"https:\\\/\\\/secure.gravatar.com\\\/avatar\\\/7048c2d9b569d9bed55bb53ad23821e6e047aa66338fb6ea9868627bbb9f54e8?s=96&d=mm&r=g\",\"url\":\"https:\\\/\\\/secure.gravatar.com\\\/avatar\\\/7048c2d9b569d9bed55bb53ad23821e6e047aa66338fb6ea9868627bbb9f54e8?s=96&d=mm&r=g\",\"contentUrl\":\"https:\\\/\\\/secure.gravatar.com\\\/avatar\\\/7048c2d9b569d9bed55bb53ad23821e6e047aa66338fb6ea9868627bbb9f54e8?s=96&d=mm&r=g\",\"caption\":\"EFE\"},\"url\":\"https:\\\/\\\/fuentesfidedignas.com.mx\\\/index.php\\\/author\\\/efe\\\/\"}]}<\/script>\n<!-- \/ Yoast SEO plugin. -->","yoast_head_json":{"title":"M\u00e9xico vuelve a la esfera internacional con el viaje de Sheinbaum al G20 - Fuentes Fidedignas","robots":{"index":"index","follow":"follow","max-snippet":"max-snippet:-1","max-image-preview":"max-image-preview:large","max-video-preview":"max-video-preview:-1"},"canonical":"https:\/\/fuentesfidedignas.com.mx\/index.php\/2024\/11\/17\/mexico-vuelve-a-la-esfera-internacional-con-el-viaje-de-sheinbaum-al-g20\/","og_locale":"es_MX","og_type":"article","og_title":"M\u00e9xico vuelve a la esfera internacional con el viaje de Sheinbaum al G20 - Fuentes Fidedignas","og_description":"La visi\u00f3n \u201cpragm\u00e1tica\u201d de la presidenta Sheinbaum le abre la posibilidad de posicionar a M\u00e9xico nuevamente como un l\u00edder en temas globales El primer viaje al exterior de&nbsp;Claudia Sheinbaum&nbsp;como presidenta de M\u00e9xico a la&nbsp;cumbre del G20&nbsp;en&nbsp;Brasilrepresenta una oportunidad para ganar&nbsp;apoyo internacional&nbsp;ante el pr\u00f3ximo regreso de Donald Trump a la Presidencia de Estados Unidos, foro en [&hellip;]","og_url":"https:\/\/fuentesfidedignas.com.mx\/index.php\/2024\/11\/17\/mexico-vuelve-a-la-esfera-internacional-con-el-viaje-de-sheinbaum-al-g20\/","og_site_name":"Fuentes Fidedignas","article_publisher":"https:\/\/www.facebook.com\/Fuentes-Fidedignas-368234489921644","article_published_time":"2024-11-17T22:31:31+00:00","article_modified_time":"2024-11-18T21:20:19+00:00","og_image":[{"width":1170,"height":765,"url":"https:\/\/fuentesfidedignas.com.mx\/wp-content\/uploads\/2024\/11\/img_9903-1.jpg","type":"image\/jpeg"}],"author":"EFE","twitter_card":"summary_large_image","twitter_creator":"@fidedignas","twitter_site":"@fidedignas","twitter_misc":{"Escrito por":"EFE","Tiempo de lectura":"2 minutos"},"schema":{"@context":"https:\/\/schema.org","@graph":[{"@type":"Article","@id":"https:\/\/fuentesfidedignas.com.mx\/index.php\/2024\/11\/17\/mexico-vuelve-a-la-esfera-internacional-con-el-viaje-de-sheinbaum-al-g20\/#article","isPartOf":{"@id":"https:\/\/fuentesfidedignas.com.mx\/index.php\/2024\/11\/17\/mexico-vuelve-a-la-esfera-internacional-con-el-viaje-de-sheinbaum-al-g20\/"},"author":{"name":"EFE","@id":"https:\/\/fuentesfidedignas.com.mx\/#\/schema\/person\/0d44615087b5a626d5d3f13afe31ac41"},"headline":"M\u00e9xico vuelve a la esfera internacional con el viaje de Sheinbaum al G20","datePublished":"2024-11-17T22:31:31+00:00","dateModified":"2024-11-18T21:20:19+00:00","mainEntityOfPage":{"@id":"https:\/\/fuentesfidedignas.com.mx\/index.php\/2024\/11\/17\/mexico-vuelve-a-la-esfera-internacional-con-el-viaje-de-sheinbaum-al-g20\/"},"wordCount":420,"publisher":{"@id":"https:\/\/fuentesfidedignas.com.mx\/#organization"},"image":{"@id":"https:\/\/fuentesfidedignas.com.mx\/index.php\/2024\/11\/17\/mexico-vuelve-a-la-esfera-internacional-con-el-viaje-de-sheinbaum-al-g20\/#primaryimage"},"thumbnailUrl":"https:\/\/fuentesfidedignas.com.mx\/wp-content\/uploads\/2024\/11\/img_9903-1.jpg","inLanguage":"es"},{"@type":"WebPage","@id":"https:\/\/fuentesfidedignas.com.mx\/index.php\/2024\/11\/17\/mexico-vuelve-a-la-esfera-internacional-con-el-viaje-de-sheinbaum-al-g20\/","url":"https:\/\/fuentesfidedignas.com.mx\/index.php\/2024\/11\/17\/mexico-vuelve-a-la-esfera-internacional-con-el-viaje-de-sheinbaum-al-g20\/","name":"M\u00e9xico vuelve a la esfera internacional con el viaje de Sheinbaum al G20 - Fuentes Fidedignas","isPartOf":{"@id":"https:\/\/fuentesfidedignas.com.mx\/#website"},"primaryImageOfPage":{"@id":"https:\/\/fuentesfidedignas.com.mx\/index.php\/2024\/11\/17\/mexico-vuelve-a-la-esfera-internacional-con-el-viaje-de-sheinbaum-al-g20\/#primaryimage"},"image":{"@id":"https:\/\/fuentesfidedignas.com.mx\/index.php\/2024\/11\/17\/mexico-vuelve-a-la-esfera-internacional-con-el-viaje-de-sheinbaum-al-g20\/#primaryimage"},"thumbnailUrl":"https:\/\/fuentesfidedignas.com.mx\/wp-content\/uploads\/2024\/11\/img_9903-1.jpg","datePublished":"2024-11-17T22:31:31+00:00","dateModified":"2024-11-18T21:20:19+00:00","breadcrumb":{"@id":"https:\/\/fuentesfidedignas.com.mx\/index.php\/2024\/11\/17\/mexico-vuelve-a-la-esfera-internacional-con-el-viaje-de-sheinbaum-al-g20\/#breadcrumb"},"inLanguage":"es","potentialAction":[{"@type":"ReadAction","target":["https:\/\/fuentesfidedignas.com.mx\/index.php\/2024\/11\/17\/mexico-vuelve-a-la-esfera-internacional-con-el-viaje-de-sheinbaum-al-g20\/"]}]},{"@type":"ImageObject","inLanguage":"es","@id":"https:\/\/fuentesfidedignas.com.mx\/index.php\/2024\/11\/17\/mexico-vuelve-a-la-esfera-internacional-con-el-viaje-de-sheinbaum-al-g20\/#primaryimage","url":"https:\/\/fuentesfidedignas.com.mx\/wp-content\/uploads\/2024\/11\/img_9903-1.jpg","contentUrl":"https:\/\/fuentesfidedignas.com.mx\/wp-content\/uploads\/2024\/11\/img_9903-1.jpg","width":1170,"height":765},{"@type":"BreadcrumbList","@id":"https:\/\/fuentesfidedignas.com.mx\/index.php\/2024\/11\/17\/mexico-vuelve-a-la-esfera-internacional-con-el-viaje-de-sheinbaum-al-g20\/#breadcrumb","itemListElement":[{"@type":"ListItem","position":1,"name":"Inicio","item":"https:\/\/fuentesfidedignas.com.mx\/"},{"@type":"ListItem","position":2,"name":"M\u00e9xico vuelve a la esfera internacional con el viaje de Sheinbaum al G20"}]},{"@type":"WebSite","@id":"https:\/\/fuentesfidedignas.com.mx\/#website","url":"https:\/\/fuentesfidedignas.com.mx\/","name":"Fuentes Fidedignas","description":"Otro sitio realizado con WordPress","publisher":{"@id":"https:\/\/fuentesfidedignas.com.mx\/#organization"},"potentialAction":[{"@type":"SearchAction","target":{"@type":"EntryPoint","urlTemplate":"https:\/\/fuentesfidedignas.com.mx\/?s={search_term_string}"},"query-input":{"@type":"PropertyValueSpecification","valueRequired":true,"valueName":"search_term_string"}}],"inLanguage":"es"},{"@type":"Organization","@id":"https:\/\/fuentesfidedignas.com.mx\/#organization","name":"Fuentes Fidedignas","url":"https:\/\/fuentesfidedignas.com.mx\/","logo":{"@type":"ImageObject","inLanguage":"es","@id":"https:\/\/fuentesfidedignas.com.mx\/#\/schema\/logo\/image\/","url":"https:\/\/fuentesfidedignas.com.mx\/wp-content\/uploads\/2021\/04\/logo-retina.png","contentUrl":"https:\/\/fuentesfidedignas.com.mx\/wp-content\/uploads\/2021\/04\/logo-retina.png","width":280,"height":51,"caption":"Fuentes Fidedignas"},"image":{"@id":"https:\/\/fuentesfidedignas.com.mx\/#\/schema\/logo\/image\/"},"sameAs":["https:\/\/www.facebook.com\/Fuentes-Fidedignas-368234489921644","https:\/\/x.com\/fidedignas"]},{"@type":"Person","@id":"https:\/\/fuentesfidedignas.com.mx\/#\/schema\/person\/0d44615087b5a626d5d3f13afe31ac41","name":"EFE","image":{"@type":"ImageObject","inLanguage":"es","@id":"https:\/\/secure.gravatar.com\/avatar\/7048c2d9b569d9bed55bb53ad23821e6e047aa66338fb6ea9868627bbb9f54e8?s=96&d=mm&r=g","url":"https:\/\/secure.gravatar.com\/avatar\/7048c2d9b569d9bed55bb53ad23821e6e047aa66338fb6ea9868627bbb9f54e8?s=96&d=mm&r=g","contentUrl":"https:\/\/secure.gravatar.com\/avatar\/7048c2d9b569d9bed55bb53ad23821e6e047aa66338fb6ea9868627bbb9f54e8?s=96&d=mm&r=g","caption":"EFE"},"url":"https:\/\/fuentesfidedignas.com.mx\/index.php\/author\/efe\/"}]}},"_links":{"self":[{"href":"https:\/\/fuentesfidedignas.com.mx\/index.php\/wp-json\/wp\/v2\/posts\/95699","targetHints":{"allow":["GET"]}}],"collection":[{"href":"https:\/\/fuentesfidedignas.com.mx\/index.php\/wp-json\/wp\/v2\/posts"}],"about":[{"href":"https:\/\/fuentesfidedignas.com.mx\/index.php\/wp-json\/wp\/v2\/types\/post"}],"author":[{"embeddable":true,"href":"https:\/\/fuentesfidedignas.com.mx\/index.php\/wp-json\/wp\/v2\/users\/22"}],"replies":[{"embeddable":true,"href":"https:\/\/fuentesfidedignas.com.mx\/index.php\/wp-json\/wp\/v2\/comments?post=95699"}],"version-history":[{"count":1,"href":"https:\/\/fuentesfidedignas.com.mx\/index.php\/wp-json\/wp\/v2\/posts\/95699\/revisions"}],"predecessor-version":[{"id":95700,"href":"https:\/\/fuentesfidedignas.com.mx\/index.php\/wp-json\/wp\/v2\/posts\/95699\/revisions\/95700"}],"wp:featuredmedia":[{"embeddable":true,"href":"https:\/\/fuentesfidedignas.com.mx\/index.php\/wp-json\/wp\/v2\/media\/95698"}],"wp:attachment":[{"href":"https:\/\/fuentesfidedignas.com.mx\/index.php\/wp-json\/wp\/v2\/media?parent=95699"}],"wp:term":[{"taxonomy":"category","embeddable":true,"href":"https:\/\/fuentesfidedignas.com.mx\/index.php\/wp-json\/wp\/v2\/categories?post=95699"},{"taxonomy":"post_tag","embeddable":true,"href":"https:\/\/fuentesfidedignas.com.mx\/index.php\/wp-json\/wp\/v2\/tags?post=95699"}],"curies":[{"name":"wp","href":"https:\/\/api.w.org\/{rel}","templated":true}]}}