{"id":95533,"date":"2024-11-15T07:11:52","date_gmt":"2024-11-15T14:11:52","guid":{"rendered":"https:\/\/fuentesfidedignas.com.mx\/?p=95533"},"modified":"2024-11-15T07:11:55","modified_gmt":"2024-11-15T14:11:55","slug":"cae-el-pelon-presunto-lider-del-brazo-armado-de-los-chapitos-en-sonora","status":"publish","type":"post","link":"https:\/\/fuentesfidedignas.com.mx\/index.php\/2024\/11\/15\/cae-el-pelon-presunto-lider-del-brazo-armado-de-los-chapitos-en-sonora\/","title":{"rendered":"Cae &#8216;El Pel\u00f3n&#8217;, presunto l\u00edder del brazo armado de &#8216;Los Chapitos&#8217; en Sonora"},"content":{"rendered":"\n<p><strong><em>Este hombre tambi\u00e9n conocido como El 08, se\u00f1alado como presunto l\u00edder de plaza en Sonoyta para una facci\u00f3n criminal asociada a Los Chapitos.<\/em><\/strong><\/p>\n\n\n\n<p>Omar \u201cN\u201d, conocido como El Pel\u00f3n o El 08, se\u00f1alado como presunto l\u00edder de plaza en Sonoyta para una facci\u00f3n criminal asociada a Los Chapitos\u00a0o Los Menores en Sonora, fue capturado por las fuerzas armadas la tarde del jueves 14 de noviembre en la colonia Las Quintas, al este de Culiac\u00e1n, Sinaloa.\u00a0<\/p>\n\n\n\n<p><strong>\u00bfQui\u00e9n es El 08 o El Pel\u00f3n? As\u00ed lo detuvieron<\/strong><br>De acuerdo con informes, El 08 encabezaba a Los Pelones, un grupo delictivo que operaba en aquella regi\u00f3n, y se habr\u00eda refugiado en la capital de Sinaloa desde hace un tiempo. Cabe mencionar que, fue gracias a la labor de inteligencia militar que se logr\u00f3 localizarlo en la zona oriental de la ciudad.<\/p>\n\n\n\n<p>La operaci\u00f3n cont\u00f3 con la intervenci\u00f3n de la Comisi\u00f3n Nacional Contra Secuestro, apoyada por el Ej\u00e9rcito mexicano y la Guardia Nacional.\u00a0 El arresto se llev\u00f3 a cabo a las 13:50 horas del jueves en un domicilio previamente identificado.<\/p>\n\n\n\n<p>Tras su captura, El Pel\u00f3n, quien ya ten\u00eda una orden de aprehensi\u00f3n pendiente, fue entregado a las autoridades federales. Posteriormente, fue trasladado a la Ciudad de M\u00e9xico, donde qued\u00f3 a disposici\u00f3n del juez federal que lo requer\u00eda.<\/p>\n\n\n\n<p><strong>Brazos armados de Los Chapitos\u00a0<\/strong><br>A pesar de los \u00faltimos golpes contra\u00a0Los Chapitos la facci\u00f3n liderada, actualmente por los Guzm\u00e1n L\u00f3pez\u00a0, sigue siendo una de las m\u00e1s peligrosas del mundo, en gran parte por las nuevas generaciones de sicarios que han surgido y que le han dado su apoyo a los hijos de El Chapo.<\/p>\n\n\n\n<p>Cabe mencionar que, estos presuntos sicarios son se\u00f1alados como los principales generadores de violencia en Culiac\u00e1n, Sinaloa:<\/p>\n\n\n\n<p>Jorge Humberto Figueroa Ben\u00edtez es la pieza clave. El Perris, o El 27, es uno de los \u00faltimos lugartenientes de peso pesado que a\u00fan le quedan a Los Chapitos, pero que si no se cuida pronto ser\u00e1 detenido, ya que el Ej\u00e9rcito mexicano lo tiene identificado como un objetivo prioritario.<\/p>\n\n\n\n<p>El 27 es se\u00f1alado como uno de los principales involucrados en la traici\u00f3n y secuestro que llevaron a Ismael El Mayo Zambada a manos de autoridades estadunidenses el 25 de julio, por lo que tambi\u00e9n es una pieza clave en la investigaci\u00f3n que la Fiscal\u00eda General de la Rep\u00fablica (FGR) abri\u00f3 para esclarecer qu\u00e9 pas\u00f3 ese d\u00eda.<\/p>\n\n\n\n<p>Tras la captura de El Mayo Zambada,&nbsp;la DEA actualiz\u00f3 su lista de los 10 m\u00e1s buscados, entre los cuales destacan algunos sicarios de Los Chapitos, como El Panu y dos presuntos narcotraficantes identificados como Silvano Francisco Mariano y Carlos Omar F\u00e9lix Guti\u00e9rrez.<\/p>\n\n\n\n<p>Seg\u00fan fuentes de <em>MILENIO<\/em>, Oscar No\u00e9 Medina Gonz\u00e1lez, El Panu, es el nuevo encargado de seguridad de Los Chapitos, puesto que ten\u00eda N\u00e9stor Isidro P\u00e9rez Salas, El Nini, antes de su captura.<\/p>\n\n\n\n<p>El Panu estar\u00eda ligado con la familia Tapia del Tri\u00e1ngulo Dorado, quienes tienen experiencia de traficar droga para Joaqu\u00edn El Chapo Guzm\u00e1n y de cuidar la espalda de Ismael El Mayo Zambada.<\/p>\n\n\n\n<p>Ente la sangre nueva que comienza a sobresalir en el C\u00e1rtel de Sinaloa&nbsp;destaca un brazo armado que Iv\u00e1n Archivaldo instaur\u00f3 en Culiac\u00e1n tras la detenci\u00f3n definitiva de su padre fue, llamado Los G\u00fceritos o Los Brontos, los cuales son encabezados por Alejandro, Jorge Abraham y Jos\u00e9 \u00c1ngel un grupo de hermanos que comparten los apellidos Canobbio Inzunza.<\/p>\n\n\n\n<p>Anteriormente, la periodista Anabel Hern\u00e1ndez revel\u00f3 que la influencia de Los Canobbio les ha permitido ser la mente criminal detr\u00e1s de Los Chapitos; adem\u00e1s de controlar las rutas por las que se trafica el fentanilo.<\/p>\n\n\n\n<p>La periodista de investigaci\u00f3n coment\u00f3 que sicarios del C\u00e1rtel Sinaloa aseguran que Los Canobbio pueden llegar a ser m\u00e1s sanguinarios que los propios hijos de El Chapo Guzm\u00e1n.<\/p>\n\n\n\n<p>Las primeras veces que los apellidos Canobbio Inzunza comenzaron a aparecer en reportes period\u00edsticos se remontan al 2016. En aquel a\u00f1o, Joaqu\u00edn Guzm\u00e1n Loera hab\u00eda sido capturado por tercera y \u00faltima ocasi\u00f3n, un hecho que marc\u00f3 el inicio de la fragmentaci\u00f3n del C\u00e1rtel de Sinaloa.<\/p>\n\n\n\n<p>Jos\u00e9 \u00c1ngel Cannobio Inzunza ha cobrado relevancia al ser identificado como el cerebro operativo de la facci\u00f3n, caracter\u00edstica que incluso lo ha llevado a ser considerado por analistas y periodistas especializados como el posible sucesor de Iv\u00e1n Archivaldo Guzm\u00e1n Salazar en caso de que sea aprehendido o abatido por las autoridades.\u00a0<\/p>\n","protected":false},"excerpt":{"rendered":"<p>Este hombre tambi\u00e9n conocido como El 08, se\u00f1alado como presunto l\u00edder de plaza en Sonoyta para una facci\u00f3n criminal asociada a Los Chapitos. Omar \u201cN\u201d, conocido como El Pel\u00f3n o El 08, se\u00f1alado como presunto l\u00edder de plaza en Sonoyta para una facci\u00f3n criminal asociada a Los Chapitos\u00a0o Los Menores en Sonora, fue capturado por [&hellip;]<\/p>\n","protected":false},"author":9,"featured_media":95534,"comment_status":"open","ping_status":"open","sticky":false,"template":"","format":"standard","meta":{"tdm_status":"","tdm_grid_status":"","footnotes":""},"categories":[37],"tags":[],"class_list":{"0":"post-95533","1":"post","2":"type-post","3":"status-publish","4":"format-standard","5":"has-post-thumbnail","7":"category-nota-principal"},"yoast_head":"<!-- This site is optimized with the Yoast SEO plugin v27.5 - https:\/\/yoast.com\/product\/yoast-seo-wordpress\/ -->\n<title>Cae &#039;El Pel\u00f3n&#039;, presunto l\u00edder del brazo armado de &#039;Los Chapitos&#039; en Sonora - Fuentes Fidedignas<\/title>\n<meta name=\"robots\" content=\"index, follow, max-snippet:-1, max-image-preview:large, max-video-preview:-1\" \/>\n<link rel=\"canonical\" href=\"https:\/\/fuentesfidedignas.com.mx\/index.php\/2024\/11\/15\/cae-el-pelon-presunto-lider-del-brazo-armado-de-los-chapitos-en-sonora\/\" \/>\n<meta property=\"og:locale\" content=\"es_MX\" \/>\n<meta property=\"og:type\" content=\"article\" \/>\n<meta property=\"og:title\" content=\"Cae &#039;El Pel\u00f3n&#039;, presunto l\u00edder del brazo armado de &#039;Los Chapitos&#039; en Sonora - Fuentes Fidedignas\" \/>\n<meta property=\"og:description\" content=\"Este hombre tambi\u00e9n conocido como El 08, se\u00f1alado como presunto l\u00edder de plaza en Sonoyta para una facci\u00f3n criminal asociada a Los Chapitos. Omar \u201cN\u201d, conocido como El Pel\u00f3n o El 08, se\u00f1alado como presunto l\u00edder de plaza en Sonoyta para una facci\u00f3n criminal asociada a Los Chapitos\u00a0o Los Menores en Sonora, fue capturado por [&hellip;]\" \/>\n<meta property=\"og:url\" content=\"https:\/\/fuentesfidedignas.com.mx\/index.php\/2024\/11\/15\/cae-el-pelon-presunto-lider-del-brazo-armado-de-los-chapitos-en-sonora\/\" \/>\n<meta property=\"og:site_name\" content=\"Fuentes Fidedignas\" \/>\n<meta property=\"article:publisher\" content=\"https:\/\/www.facebook.com\/Fuentes-Fidedignas-368234489921644\" \/>\n<meta property=\"article:published_time\" content=\"2024-11-15T14:11:52+00:00\" \/>\n<meta property=\"article:modified_time\" content=\"2024-11-15T14:11:55+00:00\" \/>\n<meta property=\"og:image\" content=\"https:\/\/fuentesfidedignas.com.mx\/wp-content\/uploads\/2024\/11\/EL-PELON.jpg\" \/>\n\t<meta property=\"og:image:width\" content=\"650\" \/>\n\t<meta property=\"og:image:height\" content=\"363\" \/>\n\t<meta property=\"og:image:type\" content=\"image\/jpeg\" \/>\n<meta name=\"author\" content=\"Milenio\" \/>\n<meta name=\"twitter:card\" content=\"summary_large_image\" \/>\n<meta name=\"twitter:creator\" content=\"@fidedignas\" \/>\n<meta name=\"twitter:site\" content=\"@fidedignas\" \/>\n<meta name=\"twitter:label1\" content=\"Escrito por\" \/>\n\t<meta name=\"twitter:data1\" content=\"Milenio\" \/>\n\t<meta name=\"twitter:label2\" content=\"Tiempo de lectura\" \/>\n\t<meta name=\"twitter:data2\" content=\"4 minutos\" \/>\n<script type=\"application\/ld+json\" class=\"yoast-schema-graph\">{\"@context\":\"https:\\\/\\\/schema.org\",\"@graph\":[{\"@type\":\"Article\",\"@id\":\"https:\\\/\\\/fuentesfidedignas.com.mx\\\/index.php\\\/2024\\\/11\\\/15\\\/cae-el-pelon-presunto-lider-del-brazo-armado-de-los-chapitos-en-sonora\\\/#article\",\"isPartOf\":{\"@id\":\"https:\\\/\\\/fuentesfidedignas.com.mx\\\/index.php\\\/2024\\\/11\\\/15\\\/cae-el-pelon-presunto-lider-del-brazo-armado-de-los-chapitos-en-sonora\\\/\"},\"author\":{\"name\":\"Milenio\",\"@id\":\"https:\\\/\\\/fuentesfidedignas.com.mx\\\/#\\\/schema\\\/person\\\/47ec0135738f4b0c7495f06a77a2c976\"},\"headline\":\"Cae &#8216;El Pel\u00f3n&#8217;, presunto l\u00edder del brazo armado de &#8216;Los Chapitos&#8217; en Sonora\",\"datePublished\":\"2024-11-15T14:11:52+00:00\",\"dateModified\":\"2024-11-15T14:11:55+00:00\",\"mainEntityOfPage\":{\"@id\":\"https:\\\/\\\/fuentesfidedignas.com.mx\\\/index.php\\\/2024\\\/11\\\/15\\\/cae-el-pelon-presunto-lider-del-brazo-armado-de-los-chapitos-en-sonora\\\/\"},\"wordCount\":799,\"commentCount\":0,\"publisher\":{\"@id\":\"https:\\\/\\\/fuentesfidedignas.com.mx\\\/#organization\"},\"image\":{\"@id\":\"https:\\\/\\\/fuentesfidedignas.com.mx\\\/index.php\\\/2024\\\/11\\\/15\\\/cae-el-pelon-presunto-lider-del-brazo-armado-de-los-chapitos-en-sonora\\\/#primaryimage\"},\"thumbnailUrl\":\"https:\\\/\\\/fuentesfidedignas.com.mx\\\/wp-content\\\/uploads\\\/2024\\\/11\\\/EL-PELON.jpg\",\"articleSection\":[\"NOTA PRINCIPAL\"],\"inLanguage\":\"es\",\"potentialAction\":[{\"@type\":\"CommentAction\",\"name\":\"Comment\",\"target\":[\"https:\\\/\\\/fuentesfidedignas.com.mx\\\/index.php\\\/2024\\\/11\\\/15\\\/cae-el-pelon-presunto-lider-del-brazo-armado-de-los-chapitos-en-sonora\\\/#respond\"]}]},{\"@type\":\"WebPage\",\"@id\":\"https:\\\/\\\/fuentesfidedignas.com.mx\\\/index.php\\\/2024\\\/11\\\/15\\\/cae-el-pelon-presunto-lider-del-brazo-armado-de-los-chapitos-en-sonora\\\/\",\"url\":\"https:\\\/\\\/fuentesfidedignas.com.mx\\\/index.php\\\/2024\\\/11\\\/15\\\/cae-el-pelon-presunto-lider-del-brazo-armado-de-los-chapitos-en-sonora\\\/\",\"name\":\"Cae 'El Pel\u00f3n', presunto l\u00edder del brazo armado de 'Los Chapitos' en Sonora - Fuentes Fidedignas\",\"isPartOf\":{\"@id\":\"https:\\\/\\\/fuentesfidedignas.com.mx\\\/#website\"},\"primaryImageOfPage\":{\"@id\":\"https:\\\/\\\/fuentesfidedignas.com.mx\\\/index.php\\\/2024\\\/11\\\/15\\\/cae-el-pelon-presunto-lider-del-brazo-armado-de-los-chapitos-en-sonora\\\/#primaryimage\"},\"image\":{\"@id\":\"https:\\\/\\\/fuentesfidedignas.com.mx\\\/index.php\\\/2024\\\/11\\\/15\\\/cae-el-pelon-presunto-lider-del-brazo-armado-de-los-chapitos-en-sonora\\\/#primaryimage\"},\"thumbnailUrl\":\"https:\\\/\\\/fuentesfidedignas.com.mx\\\/wp-content\\\/uploads\\\/2024\\\/11\\\/EL-PELON.jpg\",\"datePublished\":\"2024-11-15T14:11:52+00:00\",\"dateModified\":\"2024-11-15T14:11:55+00:00\",\"breadcrumb\":{\"@id\":\"https:\\\/\\\/fuentesfidedignas.com.mx\\\/index.php\\\/2024\\\/11\\\/15\\\/cae-el-pelon-presunto-lider-del-brazo-armado-de-los-chapitos-en-sonora\\\/#breadcrumb\"},\"inLanguage\":\"es\",\"potentialAction\":[{\"@type\":\"ReadAction\",\"target\":[\"https:\\\/\\\/fuentesfidedignas.com.mx\\\/index.php\\\/2024\\\/11\\\/15\\\/cae-el-pelon-presunto-lider-del-brazo-armado-de-los-chapitos-en-sonora\\\/\"]}]},{\"@type\":\"ImageObject\",\"inLanguage\":\"es\",\"@id\":\"https:\\\/\\\/fuentesfidedignas.com.mx\\\/index.php\\\/2024\\\/11\\\/15\\\/cae-el-pelon-presunto-lider-del-brazo-armado-de-los-chapitos-en-sonora\\\/#primaryimage\",\"url\":\"https:\\\/\\\/fuentesfidedignas.com.mx\\\/wp-content\\\/uploads\\\/2024\\\/11\\\/EL-PELON.jpg\",\"contentUrl\":\"https:\\\/\\\/fuentesfidedignas.com.mx\\\/wp-content\\\/uploads\\\/2024\\\/11\\\/EL-PELON.jpg\",\"width\":650,\"height\":363},{\"@type\":\"BreadcrumbList\",\"@id\":\"https:\\\/\\\/fuentesfidedignas.com.mx\\\/index.php\\\/2024\\\/11\\\/15\\\/cae-el-pelon-presunto-lider-del-brazo-armado-de-los-chapitos-en-sonora\\\/#breadcrumb\",\"itemListElement\":[{\"@type\":\"ListItem\",\"position\":1,\"name\":\"Inicio\",\"item\":\"https:\\\/\\\/fuentesfidedignas.com.mx\\\/\"},{\"@type\":\"ListItem\",\"position\":2,\"name\":\"Cae &#8216;El Pel\u00f3n&#8217;, presunto l\u00edder del brazo armado de &#8216;Los Chapitos&#8217; en Sonora\"}]},{\"@type\":\"WebSite\",\"@id\":\"https:\\\/\\\/fuentesfidedignas.com.mx\\\/#website\",\"url\":\"https:\\\/\\\/fuentesfidedignas.com.mx\\\/\",\"name\":\"Fuentes Fidedignas\",\"description\":\"Otro sitio realizado con WordPress\",\"publisher\":{\"@id\":\"https:\\\/\\\/fuentesfidedignas.com.mx\\\/#organization\"},\"potentialAction\":[{\"@type\":\"SearchAction\",\"target\":{\"@type\":\"EntryPoint\",\"urlTemplate\":\"https:\\\/\\\/fuentesfidedignas.com.mx\\\/?s={search_term_string}\"},\"query-input\":{\"@type\":\"PropertyValueSpecification\",\"valueRequired\":true,\"valueName\":\"search_term_string\"}}],\"inLanguage\":\"es\"},{\"@type\":\"Organization\",\"@id\":\"https:\\\/\\\/fuentesfidedignas.com.mx\\\/#organization\",\"name\":\"Fuentes Fidedignas\",\"url\":\"https:\\\/\\\/fuentesfidedignas.com.mx\\\/\",\"logo\":{\"@type\":\"ImageObject\",\"inLanguage\":\"es\",\"@id\":\"https:\\\/\\\/fuentesfidedignas.com.mx\\\/#\\\/schema\\\/logo\\\/image\\\/\",\"url\":\"https:\\\/\\\/fuentesfidedignas.com.mx\\\/wp-content\\\/uploads\\\/2021\\\/04\\\/logo-retina.png\",\"contentUrl\":\"https:\\\/\\\/fuentesfidedignas.com.mx\\\/wp-content\\\/uploads\\\/2021\\\/04\\\/logo-retina.png\",\"width\":280,\"height\":51,\"caption\":\"Fuentes Fidedignas\"},\"image\":{\"@id\":\"https:\\\/\\\/fuentesfidedignas.com.mx\\\/#\\\/schema\\\/logo\\\/image\\\/\"},\"sameAs\":[\"https:\\\/\\\/www.facebook.com\\\/Fuentes-Fidedignas-368234489921644\",\"https:\\\/\\\/x.com\\\/fidedignas\"]},{\"@type\":\"Person\",\"@id\":\"https:\\\/\\\/fuentesfidedignas.com.mx\\\/#\\\/schema\\\/person\\\/47ec0135738f4b0c7495f06a77a2c976\",\"name\":\"Milenio\",\"image\":{\"@type\":\"ImageObject\",\"inLanguage\":\"es\",\"@id\":\"https:\\\/\\\/secure.gravatar.com\\\/avatar\\\/acabf7b54753e51c2c76457954577c236b3b764789b19879565769739d1e4a75?s=96&d=mm&r=g\",\"url\":\"https:\\\/\\\/secure.gravatar.com\\\/avatar\\\/acabf7b54753e51c2c76457954577c236b3b764789b19879565769739d1e4a75?s=96&d=mm&r=g\",\"contentUrl\":\"https:\\\/\\\/secure.gravatar.com\\\/avatar\\\/acabf7b54753e51c2c76457954577c236b3b764789b19879565769739d1e4a75?s=96&d=mm&r=g\",\"caption\":\"Milenio\"},\"url\":\"https:\\\/\\\/fuentesfidedignas.com.mx\\\/index.php\\\/author\\\/milenio\\\/\"}]}<\/script>\n<!-- \/ Yoast SEO plugin. -->","yoast_head_json":{"title":"Cae 'El Pel\u00f3n', presunto l\u00edder del brazo armado de 'Los Chapitos' en Sonora - Fuentes Fidedignas","robots":{"index":"index","follow":"follow","max-snippet":"max-snippet:-1","max-image-preview":"max-image-preview:large","max-video-preview":"max-video-preview:-1"},"canonical":"https:\/\/fuentesfidedignas.com.mx\/index.php\/2024\/11\/15\/cae-el-pelon-presunto-lider-del-brazo-armado-de-los-chapitos-en-sonora\/","og_locale":"es_MX","og_type":"article","og_title":"Cae 'El Pel\u00f3n', presunto l\u00edder del brazo armado de 'Los Chapitos' en Sonora - Fuentes Fidedignas","og_description":"Este hombre tambi\u00e9n conocido como El 08, se\u00f1alado como presunto l\u00edder de plaza en Sonoyta para una facci\u00f3n criminal asociada a Los Chapitos. Omar \u201cN\u201d, conocido como El Pel\u00f3n o El 08, se\u00f1alado como presunto l\u00edder de plaza en Sonoyta para una facci\u00f3n criminal asociada a Los Chapitos\u00a0o Los Menores en Sonora, fue capturado por [&hellip;]","og_url":"https:\/\/fuentesfidedignas.com.mx\/index.php\/2024\/11\/15\/cae-el-pelon-presunto-lider-del-brazo-armado-de-los-chapitos-en-sonora\/","og_site_name":"Fuentes Fidedignas","article_publisher":"https:\/\/www.facebook.com\/Fuentes-Fidedignas-368234489921644","article_published_time":"2024-11-15T14:11:52+00:00","article_modified_time":"2024-11-15T14:11:55+00:00","og_image":[{"width":650,"height":363,"url":"https:\/\/fuentesfidedignas.com.mx\/wp-content\/uploads\/2024\/11\/EL-PELON.jpg","type":"image\/jpeg"}],"author":"Milenio","twitter_card":"summary_large_image","twitter_creator":"@fidedignas","twitter_site":"@fidedignas","twitter_misc":{"Escrito por":"Milenio","Tiempo de lectura":"4 minutos"},"schema":{"@context":"https:\/\/schema.org","@graph":[{"@type":"Article","@id":"https:\/\/fuentesfidedignas.com.mx\/index.php\/2024\/11\/15\/cae-el-pelon-presunto-lider-del-brazo-armado-de-los-chapitos-en-sonora\/#article","isPartOf":{"@id":"https:\/\/fuentesfidedignas.com.mx\/index.php\/2024\/11\/15\/cae-el-pelon-presunto-lider-del-brazo-armado-de-los-chapitos-en-sonora\/"},"author":{"name":"Milenio","@id":"https:\/\/fuentesfidedignas.com.mx\/#\/schema\/person\/47ec0135738f4b0c7495f06a77a2c976"},"headline":"Cae &#8216;El Pel\u00f3n&#8217;, presunto l\u00edder del brazo armado de &#8216;Los Chapitos&#8217; en Sonora","datePublished":"2024-11-15T14:11:52+00:00","dateModified":"2024-11-15T14:11:55+00:00","mainEntityOfPage":{"@id":"https:\/\/fuentesfidedignas.com.mx\/index.php\/2024\/11\/15\/cae-el-pelon-presunto-lider-del-brazo-armado-de-los-chapitos-en-sonora\/"},"wordCount":799,"commentCount":0,"publisher":{"@id":"https:\/\/fuentesfidedignas.com.mx\/#organization"},"image":{"@id":"https:\/\/fuentesfidedignas.com.mx\/index.php\/2024\/11\/15\/cae-el-pelon-presunto-lider-del-brazo-armado-de-los-chapitos-en-sonora\/#primaryimage"},"thumbnailUrl":"https:\/\/fuentesfidedignas.com.mx\/wp-content\/uploads\/2024\/11\/EL-PELON.jpg","articleSection":["NOTA PRINCIPAL"],"inLanguage":"es","potentialAction":[{"@type":"CommentAction","name":"Comment","target":["https:\/\/fuentesfidedignas.com.mx\/index.php\/2024\/11\/15\/cae-el-pelon-presunto-lider-del-brazo-armado-de-los-chapitos-en-sonora\/#respond"]}]},{"@type":"WebPage","@id":"https:\/\/fuentesfidedignas.com.mx\/index.php\/2024\/11\/15\/cae-el-pelon-presunto-lider-del-brazo-armado-de-los-chapitos-en-sonora\/","url":"https:\/\/fuentesfidedignas.com.mx\/index.php\/2024\/11\/15\/cae-el-pelon-presunto-lider-del-brazo-armado-de-los-chapitos-en-sonora\/","name":"Cae 'El Pel\u00f3n', presunto l\u00edder del brazo armado de 'Los Chapitos' en Sonora - Fuentes Fidedignas","isPartOf":{"@id":"https:\/\/fuentesfidedignas.com.mx\/#website"},"primaryImageOfPage":{"@id":"https:\/\/fuentesfidedignas.com.mx\/index.php\/2024\/11\/15\/cae-el-pelon-presunto-lider-del-brazo-armado-de-los-chapitos-en-sonora\/#primaryimage"},"image":{"@id":"https:\/\/fuentesfidedignas.com.mx\/index.php\/2024\/11\/15\/cae-el-pelon-presunto-lider-del-brazo-armado-de-los-chapitos-en-sonora\/#primaryimage"},"thumbnailUrl":"https:\/\/fuentesfidedignas.com.mx\/wp-content\/uploads\/2024\/11\/EL-PELON.jpg","datePublished":"2024-11-15T14:11:52+00:00","dateModified":"2024-11-15T14:11:55+00:00","breadcrumb":{"@id":"https:\/\/fuentesfidedignas.com.mx\/index.php\/2024\/11\/15\/cae-el-pelon-presunto-lider-del-brazo-armado-de-los-chapitos-en-sonora\/#breadcrumb"},"inLanguage":"es","potentialAction":[{"@type":"ReadAction","target":["https:\/\/fuentesfidedignas.com.mx\/index.php\/2024\/11\/15\/cae-el-pelon-presunto-lider-del-brazo-armado-de-los-chapitos-en-sonora\/"]}]},{"@type":"ImageObject","inLanguage":"es","@id":"https:\/\/fuentesfidedignas.com.mx\/index.php\/2024\/11\/15\/cae-el-pelon-presunto-lider-del-brazo-armado-de-los-chapitos-en-sonora\/#primaryimage","url":"https:\/\/fuentesfidedignas.com.mx\/wp-content\/uploads\/2024\/11\/EL-PELON.jpg","contentUrl":"https:\/\/fuentesfidedignas.com.mx\/wp-content\/uploads\/2024\/11\/EL-PELON.jpg","width":650,"height":363},{"@type":"BreadcrumbList","@id":"https:\/\/fuentesfidedignas.com.mx\/index.php\/2024\/11\/15\/cae-el-pelon-presunto-lider-del-brazo-armado-de-los-chapitos-en-sonora\/#breadcrumb","itemListElement":[{"@type":"ListItem","position":1,"name":"Inicio","item":"https:\/\/fuentesfidedignas.com.mx\/"},{"@type":"ListItem","position":2,"name":"Cae &#8216;El Pel\u00f3n&#8217;, presunto l\u00edder del brazo armado de &#8216;Los Chapitos&#8217; en Sonora"}]},{"@type":"WebSite","@id":"https:\/\/fuentesfidedignas.com.mx\/#website","url":"https:\/\/fuentesfidedignas.com.mx\/","name":"Fuentes Fidedignas","description":"Otro sitio realizado con WordPress","publisher":{"@id":"https:\/\/fuentesfidedignas.com.mx\/#organization"},"potentialAction":[{"@type":"SearchAction","target":{"@type":"EntryPoint","urlTemplate":"https:\/\/fuentesfidedignas.com.mx\/?s={search_term_string}"},"query-input":{"@type":"PropertyValueSpecification","valueRequired":true,"valueName":"search_term_string"}}],"inLanguage":"es"},{"@type":"Organization","@id":"https:\/\/fuentesfidedignas.com.mx\/#organization","name":"Fuentes Fidedignas","url":"https:\/\/fuentesfidedignas.com.mx\/","logo":{"@type":"ImageObject","inLanguage":"es","@id":"https:\/\/fuentesfidedignas.com.mx\/#\/schema\/logo\/image\/","url":"https:\/\/fuentesfidedignas.com.mx\/wp-content\/uploads\/2021\/04\/logo-retina.png","contentUrl":"https:\/\/fuentesfidedignas.com.mx\/wp-content\/uploads\/2021\/04\/logo-retina.png","width":280,"height":51,"caption":"Fuentes Fidedignas"},"image":{"@id":"https:\/\/fuentesfidedignas.com.mx\/#\/schema\/logo\/image\/"},"sameAs":["https:\/\/www.facebook.com\/Fuentes-Fidedignas-368234489921644","https:\/\/x.com\/fidedignas"]},{"@type":"Person","@id":"https:\/\/fuentesfidedignas.com.mx\/#\/schema\/person\/47ec0135738f4b0c7495f06a77a2c976","name":"Milenio","image":{"@type":"ImageObject","inLanguage":"es","@id":"https:\/\/secure.gravatar.com\/avatar\/acabf7b54753e51c2c76457954577c236b3b764789b19879565769739d1e4a75?s=96&d=mm&r=g","url":"https:\/\/secure.gravatar.com\/avatar\/acabf7b54753e51c2c76457954577c236b3b764789b19879565769739d1e4a75?s=96&d=mm&r=g","contentUrl":"https:\/\/secure.gravatar.com\/avatar\/acabf7b54753e51c2c76457954577c236b3b764789b19879565769739d1e4a75?s=96&d=mm&r=g","caption":"Milenio"},"url":"https:\/\/fuentesfidedignas.com.mx\/index.php\/author\/milenio\/"}]}},"_links":{"self":[{"href":"https:\/\/fuentesfidedignas.com.mx\/index.php\/wp-json\/wp\/v2\/posts\/95533","targetHints":{"allow":["GET"]}}],"collection":[{"href":"https:\/\/fuentesfidedignas.com.mx\/index.php\/wp-json\/wp\/v2\/posts"}],"about":[{"href":"https:\/\/fuentesfidedignas.com.mx\/index.php\/wp-json\/wp\/v2\/types\/post"}],"author":[{"embeddable":true,"href":"https:\/\/fuentesfidedignas.com.mx\/index.php\/wp-json\/wp\/v2\/users\/9"}],"replies":[{"embeddable":true,"href":"https:\/\/fuentesfidedignas.com.mx\/index.php\/wp-json\/wp\/v2\/comments?post=95533"}],"version-history":[{"count":1,"href":"https:\/\/fuentesfidedignas.com.mx\/index.php\/wp-json\/wp\/v2\/posts\/95533\/revisions"}],"predecessor-version":[{"id":95535,"href":"https:\/\/fuentesfidedignas.com.mx\/index.php\/wp-json\/wp\/v2\/posts\/95533\/revisions\/95535"}],"wp:featuredmedia":[{"embeddable":true,"href":"https:\/\/fuentesfidedignas.com.mx\/index.php\/wp-json\/wp\/v2\/media\/95534"}],"wp:attachment":[{"href":"https:\/\/fuentesfidedignas.com.mx\/index.php\/wp-json\/wp\/v2\/media?parent=95533"}],"wp:term":[{"taxonomy":"category","embeddable":true,"href":"https:\/\/fuentesfidedignas.com.mx\/index.php\/wp-json\/wp\/v2\/categories?post=95533"},{"taxonomy":"post_tag","embeddable":true,"href":"https:\/\/fuentesfidedignas.com.mx\/index.php\/wp-json\/wp\/v2\/tags?post=95533"}],"curies":[{"name":"wp","href":"https:\/\/api.w.org\/{rel}","templated":true}]}}