{"id":95505,"date":"2024-11-15T04:39:00","date_gmt":"2024-11-15T11:39:00","guid":{"rendered":"https:\/\/fuentesfidedignas.com.mx\/?p=95505"},"modified":"2024-11-14T18:52:34","modified_gmt":"2024-11-15T01:52:34","slug":"lleva-11-anos-inflado-debido-a-una-rara-condicion-tras-accidente-me-salve-de-milagro","status":"publish","type":"post","link":"https:\/\/fuentesfidedignas.com.mx\/index.php\/2024\/11\/15\/lleva-11-anos-inflado-debido-a-una-rara-condicion-tras-accidente-me-salve-de-milagro\/","title":{"rendered":"Lleva 11 a\u00f1os &#8216;inflado&#8217; debido a una RARA condici\u00f3n tras accidente: &#8221;Me salv\u00e9 de milagro&#8221;"},"content":{"rendered":"\n<p><strong><em>De acuerdo con un reporte de la BBC el hombre sufrir\u00eda de un raro padecimiento luego de subir a la superficie mientras estaba buceando y no tom\u00f3 las medidas necesarias para su descompresi\u00f3n.<\/em><\/strong><\/p>\n\n\n\n<p>La historia de Alejandro Ramos, un experimentado buzo peruano ha comenzado a llamar la atenci\u00f3n en redes sociales debido a una extra\u00f1a condici\u00f3n que padece desde hace 11 a\u00f1os luego de sufrir un accidente mientras buceaba pues termin\u00f3 con el cuerpo deforme e inflamado debido a que ascendi\u00f3 35 metros en solo un minuto mientras estaba sumergido en el mar.<\/p>\n\n\n\n<p>Fue en el 2013 cuando Willy, como tambi\u00e9n es conocido el buzo, se encontraba buceando en la profundidad del mar cuando la h\u00e9lice de una embarcaci\u00f3n rompi\u00f3 por accidente su manguera de ox\u00edgeno por lo que tuvo que ascender de manera abrupta hacia la superficie.<\/p>\n\n\n\n<p>De acuerdo con informaci\u00f3n compartida por el medio Clar\u00edn, el r\u00e1pido ascenso de Alejandro provoc\u00f3 que unas burbujas de ox\u00edgeno se alojaran en su pecho y sus brazos generando una condici\u00f3n bastante rara conocida como enfermedad por descompresi\u00f3n.<\/p>\n\n\n\n<p>\u201cEstaba preparado para hacer las escalas de descompresi\u00f3n necesarias para volver a la superficie\u201d, relata, recodando que el recorrido le deber\u00eda haber costado de \u201cdos a tres horas\u201d. El accidente, sin embargo, le oblig\u00f3 a subir en un minuto.<\/p>\n\n\n\n<p>Una vez que el buzo estuvo en la superficie comenz\u00f3 a sentir mareos, uno de\u00a0los primeros s\u00edntomas del s\u00edndrome de descompresi\u00f3n, por lo que la embarcaci\u00f3n en la que viajaba opt\u00f3 por bajarlo nuevamente al agua para que se realizara la descompresi\u00f3n de manera correcta; sin embargo, el intento no fue exitoso por lo que tuvieron que llevarlo de emergencia al hospital.<\/p>\n\n\n\n<p>\u201cMe salv\u00e9 de milagro. Agradezco a Dios que, bueno, me deform\u00f3 pero estoy vivo\u201d, relat\u00f3 a la BBC en una entrevista de hace algunos a\u00f1os.<\/p>\n\n\n\n<p>Actualmente,\u00a0a casi 11 a\u00f1os del accidente, el buzo,\u00a0de 62 a\u00f1os y de 1.60 metros\u00a0de altura mantiene su apariencia inflamada. Sus b\u00edceps tienen un contorno de\u00a062 y 72 cent\u00edmetros\u00a0cada uno, adem\u00e1s en el codo se forma un bulto que se funde con los hombros.<\/p>\n\n\n\n<p>Los pectorales de Alejandro lucen inflados y colgando sobre su est\u00f3mago al igual que la espalda, la cadera y los muslos lo que hace que presente un volumen mucho mayor al que deber\u00eda presentar un cuerpo com\u00fan.<\/p>\n\n\n\n<p>Adem\u00e1s de las complicaciones est\u00e9ticas, Alejandro explic\u00f3 que sufre de fuertes dolores en los huesos por lo que no puede caminar con normalidad, incluso mencion\u00f3 que emite un silbido en su pecho cada vez que respira.<\/p>\n\n\n\n<p><strong>\u00bfQu\u00e9 es el s\u00edndrome de descompresi\u00f3n?<\/strong><br>El padecimiento que tiene Alejandro Ramos est\u00e1 normalmente asociado al buceo y a la aviaci\u00f3n pues sucede cuando una persona experimenta una repentina disminuci\u00f3n de la presi\u00f3n ambiental, por lo que los gases que se encuentran disueltos en la sangre se liberan formando burbujas.<\/p>\n\n\n\n<p>En el caso de Ramos esas burbujas quedaron atrapadas en los tejidos de su pecho y brazos, provocando que estos se vean &#8216;inflados&#8217;.<\/p>\n\n\n\n<p>Dichas complicaciones y dificultades f\u00edsicas y emocionales llevaron al buzo a enfrentar episodios de ansiedad y depresi\u00f3n.\u00a0<\/p>\n\n\n\n<p><\/p>\n","protected":false},"excerpt":{"rendered":"<p>De acuerdo con un reporte de la BBC el hombre sufrir\u00eda de un raro padecimiento luego de subir a la superficie mientras estaba buceando y no tom\u00f3 las medidas necesarias para su descompresi\u00f3n. La historia de Alejandro Ramos, un experimentado buzo peruano ha comenzado a llamar la atenci\u00f3n en redes sociales debido a una extra\u00f1a [&hellip;]<\/p>\n","protected":false},"author":9,"featured_media":95506,"comment_status":"open","ping_status":"open","sticky":false,"template":"","format":"standard","meta":{"tdm_status":"","tdm_grid_status":"","footnotes":""},"categories":[40],"tags":[],"class_list":{"0":"post-95505","1":"post","2":"type-post","3":"status-publish","4":"format-standard","5":"has-post-thumbnail","7":"category-las-asombrosas"},"yoast_head":"<!-- This site is optimized with the Yoast SEO plugin v27.5 - https:\/\/yoast.com\/product\/yoast-seo-wordpress\/ -->\n<title>Lleva 11 a\u00f1os &#039;inflado&#039; debido a una RARA condici\u00f3n tras accidente: &#039;&#039;Me salv\u00e9 de milagro&#039;&#039; - Fuentes Fidedignas<\/title>\n<meta name=\"robots\" content=\"index, follow, max-snippet:-1, max-image-preview:large, max-video-preview:-1\" \/>\n<link rel=\"canonical\" href=\"https:\/\/fuentesfidedignas.com.mx\/index.php\/2024\/11\/15\/lleva-11-anos-inflado-debido-a-una-rara-condicion-tras-accidente-me-salve-de-milagro\/\" \/>\n<meta property=\"og:locale\" content=\"es_MX\" \/>\n<meta property=\"og:type\" content=\"article\" \/>\n<meta property=\"og:title\" content=\"Lleva 11 a\u00f1os &#039;inflado&#039; debido a una RARA condici\u00f3n tras accidente: &#039;&#039;Me salv\u00e9 de milagro&#039;&#039; - Fuentes Fidedignas\" \/>\n<meta property=\"og:description\" content=\"De acuerdo con un reporte de la BBC el hombre sufrir\u00eda de un raro padecimiento luego de subir a la superficie mientras estaba buceando y no tom\u00f3 las medidas necesarias para su descompresi\u00f3n. La historia de Alejandro Ramos, un experimentado buzo peruano ha comenzado a llamar la atenci\u00f3n en redes sociales debido a una extra\u00f1a [&hellip;]\" \/>\n<meta property=\"og:url\" content=\"https:\/\/fuentesfidedignas.com.mx\/index.php\/2024\/11\/15\/lleva-11-anos-inflado-debido-a-una-rara-condicion-tras-accidente-me-salve-de-milagro\/\" \/>\n<meta property=\"og:site_name\" content=\"Fuentes Fidedignas\" \/>\n<meta property=\"article:publisher\" content=\"https:\/\/www.facebook.com\/Fuentes-Fidedignas-368234489921644\" \/>\n<meta property=\"article:published_time\" content=\"2024-11-15T11:39:00+00:00\" \/>\n<meta property=\"og:image\" content=\"https:\/\/fuentesfidedignas.com.mx\/wp-content\/uploads\/2024\/11\/hombre-inflamado.jpg\" \/>\n\t<meta property=\"og:image:width\" content=\"650\" \/>\n\t<meta property=\"og:image:height\" content=\"364\" \/>\n\t<meta property=\"og:image:type\" content=\"image\/jpeg\" \/>\n<meta name=\"author\" content=\"Milenio\" \/>\n<meta name=\"twitter:card\" content=\"summary_large_image\" \/>\n<meta name=\"twitter:creator\" content=\"@fidedignas\" \/>\n<meta name=\"twitter:site\" content=\"@fidedignas\" \/>\n<meta name=\"twitter:label1\" content=\"Escrito por\" \/>\n\t<meta name=\"twitter:data1\" content=\"Milenio\" \/>\n\t<meta name=\"twitter:label2\" content=\"Tiempo de lectura\" \/>\n\t<meta name=\"twitter:data2\" content=\"3 minutos\" \/>\n<script type=\"application\/ld+json\" class=\"yoast-schema-graph\">{\"@context\":\"https:\\\/\\\/schema.org\",\"@graph\":[{\"@type\":\"Article\",\"@id\":\"https:\\\/\\\/fuentesfidedignas.com.mx\\\/index.php\\\/2024\\\/11\\\/15\\\/lleva-11-anos-inflado-debido-a-una-rara-condicion-tras-accidente-me-salve-de-milagro\\\/#article\",\"isPartOf\":{\"@id\":\"https:\\\/\\\/fuentesfidedignas.com.mx\\\/index.php\\\/2024\\\/11\\\/15\\\/lleva-11-anos-inflado-debido-a-una-rara-condicion-tras-accidente-me-salve-de-milagro\\\/\"},\"author\":{\"name\":\"Milenio\",\"@id\":\"https:\\\/\\\/fuentesfidedignas.com.mx\\\/#\\\/schema\\\/person\\\/47ec0135738f4b0c7495f06a77a2c976\"},\"headline\":\"Lleva 11 a\u00f1os &#8216;inflado&#8217; debido a una RARA condici\u00f3n tras accidente: &#8221;Me salv\u00e9 de milagro&#8221;\",\"datePublished\":\"2024-11-15T11:39:00+00:00\",\"mainEntityOfPage\":{\"@id\":\"https:\\\/\\\/fuentesfidedignas.com.mx\\\/index.php\\\/2024\\\/11\\\/15\\\/lleva-11-anos-inflado-debido-a-una-rara-condicion-tras-accidente-me-salve-de-milagro\\\/\"},\"wordCount\":563,\"commentCount\":0,\"publisher\":{\"@id\":\"https:\\\/\\\/fuentesfidedignas.com.mx\\\/#organization\"},\"image\":{\"@id\":\"https:\\\/\\\/fuentesfidedignas.com.mx\\\/index.php\\\/2024\\\/11\\\/15\\\/lleva-11-anos-inflado-debido-a-una-rara-condicion-tras-accidente-me-salve-de-milagro\\\/#primaryimage\"},\"thumbnailUrl\":\"https:\\\/\\\/fuentesfidedignas.com.mx\\\/wp-content\\\/uploads\\\/2024\\\/11\\\/hombre-inflamado.jpg\",\"articleSection\":[\"LAS ASOMBROSAS\"],\"inLanguage\":\"es\",\"potentialAction\":[{\"@type\":\"CommentAction\",\"name\":\"Comment\",\"target\":[\"https:\\\/\\\/fuentesfidedignas.com.mx\\\/index.php\\\/2024\\\/11\\\/15\\\/lleva-11-anos-inflado-debido-a-una-rara-condicion-tras-accidente-me-salve-de-milagro\\\/#respond\"]}]},{\"@type\":\"WebPage\",\"@id\":\"https:\\\/\\\/fuentesfidedignas.com.mx\\\/index.php\\\/2024\\\/11\\\/15\\\/lleva-11-anos-inflado-debido-a-una-rara-condicion-tras-accidente-me-salve-de-milagro\\\/\",\"url\":\"https:\\\/\\\/fuentesfidedignas.com.mx\\\/index.php\\\/2024\\\/11\\\/15\\\/lleva-11-anos-inflado-debido-a-una-rara-condicion-tras-accidente-me-salve-de-milagro\\\/\",\"name\":\"Lleva 11 a\u00f1os 'inflado' debido a una RARA condici\u00f3n tras accidente: ''Me salv\u00e9 de milagro'' - Fuentes Fidedignas\",\"isPartOf\":{\"@id\":\"https:\\\/\\\/fuentesfidedignas.com.mx\\\/#website\"},\"primaryImageOfPage\":{\"@id\":\"https:\\\/\\\/fuentesfidedignas.com.mx\\\/index.php\\\/2024\\\/11\\\/15\\\/lleva-11-anos-inflado-debido-a-una-rara-condicion-tras-accidente-me-salve-de-milagro\\\/#primaryimage\"},\"image\":{\"@id\":\"https:\\\/\\\/fuentesfidedignas.com.mx\\\/index.php\\\/2024\\\/11\\\/15\\\/lleva-11-anos-inflado-debido-a-una-rara-condicion-tras-accidente-me-salve-de-milagro\\\/#primaryimage\"},\"thumbnailUrl\":\"https:\\\/\\\/fuentesfidedignas.com.mx\\\/wp-content\\\/uploads\\\/2024\\\/11\\\/hombre-inflamado.jpg\",\"datePublished\":\"2024-11-15T11:39:00+00:00\",\"breadcrumb\":{\"@id\":\"https:\\\/\\\/fuentesfidedignas.com.mx\\\/index.php\\\/2024\\\/11\\\/15\\\/lleva-11-anos-inflado-debido-a-una-rara-condicion-tras-accidente-me-salve-de-milagro\\\/#breadcrumb\"},\"inLanguage\":\"es\",\"potentialAction\":[{\"@type\":\"ReadAction\",\"target\":[\"https:\\\/\\\/fuentesfidedignas.com.mx\\\/index.php\\\/2024\\\/11\\\/15\\\/lleva-11-anos-inflado-debido-a-una-rara-condicion-tras-accidente-me-salve-de-milagro\\\/\"]}]},{\"@type\":\"ImageObject\",\"inLanguage\":\"es\",\"@id\":\"https:\\\/\\\/fuentesfidedignas.com.mx\\\/index.php\\\/2024\\\/11\\\/15\\\/lleva-11-anos-inflado-debido-a-una-rara-condicion-tras-accidente-me-salve-de-milagro\\\/#primaryimage\",\"url\":\"https:\\\/\\\/fuentesfidedignas.com.mx\\\/wp-content\\\/uploads\\\/2024\\\/11\\\/hombre-inflamado.jpg\",\"contentUrl\":\"https:\\\/\\\/fuentesfidedignas.com.mx\\\/wp-content\\\/uploads\\\/2024\\\/11\\\/hombre-inflamado.jpg\",\"width\":650,\"height\":364},{\"@type\":\"BreadcrumbList\",\"@id\":\"https:\\\/\\\/fuentesfidedignas.com.mx\\\/index.php\\\/2024\\\/11\\\/15\\\/lleva-11-anos-inflado-debido-a-una-rara-condicion-tras-accidente-me-salve-de-milagro\\\/#breadcrumb\",\"itemListElement\":[{\"@type\":\"ListItem\",\"position\":1,\"name\":\"Inicio\",\"item\":\"https:\\\/\\\/fuentesfidedignas.com.mx\\\/\"},{\"@type\":\"ListItem\",\"position\":2,\"name\":\"Lleva 11 a\u00f1os &#8216;inflado&#8217; debido a una RARA condici\u00f3n tras accidente: &#8221;Me salv\u00e9 de milagro&#8221;\"}]},{\"@type\":\"WebSite\",\"@id\":\"https:\\\/\\\/fuentesfidedignas.com.mx\\\/#website\",\"url\":\"https:\\\/\\\/fuentesfidedignas.com.mx\\\/\",\"name\":\"Fuentes Fidedignas\",\"description\":\"Otro sitio realizado con WordPress\",\"publisher\":{\"@id\":\"https:\\\/\\\/fuentesfidedignas.com.mx\\\/#organization\"},\"potentialAction\":[{\"@type\":\"SearchAction\",\"target\":{\"@type\":\"EntryPoint\",\"urlTemplate\":\"https:\\\/\\\/fuentesfidedignas.com.mx\\\/?s={search_term_string}\"},\"query-input\":{\"@type\":\"PropertyValueSpecification\",\"valueRequired\":true,\"valueName\":\"search_term_string\"}}],\"inLanguage\":\"es\"},{\"@type\":\"Organization\",\"@id\":\"https:\\\/\\\/fuentesfidedignas.com.mx\\\/#organization\",\"name\":\"Fuentes Fidedignas\",\"url\":\"https:\\\/\\\/fuentesfidedignas.com.mx\\\/\",\"logo\":{\"@type\":\"ImageObject\",\"inLanguage\":\"es\",\"@id\":\"https:\\\/\\\/fuentesfidedignas.com.mx\\\/#\\\/schema\\\/logo\\\/image\\\/\",\"url\":\"https:\\\/\\\/fuentesfidedignas.com.mx\\\/wp-content\\\/uploads\\\/2021\\\/04\\\/logo-retina.png\",\"contentUrl\":\"https:\\\/\\\/fuentesfidedignas.com.mx\\\/wp-content\\\/uploads\\\/2021\\\/04\\\/logo-retina.png\",\"width\":280,\"height\":51,\"caption\":\"Fuentes Fidedignas\"},\"image\":{\"@id\":\"https:\\\/\\\/fuentesfidedignas.com.mx\\\/#\\\/schema\\\/logo\\\/image\\\/\"},\"sameAs\":[\"https:\\\/\\\/www.facebook.com\\\/Fuentes-Fidedignas-368234489921644\",\"https:\\\/\\\/x.com\\\/fidedignas\"]},{\"@type\":\"Person\",\"@id\":\"https:\\\/\\\/fuentesfidedignas.com.mx\\\/#\\\/schema\\\/person\\\/47ec0135738f4b0c7495f06a77a2c976\",\"name\":\"Milenio\",\"image\":{\"@type\":\"ImageObject\",\"inLanguage\":\"es\",\"@id\":\"https:\\\/\\\/secure.gravatar.com\\\/avatar\\\/acabf7b54753e51c2c76457954577c236b3b764789b19879565769739d1e4a75?s=96&d=mm&r=g\",\"url\":\"https:\\\/\\\/secure.gravatar.com\\\/avatar\\\/acabf7b54753e51c2c76457954577c236b3b764789b19879565769739d1e4a75?s=96&d=mm&r=g\",\"contentUrl\":\"https:\\\/\\\/secure.gravatar.com\\\/avatar\\\/acabf7b54753e51c2c76457954577c236b3b764789b19879565769739d1e4a75?s=96&d=mm&r=g\",\"caption\":\"Milenio\"},\"url\":\"https:\\\/\\\/fuentesfidedignas.com.mx\\\/index.php\\\/author\\\/milenio\\\/\"}]}<\/script>\n<!-- \/ Yoast SEO plugin. -->","yoast_head_json":{"title":"Lleva 11 a\u00f1os 'inflado' debido a una RARA condici\u00f3n tras accidente: ''Me salv\u00e9 de milagro'' - Fuentes Fidedignas","robots":{"index":"index","follow":"follow","max-snippet":"max-snippet:-1","max-image-preview":"max-image-preview:large","max-video-preview":"max-video-preview:-1"},"canonical":"https:\/\/fuentesfidedignas.com.mx\/index.php\/2024\/11\/15\/lleva-11-anos-inflado-debido-a-una-rara-condicion-tras-accidente-me-salve-de-milagro\/","og_locale":"es_MX","og_type":"article","og_title":"Lleva 11 a\u00f1os 'inflado' debido a una RARA condici\u00f3n tras accidente: ''Me salv\u00e9 de milagro'' - Fuentes Fidedignas","og_description":"De acuerdo con un reporte de la BBC el hombre sufrir\u00eda de un raro padecimiento luego de subir a la superficie mientras estaba buceando y no tom\u00f3 las medidas necesarias para su descompresi\u00f3n. La historia de Alejandro Ramos, un experimentado buzo peruano ha comenzado a llamar la atenci\u00f3n en redes sociales debido a una extra\u00f1a [&hellip;]","og_url":"https:\/\/fuentesfidedignas.com.mx\/index.php\/2024\/11\/15\/lleva-11-anos-inflado-debido-a-una-rara-condicion-tras-accidente-me-salve-de-milagro\/","og_site_name":"Fuentes Fidedignas","article_publisher":"https:\/\/www.facebook.com\/Fuentes-Fidedignas-368234489921644","article_published_time":"2024-11-15T11:39:00+00:00","og_image":[{"width":650,"height":364,"url":"https:\/\/fuentesfidedignas.com.mx\/wp-content\/uploads\/2024\/11\/hombre-inflamado.jpg","type":"image\/jpeg"}],"author":"Milenio","twitter_card":"summary_large_image","twitter_creator":"@fidedignas","twitter_site":"@fidedignas","twitter_misc":{"Escrito por":"Milenio","Tiempo de lectura":"3 minutos"},"schema":{"@context":"https:\/\/schema.org","@graph":[{"@type":"Article","@id":"https:\/\/fuentesfidedignas.com.mx\/index.php\/2024\/11\/15\/lleva-11-anos-inflado-debido-a-una-rara-condicion-tras-accidente-me-salve-de-milagro\/#article","isPartOf":{"@id":"https:\/\/fuentesfidedignas.com.mx\/index.php\/2024\/11\/15\/lleva-11-anos-inflado-debido-a-una-rara-condicion-tras-accidente-me-salve-de-milagro\/"},"author":{"name":"Milenio","@id":"https:\/\/fuentesfidedignas.com.mx\/#\/schema\/person\/47ec0135738f4b0c7495f06a77a2c976"},"headline":"Lleva 11 a\u00f1os &#8216;inflado&#8217; debido a una RARA condici\u00f3n tras accidente: &#8221;Me salv\u00e9 de milagro&#8221;","datePublished":"2024-11-15T11:39:00+00:00","mainEntityOfPage":{"@id":"https:\/\/fuentesfidedignas.com.mx\/index.php\/2024\/11\/15\/lleva-11-anos-inflado-debido-a-una-rara-condicion-tras-accidente-me-salve-de-milagro\/"},"wordCount":563,"commentCount":0,"publisher":{"@id":"https:\/\/fuentesfidedignas.com.mx\/#organization"},"image":{"@id":"https:\/\/fuentesfidedignas.com.mx\/index.php\/2024\/11\/15\/lleva-11-anos-inflado-debido-a-una-rara-condicion-tras-accidente-me-salve-de-milagro\/#primaryimage"},"thumbnailUrl":"https:\/\/fuentesfidedignas.com.mx\/wp-content\/uploads\/2024\/11\/hombre-inflamado.jpg","articleSection":["LAS ASOMBROSAS"],"inLanguage":"es","potentialAction":[{"@type":"CommentAction","name":"Comment","target":["https:\/\/fuentesfidedignas.com.mx\/index.php\/2024\/11\/15\/lleva-11-anos-inflado-debido-a-una-rara-condicion-tras-accidente-me-salve-de-milagro\/#respond"]}]},{"@type":"WebPage","@id":"https:\/\/fuentesfidedignas.com.mx\/index.php\/2024\/11\/15\/lleva-11-anos-inflado-debido-a-una-rara-condicion-tras-accidente-me-salve-de-milagro\/","url":"https:\/\/fuentesfidedignas.com.mx\/index.php\/2024\/11\/15\/lleva-11-anos-inflado-debido-a-una-rara-condicion-tras-accidente-me-salve-de-milagro\/","name":"Lleva 11 a\u00f1os 'inflado' debido a una RARA condici\u00f3n tras accidente: ''Me salv\u00e9 de milagro'' - Fuentes Fidedignas","isPartOf":{"@id":"https:\/\/fuentesfidedignas.com.mx\/#website"},"primaryImageOfPage":{"@id":"https:\/\/fuentesfidedignas.com.mx\/index.php\/2024\/11\/15\/lleva-11-anos-inflado-debido-a-una-rara-condicion-tras-accidente-me-salve-de-milagro\/#primaryimage"},"image":{"@id":"https:\/\/fuentesfidedignas.com.mx\/index.php\/2024\/11\/15\/lleva-11-anos-inflado-debido-a-una-rara-condicion-tras-accidente-me-salve-de-milagro\/#primaryimage"},"thumbnailUrl":"https:\/\/fuentesfidedignas.com.mx\/wp-content\/uploads\/2024\/11\/hombre-inflamado.jpg","datePublished":"2024-11-15T11:39:00+00:00","breadcrumb":{"@id":"https:\/\/fuentesfidedignas.com.mx\/index.php\/2024\/11\/15\/lleva-11-anos-inflado-debido-a-una-rara-condicion-tras-accidente-me-salve-de-milagro\/#breadcrumb"},"inLanguage":"es","potentialAction":[{"@type":"ReadAction","target":["https:\/\/fuentesfidedignas.com.mx\/index.php\/2024\/11\/15\/lleva-11-anos-inflado-debido-a-una-rara-condicion-tras-accidente-me-salve-de-milagro\/"]}]},{"@type":"ImageObject","inLanguage":"es","@id":"https:\/\/fuentesfidedignas.com.mx\/index.php\/2024\/11\/15\/lleva-11-anos-inflado-debido-a-una-rara-condicion-tras-accidente-me-salve-de-milagro\/#primaryimage","url":"https:\/\/fuentesfidedignas.com.mx\/wp-content\/uploads\/2024\/11\/hombre-inflamado.jpg","contentUrl":"https:\/\/fuentesfidedignas.com.mx\/wp-content\/uploads\/2024\/11\/hombre-inflamado.jpg","width":650,"height":364},{"@type":"BreadcrumbList","@id":"https:\/\/fuentesfidedignas.com.mx\/index.php\/2024\/11\/15\/lleva-11-anos-inflado-debido-a-una-rara-condicion-tras-accidente-me-salve-de-milagro\/#breadcrumb","itemListElement":[{"@type":"ListItem","position":1,"name":"Inicio","item":"https:\/\/fuentesfidedignas.com.mx\/"},{"@type":"ListItem","position":2,"name":"Lleva 11 a\u00f1os &#8216;inflado&#8217; debido a una RARA condici\u00f3n tras accidente: &#8221;Me salv\u00e9 de milagro&#8221;"}]},{"@type":"WebSite","@id":"https:\/\/fuentesfidedignas.com.mx\/#website","url":"https:\/\/fuentesfidedignas.com.mx\/","name":"Fuentes Fidedignas","description":"Otro sitio realizado con WordPress","publisher":{"@id":"https:\/\/fuentesfidedignas.com.mx\/#organization"},"potentialAction":[{"@type":"SearchAction","target":{"@type":"EntryPoint","urlTemplate":"https:\/\/fuentesfidedignas.com.mx\/?s={search_term_string}"},"query-input":{"@type":"PropertyValueSpecification","valueRequired":true,"valueName":"search_term_string"}}],"inLanguage":"es"},{"@type":"Organization","@id":"https:\/\/fuentesfidedignas.com.mx\/#organization","name":"Fuentes Fidedignas","url":"https:\/\/fuentesfidedignas.com.mx\/","logo":{"@type":"ImageObject","inLanguage":"es","@id":"https:\/\/fuentesfidedignas.com.mx\/#\/schema\/logo\/image\/","url":"https:\/\/fuentesfidedignas.com.mx\/wp-content\/uploads\/2021\/04\/logo-retina.png","contentUrl":"https:\/\/fuentesfidedignas.com.mx\/wp-content\/uploads\/2021\/04\/logo-retina.png","width":280,"height":51,"caption":"Fuentes Fidedignas"},"image":{"@id":"https:\/\/fuentesfidedignas.com.mx\/#\/schema\/logo\/image\/"},"sameAs":["https:\/\/www.facebook.com\/Fuentes-Fidedignas-368234489921644","https:\/\/x.com\/fidedignas"]},{"@type":"Person","@id":"https:\/\/fuentesfidedignas.com.mx\/#\/schema\/person\/47ec0135738f4b0c7495f06a77a2c976","name":"Milenio","image":{"@type":"ImageObject","inLanguage":"es","@id":"https:\/\/secure.gravatar.com\/avatar\/acabf7b54753e51c2c76457954577c236b3b764789b19879565769739d1e4a75?s=96&d=mm&r=g","url":"https:\/\/secure.gravatar.com\/avatar\/acabf7b54753e51c2c76457954577c236b3b764789b19879565769739d1e4a75?s=96&d=mm&r=g","contentUrl":"https:\/\/secure.gravatar.com\/avatar\/acabf7b54753e51c2c76457954577c236b3b764789b19879565769739d1e4a75?s=96&d=mm&r=g","caption":"Milenio"},"url":"https:\/\/fuentesfidedignas.com.mx\/index.php\/author\/milenio\/"}]}},"_links":{"self":[{"href":"https:\/\/fuentesfidedignas.com.mx\/index.php\/wp-json\/wp\/v2\/posts\/95505","targetHints":{"allow":["GET"]}}],"collection":[{"href":"https:\/\/fuentesfidedignas.com.mx\/index.php\/wp-json\/wp\/v2\/posts"}],"about":[{"href":"https:\/\/fuentesfidedignas.com.mx\/index.php\/wp-json\/wp\/v2\/types\/post"}],"author":[{"embeddable":true,"href":"https:\/\/fuentesfidedignas.com.mx\/index.php\/wp-json\/wp\/v2\/users\/9"}],"replies":[{"embeddable":true,"href":"https:\/\/fuentesfidedignas.com.mx\/index.php\/wp-json\/wp\/v2\/comments?post=95505"}],"version-history":[{"count":1,"href":"https:\/\/fuentesfidedignas.com.mx\/index.php\/wp-json\/wp\/v2\/posts\/95505\/revisions"}],"predecessor-version":[{"id":95507,"href":"https:\/\/fuentesfidedignas.com.mx\/index.php\/wp-json\/wp\/v2\/posts\/95505\/revisions\/95507"}],"wp:featuredmedia":[{"embeddable":true,"href":"https:\/\/fuentesfidedignas.com.mx\/index.php\/wp-json\/wp\/v2\/media\/95506"}],"wp:attachment":[{"href":"https:\/\/fuentesfidedignas.com.mx\/index.php\/wp-json\/wp\/v2\/media?parent=95505"}],"wp:term":[{"taxonomy":"category","embeddable":true,"href":"https:\/\/fuentesfidedignas.com.mx\/index.php\/wp-json\/wp\/v2\/categories?post=95505"},{"taxonomy":"post_tag","embeddable":true,"href":"https:\/\/fuentesfidedignas.com.mx\/index.php\/wp-json\/wp\/v2\/tags?post=95505"}],"curies":[{"name":"wp","href":"https:\/\/api.w.org\/{rel}","templated":true}]}}