{"id":95405,"date":"2024-11-14T04:38:00","date_gmt":"2024-11-14T11:38:00","guid":{"rendered":"https:\/\/fuentesfidedignas.com.mx\/?p=95405"},"modified":"2024-11-13T18:42:50","modified_gmt":"2024-11-14T01:42:50","slug":"rifan-la-legendaria-cheyenne-de-valentin-elizalde-el-gallo-de-oro","status":"publish","type":"post","link":"https:\/\/fuentesfidedignas.com.mx\/index.php\/2024\/11\/14\/rifan-la-legendaria-cheyenne-de-valentin-elizalde-el-gallo-de-oro\/","title":{"rendered":"Rifan la legendaria Cheyenne de Valent\u00edn Elizalde, el \u2018Gallo de Oro\u2019"},"content":{"rendered":"\n<p><strong><em>La ic\u00f3nica camioneta del \u2018Gallo de Oro\u2019 que apareci\u00f3 en el video de \u2018La Playa\u2019 podr\u00e1 ser tuya el pr\u00f3ximo 29 de noviembre.<\/em><\/strong><\/p>\n\n\n\n<p>La ic\u00f3nica Cheyenne de Valent\u00edn Elizalde, el querido \u201cGallo de Oro\u201d, ser\u00e1 rifada junto a una moderna pickup, sorprendiendo a todos los seguidores del fallecido cantante.<\/p>\n\n\n\n<p>A trav\u00e9s de la p\u00e1gina de Rifas Entre Amigos Betos, se dio a conocer que el pr\u00f3ximo 29 de noviembre un afortunado se llevar\u00e1 la famosa Chevrolet Cheyenne 1993, que muchos recordar\u00e1n por aparecer en el video de la canci\u00f3n La Playa.<\/p>\n\n\n\n<p><strong>Detalles del auto<\/strong><br>Esta camioneta no es cualquier veh\u00edculo; tiene el motor de 8 cilindros y una caja GMC tipo California personalizada con insignias que hacen honor al legado de Elizalde. Adem\u00e1s, el ganador de la rifa no solo se llevar\u00e1 esta pieza llena de historia, sino tambi\u00e9n una pickup Canyon AT4 2024.<\/p>\n\n\n\n<iframe loading=\"lazy\" src=\"https:\/\/www.facebook.com\/plugins\/post.php?href=https%3A%2F%2Fwww.facebook.com%2FNDSNoticias%2Fposts%2Fpfbid0mqeGvrDDjyPJP4QRwECFCRFmL57uSWTEWjhC8taq1R8iNKLKLVBrdFsitFS7g8iEl&#038;show_text=true&#038;width=500\" width=\"500\" height=\"773\" style=\"border:none;overflow:hidden\" scrolling=\"no\" frameborder=\"0\" allowfullscreen=\"true\" allow=\"autoplay; clipboard-write; encrypted-media; picture-in-picture; web-share\"><\/iframe>\n\n\n\n<p>Valent\u00edn Elizalde, nacido el 1 de febrero de 1979 en Jitonhueca, Etchojoa, Sonora, dej\u00f3 una profunda huella en el mundo de la m\u00fasica regional mexicana. Su carrera despeg\u00f3 a finales de los a\u00f1os 90 tras graduarse en Derecho, y con su primer sueldo, decidi\u00f3 grabar su disco debut, conquistando corazones en Sonora, Sinaloa y Chihuahua.<\/p>\n\n\n\n<p>Elizalde toc\u00f3 junto a bandas como los Hermanos Morales y La Banda Guasave\u00f1a, y dej\u00f3 un legado de \u00e9xitos como Regresan los mafiosos, Destino cruel y, por supuesto, La Playa.<\/p>\n\n\n\n<p>El \u201cGallo de Oro\u201d fue asesinado el 25 de noviembre de 2006 a la edad de 27 a\u00f1os, dejando tras de s\u00ed un legado musical que sigue vivo entre sus fans. Ahora, su emblem\u00e1tica Cheyenne puede convertirse en un tesoro para quien logre ganarla, manteniendo viva la memoria de un \u00edcono de la m\u00fasica regional.<\/p>\n","protected":false},"excerpt":{"rendered":"<p>La ic\u00f3nica camioneta del \u2018Gallo de Oro\u2019 que apareci\u00f3 en el video de \u2018La Playa\u2019 podr\u00e1 ser tuya el pr\u00f3ximo 29 de noviembre. La ic\u00f3nica Cheyenne de Valent\u00edn Elizalde, el querido \u201cGallo de Oro\u201d, ser\u00e1 rifada junto a una moderna pickup, sorprendiendo a todos los seguidores del fallecido cantante. A trav\u00e9s de la p\u00e1gina de [&hellip;]<\/p>\n","protected":false},"author":40,"featured_media":95406,"comment_status":"open","ping_status":"open","sticky":false,"template":"","format":"standard","meta":{"tdm_status":"","tdm_grid_status":"","footnotes":""},"categories":[40],"tags":[],"class_list":{"0":"post-95405","1":"post","2":"type-post","3":"status-publish","4":"format-standard","5":"has-post-thumbnail","7":"category-las-asombrosas"},"yoast_head":"<!-- This site is optimized with the Yoast SEO plugin v27.5 - https:\/\/yoast.com\/product\/yoast-seo-wordpress\/ -->\n<title>Rifan la legendaria Cheyenne de Valent\u00edn Elizalde, el \u2018Gallo de Oro\u2019 - Fuentes Fidedignas<\/title>\n<meta name=\"robots\" content=\"index, follow, max-snippet:-1, max-image-preview:large, max-video-preview:-1\" \/>\n<link rel=\"canonical\" href=\"https:\/\/fuentesfidedignas.com.mx\/index.php\/2024\/11\/14\/rifan-la-legendaria-cheyenne-de-valentin-elizalde-el-gallo-de-oro\/\" \/>\n<meta property=\"og:locale\" content=\"es_MX\" \/>\n<meta property=\"og:type\" content=\"article\" \/>\n<meta property=\"og:title\" content=\"Rifan la legendaria Cheyenne de Valent\u00edn Elizalde, el \u2018Gallo de Oro\u2019 - Fuentes Fidedignas\" \/>\n<meta property=\"og:description\" content=\"La ic\u00f3nica camioneta del \u2018Gallo de Oro\u2019 que apareci\u00f3 en el video de \u2018La Playa\u2019 podr\u00e1 ser tuya el pr\u00f3ximo 29 de noviembre. La ic\u00f3nica Cheyenne de Valent\u00edn Elizalde, el querido \u201cGallo de Oro\u201d, ser\u00e1 rifada junto a una moderna pickup, sorprendiendo a todos los seguidores del fallecido cantante. A trav\u00e9s de la p\u00e1gina de [&hellip;]\" \/>\n<meta property=\"og:url\" content=\"https:\/\/fuentesfidedignas.com.mx\/index.php\/2024\/11\/14\/rifan-la-legendaria-cheyenne-de-valentin-elizalde-el-gallo-de-oro\/\" \/>\n<meta property=\"og:site_name\" content=\"Fuentes Fidedignas\" \/>\n<meta property=\"article:publisher\" content=\"https:\/\/www.facebook.com\/Fuentes-Fidedignas-368234489921644\" \/>\n<meta property=\"article:published_time\" content=\"2024-11-14T11:38:00+00:00\" \/>\n<meta property=\"og:image\" content=\"https:\/\/fuentesfidedignas.com.mx\/wp-content\/uploads\/2024\/11\/CAMIONETA_VALER.jpg\" \/>\n\t<meta property=\"og:image:width\" content=\"650\" \/>\n\t<meta property=\"og:image:height\" content=\"433\" \/>\n\t<meta property=\"og:image:type\" content=\"image\/jpeg\" \/>\n<meta name=\"author\" content=\"El Imparcial\" \/>\n<meta name=\"twitter:card\" content=\"summary_large_image\" \/>\n<meta name=\"twitter:creator\" content=\"@fidedignas\" \/>\n<meta name=\"twitter:site\" content=\"@fidedignas\" \/>\n<meta name=\"twitter:label1\" content=\"Escrito por\" \/>\n\t<meta name=\"twitter:data1\" content=\"El Imparcial\" \/>\n\t<meta name=\"twitter:label2\" content=\"Tiempo de lectura\" \/>\n\t<meta name=\"twitter:data2\" content=\"2 minutos\" \/>\n<script type=\"application\/ld+json\" class=\"yoast-schema-graph\">{\"@context\":\"https:\\\/\\\/schema.org\",\"@graph\":[{\"@type\":\"Article\",\"@id\":\"https:\\\/\\\/fuentesfidedignas.com.mx\\\/index.php\\\/2024\\\/11\\\/14\\\/rifan-la-legendaria-cheyenne-de-valentin-elizalde-el-gallo-de-oro\\\/#article\",\"isPartOf\":{\"@id\":\"https:\\\/\\\/fuentesfidedignas.com.mx\\\/index.php\\\/2024\\\/11\\\/14\\\/rifan-la-legendaria-cheyenne-de-valentin-elizalde-el-gallo-de-oro\\\/\"},\"author\":{\"name\":\"El Imparcial\",\"@id\":\"https:\\\/\\\/fuentesfidedignas.com.mx\\\/#\\\/schema\\\/person\\\/ff4db17f8fd9c584e0cfc2a0c436b8a1\"},\"headline\":\"Rifan la legendaria Cheyenne de Valent\u00edn Elizalde, el \u2018Gallo de Oro\u2019\",\"datePublished\":\"2024-11-14T11:38:00+00:00\",\"mainEntityOfPage\":{\"@id\":\"https:\\\/\\\/fuentesfidedignas.com.mx\\\/index.php\\\/2024\\\/11\\\/14\\\/rifan-la-legendaria-cheyenne-de-valentin-elizalde-el-gallo-de-oro\\\/\"},\"wordCount\":304,\"commentCount\":0,\"publisher\":{\"@id\":\"https:\\\/\\\/fuentesfidedignas.com.mx\\\/#organization\"},\"image\":{\"@id\":\"https:\\\/\\\/fuentesfidedignas.com.mx\\\/index.php\\\/2024\\\/11\\\/14\\\/rifan-la-legendaria-cheyenne-de-valentin-elizalde-el-gallo-de-oro\\\/#primaryimage\"},\"thumbnailUrl\":\"https:\\\/\\\/fuentesfidedignas.com.mx\\\/wp-content\\\/uploads\\\/2024\\\/11\\\/CAMIONETA_VALER.jpg\",\"articleSection\":[\"LAS ASOMBROSAS\"],\"inLanguage\":\"es\",\"potentialAction\":[{\"@type\":\"CommentAction\",\"name\":\"Comment\",\"target\":[\"https:\\\/\\\/fuentesfidedignas.com.mx\\\/index.php\\\/2024\\\/11\\\/14\\\/rifan-la-legendaria-cheyenne-de-valentin-elizalde-el-gallo-de-oro\\\/#respond\"]}]},{\"@type\":\"WebPage\",\"@id\":\"https:\\\/\\\/fuentesfidedignas.com.mx\\\/index.php\\\/2024\\\/11\\\/14\\\/rifan-la-legendaria-cheyenne-de-valentin-elizalde-el-gallo-de-oro\\\/\",\"url\":\"https:\\\/\\\/fuentesfidedignas.com.mx\\\/index.php\\\/2024\\\/11\\\/14\\\/rifan-la-legendaria-cheyenne-de-valentin-elizalde-el-gallo-de-oro\\\/\",\"name\":\"Rifan la legendaria Cheyenne de Valent\u00edn Elizalde, el \u2018Gallo de Oro\u2019 - Fuentes Fidedignas\",\"isPartOf\":{\"@id\":\"https:\\\/\\\/fuentesfidedignas.com.mx\\\/#website\"},\"primaryImageOfPage\":{\"@id\":\"https:\\\/\\\/fuentesfidedignas.com.mx\\\/index.php\\\/2024\\\/11\\\/14\\\/rifan-la-legendaria-cheyenne-de-valentin-elizalde-el-gallo-de-oro\\\/#primaryimage\"},\"image\":{\"@id\":\"https:\\\/\\\/fuentesfidedignas.com.mx\\\/index.php\\\/2024\\\/11\\\/14\\\/rifan-la-legendaria-cheyenne-de-valentin-elizalde-el-gallo-de-oro\\\/#primaryimage\"},\"thumbnailUrl\":\"https:\\\/\\\/fuentesfidedignas.com.mx\\\/wp-content\\\/uploads\\\/2024\\\/11\\\/CAMIONETA_VALER.jpg\",\"datePublished\":\"2024-11-14T11:38:00+00:00\",\"breadcrumb\":{\"@id\":\"https:\\\/\\\/fuentesfidedignas.com.mx\\\/index.php\\\/2024\\\/11\\\/14\\\/rifan-la-legendaria-cheyenne-de-valentin-elizalde-el-gallo-de-oro\\\/#breadcrumb\"},\"inLanguage\":\"es\",\"potentialAction\":[{\"@type\":\"ReadAction\",\"target\":[\"https:\\\/\\\/fuentesfidedignas.com.mx\\\/index.php\\\/2024\\\/11\\\/14\\\/rifan-la-legendaria-cheyenne-de-valentin-elizalde-el-gallo-de-oro\\\/\"]}]},{\"@type\":\"ImageObject\",\"inLanguage\":\"es\",\"@id\":\"https:\\\/\\\/fuentesfidedignas.com.mx\\\/index.php\\\/2024\\\/11\\\/14\\\/rifan-la-legendaria-cheyenne-de-valentin-elizalde-el-gallo-de-oro\\\/#primaryimage\",\"url\":\"https:\\\/\\\/fuentesfidedignas.com.mx\\\/wp-content\\\/uploads\\\/2024\\\/11\\\/CAMIONETA_VALER.jpg\",\"contentUrl\":\"https:\\\/\\\/fuentesfidedignas.com.mx\\\/wp-content\\\/uploads\\\/2024\\\/11\\\/CAMIONETA_VALER.jpg\",\"width\":650,\"height\":433},{\"@type\":\"BreadcrumbList\",\"@id\":\"https:\\\/\\\/fuentesfidedignas.com.mx\\\/index.php\\\/2024\\\/11\\\/14\\\/rifan-la-legendaria-cheyenne-de-valentin-elizalde-el-gallo-de-oro\\\/#breadcrumb\",\"itemListElement\":[{\"@type\":\"ListItem\",\"position\":1,\"name\":\"Inicio\",\"item\":\"https:\\\/\\\/fuentesfidedignas.com.mx\\\/\"},{\"@type\":\"ListItem\",\"position\":2,\"name\":\"Rifan la legendaria Cheyenne de Valent\u00edn Elizalde, el \u2018Gallo de Oro\u2019\"}]},{\"@type\":\"WebSite\",\"@id\":\"https:\\\/\\\/fuentesfidedignas.com.mx\\\/#website\",\"url\":\"https:\\\/\\\/fuentesfidedignas.com.mx\\\/\",\"name\":\"Fuentes Fidedignas\",\"description\":\"Otro sitio realizado con WordPress\",\"publisher\":{\"@id\":\"https:\\\/\\\/fuentesfidedignas.com.mx\\\/#organization\"},\"potentialAction\":[{\"@type\":\"SearchAction\",\"target\":{\"@type\":\"EntryPoint\",\"urlTemplate\":\"https:\\\/\\\/fuentesfidedignas.com.mx\\\/?s={search_term_string}\"},\"query-input\":{\"@type\":\"PropertyValueSpecification\",\"valueRequired\":true,\"valueName\":\"search_term_string\"}}],\"inLanguage\":\"es\"},{\"@type\":\"Organization\",\"@id\":\"https:\\\/\\\/fuentesfidedignas.com.mx\\\/#organization\",\"name\":\"Fuentes Fidedignas\",\"url\":\"https:\\\/\\\/fuentesfidedignas.com.mx\\\/\",\"logo\":{\"@type\":\"ImageObject\",\"inLanguage\":\"es\",\"@id\":\"https:\\\/\\\/fuentesfidedignas.com.mx\\\/#\\\/schema\\\/logo\\\/image\\\/\",\"url\":\"https:\\\/\\\/fuentesfidedignas.com.mx\\\/wp-content\\\/uploads\\\/2021\\\/04\\\/logo-retina.png\",\"contentUrl\":\"https:\\\/\\\/fuentesfidedignas.com.mx\\\/wp-content\\\/uploads\\\/2021\\\/04\\\/logo-retina.png\",\"width\":280,\"height\":51,\"caption\":\"Fuentes Fidedignas\"},\"image\":{\"@id\":\"https:\\\/\\\/fuentesfidedignas.com.mx\\\/#\\\/schema\\\/logo\\\/image\\\/\"},\"sameAs\":[\"https:\\\/\\\/www.facebook.com\\\/Fuentes-Fidedignas-368234489921644\",\"https:\\\/\\\/x.com\\\/fidedignas\"]},{\"@type\":\"Person\",\"@id\":\"https:\\\/\\\/fuentesfidedignas.com.mx\\\/#\\\/schema\\\/person\\\/ff4db17f8fd9c584e0cfc2a0c436b8a1\",\"name\":\"El Imparcial\",\"image\":{\"@type\":\"ImageObject\",\"inLanguage\":\"es\",\"@id\":\"https:\\\/\\\/secure.gravatar.com\\\/avatar\\\/accd6807585a75316c237ee783498317be6f66ab34c47c940966f26a3f613161?s=96&d=mm&r=g\",\"url\":\"https:\\\/\\\/secure.gravatar.com\\\/avatar\\\/accd6807585a75316c237ee783498317be6f66ab34c47c940966f26a3f613161?s=96&d=mm&r=g\",\"contentUrl\":\"https:\\\/\\\/secure.gravatar.com\\\/avatar\\\/accd6807585a75316c237ee783498317be6f66ab34c47c940966f26a3f613161?s=96&d=mm&r=g\",\"caption\":\"El Imparcial\"},\"url\":\"https:\\\/\\\/fuentesfidedignas.com.mx\\\/index.php\\\/author\\\/imparcial\\\/\"}]}<\/script>\n<!-- \/ Yoast SEO plugin. -->","yoast_head_json":{"title":"Rifan la legendaria Cheyenne de Valent\u00edn Elizalde, el \u2018Gallo de Oro\u2019 - Fuentes Fidedignas","robots":{"index":"index","follow":"follow","max-snippet":"max-snippet:-1","max-image-preview":"max-image-preview:large","max-video-preview":"max-video-preview:-1"},"canonical":"https:\/\/fuentesfidedignas.com.mx\/index.php\/2024\/11\/14\/rifan-la-legendaria-cheyenne-de-valentin-elizalde-el-gallo-de-oro\/","og_locale":"es_MX","og_type":"article","og_title":"Rifan la legendaria Cheyenne de Valent\u00edn Elizalde, el \u2018Gallo de Oro\u2019 - Fuentes Fidedignas","og_description":"La ic\u00f3nica camioneta del \u2018Gallo de Oro\u2019 que apareci\u00f3 en el video de \u2018La Playa\u2019 podr\u00e1 ser tuya el pr\u00f3ximo 29 de noviembre. La ic\u00f3nica Cheyenne de Valent\u00edn Elizalde, el querido \u201cGallo de Oro\u201d, ser\u00e1 rifada junto a una moderna pickup, sorprendiendo a todos los seguidores del fallecido cantante. A trav\u00e9s de la p\u00e1gina de [&hellip;]","og_url":"https:\/\/fuentesfidedignas.com.mx\/index.php\/2024\/11\/14\/rifan-la-legendaria-cheyenne-de-valentin-elizalde-el-gallo-de-oro\/","og_site_name":"Fuentes Fidedignas","article_publisher":"https:\/\/www.facebook.com\/Fuentes-Fidedignas-368234489921644","article_published_time":"2024-11-14T11:38:00+00:00","og_image":[{"width":650,"height":433,"url":"https:\/\/fuentesfidedignas.com.mx\/wp-content\/uploads\/2024\/11\/CAMIONETA_VALER.jpg","type":"image\/jpeg"}],"author":"El Imparcial","twitter_card":"summary_large_image","twitter_creator":"@fidedignas","twitter_site":"@fidedignas","twitter_misc":{"Escrito por":"El Imparcial","Tiempo de lectura":"2 minutos"},"schema":{"@context":"https:\/\/schema.org","@graph":[{"@type":"Article","@id":"https:\/\/fuentesfidedignas.com.mx\/index.php\/2024\/11\/14\/rifan-la-legendaria-cheyenne-de-valentin-elizalde-el-gallo-de-oro\/#article","isPartOf":{"@id":"https:\/\/fuentesfidedignas.com.mx\/index.php\/2024\/11\/14\/rifan-la-legendaria-cheyenne-de-valentin-elizalde-el-gallo-de-oro\/"},"author":{"name":"El Imparcial","@id":"https:\/\/fuentesfidedignas.com.mx\/#\/schema\/person\/ff4db17f8fd9c584e0cfc2a0c436b8a1"},"headline":"Rifan la legendaria Cheyenne de Valent\u00edn Elizalde, el \u2018Gallo de Oro\u2019","datePublished":"2024-11-14T11:38:00+00:00","mainEntityOfPage":{"@id":"https:\/\/fuentesfidedignas.com.mx\/index.php\/2024\/11\/14\/rifan-la-legendaria-cheyenne-de-valentin-elizalde-el-gallo-de-oro\/"},"wordCount":304,"commentCount":0,"publisher":{"@id":"https:\/\/fuentesfidedignas.com.mx\/#organization"},"image":{"@id":"https:\/\/fuentesfidedignas.com.mx\/index.php\/2024\/11\/14\/rifan-la-legendaria-cheyenne-de-valentin-elizalde-el-gallo-de-oro\/#primaryimage"},"thumbnailUrl":"https:\/\/fuentesfidedignas.com.mx\/wp-content\/uploads\/2024\/11\/CAMIONETA_VALER.jpg","articleSection":["LAS ASOMBROSAS"],"inLanguage":"es","potentialAction":[{"@type":"CommentAction","name":"Comment","target":["https:\/\/fuentesfidedignas.com.mx\/index.php\/2024\/11\/14\/rifan-la-legendaria-cheyenne-de-valentin-elizalde-el-gallo-de-oro\/#respond"]}]},{"@type":"WebPage","@id":"https:\/\/fuentesfidedignas.com.mx\/index.php\/2024\/11\/14\/rifan-la-legendaria-cheyenne-de-valentin-elizalde-el-gallo-de-oro\/","url":"https:\/\/fuentesfidedignas.com.mx\/index.php\/2024\/11\/14\/rifan-la-legendaria-cheyenne-de-valentin-elizalde-el-gallo-de-oro\/","name":"Rifan la legendaria Cheyenne de Valent\u00edn Elizalde, el \u2018Gallo de Oro\u2019 - Fuentes Fidedignas","isPartOf":{"@id":"https:\/\/fuentesfidedignas.com.mx\/#website"},"primaryImageOfPage":{"@id":"https:\/\/fuentesfidedignas.com.mx\/index.php\/2024\/11\/14\/rifan-la-legendaria-cheyenne-de-valentin-elizalde-el-gallo-de-oro\/#primaryimage"},"image":{"@id":"https:\/\/fuentesfidedignas.com.mx\/index.php\/2024\/11\/14\/rifan-la-legendaria-cheyenne-de-valentin-elizalde-el-gallo-de-oro\/#primaryimage"},"thumbnailUrl":"https:\/\/fuentesfidedignas.com.mx\/wp-content\/uploads\/2024\/11\/CAMIONETA_VALER.jpg","datePublished":"2024-11-14T11:38:00+00:00","breadcrumb":{"@id":"https:\/\/fuentesfidedignas.com.mx\/index.php\/2024\/11\/14\/rifan-la-legendaria-cheyenne-de-valentin-elizalde-el-gallo-de-oro\/#breadcrumb"},"inLanguage":"es","potentialAction":[{"@type":"ReadAction","target":["https:\/\/fuentesfidedignas.com.mx\/index.php\/2024\/11\/14\/rifan-la-legendaria-cheyenne-de-valentin-elizalde-el-gallo-de-oro\/"]}]},{"@type":"ImageObject","inLanguage":"es","@id":"https:\/\/fuentesfidedignas.com.mx\/index.php\/2024\/11\/14\/rifan-la-legendaria-cheyenne-de-valentin-elizalde-el-gallo-de-oro\/#primaryimage","url":"https:\/\/fuentesfidedignas.com.mx\/wp-content\/uploads\/2024\/11\/CAMIONETA_VALER.jpg","contentUrl":"https:\/\/fuentesfidedignas.com.mx\/wp-content\/uploads\/2024\/11\/CAMIONETA_VALER.jpg","width":650,"height":433},{"@type":"BreadcrumbList","@id":"https:\/\/fuentesfidedignas.com.mx\/index.php\/2024\/11\/14\/rifan-la-legendaria-cheyenne-de-valentin-elizalde-el-gallo-de-oro\/#breadcrumb","itemListElement":[{"@type":"ListItem","position":1,"name":"Inicio","item":"https:\/\/fuentesfidedignas.com.mx\/"},{"@type":"ListItem","position":2,"name":"Rifan la legendaria Cheyenne de Valent\u00edn Elizalde, el \u2018Gallo de Oro\u2019"}]},{"@type":"WebSite","@id":"https:\/\/fuentesfidedignas.com.mx\/#website","url":"https:\/\/fuentesfidedignas.com.mx\/","name":"Fuentes Fidedignas","description":"Otro sitio realizado con WordPress","publisher":{"@id":"https:\/\/fuentesfidedignas.com.mx\/#organization"},"potentialAction":[{"@type":"SearchAction","target":{"@type":"EntryPoint","urlTemplate":"https:\/\/fuentesfidedignas.com.mx\/?s={search_term_string}"},"query-input":{"@type":"PropertyValueSpecification","valueRequired":true,"valueName":"search_term_string"}}],"inLanguage":"es"},{"@type":"Organization","@id":"https:\/\/fuentesfidedignas.com.mx\/#organization","name":"Fuentes Fidedignas","url":"https:\/\/fuentesfidedignas.com.mx\/","logo":{"@type":"ImageObject","inLanguage":"es","@id":"https:\/\/fuentesfidedignas.com.mx\/#\/schema\/logo\/image\/","url":"https:\/\/fuentesfidedignas.com.mx\/wp-content\/uploads\/2021\/04\/logo-retina.png","contentUrl":"https:\/\/fuentesfidedignas.com.mx\/wp-content\/uploads\/2021\/04\/logo-retina.png","width":280,"height":51,"caption":"Fuentes Fidedignas"},"image":{"@id":"https:\/\/fuentesfidedignas.com.mx\/#\/schema\/logo\/image\/"},"sameAs":["https:\/\/www.facebook.com\/Fuentes-Fidedignas-368234489921644","https:\/\/x.com\/fidedignas"]},{"@type":"Person","@id":"https:\/\/fuentesfidedignas.com.mx\/#\/schema\/person\/ff4db17f8fd9c584e0cfc2a0c436b8a1","name":"El Imparcial","image":{"@type":"ImageObject","inLanguage":"es","@id":"https:\/\/secure.gravatar.com\/avatar\/accd6807585a75316c237ee783498317be6f66ab34c47c940966f26a3f613161?s=96&d=mm&r=g","url":"https:\/\/secure.gravatar.com\/avatar\/accd6807585a75316c237ee783498317be6f66ab34c47c940966f26a3f613161?s=96&d=mm&r=g","contentUrl":"https:\/\/secure.gravatar.com\/avatar\/accd6807585a75316c237ee783498317be6f66ab34c47c940966f26a3f613161?s=96&d=mm&r=g","caption":"El Imparcial"},"url":"https:\/\/fuentesfidedignas.com.mx\/index.php\/author\/imparcial\/"}]}},"_links":{"self":[{"href":"https:\/\/fuentesfidedignas.com.mx\/index.php\/wp-json\/wp\/v2\/posts\/95405","targetHints":{"allow":["GET"]}}],"collection":[{"href":"https:\/\/fuentesfidedignas.com.mx\/index.php\/wp-json\/wp\/v2\/posts"}],"about":[{"href":"https:\/\/fuentesfidedignas.com.mx\/index.php\/wp-json\/wp\/v2\/types\/post"}],"author":[{"embeddable":true,"href":"https:\/\/fuentesfidedignas.com.mx\/index.php\/wp-json\/wp\/v2\/users\/40"}],"replies":[{"embeddable":true,"href":"https:\/\/fuentesfidedignas.com.mx\/index.php\/wp-json\/wp\/v2\/comments?post=95405"}],"version-history":[{"count":1,"href":"https:\/\/fuentesfidedignas.com.mx\/index.php\/wp-json\/wp\/v2\/posts\/95405\/revisions"}],"predecessor-version":[{"id":95407,"href":"https:\/\/fuentesfidedignas.com.mx\/index.php\/wp-json\/wp\/v2\/posts\/95405\/revisions\/95407"}],"wp:featuredmedia":[{"embeddable":true,"href":"https:\/\/fuentesfidedignas.com.mx\/index.php\/wp-json\/wp\/v2\/media\/95406"}],"wp:attachment":[{"href":"https:\/\/fuentesfidedignas.com.mx\/index.php\/wp-json\/wp\/v2\/media?parent=95405"}],"wp:term":[{"taxonomy":"category","embeddable":true,"href":"https:\/\/fuentesfidedignas.com.mx\/index.php\/wp-json\/wp\/v2\/categories?post=95405"},{"taxonomy":"post_tag","embeddable":true,"href":"https:\/\/fuentesfidedignas.com.mx\/index.php\/wp-json\/wp\/v2\/tags?post=95405"}],"curies":[{"name":"wp","href":"https:\/\/api.w.org\/{rel}","templated":true}]}}