{"id":95328,"date":"2024-11-12T19:26:46","date_gmt":"2024-11-13T02:26:46","guid":{"rendered":"https:\/\/fuentesfidedignas.com.mx\/?p=95328"},"modified":"2024-11-12T19:27:37","modified_gmt":"2024-11-13T02:27:37","slug":"matan-a-ramon-velazquez-lider-ganadero-de-coyotitan-en-san-ignacio","status":"publish","type":"post","link":"https:\/\/fuentesfidedignas.com.mx\/index.php\/2024\/11\/12\/matan-a-ramon-velazquez-lider-ganadero-de-coyotitan-en-san-ignacio\/","title":{"rendered":"Matan a Ram\u00f3n Vel\u00e1zquez, l\u00edder ganadero de Coyotit\u00e1n, en San Ignacio"},"content":{"rendered":"\n<p><strong><em>El hombre hab\u00eda sido privado de su libertad horas antes de encontrar su cuerpo.<\/em><\/strong><\/p>\n\n\n\n<p>Durante la tarde del martes 12 de noviembre, se inform\u00f3 sobre la privaci\u00f3n de la libertad y el posterior asesinato de Ram\u00f3n Alberto Vel\u00e1zquez Ontiveros, presidente de la Asociaci\u00f3n Ganadera Local de Coyotit\u00e1n, en el municipio deSan Ignacio, Sinaloa.&nbsp;<\/p>\n\n\n\n<p>Aunque la informaci\u00f3n a\u00fan es limitada, se ha reportado que la privaci\u00f3n de la libertad ocurri\u00f3 en la comunidad de Higueras de Abuya, y horas m\u00e1s tarde su cuerpo fue encontrado sin vida.<\/p>\n\n\n\n<p><strong>\u00bfQui\u00e9nes son los presuntos responsables?\u00a0<\/strong><br>Se inform\u00f3 que hombres armados, a\u00fan no identificados, habr\u00edan secuestrado por la fuerza al dirigente ganadero de San Ignacio.<\/p>\n\n\n\n<p>Ram\u00f3n Vel\u00e1zquez Ontiveros hab\u00eda sido ratificado como dirigente ganadero de Coyotit\u00e1n el pasado 25 de febrero de este a\u00f1o.<\/p>\n\n\n\n<p>Este es el segundo caso reciente de violencia directa contra dirigentes del sector, tras el homicidio de Faustino Hern\u00e1ndez \u00c1lvarez, presidente de la Uni\u00f3n Ganadera Regional de Sinaloa, asesinado en Culiac\u00e1n el 30 de septiembre de 2024.<\/p>\n\n\n\n<p><strong>Caso Faustino Hern\u00e1ndez: Asesinato contra ganadero\u00a0<\/strong><br>Faustino Hern\u00e1ndez \u00c1lvarez, l\u00edder de la Uni\u00f3n Ganadera Regional de Sinaloa, fue asesinado a balazos en el Parque Alameda, dentro del Desarrollo Urbano Tres R\u00edos de Culiac\u00e1n, a plena luz del d\u00eda el 30 de septiembre.<\/p>\n\n\n\n<p>Al respecto, Anabel Hern\u00e1ndez, revel\u00f3 que Faustino Hern\u00e1ndez \u00c1lvarez, l\u00edder de la Uni\u00f3n Ganadera de Sinaloa&nbsp;asesinado el 30 de septiembre&nbsp;, estar\u00eda ligado con el cofundador del C\u00e1rtel de Sinaloa, Ismael El Mayo Zambada.<\/p>\n\n\n\n<p>A pocos d\u00edas que se reportara la muerte de Faustino Hern\u00e1ndez, la periodista aprovech\u00f3 para revelar un fragmento de entrevista que tuvo con D\u00e1maso L\u00f3pez Serrano, El Mini-Lic, en el que habla de la relaci\u00f3n entre Zambada y el l\u00edder de la Uni\u00f3n Ganadera de Sinaloa.&nbsp;<\/p>\n\n\n\n<p>El Mini-Lic le aseguro, en una entrevista con la periodista de investigaci\u00f3n, que Faustino Hern\u00e1ndez e Ismael Zambada &#8220;eran compadres&#8221; desde hace muchos a\u00f1os.<\/p>\n\n\n\n<p>\u201cEl presidente de la ganadera, Faustino, es compadre de El Mayo. El presidente de la ganadera en curso nada m\u00e1s roba dinero para construirle a El Mayo y a su familia ranchos (\u2026) En la ganadera el gobierno te da apoyo (\u2026) La familia de El Mayo llega y dice quiero hacer un rancho y le regalan tres o cuatro millones\u201d, menciona L\u00f3pez Serrano.<\/p>\n\n\n\n<p>Seg\u00fan la periodista, cuando Faustino Hern\u00e1ndez formaba parte de la Comisi\u00f3n de Recursos Hidr\u00e1ulicos y era el secretario de la Comisi\u00f3n de Hacienda P\u00fablica y Administraci\u00f3n ayud\u00f3 a impulsar la empresa del cofundador del\u00a0C\u00e1rtel de Sinaloa\u00a0, detenido en El Paso Texas el jueves 25 de julio, luego de que Joaqu\u00edn Guzm\u00e1n L\u00f3pez lo secuestrara en tierras mexicanas.<\/p>\n\n\n\n<p><\/p>\n","protected":false},"excerpt":{"rendered":"<p>El hombre hab\u00eda sido privado de su libertad horas antes de encontrar su cuerpo. Durante la tarde del martes 12 de noviembre, se inform\u00f3 sobre la privaci\u00f3n de la libertad y el posterior asesinato de Ram\u00f3n Alberto Vel\u00e1zquez Ontiveros, presidente de la Asociaci\u00f3n Ganadera Local de Coyotit\u00e1n, en el municipio deSan Ignacio, Sinaloa.&nbsp; Aunque la [&hellip;]<\/p>\n","protected":false},"author":9,"featured_media":95329,"comment_status":"open","ping_status":"open","sticky":false,"template":"","format":"standard","meta":{"tdm_status":"","tdm_grid_status":"","footnotes":""},"categories":[37],"tags":[],"class_list":{"0":"post-95328","1":"post","2":"type-post","3":"status-publish","4":"format-standard","5":"has-post-thumbnail","7":"category-nota-principal"},"yoast_head":"<!-- This site is optimized with the Yoast SEO plugin v27.5 - https:\/\/yoast.com\/product\/yoast-seo-wordpress\/ -->\n<title>Matan a Ram\u00f3n Vel\u00e1zquez, l\u00edder ganadero de Coyotit\u00e1n, en San Ignacio - Fuentes Fidedignas<\/title>\n<meta name=\"robots\" content=\"index, follow, max-snippet:-1, max-image-preview:large, max-video-preview:-1\" \/>\n<link rel=\"canonical\" href=\"https:\/\/fuentesfidedignas.com.mx\/index.php\/2024\/11\/12\/matan-a-ramon-velazquez-lider-ganadero-de-coyotitan-en-san-ignacio\/\" \/>\n<meta property=\"og:locale\" content=\"es_MX\" \/>\n<meta property=\"og:type\" content=\"article\" \/>\n<meta property=\"og:title\" content=\"Matan a Ram\u00f3n Vel\u00e1zquez, l\u00edder ganadero de Coyotit\u00e1n, en San Ignacio - Fuentes Fidedignas\" \/>\n<meta property=\"og:description\" content=\"El hombre hab\u00eda sido privado de su libertad horas antes de encontrar su cuerpo. Durante la tarde del martes 12 de noviembre, se inform\u00f3 sobre la privaci\u00f3n de la libertad y el posterior asesinato de Ram\u00f3n Alberto Vel\u00e1zquez Ontiveros, presidente de la Asociaci\u00f3n Ganadera Local de Coyotit\u00e1n, en el municipio deSan Ignacio, Sinaloa.&nbsp; Aunque la [&hellip;]\" \/>\n<meta property=\"og:url\" content=\"https:\/\/fuentesfidedignas.com.mx\/index.php\/2024\/11\/12\/matan-a-ramon-velazquez-lider-ganadero-de-coyotitan-en-san-ignacio\/\" \/>\n<meta property=\"og:site_name\" content=\"Fuentes Fidedignas\" \/>\n<meta property=\"article:publisher\" content=\"https:\/\/www.facebook.com\/Fuentes-Fidedignas-368234489921644\" \/>\n<meta property=\"article:published_time\" content=\"2024-11-13T02:26:46+00:00\" \/>\n<meta property=\"article:modified_time\" content=\"2024-11-13T02:27:37+00:00\" \/>\n<meta property=\"og:image\" content=\"https:\/\/fuentesfidedignas.com.mx\/wp-content\/uploads\/2024\/11\/Lideres_ganaderos.jpg\" \/>\n\t<meta property=\"og:image:width\" content=\"867\" \/>\n\t<meta property=\"og:image:height\" content=\"493\" \/>\n\t<meta property=\"og:image:type\" content=\"image\/jpeg\" \/>\n<meta name=\"author\" content=\"Milenio\" \/>\n<meta name=\"twitter:card\" content=\"summary_large_image\" \/>\n<meta name=\"twitter:creator\" content=\"@fidedignas\" \/>\n<meta name=\"twitter:site\" content=\"@fidedignas\" \/>\n<meta name=\"twitter:label1\" content=\"Escrito por\" \/>\n\t<meta name=\"twitter:data1\" content=\"Milenio\" \/>\n\t<meta name=\"twitter:label2\" content=\"Tiempo de lectura\" \/>\n\t<meta name=\"twitter:data2\" content=\"3 minutos\" \/>\n<script type=\"application\/ld+json\" class=\"yoast-schema-graph\">{\"@context\":\"https:\\\/\\\/schema.org\",\"@graph\":[{\"@type\":\"Article\",\"@id\":\"https:\\\/\\\/fuentesfidedignas.com.mx\\\/index.php\\\/2024\\\/11\\\/12\\\/matan-a-ramon-velazquez-lider-ganadero-de-coyotitan-en-san-ignacio\\\/#article\",\"isPartOf\":{\"@id\":\"https:\\\/\\\/fuentesfidedignas.com.mx\\\/index.php\\\/2024\\\/11\\\/12\\\/matan-a-ramon-velazquez-lider-ganadero-de-coyotitan-en-san-ignacio\\\/\"},\"author\":{\"name\":\"Milenio\",\"@id\":\"https:\\\/\\\/fuentesfidedignas.com.mx\\\/#\\\/schema\\\/person\\\/47ec0135738f4b0c7495f06a77a2c976\"},\"headline\":\"Matan a Ram\u00f3n Vel\u00e1zquez, l\u00edder ganadero de Coyotit\u00e1n, en San Ignacio\",\"datePublished\":\"2024-11-13T02:26:46+00:00\",\"dateModified\":\"2024-11-13T02:27:37+00:00\",\"mainEntityOfPage\":{\"@id\":\"https:\\\/\\\/fuentesfidedignas.com.mx\\\/index.php\\\/2024\\\/11\\\/12\\\/matan-a-ramon-velazquez-lider-ganadero-de-coyotitan-en-san-ignacio\\\/\"},\"wordCount\":501,\"commentCount\":0,\"publisher\":{\"@id\":\"https:\\\/\\\/fuentesfidedignas.com.mx\\\/#organization\"},\"image\":{\"@id\":\"https:\\\/\\\/fuentesfidedignas.com.mx\\\/index.php\\\/2024\\\/11\\\/12\\\/matan-a-ramon-velazquez-lider-ganadero-de-coyotitan-en-san-ignacio\\\/#primaryimage\"},\"thumbnailUrl\":\"https:\\\/\\\/fuentesfidedignas.com.mx\\\/wp-content\\\/uploads\\\/2024\\\/11\\\/Lideres_ganaderos.jpg\",\"articleSection\":[\"NOTA PRINCIPAL\"],\"inLanguage\":\"es\",\"potentialAction\":[{\"@type\":\"CommentAction\",\"name\":\"Comment\",\"target\":[\"https:\\\/\\\/fuentesfidedignas.com.mx\\\/index.php\\\/2024\\\/11\\\/12\\\/matan-a-ramon-velazquez-lider-ganadero-de-coyotitan-en-san-ignacio\\\/#respond\"]}]},{\"@type\":\"WebPage\",\"@id\":\"https:\\\/\\\/fuentesfidedignas.com.mx\\\/index.php\\\/2024\\\/11\\\/12\\\/matan-a-ramon-velazquez-lider-ganadero-de-coyotitan-en-san-ignacio\\\/\",\"url\":\"https:\\\/\\\/fuentesfidedignas.com.mx\\\/index.php\\\/2024\\\/11\\\/12\\\/matan-a-ramon-velazquez-lider-ganadero-de-coyotitan-en-san-ignacio\\\/\",\"name\":\"Matan a Ram\u00f3n Vel\u00e1zquez, l\u00edder ganadero de Coyotit\u00e1n, en San Ignacio - Fuentes Fidedignas\",\"isPartOf\":{\"@id\":\"https:\\\/\\\/fuentesfidedignas.com.mx\\\/#website\"},\"primaryImageOfPage\":{\"@id\":\"https:\\\/\\\/fuentesfidedignas.com.mx\\\/index.php\\\/2024\\\/11\\\/12\\\/matan-a-ramon-velazquez-lider-ganadero-de-coyotitan-en-san-ignacio\\\/#primaryimage\"},\"image\":{\"@id\":\"https:\\\/\\\/fuentesfidedignas.com.mx\\\/index.php\\\/2024\\\/11\\\/12\\\/matan-a-ramon-velazquez-lider-ganadero-de-coyotitan-en-san-ignacio\\\/#primaryimage\"},\"thumbnailUrl\":\"https:\\\/\\\/fuentesfidedignas.com.mx\\\/wp-content\\\/uploads\\\/2024\\\/11\\\/Lideres_ganaderos.jpg\",\"datePublished\":\"2024-11-13T02:26:46+00:00\",\"dateModified\":\"2024-11-13T02:27:37+00:00\",\"breadcrumb\":{\"@id\":\"https:\\\/\\\/fuentesfidedignas.com.mx\\\/index.php\\\/2024\\\/11\\\/12\\\/matan-a-ramon-velazquez-lider-ganadero-de-coyotitan-en-san-ignacio\\\/#breadcrumb\"},\"inLanguage\":\"es\",\"potentialAction\":[{\"@type\":\"ReadAction\",\"target\":[\"https:\\\/\\\/fuentesfidedignas.com.mx\\\/index.php\\\/2024\\\/11\\\/12\\\/matan-a-ramon-velazquez-lider-ganadero-de-coyotitan-en-san-ignacio\\\/\"]}]},{\"@type\":\"ImageObject\",\"inLanguage\":\"es\",\"@id\":\"https:\\\/\\\/fuentesfidedignas.com.mx\\\/index.php\\\/2024\\\/11\\\/12\\\/matan-a-ramon-velazquez-lider-ganadero-de-coyotitan-en-san-ignacio\\\/#primaryimage\",\"url\":\"https:\\\/\\\/fuentesfidedignas.com.mx\\\/wp-content\\\/uploads\\\/2024\\\/11\\\/Lideres_ganaderos.jpg\",\"contentUrl\":\"https:\\\/\\\/fuentesfidedignas.com.mx\\\/wp-content\\\/uploads\\\/2024\\\/11\\\/Lideres_ganaderos.jpg\",\"width\":867,\"height\":493},{\"@type\":\"BreadcrumbList\",\"@id\":\"https:\\\/\\\/fuentesfidedignas.com.mx\\\/index.php\\\/2024\\\/11\\\/12\\\/matan-a-ramon-velazquez-lider-ganadero-de-coyotitan-en-san-ignacio\\\/#breadcrumb\",\"itemListElement\":[{\"@type\":\"ListItem\",\"position\":1,\"name\":\"Inicio\",\"item\":\"https:\\\/\\\/fuentesfidedignas.com.mx\\\/\"},{\"@type\":\"ListItem\",\"position\":2,\"name\":\"Matan a Ram\u00f3n Vel\u00e1zquez, l\u00edder ganadero de Coyotit\u00e1n, en San Ignacio\"}]},{\"@type\":\"WebSite\",\"@id\":\"https:\\\/\\\/fuentesfidedignas.com.mx\\\/#website\",\"url\":\"https:\\\/\\\/fuentesfidedignas.com.mx\\\/\",\"name\":\"Fuentes Fidedignas\",\"description\":\"Otro sitio realizado con WordPress\",\"publisher\":{\"@id\":\"https:\\\/\\\/fuentesfidedignas.com.mx\\\/#organization\"},\"potentialAction\":[{\"@type\":\"SearchAction\",\"target\":{\"@type\":\"EntryPoint\",\"urlTemplate\":\"https:\\\/\\\/fuentesfidedignas.com.mx\\\/?s={search_term_string}\"},\"query-input\":{\"@type\":\"PropertyValueSpecification\",\"valueRequired\":true,\"valueName\":\"search_term_string\"}}],\"inLanguage\":\"es\"},{\"@type\":\"Organization\",\"@id\":\"https:\\\/\\\/fuentesfidedignas.com.mx\\\/#organization\",\"name\":\"Fuentes Fidedignas\",\"url\":\"https:\\\/\\\/fuentesfidedignas.com.mx\\\/\",\"logo\":{\"@type\":\"ImageObject\",\"inLanguage\":\"es\",\"@id\":\"https:\\\/\\\/fuentesfidedignas.com.mx\\\/#\\\/schema\\\/logo\\\/image\\\/\",\"url\":\"https:\\\/\\\/fuentesfidedignas.com.mx\\\/wp-content\\\/uploads\\\/2021\\\/04\\\/logo-retina.png\",\"contentUrl\":\"https:\\\/\\\/fuentesfidedignas.com.mx\\\/wp-content\\\/uploads\\\/2021\\\/04\\\/logo-retina.png\",\"width\":280,\"height\":51,\"caption\":\"Fuentes Fidedignas\"},\"image\":{\"@id\":\"https:\\\/\\\/fuentesfidedignas.com.mx\\\/#\\\/schema\\\/logo\\\/image\\\/\"},\"sameAs\":[\"https:\\\/\\\/www.facebook.com\\\/Fuentes-Fidedignas-368234489921644\",\"https:\\\/\\\/x.com\\\/fidedignas\"]},{\"@type\":\"Person\",\"@id\":\"https:\\\/\\\/fuentesfidedignas.com.mx\\\/#\\\/schema\\\/person\\\/47ec0135738f4b0c7495f06a77a2c976\",\"name\":\"Milenio\",\"image\":{\"@type\":\"ImageObject\",\"inLanguage\":\"es\",\"@id\":\"https:\\\/\\\/secure.gravatar.com\\\/avatar\\\/acabf7b54753e51c2c76457954577c236b3b764789b19879565769739d1e4a75?s=96&d=mm&r=g\",\"url\":\"https:\\\/\\\/secure.gravatar.com\\\/avatar\\\/acabf7b54753e51c2c76457954577c236b3b764789b19879565769739d1e4a75?s=96&d=mm&r=g\",\"contentUrl\":\"https:\\\/\\\/secure.gravatar.com\\\/avatar\\\/acabf7b54753e51c2c76457954577c236b3b764789b19879565769739d1e4a75?s=96&d=mm&r=g\",\"caption\":\"Milenio\"},\"url\":\"https:\\\/\\\/fuentesfidedignas.com.mx\\\/index.php\\\/author\\\/milenio\\\/\"}]}<\/script>\n<!-- \/ Yoast SEO plugin. -->","yoast_head_json":{"title":"Matan a Ram\u00f3n Vel\u00e1zquez, l\u00edder ganadero de Coyotit\u00e1n, en San Ignacio - Fuentes Fidedignas","robots":{"index":"index","follow":"follow","max-snippet":"max-snippet:-1","max-image-preview":"max-image-preview:large","max-video-preview":"max-video-preview:-1"},"canonical":"https:\/\/fuentesfidedignas.com.mx\/index.php\/2024\/11\/12\/matan-a-ramon-velazquez-lider-ganadero-de-coyotitan-en-san-ignacio\/","og_locale":"es_MX","og_type":"article","og_title":"Matan a Ram\u00f3n Vel\u00e1zquez, l\u00edder ganadero de Coyotit\u00e1n, en San Ignacio - Fuentes Fidedignas","og_description":"El hombre hab\u00eda sido privado de su libertad horas antes de encontrar su cuerpo. Durante la tarde del martes 12 de noviembre, se inform\u00f3 sobre la privaci\u00f3n de la libertad y el posterior asesinato de Ram\u00f3n Alberto Vel\u00e1zquez Ontiveros, presidente de la Asociaci\u00f3n Ganadera Local de Coyotit\u00e1n, en el municipio deSan Ignacio, Sinaloa.&nbsp; Aunque la [&hellip;]","og_url":"https:\/\/fuentesfidedignas.com.mx\/index.php\/2024\/11\/12\/matan-a-ramon-velazquez-lider-ganadero-de-coyotitan-en-san-ignacio\/","og_site_name":"Fuentes Fidedignas","article_publisher":"https:\/\/www.facebook.com\/Fuentes-Fidedignas-368234489921644","article_published_time":"2024-11-13T02:26:46+00:00","article_modified_time":"2024-11-13T02:27:37+00:00","og_image":[{"width":867,"height":493,"url":"https:\/\/fuentesfidedignas.com.mx\/wp-content\/uploads\/2024\/11\/Lideres_ganaderos.jpg","type":"image\/jpeg"}],"author":"Milenio","twitter_card":"summary_large_image","twitter_creator":"@fidedignas","twitter_site":"@fidedignas","twitter_misc":{"Escrito por":"Milenio","Tiempo de lectura":"3 minutos"},"schema":{"@context":"https:\/\/schema.org","@graph":[{"@type":"Article","@id":"https:\/\/fuentesfidedignas.com.mx\/index.php\/2024\/11\/12\/matan-a-ramon-velazquez-lider-ganadero-de-coyotitan-en-san-ignacio\/#article","isPartOf":{"@id":"https:\/\/fuentesfidedignas.com.mx\/index.php\/2024\/11\/12\/matan-a-ramon-velazquez-lider-ganadero-de-coyotitan-en-san-ignacio\/"},"author":{"name":"Milenio","@id":"https:\/\/fuentesfidedignas.com.mx\/#\/schema\/person\/47ec0135738f4b0c7495f06a77a2c976"},"headline":"Matan a Ram\u00f3n Vel\u00e1zquez, l\u00edder ganadero de Coyotit\u00e1n, en San Ignacio","datePublished":"2024-11-13T02:26:46+00:00","dateModified":"2024-11-13T02:27:37+00:00","mainEntityOfPage":{"@id":"https:\/\/fuentesfidedignas.com.mx\/index.php\/2024\/11\/12\/matan-a-ramon-velazquez-lider-ganadero-de-coyotitan-en-san-ignacio\/"},"wordCount":501,"commentCount":0,"publisher":{"@id":"https:\/\/fuentesfidedignas.com.mx\/#organization"},"image":{"@id":"https:\/\/fuentesfidedignas.com.mx\/index.php\/2024\/11\/12\/matan-a-ramon-velazquez-lider-ganadero-de-coyotitan-en-san-ignacio\/#primaryimage"},"thumbnailUrl":"https:\/\/fuentesfidedignas.com.mx\/wp-content\/uploads\/2024\/11\/Lideres_ganaderos.jpg","articleSection":["NOTA PRINCIPAL"],"inLanguage":"es","potentialAction":[{"@type":"CommentAction","name":"Comment","target":["https:\/\/fuentesfidedignas.com.mx\/index.php\/2024\/11\/12\/matan-a-ramon-velazquez-lider-ganadero-de-coyotitan-en-san-ignacio\/#respond"]}]},{"@type":"WebPage","@id":"https:\/\/fuentesfidedignas.com.mx\/index.php\/2024\/11\/12\/matan-a-ramon-velazquez-lider-ganadero-de-coyotitan-en-san-ignacio\/","url":"https:\/\/fuentesfidedignas.com.mx\/index.php\/2024\/11\/12\/matan-a-ramon-velazquez-lider-ganadero-de-coyotitan-en-san-ignacio\/","name":"Matan a Ram\u00f3n Vel\u00e1zquez, l\u00edder ganadero de Coyotit\u00e1n, en San Ignacio - Fuentes Fidedignas","isPartOf":{"@id":"https:\/\/fuentesfidedignas.com.mx\/#website"},"primaryImageOfPage":{"@id":"https:\/\/fuentesfidedignas.com.mx\/index.php\/2024\/11\/12\/matan-a-ramon-velazquez-lider-ganadero-de-coyotitan-en-san-ignacio\/#primaryimage"},"image":{"@id":"https:\/\/fuentesfidedignas.com.mx\/index.php\/2024\/11\/12\/matan-a-ramon-velazquez-lider-ganadero-de-coyotitan-en-san-ignacio\/#primaryimage"},"thumbnailUrl":"https:\/\/fuentesfidedignas.com.mx\/wp-content\/uploads\/2024\/11\/Lideres_ganaderos.jpg","datePublished":"2024-11-13T02:26:46+00:00","dateModified":"2024-11-13T02:27:37+00:00","breadcrumb":{"@id":"https:\/\/fuentesfidedignas.com.mx\/index.php\/2024\/11\/12\/matan-a-ramon-velazquez-lider-ganadero-de-coyotitan-en-san-ignacio\/#breadcrumb"},"inLanguage":"es","potentialAction":[{"@type":"ReadAction","target":["https:\/\/fuentesfidedignas.com.mx\/index.php\/2024\/11\/12\/matan-a-ramon-velazquez-lider-ganadero-de-coyotitan-en-san-ignacio\/"]}]},{"@type":"ImageObject","inLanguage":"es","@id":"https:\/\/fuentesfidedignas.com.mx\/index.php\/2024\/11\/12\/matan-a-ramon-velazquez-lider-ganadero-de-coyotitan-en-san-ignacio\/#primaryimage","url":"https:\/\/fuentesfidedignas.com.mx\/wp-content\/uploads\/2024\/11\/Lideres_ganaderos.jpg","contentUrl":"https:\/\/fuentesfidedignas.com.mx\/wp-content\/uploads\/2024\/11\/Lideres_ganaderos.jpg","width":867,"height":493},{"@type":"BreadcrumbList","@id":"https:\/\/fuentesfidedignas.com.mx\/index.php\/2024\/11\/12\/matan-a-ramon-velazquez-lider-ganadero-de-coyotitan-en-san-ignacio\/#breadcrumb","itemListElement":[{"@type":"ListItem","position":1,"name":"Inicio","item":"https:\/\/fuentesfidedignas.com.mx\/"},{"@type":"ListItem","position":2,"name":"Matan a Ram\u00f3n Vel\u00e1zquez, l\u00edder ganadero de Coyotit\u00e1n, en San Ignacio"}]},{"@type":"WebSite","@id":"https:\/\/fuentesfidedignas.com.mx\/#website","url":"https:\/\/fuentesfidedignas.com.mx\/","name":"Fuentes Fidedignas","description":"Otro sitio realizado con WordPress","publisher":{"@id":"https:\/\/fuentesfidedignas.com.mx\/#organization"},"potentialAction":[{"@type":"SearchAction","target":{"@type":"EntryPoint","urlTemplate":"https:\/\/fuentesfidedignas.com.mx\/?s={search_term_string}"},"query-input":{"@type":"PropertyValueSpecification","valueRequired":true,"valueName":"search_term_string"}}],"inLanguage":"es"},{"@type":"Organization","@id":"https:\/\/fuentesfidedignas.com.mx\/#organization","name":"Fuentes Fidedignas","url":"https:\/\/fuentesfidedignas.com.mx\/","logo":{"@type":"ImageObject","inLanguage":"es","@id":"https:\/\/fuentesfidedignas.com.mx\/#\/schema\/logo\/image\/","url":"https:\/\/fuentesfidedignas.com.mx\/wp-content\/uploads\/2021\/04\/logo-retina.png","contentUrl":"https:\/\/fuentesfidedignas.com.mx\/wp-content\/uploads\/2021\/04\/logo-retina.png","width":280,"height":51,"caption":"Fuentes Fidedignas"},"image":{"@id":"https:\/\/fuentesfidedignas.com.mx\/#\/schema\/logo\/image\/"},"sameAs":["https:\/\/www.facebook.com\/Fuentes-Fidedignas-368234489921644","https:\/\/x.com\/fidedignas"]},{"@type":"Person","@id":"https:\/\/fuentesfidedignas.com.mx\/#\/schema\/person\/47ec0135738f4b0c7495f06a77a2c976","name":"Milenio","image":{"@type":"ImageObject","inLanguage":"es","@id":"https:\/\/secure.gravatar.com\/avatar\/acabf7b54753e51c2c76457954577c236b3b764789b19879565769739d1e4a75?s=96&d=mm&r=g","url":"https:\/\/secure.gravatar.com\/avatar\/acabf7b54753e51c2c76457954577c236b3b764789b19879565769739d1e4a75?s=96&d=mm&r=g","contentUrl":"https:\/\/secure.gravatar.com\/avatar\/acabf7b54753e51c2c76457954577c236b3b764789b19879565769739d1e4a75?s=96&d=mm&r=g","caption":"Milenio"},"url":"https:\/\/fuentesfidedignas.com.mx\/index.php\/author\/milenio\/"}]}},"_links":{"self":[{"href":"https:\/\/fuentesfidedignas.com.mx\/index.php\/wp-json\/wp\/v2\/posts\/95328","targetHints":{"allow":["GET"]}}],"collection":[{"href":"https:\/\/fuentesfidedignas.com.mx\/index.php\/wp-json\/wp\/v2\/posts"}],"about":[{"href":"https:\/\/fuentesfidedignas.com.mx\/index.php\/wp-json\/wp\/v2\/types\/post"}],"author":[{"embeddable":true,"href":"https:\/\/fuentesfidedignas.com.mx\/index.php\/wp-json\/wp\/v2\/users\/9"}],"replies":[{"embeddable":true,"href":"https:\/\/fuentesfidedignas.com.mx\/index.php\/wp-json\/wp\/v2\/comments?post=95328"}],"version-history":[{"count":2,"href":"https:\/\/fuentesfidedignas.com.mx\/index.php\/wp-json\/wp\/v2\/posts\/95328\/revisions"}],"predecessor-version":[{"id":95332,"href":"https:\/\/fuentesfidedignas.com.mx\/index.php\/wp-json\/wp\/v2\/posts\/95328\/revisions\/95332"}],"wp:featuredmedia":[{"embeddable":true,"href":"https:\/\/fuentesfidedignas.com.mx\/index.php\/wp-json\/wp\/v2\/media\/95329"}],"wp:attachment":[{"href":"https:\/\/fuentesfidedignas.com.mx\/index.php\/wp-json\/wp\/v2\/media?parent=95328"}],"wp:term":[{"taxonomy":"category","embeddable":true,"href":"https:\/\/fuentesfidedignas.com.mx\/index.php\/wp-json\/wp\/v2\/categories?post=95328"},{"taxonomy":"post_tag","embeddable":true,"href":"https:\/\/fuentesfidedignas.com.mx\/index.php\/wp-json\/wp\/v2\/tags?post=95328"}],"curies":[{"name":"wp","href":"https:\/\/api.w.org\/{rel}","templated":true}]}}