{"id":95313,"date":"2024-11-12T18:27:21","date_gmt":"2024-11-13T01:27:21","guid":{"rendered":"https:\/\/fuentesfidedignas.com.mx\/?p=95313"},"modified":"2024-11-12T19:04:18","modified_gmt":"2024-11-13T02:04:18","slug":"trump-designa-al-magnate-elon-musk-para-dirigir-el-departamento-de-eficiencia-gubernamental","status":"publish","type":"post","link":"https:\/\/fuentesfidedignas.com.mx\/index.php\/2024\/11\/12\/trump-designa-al-magnate-elon-musk-para-dirigir-el-departamento-de-eficiencia-gubernamental\/","title":{"rendered":"Trump designa al magnate Elon Musk para dirigir el Departamento de Eficiencia Gubernamental"},"content":{"rendered":"\n<p><strong><em>El nuevo mandatario conf\u00eda en Musk para que desmantele la burocracia gubernamental.<\/em><\/strong><\/p>\n\n\n\n<p>Tras ganar las elecciones de los Estados Unidos, Donald Trump sigue repartiendo cargos apostando por aliados y perfiles de l\u00ednea dura para los puestos m\u00e1s importantes de su futuro gobierno.<\/p>\n\n\n\n<p>En las \u00faltimas horas, Trump, que regresar\u00e1 a la Casa Blanca, anunci\u00f3 que Elon Musk, el empresario, inversor y magnate estadounidense y due\u00f1o de X, dirigir\u00e1 el departamento de \u201ceficiencia gubernamental\u201d.<\/p>\n\n\n\n<p>\u201cJuntos, estos dos maravillosos estadounidenses allanar\u00e1n el camino para que mi administraci\u00f3n desmantele la burocracia gubernamental, reduzca dr\u00e1sticamente el exceso de regulaciones, recorte los gastos superfluos y reestructure las agencias federales\u201d, afirm\u00f3 Trump en un comunicado.<\/p>\n\n\n\n<p>El presidente electo de Estados Unidos, Donald Trump, cumpli\u00f3 este martes su promesa de poner al hombre m\u00e1s rico del mundo, Elon Musk, a la cabeza de un departamento que defini\u00f3 como el encargado de la \u201ceficiencia gubernamental\u201d.<\/p>\n\n\n\n<figure class=\"wp-block-image size-large\"><img decoding=\"async\" width=\"313\" height=\"1024\" src=\"https:\/\/fuentesfidedignas.com.mx\/wp-content\/uploads\/2024\/11\/image-1-6-313x1024.jpg\" alt=\"\" class=\"wp-image-95314\" srcset=\"https:\/\/fuentesfidedignas.com.mx\/wp-content\/uploads\/2024\/11\/image-1-6-313x1024.jpg 313w, https:\/\/fuentesfidedignas.com.mx\/wp-content\/uploads\/2024\/11\/image-1-6-92x300.jpg 92w, https:\/\/fuentesfidedignas.com.mx\/wp-content\/uploads\/2024\/11\/image-1-6-470x1536.jpg 470w, https:\/\/fuentesfidedignas.com.mx\/wp-content\/uploads\/2024\/11\/image-1-6-128x420.jpg 128w, https:\/\/fuentesfidedignas.com.mx\/wp-content\/uploads\/2024\/11\/image-1-6-257x840.jpg 257w, https:\/\/fuentesfidedignas.com.mx\/wp-content\/uploads\/2024\/11\/image-1-6-300x981.jpg 300w, https:\/\/fuentesfidedignas.com.mx\/wp-content\/uploads\/2024\/11\/image-1-6.jpg 587w\" sizes=\"(max-width: 313px) 100vw, 313px\" \/><\/figure>\n\n\n\n<p>El anuncio por Donald Trump fue respondido por el mismo Elon Musk, quien asegur\u00f3 en su cuenta de X. \u201c\u00bfAmenaza a la democracia? \u00a1\u00a1\u00a1No, amenaza a la BUROCRACIA!\u201d.<\/p>\n\n\n\n<blockquote class=\"twitter-tweet\"><p lang=\"en\" dir=\"ltr\">Threat to democracy? <br><br>Nope, threat to BUREAUCRACY!!!<\/p>&mdash; Elon Musk (@elonmusk) <a href=\"https:\/\/twitter.com\/elonmusk\/status\/1856505561501561307?ref_src=twsrc%5Etfw\">November 13, 2024<\/a><\/blockquote> <script async src=\"https:\/\/platform.twitter.com\/widgets.js\" charset=\"utf-8\"><\/script>\n\n\n\n<p>En las \u00faltimas horas, se sucedieron los anuncios: el congresista republicano Mike Waltz, exoficial de las fuerzas especiales, ser\u00e1 asesor de Seguridad Nacional de la Casa Blanca.<\/p>\n\n\n\n<p>El republicano lo describi\u00f3 como \u201cun experto en las amenazas que plantean China, Rusia, Ir\u00e1n y el terrorismo global\u201d.<\/p>\n\n\n\n<p>En 2023, Waltz copresent\u00f3 un proyecto de ley que ped\u00eda autorizar el uso del ej\u00e9rcito contra los c\u00e1rteles de droga mexicanos, a los que acusa del tr\u00e1fico de fentanilo, un opi\u00e1ceo sint\u00e9tico que causa estragos en Estados Unidos.<\/p>\n\n\n\n<p>Tambi\u00e9n se confirm\u00f3 que la gobernadora Kristi Noem, una leal escudera, dirigir\u00e1 el departamento de Seguridad Interior.<\/p>\n\n\n\n<p>Este puesto es clave porque se encarga de identificar y desarticular las amenazas a la seguridad, de la protecci\u00f3n de las aduanas y las fronteras, de la gesti\u00f3n de la migraci\u00f3n y de la respuesta a los desastres naturales. Actualmente, lo desempe\u00f1a Alejandro Mayorkas.<\/p>\n\n\n\n<p>La gobernadora de Dakota del Sur fue considerada durante un tiempo como una posible candidata a vicepresidenta, pero sus posibilidades se desplomaron cuando afirm\u00f3 haber matado de un disparo a su perra porque era \u201cindomable\u201d.<\/p>\n\n\n\n<p>Trabajar\u00e1 codo con codo con Tom Homan, el nuevo \u201czar\u201d de la frontera, cuya misi\u00f3n consistir\u00e1 en llevar a cabo la mayor deportaci\u00f3n de migrantes en situaci\u00f3n irregular en la historia de Estados Unidos.<\/p>\n\n\n\n<p>El martes por la noche, Trump tambi\u00e9n nomin\u00f3 secretario de Defensa a Pete Hegseth, exmayor del ej\u00e9rcito estadounidense y actual presentador de Fox News, la cadena favorita de los conservadores en Estados Unidos. Y a John Ratcliffe, quien fue director de Inteligencia Nacional en su primer mandato, como jefe de la CIA.<\/p>\n\n\n\n<p>Seg\u00fan la prensa estadounidense, Trump optar\u00e1 por el influyente senador latino Marco Rubio para el cargo de jefe de la diplomacia.<\/p>\n\n\n\n<p>Partidario de una l\u00ednea muy dura frente a China e Ir\u00e1n, este senador de 53 a\u00f1os copresid\u00eda hasta ahora la Comisi\u00f3n de Inteligencia en el Senado.<\/p>\n\n\n\n<p>Entre Donald Trump y Marco Rubio no siempre ha habido buena sinton\u00eda.<\/p>\n\n\n\n<p>El estadounidense de origen cubano se enfrent\u00f3 al magnate inmobiliario en las primarias republicanas de 2016 y durante la campa\u00f1a se burl\u00f3 abiertamente del tama\u00f1o de las manos y el tono de piel de Trump.<\/p>\n\n\n\n<p><strong>Trump viajar\u00e1 a Washington para reunirse con Biden<\/strong><br>Trump estar\u00e1 en Washington el mi\u00e9rcoles para reunirse con Biden -su sucesor y futuro predecesor-, quien prometi\u00f3 un traspaso \u201cpac\u00edfico y ordenado\u201d del poder tras la derrota electoral de la vicepresidenta Kamala Harris.<\/p>\n\n\n\n<p>El magnate de 78 a\u00f1os, que prestar\u00e1 juramento el 20 de enero, tambi\u00e9n se reunir\u00e1 con congresistas republicanos.<\/p>\n\n\n\n<p>El 47\u00ba presidente de Estados Unidos gozar\u00e1, seg\u00fan toda probabilidad, de plenos poderes en Washington, puesto que su partido ha ganado la mayor\u00eda en el Senado y deber\u00eda conservar el control de la C\u00e1mara de Representantes, seg\u00fan un recuento electoral a\u00fan en curso.<\/p>\n","protected":false},"excerpt":{"rendered":"<p>El nuevo mandatario conf\u00eda en Musk para que desmantele la burocracia gubernamental. Tras ganar las elecciones de los Estados Unidos, Donald Trump sigue repartiendo cargos apostando por aliados y perfiles de l\u00ednea dura para los puestos m\u00e1s importantes de su futuro gobierno. En las \u00faltimas horas, Trump, que regresar\u00e1 a la Casa Blanca, anunci\u00f3 que [&hellip;]<\/p>\n","protected":false},"author":129,"featured_media":5078,"comment_status":"open","ping_status":"open","sticky":false,"template":"","format":"standard","meta":{"tdm_status":"","tdm_grid_status":"","footnotes":""},"categories":[39],"tags":[],"class_list":{"0":"post-95313","1":"post","2":"type-post","3":"status-publish","4":"format-standard","5":"has-post-thumbnail","7":"category-noticias-nacionales"},"yoast_head":"<!-- This site is optimized with the Yoast SEO plugin v27.5 - https:\/\/yoast.com\/product\/yoast-seo-wordpress\/ -->\n<title>Trump designa al magnate Elon Musk para dirigir el Departamento de Eficiencia Gubernamental - Fuentes Fidedignas<\/title>\n<meta name=\"robots\" content=\"index, follow, max-snippet:-1, max-image-preview:large, max-video-preview:-1\" \/>\n<link rel=\"canonical\" href=\"https:\/\/fuentesfidedignas.com.mx\/index.php\/2024\/11\/12\/trump-designa-al-magnate-elon-musk-para-dirigir-el-departamento-de-eficiencia-gubernamental\/\" \/>\n<meta property=\"og:locale\" content=\"es_MX\" \/>\n<meta property=\"og:type\" content=\"article\" \/>\n<meta property=\"og:title\" content=\"Trump designa al magnate Elon Musk para dirigir el Departamento de Eficiencia Gubernamental - Fuentes Fidedignas\" \/>\n<meta property=\"og:description\" content=\"El nuevo mandatario conf\u00eda en Musk para que desmantele la burocracia gubernamental. Tras ganar las elecciones de los Estados Unidos, Donald Trump sigue repartiendo cargos apostando por aliados y perfiles de l\u00ednea dura para los puestos m\u00e1s importantes de su futuro gobierno. En las \u00faltimas horas, Trump, que regresar\u00e1 a la Casa Blanca, anunci\u00f3 que [&hellip;]\" \/>\n<meta property=\"og:url\" content=\"https:\/\/fuentesfidedignas.com.mx\/index.php\/2024\/11\/12\/trump-designa-al-magnate-elon-musk-para-dirigir-el-departamento-de-eficiencia-gubernamental\/\" \/>\n<meta property=\"og:site_name\" content=\"Fuentes Fidedignas\" \/>\n<meta property=\"article:publisher\" content=\"https:\/\/www.facebook.com\/Fuentes-Fidedignas-368234489921644\" \/>\n<meta property=\"article:published_time\" content=\"2024-11-13T01:27:21+00:00\" \/>\n<meta property=\"article:modified_time\" content=\"2024-11-13T02:04:18+00:00\" \/>\n<meta property=\"og:image\" content=\"https:\/\/fuentesfidedignas.com.mx\/wp-content\/uploads\/2021\/06\/TRUMP_001.jpg\" \/>\n\t<meta property=\"og:image:width\" content=\"640\" \/>\n\t<meta property=\"og:image:height\" content=\"360\" \/>\n\t<meta property=\"og:image:type\" content=\"image\/jpeg\" \/>\n<meta name=\"author\" content=\"Semana\" \/>\n<meta name=\"twitter:card\" content=\"summary_large_image\" \/>\n<meta name=\"twitter:creator\" content=\"@fidedignas\" \/>\n<meta name=\"twitter:site\" content=\"@fidedignas\" \/>\n<meta name=\"twitter:label1\" content=\"Escrito por\" \/>\n\t<meta name=\"twitter:data1\" content=\"Semana\" \/>\n\t<meta name=\"twitter:label2\" content=\"Tiempo de lectura\" \/>\n\t<meta name=\"twitter:data2\" content=\"4 minutos\" \/>\n<script type=\"application\/ld+json\" class=\"yoast-schema-graph\">{\"@context\":\"https:\\\/\\\/schema.org\",\"@graph\":[{\"@type\":\"Article\",\"@id\":\"https:\\\/\\\/fuentesfidedignas.com.mx\\\/index.php\\\/2024\\\/11\\\/12\\\/trump-designa-al-magnate-elon-musk-para-dirigir-el-departamento-de-eficiencia-gubernamental\\\/#article\",\"isPartOf\":{\"@id\":\"https:\\\/\\\/fuentesfidedignas.com.mx\\\/index.php\\\/2024\\\/11\\\/12\\\/trump-designa-al-magnate-elon-musk-para-dirigir-el-departamento-de-eficiencia-gubernamental\\\/\"},\"author\":{\"name\":\"Semana\",\"@id\":\"https:\\\/\\\/fuentesfidedignas.com.mx\\\/#\\\/schema\\\/person\\\/16618291cb83247cd6224727f3dc6608\"},\"headline\":\"Trump designa al magnate Elon Musk para dirigir el Departamento de Eficiencia Gubernamental\",\"datePublished\":\"2024-11-13T01:27:21+00:00\",\"dateModified\":\"2024-11-13T02:04:18+00:00\",\"mainEntityOfPage\":{\"@id\":\"https:\\\/\\\/fuentesfidedignas.com.mx\\\/index.php\\\/2024\\\/11\\\/12\\\/trump-designa-al-magnate-elon-musk-para-dirigir-el-departamento-de-eficiencia-gubernamental\\\/\"},\"wordCount\":700,\"commentCount\":0,\"publisher\":{\"@id\":\"https:\\\/\\\/fuentesfidedignas.com.mx\\\/#organization\"},\"image\":{\"@id\":\"https:\\\/\\\/fuentesfidedignas.com.mx\\\/index.php\\\/2024\\\/11\\\/12\\\/trump-designa-al-magnate-elon-musk-para-dirigir-el-departamento-de-eficiencia-gubernamental\\\/#primaryimage\"},\"thumbnailUrl\":\"https:\\\/\\\/fuentesfidedignas.com.mx\\\/wp-content\\\/uploads\\\/2021\\\/06\\\/TRUMP_001.jpg\",\"articleSection\":[\"NOTICIAS NACIONALES\"],\"inLanguage\":\"es\",\"potentialAction\":[{\"@type\":\"CommentAction\",\"name\":\"Comment\",\"target\":[\"https:\\\/\\\/fuentesfidedignas.com.mx\\\/index.php\\\/2024\\\/11\\\/12\\\/trump-designa-al-magnate-elon-musk-para-dirigir-el-departamento-de-eficiencia-gubernamental\\\/#respond\"]}]},{\"@type\":\"WebPage\",\"@id\":\"https:\\\/\\\/fuentesfidedignas.com.mx\\\/index.php\\\/2024\\\/11\\\/12\\\/trump-designa-al-magnate-elon-musk-para-dirigir-el-departamento-de-eficiencia-gubernamental\\\/\",\"url\":\"https:\\\/\\\/fuentesfidedignas.com.mx\\\/index.php\\\/2024\\\/11\\\/12\\\/trump-designa-al-magnate-elon-musk-para-dirigir-el-departamento-de-eficiencia-gubernamental\\\/\",\"name\":\"Trump designa al magnate Elon Musk para dirigir el Departamento de Eficiencia Gubernamental - Fuentes Fidedignas\",\"isPartOf\":{\"@id\":\"https:\\\/\\\/fuentesfidedignas.com.mx\\\/#website\"},\"primaryImageOfPage\":{\"@id\":\"https:\\\/\\\/fuentesfidedignas.com.mx\\\/index.php\\\/2024\\\/11\\\/12\\\/trump-designa-al-magnate-elon-musk-para-dirigir-el-departamento-de-eficiencia-gubernamental\\\/#primaryimage\"},\"image\":{\"@id\":\"https:\\\/\\\/fuentesfidedignas.com.mx\\\/index.php\\\/2024\\\/11\\\/12\\\/trump-designa-al-magnate-elon-musk-para-dirigir-el-departamento-de-eficiencia-gubernamental\\\/#primaryimage\"},\"thumbnailUrl\":\"https:\\\/\\\/fuentesfidedignas.com.mx\\\/wp-content\\\/uploads\\\/2021\\\/06\\\/TRUMP_001.jpg\",\"datePublished\":\"2024-11-13T01:27:21+00:00\",\"dateModified\":\"2024-11-13T02:04:18+00:00\",\"breadcrumb\":{\"@id\":\"https:\\\/\\\/fuentesfidedignas.com.mx\\\/index.php\\\/2024\\\/11\\\/12\\\/trump-designa-al-magnate-elon-musk-para-dirigir-el-departamento-de-eficiencia-gubernamental\\\/#breadcrumb\"},\"inLanguage\":\"es\",\"potentialAction\":[{\"@type\":\"ReadAction\",\"target\":[\"https:\\\/\\\/fuentesfidedignas.com.mx\\\/index.php\\\/2024\\\/11\\\/12\\\/trump-designa-al-magnate-elon-musk-para-dirigir-el-departamento-de-eficiencia-gubernamental\\\/\"]}]},{\"@type\":\"ImageObject\",\"inLanguage\":\"es\",\"@id\":\"https:\\\/\\\/fuentesfidedignas.com.mx\\\/index.php\\\/2024\\\/11\\\/12\\\/trump-designa-al-magnate-elon-musk-para-dirigir-el-departamento-de-eficiencia-gubernamental\\\/#primaryimage\",\"url\":\"https:\\\/\\\/fuentesfidedignas.com.mx\\\/wp-content\\\/uploads\\\/2021\\\/06\\\/TRUMP_001.jpg\",\"contentUrl\":\"https:\\\/\\\/fuentesfidedignas.com.mx\\\/wp-content\\\/uploads\\\/2021\\\/06\\\/TRUMP_001.jpg\",\"width\":640,\"height\":360},{\"@type\":\"BreadcrumbList\",\"@id\":\"https:\\\/\\\/fuentesfidedignas.com.mx\\\/index.php\\\/2024\\\/11\\\/12\\\/trump-designa-al-magnate-elon-musk-para-dirigir-el-departamento-de-eficiencia-gubernamental\\\/#breadcrumb\",\"itemListElement\":[{\"@type\":\"ListItem\",\"position\":1,\"name\":\"Inicio\",\"item\":\"https:\\\/\\\/fuentesfidedignas.com.mx\\\/\"},{\"@type\":\"ListItem\",\"position\":2,\"name\":\"Trump designa al magnate Elon Musk para dirigir el Departamento de Eficiencia Gubernamental\"}]},{\"@type\":\"WebSite\",\"@id\":\"https:\\\/\\\/fuentesfidedignas.com.mx\\\/#website\",\"url\":\"https:\\\/\\\/fuentesfidedignas.com.mx\\\/\",\"name\":\"Fuentes Fidedignas\",\"description\":\"Otro sitio realizado con WordPress\",\"publisher\":{\"@id\":\"https:\\\/\\\/fuentesfidedignas.com.mx\\\/#organization\"},\"potentialAction\":[{\"@type\":\"SearchAction\",\"target\":{\"@type\":\"EntryPoint\",\"urlTemplate\":\"https:\\\/\\\/fuentesfidedignas.com.mx\\\/?s={search_term_string}\"},\"query-input\":{\"@type\":\"PropertyValueSpecification\",\"valueRequired\":true,\"valueName\":\"search_term_string\"}}],\"inLanguage\":\"es\"},{\"@type\":\"Organization\",\"@id\":\"https:\\\/\\\/fuentesfidedignas.com.mx\\\/#organization\",\"name\":\"Fuentes Fidedignas\",\"url\":\"https:\\\/\\\/fuentesfidedignas.com.mx\\\/\",\"logo\":{\"@type\":\"ImageObject\",\"inLanguage\":\"es\",\"@id\":\"https:\\\/\\\/fuentesfidedignas.com.mx\\\/#\\\/schema\\\/logo\\\/image\\\/\",\"url\":\"https:\\\/\\\/fuentesfidedignas.com.mx\\\/wp-content\\\/uploads\\\/2021\\\/04\\\/logo-retina.png\",\"contentUrl\":\"https:\\\/\\\/fuentesfidedignas.com.mx\\\/wp-content\\\/uploads\\\/2021\\\/04\\\/logo-retina.png\",\"width\":280,\"height\":51,\"caption\":\"Fuentes Fidedignas\"},\"image\":{\"@id\":\"https:\\\/\\\/fuentesfidedignas.com.mx\\\/#\\\/schema\\\/logo\\\/image\\\/\"},\"sameAs\":[\"https:\\\/\\\/www.facebook.com\\\/Fuentes-Fidedignas-368234489921644\",\"https:\\\/\\\/x.com\\\/fidedignas\"]},{\"@type\":\"Person\",\"@id\":\"https:\\\/\\\/fuentesfidedignas.com.mx\\\/#\\\/schema\\\/person\\\/16618291cb83247cd6224727f3dc6608\",\"name\":\"Semana\",\"image\":{\"@type\":\"ImageObject\",\"inLanguage\":\"es\",\"@id\":\"https:\\\/\\\/secure.gravatar.com\\\/avatar\\\/3ad77112a608d9bd61b2c481d0e411366793553420c550118bab360b5e4245d7?s=96&d=mm&r=g\",\"url\":\"https:\\\/\\\/secure.gravatar.com\\\/avatar\\\/3ad77112a608d9bd61b2c481d0e411366793553420c550118bab360b5e4245d7?s=96&d=mm&r=g\",\"contentUrl\":\"https:\\\/\\\/secure.gravatar.com\\\/avatar\\\/3ad77112a608d9bd61b2c481d0e411366793553420c550118bab360b5e4245d7?s=96&d=mm&r=g\",\"caption\":\"Semana\"},\"url\":\"https:\\\/\\\/fuentesfidedignas.com.mx\\\/index.php\\\/author\\\/semana\\\/\"}]}<\/script>\n<!-- \/ Yoast SEO plugin. -->","yoast_head_json":{"title":"Trump designa al magnate Elon Musk para dirigir el Departamento de Eficiencia Gubernamental - Fuentes Fidedignas","robots":{"index":"index","follow":"follow","max-snippet":"max-snippet:-1","max-image-preview":"max-image-preview:large","max-video-preview":"max-video-preview:-1"},"canonical":"https:\/\/fuentesfidedignas.com.mx\/index.php\/2024\/11\/12\/trump-designa-al-magnate-elon-musk-para-dirigir-el-departamento-de-eficiencia-gubernamental\/","og_locale":"es_MX","og_type":"article","og_title":"Trump designa al magnate Elon Musk para dirigir el Departamento de Eficiencia Gubernamental - Fuentes Fidedignas","og_description":"El nuevo mandatario conf\u00eda en Musk para que desmantele la burocracia gubernamental. Tras ganar las elecciones de los Estados Unidos, Donald Trump sigue repartiendo cargos apostando por aliados y perfiles de l\u00ednea dura para los puestos m\u00e1s importantes de su futuro gobierno. En las \u00faltimas horas, Trump, que regresar\u00e1 a la Casa Blanca, anunci\u00f3 que [&hellip;]","og_url":"https:\/\/fuentesfidedignas.com.mx\/index.php\/2024\/11\/12\/trump-designa-al-magnate-elon-musk-para-dirigir-el-departamento-de-eficiencia-gubernamental\/","og_site_name":"Fuentes Fidedignas","article_publisher":"https:\/\/www.facebook.com\/Fuentes-Fidedignas-368234489921644","article_published_time":"2024-11-13T01:27:21+00:00","article_modified_time":"2024-11-13T02:04:18+00:00","og_image":[{"width":640,"height":360,"url":"https:\/\/fuentesfidedignas.com.mx\/wp-content\/uploads\/2021\/06\/TRUMP_001.jpg","type":"image\/jpeg"}],"author":"Semana","twitter_card":"summary_large_image","twitter_creator":"@fidedignas","twitter_site":"@fidedignas","twitter_misc":{"Escrito por":"Semana","Tiempo de lectura":"4 minutos"},"schema":{"@context":"https:\/\/schema.org","@graph":[{"@type":"Article","@id":"https:\/\/fuentesfidedignas.com.mx\/index.php\/2024\/11\/12\/trump-designa-al-magnate-elon-musk-para-dirigir-el-departamento-de-eficiencia-gubernamental\/#article","isPartOf":{"@id":"https:\/\/fuentesfidedignas.com.mx\/index.php\/2024\/11\/12\/trump-designa-al-magnate-elon-musk-para-dirigir-el-departamento-de-eficiencia-gubernamental\/"},"author":{"name":"Semana","@id":"https:\/\/fuentesfidedignas.com.mx\/#\/schema\/person\/16618291cb83247cd6224727f3dc6608"},"headline":"Trump designa al magnate Elon Musk para dirigir el Departamento de Eficiencia Gubernamental","datePublished":"2024-11-13T01:27:21+00:00","dateModified":"2024-11-13T02:04:18+00:00","mainEntityOfPage":{"@id":"https:\/\/fuentesfidedignas.com.mx\/index.php\/2024\/11\/12\/trump-designa-al-magnate-elon-musk-para-dirigir-el-departamento-de-eficiencia-gubernamental\/"},"wordCount":700,"commentCount":0,"publisher":{"@id":"https:\/\/fuentesfidedignas.com.mx\/#organization"},"image":{"@id":"https:\/\/fuentesfidedignas.com.mx\/index.php\/2024\/11\/12\/trump-designa-al-magnate-elon-musk-para-dirigir-el-departamento-de-eficiencia-gubernamental\/#primaryimage"},"thumbnailUrl":"https:\/\/fuentesfidedignas.com.mx\/wp-content\/uploads\/2021\/06\/TRUMP_001.jpg","articleSection":["NOTICIAS NACIONALES"],"inLanguage":"es","potentialAction":[{"@type":"CommentAction","name":"Comment","target":["https:\/\/fuentesfidedignas.com.mx\/index.php\/2024\/11\/12\/trump-designa-al-magnate-elon-musk-para-dirigir-el-departamento-de-eficiencia-gubernamental\/#respond"]}]},{"@type":"WebPage","@id":"https:\/\/fuentesfidedignas.com.mx\/index.php\/2024\/11\/12\/trump-designa-al-magnate-elon-musk-para-dirigir-el-departamento-de-eficiencia-gubernamental\/","url":"https:\/\/fuentesfidedignas.com.mx\/index.php\/2024\/11\/12\/trump-designa-al-magnate-elon-musk-para-dirigir-el-departamento-de-eficiencia-gubernamental\/","name":"Trump designa al magnate Elon Musk para dirigir el Departamento de Eficiencia Gubernamental - Fuentes Fidedignas","isPartOf":{"@id":"https:\/\/fuentesfidedignas.com.mx\/#website"},"primaryImageOfPage":{"@id":"https:\/\/fuentesfidedignas.com.mx\/index.php\/2024\/11\/12\/trump-designa-al-magnate-elon-musk-para-dirigir-el-departamento-de-eficiencia-gubernamental\/#primaryimage"},"image":{"@id":"https:\/\/fuentesfidedignas.com.mx\/index.php\/2024\/11\/12\/trump-designa-al-magnate-elon-musk-para-dirigir-el-departamento-de-eficiencia-gubernamental\/#primaryimage"},"thumbnailUrl":"https:\/\/fuentesfidedignas.com.mx\/wp-content\/uploads\/2021\/06\/TRUMP_001.jpg","datePublished":"2024-11-13T01:27:21+00:00","dateModified":"2024-11-13T02:04:18+00:00","breadcrumb":{"@id":"https:\/\/fuentesfidedignas.com.mx\/index.php\/2024\/11\/12\/trump-designa-al-magnate-elon-musk-para-dirigir-el-departamento-de-eficiencia-gubernamental\/#breadcrumb"},"inLanguage":"es","potentialAction":[{"@type":"ReadAction","target":["https:\/\/fuentesfidedignas.com.mx\/index.php\/2024\/11\/12\/trump-designa-al-magnate-elon-musk-para-dirigir-el-departamento-de-eficiencia-gubernamental\/"]}]},{"@type":"ImageObject","inLanguage":"es","@id":"https:\/\/fuentesfidedignas.com.mx\/index.php\/2024\/11\/12\/trump-designa-al-magnate-elon-musk-para-dirigir-el-departamento-de-eficiencia-gubernamental\/#primaryimage","url":"https:\/\/fuentesfidedignas.com.mx\/wp-content\/uploads\/2021\/06\/TRUMP_001.jpg","contentUrl":"https:\/\/fuentesfidedignas.com.mx\/wp-content\/uploads\/2021\/06\/TRUMP_001.jpg","width":640,"height":360},{"@type":"BreadcrumbList","@id":"https:\/\/fuentesfidedignas.com.mx\/index.php\/2024\/11\/12\/trump-designa-al-magnate-elon-musk-para-dirigir-el-departamento-de-eficiencia-gubernamental\/#breadcrumb","itemListElement":[{"@type":"ListItem","position":1,"name":"Inicio","item":"https:\/\/fuentesfidedignas.com.mx\/"},{"@type":"ListItem","position":2,"name":"Trump designa al magnate Elon Musk para dirigir el Departamento de Eficiencia Gubernamental"}]},{"@type":"WebSite","@id":"https:\/\/fuentesfidedignas.com.mx\/#website","url":"https:\/\/fuentesfidedignas.com.mx\/","name":"Fuentes Fidedignas","description":"Otro sitio realizado con WordPress","publisher":{"@id":"https:\/\/fuentesfidedignas.com.mx\/#organization"},"potentialAction":[{"@type":"SearchAction","target":{"@type":"EntryPoint","urlTemplate":"https:\/\/fuentesfidedignas.com.mx\/?s={search_term_string}"},"query-input":{"@type":"PropertyValueSpecification","valueRequired":true,"valueName":"search_term_string"}}],"inLanguage":"es"},{"@type":"Organization","@id":"https:\/\/fuentesfidedignas.com.mx\/#organization","name":"Fuentes Fidedignas","url":"https:\/\/fuentesfidedignas.com.mx\/","logo":{"@type":"ImageObject","inLanguage":"es","@id":"https:\/\/fuentesfidedignas.com.mx\/#\/schema\/logo\/image\/","url":"https:\/\/fuentesfidedignas.com.mx\/wp-content\/uploads\/2021\/04\/logo-retina.png","contentUrl":"https:\/\/fuentesfidedignas.com.mx\/wp-content\/uploads\/2021\/04\/logo-retina.png","width":280,"height":51,"caption":"Fuentes Fidedignas"},"image":{"@id":"https:\/\/fuentesfidedignas.com.mx\/#\/schema\/logo\/image\/"},"sameAs":["https:\/\/www.facebook.com\/Fuentes-Fidedignas-368234489921644","https:\/\/x.com\/fidedignas"]},{"@type":"Person","@id":"https:\/\/fuentesfidedignas.com.mx\/#\/schema\/person\/16618291cb83247cd6224727f3dc6608","name":"Semana","image":{"@type":"ImageObject","inLanguage":"es","@id":"https:\/\/secure.gravatar.com\/avatar\/3ad77112a608d9bd61b2c481d0e411366793553420c550118bab360b5e4245d7?s=96&d=mm&r=g","url":"https:\/\/secure.gravatar.com\/avatar\/3ad77112a608d9bd61b2c481d0e411366793553420c550118bab360b5e4245d7?s=96&d=mm&r=g","contentUrl":"https:\/\/secure.gravatar.com\/avatar\/3ad77112a608d9bd61b2c481d0e411366793553420c550118bab360b5e4245d7?s=96&d=mm&r=g","caption":"Semana"},"url":"https:\/\/fuentesfidedignas.com.mx\/index.php\/author\/semana\/"}]}},"_links":{"self":[{"href":"https:\/\/fuentesfidedignas.com.mx\/index.php\/wp-json\/wp\/v2\/posts\/95313","targetHints":{"allow":["GET"]}}],"collection":[{"href":"https:\/\/fuentesfidedignas.com.mx\/index.php\/wp-json\/wp\/v2\/posts"}],"about":[{"href":"https:\/\/fuentesfidedignas.com.mx\/index.php\/wp-json\/wp\/v2\/types\/post"}],"author":[{"embeddable":true,"href":"https:\/\/fuentesfidedignas.com.mx\/index.php\/wp-json\/wp\/v2\/users\/129"}],"replies":[{"embeddable":true,"href":"https:\/\/fuentesfidedignas.com.mx\/index.php\/wp-json\/wp\/v2\/comments?post=95313"}],"version-history":[{"count":2,"href":"https:\/\/fuentesfidedignas.com.mx\/index.php\/wp-json\/wp\/v2\/posts\/95313\/revisions"}],"predecessor-version":[{"id":95324,"href":"https:\/\/fuentesfidedignas.com.mx\/index.php\/wp-json\/wp\/v2\/posts\/95313\/revisions\/95324"}],"wp:featuredmedia":[{"embeddable":true,"href":"https:\/\/fuentesfidedignas.com.mx\/index.php\/wp-json\/wp\/v2\/media\/5078"}],"wp:attachment":[{"href":"https:\/\/fuentesfidedignas.com.mx\/index.php\/wp-json\/wp\/v2\/media?parent=95313"}],"wp:term":[{"taxonomy":"category","embeddable":true,"href":"https:\/\/fuentesfidedignas.com.mx\/index.php\/wp-json\/wp\/v2\/categories?post=95313"},{"taxonomy":"post_tag","embeddable":true,"href":"https:\/\/fuentesfidedignas.com.mx\/index.php\/wp-json\/wp\/v2\/tags?post=95313"}],"curies":[{"name":"wp","href":"https:\/\/api.w.org\/{rel}","templated":true}]}}