{"id":952,"date":"2021-05-04T05:13:32","date_gmt":"2021-05-04T12:13:32","guid":{"rendered":"https:\/\/fuentesfidedignas.com.mx\/?p=952"},"modified":"2021-05-04T10:11:28","modified_gmt":"2021-05-04T17:11:28","slug":"transportistas-van-con-mario-zamora-ven-financiera-estatal-como-una-gran-alternativa","status":"publish","type":"post","link":"https:\/\/fuentesfidedignas.com.mx\/index.php\/2021\/05\/04\/transportistas-van-con-mario-zamora-ven-financiera-estatal-como-una-gran-alternativa\/","title":{"rendered":"Transportistas van con Mario Zamora; ven Financiera Estatal como una gran alternativa"},"content":{"rendered":"\n<p><strong><em>El candidato de la alianza \u201cVa por Sinaloa\u201d, dialog\u00f3 con los empresarios del transporte, y les dijo que este sector es clave para la econom\u00eda por lo que tendr\u00e1n a un gobernador aliado<\/em><\/strong><\/p>\n\n\n\n<p>Culiac\u00e1n, Sin.- Al considerar que es la mejor opci\u00f3n para gobernar Sinaloa, transportistas que conforman la Federaci\u00f3n de Autotransportistas del Estado de Sinaloa (FAES) y que agrupa a 20 mil trabajadores del volante, se dijeron listos para apoyar a Mario Zamora Gast\u00e9lum, para llevarlo a la victoria el pr\u00f3ximo 6 de junio.<\/p>\n\n\n\n<p>\u201cYo no tengo ning\u00fan inter\u00e9s de ser gobernador para hacer un mal gobierno\u2026 quiero hacer un gobierno junto con ustedes, el transporte es clave para que le vaya bien a Sinaloa\u201d, subray\u00f3.<\/p>\n\n\n\n<p>Joel Camacho Gonz\u00e1lez, presidente de la Federaci\u00f3n de Autotransportistas del Estado de Sinaloa, expres\u00f3 que Mario Zamora Gast\u00e9lum, representa la mejor oferta pol\u00edtica, pues cuenta con propuestas para sacar adelante a Sinaloa.<\/p>\n\n\n\n<p>\u201cYo le aseguro que si usted se compromete con nosotros, nosotros nos comprometemos con usted a llevarlo hasta la silla de la gubernatura\u201d, dijo.<\/p>\n\n\n\n<p>En ese sentido, afirm\u00f3 que los transportistas respaldan la propuesta de Mario Zamora de crear una Financiera Estatal, pues se\u00f1al\u00f3 que ayudar\u00e1 a reactivar las actividades econ\u00f3micas del estado.<\/p>\n\n\n\n<p>Por otra parte, Miguel Luna Ley, secretario general del Sindicato Nacional de Autotransporte, expres\u00f3 que \u201ccaballo que alcanza gana, y Mario Zamora ya alcanz\u00f3 y rebas\u00f3 y por tanto ganar\u00e1 la gubernatura\u201d.<\/p>\n\n\n\n<p>\u201cNosotros podemos decidir esta elecci\u00f3n, y vamos a hacerlo\u2026 Mario ven\u00eda atrasito en las preferencias, ya alcanz\u00f3, ya rebas\u00f3, y por lo tanto va ganar Mario las pr\u00f3ximas elecciones\u201d, pronostic\u00f3.<\/p>\n\n\n\n<p>En respuesta a los planteamientos de los trabajadores del volante, Mario Zamora Gast\u00e9lum, se comprometi\u00f3 a subsidiar las tarifas de los estudiantes que se trasladan en el transporte urbano, pues actualmente este descuento lo aportan los concesionarios.<\/p>\n\n\n\n<p><strong>PAVIMENTACI\u00d3N Y MEJORAR SERVICIOS P\u00daBLICOS, REITERA MARIO A COLONOS<\/strong><\/p>\n\n\n\n<p>De la mano de vecinos y para responder a las necesidades de sus sectores, Mario Zamora Gast\u00e9lum, se\u00f1al\u00f3 que lleg\u00f3 la hora de las colonias populares de Culiac\u00e1n, donde habr\u00e1 de emprender un plan de pavimentaci\u00f3n y servicios p\u00fablicos.<\/p>\n\n\n\n<p>Ante vecinos del sector Adolfo L\u00f3pez Mateos, el pr\u00f3ximo gobernador del estado mencion\u00f3 que su administraci\u00f3n dar\u00e1 prioridad a una estrategia especial para hacerles justicia social a las familias, que notar\u00e1n la mejora en la calidad de vida en el sector.<\/p>\n\n\n\n<p>\u201cVa a haber un gobierno cercano, que no vino a tirar rollo. Vino a trabajar con ustedes. A Culiac\u00e1n, a Culiac\u00e1n y sus colonias les va a ir muy bien. Lleg\u00f3 la hora de las colonias. Lleg\u00f3 la hora con Mario Zamora\u201d.<\/p>\n\n\n\n<p>El candidato de la alianza Va por Sinaloa indic\u00f3 que gobernar\u00e1 junto a la gente de las zonas populares, donde hist\u00f3ricamente se marcan la desigualdad y la falta de servicios p\u00fablicos.<\/p>\n\n\n\n<p>En su participaci\u00f3n, el presidente del organismo Todos Somos Culiac\u00e1n, Eduardo Barrantes, reiter\u00f3 que Mario Zamora es el mejor candidato que enfocar\u00e1 esfuerzos hacia las zonas con m\u00e1s necesidades.<\/p>\n\n\n\n<p>Por su parte, Jes\u00fas Vald\u00e9s Palazuelos, coordinador de la campa\u00f1a de Mario Zamora, indic\u00f3 que el proyecto de pavimentaci\u00f3n que encabezar\u00e1 Mario Zamora ser\u00e1 el m\u00e1s ambicioso, porque este tipo de obras han dejado de llevarse a cabo en la capital del estado.<\/p>\n","protected":false},"excerpt":{"rendered":"<p>El candidato de la alianza \u201cVa por Sinaloa\u201d, dialog\u00f3 con los empresarios del transporte, y les dijo que este sector es clave para la econom\u00eda por lo que tendr\u00e1n a un gobernador aliado Culiac\u00e1n, Sin.- Al considerar que es la mejor opci\u00f3n para gobernar Sinaloa, transportistas que conforman la Federaci\u00f3n de Autotransportistas del Estado de [&hellip;]<\/p>\n","protected":false},"author":4,"featured_media":0,"comment_status":"open","ping_status":"open","sticky":false,"template":"","format":"standard","meta":{"tdm_status":"","tdm_grid_status":"","footnotes":""},"categories":[38],"tags":[],"class_list":{"0":"post-952","1":"post","2":"type-post","3":"status-publish","4":"format-standard","6":"category-noticias-locales"},"yoast_head":"<!-- This site is optimized with the Yoast SEO plugin v27.5 - https:\/\/yoast.com\/product\/yoast-seo-wordpress\/ -->\n<title>Transportistas van con Mario Zamora; ven Financiera Estatal como una gran alternativa - Fuentes Fidedignas<\/title>\n<meta name=\"robots\" content=\"index, follow, max-snippet:-1, max-image-preview:large, max-video-preview:-1\" \/>\n<link rel=\"canonical\" href=\"https:\/\/fuentesfidedignas.com.mx\/index.php\/2021\/05\/04\/transportistas-van-con-mario-zamora-ven-financiera-estatal-como-una-gran-alternativa\/\" \/>\n<meta property=\"og:locale\" content=\"es_MX\" \/>\n<meta property=\"og:type\" content=\"article\" \/>\n<meta property=\"og:title\" content=\"Transportistas van con Mario Zamora; ven Financiera Estatal como una gran alternativa - Fuentes Fidedignas\" \/>\n<meta property=\"og:description\" content=\"El candidato de la alianza \u201cVa por Sinaloa\u201d, dialog\u00f3 con los empresarios del transporte, y les dijo que este sector es clave para la econom\u00eda por lo que tendr\u00e1n a un gobernador aliado Culiac\u00e1n, Sin.- Al considerar que es la mejor opci\u00f3n para gobernar Sinaloa, transportistas que conforman la Federaci\u00f3n de Autotransportistas del Estado de [&hellip;]\" \/>\n<meta property=\"og:url\" content=\"https:\/\/fuentesfidedignas.com.mx\/index.php\/2021\/05\/04\/transportistas-van-con-mario-zamora-ven-financiera-estatal-como-una-gran-alternativa\/\" \/>\n<meta property=\"og:site_name\" content=\"Fuentes Fidedignas\" \/>\n<meta property=\"article:publisher\" content=\"https:\/\/www.facebook.com\/Fuentes-Fidedignas-368234489921644\" \/>\n<meta property=\"article:published_time\" content=\"2021-05-04T12:13:32+00:00\" \/>\n<meta property=\"article:modified_time\" content=\"2021-05-04T17:11:28+00:00\" \/>\n<meta property=\"og:image\" content=\"https:\/\/fuentesfidedignas.com.mx\/wp-content\/uploads\/2021\/05\/WhatsApp-Image-2021-05-03-at-9.19.36-PM.jpeg\" \/>\n\t<meta property=\"og:image:width\" content=\"1024\" \/>\n\t<meta property=\"og:image:height\" content=\"682\" \/>\n\t<meta property=\"og:image:type\" content=\"image\/jpeg\" \/>\n<meta name=\"author\" content=\"Redacci\u00f3n\" \/>\n<meta name=\"twitter:card\" content=\"summary_large_image\" \/>\n<meta name=\"twitter:creator\" content=\"@fidedignas\" \/>\n<meta name=\"twitter:site\" content=\"@fidedignas\" \/>\n<meta name=\"twitter:label1\" content=\"Escrito por\" \/>\n\t<meta name=\"twitter:data1\" content=\"Redacci\u00f3n\" \/>\n\t<meta name=\"twitter:label2\" content=\"Tiempo de lectura\" \/>\n\t<meta name=\"twitter:data2\" content=\"3 minutos\" \/>\n<script type=\"application\/ld+json\" class=\"yoast-schema-graph\">{\"@context\":\"https:\\\/\\\/schema.org\",\"@graph\":[{\"@type\":\"Article\",\"@id\":\"https:\\\/\\\/fuentesfidedignas.com.mx\\\/index.php\\\/2021\\\/05\\\/04\\\/transportistas-van-con-mario-zamora-ven-financiera-estatal-como-una-gran-alternativa\\\/#article\",\"isPartOf\":{\"@id\":\"https:\\\/\\\/fuentesfidedignas.com.mx\\\/index.php\\\/2021\\\/05\\\/04\\\/transportistas-van-con-mario-zamora-ven-financiera-estatal-como-una-gran-alternativa\\\/\"},\"author\":{\"name\":\"Redacci\u00f3n\",\"@id\":\"https:\\\/\\\/fuentesfidedignas.com.mx\\\/#\\\/schema\\\/person\\\/331be9283d37198e2acd5750279085b0\"},\"headline\":\"Transportistas van con Mario Zamora; ven Financiera Estatal como una gran alternativa\",\"datePublished\":\"2021-05-04T12:13:32+00:00\",\"dateModified\":\"2021-05-04T17:11:28+00:00\",\"mainEntityOfPage\":{\"@id\":\"https:\\\/\\\/fuentesfidedignas.com.mx\\\/index.php\\\/2021\\\/05\\\/04\\\/transportistas-van-con-mario-zamora-ven-financiera-estatal-como-una-gran-alternativa\\\/\"},\"wordCount\":588,\"commentCount\":0,\"publisher\":{\"@id\":\"https:\\\/\\\/fuentesfidedignas.com.mx\\\/#organization\"},\"articleSection\":[\"NOTICIAS LOCALES\"],\"inLanguage\":\"es\",\"potentialAction\":[{\"@type\":\"CommentAction\",\"name\":\"Comment\",\"target\":[\"https:\\\/\\\/fuentesfidedignas.com.mx\\\/index.php\\\/2021\\\/05\\\/04\\\/transportistas-van-con-mario-zamora-ven-financiera-estatal-como-una-gran-alternativa\\\/#respond\"]}]},{\"@type\":\"WebPage\",\"@id\":\"https:\\\/\\\/fuentesfidedignas.com.mx\\\/index.php\\\/2021\\\/05\\\/04\\\/transportistas-van-con-mario-zamora-ven-financiera-estatal-como-una-gran-alternativa\\\/\",\"url\":\"https:\\\/\\\/fuentesfidedignas.com.mx\\\/index.php\\\/2021\\\/05\\\/04\\\/transportistas-van-con-mario-zamora-ven-financiera-estatal-como-una-gran-alternativa\\\/\",\"name\":\"Transportistas van con Mario Zamora; ven Financiera Estatal como una gran alternativa - Fuentes Fidedignas\",\"isPartOf\":{\"@id\":\"https:\\\/\\\/fuentesfidedignas.com.mx\\\/#website\"},\"datePublished\":\"2021-05-04T12:13:32+00:00\",\"dateModified\":\"2021-05-04T17:11:28+00:00\",\"breadcrumb\":{\"@id\":\"https:\\\/\\\/fuentesfidedignas.com.mx\\\/index.php\\\/2021\\\/05\\\/04\\\/transportistas-van-con-mario-zamora-ven-financiera-estatal-como-una-gran-alternativa\\\/#breadcrumb\"},\"inLanguage\":\"es\",\"potentialAction\":[{\"@type\":\"ReadAction\",\"target\":[\"https:\\\/\\\/fuentesfidedignas.com.mx\\\/index.php\\\/2021\\\/05\\\/04\\\/transportistas-van-con-mario-zamora-ven-financiera-estatal-como-una-gran-alternativa\\\/\"]}]},{\"@type\":\"BreadcrumbList\",\"@id\":\"https:\\\/\\\/fuentesfidedignas.com.mx\\\/index.php\\\/2021\\\/05\\\/04\\\/transportistas-van-con-mario-zamora-ven-financiera-estatal-como-una-gran-alternativa\\\/#breadcrumb\",\"itemListElement\":[{\"@type\":\"ListItem\",\"position\":1,\"name\":\"Inicio\",\"item\":\"https:\\\/\\\/fuentesfidedignas.com.mx\\\/\"},{\"@type\":\"ListItem\",\"position\":2,\"name\":\"Transportistas van con Mario Zamora; ven Financiera Estatal como una gran alternativa\"}]},{\"@type\":\"WebSite\",\"@id\":\"https:\\\/\\\/fuentesfidedignas.com.mx\\\/#website\",\"url\":\"https:\\\/\\\/fuentesfidedignas.com.mx\\\/\",\"name\":\"Fuentes Fidedignas\",\"description\":\"Otro sitio realizado con WordPress\",\"publisher\":{\"@id\":\"https:\\\/\\\/fuentesfidedignas.com.mx\\\/#organization\"},\"potentialAction\":[{\"@type\":\"SearchAction\",\"target\":{\"@type\":\"EntryPoint\",\"urlTemplate\":\"https:\\\/\\\/fuentesfidedignas.com.mx\\\/?s={search_term_string}\"},\"query-input\":{\"@type\":\"PropertyValueSpecification\",\"valueRequired\":true,\"valueName\":\"search_term_string\"}}],\"inLanguage\":\"es\"},{\"@type\":\"Organization\",\"@id\":\"https:\\\/\\\/fuentesfidedignas.com.mx\\\/#organization\",\"name\":\"Fuentes Fidedignas\",\"url\":\"https:\\\/\\\/fuentesfidedignas.com.mx\\\/\",\"logo\":{\"@type\":\"ImageObject\",\"inLanguage\":\"es\",\"@id\":\"https:\\\/\\\/fuentesfidedignas.com.mx\\\/#\\\/schema\\\/logo\\\/image\\\/\",\"url\":\"https:\\\/\\\/fuentesfidedignas.com.mx\\\/wp-content\\\/uploads\\\/2021\\\/04\\\/logo-retina.png\",\"contentUrl\":\"https:\\\/\\\/fuentesfidedignas.com.mx\\\/wp-content\\\/uploads\\\/2021\\\/04\\\/logo-retina.png\",\"width\":280,\"height\":51,\"caption\":\"Fuentes Fidedignas\"},\"image\":{\"@id\":\"https:\\\/\\\/fuentesfidedignas.com.mx\\\/#\\\/schema\\\/logo\\\/image\\\/\"},\"sameAs\":[\"https:\\\/\\\/www.facebook.com\\\/Fuentes-Fidedignas-368234489921644\",\"https:\\\/\\\/x.com\\\/fidedignas\"]},{\"@type\":\"Person\",\"@id\":\"https:\\\/\\\/fuentesfidedignas.com.mx\\\/#\\\/schema\\\/person\\\/331be9283d37198e2acd5750279085b0\",\"name\":\"Redacci\u00f3n\",\"image\":{\"@type\":\"ImageObject\",\"inLanguage\":\"es\",\"@id\":\"https:\\\/\\\/secure.gravatar.com\\\/avatar\\\/f6d8782c11d12b2d4ad3fbb6931aeab5309937a4d6cd2fc9cfaa28a6396a5aec?s=96&d=mm&r=g\",\"url\":\"https:\\\/\\\/secure.gravatar.com\\\/avatar\\\/f6d8782c11d12b2d4ad3fbb6931aeab5309937a4d6cd2fc9cfaa28a6396a5aec?s=96&d=mm&r=g\",\"contentUrl\":\"https:\\\/\\\/secure.gravatar.com\\\/avatar\\\/f6d8782c11d12b2d4ad3fbb6931aeab5309937a4d6cd2fc9cfaa28a6396a5aec?s=96&d=mm&r=g\",\"caption\":\"Redacci\u00f3n\"},\"url\":\"https:\\\/\\\/fuentesfidedignas.com.mx\\\/index.php\\\/author\\\/redaccion\\\/\"}]}<\/script>\n<!-- \/ Yoast SEO plugin. -->","yoast_head_json":{"title":"Transportistas van con Mario Zamora; ven Financiera Estatal como una gran alternativa - Fuentes Fidedignas","robots":{"index":"index","follow":"follow","max-snippet":"max-snippet:-1","max-image-preview":"max-image-preview:large","max-video-preview":"max-video-preview:-1"},"canonical":"https:\/\/fuentesfidedignas.com.mx\/index.php\/2021\/05\/04\/transportistas-van-con-mario-zamora-ven-financiera-estatal-como-una-gran-alternativa\/","og_locale":"es_MX","og_type":"article","og_title":"Transportistas van con Mario Zamora; ven Financiera Estatal como una gran alternativa - Fuentes Fidedignas","og_description":"El candidato de la alianza \u201cVa por Sinaloa\u201d, dialog\u00f3 con los empresarios del transporte, y les dijo que este sector es clave para la econom\u00eda por lo que tendr\u00e1n a un gobernador aliado Culiac\u00e1n, Sin.- Al considerar que es la mejor opci\u00f3n para gobernar Sinaloa, transportistas que conforman la Federaci\u00f3n de Autotransportistas del Estado de [&hellip;]","og_url":"https:\/\/fuentesfidedignas.com.mx\/index.php\/2021\/05\/04\/transportistas-van-con-mario-zamora-ven-financiera-estatal-como-una-gran-alternativa\/","og_site_name":"Fuentes Fidedignas","article_publisher":"https:\/\/www.facebook.com\/Fuentes-Fidedignas-368234489921644","article_published_time":"2021-05-04T12:13:32+00:00","article_modified_time":"2021-05-04T17:11:28+00:00","og_image":[{"width":1024,"height":682,"url":"https:\/\/fuentesfidedignas.com.mx\/wp-content\/uploads\/2021\/05\/WhatsApp-Image-2021-05-03-at-9.19.36-PM.jpeg","type":"image\/jpeg"}],"author":"Redacci\u00f3n","twitter_card":"summary_large_image","twitter_creator":"@fidedignas","twitter_site":"@fidedignas","twitter_misc":{"Escrito por":"Redacci\u00f3n","Tiempo de lectura":"3 minutos"},"schema":{"@context":"https:\/\/schema.org","@graph":[{"@type":"Article","@id":"https:\/\/fuentesfidedignas.com.mx\/index.php\/2021\/05\/04\/transportistas-van-con-mario-zamora-ven-financiera-estatal-como-una-gran-alternativa\/#article","isPartOf":{"@id":"https:\/\/fuentesfidedignas.com.mx\/index.php\/2021\/05\/04\/transportistas-van-con-mario-zamora-ven-financiera-estatal-como-una-gran-alternativa\/"},"author":{"name":"Redacci\u00f3n","@id":"https:\/\/fuentesfidedignas.com.mx\/#\/schema\/person\/331be9283d37198e2acd5750279085b0"},"headline":"Transportistas van con Mario Zamora; ven Financiera Estatal como una gran alternativa","datePublished":"2021-05-04T12:13:32+00:00","dateModified":"2021-05-04T17:11:28+00:00","mainEntityOfPage":{"@id":"https:\/\/fuentesfidedignas.com.mx\/index.php\/2021\/05\/04\/transportistas-van-con-mario-zamora-ven-financiera-estatal-como-una-gran-alternativa\/"},"wordCount":588,"commentCount":0,"publisher":{"@id":"https:\/\/fuentesfidedignas.com.mx\/#organization"},"articleSection":["NOTICIAS LOCALES"],"inLanguage":"es","potentialAction":[{"@type":"CommentAction","name":"Comment","target":["https:\/\/fuentesfidedignas.com.mx\/index.php\/2021\/05\/04\/transportistas-van-con-mario-zamora-ven-financiera-estatal-como-una-gran-alternativa\/#respond"]}]},{"@type":"WebPage","@id":"https:\/\/fuentesfidedignas.com.mx\/index.php\/2021\/05\/04\/transportistas-van-con-mario-zamora-ven-financiera-estatal-como-una-gran-alternativa\/","url":"https:\/\/fuentesfidedignas.com.mx\/index.php\/2021\/05\/04\/transportistas-van-con-mario-zamora-ven-financiera-estatal-como-una-gran-alternativa\/","name":"Transportistas van con Mario Zamora; ven Financiera Estatal como una gran alternativa - Fuentes Fidedignas","isPartOf":{"@id":"https:\/\/fuentesfidedignas.com.mx\/#website"},"datePublished":"2021-05-04T12:13:32+00:00","dateModified":"2021-05-04T17:11:28+00:00","breadcrumb":{"@id":"https:\/\/fuentesfidedignas.com.mx\/index.php\/2021\/05\/04\/transportistas-van-con-mario-zamora-ven-financiera-estatal-como-una-gran-alternativa\/#breadcrumb"},"inLanguage":"es","potentialAction":[{"@type":"ReadAction","target":["https:\/\/fuentesfidedignas.com.mx\/index.php\/2021\/05\/04\/transportistas-van-con-mario-zamora-ven-financiera-estatal-como-una-gran-alternativa\/"]}]},{"@type":"BreadcrumbList","@id":"https:\/\/fuentesfidedignas.com.mx\/index.php\/2021\/05\/04\/transportistas-van-con-mario-zamora-ven-financiera-estatal-como-una-gran-alternativa\/#breadcrumb","itemListElement":[{"@type":"ListItem","position":1,"name":"Inicio","item":"https:\/\/fuentesfidedignas.com.mx\/"},{"@type":"ListItem","position":2,"name":"Transportistas van con Mario Zamora; ven Financiera Estatal como una gran alternativa"}]},{"@type":"WebSite","@id":"https:\/\/fuentesfidedignas.com.mx\/#website","url":"https:\/\/fuentesfidedignas.com.mx\/","name":"Fuentes Fidedignas","description":"Otro sitio realizado con WordPress","publisher":{"@id":"https:\/\/fuentesfidedignas.com.mx\/#organization"},"potentialAction":[{"@type":"SearchAction","target":{"@type":"EntryPoint","urlTemplate":"https:\/\/fuentesfidedignas.com.mx\/?s={search_term_string}"},"query-input":{"@type":"PropertyValueSpecification","valueRequired":true,"valueName":"search_term_string"}}],"inLanguage":"es"},{"@type":"Organization","@id":"https:\/\/fuentesfidedignas.com.mx\/#organization","name":"Fuentes Fidedignas","url":"https:\/\/fuentesfidedignas.com.mx\/","logo":{"@type":"ImageObject","inLanguage":"es","@id":"https:\/\/fuentesfidedignas.com.mx\/#\/schema\/logo\/image\/","url":"https:\/\/fuentesfidedignas.com.mx\/wp-content\/uploads\/2021\/04\/logo-retina.png","contentUrl":"https:\/\/fuentesfidedignas.com.mx\/wp-content\/uploads\/2021\/04\/logo-retina.png","width":280,"height":51,"caption":"Fuentes Fidedignas"},"image":{"@id":"https:\/\/fuentesfidedignas.com.mx\/#\/schema\/logo\/image\/"},"sameAs":["https:\/\/www.facebook.com\/Fuentes-Fidedignas-368234489921644","https:\/\/x.com\/fidedignas"]},{"@type":"Person","@id":"https:\/\/fuentesfidedignas.com.mx\/#\/schema\/person\/331be9283d37198e2acd5750279085b0","name":"Redacci\u00f3n","image":{"@type":"ImageObject","inLanguage":"es","@id":"https:\/\/secure.gravatar.com\/avatar\/f6d8782c11d12b2d4ad3fbb6931aeab5309937a4d6cd2fc9cfaa28a6396a5aec?s=96&d=mm&r=g","url":"https:\/\/secure.gravatar.com\/avatar\/f6d8782c11d12b2d4ad3fbb6931aeab5309937a4d6cd2fc9cfaa28a6396a5aec?s=96&d=mm&r=g","contentUrl":"https:\/\/secure.gravatar.com\/avatar\/f6d8782c11d12b2d4ad3fbb6931aeab5309937a4d6cd2fc9cfaa28a6396a5aec?s=96&d=mm&r=g","caption":"Redacci\u00f3n"},"url":"https:\/\/fuentesfidedignas.com.mx\/index.php\/author\/redaccion\/"}]}},"_links":{"self":[{"href":"https:\/\/fuentesfidedignas.com.mx\/index.php\/wp-json\/wp\/v2\/posts\/952","targetHints":{"allow":["GET"]}}],"collection":[{"href":"https:\/\/fuentesfidedignas.com.mx\/index.php\/wp-json\/wp\/v2\/posts"}],"about":[{"href":"https:\/\/fuentesfidedignas.com.mx\/index.php\/wp-json\/wp\/v2\/types\/post"}],"author":[{"embeddable":true,"href":"https:\/\/fuentesfidedignas.com.mx\/index.php\/wp-json\/wp\/v2\/users\/4"}],"replies":[{"embeddable":true,"href":"https:\/\/fuentesfidedignas.com.mx\/index.php\/wp-json\/wp\/v2\/comments?post=952"}],"version-history":[{"count":1,"href":"https:\/\/fuentesfidedignas.com.mx\/index.php\/wp-json\/wp\/v2\/posts\/952\/revisions"}],"predecessor-version":[{"id":954,"href":"https:\/\/fuentesfidedignas.com.mx\/index.php\/wp-json\/wp\/v2\/posts\/952\/revisions\/954"}],"wp:attachment":[{"href":"https:\/\/fuentesfidedignas.com.mx\/index.php\/wp-json\/wp\/v2\/media?parent=952"}],"wp:term":[{"taxonomy":"category","embeddable":true,"href":"https:\/\/fuentesfidedignas.com.mx\/index.php\/wp-json\/wp\/v2\/categories?post=952"},{"taxonomy":"post_tag","embeddable":true,"href":"https:\/\/fuentesfidedignas.com.mx\/index.php\/wp-json\/wp\/v2\/tags?post=952"}],"curies":[{"name":"wp","href":"https:\/\/api.w.org\/{rel}","templated":true}]}}