{"id":95113,"date":"2024-11-10T11:35:29","date_gmt":"2024-11-10T18:35:29","guid":{"rendered":"https:\/\/fuentesfidedignas.com.mx\/?p=95113"},"modified":"2024-11-11T12:57:39","modified_gmt":"2024-11-11T19:57:39","slug":"panistas-salen-a-votar-para-elegir-nueva-dirigencia-estatal-y-nacional","status":"publish","type":"post","link":"https:\/\/fuentesfidedignas.com.mx\/index.php\/2024\/11\/10\/panistas-salen-a-votar-para-elegir-nueva-dirigencia-estatal-y-nacional\/","title":{"rendered":"Panistas salen a votar para elegir nueva dirigencia estatal y nacional"},"content":{"rendered":"\n<p>Culiac\u00e1n, Sin.- Este domingo se desarrollan las votaciones para renovar las presidencias del Partido Acci\u00f3n Nacional a nivel estatal y nacional.<\/p>\n\n\n\n<figure class=\"wp-block-image size-large\"><img decoding=\"async\" width=\"1024\" height=\"768\" src=\"https:\/\/fuentesfidedignas.com.mx\/wp-content\/uploads\/2024\/11\/7126e099-e159-4a57-bcbd-b7ccb2839280-1-1024x768.jpg\" class=\"wp-image-95109\" srcset=\"https:\/\/fuentesfidedignas.com.mx\/wp-content\/uploads\/2024\/11\/7126e099-e159-4a57-bcbd-b7ccb2839280-1-1024x768.jpg 1024w, https:\/\/fuentesfidedignas.com.mx\/wp-content\/uploads\/2024\/11\/7126e099-e159-4a57-bcbd-b7ccb2839280-1-300x225.jpg 300w, https:\/\/fuentesfidedignas.com.mx\/wp-content\/uploads\/2024\/11\/7126e099-e159-4a57-bcbd-b7ccb2839280-1-768x576.jpg 768w, https:\/\/fuentesfidedignas.com.mx\/wp-content\/uploads\/2024\/11\/7126e099-e159-4a57-bcbd-b7ccb2839280-1.jpg 1280w\" sizes=\"(max-width: 1024px) 100vw, 1024px\" \/><\/figure>\n\n\n\n<p>La presidenta del PAN en Sinaloa, Roxana Rubio Valdez, acudi\u00f3 a emitir su voto en Culiac\u00e1n e invit\u00f3 a toda la militancia panista a salir a votar con libertad en esta jornada democr\u00e1tica, para elegir a las nuevas dirigencias nacional y estatal.<\/p>\n\n\n\n<p>Los centros de votaci\u00f3n estar\u00e1n abiertos de 8:00 de la ma\u00f1ana a 3:00 de la tarde. Ubica aqu\u00ed tu casilla:<br>https:\/\/accionnacional.mx\/conecen2024\/tu-centro-de-votacion<\/p>\n\n\n\n<figure class=\"wp-block-image size-large\"><img decoding=\"async\" width=\"1024\" height=\"576\" src=\"https:\/\/fuentesfidedignas.com.mx\/wp-content\/uploads\/2024\/11\/img_8738-1-1024x576.jpg\" class=\"wp-image-95111\" srcset=\"https:\/\/fuentesfidedignas.com.mx\/wp-content\/uploads\/2024\/11\/img_8738-1-1024x576.jpg 1024w, https:\/\/fuentesfidedignas.com.mx\/wp-content\/uploads\/2024\/11\/img_8738-1-300x169.jpg 300w, https:\/\/fuentesfidedignas.com.mx\/wp-content\/uploads\/2024\/11\/img_8738-1-768x432.jpg 768w, https:\/\/fuentesfidedignas.com.mx\/wp-content\/uploads\/2024\/11\/img_8738-1-1536x864.jpg 1536w, https:\/\/fuentesfidedignas.com.mx\/wp-content\/uploads\/2024\/11\/img_8738-1.jpg 1920w\" sizes=\"(max-width: 1024px) 100vw, 1024px\" \/><\/figure>\n\n\n\n<p><strong>Estoy muy orgullosa de los panistas que salieron a votar este domingo: Vanessa Vizcarra<\/strong><\/p>\n\n\n\n<p>S\u00e9 que fue una campa\u00f1a at\u00edpica, pero me siento orgullosa de todos los panistas que est\u00e1n saliendo a votar este domingo para elegir a su nuevas dirigencias, tanto a nivel estatal como nacional, afirm\u00f3 Vanessa S\u00e1nchez Vizcarra.<\/p>\n\n\n\n<p>Al emitir su voto en el centro de votaci\u00f3n instalada en la capital sinaloense, S\u00e1nchez Vizcarra se dijo confiada y conforme con todo el trabajo hecho durante las \u00faltimas semanas e hizo un llamado para que la militancia haga valer su derecho al voto.<\/p>\n\n\n\n<p>&#8220;Lo que nos ha dicho la militancia es que quieren una dirigencia con sello panista y quiere que el partido sea de voz firme y clara respecto a lo que est\u00e1 sucediendo y que sea un verdadero contrapeso aqu\u00ed en Sinaloa. Estamos listos para ese momento, quiero ser esa presidenta que fortalezca ese partido desde la instituci\u00f3n y creo que la militancia est\u00e1 haciendo su parte a trav\u00e9s del ejercicio del voto el d\u00eda de hoy&#8221;, se\u00f1al\u00f3 la candidata.<\/p>\n\n\n\n<figure class=\"wp-block-image size-large\"><img decoding=\"async\" width=\"1024\" height=\"1024\" src=\"https:\/\/fuentesfidedignas.com.mx\/wp-content\/uploads\/2024\/11\/bc914747-d990-441d-89de-4e831b39de5b-1-1024x1024.jpg\" class=\"wp-image-95112\" srcset=\"https:\/\/fuentesfidedignas.com.mx\/wp-content\/uploads\/2024\/11\/bc914747-d990-441d-89de-4e831b39de5b-1-1024x1024.jpg 1024w, https:\/\/fuentesfidedignas.com.mx\/wp-content\/uploads\/2024\/11\/bc914747-d990-441d-89de-4e831b39de5b-1-300x300.jpg 300w, https:\/\/fuentesfidedignas.com.mx\/wp-content\/uploads\/2024\/11\/bc914747-d990-441d-89de-4e831b39de5b-1-150x150.jpg 150w, https:\/\/fuentesfidedignas.com.mx\/wp-content\/uploads\/2024\/11\/bc914747-d990-441d-89de-4e831b39de5b-1-768x768.jpg 768w, https:\/\/fuentesfidedignas.com.mx\/wp-content\/uploads\/2024\/11\/bc914747-d990-441d-89de-4e831b39de5b-1-1536x1536.jpg 1536w, https:\/\/fuentesfidedignas.com.mx\/wp-content\/uploads\/2024\/11\/bc914747-d990-441d-89de-4e831b39de5b-1.jpg 1600w\" sizes=\"(max-width: 1024px) 100vw, 1024px\" \/><\/figure>\n\n\n\n<p><strong>Wendy Barajas, emite su voto y afirma que los resultados de favorecer\u00e1n<\/strong><\/p>\n\n\n\n<p>La candidata Wendy Barajas, acudi\u00f3 esta ma\u00f1ana de domingo a las instalaciones del Comit\u00e9 Directivo Municipal, donde acompa\u00f1ada de su familia y amigos panistas, participaron en el proceso de elecci\u00f3n y depositaron su voto en las urnas.<\/p>\n\n\n\n<p>La candidata a la presidencia del PAN, manifest\u00f3 sentirse muy contenta de ver la gran participaci\u00f3n de panistas que se est\u00e1 dando este domingo.<\/p>\n\n\n\n<p>Expres\u00f3 que, est\u00e1 segura de que los resultados de la elecci\u00f3n le favorecer\u00e1n al final del d\u00eda, por lo que estar\u00e1 lista y atenta para continuar trabajando con fuerza y unidad para construir el PAN que todos desean y se merecen.<\/p>\n\n\n\n<p>\u201cMuy contesta y agradecida, estoy segura que los resultados nos ser\u00e1n ser\u00e1n favorables este d\u00eda y as\u00ed seguiremos trabajando, unidos y con fuerza\u201d, dijo.<\/p>\n","protected":false},"excerpt":{"rendered":"<p>Culiac\u00e1n, Sin.- Este domingo se desarrollan las votaciones para renovar las presidencias del Partido Acci\u00f3n Nacional a nivel estatal y nacional. La presidenta del PAN en Sinaloa, Roxana Rubio Valdez, acudi\u00f3 a emitir su voto en Culiac\u00e1n e invit\u00f3 a toda la militancia panista a salir a votar con libertad en esta jornada democr\u00e1tica, para [&hellip;]<\/p>\n","protected":false},"author":11,"featured_media":95110,"comment_status":"closed","ping_status":"open","sticky":false,"template":"","format":"standard","meta":{"tdm_status":"","tdm_grid_status":"","footnotes":""},"categories":[1],"tags":[],"class_list":{"0":"post-95113","1":"post","2":"type-post","3":"status-publish","4":"format-standard","5":"has-post-thumbnail","7":"category-sin-categoria"},"yoast_head":"<!-- This site is optimized with the Yoast SEO plugin v27.5 - https:\/\/yoast.com\/product\/yoast-seo-wordpress\/ -->\n<title>Panistas salen a votar para elegir nueva dirigencia estatal y nacional - Fuentes Fidedignas<\/title>\n<meta name=\"robots\" content=\"index, follow, max-snippet:-1, max-image-preview:large, max-video-preview:-1\" \/>\n<link rel=\"canonical\" href=\"https:\/\/fuentesfidedignas.com.mx\/index.php\/2024\/11\/10\/panistas-salen-a-votar-para-elegir-nueva-dirigencia-estatal-y-nacional\/\" \/>\n<meta property=\"og:locale\" content=\"es_MX\" \/>\n<meta property=\"og:type\" content=\"article\" \/>\n<meta property=\"og:title\" content=\"Panistas salen a votar para elegir nueva dirigencia estatal y nacional - Fuentes Fidedignas\" \/>\n<meta property=\"og:description\" content=\"Culiac\u00e1n, Sin.- Este domingo se desarrollan las votaciones para renovar las presidencias del Partido Acci\u00f3n Nacional a nivel estatal y nacional. La presidenta del PAN en Sinaloa, Roxana Rubio Valdez, acudi\u00f3 a emitir su voto en Culiac\u00e1n e invit\u00f3 a toda la militancia panista a salir a votar con libertad en esta jornada democr\u00e1tica, para [&hellip;]\" \/>\n<meta property=\"og:url\" content=\"https:\/\/fuentesfidedignas.com.mx\/index.php\/2024\/11\/10\/panistas-salen-a-votar-para-elegir-nueva-dirigencia-estatal-y-nacional\/\" \/>\n<meta property=\"og:site_name\" content=\"Fuentes Fidedignas\" \/>\n<meta property=\"article:publisher\" content=\"https:\/\/www.facebook.com\/Fuentes-Fidedignas-368234489921644\" \/>\n<meta property=\"article:published_time\" content=\"2024-11-10T18:35:29+00:00\" \/>\n<meta property=\"article:modified_time\" content=\"2024-11-11T19:57:39+00:00\" \/>\n<meta property=\"og:image\" content=\"https:\/\/fuentesfidedignas.com.mx\/wp-content\/uploads\/2024\/11\/img_8720-1.jpg\" \/>\n\t<meta property=\"og:image:width\" content=\"1920\" \/>\n\t<meta property=\"og:image:height\" content=\"1080\" \/>\n\t<meta property=\"og:image:type\" content=\"image\/jpeg\" \/>\n<meta name=\"author\" content=\"Marissa Palafox\" \/>\n<meta name=\"twitter:card\" content=\"summary_large_image\" \/>\n<meta name=\"twitter:creator\" content=\"@fidedignas\" \/>\n<meta name=\"twitter:site\" content=\"@fidedignas\" \/>\n<meta name=\"twitter:label1\" content=\"Escrito por\" \/>\n\t<meta name=\"twitter:data1\" content=\"Marissa Palafox\" \/>\n\t<meta name=\"twitter:label2\" content=\"Tiempo de lectura\" \/>\n\t<meta name=\"twitter:data2\" content=\"3 minutos\" \/>\n<script type=\"application\/ld+json\" class=\"yoast-schema-graph\">{\"@context\":\"https:\\\/\\\/schema.org\",\"@graph\":[{\"@type\":\"Article\",\"@id\":\"https:\\\/\\\/fuentesfidedignas.com.mx\\\/index.php\\\/2024\\\/11\\\/10\\\/panistas-salen-a-votar-para-elegir-nueva-dirigencia-estatal-y-nacional\\\/#article\",\"isPartOf\":{\"@id\":\"https:\\\/\\\/fuentesfidedignas.com.mx\\\/index.php\\\/2024\\\/11\\\/10\\\/panistas-salen-a-votar-para-elegir-nueva-dirigencia-estatal-y-nacional\\\/\"},\"author\":{\"name\":\"Marissa Palafox\",\"@id\":\"https:\\\/\\\/fuentesfidedignas.com.mx\\\/#\\\/schema\\\/person\\\/2c10028b4a30078c05a056a215342ab9\"},\"headline\":\"Panistas salen a votar para elegir nueva dirigencia estatal y nacional\",\"datePublished\":\"2024-11-10T18:35:29+00:00\",\"dateModified\":\"2024-11-11T19:57:39+00:00\",\"mainEntityOfPage\":{\"@id\":\"https:\\\/\\\/fuentesfidedignas.com.mx\\\/index.php\\\/2024\\\/11\\\/10\\\/panistas-salen-a-votar-para-elegir-nueva-dirigencia-estatal-y-nacional\\\/\"},\"wordCount\":438,\"publisher\":{\"@id\":\"https:\\\/\\\/fuentesfidedignas.com.mx\\\/#organization\"},\"image\":{\"@id\":\"https:\\\/\\\/fuentesfidedignas.com.mx\\\/index.php\\\/2024\\\/11\\\/10\\\/panistas-salen-a-votar-para-elegir-nueva-dirigencia-estatal-y-nacional\\\/#primaryimage\"},\"thumbnailUrl\":\"https:\\\/\\\/fuentesfidedignas.com.mx\\\/wp-content\\\/uploads\\\/2024\\\/11\\\/img_8720-1.jpg\",\"inLanguage\":\"es\"},{\"@type\":\"WebPage\",\"@id\":\"https:\\\/\\\/fuentesfidedignas.com.mx\\\/index.php\\\/2024\\\/11\\\/10\\\/panistas-salen-a-votar-para-elegir-nueva-dirigencia-estatal-y-nacional\\\/\",\"url\":\"https:\\\/\\\/fuentesfidedignas.com.mx\\\/index.php\\\/2024\\\/11\\\/10\\\/panistas-salen-a-votar-para-elegir-nueva-dirigencia-estatal-y-nacional\\\/\",\"name\":\"Panistas salen a votar para elegir nueva dirigencia estatal y nacional - Fuentes Fidedignas\",\"isPartOf\":{\"@id\":\"https:\\\/\\\/fuentesfidedignas.com.mx\\\/#website\"},\"primaryImageOfPage\":{\"@id\":\"https:\\\/\\\/fuentesfidedignas.com.mx\\\/index.php\\\/2024\\\/11\\\/10\\\/panistas-salen-a-votar-para-elegir-nueva-dirigencia-estatal-y-nacional\\\/#primaryimage\"},\"image\":{\"@id\":\"https:\\\/\\\/fuentesfidedignas.com.mx\\\/index.php\\\/2024\\\/11\\\/10\\\/panistas-salen-a-votar-para-elegir-nueva-dirigencia-estatal-y-nacional\\\/#primaryimage\"},\"thumbnailUrl\":\"https:\\\/\\\/fuentesfidedignas.com.mx\\\/wp-content\\\/uploads\\\/2024\\\/11\\\/img_8720-1.jpg\",\"datePublished\":\"2024-11-10T18:35:29+00:00\",\"dateModified\":\"2024-11-11T19:57:39+00:00\",\"breadcrumb\":{\"@id\":\"https:\\\/\\\/fuentesfidedignas.com.mx\\\/index.php\\\/2024\\\/11\\\/10\\\/panistas-salen-a-votar-para-elegir-nueva-dirigencia-estatal-y-nacional\\\/#breadcrumb\"},\"inLanguage\":\"es\",\"potentialAction\":[{\"@type\":\"ReadAction\",\"target\":[\"https:\\\/\\\/fuentesfidedignas.com.mx\\\/index.php\\\/2024\\\/11\\\/10\\\/panistas-salen-a-votar-para-elegir-nueva-dirigencia-estatal-y-nacional\\\/\"]}]},{\"@type\":\"ImageObject\",\"inLanguage\":\"es\",\"@id\":\"https:\\\/\\\/fuentesfidedignas.com.mx\\\/index.php\\\/2024\\\/11\\\/10\\\/panistas-salen-a-votar-para-elegir-nueva-dirigencia-estatal-y-nacional\\\/#primaryimage\",\"url\":\"https:\\\/\\\/fuentesfidedignas.com.mx\\\/wp-content\\\/uploads\\\/2024\\\/11\\\/img_8720-1.jpg\",\"contentUrl\":\"https:\\\/\\\/fuentesfidedignas.com.mx\\\/wp-content\\\/uploads\\\/2024\\\/11\\\/img_8720-1.jpg\",\"width\":1920,\"height\":1080},{\"@type\":\"BreadcrumbList\",\"@id\":\"https:\\\/\\\/fuentesfidedignas.com.mx\\\/index.php\\\/2024\\\/11\\\/10\\\/panistas-salen-a-votar-para-elegir-nueva-dirigencia-estatal-y-nacional\\\/#breadcrumb\",\"itemListElement\":[{\"@type\":\"ListItem\",\"position\":1,\"name\":\"Inicio\",\"item\":\"https:\\\/\\\/fuentesfidedignas.com.mx\\\/\"},{\"@type\":\"ListItem\",\"position\":2,\"name\":\"Panistas salen a votar para elegir nueva dirigencia estatal y nacional\"}]},{\"@type\":\"WebSite\",\"@id\":\"https:\\\/\\\/fuentesfidedignas.com.mx\\\/#website\",\"url\":\"https:\\\/\\\/fuentesfidedignas.com.mx\\\/\",\"name\":\"Fuentes Fidedignas\",\"description\":\"Otro sitio realizado con WordPress\",\"publisher\":{\"@id\":\"https:\\\/\\\/fuentesfidedignas.com.mx\\\/#organization\"},\"potentialAction\":[{\"@type\":\"SearchAction\",\"target\":{\"@type\":\"EntryPoint\",\"urlTemplate\":\"https:\\\/\\\/fuentesfidedignas.com.mx\\\/?s={search_term_string}\"},\"query-input\":{\"@type\":\"PropertyValueSpecification\",\"valueRequired\":true,\"valueName\":\"search_term_string\"}}],\"inLanguage\":\"es\"},{\"@type\":\"Organization\",\"@id\":\"https:\\\/\\\/fuentesfidedignas.com.mx\\\/#organization\",\"name\":\"Fuentes Fidedignas\",\"url\":\"https:\\\/\\\/fuentesfidedignas.com.mx\\\/\",\"logo\":{\"@type\":\"ImageObject\",\"inLanguage\":\"es\",\"@id\":\"https:\\\/\\\/fuentesfidedignas.com.mx\\\/#\\\/schema\\\/logo\\\/image\\\/\",\"url\":\"https:\\\/\\\/fuentesfidedignas.com.mx\\\/wp-content\\\/uploads\\\/2021\\\/04\\\/logo-retina.png\",\"contentUrl\":\"https:\\\/\\\/fuentesfidedignas.com.mx\\\/wp-content\\\/uploads\\\/2021\\\/04\\\/logo-retina.png\",\"width\":280,\"height\":51,\"caption\":\"Fuentes Fidedignas\"},\"image\":{\"@id\":\"https:\\\/\\\/fuentesfidedignas.com.mx\\\/#\\\/schema\\\/logo\\\/image\\\/\"},\"sameAs\":[\"https:\\\/\\\/www.facebook.com\\\/Fuentes-Fidedignas-368234489921644\",\"https:\\\/\\\/x.com\\\/fidedignas\"]},{\"@type\":\"Person\",\"@id\":\"https:\\\/\\\/fuentesfidedignas.com.mx\\\/#\\\/schema\\\/person\\\/2c10028b4a30078c05a056a215342ab9\",\"name\":\"Marissa Palafox\",\"image\":{\"@type\":\"ImageObject\",\"inLanguage\":\"es\",\"@id\":\"https:\\\/\\\/secure.gravatar.com\\\/avatar\\\/20a43bdb2f2db10f20b22d4e98b96eb027faf98f7f76d29854dc5fab46d1cf71?s=96&d=mm&r=g\",\"url\":\"https:\\\/\\\/secure.gravatar.com\\\/avatar\\\/20a43bdb2f2db10f20b22d4e98b96eb027faf98f7f76d29854dc5fab46d1cf71?s=96&d=mm&r=g\",\"contentUrl\":\"https:\\\/\\\/secure.gravatar.com\\\/avatar\\\/20a43bdb2f2db10f20b22d4e98b96eb027faf98f7f76d29854dc5fab46d1cf71?s=96&d=mm&r=g\",\"caption\":\"Marissa Palafox\"},\"url\":\"https:\\\/\\\/fuentesfidedignas.com.mx\\\/index.php\\\/author\\\/marissa\\\/\"}]}<\/script>\n<!-- \/ Yoast SEO plugin. -->","yoast_head_json":{"title":"Panistas salen a votar para elegir nueva dirigencia estatal y nacional - Fuentes Fidedignas","robots":{"index":"index","follow":"follow","max-snippet":"max-snippet:-1","max-image-preview":"max-image-preview:large","max-video-preview":"max-video-preview:-1"},"canonical":"https:\/\/fuentesfidedignas.com.mx\/index.php\/2024\/11\/10\/panistas-salen-a-votar-para-elegir-nueva-dirigencia-estatal-y-nacional\/","og_locale":"es_MX","og_type":"article","og_title":"Panistas salen a votar para elegir nueva dirigencia estatal y nacional - Fuentes Fidedignas","og_description":"Culiac\u00e1n, Sin.- Este domingo se desarrollan las votaciones para renovar las presidencias del Partido Acci\u00f3n Nacional a nivel estatal y nacional. La presidenta del PAN en Sinaloa, Roxana Rubio Valdez, acudi\u00f3 a emitir su voto en Culiac\u00e1n e invit\u00f3 a toda la militancia panista a salir a votar con libertad en esta jornada democr\u00e1tica, para [&hellip;]","og_url":"https:\/\/fuentesfidedignas.com.mx\/index.php\/2024\/11\/10\/panistas-salen-a-votar-para-elegir-nueva-dirigencia-estatal-y-nacional\/","og_site_name":"Fuentes Fidedignas","article_publisher":"https:\/\/www.facebook.com\/Fuentes-Fidedignas-368234489921644","article_published_time":"2024-11-10T18:35:29+00:00","article_modified_time":"2024-11-11T19:57:39+00:00","og_image":[{"width":1920,"height":1080,"url":"https:\/\/fuentesfidedignas.com.mx\/wp-content\/uploads\/2024\/11\/img_8720-1.jpg","type":"image\/jpeg"}],"author":"Marissa Palafox","twitter_card":"summary_large_image","twitter_creator":"@fidedignas","twitter_site":"@fidedignas","twitter_misc":{"Escrito por":"Marissa Palafox","Tiempo de lectura":"3 minutos"},"schema":{"@context":"https:\/\/schema.org","@graph":[{"@type":"Article","@id":"https:\/\/fuentesfidedignas.com.mx\/index.php\/2024\/11\/10\/panistas-salen-a-votar-para-elegir-nueva-dirigencia-estatal-y-nacional\/#article","isPartOf":{"@id":"https:\/\/fuentesfidedignas.com.mx\/index.php\/2024\/11\/10\/panistas-salen-a-votar-para-elegir-nueva-dirigencia-estatal-y-nacional\/"},"author":{"name":"Marissa Palafox","@id":"https:\/\/fuentesfidedignas.com.mx\/#\/schema\/person\/2c10028b4a30078c05a056a215342ab9"},"headline":"Panistas salen a votar para elegir nueva dirigencia estatal y nacional","datePublished":"2024-11-10T18:35:29+00:00","dateModified":"2024-11-11T19:57:39+00:00","mainEntityOfPage":{"@id":"https:\/\/fuentesfidedignas.com.mx\/index.php\/2024\/11\/10\/panistas-salen-a-votar-para-elegir-nueva-dirigencia-estatal-y-nacional\/"},"wordCount":438,"publisher":{"@id":"https:\/\/fuentesfidedignas.com.mx\/#organization"},"image":{"@id":"https:\/\/fuentesfidedignas.com.mx\/index.php\/2024\/11\/10\/panistas-salen-a-votar-para-elegir-nueva-dirigencia-estatal-y-nacional\/#primaryimage"},"thumbnailUrl":"https:\/\/fuentesfidedignas.com.mx\/wp-content\/uploads\/2024\/11\/img_8720-1.jpg","inLanguage":"es"},{"@type":"WebPage","@id":"https:\/\/fuentesfidedignas.com.mx\/index.php\/2024\/11\/10\/panistas-salen-a-votar-para-elegir-nueva-dirigencia-estatal-y-nacional\/","url":"https:\/\/fuentesfidedignas.com.mx\/index.php\/2024\/11\/10\/panistas-salen-a-votar-para-elegir-nueva-dirigencia-estatal-y-nacional\/","name":"Panistas salen a votar para elegir nueva dirigencia estatal y nacional - Fuentes Fidedignas","isPartOf":{"@id":"https:\/\/fuentesfidedignas.com.mx\/#website"},"primaryImageOfPage":{"@id":"https:\/\/fuentesfidedignas.com.mx\/index.php\/2024\/11\/10\/panistas-salen-a-votar-para-elegir-nueva-dirigencia-estatal-y-nacional\/#primaryimage"},"image":{"@id":"https:\/\/fuentesfidedignas.com.mx\/index.php\/2024\/11\/10\/panistas-salen-a-votar-para-elegir-nueva-dirigencia-estatal-y-nacional\/#primaryimage"},"thumbnailUrl":"https:\/\/fuentesfidedignas.com.mx\/wp-content\/uploads\/2024\/11\/img_8720-1.jpg","datePublished":"2024-11-10T18:35:29+00:00","dateModified":"2024-11-11T19:57:39+00:00","breadcrumb":{"@id":"https:\/\/fuentesfidedignas.com.mx\/index.php\/2024\/11\/10\/panistas-salen-a-votar-para-elegir-nueva-dirigencia-estatal-y-nacional\/#breadcrumb"},"inLanguage":"es","potentialAction":[{"@type":"ReadAction","target":["https:\/\/fuentesfidedignas.com.mx\/index.php\/2024\/11\/10\/panistas-salen-a-votar-para-elegir-nueva-dirigencia-estatal-y-nacional\/"]}]},{"@type":"ImageObject","inLanguage":"es","@id":"https:\/\/fuentesfidedignas.com.mx\/index.php\/2024\/11\/10\/panistas-salen-a-votar-para-elegir-nueva-dirigencia-estatal-y-nacional\/#primaryimage","url":"https:\/\/fuentesfidedignas.com.mx\/wp-content\/uploads\/2024\/11\/img_8720-1.jpg","contentUrl":"https:\/\/fuentesfidedignas.com.mx\/wp-content\/uploads\/2024\/11\/img_8720-1.jpg","width":1920,"height":1080},{"@type":"BreadcrumbList","@id":"https:\/\/fuentesfidedignas.com.mx\/index.php\/2024\/11\/10\/panistas-salen-a-votar-para-elegir-nueva-dirigencia-estatal-y-nacional\/#breadcrumb","itemListElement":[{"@type":"ListItem","position":1,"name":"Inicio","item":"https:\/\/fuentesfidedignas.com.mx\/"},{"@type":"ListItem","position":2,"name":"Panistas salen a votar para elegir nueva dirigencia estatal y nacional"}]},{"@type":"WebSite","@id":"https:\/\/fuentesfidedignas.com.mx\/#website","url":"https:\/\/fuentesfidedignas.com.mx\/","name":"Fuentes Fidedignas","description":"Otro sitio realizado con WordPress","publisher":{"@id":"https:\/\/fuentesfidedignas.com.mx\/#organization"},"potentialAction":[{"@type":"SearchAction","target":{"@type":"EntryPoint","urlTemplate":"https:\/\/fuentesfidedignas.com.mx\/?s={search_term_string}"},"query-input":{"@type":"PropertyValueSpecification","valueRequired":true,"valueName":"search_term_string"}}],"inLanguage":"es"},{"@type":"Organization","@id":"https:\/\/fuentesfidedignas.com.mx\/#organization","name":"Fuentes Fidedignas","url":"https:\/\/fuentesfidedignas.com.mx\/","logo":{"@type":"ImageObject","inLanguage":"es","@id":"https:\/\/fuentesfidedignas.com.mx\/#\/schema\/logo\/image\/","url":"https:\/\/fuentesfidedignas.com.mx\/wp-content\/uploads\/2021\/04\/logo-retina.png","contentUrl":"https:\/\/fuentesfidedignas.com.mx\/wp-content\/uploads\/2021\/04\/logo-retina.png","width":280,"height":51,"caption":"Fuentes Fidedignas"},"image":{"@id":"https:\/\/fuentesfidedignas.com.mx\/#\/schema\/logo\/image\/"},"sameAs":["https:\/\/www.facebook.com\/Fuentes-Fidedignas-368234489921644","https:\/\/x.com\/fidedignas"]},{"@type":"Person","@id":"https:\/\/fuentesfidedignas.com.mx\/#\/schema\/person\/2c10028b4a30078c05a056a215342ab9","name":"Marissa Palafox","image":{"@type":"ImageObject","inLanguage":"es","@id":"https:\/\/secure.gravatar.com\/avatar\/20a43bdb2f2db10f20b22d4e98b96eb027faf98f7f76d29854dc5fab46d1cf71?s=96&d=mm&r=g","url":"https:\/\/secure.gravatar.com\/avatar\/20a43bdb2f2db10f20b22d4e98b96eb027faf98f7f76d29854dc5fab46d1cf71?s=96&d=mm&r=g","contentUrl":"https:\/\/secure.gravatar.com\/avatar\/20a43bdb2f2db10f20b22d4e98b96eb027faf98f7f76d29854dc5fab46d1cf71?s=96&d=mm&r=g","caption":"Marissa Palafox"},"url":"https:\/\/fuentesfidedignas.com.mx\/index.php\/author\/marissa\/"}]}},"_links":{"self":[{"href":"https:\/\/fuentesfidedignas.com.mx\/index.php\/wp-json\/wp\/v2\/posts\/95113","targetHints":{"allow":["GET"]}}],"collection":[{"href":"https:\/\/fuentesfidedignas.com.mx\/index.php\/wp-json\/wp\/v2\/posts"}],"about":[{"href":"https:\/\/fuentesfidedignas.com.mx\/index.php\/wp-json\/wp\/v2\/types\/post"}],"author":[{"embeddable":true,"href":"https:\/\/fuentesfidedignas.com.mx\/index.php\/wp-json\/wp\/v2\/users\/11"}],"replies":[{"embeddable":true,"href":"https:\/\/fuentesfidedignas.com.mx\/index.php\/wp-json\/wp\/v2\/comments?post=95113"}],"version-history":[{"count":1,"href":"https:\/\/fuentesfidedignas.com.mx\/index.php\/wp-json\/wp\/v2\/posts\/95113\/revisions"}],"predecessor-version":[{"id":95114,"href":"https:\/\/fuentesfidedignas.com.mx\/index.php\/wp-json\/wp\/v2\/posts\/95113\/revisions\/95114"}],"wp:featuredmedia":[{"embeddable":true,"href":"https:\/\/fuentesfidedignas.com.mx\/index.php\/wp-json\/wp\/v2\/media\/95110"}],"wp:attachment":[{"href":"https:\/\/fuentesfidedignas.com.mx\/index.php\/wp-json\/wp\/v2\/media?parent=95113"}],"wp:term":[{"taxonomy":"category","embeddable":true,"href":"https:\/\/fuentesfidedignas.com.mx\/index.php\/wp-json\/wp\/v2\/categories?post=95113"},{"taxonomy":"post_tag","embeddable":true,"href":"https:\/\/fuentesfidedignas.com.mx\/index.php\/wp-json\/wp\/v2\/tags?post=95113"}],"curies":[{"name":"wp","href":"https:\/\/api.w.org\/{rel}","templated":true}]}}