{"id":94953,"date":"2024-11-07T18:12:30","date_gmt":"2024-11-08T01:12:30","guid":{"rendered":"https:\/\/fuentesfidedignas.com.mx\/?p=94953"},"modified":"2024-11-07T18:12:32","modified_gmt":"2024-11-08T01:12:32","slug":"tabasco-registra-nueva-ola-de-violencia-con-ataques-a-negocios-y-quema-de-autos","status":"publish","type":"post","link":"https:\/\/fuentesfidedignas.com.mx\/index.php\/2024\/11\/07\/tabasco-registra-nueva-ola-de-violencia-con-ataques-a-negocios-y-quema-de-autos\/","title":{"rendered":"Tabasco registra nueva ola de violencia con ataques a negocios y quema de autos"},"content":{"rendered":"\n<p><strong><em>Las acciones, que incluyeron el cierre de v\u00edas por los artefactos de ponchado, parecen vinculadas a la detenci\u00f3n de supuestos operadores del CJNG.<\/em><\/strong><\/p>\n\n\n\n<p>Un nuevo episodio de violencia estall\u00f3 alrededor de las 15:00 horas en Tabasco, cuando grupos delictivos incendiaron dos veh\u00edculos, una tienda de conveniencia, una gasolinera y esparcieron ponchallantas en dos carreteras federales y una colonia de Villahermosa.<\/p>\n\n\n\n<p>La alerta por estos hechos comenz\u00f3 en la ma\u00f1ana, tras la aparici\u00f3n de cuatro narcomantas en varios puntos de la ciudad, presuntamente firmadas por el C\u00e1rtel Jalisco Nueva Generaci\u00f3n, as\u00ed como el hallazgo de cuatro cuerpos embolsados en diversas zonas; uno de ellos, casi completamente deshecho en \u00e1cido.<\/p>\n\n\n\n<p>Cuando la situaci\u00f3n parec\u00eda tranquila, como cada jueves de cada quince u ocho d\u00edas, el crimen organizado intent\u00f3 nuevamente desestabilizar la paz social mediante una serie de actos vand\u00e1licos que iniciaron con el incendio de dos autom\u00f3viles sobre la carretera federal Villahermosa-C\u00e1rdenas.<\/p>\n\n\n\n<p>De manera simult\u00e1nea, otros delincuentes incendiaron una tienda Oxxo en el fraccionamiento Carrizal, mientras que en el fraccionamiento Las Rosas, ubicado sobre la carretera Villahermosa-Frontera, encapuchados provocaron el incendio de una gasolinera.<\/p>\n\n\n\n<p>Adem\u00e1s, los delincuentes esparcieron ponchallantas en la carretera federal Villahermosa-Teapa, cerca del fraccionamiento Villa Parrilla. Otra cantidad fue arrojada en la carretera federal Villahermosa-Macuspana, a la altura del poblado Dos Montes, as\u00ed como en la Villahermosa-Frontera, cerca de Villa Ocuiltzapotl\u00e1n, y en la colonia Tierra Colorada.<\/p>\n\n\n\n<p>Estos artefactos da\u00f1aron varios veh\u00edculos; en algunas \u00e1reas, los conductores que detectaron la presencia de ponchallantas detuvieron el tr\u00e1fico para retirarlos. Los dispositivos, fabricados con varillas de metal y puntas afiladas, fueron colocados intencionalmente para obstruir el paso.<\/p>\n\n\n\n<p><strong>\u00bfPor qu\u00e9 se desat\u00f3 la violencia en Tabasco?<\/strong><br>Se presume que estos hechos violentos podr\u00edan estar relacionados con la presunta detenci\u00f3n, ocurrida la tarde del mi\u00e9rcoles en la colonia Indeco, de varias personas vinculadas al grupo de Ulises Pinto, ex integrante de La Barredora y actual operador de una c\u00e9lula del CJNG.<\/p>\n","protected":false},"excerpt":{"rendered":"<p>Las acciones, que incluyeron el cierre de v\u00edas por los artefactos de ponchado, parecen vinculadas a la detenci\u00f3n de supuestos operadores del CJNG. Un nuevo episodio de violencia estall\u00f3 alrededor de las 15:00 horas en Tabasco, cuando grupos delictivos incendiaron dos veh\u00edculos, una tienda de conveniencia, una gasolinera y esparcieron ponchallantas en dos carreteras federales [&hellip;]<\/p>\n","protected":false},"author":9,"featured_media":94954,"comment_status":"open","ping_status":"open","sticky":false,"template":"","format":"standard","meta":{"tdm_status":"","tdm_grid_status":"","footnotes":""},"categories":[39],"tags":[],"class_list":{"0":"post-94953","1":"post","2":"type-post","3":"status-publish","4":"format-standard","5":"has-post-thumbnail","7":"category-noticias-nacionales"},"yoast_head":"<!-- This site is optimized with the Yoast SEO plugin v27.5 - https:\/\/yoast.com\/product\/yoast-seo-wordpress\/ -->\n<title>Tabasco registra nueva ola de violencia con ataques a negocios y quema de autos - Fuentes Fidedignas<\/title>\n<meta name=\"robots\" content=\"index, follow, max-snippet:-1, max-image-preview:large, max-video-preview:-1\" \/>\n<link rel=\"canonical\" href=\"https:\/\/fuentesfidedignas.com.mx\/index.php\/2024\/11\/07\/tabasco-registra-nueva-ola-de-violencia-con-ataques-a-negocios-y-quema-de-autos\/\" \/>\n<meta property=\"og:locale\" content=\"es_MX\" \/>\n<meta property=\"og:type\" content=\"article\" \/>\n<meta property=\"og:title\" content=\"Tabasco registra nueva ola de violencia con ataques a negocios y quema de autos - Fuentes Fidedignas\" \/>\n<meta property=\"og:description\" content=\"Las acciones, que incluyeron el cierre de v\u00edas por los artefactos de ponchado, parecen vinculadas a la detenci\u00f3n de supuestos operadores del CJNG. Un nuevo episodio de violencia estall\u00f3 alrededor de las 15:00 horas en Tabasco, cuando grupos delictivos incendiaron dos veh\u00edculos, una tienda de conveniencia, una gasolinera y esparcieron ponchallantas en dos carreteras federales [&hellip;]\" \/>\n<meta property=\"og:url\" content=\"https:\/\/fuentesfidedignas.com.mx\/index.php\/2024\/11\/07\/tabasco-registra-nueva-ola-de-violencia-con-ataques-a-negocios-y-quema-de-autos\/\" \/>\n<meta property=\"og:site_name\" content=\"Fuentes Fidedignas\" \/>\n<meta property=\"article:publisher\" content=\"https:\/\/www.facebook.com\/Fuentes-Fidedignas-368234489921644\" \/>\n<meta property=\"article:published_time\" content=\"2024-11-08T01:12:30+00:00\" \/>\n<meta property=\"article:modified_time\" content=\"2024-11-08T01:12:32+00:00\" \/>\n<meta property=\"og:image\" content=\"https:\/\/fuentesfidedignas.com.mx\/wp-content\/uploads\/2024\/11\/incendios_tabasco.jpg\" \/>\n\t<meta property=\"og:image:width\" content=\"650\" \/>\n\t<meta property=\"og:image:height\" content=\"365\" \/>\n\t<meta property=\"og:image:type\" content=\"image\/jpeg\" \/>\n<meta name=\"author\" content=\"Milenio\" \/>\n<meta name=\"twitter:card\" content=\"summary_large_image\" \/>\n<meta name=\"twitter:creator\" content=\"@fidedignas\" \/>\n<meta name=\"twitter:site\" content=\"@fidedignas\" \/>\n<meta name=\"twitter:label1\" content=\"Escrito por\" \/>\n\t<meta name=\"twitter:data1\" content=\"Milenio\" \/>\n\t<meta name=\"twitter:label2\" content=\"Tiempo de lectura\" \/>\n\t<meta name=\"twitter:data2\" content=\"2 minutos\" \/>\n<script type=\"application\/ld+json\" class=\"yoast-schema-graph\">{\"@context\":\"https:\\\/\\\/schema.org\",\"@graph\":[{\"@type\":\"Article\",\"@id\":\"https:\\\/\\\/fuentesfidedignas.com.mx\\\/index.php\\\/2024\\\/11\\\/07\\\/tabasco-registra-nueva-ola-de-violencia-con-ataques-a-negocios-y-quema-de-autos\\\/#article\",\"isPartOf\":{\"@id\":\"https:\\\/\\\/fuentesfidedignas.com.mx\\\/index.php\\\/2024\\\/11\\\/07\\\/tabasco-registra-nueva-ola-de-violencia-con-ataques-a-negocios-y-quema-de-autos\\\/\"},\"author\":{\"name\":\"Milenio\",\"@id\":\"https:\\\/\\\/fuentesfidedignas.com.mx\\\/#\\\/schema\\\/person\\\/47ec0135738f4b0c7495f06a77a2c976\"},\"headline\":\"Tabasco registra nueva ola de violencia con ataques a negocios y quema de autos\",\"datePublished\":\"2024-11-08T01:12:30+00:00\",\"dateModified\":\"2024-11-08T01:12:32+00:00\",\"mainEntityOfPage\":{\"@id\":\"https:\\\/\\\/fuentesfidedignas.com.mx\\\/index.php\\\/2024\\\/11\\\/07\\\/tabasco-registra-nueva-ola-de-violencia-con-ataques-a-negocios-y-quema-de-autos\\\/\"},\"wordCount\":354,\"commentCount\":0,\"publisher\":{\"@id\":\"https:\\\/\\\/fuentesfidedignas.com.mx\\\/#organization\"},\"image\":{\"@id\":\"https:\\\/\\\/fuentesfidedignas.com.mx\\\/index.php\\\/2024\\\/11\\\/07\\\/tabasco-registra-nueva-ola-de-violencia-con-ataques-a-negocios-y-quema-de-autos\\\/#primaryimage\"},\"thumbnailUrl\":\"https:\\\/\\\/fuentesfidedignas.com.mx\\\/wp-content\\\/uploads\\\/2024\\\/11\\\/incendios_tabasco.jpg\",\"articleSection\":[\"NOTICIAS NACIONALES\"],\"inLanguage\":\"es\",\"potentialAction\":[{\"@type\":\"CommentAction\",\"name\":\"Comment\",\"target\":[\"https:\\\/\\\/fuentesfidedignas.com.mx\\\/index.php\\\/2024\\\/11\\\/07\\\/tabasco-registra-nueva-ola-de-violencia-con-ataques-a-negocios-y-quema-de-autos\\\/#respond\"]}]},{\"@type\":\"WebPage\",\"@id\":\"https:\\\/\\\/fuentesfidedignas.com.mx\\\/index.php\\\/2024\\\/11\\\/07\\\/tabasco-registra-nueva-ola-de-violencia-con-ataques-a-negocios-y-quema-de-autos\\\/\",\"url\":\"https:\\\/\\\/fuentesfidedignas.com.mx\\\/index.php\\\/2024\\\/11\\\/07\\\/tabasco-registra-nueva-ola-de-violencia-con-ataques-a-negocios-y-quema-de-autos\\\/\",\"name\":\"Tabasco registra nueva ola de violencia con ataques a negocios y quema de autos - Fuentes Fidedignas\",\"isPartOf\":{\"@id\":\"https:\\\/\\\/fuentesfidedignas.com.mx\\\/#website\"},\"primaryImageOfPage\":{\"@id\":\"https:\\\/\\\/fuentesfidedignas.com.mx\\\/index.php\\\/2024\\\/11\\\/07\\\/tabasco-registra-nueva-ola-de-violencia-con-ataques-a-negocios-y-quema-de-autos\\\/#primaryimage\"},\"image\":{\"@id\":\"https:\\\/\\\/fuentesfidedignas.com.mx\\\/index.php\\\/2024\\\/11\\\/07\\\/tabasco-registra-nueva-ola-de-violencia-con-ataques-a-negocios-y-quema-de-autos\\\/#primaryimage\"},\"thumbnailUrl\":\"https:\\\/\\\/fuentesfidedignas.com.mx\\\/wp-content\\\/uploads\\\/2024\\\/11\\\/incendios_tabasco.jpg\",\"datePublished\":\"2024-11-08T01:12:30+00:00\",\"dateModified\":\"2024-11-08T01:12:32+00:00\",\"breadcrumb\":{\"@id\":\"https:\\\/\\\/fuentesfidedignas.com.mx\\\/index.php\\\/2024\\\/11\\\/07\\\/tabasco-registra-nueva-ola-de-violencia-con-ataques-a-negocios-y-quema-de-autos\\\/#breadcrumb\"},\"inLanguage\":\"es\",\"potentialAction\":[{\"@type\":\"ReadAction\",\"target\":[\"https:\\\/\\\/fuentesfidedignas.com.mx\\\/index.php\\\/2024\\\/11\\\/07\\\/tabasco-registra-nueva-ola-de-violencia-con-ataques-a-negocios-y-quema-de-autos\\\/\"]}]},{\"@type\":\"ImageObject\",\"inLanguage\":\"es\",\"@id\":\"https:\\\/\\\/fuentesfidedignas.com.mx\\\/index.php\\\/2024\\\/11\\\/07\\\/tabasco-registra-nueva-ola-de-violencia-con-ataques-a-negocios-y-quema-de-autos\\\/#primaryimage\",\"url\":\"https:\\\/\\\/fuentesfidedignas.com.mx\\\/wp-content\\\/uploads\\\/2024\\\/11\\\/incendios_tabasco.jpg\",\"contentUrl\":\"https:\\\/\\\/fuentesfidedignas.com.mx\\\/wp-content\\\/uploads\\\/2024\\\/11\\\/incendios_tabasco.jpg\",\"width\":650,\"height\":365},{\"@type\":\"BreadcrumbList\",\"@id\":\"https:\\\/\\\/fuentesfidedignas.com.mx\\\/index.php\\\/2024\\\/11\\\/07\\\/tabasco-registra-nueva-ola-de-violencia-con-ataques-a-negocios-y-quema-de-autos\\\/#breadcrumb\",\"itemListElement\":[{\"@type\":\"ListItem\",\"position\":1,\"name\":\"Inicio\",\"item\":\"https:\\\/\\\/fuentesfidedignas.com.mx\\\/\"},{\"@type\":\"ListItem\",\"position\":2,\"name\":\"Tabasco registra nueva ola de violencia con ataques a negocios y quema de autos\"}]},{\"@type\":\"WebSite\",\"@id\":\"https:\\\/\\\/fuentesfidedignas.com.mx\\\/#website\",\"url\":\"https:\\\/\\\/fuentesfidedignas.com.mx\\\/\",\"name\":\"Fuentes Fidedignas\",\"description\":\"Otro sitio realizado con WordPress\",\"publisher\":{\"@id\":\"https:\\\/\\\/fuentesfidedignas.com.mx\\\/#organization\"},\"potentialAction\":[{\"@type\":\"SearchAction\",\"target\":{\"@type\":\"EntryPoint\",\"urlTemplate\":\"https:\\\/\\\/fuentesfidedignas.com.mx\\\/?s={search_term_string}\"},\"query-input\":{\"@type\":\"PropertyValueSpecification\",\"valueRequired\":true,\"valueName\":\"search_term_string\"}}],\"inLanguage\":\"es\"},{\"@type\":\"Organization\",\"@id\":\"https:\\\/\\\/fuentesfidedignas.com.mx\\\/#organization\",\"name\":\"Fuentes Fidedignas\",\"url\":\"https:\\\/\\\/fuentesfidedignas.com.mx\\\/\",\"logo\":{\"@type\":\"ImageObject\",\"inLanguage\":\"es\",\"@id\":\"https:\\\/\\\/fuentesfidedignas.com.mx\\\/#\\\/schema\\\/logo\\\/image\\\/\",\"url\":\"https:\\\/\\\/fuentesfidedignas.com.mx\\\/wp-content\\\/uploads\\\/2021\\\/04\\\/logo-retina.png\",\"contentUrl\":\"https:\\\/\\\/fuentesfidedignas.com.mx\\\/wp-content\\\/uploads\\\/2021\\\/04\\\/logo-retina.png\",\"width\":280,\"height\":51,\"caption\":\"Fuentes Fidedignas\"},\"image\":{\"@id\":\"https:\\\/\\\/fuentesfidedignas.com.mx\\\/#\\\/schema\\\/logo\\\/image\\\/\"},\"sameAs\":[\"https:\\\/\\\/www.facebook.com\\\/Fuentes-Fidedignas-368234489921644\",\"https:\\\/\\\/x.com\\\/fidedignas\"]},{\"@type\":\"Person\",\"@id\":\"https:\\\/\\\/fuentesfidedignas.com.mx\\\/#\\\/schema\\\/person\\\/47ec0135738f4b0c7495f06a77a2c976\",\"name\":\"Milenio\",\"image\":{\"@type\":\"ImageObject\",\"inLanguage\":\"es\",\"@id\":\"https:\\\/\\\/secure.gravatar.com\\\/avatar\\\/acabf7b54753e51c2c76457954577c236b3b764789b19879565769739d1e4a75?s=96&d=mm&r=g\",\"url\":\"https:\\\/\\\/secure.gravatar.com\\\/avatar\\\/acabf7b54753e51c2c76457954577c236b3b764789b19879565769739d1e4a75?s=96&d=mm&r=g\",\"contentUrl\":\"https:\\\/\\\/secure.gravatar.com\\\/avatar\\\/acabf7b54753e51c2c76457954577c236b3b764789b19879565769739d1e4a75?s=96&d=mm&r=g\",\"caption\":\"Milenio\"},\"url\":\"https:\\\/\\\/fuentesfidedignas.com.mx\\\/index.php\\\/author\\\/milenio\\\/\"}]}<\/script>\n<!-- \/ Yoast SEO plugin. -->","yoast_head_json":{"title":"Tabasco registra nueva ola de violencia con ataques a negocios y quema de autos - Fuentes Fidedignas","robots":{"index":"index","follow":"follow","max-snippet":"max-snippet:-1","max-image-preview":"max-image-preview:large","max-video-preview":"max-video-preview:-1"},"canonical":"https:\/\/fuentesfidedignas.com.mx\/index.php\/2024\/11\/07\/tabasco-registra-nueva-ola-de-violencia-con-ataques-a-negocios-y-quema-de-autos\/","og_locale":"es_MX","og_type":"article","og_title":"Tabasco registra nueva ola de violencia con ataques a negocios y quema de autos - Fuentes Fidedignas","og_description":"Las acciones, que incluyeron el cierre de v\u00edas por los artefactos de ponchado, parecen vinculadas a la detenci\u00f3n de supuestos operadores del CJNG. Un nuevo episodio de violencia estall\u00f3 alrededor de las 15:00 horas en Tabasco, cuando grupos delictivos incendiaron dos veh\u00edculos, una tienda de conveniencia, una gasolinera y esparcieron ponchallantas en dos carreteras federales [&hellip;]","og_url":"https:\/\/fuentesfidedignas.com.mx\/index.php\/2024\/11\/07\/tabasco-registra-nueva-ola-de-violencia-con-ataques-a-negocios-y-quema-de-autos\/","og_site_name":"Fuentes Fidedignas","article_publisher":"https:\/\/www.facebook.com\/Fuentes-Fidedignas-368234489921644","article_published_time":"2024-11-08T01:12:30+00:00","article_modified_time":"2024-11-08T01:12:32+00:00","og_image":[{"width":650,"height":365,"url":"https:\/\/fuentesfidedignas.com.mx\/wp-content\/uploads\/2024\/11\/incendios_tabasco.jpg","type":"image\/jpeg"}],"author":"Milenio","twitter_card":"summary_large_image","twitter_creator":"@fidedignas","twitter_site":"@fidedignas","twitter_misc":{"Escrito por":"Milenio","Tiempo de lectura":"2 minutos"},"schema":{"@context":"https:\/\/schema.org","@graph":[{"@type":"Article","@id":"https:\/\/fuentesfidedignas.com.mx\/index.php\/2024\/11\/07\/tabasco-registra-nueva-ola-de-violencia-con-ataques-a-negocios-y-quema-de-autos\/#article","isPartOf":{"@id":"https:\/\/fuentesfidedignas.com.mx\/index.php\/2024\/11\/07\/tabasco-registra-nueva-ola-de-violencia-con-ataques-a-negocios-y-quema-de-autos\/"},"author":{"name":"Milenio","@id":"https:\/\/fuentesfidedignas.com.mx\/#\/schema\/person\/47ec0135738f4b0c7495f06a77a2c976"},"headline":"Tabasco registra nueva ola de violencia con ataques a negocios y quema de autos","datePublished":"2024-11-08T01:12:30+00:00","dateModified":"2024-11-08T01:12:32+00:00","mainEntityOfPage":{"@id":"https:\/\/fuentesfidedignas.com.mx\/index.php\/2024\/11\/07\/tabasco-registra-nueva-ola-de-violencia-con-ataques-a-negocios-y-quema-de-autos\/"},"wordCount":354,"commentCount":0,"publisher":{"@id":"https:\/\/fuentesfidedignas.com.mx\/#organization"},"image":{"@id":"https:\/\/fuentesfidedignas.com.mx\/index.php\/2024\/11\/07\/tabasco-registra-nueva-ola-de-violencia-con-ataques-a-negocios-y-quema-de-autos\/#primaryimage"},"thumbnailUrl":"https:\/\/fuentesfidedignas.com.mx\/wp-content\/uploads\/2024\/11\/incendios_tabasco.jpg","articleSection":["NOTICIAS NACIONALES"],"inLanguage":"es","potentialAction":[{"@type":"CommentAction","name":"Comment","target":["https:\/\/fuentesfidedignas.com.mx\/index.php\/2024\/11\/07\/tabasco-registra-nueva-ola-de-violencia-con-ataques-a-negocios-y-quema-de-autos\/#respond"]}]},{"@type":"WebPage","@id":"https:\/\/fuentesfidedignas.com.mx\/index.php\/2024\/11\/07\/tabasco-registra-nueva-ola-de-violencia-con-ataques-a-negocios-y-quema-de-autos\/","url":"https:\/\/fuentesfidedignas.com.mx\/index.php\/2024\/11\/07\/tabasco-registra-nueva-ola-de-violencia-con-ataques-a-negocios-y-quema-de-autos\/","name":"Tabasco registra nueva ola de violencia con ataques a negocios y quema de autos - Fuentes Fidedignas","isPartOf":{"@id":"https:\/\/fuentesfidedignas.com.mx\/#website"},"primaryImageOfPage":{"@id":"https:\/\/fuentesfidedignas.com.mx\/index.php\/2024\/11\/07\/tabasco-registra-nueva-ola-de-violencia-con-ataques-a-negocios-y-quema-de-autos\/#primaryimage"},"image":{"@id":"https:\/\/fuentesfidedignas.com.mx\/index.php\/2024\/11\/07\/tabasco-registra-nueva-ola-de-violencia-con-ataques-a-negocios-y-quema-de-autos\/#primaryimage"},"thumbnailUrl":"https:\/\/fuentesfidedignas.com.mx\/wp-content\/uploads\/2024\/11\/incendios_tabasco.jpg","datePublished":"2024-11-08T01:12:30+00:00","dateModified":"2024-11-08T01:12:32+00:00","breadcrumb":{"@id":"https:\/\/fuentesfidedignas.com.mx\/index.php\/2024\/11\/07\/tabasco-registra-nueva-ola-de-violencia-con-ataques-a-negocios-y-quema-de-autos\/#breadcrumb"},"inLanguage":"es","potentialAction":[{"@type":"ReadAction","target":["https:\/\/fuentesfidedignas.com.mx\/index.php\/2024\/11\/07\/tabasco-registra-nueva-ola-de-violencia-con-ataques-a-negocios-y-quema-de-autos\/"]}]},{"@type":"ImageObject","inLanguage":"es","@id":"https:\/\/fuentesfidedignas.com.mx\/index.php\/2024\/11\/07\/tabasco-registra-nueva-ola-de-violencia-con-ataques-a-negocios-y-quema-de-autos\/#primaryimage","url":"https:\/\/fuentesfidedignas.com.mx\/wp-content\/uploads\/2024\/11\/incendios_tabasco.jpg","contentUrl":"https:\/\/fuentesfidedignas.com.mx\/wp-content\/uploads\/2024\/11\/incendios_tabasco.jpg","width":650,"height":365},{"@type":"BreadcrumbList","@id":"https:\/\/fuentesfidedignas.com.mx\/index.php\/2024\/11\/07\/tabasco-registra-nueva-ola-de-violencia-con-ataques-a-negocios-y-quema-de-autos\/#breadcrumb","itemListElement":[{"@type":"ListItem","position":1,"name":"Inicio","item":"https:\/\/fuentesfidedignas.com.mx\/"},{"@type":"ListItem","position":2,"name":"Tabasco registra nueva ola de violencia con ataques a negocios y quema de autos"}]},{"@type":"WebSite","@id":"https:\/\/fuentesfidedignas.com.mx\/#website","url":"https:\/\/fuentesfidedignas.com.mx\/","name":"Fuentes Fidedignas","description":"Otro sitio realizado con WordPress","publisher":{"@id":"https:\/\/fuentesfidedignas.com.mx\/#organization"},"potentialAction":[{"@type":"SearchAction","target":{"@type":"EntryPoint","urlTemplate":"https:\/\/fuentesfidedignas.com.mx\/?s={search_term_string}"},"query-input":{"@type":"PropertyValueSpecification","valueRequired":true,"valueName":"search_term_string"}}],"inLanguage":"es"},{"@type":"Organization","@id":"https:\/\/fuentesfidedignas.com.mx\/#organization","name":"Fuentes Fidedignas","url":"https:\/\/fuentesfidedignas.com.mx\/","logo":{"@type":"ImageObject","inLanguage":"es","@id":"https:\/\/fuentesfidedignas.com.mx\/#\/schema\/logo\/image\/","url":"https:\/\/fuentesfidedignas.com.mx\/wp-content\/uploads\/2021\/04\/logo-retina.png","contentUrl":"https:\/\/fuentesfidedignas.com.mx\/wp-content\/uploads\/2021\/04\/logo-retina.png","width":280,"height":51,"caption":"Fuentes Fidedignas"},"image":{"@id":"https:\/\/fuentesfidedignas.com.mx\/#\/schema\/logo\/image\/"},"sameAs":["https:\/\/www.facebook.com\/Fuentes-Fidedignas-368234489921644","https:\/\/x.com\/fidedignas"]},{"@type":"Person","@id":"https:\/\/fuentesfidedignas.com.mx\/#\/schema\/person\/47ec0135738f4b0c7495f06a77a2c976","name":"Milenio","image":{"@type":"ImageObject","inLanguage":"es","@id":"https:\/\/secure.gravatar.com\/avatar\/acabf7b54753e51c2c76457954577c236b3b764789b19879565769739d1e4a75?s=96&d=mm&r=g","url":"https:\/\/secure.gravatar.com\/avatar\/acabf7b54753e51c2c76457954577c236b3b764789b19879565769739d1e4a75?s=96&d=mm&r=g","contentUrl":"https:\/\/secure.gravatar.com\/avatar\/acabf7b54753e51c2c76457954577c236b3b764789b19879565769739d1e4a75?s=96&d=mm&r=g","caption":"Milenio"},"url":"https:\/\/fuentesfidedignas.com.mx\/index.php\/author\/milenio\/"}]}},"_links":{"self":[{"href":"https:\/\/fuentesfidedignas.com.mx\/index.php\/wp-json\/wp\/v2\/posts\/94953","targetHints":{"allow":["GET"]}}],"collection":[{"href":"https:\/\/fuentesfidedignas.com.mx\/index.php\/wp-json\/wp\/v2\/posts"}],"about":[{"href":"https:\/\/fuentesfidedignas.com.mx\/index.php\/wp-json\/wp\/v2\/types\/post"}],"author":[{"embeddable":true,"href":"https:\/\/fuentesfidedignas.com.mx\/index.php\/wp-json\/wp\/v2\/users\/9"}],"replies":[{"embeddable":true,"href":"https:\/\/fuentesfidedignas.com.mx\/index.php\/wp-json\/wp\/v2\/comments?post=94953"}],"version-history":[{"count":1,"href":"https:\/\/fuentesfidedignas.com.mx\/index.php\/wp-json\/wp\/v2\/posts\/94953\/revisions"}],"predecessor-version":[{"id":94955,"href":"https:\/\/fuentesfidedignas.com.mx\/index.php\/wp-json\/wp\/v2\/posts\/94953\/revisions\/94955"}],"wp:featuredmedia":[{"embeddable":true,"href":"https:\/\/fuentesfidedignas.com.mx\/index.php\/wp-json\/wp\/v2\/media\/94954"}],"wp:attachment":[{"href":"https:\/\/fuentesfidedignas.com.mx\/index.php\/wp-json\/wp\/v2\/media?parent=94953"}],"wp:term":[{"taxonomy":"category","embeddable":true,"href":"https:\/\/fuentesfidedignas.com.mx\/index.php\/wp-json\/wp\/v2\/categories?post=94953"},{"taxonomy":"post_tag","embeddable":true,"href":"https:\/\/fuentesfidedignas.com.mx\/index.php\/wp-json\/wp\/v2\/tags?post=94953"}],"curies":[{"name":"wp","href":"https:\/\/api.w.org\/{rel}","templated":true}]}}