{"id":94917,"date":"2024-11-07T10:17:56","date_gmt":"2024-11-07T17:17:56","guid":{"rendered":"https:\/\/fuentesfidedignas.com.mx\/?p=94917"},"modified":"2024-11-07T10:17:56","modified_gmt":"2024-11-07T17:17:56","slug":"seguridad-en-la-feria-ganadera-2024-estara-garantizada-con-un-amplio-operativo-castro-melendrez","status":"publish","type":"post","link":"https:\/\/fuentesfidedignas.com.mx\/index.php\/2024\/11\/07\/seguridad-en-la-feria-ganadera-2024-estara-garantizada-con-un-amplio-operativo-castro-melendrez\/","title":{"rendered":"Seguridad en la Feria Ganadera 2024 estar\u00e1 garantizada con un amplio operativo: Castro Mel\u00e9ndrez"},"content":{"rendered":"\n<p><em><strong>La estrategia actual permite reaccionar de inmediato ante cualquier evento, precis\u00f3<\/strong>.<\/em><\/p>\n\n\n\n<p>Culiac\u00e1n, Sin.- La seguridad de las familias sinaloenses que acudir\u00e1n a la Feria Ganadera 2024 y los eventos que se desarrollen en la misma, estar\u00e1 garantizada por un operativo de los tres niveles de gobierno, se\u00f1al\u00f3 este jueves Feliciano Castro Mel\u00e9ndrez, Secretario General de Gobierno, durante la conferencia de la Vocer\u00eda Estatal.<\/p>\n\n\n\n<p>&#8220;<em>El dispositivo de seguridad para el evento se va a instalar de manera plena el d\u00eda 13 en la noche. Previamente se van a hacer todas las pruebas t\u00e9cnicas requeridas para garantizar ese dispositivo, de tal suerte que, reiteramos, el dispositivo est\u00e1 concebido para que la feria y el palenque corran en la normalidad que el caso debe tener&#8221;<\/em>, precis\u00f3 el Vocero Estatal.<\/p>\n\n\n\n<p>Castro Mel\u00e9ndrez record\u00f3 que paso a paso se ha reafirmado la estrategia de seguridad para reaccionar de manera muy r\u00e1pida, lo cual ya se percibe en cualquier incidente que se presente y que son atendidos de inmediato por las corporaciones facultadas para actuar.<\/p>\n\n\n\n<p>&#8220;<em>Ante un conjunto de eventos, la respuesta de las fuerzas de seguridad es inmediata, se restablece el orden y se mantienen los procesos seg\u00fan sean los casos, si hablamos de bloqueos o intentos de bloqueo, si hablamos de otro tipo de acciones, ah\u00ed tenemos las fuerzas de seguridad, est\u00e1 concebida la estrategia para superar situaciones de esta naturaleza de inmediato<\/em>&#8220;, indic\u00f3 el Secretario General.<\/p>\n\n\n\n<p>Para concluir, Castro Mel\u00e9ndrez destac\u00f3 que han disminuido los robos en comercios, los cuales, si bien no se han erradicado totalmente, se contin\u00faa atendi\u00e9ndolos de manera puntual para abatirlos.<\/p>\n","protected":false},"excerpt":{"rendered":"<p>La estrategia actual permite reaccionar de inmediato ante cualquier evento, precis\u00f3. Culiac\u00e1n, Sin.- La seguridad de las familias sinaloenses que acudir\u00e1n a la Feria Ganadera 2024 y los eventos que se desarrollen en la misma, estar\u00e1 garantizada por un operativo de los tres niveles de gobierno, se\u00f1al\u00f3 este jueves Feliciano Castro Mel\u00e9ndrez, Secretario General de [&hellip;]<\/p>\n","protected":false},"author":4,"featured_media":94916,"comment_status":"closed","ping_status":"open","sticky":false,"template":"","format":"standard","meta":{"tdm_status":"","tdm_grid_status":"","footnotes":""},"categories":[37],"tags":[],"class_list":{"0":"post-94917","1":"post","2":"type-post","3":"status-publish","4":"format-standard","5":"has-post-thumbnail","7":"category-nota-principal"},"yoast_head":"<!-- This site is optimized with the Yoast SEO plugin v27.4 - https:\/\/yoast.com\/product\/yoast-seo-wordpress\/ -->\n<title>Seguridad en la Feria Ganadera 2024 estar\u00e1 garantizada con un amplio operativo: Castro Mel\u00e9ndrez - Fuentes Fidedignas<\/title>\n<meta name=\"robots\" content=\"index, follow, max-snippet:-1, max-image-preview:large, max-video-preview:-1\" \/>\n<link rel=\"canonical\" href=\"https:\/\/fuentesfidedignas.com.mx\/index.php\/2024\/11\/07\/seguridad-en-la-feria-ganadera-2024-estara-garantizada-con-un-amplio-operativo-castro-melendrez\/\" \/>\n<meta property=\"og:locale\" content=\"es_MX\" \/>\n<meta property=\"og:type\" content=\"article\" \/>\n<meta property=\"og:title\" content=\"Seguridad en la Feria Ganadera 2024 estar\u00e1 garantizada con un amplio operativo: Castro Mel\u00e9ndrez - Fuentes Fidedignas\" \/>\n<meta property=\"og:description\" content=\"La estrategia actual permite reaccionar de inmediato ante cualquier evento, precis\u00f3. Culiac\u00e1n, Sin.- La seguridad de las familias sinaloenses que acudir\u00e1n a la Feria Ganadera 2024 y los eventos que se desarrollen en la misma, estar\u00e1 garantizada por un operativo de los tres niveles de gobierno, se\u00f1al\u00f3 este jueves Feliciano Castro Mel\u00e9ndrez, Secretario General de [&hellip;]\" \/>\n<meta property=\"og:url\" content=\"https:\/\/fuentesfidedignas.com.mx\/index.php\/2024\/11\/07\/seguridad-en-la-feria-ganadera-2024-estara-garantizada-con-un-amplio-operativo-castro-melendrez\/\" \/>\n<meta property=\"og:site_name\" content=\"Fuentes Fidedignas\" \/>\n<meta property=\"article:publisher\" content=\"https:\/\/www.facebook.com\/Fuentes-Fidedignas-368234489921644\" \/>\n<meta property=\"article:published_time\" content=\"2024-11-07T17:17:56+00:00\" \/>\n<meta property=\"og:image\" content=\"https:\/\/fuentesfidedignas.com.mx\/wp-content\/uploads\/2024\/11\/17f5450a-a07b-4d90-a4df-ea5c2a55ee64-1.jpg\" \/>\n\t<meta property=\"og:image:width\" content=\"1280\" \/>\n\t<meta property=\"og:image:height\" content=\"960\" \/>\n\t<meta property=\"og:image:type\" content=\"image\/jpeg\" \/>\n<meta name=\"author\" content=\"Redacci\u00f3n\" \/>\n<meta name=\"twitter:card\" content=\"summary_large_image\" \/>\n<meta name=\"twitter:creator\" content=\"@fidedignas\" \/>\n<meta name=\"twitter:site\" content=\"@fidedignas\" \/>\n<meta name=\"twitter:label1\" content=\"Escrito por\" \/>\n\t<meta name=\"twitter:data1\" content=\"Redacci\u00f3n\" \/>\n\t<meta name=\"twitter:label2\" content=\"Tiempo de lectura\" \/>\n\t<meta name=\"twitter:data2\" content=\"1 minuto\" \/>\n<script type=\"application\/ld+json\" class=\"yoast-schema-graph\">{\"@context\":\"https:\\\/\\\/schema.org\",\"@graph\":[{\"@type\":\"Article\",\"@id\":\"https:\\\/\\\/fuentesfidedignas.com.mx\\\/index.php\\\/2024\\\/11\\\/07\\\/seguridad-en-la-feria-ganadera-2024-estara-garantizada-con-un-amplio-operativo-castro-melendrez\\\/#article\",\"isPartOf\":{\"@id\":\"https:\\\/\\\/fuentesfidedignas.com.mx\\\/index.php\\\/2024\\\/11\\\/07\\\/seguridad-en-la-feria-ganadera-2024-estara-garantizada-con-un-amplio-operativo-castro-melendrez\\\/\"},\"author\":{\"name\":\"Redacci\u00f3n\",\"@id\":\"https:\\\/\\\/fuentesfidedignas.com.mx\\\/#\\\/schema\\\/person\\\/331be9283d37198e2acd5750279085b0\"},\"headline\":\"Seguridad en la Feria Ganadera 2024 estar\u00e1 garantizada con un amplio operativo: Castro Mel\u00e9ndrez\",\"datePublished\":\"2024-11-07T17:17:56+00:00\",\"mainEntityOfPage\":{\"@id\":\"https:\\\/\\\/fuentesfidedignas.com.mx\\\/index.php\\\/2024\\\/11\\\/07\\\/seguridad-en-la-feria-ganadera-2024-estara-garantizada-con-un-amplio-operativo-castro-melendrez\\\/\"},\"wordCount\":288,\"publisher\":{\"@id\":\"https:\\\/\\\/fuentesfidedignas.com.mx\\\/#organization\"},\"image\":{\"@id\":\"https:\\\/\\\/fuentesfidedignas.com.mx\\\/index.php\\\/2024\\\/11\\\/07\\\/seguridad-en-la-feria-ganadera-2024-estara-garantizada-con-un-amplio-operativo-castro-melendrez\\\/#primaryimage\"},\"thumbnailUrl\":\"https:\\\/\\\/fuentesfidedignas.com.mx\\\/wp-content\\\/uploads\\\/2024\\\/11\\\/17f5450a-a07b-4d90-a4df-ea5c2a55ee64-1.jpg\",\"articleSection\":[\"NOTA PRINCIPAL\"],\"inLanguage\":\"es\"},{\"@type\":\"WebPage\",\"@id\":\"https:\\\/\\\/fuentesfidedignas.com.mx\\\/index.php\\\/2024\\\/11\\\/07\\\/seguridad-en-la-feria-ganadera-2024-estara-garantizada-con-un-amplio-operativo-castro-melendrez\\\/\",\"url\":\"https:\\\/\\\/fuentesfidedignas.com.mx\\\/index.php\\\/2024\\\/11\\\/07\\\/seguridad-en-la-feria-ganadera-2024-estara-garantizada-con-un-amplio-operativo-castro-melendrez\\\/\",\"name\":\"Seguridad en la Feria Ganadera 2024 estar\u00e1 garantizada con un amplio operativo: Castro Mel\u00e9ndrez - Fuentes Fidedignas\",\"isPartOf\":{\"@id\":\"https:\\\/\\\/fuentesfidedignas.com.mx\\\/#website\"},\"primaryImageOfPage\":{\"@id\":\"https:\\\/\\\/fuentesfidedignas.com.mx\\\/index.php\\\/2024\\\/11\\\/07\\\/seguridad-en-la-feria-ganadera-2024-estara-garantizada-con-un-amplio-operativo-castro-melendrez\\\/#primaryimage\"},\"image\":{\"@id\":\"https:\\\/\\\/fuentesfidedignas.com.mx\\\/index.php\\\/2024\\\/11\\\/07\\\/seguridad-en-la-feria-ganadera-2024-estara-garantizada-con-un-amplio-operativo-castro-melendrez\\\/#primaryimage\"},\"thumbnailUrl\":\"https:\\\/\\\/fuentesfidedignas.com.mx\\\/wp-content\\\/uploads\\\/2024\\\/11\\\/17f5450a-a07b-4d90-a4df-ea5c2a55ee64-1.jpg\",\"datePublished\":\"2024-11-07T17:17:56+00:00\",\"breadcrumb\":{\"@id\":\"https:\\\/\\\/fuentesfidedignas.com.mx\\\/index.php\\\/2024\\\/11\\\/07\\\/seguridad-en-la-feria-ganadera-2024-estara-garantizada-con-un-amplio-operativo-castro-melendrez\\\/#breadcrumb\"},\"inLanguage\":\"es\",\"potentialAction\":[{\"@type\":\"ReadAction\",\"target\":[\"https:\\\/\\\/fuentesfidedignas.com.mx\\\/index.php\\\/2024\\\/11\\\/07\\\/seguridad-en-la-feria-ganadera-2024-estara-garantizada-con-un-amplio-operativo-castro-melendrez\\\/\"]}]},{\"@type\":\"ImageObject\",\"inLanguage\":\"es\",\"@id\":\"https:\\\/\\\/fuentesfidedignas.com.mx\\\/index.php\\\/2024\\\/11\\\/07\\\/seguridad-en-la-feria-ganadera-2024-estara-garantizada-con-un-amplio-operativo-castro-melendrez\\\/#primaryimage\",\"url\":\"https:\\\/\\\/fuentesfidedignas.com.mx\\\/wp-content\\\/uploads\\\/2024\\\/11\\\/17f5450a-a07b-4d90-a4df-ea5c2a55ee64-1.jpg\",\"contentUrl\":\"https:\\\/\\\/fuentesfidedignas.com.mx\\\/wp-content\\\/uploads\\\/2024\\\/11\\\/17f5450a-a07b-4d90-a4df-ea5c2a55ee64-1.jpg\",\"width\":1280,\"height\":960},{\"@type\":\"BreadcrumbList\",\"@id\":\"https:\\\/\\\/fuentesfidedignas.com.mx\\\/index.php\\\/2024\\\/11\\\/07\\\/seguridad-en-la-feria-ganadera-2024-estara-garantizada-con-un-amplio-operativo-castro-melendrez\\\/#breadcrumb\",\"itemListElement\":[{\"@type\":\"ListItem\",\"position\":1,\"name\":\"Inicio\",\"item\":\"https:\\\/\\\/fuentesfidedignas.com.mx\\\/\"},{\"@type\":\"ListItem\",\"position\":2,\"name\":\"Seguridad en la Feria Ganadera 2024 estar\u00e1 garantizada con un amplio operativo: Castro Mel\u00e9ndrez\"}]},{\"@type\":\"WebSite\",\"@id\":\"https:\\\/\\\/fuentesfidedignas.com.mx\\\/#website\",\"url\":\"https:\\\/\\\/fuentesfidedignas.com.mx\\\/\",\"name\":\"Fuentes Fidedignas\",\"description\":\"Otro sitio realizado con WordPress\",\"publisher\":{\"@id\":\"https:\\\/\\\/fuentesfidedignas.com.mx\\\/#organization\"},\"potentialAction\":[{\"@type\":\"SearchAction\",\"target\":{\"@type\":\"EntryPoint\",\"urlTemplate\":\"https:\\\/\\\/fuentesfidedignas.com.mx\\\/?s={search_term_string}\"},\"query-input\":{\"@type\":\"PropertyValueSpecification\",\"valueRequired\":true,\"valueName\":\"search_term_string\"}}],\"inLanguage\":\"es\"},{\"@type\":\"Organization\",\"@id\":\"https:\\\/\\\/fuentesfidedignas.com.mx\\\/#organization\",\"name\":\"Fuentes Fidedignas\",\"url\":\"https:\\\/\\\/fuentesfidedignas.com.mx\\\/\",\"logo\":{\"@type\":\"ImageObject\",\"inLanguage\":\"es\",\"@id\":\"https:\\\/\\\/fuentesfidedignas.com.mx\\\/#\\\/schema\\\/logo\\\/image\\\/\",\"url\":\"https:\\\/\\\/fuentesfidedignas.com.mx\\\/wp-content\\\/uploads\\\/2021\\\/04\\\/logo-retina.png\",\"contentUrl\":\"https:\\\/\\\/fuentesfidedignas.com.mx\\\/wp-content\\\/uploads\\\/2021\\\/04\\\/logo-retina.png\",\"width\":280,\"height\":51,\"caption\":\"Fuentes Fidedignas\"},\"image\":{\"@id\":\"https:\\\/\\\/fuentesfidedignas.com.mx\\\/#\\\/schema\\\/logo\\\/image\\\/\"},\"sameAs\":[\"https:\\\/\\\/www.facebook.com\\\/Fuentes-Fidedignas-368234489921644\",\"https:\\\/\\\/x.com\\\/fidedignas\"]},{\"@type\":\"Person\",\"@id\":\"https:\\\/\\\/fuentesfidedignas.com.mx\\\/#\\\/schema\\\/person\\\/331be9283d37198e2acd5750279085b0\",\"name\":\"Redacci\u00f3n\",\"image\":{\"@type\":\"ImageObject\",\"inLanguage\":\"es\",\"@id\":\"https:\\\/\\\/secure.gravatar.com\\\/avatar\\\/f6d8782c11d12b2d4ad3fbb6931aeab5309937a4d6cd2fc9cfaa28a6396a5aec?s=96&d=mm&r=g\",\"url\":\"https:\\\/\\\/secure.gravatar.com\\\/avatar\\\/f6d8782c11d12b2d4ad3fbb6931aeab5309937a4d6cd2fc9cfaa28a6396a5aec?s=96&d=mm&r=g\",\"contentUrl\":\"https:\\\/\\\/secure.gravatar.com\\\/avatar\\\/f6d8782c11d12b2d4ad3fbb6931aeab5309937a4d6cd2fc9cfaa28a6396a5aec?s=96&d=mm&r=g\",\"caption\":\"Redacci\u00f3n\"},\"url\":\"https:\\\/\\\/fuentesfidedignas.com.mx\\\/index.php\\\/author\\\/redaccion\\\/\"}]}<\/script>\n<!-- \/ Yoast SEO plugin. -->","yoast_head_json":{"title":"Seguridad en la Feria Ganadera 2024 estar\u00e1 garantizada con un amplio operativo: Castro Mel\u00e9ndrez - Fuentes Fidedignas","robots":{"index":"index","follow":"follow","max-snippet":"max-snippet:-1","max-image-preview":"max-image-preview:large","max-video-preview":"max-video-preview:-1"},"canonical":"https:\/\/fuentesfidedignas.com.mx\/index.php\/2024\/11\/07\/seguridad-en-la-feria-ganadera-2024-estara-garantizada-con-un-amplio-operativo-castro-melendrez\/","og_locale":"es_MX","og_type":"article","og_title":"Seguridad en la Feria Ganadera 2024 estar\u00e1 garantizada con un amplio operativo: Castro Mel\u00e9ndrez - Fuentes Fidedignas","og_description":"La estrategia actual permite reaccionar de inmediato ante cualquier evento, precis\u00f3. Culiac\u00e1n, Sin.- La seguridad de las familias sinaloenses que acudir\u00e1n a la Feria Ganadera 2024 y los eventos que se desarrollen en la misma, estar\u00e1 garantizada por un operativo de los tres niveles de gobierno, se\u00f1al\u00f3 este jueves Feliciano Castro Mel\u00e9ndrez, Secretario General de [&hellip;]","og_url":"https:\/\/fuentesfidedignas.com.mx\/index.php\/2024\/11\/07\/seguridad-en-la-feria-ganadera-2024-estara-garantizada-con-un-amplio-operativo-castro-melendrez\/","og_site_name":"Fuentes Fidedignas","article_publisher":"https:\/\/www.facebook.com\/Fuentes-Fidedignas-368234489921644","article_published_time":"2024-11-07T17:17:56+00:00","og_image":[{"width":1280,"height":960,"url":"https:\/\/fuentesfidedignas.com.mx\/wp-content\/uploads\/2024\/11\/17f5450a-a07b-4d90-a4df-ea5c2a55ee64-1.jpg","type":"image\/jpeg"}],"author":"Redacci\u00f3n","twitter_card":"summary_large_image","twitter_creator":"@fidedignas","twitter_site":"@fidedignas","twitter_misc":{"Escrito por":"Redacci\u00f3n","Tiempo de lectura":"1 minuto"},"schema":{"@context":"https:\/\/schema.org","@graph":[{"@type":"Article","@id":"https:\/\/fuentesfidedignas.com.mx\/index.php\/2024\/11\/07\/seguridad-en-la-feria-ganadera-2024-estara-garantizada-con-un-amplio-operativo-castro-melendrez\/#article","isPartOf":{"@id":"https:\/\/fuentesfidedignas.com.mx\/index.php\/2024\/11\/07\/seguridad-en-la-feria-ganadera-2024-estara-garantizada-con-un-amplio-operativo-castro-melendrez\/"},"author":{"name":"Redacci\u00f3n","@id":"https:\/\/fuentesfidedignas.com.mx\/#\/schema\/person\/331be9283d37198e2acd5750279085b0"},"headline":"Seguridad en la Feria Ganadera 2024 estar\u00e1 garantizada con un amplio operativo: Castro Mel\u00e9ndrez","datePublished":"2024-11-07T17:17:56+00:00","mainEntityOfPage":{"@id":"https:\/\/fuentesfidedignas.com.mx\/index.php\/2024\/11\/07\/seguridad-en-la-feria-ganadera-2024-estara-garantizada-con-un-amplio-operativo-castro-melendrez\/"},"wordCount":288,"publisher":{"@id":"https:\/\/fuentesfidedignas.com.mx\/#organization"},"image":{"@id":"https:\/\/fuentesfidedignas.com.mx\/index.php\/2024\/11\/07\/seguridad-en-la-feria-ganadera-2024-estara-garantizada-con-un-amplio-operativo-castro-melendrez\/#primaryimage"},"thumbnailUrl":"https:\/\/fuentesfidedignas.com.mx\/wp-content\/uploads\/2024\/11\/17f5450a-a07b-4d90-a4df-ea5c2a55ee64-1.jpg","articleSection":["NOTA PRINCIPAL"],"inLanguage":"es"},{"@type":"WebPage","@id":"https:\/\/fuentesfidedignas.com.mx\/index.php\/2024\/11\/07\/seguridad-en-la-feria-ganadera-2024-estara-garantizada-con-un-amplio-operativo-castro-melendrez\/","url":"https:\/\/fuentesfidedignas.com.mx\/index.php\/2024\/11\/07\/seguridad-en-la-feria-ganadera-2024-estara-garantizada-con-un-amplio-operativo-castro-melendrez\/","name":"Seguridad en la Feria Ganadera 2024 estar\u00e1 garantizada con un amplio operativo: Castro Mel\u00e9ndrez - Fuentes Fidedignas","isPartOf":{"@id":"https:\/\/fuentesfidedignas.com.mx\/#website"},"primaryImageOfPage":{"@id":"https:\/\/fuentesfidedignas.com.mx\/index.php\/2024\/11\/07\/seguridad-en-la-feria-ganadera-2024-estara-garantizada-con-un-amplio-operativo-castro-melendrez\/#primaryimage"},"image":{"@id":"https:\/\/fuentesfidedignas.com.mx\/index.php\/2024\/11\/07\/seguridad-en-la-feria-ganadera-2024-estara-garantizada-con-un-amplio-operativo-castro-melendrez\/#primaryimage"},"thumbnailUrl":"https:\/\/fuentesfidedignas.com.mx\/wp-content\/uploads\/2024\/11\/17f5450a-a07b-4d90-a4df-ea5c2a55ee64-1.jpg","datePublished":"2024-11-07T17:17:56+00:00","breadcrumb":{"@id":"https:\/\/fuentesfidedignas.com.mx\/index.php\/2024\/11\/07\/seguridad-en-la-feria-ganadera-2024-estara-garantizada-con-un-amplio-operativo-castro-melendrez\/#breadcrumb"},"inLanguage":"es","potentialAction":[{"@type":"ReadAction","target":["https:\/\/fuentesfidedignas.com.mx\/index.php\/2024\/11\/07\/seguridad-en-la-feria-ganadera-2024-estara-garantizada-con-un-amplio-operativo-castro-melendrez\/"]}]},{"@type":"ImageObject","inLanguage":"es","@id":"https:\/\/fuentesfidedignas.com.mx\/index.php\/2024\/11\/07\/seguridad-en-la-feria-ganadera-2024-estara-garantizada-con-un-amplio-operativo-castro-melendrez\/#primaryimage","url":"https:\/\/fuentesfidedignas.com.mx\/wp-content\/uploads\/2024\/11\/17f5450a-a07b-4d90-a4df-ea5c2a55ee64-1.jpg","contentUrl":"https:\/\/fuentesfidedignas.com.mx\/wp-content\/uploads\/2024\/11\/17f5450a-a07b-4d90-a4df-ea5c2a55ee64-1.jpg","width":1280,"height":960},{"@type":"BreadcrumbList","@id":"https:\/\/fuentesfidedignas.com.mx\/index.php\/2024\/11\/07\/seguridad-en-la-feria-ganadera-2024-estara-garantizada-con-un-amplio-operativo-castro-melendrez\/#breadcrumb","itemListElement":[{"@type":"ListItem","position":1,"name":"Inicio","item":"https:\/\/fuentesfidedignas.com.mx\/"},{"@type":"ListItem","position":2,"name":"Seguridad en la Feria Ganadera 2024 estar\u00e1 garantizada con un amplio operativo: Castro Mel\u00e9ndrez"}]},{"@type":"WebSite","@id":"https:\/\/fuentesfidedignas.com.mx\/#website","url":"https:\/\/fuentesfidedignas.com.mx\/","name":"Fuentes Fidedignas","description":"Otro sitio realizado con WordPress","publisher":{"@id":"https:\/\/fuentesfidedignas.com.mx\/#organization"},"potentialAction":[{"@type":"SearchAction","target":{"@type":"EntryPoint","urlTemplate":"https:\/\/fuentesfidedignas.com.mx\/?s={search_term_string}"},"query-input":{"@type":"PropertyValueSpecification","valueRequired":true,"valueName":"search_term_string"}}],"inLanguage":"es"},{"@type":"Organization","@id":"https:\/\/fuentesfidedignas.com.mx\/#organization","name":"Fuentes Fidedignas","url":"https:\/\/fuentesfidedignas.com.mx\/","logo":{"@type":"ImageObject","inLanguage":"es","@id":"https:\/\/fuentesfidedignas.com.mx\/#\/schema\/logo\/image\/","url":"https:\/\/fuentesfidedignas.com.mx\/wp-content\/uploads\/2021\/04\/logo-retina.png","contentUrl":"https:\/\/fuentesfidedignas.com.mx\/wp-content\/uploads\/2021\/04\/logo-retina.png","width":280,"height":51,"caption":"Fuentes Fidedignas"},"image":{"@id":"https:\/\/fuentesfidedignas.com.mx\/#\/schema\/logo\/image\/"},"sameAs":["https:\/\/www.facebook.com\/Fuentes-Fidedignas-368234489921644","https:\/\/x.com\/fidedignas"]},{"@type":"Person","@id":"https:\/\/fuentesfidedignas.com.mx\/#\/schema\/person\/331be9283d37198e2acd5750279085b0","name":"Redacci\u00f3n","image":{"@type":"ImageObject","inLanguage":"es","@id":"https:\/\/secure.gravatar.com\/avatar\/f6d8782c11d12b2d4ad3fbb6931aeab5309937a4d6cd2fc9cfaa28a6396a5aec?s=96&d=mm&r=g","url":"https:\/\/secure.gravatar.com\/avatar\/f6d8782c11d12b2d4ad3fbb6931aeab5309937a4d6cd2fc9cfaa28a6396a5aec?s=96&d=mm&r=g","contentUrl":"https:\/\/secure.gravatar.com\/avatar\/f6d8782c11d12b2d4ad3fbb6931aeab5309937a4d6cd2fc9cfaa28a6396a5aec?s=96&d=mm&r=g","caption":"Redacci\u00f3n"},"url":"https:\/\/fuentesfidedignas.com.mx\/index.php\/author\/redaccion\/"}]}},"_links":{"self":[{"href":"https:\/\/fuentesfidedignas.com.mx\/index.php\/wp-json\/wp\/v2\/posts\/94917","targetHints":{"allow":["GET"]}}],"collection":[{"href":"https:\/\/fuentesfidedignas.com.mx\/index.php\/wp-json\/wp\/v2\/posts"}],"about":[{"href":"https:\/\/fuentesfidedignas.com.mx\/index.php\/wp-json\/wp\/v2\/types\/post"}],"author":[{"embeddable":true,"href":"https:\/\/fuentesfidedignas.com.mx\/index.php\/wp-json\/wp\/v2\/users\/4"}],"replies":[{"embeddable":true,"href":"https:\/\/fuentesfidedignas.com.mx\/index.php\/wp-json\/wp\/v2\/comments?post=94917"}],"version-history":[{"count":1,"href":"https:\/\/fuentesfidedignas.com.mx\/index.php\/wp-json\/wp\/v2\/posts\/94917\/revisions"}],"predecessor-version":[{"id":94918,"href":"https:\/\/fuentesfidedignas.com.mx\/index.php\/wp-json\/wp\/v2\/posts\/94917\/revisions\/94918"}],"wp:featuredmedia":[{"embeddable":true,"href":"https:\/\/fuentesfidedignas.com.mx\/index.php\/wp-json\/wp\/v2\/media\/94916"}],"wp:attachment":[{"href":"https:\/\/fuentesfidedignas.com.mx\/index.php\/wp-json\/wp\/v2\/media?parent=94917"}],"wp:term":[{"taxonomy":"category","embeddable":true,"href":"https:\/\/fuentesfidedignas.com.mx\/index.php\/wp-json\/wp\/v2\/categories?post=94917"},{"taxonomy":"post_tag","embeddable":true,"href":"https:\/\/fuentesfidedignas.com.mx\/index.php\/wp-json\/wp\/v2\/tags?post=94917"}],"curies":[{"name":"wp","href":"https:\/\/api.w.org\/{rel}","templated":true}]}}