{"id":9474,"date":"2021-08-10T16:48:45","date_gmt":"2021-08-10T23:48:45","guid":{"rendered":"https:\/\/fuentesfidedignas.com.mx\/?p=9474"},"modified":"2021-08-10T16:48:46","modified_gmt":"2021-08-10T23:48:46","slug":"falso-que-la-pandemia-de-covid-19-ahora-sea-de-ninos-y-adolescentes-lopez-gatell","status":"publish","type":"post","link":"https:\/\/fuentesfidedignas.com.mx\/index.php\/2021\/08\/10\/falso-que-la-pandemia-de-covid-19-ahora-sea-de-ninos-y-adolescentes-lopez-gatell\/","title":{"rendered":"Falso, que la pandemia de Covid-19 ahora sea de ni\u00f1os y adolescentes: L\u00f3pez-Gatell"},"content":{"rendered":"\n<p><strong><em>El subsecretario de Salud afirm\u00f3 que no existe evidencia en M\u00e9xico, ni en el mundo, que sustente que la pandemia de Covid-19 ahora afecta m\u00e1s a ni\u00f1os, ni\u00f1as y adolescentes<br><\/em><\/strong><\/p>\n\n\n\n<p>Ciudad de M\u00e9xico.- El subsecretario de Prevenci\u00f3n y Promoci\u00f3n de Salud, Hugo L\u00f3pez-Gatell, se\u00f1al\u00f3 que es falso que la pandemia de Covid-19 ahora sea de ni\u00f1as, ni\u00f1os y adolescentes.<\/p>\n\n\n\n<p>En la conferencia matutina presidencial, el m\u00e9dico explic\u00f3 que la mortalidad de las personas menores de 18 a\u00f1os fue baja durante la segunda ola y as\u00ed se mantiene en la tercera.<\/p>\n\n\n\n<p>\u201cTodas estas ideas que han circulado de que ahora es una epidemia de adolescentes y ni\u00f1os no tienen sustento de evidencia ni en M\u00e9xico, ni en ninguna otra parte del mundo\u201d, expres\u00f3.<\/p>\n\n\n\n<p>Adem\u00e1s, indic\u00f3 que con la vacuna antiCovid la mortalidad se ha reducido en todas las edades, particularmente en la poblaci\u00f3n mayor de 60 a\u00f1os. Por ello, la tercera ola tiene menor proporci\u00f3n de personas que pierden la vida y lo mismo sucedi\u00f3 con los contagios.<\/p>\n\n\n\n<p>El subsecretario agreg\u00f3 que hasta ahora se han aplicado 73 millones de dosis. Lo que equivale a 51.4 millones de personas mayores de 18 a\u00f1os inmunizadas, es decir 57 por ciento de la poblaci\u00f3n adulta; de los cuales 54 por ciento cuenta con esquemas completos y 46 por ciento son recientes.<\/p>\n\n\n\n<p>Aunado a ello, Gatell hizo un llamado a toda la poblaci\u00f3n que no se ha vacunado a que lo haga, en especial a las mujeres embarazadas. El cient\u00edfico mencion\u00f3 que las autoridades de salud identificaron que existe renuencia de este segmento de la poblaci\u00f3n y hay personal de salud que no les recomienda la aplicaci\u00f3n del biol\u00f3gico. Sin embargo, reiter\u00f3 que es seguro y disminuye la posibilidad de presentar complicaciones durante la gestaci\u00f3n.<\/p>\n\n\n\n<p>\u201cEs muy importante que se vacunen cuando est\u00e1n en estado biol\u00f3gico de susceptibilidad a las infecciones. Por favor, mujeres embarazadas que tengan 10 o m\u00e1s semanas de embarazo, vac\u00fanense\u201d, agreg\u00f3.<\/p>\n","protected":false},"excerpt":{"rendered":"<p>El subsecretario de Salud afirm\u00f3 que no existe evidencia en M\u00e9xico, ni en el mundo, que sustente que la pandemia de Covid-19 ahora afecta m\u00e1s a ni\u00f1os, ni\u00f1as y adolescentes Ciudad de M\u00e9xico.- El subsecretario de Prevenci\u00f3n y Promoci\u00f3n de Salud, Hugo L\u00f3pez-Gatell, se\u00f1al\u00f3 que es falso que la pandemia de Covid-19 ahora sea de [&hellip;]<\/p>\n","protected":false},"author":14,"featured_media":9475,"comment_status":"open","ping_status":"open","sticky":false,"template":"","format":"standard","meta":{"tdm_status":"","tdm_grid_status":"","footnotes":""},"categories":[39],"tags":[332,59,296,416],"class_list":{"0":"post-9474","1":"post","2":"type-post","3":"status-publish","4":"format-standard","5":"has-post-thumbnail","7":"category-noticias-nacionales","8":"tag-coronavirus","9":"tag-covid-19","10":"tag-hugo-lopez-gatell","11":"tag-sars-cov-2"},"yoast_head":"<!-- This site is optimized with the Yoast SEO plugin v27.4 - https:\/\/yoast.com\/product\/yoast-seo-wordpress\/ -->\n<title>Falso, que la pandemia de Covid-19 ahora sea de ni\u00f1os y adolescentes: L\u00f3pez-Gatell - Fuentes Fidedignas<\/title>\n<meta name=\"robots\" content=\"index, follow, max-snippet:-1, max-image-preview:large, max-video-preview:-1\" \/>\n<link rel=\"canonical\" href=\"https:\/\/fuentesfidedignas.com.mx\/index.php\/2021\/08\/10\/falso-que-la-pandemia-de-covid-19-ahora-sea-de-ninos-y-adolescentes-lopez-gatell\/\" \/>\n<meta property=\"og:locale\" content=\"es_MX\" \/>\n<meta property=\"og:type\" content=\"article\" \/>\n<meta property=\"og:title\" content=\"Falso, que la pandemia de Covid-19 ahora sea de ni\u00f1os y adolescentes: L\u00f3pez-Gatell - Fuentes Fidedignas\" \/>\n<meta property=\"og:description\" content=\"El subsecretario de Salud afirm\u00f3 que no existe evidencia en M\u00e9xico, ni en el mundo, que sustente que la pandemia de Covid-19 ahora afecta m\u00e1s a ni\u00f1os, ni\u00f1as y adolescentes Ciudad de M\u00e9xico.- El subsecretario de Prevenci\u00f3n y Promoci\u00f3n de Salud, Hugo L\u00f3pez-Gatell, se\u00f1al\u00f3 que es falso que la pandemia de Covid-19 ahora sea de [&hellip;]\" \/>\n<meta property=\"og:url\" content=\"https:\/\/fuentesfidedignas.com.mx\/index.php\/2021\/08\/10\/falso-que-la-pandemia-de-covid-19-ahora-sea-de-ninos-y-adolescentes-lopez-gatell\/\" \/>\n<meta property=\"og:site_name\" content=\"Fuentes Fidedignas\" \/>\n<meta property=\"article:publisher\" content=\"https:\/\/www.facebook.com\/Fuentes-Fidedignas-368234489921644\" \/>\n<meta property=\"article:published_time\" content=\"2021-08-10T23:48:45+00:00\" \/>\n<meta property=\"article:modified_time\" content=\"2021-08-10T23:48:46+00:00\" \/>\n<meta property=\"og:image\" content=\"https:\/\/fuentesfidedignas.com.mx\/wp-content\/uploads\/2021\/08\/gatell_25.jpg\" \/>\n\t<meta property=\"og:image:width\" content=\"980\" \/>\n\t<meta property=\"og:image:height\" content=\"599\" \/>\n\t<meta property=\"og:image:type\" content=\"image\/jpeg\" \/>\n<meta name=\"author\" content=\"Vanguardia\" \/>\n<meta name=\"twitter:card\" content=\"summary_large_image\" \/>\n<meta name=\"twitter:creator\" content=\"@fidedignas\" \/>\n<meta name=\"twitter:site\" content=\"@fidedignas\" \/>\n<meta name=\"twitter:label1\" content=\"Escrito por\" \/>\n\t<meta name=\"twitter:data1\" content=\"Vanguardia\" \/>\n\t<meta name=\"twitter:label2\" content=\"Tiempo de lectura\" \/>\n\t<meta name=\"twitter:data2\" content=\"2 minutos\" \/>\n<script type=\"application\/ld+json\" class=\"yoast-schema-graph\">{\"@context\":\"https:\\\/\\\/schema.org\",\"@graph\":[{\"@type\":\"Article\",\"@id\":\"https:\\\/\\\/fuentesfidedignas.com.mx\\\/index.php\\\/2021\\\/08\\\/10\\\/falso-que-la-pandemia-de-covid-19-ahora-sea-de-ninos-y-adolescentes-lopez-gatell\\\/#article\",\"isPartOf\":{\"@id\":\"https:\\\/\\\/fuentesfidedignas.com.mx\\\/index.php\\\/2021\\\/08\\\/10\\\/falso-que-la-pandemia-de-covid-19-ahora-sea-de-ninos-y-adolescentes-lopez-gatell\\\/\"},\"author\":{\"name\":\"Vanguardia\",\"@id\":\"https:\\\/\\\/fuentesfidedignas.com.mx\\\/#\\\/schema\\\/person\\\/bce747fb6a0b0feefab1e3e7c4e84d2b\"},\"headline\":\"Falso, que la pandemia de Covid-19 ahora sea de ni\u00f1os y adolescentes: L\u00f3pez-Gatell\",\"datePublished\":\"2021-08-10T23:48:45+00:00\",\"dateModified\":\"2021-08-10T23:48:46+00:00\",\"mainEntityOfPage\":{\"@id\":\"https:\\\/\\\/fuentesfidedignas.com.mx\\\/index.php\\\/2021\\\/08\\\/10\\\/falso-que-la-pandemia-de-covid-19-ahora-sea-de-ninos-y-adolescentes-lopez-gatell\\\/\"},\"wordCount\":359,\"commentCount\":0,\"publisher\":{\"@id\":\"https:\\\/\\\/fuentesfidedignas.com.mx\\\/#organization\"},\"image\":{\"@id\":\"https:\\\/\\\/fuentesfidedignas.com.mx\\\/index.php\\\/2021\\\/08\\\/10\\\/falso-que-la-pandemia-de-covid-19-ahora-sea-de-ninos-y-adolescentes-lopez-gatell\\\/#primaryimage\"},\"thumbnailUrl\":\"https:\\\/\\\/fuentesfidedignas.com.mx\\\/wp-content\\\/uploads\\\/2021\\\/08\\\/gatell_25.jpg\",\"keywords\":[\"Coronavirus\",\"Covid-19\",\"Hugo L\u00f3pez-Gatell\",\"SARS-CoV-2\"],\"articleSection\":[\"NOTICIAS NACIONALES\"],\"inLanguage\":\"es\",\"potentialAction\":[{\"@type\":\"CommentAction\",\"name\":\"Comment\",\"target\":[\"https:\\\/\\\/fuentesfidedignas.com.mx\\\/index.php\\\/2021\\\/08\\\/10\\\/falso-que-la-pandemia-de-covid-19-ahora-sea-de-ninos-y-adolescentes-lopez-gatell\\\/#respond\"]}]},{\"@type\":\"WebPage\",\"@id\":\"https:\\\/\\\/fuentesfidedignas.com.mx\\\/index.php\\\/2021\\\/08\\\/10\\\/falso-que-la-pandemia-de-covid-19-ahora-sea-de-ninos-y-adolescentes-lopez-gatell\\\/\",\"url\":\"https:\\\/\\\/fuentesfidedignas.com.mx\\\/index.php\\\/2021\\\/08\\\/10\\\/falso-que-la-pandemia-de-covid-19-ahora-sea-de-ninos-y-adolescentes-lopez-gatell\\\/\",\"name\":\"Falso, que la pandemia de Covid-19 ahora sea de ni\u00f1os y adolescentes: L\u00f3pez-Gatell - Fuentes Fidedignas\",\"isPartOf\":{\"@id\":\"https:\\\/\\\/fuentesfidedignas.com.mx\\\/#website\"},\"primaryImageOfPage\":{\"@id\":\"https:\\\/\\\/fuentesfidedignas.com.mx\\\/index.php\\\/2021\\\/08\\\/10\\\/falso-que-la-pandemia-de-covid-19-ahora-sea-de-ninos-y-adolescentes-lopez-gatell\\\/#primaryimage\"},\"image\":{\"@id\":\"https:\\\/\\\/fuentesfidedignas.com.mx\\\/index.php\\\/2021\\\/08\\\/10\\\/falso-que-la-pandemia-de-covid-19-ahora-sea-de-ninos-y-adolescentes-lopez-gatell\\\/#primaryimage\"},\"thumbnailUrl\":\"https:\\\/\\\/fuentesfidedignas.com.mx\\\/wp-content\\\/uploads\\\/2021\\\/08\\\/gatell_25.jpg\",\"datePublished\":\"2021-08-10T23:48:45+00:00\",\"dateModified\":\"2021-08-10T23:48:46+00:00\",\"breadcrumb\":{\"@id\":\"https:\\\/\\\/fuentesfidedignas.com.mx\\\/index.php\\\/2021\\\/08\\\/10\\\/falso-que-la-pandemia-de-covid-19-ahora-sea-de-ninos-y-adolescentes-lopez-gatell\\\/#breadcrumb\"},\"inLanguage\":\"es\",\"potentialAction\":[{\"@type\":\"ReadAction\",\"target\":[\"https:\\\/\\\/fuentesfidedignas.com.mx\\\/index.php\\\/2021\\\/08\\\/10\\\/falso-que-la-pandemia-de-covid-19-ahora-sea-de-ninos-y-adolescentes-lopez-gatell\\\/\"]}]},{\"@type\":\"ImageObject\",\"inLanguage\":\"es\",\"@id\":\"https:\\\/\\\/fuentesfidedignas.com.mx\\\/index.php\\\/2021\\\/08\\\/10\\\/falso-que-la-pandemia-de-covid-19-ahora-sea-de-ninos-y-adolescentes-lopez-gatell\\\/#primaryimage\",\"url\":\"https:\\\/\\\/fuentesfidedignas.com.mx\\\/wp-content\\\/uploads\\\/2021\\\/08\\\/gatell_25.jpg\",\"contentUrl\":\"https:\\\/\\\/fuentesfidedignas.com.mx\\\/wp-content\\\/uploads\\\/2021\\\/08\\\/gatell_25.jpg\",\"width\":980,\"height\":599},{\"@type\":\"BreadcrumbList\",\"@id\":\"https:\\\/\\\/fuentesfidedignas.com.mx\\\/index.php\\\/2021\\\/08\\\/10\\\/falso-que-la-pandemia-de-covid-19-ahora-sea-de-ninos-y-adolescentes-lopez-gatell\\\/#breadcrumb\",\"itemListElement\":[{\"@type\":\"ListItem\",\"position\":1,\"name\":\"Inicio\",\"item\":\"https:\\\/\\\/fuentesfidedignas.com.mx\\\/\"},{\"@type\":\"ListItem\",\"position\":2,\"name\":\"Falso, que la pandemia de Covid-19 ahora sea de ni\u00f1os y adolescentes: L\u00f3pez-Gatell\"}]},{\"@type\":\"WebSite\",\"@id\":\"https:\\\/\\\/fuentesfidedignas.com.mx\\\/#website\",\"url\":\"https:\\\/\\\/fuentesfidedignas.com.mx\\\/\",\"name\":\"Fuentes Fidedignas\",\"description\":\"Otro sitio realizado con WordPress\",\"publisher\":{\"@id\":\"https:\\\/\\\/fuentesfidedignas.com.mx\\\/#organization\"},\"potentialAction\":[{\"@type\":\"SearchAction\",\"target\":{\"@type\":\"EntryPoint\",\"urlTemplate\":\"https:\\\/\\\/fuentesfidedignas.com.mx\\\/?s={search_term_string}\"},\"query-input\":{\"@type\":\"PropertyValueSpecification\",\"valueRequired\":true,\"valueName\":\"search_term_string\"}}],\"inLanguage\":\"es\"},{\"@type\":\"Organization\",\"@id\":\"https:\\\/\\\/fuentesfidedignas.com.mx\\\/#organization\",\"name\":\"Fuentes Fidedignas\",\"url\":\"https:\\\/\\\/fuentesfidedignas.com.mx\\\/\",\"logo\":{\"@type\":\"ImageObject\",\"inLanguage\":\"es\",\"@id\":\"https:\\\/\\\/fuentesfidedignas.com.mx\\\/#\\\/schema\\\/logo\\\/image\\\/\",\"url\":\"https:\\\/\\\/fuentesfidedignas.com.mx\\\/wp-content\\\/uploads\\\/2021\\\/04\\\/logo-retina.png\",\"contentUrl\":\"https:\\\/\\\/fuentesfidedignas.com.mx\\\/wp-content\\\/uploads\\\/2021\\\/04\\\/logo-retina.png\",\"width\":280,\"height\":51,\"caption\":\"Fuentes Fidedignas\"},\"image\":{\"@id\":\"https:\\\/\\\/fuentesfidedignas.com.mx\\\/#\\\/schema\\\/logo\\\/image\\\/\"},\"sameAs\":[\"https:\\\/\\\/www.facebook.com\\\/Fuentes-Fidedignas-368234489921644\",\"https:\\\/\\\/x.com\\\/fidedignas\"]},{\"@type\":\"Person\",\"@id\":\"https:\\\/\\\/fuentesfidedignas.com.mx\\\/#\\\/schema\\\/person\\\/bce747fb6a0b0feefab1e3e7c4e84d2b\",\"name\":\"Vanguardia\",\"image\":{\"@type\":\"ImageObject\",\"inLanguage\":\"es\",\"@id\":\"https:\\\/\\\/secure.gravatar.com\\\/avatar\\\/6d7e1e0fdcdef594fdfc9206070adafb95cd5cd9b47c113cb987d91ee74e35df?s=96&d=mm&r=g\",\"url\":\"https:\\\/\\\/secure.gravatar.com\\\/avatar\\\/6d7e1e0fdcdef594fdfc9206070adafb95cd5cd9b47c113cb987d91ee74e35df?s=96&d=mm&r=g\",\"contentUrl\":\"https:\\\/\\\/secure.gravatar.com\\\/avatar\\\/6d7e1e0fdcdef594fdfc9206070adafb95cd5cd9b47c113cb987d91ee74e35df?s=96&d=mm&r=g\",\"caption\":\"Vanguardia\"},\"url\":\"https:\\\/\\\/fuentesfidedignas.com.mx\\\/index.php\\\/author\\\/vanguardia\\\/\"}]}<\/script>\n<!-- \/ Yoast SEO plugin. -->","yoast_head_json":{"title":"Falso, que la pandemia de Covid-19 ahora sea de ni\u00f1os y adolescentes: L\u00f3pez-Gatell - Fuentes Fidedignas","robots":{"index":"index","follow":"follow","max-snippet":"max-snippet:-1","max-image-preview":"max-image-preview:large","max-video-preview":"max-video-preview:-1"},"canonical":"https:\/\/fuentesfidedignas.com.mx\/index.php\/2021\/08\/10\/falso-que-la-pandemia-de-covid-19-ahora-sea-de-ninos-y-adolescentes-lopez-gatell\/","og_locale":"es_MX","og_type":"article","og_title":"Falso, que la pandemia de Covid-19 ahora sea de ni\u00f1os y adolescentes: L\u00f3pez-Gatell - Fuentes Fidedignas","og_description":"El subsecretario de Salud afirm\u00f3 que no existe evidencia en M\u00e9xico, ni en el mundo, que sustente que la pandemia de Covid-19 ahora afecta m\u00e1s a ni\u00f1os, ni\u00f1as y adolescentes Ciudad de M\u00e9xico.- El subsecretario de Prevenci\u00f3n y Promoci\u00f3n de Salud, Hugo L\u00f3pez-Gatell, se\u00f1al\u00f3 que es falso que la pandemia de Covid-19 ahora sea de [&hellip;]","og_url":"https:\/\/fuentesfidedignas.com.mx\/index.php\/2021\/08\/10\/falso-que-la-pandemia-de-covid-19-ahora-sea-de-ninos-y-adolescentes-lopez-gatell\/","og_site_name":"Fuentes Fidedignas","article_publisher":"https:\/\/www.facebook.com\/Fuentes-Fidedignas-368234489921644","article_published_time":"2021-08-10T23:48:45+00:00","article_modified_time":"2021-08-10T23:48:46+00:00","og_image":[{"width":980,"height":599,"url":"https:\/\/fuentesfidedignas.com.mx\/wp-content\/uploads\/2021\/08\/gatell_25.jpg","type":"image\/jpeg"}],"author":"Vanguardia","twitter_card":"summary_large_image","twitter_creator":"@fidedignas","twitter_site":"@fidedignas","twitter_misc":{"Escrito por":"Vanguardia","Tiempo de lectura":"2 minutos"},"schema":{"@context":"https:\/\/schema.org","@graph":[{"@type":"Article","@id":"https:\/\/fuentesfidedignas.com.mx\/index.php\/2021\/08\/10\/falso-que-la-pandemia-de-covid-19-ahora-sea-de-ninos-y-adolescentes-lopez-gatell\/#article","isPartOf":{"@id":"https:\/\/fuentesfidedignas.com.mx\/index.php\/2021\/08\/10\/falso-que-la-pandemia-de-covid-19-ahora-sea-de-ninos-y-adolescentes-lopez-gatell\/"},"author":{"name":"Vanguardia","@id":"https:\/\/fuentesfidedignas.com.mx\/#\/schema\/person\/bce747fb6a0b0feefab1e3e7c4e84d2b"},"headline":"Falso, que la pandemia de Covid-19 ahora sea de ni\u00f1os y adolescentes: L\u00f3pez-Gatell","datePublished":"2021-08-10T23:48:45+00:00","dateModified":"2021-08-10T23:48:46+00:00","mainEntityOfPage":{"@id":"https:\/\/fuentesfidedignas.com.mx\/index.php\/2021\/08\/10\/falso-que-la-pandemia-de-covid-19-ahora-sea-de-ninos-y-adolescentes-lopez-gatell\/"},"wordCount":359,"commentCount":0,"publisher":{"@id":"https:\/\/fuentesfidedignas.com.mx\/#organization"},"image":{"@id":"https:\/\/fuentesfidedignas.com.mx\/index.php\/2021\/08\/10\/falso-que-la-pandemia-de-covid-19-ahora-sea-de-ninos-y-adolescentes-lopez-gatell\/#primaryimage"},"thumbnailUrl":"https:\/\/fuentesfidedignas.com.mx\/wp-content\/uploads\/2021\/08\/gatell_25.jpg","keywords":["Coronavirus","Covid-19","Hugo L\u00f3pez-Gatell","SARS-CoV-2"],"articleSection":["NOTICIAS NACIONALES"],"inLanguage":"es","potentialAction":[{"@type":"CommentAction","name":"Comment","target":["https:\/\/fuentesfidedignas.com.mx\/index.php\/2021\/08\/10\/falso-que-la-pandemia-de-covid-19-ahora-sea-de-ninos-y-adolescentes-lopez-gatell\/#respond"]}]},{"@type":"WebPage","@id":"https:\/\/fuentesfidedignas.com.mx\/index.php\/2021\/08\/10\/falso-que-la-pandemia-de-covid-19-ahora-sea-de-ninos-y-adolescentes-lopez-gatell\/","url":"https:\/\/fuentesfidedignas.com.mx\/index.php\/2021\/08\/10\/falso-que-la-pandemia-de-covid-19-ahora-sea-de-ninos-y-adolescentes-lopez-gatell\/","name":"Falso, que la pandemia de Covid-19 ahora sea de ni\u00f1os y adolescentes: L\u00f3pez-Gatell - Fuentes Fidedignas","isPartOf":{"@id":"https:\/\/fuentesfidedignas.com.mx\/#website"},"primaryImageOfPage":{"@id":"https:\/\/fuentesfidedignas.com.mx\/index.php\/2021\/08\/10\/falso-que-la-pandemia-de-covid-19-ahora-sea-de-ninos-y-adolescentes-lopez-gatell\/#primaryimage"},"image":{"@id":"https:\/\/fuentesfidedignas.com.mx\/index.php\/2021\/08\/10\/falso-que-la-pandemia-de-covid-19-ahora-sea-de-ninos-y-adolescentes-lopez-gatell\/#primaryimage"},"thumbnailUrl":"https:\/\/fuentesfidedignas.com.mx\/wp-content\/uploads\/2021\/08\/gatell_25.jpg","datePublished":"2021-08-10T23:48:45+00:00","dateModified":"2021-08-10T23:48:46+00:00","breadcrumb":{"@id":"https:\/\/fuentesfidedignas.com.mx\/index.php\/2021\/08\/10\/falso-que-la-pandemia-de-covid-19-ahora-sea-de-ninos-y-adolescentes-lopez-gatell\/#breadcrumb"},"inLanguage":"es","potentialAction":[{"@type":"ReadAction","target":["https:\/\/fuentesfidedignas.com.mx\/index.php\/2021\/08\/10\/falso-que-la-pandemia-de-covid-19-ahora-sea-de-ninos-y-adolescentes-lopez-gatell\/"]}]},{"@type":"ImageObject","inLanguage":"es","@id":"https:\/\/fuentesfidedignas.com.mx\/index.php\/2021\/08\/10\/falso-que-la-pandemia-de-covid-19-ahora-sea-de-ninos-y-adolescentes-lopez-gatell\/#primaryimage","url":"https:\/\/fuentesfidedignas.com.mx\/wp-content\/uploads\/2021\/08\/gatell_25.jpg","contentUrl":"https:\/\/fuentesfidedignas.com.mx\/wp-content\/uploads\/2021\/08\/gatell_25.jpg","width":980,"height":599},{"@type":"BreadcrumbList","@id":"https:\/\/fuentesfidedignas.com.mx\/index.php\/2021\/08\/10\/falso-que-la-pandemia-de-covid-19-ahora-sea-de-ninos-y-adolescentes-lopez-gatell\/#breadcrumb","itemListElement":[{"@type":"ListItem","position":1,"name":"Inicio","item":"https:\/\/fuentesfidedignas.com.mx\/"},{"@type":"ListItem","position":2,"name":"Falso, que la pandemia de Covid-19 ahora sea de ni\u00f1os y adolescentes: L\u00f3pez-Gatell"}]},{"@type":"WebSite","@id":"https:\/\/fuentesfidedignas.com.mx\/#website","url":"https:\/\/fuentesfidedignas.com.mx\/","name":"Fuentes Fidedignas","description":"Otro sitio realizado con WordPress","publisher":{"@id":"https:\/\/fuentesfidedignas.com.mx\/#organization"},"potentialAction":[{"@type":"SearchAction","target":{"@type":"EntryPoint","urlTemplate":"https:\/\/fuentesfidedignas.com.mx\/?s={search_term_string}"},"query-input":{"@type":"PropertyValueSpecification","valueRequired":true,"valueName":"search_term_string"}}],"inLanguage":"es"},{"@type":"Organization","@id":"https:\/\/fuentesfidedignas.com.mx\/#organization","name":"Fuentes Fidedignas","url":"https:\/\/fuentesfidedignas.com.mx\/","logo":{"@type":"ImageObject","inLanguage":"es","@id":"https:\/\/fuentesfidedignas.com.mx\/#\/schema\/logo\/image\/","url":"https:\/\/fuentesfidedignas.com.mx\/wp-content\/uploads\/2021\/04\/logo-retina.png","contentUrl":"https:\/\/fuentesfidedignas.com.mx\/wp-content\/uploads\/2021\/04\/logo-retina.png","width":280,"height":51,"caption":"Fuentes Fidedignas"},"image":{"@id":"https:\/\/fuentesfidedignas.com.mx\/#\/schema\/logo\/image\/"},"sameAs":["https:\/\/www.facebook.com\/Fuentes-Fidedignas-368234489921644","https:\/\/x.com\/fidedignas"]},{"@type":"Person","@id":"https:\/\/fuentesfidedignas.com.mx\/#\/schema\/person\/bce747fb6a0b0feefab1e3e7c4e84d2b","name":"Vanguardia","image":{"@type":"ImageObject","inLanguage":"es","@id":"https:\/\/secure.gravatar.com\/avatar\/6d7e1e0fdcdef594fdfc9206070adafb95cd5cd9b47c113cb987d91ee74e35df?s=96&d=mm&r=g","url":"https:\/\/secure.gravatar.com\/avatar\/6d7e1e0fdcdef594fdfc9206070adafb95cd5cd9b47c113cb987d91ee74e35df?s=96&d=mm&r=g","contentUrl":"https:\/\/secure.gravatar.com\/avatar\/6d7e1e0fdcdef594fdfc9206070adafb95cd5cd9b47c113cb987d91ee74e35df?s=96&d=mm&r=g","caption":"Vanguardia"},"url":"https:\/\/fuentesfidedignas.com.mx\/index.php\/author\/vanguardia\/"}]}},"_links":{"self":[{"href":"https:\/\/fuentesfidedignas.com.mx\/index.php\/wp-json\/wp\/v2\/posts\/9474","targetHints":{"allow":["GET"]}}],"collection":[{"href":"https:\/\/fuentesfidedignas.com.mx\/index.php\/wp-json\/wp\/v2\/posts"}],"about":[{"href":"https:\/\/fuentesfidedignas.com.mx\/index.php\/wp-json\/wp\/v2\/types\/post"}],"author":[{"embeddable":true,"href":"https:\/\/fuentesfidedignas.com.mx\/index.php\/wp-json\/wp\/v2\/users\/14"}],"replies":[{"embeddable":true,"href":"https:\/\/fuentesfidedignas.com.mx\/index.php\/wp-json\/wp\/v2\/comments?post=9474"}],"version-history":[{"count":1,"href":"https:\/\/fuentesfidedignas.com.mx\/index.php\/wp-json\/wp\/v2\/posts\/9474\/revisions"}],"predecessor-version":[{"id":9476,"href":"https:\/\/fuentesfidedignas.com.mx\/index.php\/wp-json\/wp\/v2\/posts\/9474\/revisions\/9476"}],"wp:featuredmedia":[{"embeddable":true,"href":"https:\/\/fuentesfidedignas.com.mx\/index.php\/wp-json\/wp\/v2\/media\/9475"}],"wp:attachment":[{"href":"https:\/\/fuentesfidedignas.com.mx\/index.php\/wp-json\/wp\/v2\/media?parent=9474"}],"wp:term":[{"taxonomy":"category","embeddable":true,"href":"https:\/\/fuentesfidedignas.com.mx\/index.php\/wp-json\/wp\/v2\/categories?post=9474"},{"taxonomy":"post_tag","embeddable":true,"href":"https:\/\/fuentesfidedignas.com.mx\/index.php\/wp-json\/wp\/v2\/tags?post=9474"}],"curies":[{"name":"wp","href":"https:\/\/api.w.org\/{rel}","templated":true}]}}