{"id":945,"date":"2021-05-04T01:38:00","date_gmt":"2021-05-04T08:38:00","guid":{"rendered":"https:\/\/fuentesfidedignas.com.mx\/?p=945"},"modified":"2021-05-04T05:01:02","modified_gmt":"2021-05-04T12:01:02","slug":"madre-vegana-deja-que-su-bebe-coma-arena-y-piedras-causa-polemica","status":"publish","type":"post","link":"https:\/\/fuentesfidedignas.com.mx\/index.php\/2021\/05\/04\/madre-vegana-deja-que-su-bebe-coma-arena-y-piedras-causa-polemica\/","title":{"rendered":"Madre vegana deja que su beb\u00e9 coma arena y piedras; causa pol\u00e9mica"},"content":{"rendered":"\n<p><strong><em>Una mujer de 22 a\u00f1os permite que su beb\u00e9 de ocho meses mastique y lama lo que quiera, desde piedras hasta carritos de supermercado<\/em><\/strong><\/p>\n\n\n\n<p>Una acci\u00f3n muy com\u00fan en un beb\u00e9 es que se meta cosas a la boca, desde juguetes hasta zapatos. Es su forma de hacer un reconocimiento de los objetos; es inevitable y en alg\u00fan momento va a suceder. Aunque algunos padres entran en p\u00e1nico, existe el caso de una madre vegana que est\u00e1 feliz de dejar que su hijo coma desde arena hasta piedras.<\/p>\n\n\n\n<p>Alice Bender, de 22 a\u00f1os, documenta su d\u00eda a d\u00eda criando a Fern, su beb\u00e9 de ocho meses. La mujer originaria de Arizona en Estados Unidos ha generado mucha pol\u00e9mica debido a que permite que su hijo se lleve a la boca palos, tierra y adem\u00e1s, lama carritos de supermercado. \u00bfPor qu\u00e9 lo hace?<\/p>\n\n\n\n<p>La joven mam\u00e1 sostiene que as\u00ed es como se construye el sistema inmunol\u00f3gico del menor, pues las bacterias influyen de forma positiva. Adem\u00e1s, afirma que su hijo s\u00f3lo se alimenta de leche materna y posee una fuerte salud.<\/p>\n\n\n\n<p>&#8220;No le temo a las bacterias. De hecho, les doy la bienvenida. Conf\u00edo en la naturaleza y en mi beb\u00e9. No es una coincidencia que los beb\u00e9s tengan este instinto mientras est\u00e1n amamantando&#8221;, dijo en un controversial video que ya cuenta con m\u00e1s de 12 millones de visualizaciones.<\/p>\n\n\n\n<p>Si bien es cierto que consumir una peque\u00f1a cantidad de bacterias de los objetos que los beb\u00e9s se llevan a la boca puede ayudar a &#8220;estimular el sistema inmunol\u00f3gico&#8221;, la arena y la tierra albergan altos niveles de bacterias que pueden causar problemas respiratorios cuando se inhalan.<\/p>\n\n\n\n<figure class=\"wp-block-embed is-type-video is-provider-tiktok wp-block-embed-tiktok\"><div class=\"wp-block-embed__wrapper\">\n<blockquote class=\"tiktok-embed\" cite=\"https:\/\/www.tiktok.com\/@comingupfern\/video\/6956677874334108933\" data-video-id=\"6956677874334108933\" style=\"max-width: 605px;min-width: 325px;\" > <section> <a target=\"_blank\" title=\"@comingupfern\" href=\"https:\/\/www.tiktok.com\/@comingupfern\">@comingupfern<\/a> <p>Reply to @sydneybrassyfields those crunches \ud83e\udd7a <a title=\"teething\" target=\"_blank\" href=\"https:\/\/www.tiktok.com\/tag\/teething\">#teething<\/a> <a title=\"homebirth\" target=\"_blank\" href=\"https:\/\/www.tiktok.com\/tag\/homebirth\">#homebirth<\/a> <a title=\"unassistedbirth\" target=\"_blank\" href=\"https:\/\/www.tiktok.com\/tag\/unassistedbirth\">#unassistedbirth<\/a> <a title=\"vbac\" target=\"_blank\" href=\"https:\/\/www.tiktok.com\/tag\/vbac\">#vbac<\/a> <a title=\"grounding\" target=\"_blank\" href=\"https:\/\/www.tiktok.com\/tag\/grounding\">#grounding<\/a> <a title=\"babygrounding\" target=\"_blank\" href=\"https:\/\/www.tiktok.com\/tag\/babygrounding\">#babygrounding<\/a> <a title=\"naturebaby\" target=\"_blank\" href=\"https:\/\/www.tiktok.com\/tag\/naturebaby\">#naturebaby<\/a> <a title=\"8monthsold\" target=\"_blank\" href=\"https:\/\/www.tiktok.com\/tag\/8monthsold\">#8monthsold<\/a><\/p> <a target=\"_blank\" title=\"\u266c Runaway - AURORA\" href=\"https:\/\/www.tiktok.com\/music\/Runaway-6604064037363780357\">\u266c Runaway &#8211; AURORA<\/a> <\/section> <\/blockquote> <script async src=\"https:\/\/www.tiktok.com\/embed.js\"><\/script>\n<\/div><\/figure>\n\n\n\n<p><strong>Opiniones dividas<\/strong><\/p>\n\n\n\n<p>&#8220;Una cosa es permitir que tu hijo coma alimentos del suelo, pero lo est\u00e1s llevando demasiado lejos&#8221;; &#8220;Entiendo lo de las bacterias, pero la arena, los palos y las piedras no suenan bien&#8221; y &#8220;\u00bfQu\u00e9 pasa con las astillas y la arena que pueden herir su est\u00f3mago?&#8221;, son algunas cr\u00edticas a la tiktoker.<\/p>\n\n\n\n<p>&#8220;Tu beb\u00e9 tendr\u00e1 un sistema inmunol\u00f3gico asombroso&#8221;; &#8220;Hice lo mismo con mi hija y es la ni\u00f1a de cinco a\u00f1os m\u00e1s saludable que he conocido&#8221; y &#8220;As\u00ed es como los beb\u00e9s construyen su sistema inmunol\u00f3gico&#8221;, son unos cuantos comentarios apoyando la idea de crianza de Alice.<\/p>\n","protected":false},"excerpt":{"rendered":"<p>Una mujer de 22 a\u00f1os permite que su beb\u00e9 de ocho meses mastique y lama lo que quiera, desde piedras hasta carritos de supermercado Una acci\u00f3n muy com\u00fan en un beb\u00e9 es que se meta cosas a la boca, desde juguetes hasta zapatos. Es su forma de hacer un reconocimiento de los objetos; es inevitable [&hellip;]<\/p>\n","protected":false},"author":9,"featured_media":951,"comment_status":"open","ping_status":"open","sticky":false,"template":"","format":"standard","meta":{"tdm_status":"","tdm_grid_status":"","footnotes":""},"categories":[40],"tags":[192,193],"class_list":{"0":"post-945","1":"post","2":"type-post","3":"status-publish","4":"format-standard","5":"has-post-thumbnail","7":"category-las-asombrosas","8":"tag-asombrosas","9":"tag-viral"},"yoast_head":"<!-- This site is optimized with the Yoast SEO plugin v27.5 - https:\/\/yoast.com\/product\/yoast-seo-wordpress\/ -->\n<title>Madre vegana deja que su beb\u00e9 coma arena y piedras; causa pol\u00e9mica - Fuentes Fidedignas<\/title>\n<meta name=\"robots\" content=\"index, follow, max-snippet:-1, max-image-preview:large, max-video-preview:-1\" \/>\n<link rel=\"canonical\" href=\"https:\/\/fuentesfidedignas.com.mx\/index.php\/2021\/05\/04\/madre-vegana-deja-que-su-bebe-coma-arena-y-piedras-causa-polemica\/\" \/>\n<meta property=\"og:locale\" content=\"es_MX\" \/>\n<meta property=\"og:type\" content=\"article\" \/>\n<meta property=\"og:title\" content=\"Madre vegana deja que su beb\u00e9 coma arena y piedras; causa pol\u00e9mica - Fuentes Fidedignas\" \/>\n<meta property=\"og:description\" content=\"Una mujer de 22 a\u00f1os permite que su beb\u00e9 de ocho meses mastique y lama lo que quiera, desde piedras hasta carritos de supermercado Una acci\u00f3n muy com\u00fan en un beb\u00e9 es que se meta cosas a la boca, desde juguetes hasta zapatos. Es su forma de hacer un reconocimiento de los objetos; es inevitable [&hellip;]\" \/>\n<meta property=\"og:url\" content=\"https:\/\/fuentesfidedignas.com.mx\/index.php\/2021\/05\/04\/madre-vegana-deja-que-su-bebe-coma-arena-y-piedras-causa-polemica\/\" \/>\n<meta property=\"og:site_name\" content=\"Fuentes Fidedignas\" \/>\n<meta property=\"article:publisher\" content=\"https:\/\/www.facebook.com\/Fuentes-Fidedignas-368234489921644\" \/>\n<meta property=\"article:published_time\" content=\"2021-05-04T08:38:00+00:00\" \/>\n<meta property=\"article:modified_time\" content=\"2021-05-04T12:01:02+00:00\" \/>\n<meta property=\"og:image\" content=\"https:\/\/fuentesfidedignas.com.mx\/wp-content\/uploads\/2021\/05\/mujer-deja-bebe-coma-arenas.jpg\" \/>\n\t<meta property=\"og:image:width\" content=\"958\" \/>\n\t<meta property=\"og:image:height\" content=\"596\" \/>\n\t<meta property=\"og:image:type\" content=\"image\/jpeg\" \/>\n<meta name=\"author\" content=\"Milenio\" \/>\n<meta name=\"twitter:card\" content=\"summary_large_image\" \/>\n<meta name=\"twitter:creator\" content=\"@fidedignas\" \/>\n<meta name=\"twitter:site\" content=\"@fidedignas\" \/>\n<meta name=\"twitter:label1\" content=\"Escrito por\" \/>\n\t<meta name=\"twitter:data1\" content=\"Milenio\" \/>\n\t<meta name=\"twitter:label2\" content=\"Tiempo de lectura\" \/>\n\t<meta name=\"twitter:data2\" content=\"2 minutos\" \/>\n<script type=\"application\/ld+json\" class=\"yoast-schema-graph\">{\"@context\":\"https:\\\/\\\/schema.org\",\"@graph\":[{\"@type\":\"Article\",\"@id\":\"https:\\\/\\\/fuentesfidedignas.com.mx\\\/index.php\\\/2021\\\/05\\\/04\\\/madre-vegana-deja-que-su-bebe-coma-arena-y-piedras-causa-polemica\\\/#article\",\"isPartOf\":{\"@id\":\"https:\\\/\\\/fuentesfidedignas.com.mx\\\/index.php\\\/2021\\\/05\\\/04\\\/madre-vegana-deja-que-su-bebe-coma-arena-y-piedras-causa-polemica\\\/\"},\"author\":{\"name\":\"Milenio\",\"@id\":\"https:\\\/\\\/fuentesfidedignas.com.mx\\\/#\\\/schema\\\/person\\\/47ec0135738f4b0c7495f06a77a2c976\"},\"headline\":\"Madre vegana deja que su beb\u00e9 coma arena y piedras; causa pol\u00e9mica\",\"datePublished\":\"2021-05-04T08:38:00+00:00\",\"dateModified\":\"2021-05-04T12:01:02+00:00\",\"mainEntityOfPage\":{\"@id\":\"https:\\\/\\\/fuentesfidedignas.com.mx\\\/index.php\\\/2021\\\/05\\\/04\\\/madre-vegana-deja-que-su-bebe-coma-arena-y-piedras-causa-polemica\\\/\"},\"wordCount\":437,\"commentCount\":0,\"publisher\":{\"@id\":\"https:\\\/\\\/fuentesfidedignas.com.mx\\\/#organization\"},\"image\":{\"@id\":\"https:\\\/\\\/fuentesfidedignas.com.mx\\\/index.php\\\/2021\\\/05\\\/04\\\/madre-vegana-deja-que-su-bebe-coma-arena-y-piedras-causa-polemica\\\/#primaryimage\"},\"thumbnailUrl\":\"https:\\\/\\\/fuentesfidedignas.com.mx\\\/wp-content\\\/uploads\\\/2021\\\/05\\\/mujer-deja-bebe-coma-arenas.jpg\",\"keywords\":[\"Asombrosas\",\"Viral\"],\"articleSection\":[\"LAS ASOMBROSAS\"],\"inLanguage\":\"es\",\"potentialAction\":[{\"@type\":\"CommentAction\",\"name\":\"Comment\",\"target\":[\"https:\\\/\\\/fuentesfidedignas.com.mx\\\/index.php\\\/2021\\\/05\\\/04\\\/madre-vegana-deja-que-su-bebe-coma-arena-y-piedras-causa-polemica\\\/#respond\"]}]},{\"@type\":\"WebPage\",\"@id\":\"https:\\\/\\\/fuentesfidedignas.com.mx\\\/index.php\\\/2021\\\/05\\\/04\\\/madre-vegana-deja-que-su-bebe-coma-arena-y-piedras-causa-polemica\\\/\",\"url\":\"https:\\\/\\\/fuentesfidedignas.com.mx\\\/index.php\\\/2021\\\/05\\\/04\\\/madre-vegana-deja-que-su-bebe-coma-arena-y-piedras-causa-polemica\\\/\",\"name\":\"Madre vegana deja que su beb\u00e9 coma arena y piedras; causa pol\u00e9mica - Fuentes Fidedignas\",\"isPartOf\":{\"@id\":\"https:\\\/\\\/fuentesfidedignas.com.mx\\\/#website\"},\"primaryImageOfPage\":{\"@id\":\"https:\\\/\\\/fuentesfidedignas.com.mx\\\/index.php\\\/2021\\\/05\\\/04\\\/madre-vegana-deja-que-su-bebe-coma-arena-y-piedras-causa-polemica\\\/#primaryimage\"},\"image\":{\"@id\":\"https:\\\/\\\/fuentesfidedignas.com.mx\\\/index.php\\\/2021\\\/05\\\/04\\\/madre-vegana-deja-que-su-bebe-coma-arena-y-piedras-causa-polemica\\\/#primaryimage\"},\"thumbnailUrl\":\"https:\\\/\\\/fuentesfidedignas.com.mx\\\/wp-content\\\/uploads\\\/2021\\\/05\\\/mujer-deja-bebe-coma-arenas.jpg\",\"datePublished\":\"2021-05-04T08:38:00+00:00\",\"dateModified\":\"2021-05-04T12:01:02+00:00\",\"breadcrumb\":{\"@id\":\"https:\\\/\\\/fuentesfidedignas.com.mx\\\/index.php\\\/2021\\\/05\\\/04\\\/madre-vegana-deja-que-su-bebe-coma-arena-y-piedras-causa-polemica\\\/#breadcrumb\"},\"inLanguage\":\"es\",\"potentialAction\":[{\"@type\":\"ReadAction\",\"target\":[\"https:\\\/\\\/fuentesfidedignas.com.mx\\\/index.php\\\/2021\\\/05\\\/04\\\/madre-vegana-deja-que-su-bebe-coma-arena-y-piedras-causa-polemica\\\/\"]}]},{\"@type\":\"ImageObject\",\"inLanguage\":\"es\",\"@id\":\"https:\\\/\\\/fuentesfidedignas.com.mx\\\/index.php\\\/2021\\\/05\\\/04\\\/madre-vegana-deja-que-su-bebe-coma-arena-y-piedras-causa-polemica\\\/#primaryimage\",\"url\":\"https:\\\/\\\/fuentesfidedignas.com.mx\\\/wp-content\\\/uploads\\\/2021\\\/05\\\/mujer-deja-bebe-coma-arenas.jpg\",\"contentUrl\":\"https:\\\/\\\/fuentesfidedignas.com.mx\\\/wp-content\\\/uploads\\\/2021\\\/05\\\/mujer-deja-bebe-coma-arenas.jpg\",\"width\":958,\"height\":596},{\"@type\":\"BreadcrumbList\",\"@id\":\"https:\\\/\\\/fuentesfidedignas.com.mx\\\/index.php\\\/2021\\\/05\\\/04\\\/madre-vegana-deja-que-su-bebe-coma-arena-y-piedras-causa-polemica\\\/#breadcrumb\",\"itemListElement\":[{\"@type\":\"ListItem\",\"position\":1,\"name\":\"Inicio\",\"item\":\"https:\\\/\\\/fuentesfidedignas.com.mx\\\/\"},{\"@type\":\"ListItem\",\"position\":2,\"name\":\"Madre vegana deja que su beb\u00e9 coma arena y piedras; causa pol\u00e9mica\"}]},{\"@type\":\"WebSite\",\"@id\":\"https:\\\/\\\/fuentesfidedignas.com.mx\\\/#website\",\"url\":\"https:\\\/\\\/fuentesfidedignas.com.mx\\\/\",\"name\":\"Fuentes Fidedignas\",\"description\":\"Otro sitio realizado con WordPress\",\"publisher\":{\"@id\":\"https:\\\/\\\/fuentesfidedignas.com.mx\\\/#organization\"},\"potentialAction\":[{\"@type\":\"SearchAction\",\"target\":{\"@type\":\"EntryPoint\",\"urlTemplate\":\"https:\\\/\\\/fuentesfidedignas.com.mx\\\/?s={search_term_string}\"},\"query-input\":{\"@type\":\"PropertyValueSpecification\",\"valueRequired\":true,\"valueName\":\"search_term_string\"}}],\"inLanguage\":\"es\"},{\"@type\":\"Organization\",\"@id\":\"https:\\\/\\\/fuentesfidedignas.com.mx\\\/#organization\",\"name\":\"Fuentes Fidedignas\",\"url\":\"https:\\\/\\\/fuentesfidedignas.com.mx\\\/\",\"logo\":{\"@type\":\"ImageObject\",\"inLanguage\":\"es\",\"@id\":\"https:\\\/\\\/fuentesfidedignas.com.mx\\\/#\\\/schema\\\/logo\\\/image\\\/\",\"url\":\"https:\\\/\\\/fuentesfidedignas.com.mx\\\/wp-content\\\/uploads\\\/2021\\\/04\\\/logo-retina.png\",\"contentUrl\":\"https:\\\/\\\/fuentesfidedignas.com.mx\\\/wp-content\\\/uploads\\\/2021\\\/04\\\/logo-retina.png\",\"width\":280,\"height\":51,\"caption\":\"Fuentes Fidedignas\"},\"image\":{\"@id\":\"https:\\\/\\\/fuentesfidedignas.com.mx\\\/#\\\/schema\\\/logo\\\/image\\\/\"},\"sameAs\":[\"https:\\\/\\\/www.facebook.com\\\/Fuentes-Fidedignas-368234489921644\",\"https:\\\/\\\/x.com\\\/fidedignas\"]},{\"@type\":\"Person\",\"@id\":\"https:\\\/\\\/fuentesfidedignas.com.mx\\\/#\\\/schema\\\/person\\\/47ec0135738f4b0c7495f06a77a2c976\",\"name\":\"Milenio\",\"image\":{\"@type\":\"ImageObject\",\"inLanguage\":\"es\",\"@id\":\"https:\\\/\\\/secure.gravatar.com\\\/avatar\\\/acabf7b54753e51c2c76457954577c236b3b764789b19879565769739d1e4a75?s=96&d=mm&r=g\",\"url\":\"https:\\\/\\\/secure.gravatar.com\\\/avatar\\\/acabf7b54753e51c2c76457954577c236b3b764789b19879565769739d1e4a75?s=96&d=mm&r=g\",\"contentUrl\":\"https:\\\/\\\/secure.gravatar.com\\\/avatar\\\/acabf7b54753e51c2c76457954577c236b3b764789b19879565769739d1e4a75?s=96&d=mm&r=g\",\"caption\":\"Milenio\"},\"url\":\"https:\\\/\\\/fuentesfidedignas.com.mx\\\/index.php\\\/author\\\/milenio\\\/\"}]}<\/script>\n<!-- \/ Yoast SEO plugin. -->","yoast_head_json":{"title":"Madre vegana deja que su beb\u00e9 coma arena y piedras; causa pol\u00e9mica - Fuentes Fidedignas","robots":{"index":"index","follow":"follow","max-snippet":"max-snippet:-1","max-image-preview":"max-image-preview:large","max-video-preview":"max-video-preview:-1"},"canonical":"https:\/\/fuentesfidedignas.com.mx\/index.php\/2021\/05\/04\/madre-vegana-deja-que-su-bebe-coma-arena-y-piedras-causa-polemica\/","og_locale":"es_MX","og_type":"article","og_title":"Madre vegana deja que su beb\u00e9 coma arena y piedras; causa pol\u00e9mica - Fuentes Fidedignas","og_description":"Una mujer de 22 a\u00f1os permite que su beb\u00e9 de ocho meses mastique y lama lo que quiera, desde piedras hasta carritos de supermercado Una acci\u00f3n muy com\u00fan en un beb\u00e9 es que se meta cosas a la boca, desde juguetes hasta zapatos. Es su forma de hacer un reconocimiento de los objetos; es inevitable [&hellip;]","og_url":"https:\/\/fuentesfidedignas.com.mx\/index.php\/2021\/05\/04\/madre-vegana-deja-que-su-bebe-coma-arena-y-piedras-causa-polemica\/","og_site_name":"Fuentes Fidedignas","article_publisher":"https:\/\/www.facebook.com\/Fuentes-Fidedignas-368234489921644","article_published_time":"2021-05-04T08:38:00+00:00","article_modified_time":"2021-05-04T12:01:02+00:00","og_image":[{"width":958,"height":596,"url":"https:\/\/fuentesfidedignas.com.mx\/wp-content\/uploads\/2021\/05\/mujer-deja-bebe-coma-arenas.jpg","type":"image\/jpeg"}],"author":"Milenio","twitter_card":"summary_large_image","twitter_creator":"@fidedignas","twitter_site":"@fidedignas","twitter_misc":{"Escrito por":"Milenio","Tiempo de lectura":"2 minutos"},"schema":{"@context":"https:\/\/schema.org","@graph":[{"@type":"Article","@id":"https:\/\/fuentesfidedignas.com.mx\/index.php\/2021\/05\/04\/madre-vegana-deja-que-su-bebe-coma-arena-y-piedras-causa-polemica\/#article","isPartOf":{"@id":"https:\/\/fuentesfidedignas.com.mx\/index.php\/2021\/05\/04\/madre-vegana-deja-que-su-bebe-coma-arena-y-piedras-causa-polemica\/"},"author":{"name":"Milenio","@id":"https:\/\/fuentesfidedignas.com.mx\/#\/schema\/person\/47ec0135738f4b0c7495f06a77a2c976"},"headline":"Madre vegana deja que su beb\u00e9 coma arena y piedras; causa pol\u00e9mica","datePublished":"2021-05-04T08:38:00+00:00","dateModified":"2021-05-04T12:01:02+00:00","mainEntityOfPage":{"@id":"https:\/\/fuentesfidedignas.com.mx\/index.php\/2021\/05\/04\/madre-vegana-deja-que-su-bebe-coma-arena-y-piedras-causa-polemica\/"},"wordCount":437,"commentCount":0,"publisher":{"@id":"https:\/\/fuentesfidedignas.com.mx\/#organization"},"image":{"@id":"https:\/\/fuentesfidedignas.com.mx\/index.php\/2021\/05\/04\/madre-vegana-deja-que-su-bebe-coma-arena-y-piedras-causa-polemica\/#primaryimage"},"thumbnailUrl":"https:\/\/fuentesfidedignas.com.mx\/wp-content\/uploads\/2021\/05\/mujer-deja-bebe-coma-arenas.jpg","keywords":["Asombrosas","Viral"],"articleSection":["LAS ASOMBROSAS"],"inLanguage":"es","potentialAction":[{"@type":"CommentAction","name":"Comment","target":["https:\/\/fuentesfidedignas.com.mx\/index.php\/2021\/05\/04\/madre-vegana-deja-que-su-bebe-coma-arena-y-piedras-causa-polemica\/#respond"]}]},{"@type":"WebPage","@id":"https:\/\/fuentesfidedignas.com.mx\/index.php\/2021\/05\/04\/madre-vegana-deja-que-su-bebe-coma-arena-y-piedras-causa-polemica\/","url":"https:\/\/fuentesfidedignas.com.mx\/index.php\/2021\/05\/04\/madre-vegana-deja-que-su-bebe-coma-arena-y-piedras-causa-polemica\/","name":"Madre vegana deja que su beb\u00e9 coma arena y piedras; causa pol\u00e9mica - Fuentes Fidedignas","isPartOf":{"@id":"https:\/\/fuentesfidedignas.com.mx\/#website"},"primaryImageOfPage":{"@id":"https:\/\/fuentesfidedignas.com.mx\/index.php\/2021\/05\/04\/madre-vegana-deja-que-su-bebe-coma-arena-y-piedras-causa-polemica\/#primaryimage"},"image":{"@id":"https:\/\/fuentesfidedignas.com.mx\/index.php\/2021\/05\/04\/madre-vegana-deja-que-su-bebe-coma-arena-y-piedras-causa-polemica\/#primaryimage"},"thumbnailUrl":"https:\/\/fuentesfidedignas.com.mx\/wp-content\/uploads\/2021\/05\/mujer-deja-bebe-coma-arenas.jpg","datePublished":"2021-05-04T08:38:00+00:00","dateModified":"2021-05-04T12:01:02+00:00","breadcrumb":{"@id":"https:\/\/fuentesfidedignas.com.mx\/index.php\/2021\/05\/04\/madre-vegana-deja-que-su-bebe-coma-arena-y-piedras-causa-polemica\/#breadcrumb"},"inLanguage":"es","potentialAction":[{"@type":"ReadAction","target":["https:\/\/fuentesfidedignas.com.mx\/index.php\/2021\/05\/04\/madre-vegana-deja-que-su-bebe-coma-arena-y-piedras-causa-polemica\/"]}]},{"@type":"ImageObject","inLanguage":"es","@id":"https:\/\/fuentesfidedignas.com.mx\/index.php\/2021\/05\/04\/madre-vegana-deja-que-su-bebe-coma-arena-y-piedras-causa-polemica\/#primaryimage","url":"https:\/\/fuentesfidedignas.com.mx\/wp-content\/uploads\/2021\/05\/mujer-deja-bebe-coma-arenas.jpg","contentUrl":"https:\/\/fuentesfidedignas.com.mx\/wp-content\/uploads\/2021\/05\/mujer-deja-bebe-coma-arenas.jpg","width":958,"height":596},{"@type":"BreadcrumbList","@id":"https:\/\/fuentesfidedignas.com.mx\/index.php\/2021\/05\/04\/madre-vegana-deja-que-su-bebe-coma-arena-y-piedras-causa-polemica\/#breadcrumb","itemListElement":[{"@type":"ListItem","position":1,"name":"Inicio","item":"https:\/\/fuentesfidedignas.com.mx\/"},{"@type":"ListItem","position":2,"name":"Madre vegana deja que su beb\u00e9 coma arena y piedras; causa pol\u00e9mica"}]},{"@type":"WebSite","@id":"https:\/\/fuentesfidedignas.com.mx\/#website","url":"https:\/\/fuentesfidedignas.com.mx\/","name":"Fuentes Fidedignas","description":"Otro sitio realizado con WordPress","publisher":{"@id":"https:\/\/fuentesfidedignas.com.mx\/#organization"},"potentialAction":[{"@type":"SearchAction","target":{"@type":"EntryPoint","urlTemplate":"https:\/\/fuentesfidedignas.com.mx\/?s={search_term_string}"},"query-input":{"@type":"PropertyValueSpecification","valueRequired":true,"valueName":"search_term_string"}}],"inLanguage":"es"},{"@type":"Organization","@id":"https:\/\/fuentesfidedignas.com.mx\/#organization","name":"Fuentes Fidedignas","url":"https:\/\/fuentesfidedignas.com.mx\/","logo":{"@type":"ImageObject","inLanguage":"es","@id":"https:\/\/fuentesfidedignas.com.mx\/#\/schema\/logo\/image\/","url":"https:\/\/fuentesfidedignas.com.mx\/wp-content\/uploads\/2021\/04\/logo-retina.png","contentUrl":"https:\/\/fuentesfidedignas.com.mx\/wp-content\/uploads\/2021\/04\/logo-retina.png","width":280,"height":51,"caption":"Fuentes Fidedignas"},"image":{"@id":"https:\/\/fuentesfidedignas.com.mx\/#\/schema\/logo\/image\/"},"sameAs":["https:\/\/www.facebook.com\/Fuentes-Fidedignas-368234489921644","https:\/\/x.com\/fidedignas"]},{"@type":"Person","@id":"https:\/\/fuentesfidedignas.com.mx\/#\/schema\/person\/47ec0135738f4b0c7495f06a77a2c976","name":"Milenio","image":{"@type":"ImageObject","inLanguage":"es","@id":"https:\/\/secure.gravatar.com\/avatar\/acabf7b54753e51c2c76457954577c236b3b764789b19879565769739d1e4a75?s=96&d=mm&r=g","url":"https:\/\/secure.gravatar.com\/avatar\/acabf7b54753e51c2c76457954577c236b3b764789b19879565769739d1e4a75?s=96&d=mm&r=g","contentUrl":"https:\/\/secure.gravatar.com\/avatar\/acabf7b54753e51c2c76457954577c236b3b764789b19879565769739d1e4a75?s=96&d=mm&r=g","caption":"Milenio"},"url":"https:\/\/fuentesfidedignas.com.mx\/index.php\/author\/milenio\/"}]}},"_links":{"self":[{"href":"https:\/\/fuentesfidedignas.com.mx\/index.php\/wp-json\/wp\/v2\/posts\/945","targetHints":{"allow":["GET"]}}],"collection":[{"href":"https:\/\/fuentesfidedignas.com.mx\/index.php\/wp-json\/wp\/v2\/posts"}],"about":[{"href":"https:\/\/fuentesfidedignas.com.mx\/index.php\/wp-json\/wp\/v2\/types\/post"}],"author":[{"embeddable":true,"href":"https:\/\/fuentesfidedignas.com.mx\/index.php\/wp-json\/wp\/v2\/users\/9"}],"replies":[{"embeddable":true,"href":"https:\/\/fuentesfidedignas.com.mx\/index.php\/wp-json\/wp\/v2\/comments?post=945"}],"version-history":[{"count":1,"href":"https:\/\/fuentesfidedignas.com.mx\/index.php\/wp-json\/wp\/v2\/posts\/945\/revisions"}],"predecessor-version":[{"id":946,"href":"https:\/\/fuentesfidedignas.com.mx\/index.php\/wp-json\/wp\/v2\/posts\/945\/revisions\/946"}],"wp:featuredmedia":[{"embeddable":true,"href":"https:\/\/fuentesfidedignas.com.mx\/index.php\/wp-json\/wp\/v2\/media\/951"}],"wp:attachment":[{"href":"https:\/\/fuentesfidedignas.com.mx\/index.php\/wp-json\/wp\/v2\/media?parent=945"}],"wp:term":[{"taxonomy":"category","embeddable":true,"href":"https:\/\/fuentesfidedignas.com.mx\/index.php\/wp-json\/wp\/v2\/categories?post=945"},{"taxonomy":"post_tag","embeddable":true,"href":"https:\/\/fuentesfidedignas.com.mx\/index.php\/wp-json\/wp\/v2\/tags?post=945"}],"curies":[{"name":"wp","href":"https:\/\/api.w.org\/{rel}","templated":true}]}}