{"id":94359,"date":"2024-10-30T07:02:28","date_gmt":"2024-10-30T14:02:28","guid":{"rendered":"https:\/\/fuentesfidedignas.com.mx\/?p=94359"},"modified":"2024-10-30T07:02:33","modified_gmt":"2024-10-30T14:02:33","slug":"matan-al-periodista-mauricio-cruz-solis-en-uruapan-michoacan","status":"publish","type":"post","link":"https:\/\/fuentesfidedignas.com.mx\/index.php\/2024\/10\/30\/matan-al-periodista-mauricio-cruz-solis-en-uruapan-michoacan\/","title":{"rendered":"Matan al periodista Mauricio Cruz Sol\u00eds en Uruapan, Michoac\u00e1n"},"content":{"rendered":"\n<p><strong><em>Autoridades de Michoac\u00e1n confirmaron que el periodista Mauricio Cruz Sol\u00eds fue asesinado a balazos en el centro de Uruapan<\/em><\/strong><\/p>\n\n\n\n<p>El periodista Mauricio Cruz Sol\u00eds fue asesinado a balazos la noche del martes en pleno centro de Uruapan, en Michoac\u00e1n.<\/p>\n\n\n\n<blockquote class=\"twitter-tweet\"><p lang=\"es\" dir=\"ltr\">La <a href=\"https:\/\/twitter.com\/hashtag\/Fiscal%C3%ADaMich?src=hash&amp;ref_src=twsrc%5Etfw\">#Fiscal\u00edaMich<\/a> inici\u00f3 Carpeta de Investigaci\u00f3n con relaci\u00f3n a los hechos en los que perdi\u00f3 la vida el periodista Mauricio Cruz Sol\u00eds, tras agresi\u00f3n por arma de fuego ocurrida esta noche, en la zona Centro de <a href=\"https:\/\/twitter.com\/hashtag\/Uruapan?src=hash&amp;ref_src=twsrc%5Etfw\">#Uruapan<\/a>; una segunda persona result\u00f3 lesionada. <a href=\"https:\/\/t.co\/Ppryg1RvJW\">pic.twitter.com\/Ppryg1RvJW<\/a><\/p>&mdash; Fiscal\u00eda General de Michoac\u00e1n (@FiscaliaMich) <a href=\"https:\/\/twitter.com\/FiscaliaMich\/status\/1851493785034694676?ref_src=twsrc%5Etfw\">October 30, 2024<\/a><\/blockquote> <script async src=\"https:\/\/platform.twitter.com\/widgets.js\" charset=\"utf-8\"><\/script>\n\n\n\n<p>Lo anterior fue confirmado en un comunicado en redes sociales por la Fiscal\u00eda de Michoac\u00e1n, quien detall\u00f3 que una segunda persona result\u00f3 lesionada.<\/p>\n\n\n\n<p>\u201cLa #Fiscal\u00edaMich inici\u00f3 Carpeta de Investigaci\u00f3n con relaci\u00f3n a los hechos en los que perdi\u00f3 la vida el periodista Mauricio Cruz Sol\u00eds, tras agresi\u00f3n por arma de fuego ocurrida esta noche\u201d, apunt\u00f3 en el comunicado.<\/p>\n\n\n\n<p>\u201cEn apego al protocolo en materia de delitos cometidos en agravio de periodistas y defensores de derechos humanos, en estos momentos se llevan a cabo actuaciones en el lugar\u201d, puntualiz\u00f3 la autoridad estatal.<\/p>\n\n\n\n<p>Medios locales apuntaron que Cruz Sol\u00eds, quien trabajaba en el medio digital \u201cMinutoxMinuto\u201c, fue atacado por sujetos cerca de la Casa de la Cultura, luego de realizarle una entrevista al alcalde morenista Carlos Manzo Rodr\u00edguez.<\/p>\n\n\n\n<p>Hasta el momento, ninguna autoridad ha informado de personas detenidas por este asesinato en contra del periodista.<\/p>\n\n\n\n<p>El gobernador Alfredo Ram\u00edrez Bedolla conden\u00f3 este homicidio en contra de Mauricio Cruz Sol\u00eds, en donde recalc\u00f3 que no habr\u00e1 impunidad<\/p>\n\n\n\n<p>\u201cCondenamos el homicidio del comunicador Mauricio Sol\u00eds en Uruapan. De inmediato se ha puesto en marcha un operativo coordinado con las corporaciones de seguridad estatales y federales para identificar a quienes resulten responsables y llevarlos ante la justicia. En Michoac\u00e1n no cabe la impunidad y el que la hace, la paga, que se escuche fuerte y claro\u201d, expuso en redes sociales.<\/p>\n","protected":false},"excerpt":{"rendered":"<p>Autoridades de Michoac\u00e1n confirmaron que el periodista Mauricio Cruz Sol\u00eds fue asesinado a balazos en el centro de Uruapan El periodista Mauricio Cruz Sol\u00eds fue asesinado a balazos la noche del martes en pleno centro de Uruapan, en Michoac\u00e1n. La #Fiscal\u00edaMich inici\u00f3 Carpeta de Investigaci\u00f3n con relaci\u00f3n a los hechos en los que perdi\u00f3 la [&hellip;]<\/p>\n","protected":false},"author":47,"featured_media":94360,"comment_status":"open","ping_status":"open","sticky":false,"template":"","format":"standard","meta":{"tdm_status":"","tdm_grid_status":"","footnotes":""},"categories":[39],"tags":[],"class_list":{"0":"post-94359","1":"post","2":"type-post","3":"status-publish","4":"format-standard","5":"has-post-thumbnail","7":"category-noticias-nacionales"},"yoast_head":"<!-- This site is optimized with the Yoast SEO plugin v27.5 - https:\/\/yoast.com\/product\/yoast-seo-wordpress\/ -->\n<title>Matan al periodista Mauricio Cruz Sol\u00eds en Uruapan, Michoac\u00e1n - Fuentes Fidedignas<\/title>\n<meta name=\"robots\" content=\"index, follow, max-snippet:-1, max-image-preview:large, max-video-preview:-1\" \/>\n<link rel=\"canonical\" href=\"https:\/\/fuentesfidedignas.com.mx\/index.php\/2024\/10\/30\/matan-al-periodista-mauricio-cruz-solis-en-uruapan-michoacan\/\" \/>\n<meta property=\"og:locale\" content=\"es_MX\" \/>\n<meta property=\"og:type\" content=\"article\" \/>\n<meta property=\"og:title\" content=\"Matan al periodista Mauricio Cruz Sol\u00eds en Uruapan, Michoac\u00e1n - Fuentes Fidedignas\" \/>\n<meta property=\"og:description\" content=\"Autoridades de Michoac\u00e1n confirmaron que el periodista Mauricio Cruz Sol\u00eds fue asesinado a balazos en el centro de Uruapan El periodista Mauricio Cruz Sol\u00eds fue asesinado a balazos la noche del martes en pleno centro de Uruapan, en Michoac\u00e1n. La #Fiscal\u00edaMich inici\u00f3 Carpeta de Investigaci\u00f3n con relaci\u00f3n a los hechos en los que perdi\u00f3 la [&hellip;]\" \/>\n<meta property=\"og:url\" content=\"https:\/\/fuentesfidedignas.com.mx\/index.php\/2024\/10\/30\/matan-al-periodista-mauricio-cruz-solis-en-uruapan-michoacan\/\" \/>\n<meta property=\"og:site_name\" content=\"Fuentes Fidedignas\" \/>\n<meta property=\"article:publisher\" content=\"https:\/\/www.facebook.com\/Fuentes-Fidedignas-368234489921644\" \/>\n<meta property=\"article:published_time\" content=\"2024-10-30T14:02:28+00:00\" \/>\n<meta property=\"article:modified_time\" content=\"2024-10-30T14:02:33+00:00\" \/>\n<meta property=\"og:image\" content=\"https:\/\/fuentesfidedignas.com.mx\/wp-content\/uploads\/2024\/10\/mauricio-cruz-solis-periodista1.jpg\" \/>\n\t<meta property=\"og:image:width\" content=\"650\" \/>\n\t<meta property=\"og:image:height\" content=\"433\" \/>\n\t<meta property=\"og:image:type\" content=\"image\/jpeg\" \/>\n<meta name=\"author\" content=\"L\u00f3pez D\u00f3riga\" \/>\n<meta name=\"twitter:card\" content=\"summary_large_image\" \/>\n<meta name=\"twitter:creator\" content=\"@fidedignas\" \/>\n<meta name=\"twitter:site\" content=\"@fidedignas\" \/>\n<meta name=\"twitter:label1\" content=\"Escrito por\" \/>\n\t<meta name=\"twitter:data1\" content=\"L\u00f3pez D\u00f3riga\" \/>\n\t<meta name=\"twitter:label2\" content=\"Tiempo de lectura\" \/>\n\t<meta name=\"twitter:data2\" content=\"2 minutos\" \/>\n<script type=\"application\/ld+json\" class=\"yoast-schema-graph\">{\"@context\":\"https:\\\/\\\/schema.org\",\"@graph\":[{\"@type\":\"Article\",\"@id\":\"https:\\\/\\\/fuentesfidedignas.com.mx\\\/index.php\\\/2024\\\/10\\\/30\\\/matan-al-periodista-mauricio-cruz-solis-en-uruapan-michoacan\\\/#article\",\"isPartOf\":{\"@id\":\"https:\\\/\\\/fuentesfidedignas.com.mx\\\/index.php\\\/2024\\\/10\\\/30\\\/matan-al-periodista-mauricio-cruz-solis-en-uruapan-michoacan\\\/\"},\"author\":{\"name\":\"L\u00f3pez D\u00f3riga\",\"@id\":\"https:\\\/\\\/fuentesfidedignas.com.mx\\\/#\\\/schema\\\/person\\\/67d852f0557c8509146a4b9ddebd543a\"},\"headline\":\"Matan al periodista Mauricio Cruz Sol\u00eds en Uruapan, Michoac\u00e1n\",\"datePublished\":\"2024-10-30T14:02:28+00:00\",\"dateModified\":\"2024-10-30T14:02:33+00:00\",\"mainEntityOfPage\":{\"@id\":\"https:\\\/\\\/fuentesfidedignas.com.mx\\\/index.php\\\/2024\\\/10\\\/30\\\/matan-al-periodista-mauricio-cruz-solis-en-uruapan-michoacan\\\/\"},\"wordCount\":353,\"commentCount\":0,\"publisher\":{\"@id\":\"https:\\\/\\\/fuentesfidedignas.com.mx\\\/#organization\"},\"image\":{\"@id\":\"https:\\\/\\\/fuentesfidedignas.com.mx\\\/index.php\\\/2024\\\/10\\\/30\\\/matan-al-periodista-mauricio-cruz-solis-en-uruapan-michoacan\\\/#primaryimage\"},\"thumbnailUrl\":\"https:\\\/\\\/fuentesfidedignas.com.mx\\\/wp-content\\\/uploads\\\/2024\\\/10\\\/mauricio-cruz-solis-periodista1.jpg\",\"articleSection\":[\"NOTICIAS NACIONALES\"],\"inLanguage\":\"es\",\"potentialAction\":[{\"@type\":\"CommentAction\",\"name\":\"Comment\",\"target\":[\"https:\\\/\\\/fuentesfidedignas.com.mx\\\/index.php\\\/2024\\\/10\\\/30\\\/matan-al-periodista-mauricio-cruz-solis-en-uruapan-michoacan\\\/#respond\"]}]},{\"@type\":\"WebPage\",\"@id\":\"https:\\\/\\\/fuentesfidedignas.com.mx\\\/index.php\\\/2024\\\/10\\\/30\\\/matan-al-periodista-mauricio-cruz-solis-en-uruapan-michoacan\\\/\",\"url\":\"https:\\\/\\\/fuentesfidedignas.com.mx\\\/index.php\\\/2024\\\/10\\\/30\\\/matan-al-periodista-mauricio-cruz-solis-en-uruapan-michoacan\\\/\",\"name\":\"Matan al periodista Mauricio Cruz Sol\u00eds en Uruapan, Michoac\u00e1n - Fuentes Fidedignas\",\"isPartOf\":{\"@id\":\"https:\\\/\\\/fuentesfidedignas.com.mx\\\/#website\"},\"primaryImageOfPage\":{\"@id\":\"https:\\\/\\\/fuentesfidedignas.com.mx\\\/index.php\\\/2024\\\/10\\\/30\\\/matan-al-periodista-mauricio-cruz-solis-en-uruapan-michoacan\\\/#primaryimage\"},\"image\":{\"@id\":\"https:\\\/\\\/fuentesfidedignas.com.mx\\\/index.php\\\/2024\\\/10\\\/30\\\/matan-al-periodista-mauricio-cruz-solis-en-uruapan-michoacan\\\/#primaryimage\"},\"thumbnailUrl\":\"https:\\\/\\\/fuentesfidedignas.com.mx\\\/wp-content\\\/uploads\\\/2024\\\/10\\\/mauricio-cruz-solis-periodista1.jpg\",\"datePublished\":\"2024-10-30T14:02:28+00:00\",\"dateModified\":\"2024-10-30T14:02:33+00:00\",\"breadcrumb\":{\"@id\":\"https:\\\/\\\/fuentesfidedignas.com.mx\\\/index.php\\\/2024\\\/10\\\/30\\\/matan-al-periodista-mauricio-cruz-solis-en-uruapan-michoacan\\\/#breadcrumb\"},\"inLanguage\":\"es\",\"potentialAction\":[{\"@type\":\"ReadAction\",\"target\":[\"https:\\\/\\\/fuentesfidedignas.com.mx\\\/index.php\\\/2024\\\/10\\\/30\\\/matan-al-periodista-mauricio-cruz-solis-en-uruapan-michoacan\\\/\"]}]},{\"@type\":\"ImageObject\",\"inLanguage\":\"es\",\"@id\":\"https:\\\/\\\/fuentesfidedignas.com.mx\\\/index.php\\\/2024\\\/10\\\/30\\\/matan-al-periodista-mauricio-cruz-solis-en-uruapan-michoacan\\\/#primaryimage\",\"url\":\"https:\\\/\\\/fuentesfidedignas.com.mx\\\/wp-content\\\/uploads\\\/2024\\\/10\\\/mauricio-cruz-solis-periodista1.jpg\",\"contentUrl\":\"https:\\\/\\\/fuentesfidedignas.com.mx\\\/wp-content\\\/uploads\\\/2024\\\/10\\\/mauricio-cruz-solis-periodista1.jpg\",\"width\":650,\"height\":433},{\"@type\":\"BreadcrumbList\",\"@id\":\"https:\\\/\\\/fuentesfidedignas.com.mx\\\/index.php\\\/2024\\\/10\\\/30\\\/matan-al-periodista-mauricio-cruz-solis-en-uruapan-michoacan\\\/#breadcrumb\",\"itemListElement\":[{\"@type\":\"ListItem\",\"position\":1,\"name\":\"Inicio\",\"item\":\"https:\\\/\\\/fuentesfidedignas.com.mx\\\/\"},{\"@type\":\"ListItem\",\"position\":2,\"name\":\"Matan al periodista Mauricio Cruz Sol\u00eds en Uruapan, Michoac\u00e1n\"}]},{\"@type\":\"WebSite\",\"@id\":\"https:\\\/\\\/fuentesfidedignas.com.mx\\\/#website\",\"url\":\"https:\\\/\\\/fuentesfidedignas.com.mx\\\/\",\"name\":\"Fuentes Fidedignas\",\"description\":\"Otro sitio realizado con WordPress\",\"publisher\":{\"@id\":\"https:\\\/\\\/fuentesfidedignas.com.mx\\\/#organization\"},\"potentialAction\":[{\"@type\":\"SearchAction\",\"target\":{\"@type\":\"EntryPoint\",\"urlTemplate\":\"https:\\\/\\\/fuentesfidedignas.com.mx\\\/?s={search_term_string}\"},\"query-input\":{\"@type\":\"PropertyValueSpecification\",\"valueRequired\":true,\"valueName\":\"search_term_string\"}}],\"inLanguage\":\"es\"},{\"@type\":\"Organization\",\"@id\":\"https:\\\/\\\/fuentesfidedignas.com.mx\\\/#organization\",\"name\":\"Fuentes Fidedignas\",\"url\":\"https:\\\/\\\/fuentesfidedignas.com.mx\\\/\",\"logo\":{\"@type\":\"ImageObject\",\"inLanguage\":\"es\",\"@id\":\"https:\\\/\\\/fuentesfidedignas.com.mx\\\/#\\\/schema\\\/logo\\\/image\\\/\",\"url\":\"https:\\\/\\\/fuentesfidedignas.com.mx\\\/wp-content\\\/uploads\\\/2021\\\/04\\\/logo-retina.png\",\"contentUrl\":\"https:\\\/\\\/fuentesfidedignas.com.mx\\\/wp-content\\\/uploads\\\/2021\\\/04\\\/logo-retina.png\",\"width\":280,\"height\":51,\"caption\":\"Fuentes Fidedignas\"},\"image\":{\"@id\":\"https:\\\/\\\/fuentesfidedignas.com.mx\\\/#\\\/schema\\\/logo\\\/image\\\/\"},\"sameAs\":[\"https:\\\/\\\/www.facebook.com\\\/Fuentes-Fidedignas-368234489921644\",\"https:\\\/\\\/x.com\\\/fidedignas\"]},{\"@type\":\"Person\",\"@id\":\"https:\\\/\\\/fuentesfidedignas.com.mx\\\/#\\\/schema\\\/person\\\/67d852f0557c8509146a4b9ddebd543a\",\"name\":\"L\u00f3pez D\u00f3riga\",\"image\":{\"@type\":\"ImageObject\",\"inLanguage\":\"es\",\"@id\":\"https:\\\/\\\/secure.gravatar.com\\\/avatar\\\/e525b06574ca18b33cded59dfe5778d6c823b9513154eff47da551b0551bdd1e?s=96&d=mm&r=g\",\"url\":\"https:\\\/\\\/secure.gravatar.com\\\/avatar\\\/e525b06574ca18b33cded59dfe5778d6c823b9513154eff47da551b0551bdd1e?s=96&d=mm&r=g\",\"contentUrl\":\"https:\\\/\\\/secure.gravatar.com\\\/avatar\\\/e525b06574ca18b33cded59dfe5778d6c823b9513154eff47da551b0551bdd1e?s=96&d=mm&r=g\",\"caption\":\"L\u00f3pez D\u00f3riga\"},\"url\":\"https:\\\/\\\/fuentesfidedignas.com.mx\\\/index.php\\\/author\\\/doriga\\\/\"}]}<\/script>\n<!-- \/ Yoast SEO plugin. -->","yoast_head_json":{"title":"Matan al periodista Mauricio Cruz Sol\u00eds en Uruapan, Michoac\u00e1n - Fuentes Fidedignas","robots":{"index":"index","follow":"follow","max-snippet":"max-snippet:-1","max-image-preview":"max-image-preview:large","max-video-preview":"max-video-preview:-1"},"canonical":"https:\/\/fuentesfidedignas.com.mx\/index.php\/2024\/10\/30\/matan-al-periodista-mauricio-cruz-solis-en-uruapan-michoacan\/","og_locale":"es_MX","og_type":"article","og_title":"Matan al periodista Mauricio Cruz Sol\u00eds en Uruapan, Michoac\u00e1n - Fuentes Fidedignas","og_description":"Autoridades de Michoac\u00e1n confirmaron que el periodista Mauricio Cruz Sol\u00eds fue asesinado a balazos en el centro de Uruapan El periodista Mauricio Cruz Sol\u00eds fue asesinado a balazos la noche del martes en pleno centro de Uruapan, en Michoac\u00e1n. La #Fiscal\u00edaMich inici\u00f3 Carpeta de Investigaci\u00f3n con relaci\u00f3n a los hechos en los que perdi\u00f3 la [&hellip;]","og_url":"https:\/\/fuentesfidedignas.com.mx\/index.php\/2024\/10\/30\/matan-al-periodista-mauricio-cruz-solis-en-uruapan-michoacan\/","og_site_name":"Fuentes Fidedignas","article_publisher":"https:\/\/www.facebook.com\/Fuentes-Fidedignas-368234489921644","article_published_time":"2024-10-30T14:02:28+00:00","article_modified_time":"2024-10-30T14:02:33+00:00","og_image":[{"width":650,"height":433,"url":"https:\/\/fuentesfidedignas.com.mx\/wp-content\/uploads\/2024\/10\/mauricio-cruz-solis-periodista1.jpg","type":"image\/jpeg"}],"author":"L\u00f3pez D\u00f3riga","twitter_card":"summary_large_image","twitter_creator":"@fidedignas","twitter_site":"@fidedignas","twitter_misc":{"Escrito por":"L\u00f3pez D\u00f3riga","Tiempo de lectura":"2 minutos"},"schema":{"@context":"https:\/\/schema.org","@graph":[{"@type":"Article","@id":"https:\/\/fuentesfidedignas.com.mx\/index.php\/2024\/10\/30\/matan-al-periodista-mauricio-cruz-solis-en-uruapan-michoacan\/#article","isPartOf":{"@id":"https:\/\/fuentesfidedignas.com.mx\/index.php\/2024\/10\/30\/matan-al-periodista-mauricio-cruz-solis-en-uruapan-michoacan\/"},"author":{"name":"L\u00f3pez D\u00f3riga","@id":"https:\/\/fuentesfidedignas.com.mx\/#\/schema\/person\/67d852f0557c8509146a4b9ddebd543a"},"headline":"Matan al periodista Mauricio Cruz Sol\u00eds en Uruapan, Michoac\u00e1n","datePublished":"2024-10-30T14:02:28+00:00","dateModified":"2024-10-30T14:02:33+00:00","mainEntityOfPage":{"@id":"https:\/\/fuentesfidedignas.com.mx\/index.php\/2024\/10\/30\/matan-al-periodista-mauricio-cruz-solis-en-uruapan-michoacan\/"},"wordCount":353,"commentCount":0,"publisher":{"@id":"https:\/\/fuentesfidedignas.com.mx\/#organization"},"image":{"@id":"https:\/\/fuentesfidedignas.com.mx\/index.php\/2024\/10\/30\/matan-al-periodista-mauricio-cruz-solis-en-uruapan-michoacan\/#primaryimage"},"thumbnailUrl":"https:\/\/fuentesfidedignas.com.mx\/wp-content\/uploads\/2024\/10\/mauricio-cruz-solis-periodista1.jpg","articleSection":["NOTICIAS NACIONALES"],"inLanguage":"es","potentialAction":[{"@type":"CommentAction","name":"Comment","target":["https:\/\/fuentesfidedignas.com.mx\/index.php\/2024\/10\/30\/matan-al-periodista-mauricio-cruz-solis-en-uruapan-michoacan\/#respond"]}]},{"@type":"WebPage","@id":"https:\/\/fuentesfidedignas.com.mx\/index.php\/2024\/10\/30\/matan-al-periodista-mauricio-cruz-solis-en-uruapan-michoacan\/","url":"https:\/\/fuentesfidedignas.com.mx\/index.php\/2024\/10\/30\/matan-al-periodista-mauricio-cruz-solis-en-uruapan-michoacan\/","name":"Matan al periodista Mauricio Cruz Sol\u00eds en Uruapan, Michoac\u00e1n - Fuentes Fidedignas","isPartOf":{"@id":"https:\/\/fuentesfidedignas.com.mx\/#website"},"primaryImageOfPage":{"@id":"https:\/\/fuentesfidedignas.com.mx\/index.php\/2024\/10\/30\/matan-al-periodista-mauricio-cruz-solis-en-uruapan-michoacan\/#primaryimage"},"image":{"@id":"https:\/\/fuentesfidedignas.com.mx\/index.php\/2024\/10\/30\/matan-al-periodista-mauricio-cruz-solis-en-uruapan-michoacan\/#primaryimage"},"thumbnailUrl":"https:\/\/fuentesfidedignas.com.mx\/wp-content\/uploads\/2024\/10\/mauricio-cruz-solis-periodista1.jpg","datePublished":"2024-10-30T14:02:28+00:00","dateModified":"2024-10-30T14:02:33+00:00","breadcrumb":{"@id":"https:\/\/fuentesfidedignas.com.mx\/index.php\/2024\/10\/30\/matan-al-periodista-mauricio-cruz-solis-en-uruapan-michoacan\/#breadcrumb"},"inLanguage":"es","potentialAction":[{"@type":"ReadAction","target":["https:\/\/fuentesfidedignas.com.mx\/index.php\/2024\/10\/30\/matan-al-periodista-mauricio-cruz-solis-en-uruapan-michoacan\/"]}]},{"@type":"ImageObject","inLanguage":"es","@id":"https:\/\/fuentesfidedignas.com.mx\/index.php\/2024\/10\/30\/matan-al-periodista-mauricio-cruz-solis-en-uruapan-michoacan\/#primaryimage","url":"https:\/\/fuentesfidedignas.com.mx\/wp-content\/uploads\/2024\/10\/mauricio-cruz-solis-periodista1.jpg","contentUrl":"https:\/\/fuentesfidedignas.com.mx\/wp-content\/uploads\/2024\/10\/mauricio-cruz-solis-periodista1.jpg","width":650,"height":433},{"@type":"BreadcrumbList","@id":"https:\/\/fuentesfidedignas.com.mx\/index.php\/2024\/10\/30\/matan-al-periodista-mauricio-cruz-solis-en-uruapan-michoacan\/#breadcrumb","itemListElement":[{"@type":"ListItem","position":1,"name":"Inicio","item":"https:\/\/fuentesfidedignas.com.mx\/"},{"@type":"ListItem","position":2,"name":"Matan al periodista Mauricio Cruz Sol\u00eds en Uruapan, Michoac\u00e1n"}]},{"@type":"WebSite","@id":"https:\/\/fuentesfidedignas.com.mx\/#website","url":"https:\/\/fuentesfidedignas.com.mx\/","name":"Fuentes Fidedignas","description":"Otro sitio realizado con WordPress","publisher":{"@id":"https:\/\/fuentesfidedignas.com.mx\/#organization"},"potentialAction":[{"@type":"SearchAction","target":{"@type":"EntryPoint","urlTemplate":"https:\/\/fuentesfidedignas.com.mx\/?s={search_term_string}"},"query-input":{"@type":"PropertyValueSpecification","valueRequired":true,"valueName":"search_term_string"}}],"inLanguage":"es"},{"@type":"Organization","@id":"https:\/\/fuentesfidedignas.com.mx\/#organization","name":"Fuentes Fidedignas","url":"https:\/\/fuentesfidedignas.com.mx\/","logo":{"@type":"ImageObject","inLanguage":"es","@id":"https:\/\/fuentesfidedignas.com.mx\/#\/schema\/logo\/image\/","url":"https:\/\/fuentesfidedignas.com.mx\/wp-content\/uploads\/2021\/04\/logo-retina.png","contentUrl":"https:\/\/fuentesfidedignas.com.mx\/wp-content\/uploads\/2021\/04\/logo-retina.png","width":280,"height":51,"caption":"Fuentes Fidedignas"},"image":{"@id":"https:\/\/fuentesfidedignas.com.mx\/#\/schema\/logo\/image\/"},"sameAs":["https:\/\/www.facebook.com\/Fuentes-Fidedignas-368234489921644","https:\/\/x.com\/fidedignas"]},{"@type":"Person","@id":"https:\/\/fuentesfidedignas.com.mx\/#\/schema\/person\/67d852f0557c8509146a4b9ddebd543a","name":"L\u00f3pez D\u00f3riga","image":{"@type":"ImageObject","inLanguage":"es","@id":"https:\/\/secure.gravatar.com\/avatar\/e525b06574ca18b33cded59dfe5778d6c823b9513154eff47da551b0551bdd1e?s=96&d=mm&r=g","url":"https:\/\/secure.gravatar.com\/avatar\/e525b06574ca18b33cded59dfe5778d6c823b9513154eff47da551b0551bdd1e?s=96&d=mm&r=g","contentUrl":"https:\/\/secure.gravatar.com\/avatar\/e525b06574ca18b33cded59dfe5778d6c823b9513154eff47da551b0551bdd1e?s=96&d=mm&r=g","caption":"L\u00f3pez D\u00f3riga"},"url":"https:\/\/fuentesfidedignas.com.mx\/index.php\/author\/doriga\/"}]}},"_links":{"self":[{"href":"https:\/\/fuentesfidedignas.com.mx\/index.php\/wp-json\/wp\/v2\/posts\/94359","targetHints":{"allow":["GET"]}}],"collection":[{"href":"https:\/\/fuentesfidedignas.com.mx\/index.php\/wp-json\/wp\/v2\/posts"}],"about":[{"href":"https:\/\/fuentesfidedignas.com.mx\/index.php\/wp-json\/wp\/v2\/types\/post"}],"author":[{"embeddable":true,"href":"https:\/\/fuentesfidedignas.com.mx\/index.php\/wp-json\/wp\/v2\/users\/47"}],"replies":[{"embeddable":true,"href":"https:\/\/fuentesfidedignas.com.mx\/index.php\/wp-json\/wp\/v2\/comments?post=94359"}],"version-history":[{"count":1,"href":"https:\/\/fuentesfidedignas.com.mx\/index.php\/wp-json\/wp\/v2\/posts\/94359\/revisions"}],"predecessor-version":[{"id":94361,"href":"https:\/\/fuentesfidedignas.com.mx\/index.php\/wp-json\/wp\/v2\/posts\/94359\/revisions\/94361"}],"wp:featuredmedia":[{"embeddable":true,"href":"https:\/\/fuentesfidedignas.com.mx\/index.php\/wp-json\/wp\/v2\/media\/94360"}],"wp:attachment":[{"href":"https:\/\/fuentesfidedignas.com.mx\/index.php\/wp-json\/wp\/v2\/media?parent=94359"}],"wp:term":[{"taxonomy":"category","embeddable":true,"href":"https:\/\/fuentesfidedignas.com.mx\/index.php\/wp-json\/wp\/v2\/categories?post=94359"},{"taxonomy":"post_tag","embeddable":true,"href":"https:\/\/fuentesfidedignas.com.mx\/index.php\/wp-json\/wp\/v2\/tags?post=94359"}],"curies":[{"name":"wp","href":"https:\/\/api.w.org\/{rel}","templated":true}]}}