{"id":94305,"date":"2024-10-29T09:13:36","date_gmt":"2024-10-29T16:13:36","guid":{"rendered":"https:\/\/fuentesfidedignas.com.mx\/?p=94305"},"modified":"2024-10-29T09:13:36","modified_gmt":"2024-10-29T16:13:36","slug":"no-vamos-a-hacer-imputaciones-mientras-no-tengamos-pruebas-gertz-sobre-rocha","status":"publish","type":"post","link":"https:\/\/fuentesfidedignas.com.mx\/index.php\/2024\/10\/29\/no-vamos-a-hacer-imputaciones-mientras-no-tengamos-pruebas-gertz-sobre-rocha\/","title":{"rendered":"\u2018No vamos a hacer imputaciones mientras no tengamos pruebas\u2019: Gertz sobre Rocha"},"content":{"rendered":"\n<p><strong><em>El titular de FGR, Alejandro Gertz, apunt\u00f3 que mientras no se pruebas no se investigar\u00e1 al gobernador Rub\u00e9n Rocha<\/em><\/strong><\/p>\n\n\n\n<p>Ciudad de M\u00e9xico.- <strong>Alejandro Gertz Manero<\/strong>, fiscal general de la Rep\u00fablica (FGR), descart\u00f3 que al menos por ahora se inicie una investigaci\u00f3n en contra del gobernador de Sinaloa, Rub\u00e9n Rocha Moya, quien fue acusado de estar involucrado en el secuestro del narcotraficante Ismael \u2018El Mayo\u2019 Zambada en julio pasado, el mismo d\u00eda y lugar donde fue asesinado del exrector de la Universidad Aut\u00f3noma de Sinaloa, H\u00e9ctor Cu\u00e9.<\/p>\n\n\n\n<p class=\"paragraph\">\u201cLa fiscal\u00eda tiene que ser muy concreta cuando tiene datos de prueba, conforme hemos tenido datos de prueba en raz\u00f3n de los funcionarios de la fiscal\u00eda estatal que estaban interviniendo en una acci\u00f3n que se llev\u00f3 a cabo en una gasolinera que evidentemente est\u00e1 demostrado, se hizo publico, nosotros no vamos a hacer imputaciones mientras no tengamos las pruebas suficientes, cuando las tengamos las vamos a ha hacer como las hemos venido haciendo\u201d, dijo en Palacio Nacional.<\/p>\n\n\n\n<p>Al ser cuestionado sobre si Rocha Moya est\u00e1 siendo investigado, Gertz Manero respondi\u00f3 lo siguiente:<\/p>\n\n\n\n<p>\u201cMientras no tengamos la certeza, no podemos hacer una afirmaci\u00f3n. La vamos a hacer de eso no tenga cuidado, cuando sea procedente\u201d, enfatiz\u00f3.<\/p>\n\n\n\n<p>\u201cPero no podemos adelantarnos a hacer una serie de hip\u00f3tesis que no tenemos probadas\u201d, dej\u00f3 en claro esta ma\u00f1ana en Palacio Nacional.<\/p>\n","protected":false},"excerpt":{"rendered":"<p>El titular de FGR, Alejandro Gertz, apunt\u00f3 que mientras no se pruebas no se investigar\u00e1 al gobernador Rub\u00e9n Rocha Ciudad de M\u00e9xico.- Alejandro Gertz Manero, fiscal general de la Rep\u00fablica (FGR), descart\u00f3 que al menos por ahora se inicie una investigaci\u00f3n en contra del gobernador de Sinaloa, Rub\u00e9n Rocha Moya, quien fue acusado de estar [&hellip;]<\/p>\n","protected":false},"author":41,"featured_media":94304,"comment_status":"closed","ping_status":"open","sticky":false,"template":"","format":"standard","meta":{"tdm_status":"","tdm_grid_status":"","footnotes":""},"categories":[37],"tags":[],"class_list":{"0":"post-94305","1":"post","2":"type-post","3":"status-publish","4":"format-standard","5":"has-post-thumbnail","7":"category-nota-principal"},"yoast_head":"<!-- This site is optimized with the Yoast SEO plugin v27.4 - https:\/\/yoast.com\/product\/yoast-seo-wordpress\/ -->\n<title>\u2018No vamos a hacer imputaciones mientras no tengamos pruebas\u2019: Gertz sobre Rocha - Fuentes Fidedignas<\/title>\n<meta name=\"robots\" content=\"index, follow, max-snippet:-1, max-image-preview:large, max-video-preview:-1\" \/>\n<link rel=\"canonical\" href=\"https:\/\/fuentesfidedignas.com.mx\/index.php\/2024\/10\/29\/no-vamos-a-hacer-imputaciones-mientras-no-tengamos-pruebas-gertz-sobre-rocha\/\" \/>\n<meta property=\"og:locale\" content=\"es_MX\" \/>\n<meta property=\"og:type\" content=\"article\" \/>\n<meta property=\"og:title\" content=\"\u2018No vamos a hacer imputaciones mientras no tengamos pruebas\u2019: Gertz sobre Rocha - Fuentes Fidedignas\" \/>\n<meta property=\"og:description\" content=\"El titular de FGR, Alejandro Gertz, apunt\u00f3 que mientras no se pruebas no se investigar\u00e1 al gobernador Rub\u00e9n Rocha Ciudad de M\u00e9xico.- Alejandro Gertz Manero, fiscal general de la Rep\u00fablica (FGR), descart\u00f3 que al menos por ahora se inicie una investigaci\u00f3n en contra del gobernador de Sinaloa, Rub\u00e9n Rocha Moya, quien fue acusado de estar [&hellip;]\" \/>\n<meta property=\"og:url\" content=\"https:\/\/fuentesfidedignas.com.mx\/index.php\/2024\/10\/29\/no-vamos-a-hacer-imputaciones-mientras-no-tengamos-pruebas-gertz-sobre-rocha\/\" \/>\n<meta property=\"og:site_name\" content=\"Fuentes Fidedignas\" \/>\n<meta property=\"article:publisher\" content=\"https:\/\/www.facebook.com\/Fuentes-Fidedignas-368234489921644\" \/>\n<meta property=\"article:published_time\" content=\"2024-10-29T16:13:36+00:00\" \/>\n<meta property=\"og:image\" content=\"https:\/\/fuentesfidedignas.com.mx\/wp-content\/uploads\/2024\/10\/img_6983-1.jpg\" \/>\n\t<meta property=\"og:image:width\" content=\"992\" \/>\n\t<meta property=\"og:image:height\" content=\"558\" \/>\n\t<meta property=\"og:image:type\" content=\"image\/jpeg\" \/>\n<meta name=\"author\" content=\"Infobae\" \/>\n<meta name=\"twitter:card\" content=\"summary_large_image\" \/>\n<meta name=\"twitter:creator\" content=\"@fidedignas\" \/>\n<meta name=\"twitter:site\" content=\"@fidedignas\" \/>\n<meta name=\"twitter:label1\" content=\"Escrito por\" \/>\n\t<meta name=\"twitter:data1\" content=\"Infobae\" \/>\n\t<meta name=\"twitter:label2\" content=\"Tiempo de lectura\" \/>\n\t<meta name=\"twitter:data2\" content=\"1 minuto\" \/>\n<script type=\"application\/ld+json\" class=\"yoast-schema-graph\">{\"@context\":\"https:\\\/\\\/schema.org\",\"@graph\":[{\"@type\":\"Article\",\"@id\":\"https:\\\/\\\/fuentesfidedignas.com.mx\\\/index.php\\\/2024\\\/10\\\/29\\\/no-vamos-a-hacer-imputaciones-mientras-no-tengamos-pruebas-gertz-sobre-rocha\\\/#article\",\"isPartOf\":{\"@id\":\"https:\\\/\\\/fuentesfidedignas.com.mx\\\/index.php\\\/2024\\\/10\\\/29\\\/no-vamos-a-hacer-imputaciones-mientras-no-tengamos-pruebas-gertz-sobre-rocha\\\/\"},\"author\":{\"name\":\"Infobae\",\"@id\":\"https:\\\/\\\/fuentesfidedignas.com.mx\\\/#\\\/schema\\\/person\\\/8575896a7c1067d352f6c1cd6582c389\"},\"headline\":\"\u2018No vamos a hacer imputaciones mientras no tengamos pruebas\u2019: Gertz sobre Rocha\",\"datePublished\":\"2024-10-29T16:13:36+00:00\",\"mainEntityOfPage\":{\"@id\":\"https:\\\/\\\/fuentesfidedignas.com.mx\\\/index.php\\\/2024\\\/10\\\/29\\\/no-vamos-a-hacer-imputaciones-mientras-no-tengamos-pruebas-gertz-sobre-rocha\\\/\"},\"wordCount\":251,\"publisher\":{\"@id\":\"https:\\\/\\\/fuentesfidedignas.com.mx\\\/#organization\"},\"image\":{\"@id\":\"https:\\\/\\\/fuentesfidedignas.com.mx\\\/index.php\\\/2024\\\/10\\\/29\\\/no-vamos-a-hacer-imputaciones-mientras-no-tengamos-pruebas-gertz-sobre-rocha\\\/#primaryimage\"},\"thumbnailUrl\":\"https:\\\/\\\/fuentesfidedignas.com.mx\\\/wp-content\\\/uploads\\\/2024\\\/10\\\/img_6983-1.jpg\",\"articleSection\":[\"NOTA PRINCIPAL\"],\"inLanguage\":\"es\"},{\"@type\":\"WebPage\",\"@id\":\"https:\\\/\\\/fuentesfidedignas.com.mx\\\/index.php\\\/2024\\\/10\\\/29\\\/no-vamos-a-hacer-imputaciones-mientras-no-tengamos-pruebas-gertz-sobre-rocha\\\/\",\"url\":\"https:\\\/\\\/fuentesfidedignas.com.mx\\\/index.php\\\/2024\\\/10\\\/29\\\/no-vamos-a-hacer-imputaciones-mientras-no-tengamos-pruebas-gertz-sobre-rocha\\\/\",\"name\":\"\u2018No vamos a hacer imputaciones mientras no tengamos pruebas\u2019: Gertz sobre Rocha - Fuentes Fidedignas\",\"isPartOf\":{\"@id\":\"https:\\\/\\\/fuentesfidedignas.com.mx\\\/#website\"},\"primaryImageOfPage\":{\"@id\":\"https:\\\/\\\/fuentesfidedignas.com.mx\\\/index.php\\\/2024\\\/10\\\/29\\\/no-vamos-a-hacer-imputaciones-mientras-no-tengamos-pruebas-gertz-sobre-rocha\\\/#primaryimage\"},\"image\":{\"@id\":\"https:\\\/\\\/fuentesfidedignas.com.mx\\\/index.php\\\/2024\\\/10\\\/29\\\/no-vamos-a-hacer-imputaciones-mientras-no-tengamos-pruebas-gertz-sobre-rocha\\\/#primaryimage\"},\"thumbnailUrl\":\"https:\\\/\\\/fuentesfidedignas.com.mx\\\/wp-content\\\/uploads\\\/2024\\\/10\\\/img_6983-1.jpg\",\"datePublished\":\"2024-10-29T16:13:36+00:00\",\"breadcrumb\":{\"@id\":\"https:\\\/\\\/fuentesfidedignas.com.mx\\\/index.php\\\/2024\\\/10\\\/29\\\/no-vamos-a-hacer-imputaciones-mientras-no-tengamos-pruebas-gertz-sobre-rocha\\\/#breadcrumb\"},\"inLanguage\":\"es\",\"potentialAction\":[{\"@type\":\"ReadAction\",\"target\":[\"https:\\\/\\\/fuentesfidedignas.com.mx\\\/index.php\\\/2024\\\/10\\\/29\\\/no-vamos-a-hacer-imputaciones-mientras-no-tengamos-pruebas-gertz-sobre-rocha\\\/\"]}]},{\"@type\":\"ImageObject\",\"inLanguage\":\"es\",\"@id\":\"https:\\\/\\\/fuentesfidedignas.com.mx\\\/index.php\\\/2024\\\/10\\\/29\\\/no-vamos-a-hacer-imputaciones-mientras-no-tengamos-pruebas-gertz-sobre-rocha\\\/#primaryimage\",\"url\":\"https:\\\/\\\/fuentesfidedignas.com.mx\\\/wp-content\\\/uploads\\\/2024\\\/10\\\/img_6983-1.jpg\",\"contentUrl\":\"https:\\\/\\\/fuentesfidedignas.com.mx\\\/wp-content\\\/uploads\\\/2024\\\/10\\\/img_6983-1.jpg\",\"width\":992,\"height\":558},{\"@type\":\"BreadcrumbList\",\"@id\":\"https:\\\/\\\/fuentesfidedignas.com.mx\\\/index.php\\\/2024\\\/10\\\/29\\\/no-vamos-a-hacer-imputaciones-mientras-no-tengamos-pruebas-gertz-sobre-rocha\\\/#breadcrumb\",\"itemListElement\":[{\"@type\":\"ListItem\",\"position\":1,\"name\":\"Inicio\",\"item\":\"https:\\\/\\\/fuentesfidedignas.com.mx\\\/\"},{\"@type\":\"ListItem\",\"position\":2,\"name\":\"\u2018No vamos a hacer imputaciones mientras no tengamos pruebas\u2019: Gertz sobre Rocha\"}]},{\"@type\":\"WebSite\",\"@id\":\"https:\\\/\\\/fuentesfidedignas.com.mx\\\/#website\",\"url\":\"https:\\\/\\\/fuentesfidedignas.com.mx\\\/\",\"name\":\"Fuentes Fidedignas\",\"description\":\"Otro sitio realizado con WordPress\",\"publisher\":{\"@id\":\"https:\\\/\\\/fuentesfidedignas.com.mx\\\/#organization\"},\"potentialAction\":[{\"@type\":\"SearchAction\",\"target\":{\"@type\":\"EntryPoint\",\"urlTemplate\":\"https:\\\/\\\/fuentesfidedignas.com.mx\\\/?s={search_term_string}\"},\"query-input\":{\"@type\":\"PropertyValueSpecification\",\"valueRequired\":true,\"valueName\":\"search_term_string\"}}],\"inLanguage\":\"es\"},{\"@type\":\"Organization\",\"@id\":\"https:\\\/\\\/fuentesfidedignas.com.mx\\\/#organization\",\"name\":\"Fuentes Fidedignas\",\"url\":\"https:\\\/\\\/fuentesfidedignas.com.mx\\\/\",\"logo\":{\"@type\":\"ImageObject\",\"inLanguage\":\"es\",\"@id\":\"https:\\\/\\\/fuentesfidedignas.com.mx\\\/#\\\/schema\\\/logo\\\/image\\\/\",\"url\":\"https:\\\/\\\/fuentesfidedignas.com.mx\\\/wp-content\\\/uploads\\\/2021\\\/04\\\/logo-retina.png\",\"contentUrl\":\"https:\\\/\\\/fuentesfidedignas.com.mx\\\/wp-content\\\/uploads\\\/2021\\\/04\\\/logo-retina.png\",\"width\":280,\"height\":51,\"caption\":\"Fuentes Fidedignas\"},\"image\":{\"@id\":\"https:\\\/\\\/fuentesfidedignas.com.mx\\\/#\\\/schema\\\/logo\\\/image\\\/\"},\"sameAs\":[\"https:\\\/\\\/www.facebook.com\\\/Fuentes-Fidedignas-368234489921644\",\"https:\\\/\\\/x.com\\\/fidedignas\"]},{\"@type\":\"Person\",\"@id\":\"https:\\\/\\\/fuentesfidedignas.com.mx\\\/#\\\/schema\\\/person\\\/8575896a7c1067d352f6c1cd6582c389\",\"name\":\"Infobae\",\"image\":{\"@type\":\"ImageObject\",\"inLanguage\":\"es\",\"@id\":\"https:\\\/\\\/secure.gravatar.com\\\/avatar\\\/e4ec95706f8d1670343f6526fdcec45474bab17475a851434a64ca12b5acba1c?s=96&d=mm&r=g\",\"url\":\"https:\\\/\\\/secure.gravatar.com\\\/avatar\\\/e4ec95706f8d1670343f6526fdcec45474bab17475a851434a64ca12b5acba1c?s=96&d=mm&r=g\",\"contentUrl\":\"https:\\\/\\\/secure.gravatar.com\\\/avatar\\\/e4ec95706f8d1670343f6526fdcec45474bab17475a851434a64ca12b5acba1c?s=96&d=mm&r=g\",\"caption\":\"Infobae\"},\"url\":\"https:\\\/\\\/fuentesfidedignas.com.mx\\\/index.php\\\/author\\\/infobae\\\/\"}]}<\/script>\n<!-- \/ Yoast SEO plugin. -->","yoast_head_json":{"title":"\u2018No vamos a hacer imputaciones mientras no tengamos pruebas\u2019: Gertz sobre Rocha - Fuentes Fidedignas","robots":{"index":"index","follow":"follow","max-snippet":"max-snippet:-1","max-image-preview":"max-image-preview:large","max-video-preview":"max-video-preview:-1"},"canonical":"https:\/\/fuentesfidedignas.com.mx\/index.php\/2024\/10\/29\/no-vamos-a-hacer-imputaciones-mientras-no-tengamos-pruebas-gertz-sobre-rocha\/","og_locale":"es_MX","og_type":"article","og_title":"\u2018No vamos a hacer imputaciones mientras no tengamos pruebas\u2019: Gertz sobre Rocha - Fuentes Fidedignas","og_description":"El titular de FGR, Alejandro Gertz, apunt\u00f3 que mientras no se pruebas no se investigar\u00e1 al gobernador Rub\u00e9n Rocha Ciudad de M\u00e9xico.- Alejandro Gertz Manero, fiscal general de la Rep\u00fablica (FGR), descart\u00f3 que al menos por ahora se inicie una investigaci\u00f3n en contra del gobernador de Sinaloa, Rub\u00e9n Rocha Moya, quien fue acusado de estar [&hellip;]","og_url":"https:\/\/fuentesfidedignas.com.mx\/index.php\/2024\/10\/29\/no-vamos-a-hacer-imputaciones-mientras-no-tengamos-pruebas-gertz-sobre-rocha\/","og_site_name":"Fuentes Fidedignas","article_publisher":"https:\/\/www.facebook.com\/Fuentes-Fidedignas-368234489921644","article_published_time":"2024-10-29T16:13:36+00:00","og_image":[{"width":992,"height":558,"url":"https:\/\/fuentesfidedignas.com.mx\/wp-content\/uploads\/2024\/10\/img_6983-1.jpg","type":"image\/jpeg"}],"author":"Infobae","twitter_card":"summary_large_image","twitter_creator":"@fidedignas","twitter_site":"@fidedignas","twitter_misc":{"Escrito por":"Infobae","Tiempo de lectura":"1 minuto"},"schema":{"@context":"https:\/\/schema.org","@graph":[{"@type":"Article","@id":"https:\/\/fuentesfidedignas.com.mx\/index.php\/2024\/10\/29\/no-vamos-a-hacer-imputaciones-mientras-no-tengamos-pruebas-gertz-sobre-rocha\/#article","isPartOf":{"@id":"https:\/\/fuentesfidedignas.com.mx\/index.php\/2024\/10\/29\/no-vamos-a-hacer-imputaciones-mientras-no-tengamos-pruebas-gertz-sobre-rocha\/"},"author":{"name":"Infobae","@id":"https:\/\/fuentesfidedignas.com.mx\/#\/schema\/person\/8575896a7c1067d352f6c1cd6582c389"},"headline":"\u2018No vamos a hacer imputaciones mientras no tengamos pruebas\u2019: Gertz sobre Rocha","datePublished":"2024-10-29T16:13:36+00:00","mainEntityOfPage":{"@id":"https:\/\/fuentesfidedignas.com.mx\/index.php\/2024\/10\/29\/no-vamos-a-hacer-imputaciones-mientras-no-tengamos-pruebas-gertz-sobre-rocha\/"},"wordCount":251,"publisher":{"@id":"https:\/\/fuentesfidedignas.com.mx\/#organization"},"image":{"@id":"https:\/\/fuentesfidedignas.com.mx\/index.php\/2024\/10\/29\/no-vamos-a-hacer-imputaciones-mientras-no-tengamos-pruebas-gertz-sobre-rocha\/#primaryimage"},"thumbnailUrl":"https:\/\/fuentesfidedignas.com.mx\/wp-content\/uploads\/2024\/10\/img_6983-1.jpg","articleSection":["NOTA PRINCIPAL"],"inLanguage":"es"},{"@type":"WebPage","@id":"https:\/\/fuentesfidedignas.com.mx\/index.php\/2024\/10\/29\/no-vamos-a-hacer-imputaciones-mientras-no-tengamos-pruebas-gertz-sobre-rocha\/","url":"https:\/\/fuentesfidedignas.com.mx\/index.php\/2024\/10\/29\/no-vamos-a-hacer-imputaciones-mientras-no-tengamos-pruebas-gertz-sobre-rocha\/","name":"\u2018No vamos a hacer imputaciones mientras no tengamos pruebas\u2019: Gertz sobre Rocha - Fuentes Fidedignas","isPartOf":{"@id":"https:\/\/fuentesfidedignas.com.mx\/#website"},"primaryImageOfPage":{"@id":"https:\/\/fuentesfidedignas.com.mx\/index.php\/2024\/10\/29\/no-vamos-a-hacer-imputaciones-mientras-no-tengamos-pruebas-gertz-sobre-rocha\/#primaryimage"},"image":{"@id":"https:\/\/fuentesfidedignas.com.mx\/index.php\/2024\/10\/29\/no-vamos-a-hacer-imputaciones-mientras-no-tengamos-pruebas-gertz-sobre-rocha\/#primaryimage"},"thumbnailUrl":"https:\/\/fuentesfidedignas.com.mx\/wp-content\/uploads\/2024\/10\/img_6983-1.jpg","datePublished":"2024-10-29T16:13:36+00:00","breadcrumb":{"@id":"https:\/\/fuentesfidedignas.com.mx\/index.php\/2024\/10\/29\/no-vamos-a-hacer-imputaciones-mientras-no-tengamos-pruebas-gertz-sobre-rocha\/#breadcrumb"},"inLanguage":"es","potentialAction":[{"@type":"ReadAction","target":["https:\/\/fuentesfidedignas.com.mx\/index.php\/2024\/10\/29\/no-vamos-a-hacer-imputaciones-mientras-no-tengamos-pruebas-gertz-sobre-rocha\/"]}]},{"@type":"ImageObject","inLanguage":"es","@id":"https:\/\/fuentesfidedignas.com.mx\/index.php\/2024\/10\/29\/no-vamos-a-hacer-imputaciones-mientras-no-tengamos-pruebas-gertz-sobre-rocha\/#primaryimage","url":"https:\/\/fuentesfidedignas.com.mx\/wp-content\/uploads\/2024\/10\/img_6983-1.jpg","contentUrl":"https:\/\/fuentesfidedignas.com.mx\/wp-content\/uploads\/2024\/10\/img_6983-1.jpg","width":992,"height":558},{"@type":"BreadcrumbList","@id":"https:\/\/fuentesfidedignas.com.mx\/index.php\/2024\/10\/29\/no-vamos-a-hacer-imputaciones-mientras-no-tengamos-pruebas-gertz-sobre-rocha\/#breadcrumb","itemListElement":[{"@type":"ListItem","position":1,"name":"Inicio","item":"https:\/\/fuentesfidedignas.com.mx\/"},{"@type":"ListItem","position":2,"name":"\u2018No vamos a hacer imputaciones mientras no tengamos pruebas\u2019: Gertz sobre Rocha"}]},{"@type":"WebSite","@id":"https:\/\/fuentesfidedignas.com.mx\/#website","url":"https:\/\/fuentesfidedignas.com.mx\/","name":"Fuentes Fidedignas","description":"Otro sitio realizado con WordPress","publisher":{"@id":"https:\/\/fuentesfidedignas.com.mx\/#organization"},"potentialAction":[{"@type":"SearchAction","target":{"@type":"EntryPoint","urlTemplate":"https:\/\/fuentesfidedignas.com.mx\/?s={search_term_string}"},"query-input":{"@type":"PropertyValueSpecification","valueRequired":true,"valueName":"search_term_string"}}],"inLanguage":"es"},{"@type":"Organization","@id":"https:\/\/fuentesfidedignas.com.mx\/#organization","name":"Fuentes Fidedignas","url":"https:\/\/fuentesfidedignas.com.mx\/","logo":{"@type":"ImageObject","inLanguage":"es","@id":"https:\/\/fuentesfidedignas.com.mx\/#\/schema\/logo\/image\/","url":"https:\/\/fuentesfidedignas.com.mx\/wp-content\/uploads\/2021\/04\/logo-retina.png","contentUrl":"https:\/\/fuentesfidedignas.com.mx\/wp-content\/uploads\/2021\/04\/logo-retina.png","width":280,"height":51,"caption":"Fuentes Fidedignas"},"image":{"@id":"https:\/\/fuentesfidedignas.com.mx\/#\/schema\/logo\/image\/"},"sameAs":["https:\/\/www.facebook.com\/Fuentes-Fidedignas-368234489921644","https:\/\/x.com\/fidedignas"]},{"@type":"Person","@id":"https:\/\/fuentesfidedignas.com.mx\/#\/schema\/person\/8575896a7c1067d352f6c1cd6582c389","name":"Infobae","image":{"@type":"ImageObject","inLanguage":"es","@id":"https:\/\/secure.gravatar.com\/avatar\/e4ec95706f8d1670343f6526fdcec45474bab17475a851434a64ca12b5acba1c?s=96&d=mm&r=g","url":"https:\/\/secure.gravatar.com\/avatar\/e4ec95706f8d1670343f6526fdcec45474bab17475a851434a64ca12b5acba1c?s=96&d=mm&r=g","contentUrl":"https:\/\/secure.gravatar.com\/avatar\/e4ec95706f8d1670343f6526fdcec45474bab17475a851434a64ca12b5acba1c?s=96&d=mm&r=g","caption":"Infobae"},"url":"https:\/\/fuentesfidedignas.com.mx\/index.php\/author\/infobae\/"}]}},"_links":{"self":[{"href":"https:\/\/fuentesfidedignas.com.mx\/index.php\/wp-json\/wp\/v2\/posts\/94305","targetHints":{"allow":["GET"]}}],"collection":[{"href":"https:\/\/fuentesfidedignas.com.mx\/index.php\/wp-json\/wp\/v2\/posts"}],"about":[{"href":"https:\/\/fuentesfidedignas.com.mx\/index.php\/wp-json\/wp\/v2\/types\/post"}],"author":[{"embeddable":true,"href":"https:\/\/fuentesfidedignas.com.mx\/index.php\/wp-json\/wp\/v2\/users\/41"}],"replies":[{"embeddable":true,"href":"https:\/\/fuentesfidedignas.com.mx\/index.php\/wp-json\/wp\/v2\/comments?post=94305"}],"version-history":[{"count":1,"href":"https:\/\/fuentesfidedignas.com.mx\/index.php\/wp-json\/wp\/v2\/posts\/94305\/revisions"}],"predecessor-version":[{"id":94306,"href":"https:\/\/fuentesfidedignas.com.mx\/index.php\/wp-json\/wp\/v2\/posts\/94305\/revisions\/94306"}],"wp:featuredmedia":[{"embeddable":true,"href":"https:\/\/fuentesfidedignas.com.mx\/index.php\/wp-json\/wp\/v2\/media\/94304"}],"wp:attachment":[{"href":"https:\/\/fuentesfidedignas.com.mx\/index.php\/wp-json\/wp\/v2\/media?parent=94305"}],"wp:term":[{"taxonomy":"category","embeddable":true,"href":"https:\/\/fuentesfidedignas.com.mx\/index.php\/wp-json\/wp\/v2\/categories?post=94305"},{"taxonomy":"post_tag","embeddable":true,"href":"https:\/\/fuentesfidedignas.com.mx\/index.php\/wp-json\/wp\/v2\/tags?post=94305"}],"curies":[{"name":"wp","href":"https:\/\/api.w.org\/{rel}","templated":true}]}}