{"id":94298,"date":"2024-10-29T07:19:45","date_gmt":"2024-10-29T14:19:45","guid":{"rendered":"https:\/\/fuentesfidedignas.com.mx\/?p=94298"},"modified":"2024-10-29T13:48:38","modified_gmt":"2024-10-29T20:48:38","slug":"repartidor-del-diario-el-debate-cumple-10-dias-privado-de-la-libertad","status":"publish","type":"post","link":"https:\/\/fuentesfidedignas.com.mx\/index.php\/2024\/10\/29\/repartidor-del-diario-el-debate-cumple-10-dias-privado-de-la-libertad\/","title":{"rendered":"Repartidor del diario El Debate cumple 10 d\u00edas privado de la libertad"},"content":{"rendered":"\n<p><strong><em>La Fiscal\u00eda de Sinaloa recibi\u00f3 informaci\u00f3n sobre que el repartidor Sergio C\u00e1rdenas se encontraba en un domicilio, pero al llegar el lugar estaba vac\u00edo<\/em><\/strong><\/p>\n\n\n\n<p><strong>Sergio C\u00e1rdenas Hern\u00e1ndez<\/strong>, repartidor del&nbsp;<strong>diario El Debate<\/strong>&nbsp;de Sinaloa, lleva diez d\u00edas&nbsp;<strong>privado de la libertad<\/strong>. <\/p>\n\n\n\n<p>El pasado&nbsp;<a href=\"https:\/\/lopezdoriga.com\/nacional\/privan-libertad-repartidor-diario-el-debate-culiacan\/\" target=\"_blank\" rel=\"noreferrer noopener\">19 de octubre<\/a>&nbsp;el trabajador fue atacado en el centro de Culiac\u00e1n y logr\u00f3 huir, si bien al salir de su casa a buscar atenci\u00f3n m\u00e9dica fue secuestrado.<\/p>\n\n\n\n<p>Para el 25 de octubre, la Fiscal\u00eda de Sinaloa recibi\u00f3 informaci\u00f3n sobre que&nbsp;<strong>Sergio C\u00e1rdenas<\/strong>&nbsp;se encontraba en un&nbsp;<strong>domicilio<\/strong>, pero al llegar el&nbsp;<strong>lugar estaba<\/strong>&nbsp;<strong>vac\u00edo<\/strong>.<\/p>\n\n\n\n<blockquote class=\"wp-block-quote is-layout-flow wp-block-quote-is-layout-flow\">\n<p>\u201cEl d\u00eda viernes se tuvo informaci\u00f3n de que estaba en un domicilio pero no se tuvo \u00e9xito, al llegar estaba solo\u201d, refiri\u00f3 la fiscal Claudia Zulema S\u00e1nchez.<\/p>\n<\/blockquote>\n\n\n\n<p>El repartidor del diario El Debate es una de las&nbsp;<strong>135 v\u00edctimas de privaci\u00f3n de la libertad<\/strong>&nbsp;que permanecen sin localizar en&nbsp;<strong>Sinaloa<\/strong>, a ra\u00edz del estallido de violencia el pasado 9 de septiembre.<\/p>\n\n\n\n<p>Como parte de las acciones de b\u00fasqueda de los desaparecidos, autoridades estatales y federales llevaron a cabo&nbsp;<a href=\"https:\/\/fiscaliasinaloa.mx\/boletines\/contenidoboletin?id=1307&amp;fbclid=IwY2xjawGNxRlleHRuA2FlbQIxMAABHSv7EYL5QgQFO6XG_wDt-HR0mkXByL5ERTDSpfqZ-1gS8uv7vKRoDyrJqg_aem_IFVsbXmdJk02dZ-ZVYv1Ug\" target=\"_blank\" rel=\"noreferrer noopener\">operativos<\/a>&nbsp;durante el fin de semana.<\/p>\n\n\n\n<p>El s\u00e1bado 26 de octubre se recorrieron 20 domicilios en la regi\u00f3n norte de Culiac\u00e1n, en las colonias Fovissste Humaya, STASE, 6 de enero; en los fraccionamientos Rinc\u00f3n Real y La Conquista, y en la localidad Los Algodones, Imala.<\/p>\n\n\n\n<p>Al d\u00eda siguiente se recorrieron localidades for\u00e1neas del municipio entre ellas ElDorado, S\u00e1nchez Celis, Porta Celis, Campo Rebeca, Campo Eureka, la localidad de El Diez y el poblado Higueras de Abuya.<\/p>\n\n\n\n<p>Mientras que el lunes 28 de octubre el operativo de b\u00fasqueda se llev\u00f3 a cabo en el sector sur, por La Costera, colonia Los Huizaches, colonia Miguel de la Madrid, colonia L\u00e1zaro C\u00e1rdenas, entre otras.<\/p>\n\n\n\n<p><em>Con informaci\u00f3n de<strong> Noticieristas<\/strong><\/em><\/p>\n","protected":false},"excerpt":{"rendered":"<p>Foto El Debate<\/p>\n","protected":false},"author":47,"featured_media":94297,"comment_status":"closed","ping_status":"open","sticky":false,"template":"","format":"standard","meta":{"tdm_status":"","tdm_grid_status":"","footnotes":""},"categories":[38],"tags":[303],"class_list":{"0":"post-94298","1":"post","2":"type-post","3":"status-publish","4":"format-standard","5":"has-post-thumbnail","7":"category-noticias-locales","8":"tag-debate"},"yoast_head":"<!-- This site is optimized with the Yoast SEO plugin v27.5 - https:\/\/yoast.com\/product\/yoast-seo-wordpress\/ -->\n<title>Repartidor del diario El Debate cumple 10 d\u00edas privado de la libertad - Fuentes Fidedignas<\/title>\n<meta name=\"robots\" content=\"index, follow, max-snippet:-1, max-image-preview:large, max-video-preview:-1\" \/>\n<link rel=\"canonical\" href=\"https:\/\/fuentesfidedignas.com.mx\/index.php\/2024\/10\/29\/repartidor-del-diario-el-debate-cumple-10-dias-privado-de-la-libertad\/\" \/>\n<meta property=\"og:locale\" content=\"es_MX\" \/>\n<meta property=\"og:type\" content=\"article\" \/>\n<meta property=\"og:title\" content=\"Repartidor del diario El Debate cumple 10 d\u00edas privado de la libertad - Fuentes Fidedignas\" \/>\n<meta property=\"og:description\" content=\"Foto El Debate\" \/>\n<meta property=\"og:url\" content=\"https:\/\/fuentesfidedignas.com.mx\/index.php\/2024\/10\/29\/repartidor-del-diario-el-debate-cumple-10-dias-privado-de-la-libertad\/\" \/>\n<meta property=\"og:site_name\" content=\"Fuentes Fidedignas\" \/>\n<meta property=\"article:publisher\" content=\"https:\/\/www.facebook.com\/Fuentes-Fidedignas-368234489921644\" \/>\n<meta property=\"article:published_time\" content=\"2024-10-29T14:19:45+00:00\" \/>\n<meta property=\"article:modified_time\" content=\"2024-10-29T20:48:38+00:00\" \/>\n<meta property=\"og:image\" content=\"https:\/\/fuentesfidedignas.com.mx\/wp-content\/uploads\/2024\/10\/img_6980-1.jpg\" \/>\n\t<meta property=\"og:image:width\" content=\"1536\" \/>\n\t<meta property=\"og:image:height\" content=\"864\" \/>\n\t<meta property=\"og:image:type\" content=\"image\/jpeg\" \/>\n<meta name=\"author\" content=\"L\u00f3pez D\u00f3riga\" \/>\n<meta name=\"twitter:card\" content=\"summary_large_image\" \/>\n<meta name=\"twitter:creator\" content=\"@fidedignas\" \/>\n<meta name=\"twitter:site\" content=\"@fidedignas\" \/>\n<meta name=\"twitter:label1\" content=\"Escrito por\" \/>\n\t<meta name=\"twitter:data1\" content=\"L\u00f3pez D\u00f3riga\" \/>\n\t<meta name=\"twitter:label2\" content=\"Tiempo de lectura\" \/>\n\t<meta name=\"twitter:data2\" content=\"2 minutos\" \/>\n<script type=\"application\/ld+json\" class=\"yoast-schema-graph\">{\"@context\":\"https:\\\/\\\/schema.org\",\"@graph\":[{\"@type\":\"Article\",\"@id\":\"https:\\\/\\\/fuentesfidedignas.com.mx\\\/index.php\\\/2024\\\/10\\\/29\\\/repartidor-del-diario-el-debate-cumple-10-dias-privado-de-la-libertad\\\/#article\",\"isPartOf\":{\"@id\":\"https:\\\/\\\/fuentesfidedignas.com.mx\\\/index.php\\\/2024\\\/10\\\/29\\\/repartidor-del-diario-el-debate-cumple-10-dias-privado-de-la-libertad\\\/\"},\"author\":{\"name\":\"L\u00f3pez D\u00f3riga\",\"@id\":\"https:\\\/\\\/fuentesfidedignas.com.mx\\\/#\\\/schema\\\/person\\\/67d852f0557c8509146a4b9ddebd543a\"},\"headline\":\"Repartidor del diario El Debate cumple 10 d\u00edas privado de la libertad\",\"datePublished\":\"2024-10-29T14:19:45+00:00\",\"dateModified\":\"2024-10-29T20:48:38+00:00\",\"mainEntityOfPage\":{\"@id\":\"https:\\\/\\\/fuentesfidedignas.com.mx\\\/index.php\\\/2024\\\/10\\\/29\\\/repartidor-del-diario-el-debate-cumple-10-dias-privado-de-la-libertad\\\/\"},\"wordCount\":342,\"publisher\":{\"@id\":\"https:\\\/\\\/fuentesfidedignas.com.mx\\\/#organization\"},\"image\":{\"@id\":\"https:\\\/\\\/fuentesfidedignas.com.mx\\\/index.php\\\/2024\\\/10\\\/29\\\/repartidor-del-diario-el-debate-cumple-10-dias-privado-de-la-libertad\\\/#primaryimage\"},\"thumbnailUrl\":\"https:\\\/\\\/fuentesfidedignas.com.mx\\\/wp-content\\\/uploads\\\/2024\\\/10\\\/img_6980-1.jpg\",\"keywords\":[\"Debate\"],\"articleSection\":[\"NOTICIAS LOCALES\"],\"inLanguage\":\"es\"},{\"@type\":\"WebPage\",\"@id\":\"https:\\\/\\\/fuentesfidedignas.com.mx\\\/index.php\\\/2024\\\/10\\\/29\\\/repartidor-del-diario-el-debate-cumple-10-dias-privado-de-la-libertad\\\/\",\"url\":\"https:\\\/\\\/fuentesfidedignas.com.mx\\\/index.php\\\/2024\\\/10\\\/29\\\/repartidor-del-diario-el-debate-cumple-10-dias-privado-de-la-libertad\\\/\",\"name\":\"Repartidor del diario El Debate cumple 10 d\u00edas privado de la libertad - Fuentes Fidedignas\",\"isPartOf\":{\"@id\":\"https:\\\/\\\/fuentesfidedignas.com.mx\\\/#website\"},\"primaryImageOfPage\":{\"@id\":\"https:\\\/\\\/fuentesfidedignas.com.mx\\\/index.php\\\/2024\\\/10\\\/29\\\/repartidor-del-diario-el-debate-cumple-10-dias-privado-de-la-libertad\\\/#primaryimage\"},\"image\":{\"@id\":\"https:\\\/\\\/fuentesfidedignas.com.mx\\\/index.php\\\/2024\\\/10\\\/29\\\/repartidor-del-diario-el-debate-cumple-10-dias-privado-de-la-libertad\\\/#primaryimage\"},\"thumbnailUrl\":\"https:\\\/\\\/fuentesfidedignas.com.mx\\\/wp-content\\\/uploads\\\/2024\\\/10\\\/img_6980-1.jpg\",\"datePublished\":\"2024-10-29T14:19:45+00:00\",\"dateModified\":\"2024-10-29T20:48:38+00:00\",\"breadcrumb\":{\"@id\":\"https:\\\/\\\/fuentesfidedignas.com.mx\\\/index.php\\\/2024\\\/10\\\/29\\\/repartidor-del-diario-el-debate-cumple-10-dias-privado-de-la-libertad\\\/#breadcrumb\"},\"inLanguage\":\"es\",\"potentialAction\":[{\"@type\":\"ReadAction\",\"target\":[\"https:\\\/\\\/fuentesfidedignas.com.mx\\\/index.php\\\/2024\\\/10\\\/29\\\/repartidor-del-diario-el-debate-cumple-10-dias-privado-de-la-libertad\\\/\"]}]},{\"@type\":\"ImageObject\",\"inLanguage\":\"es\",\"@id\":\"https:\\\/\\\/fuentesfidedignas.com.mx\\\/index.php\\\/2024\\\/10\\\/29\\\/repartidor-del-diario-el-debate-cumple-10-dias-privado-de-la-libertad\\\/#primaryimage\",\"url\":\"https:\\\/\\\/fuentesfidedignas.com.mx\\\/wp-content\\\/uploads\\\/2024\\\/10\\\/img_6980-1.jpg\",\"contentUrl\":\"https:\\\/\\\/fuentesfidedignas.com.mx\\\/wp-content\\\/uploads\\\/2024\\\/10\\\/img_6980-1.jpg\",\"width\":1536,\"height\":864},{\"@type\":\"BreadcrumbList\",\"@id\":\"https:\\\/\\\/fuentesfidedignas.com.mx\\\/index.php\\\/2024\\\/10\\\/29\\\/repartidor-del-diario-el-debate-cumple-10-dias-privado-de-la-libertad\\\/#breadcrumb\",\"itemListElement\":[{\"@type\":\"ListItem\",\"position\":1,\"name\":\"Inicio\",\"item\":\"https:\\\/\\\/fuentesfidedignas.com.mx\\\/\"},{\"@type\":\"ListItem\",\"position\":2,\"name\":\"Repartidor del diario El Debate cumple 10 d\u00edas privado de la libertad\"}]},{\"@type\":\"WebSite\",\"@id\":\"https:\\\/\\\/fuentesfidedignas.com.mx\\\/#website\",\"url\":\"https:\\\/\\\/fuentesfidedignas.com.mx\\\/\",\"name\":\"Fuentes Fidedignas\",\"description\":\"Otro sitio realizado con WordPress\",\"publisher\":{\"@id\":\"https:\\\/\\\/fuentesfidedignas.com.mx\\\/#organization\"},\"potentialAction\":[{\"@type\":\"SearchAction\",\"target\":{\"@type\":\"EntryPoint\",\"urlTemplate\":\"https:\\\/\\\/fuentesfidedignas.com.mx\\\/?s={search_term_string}\"},\"query-input\":{\"@type\":\"PropertyValueSpecification\",\"valueRequired\":true,\"valueName\":\"search_term_string\"}}],\"inLanguage\":\"es\"},{\"@type\":\"Organization\",\"@id\":\"https:\\\/\\\/fuentesfidedignas.com.mx\\\/#organization\",\"name\":\"Fuentes Fidedignas\",\"url\":\"https:\\\/\\\/fuentesfidedignas.com.mx\\\/\",\"logo\":{\"@type\":\"ImageObject\",\"inLanguage\":\"es\",\"@id\":\"https:\\\/\\\/fuentesfidedignas.com.mx\\\/#\\\/schema\\\/logo\\\/image\\\/\",\"url\":\"https:\\\/\\\/fuentesfidedignas.com.mx\\\/wp-content\\\/uploads\\\/2021\\\/04\\\/logo-retina.png\",\"contentUrl\":\"https:\\\/\\\/fuentesfidedignas.com.mx\\\/wp-content\\\/uploads\\\/2021\\\/04\\\/logo-retina.png\",\"width\":280,\"height\":51,\"caption\":\"Fuentes Fidedignas\"},\"image\":{\"@id\":\"https:\\\/\\\/fuentesfidedignas.com.mx\\\/#\\\/schema\\\/logo\\\/image\\\/\"},\"sameAs\":[\"https:\\\/\\\/www.facebook.com\\\/Fuentes-Fidedignas-368234489921644\",\"https:\\\/\\\/x.com\\\/fidedignas\"]},{\"@type\":\"Person\",\"@id\":\"https:\\\/\\\/fuentesfidedignas.com.mx\\\/#\\\/schema\\\/person\\\/67d852f0557c8509146a4b9ddebd543a\",\"name\":\"L\u00f3pez D\u00f3riga\",\"image\":{\"@type\":\"ImageObject\",\"inLanguage\":\"es\",\"@id\":\"https:\\\/\\\/secure.gravatar.com\\\/avatar\\\/e525b06574ca18b33cded59dfe5778d6c823b9513154eff47da551b0551bdd1e?s=96&d=mm&r=g\",\"url\":\"https:\\\/\\\/secure.gravatar.com\\\/avatar\\\/e525b06574ca18b33cded59dfe5778d6c823b9513154eff47da551b0551bdd1e?s=96&d=mm&r=g\",\"contentUrl\":\"https:\\\/\\\/secure.gravatar.com\\\/avatar\\\/e525b06574ca18b33cded59dfe5778d6c823b9513154eff47da551b0551bdd1e?s=96&d=mm&r=g\",\"caption\":\"L\u00f3pez D\u00f3riga\"},\"url\":\"https:\\\/\\\/fuentesfidedignas.com.mx\\\/index.php\\\/author\\\/doriga\\\/\"}]}<\/script>\n<!-- \/ Yoast SEO plugin. -->","yoast_head_json":{"title":"Repartidor del diario El Debate cumple 10 d\u00edas privado de la libertad - Fuentes Fidedignas","robots":{"index":"index","follow":"follow","max-snippet":"max-snippet:-1","max-image-preview":"max-image-preview:large","max-video-preview":"max-video-preview:-1"},"canonical":"https:\/\/fuentesfidedignas.com.mx\/index.php\/2024\/10\/29\/repartidor-del-diario-el-debate-cumple-10-dias-privado-de-la-libertad\/","og_locale":"es_MX","og_type":"article","og_title":"Repartidor del diario El Debate cumple 10 d\u00edas privado de la libertad - Fuentes Fidedignas","og_description":"Foto El Debate","og_url":"https:\/\/fuentesfidedignas.com.mx\/index.php\/2024\/10\/29\/repartidor-del-diario-el-debate-cumple-10-dias-privado-de-la-libertad\/","og_site_name":"Fuentes Fidedignas","article_publisher":"https:\/\/www.facebook.com\/Fuentes-Fidedignas-368234489921644","article_published_time":"2024-10-29T14:19:45+00:00","article_modified_time":"2024-10-29T20:48:38+00:00","og_image":[{"width":1536,"height":864,"url":"https:\/\/fuentesfidedignas.com.mx\/wp-content\/uploads\/2024\/10\/img_6980-1.jpg","type":"image\/jpeg"}],"author":"L\u00f3pez D\u00f3riga","twitter_card":"summary_large_image","twitter_creator":"@fidedignas","twitter_site":"@fidedignas","twitter_misc":{"Escrito por":"L\u00f3pez D\u00f3riga","Tiempo de lectura":"2 minutos"},"schema":{"@context":"https:\/\/schema.org","@graph":[{"@type":"Article","@id":"https:\/\/fuentesfidedignas.com.mx\/index.php\/2024\/10\/29\/repartidor-del-diario-el-debate-cumple-10-dias-privado-de-la-libertad\/#article","isPartOf":{"@id":"https:\/\/fuentesfidedignas.com.mx\/index.php\/2024\/10\/29\/repartidor-del-diario-el-debate-cumple-10-dias-privado-de-la-libertad\/"},"author":{"name":"L\u00f3pez D\u00f3riga","@id":"https:\/\/fuentesfidedignas.com.mx\/#\/schema\/person\/67d852f0557c8509146a4b9ddebd543a"},"headline":"Repartidor del diario El Debate cumple 10 d\u00edas privado de la libertad","datePublished":"2024-10-29T14:19:45+00:00","dateModified":"2024-10-29T20:48:38+00:00","mainEntityOfPage":{"@id":"https:\/\/fuentesfidedignas.com.mx\/index.php\/2024\/10\/29\/repartidor-del-diario-el-debate-cumple-10-dias-privado-de-la-libertad\/"},"wordCount":342,"publisher":{"@id":"https:\/\/fuentesfidedignas.com.mx\/#organization"},"image":{"@id":"https:\/\/fuentesfidedignas.com.mx\/index.php\/2024\/10\/29\/repartidor-del-diario-el-debate-cumple-10-dias-privado-de-la-libertad\/#primaryimage"},"thumbnailUrl":"https:\/\/fuentesfidedignas.com.mx\/wp-content\/uploads\/2024\/10\/img_6980-1.jpg","keywords":["Debate"],"articleSection":["NOTICIAS LOCALES"],"inLanguage":"es"},{"@type":"WebPage","@id":"https:\/\/fuentesfidedignas.com.mx\/index.php\/2024\/10\/29\/repartidor-del-diario-el-debate-cumple-10-dias-privado-de-la-libertad\/","url":"https:\/\/fuentesfidedignas.com.mx\/index.php\/2024\/10\/29\/repartidor-del-diario-el-debate-cumple-10-dias-privado-de-la-libertad\/","name":"Repartidor del diario El Debate cumple 10 d\u00edas privado de la libertad - Fuentes Fidedignas","isPartOf":{"@id":"https:\/\/fuentesfidedignas.com.mx\/#website"},"primaryImageOfPage":{"@id":"https:\/\/fuentesfidedignas.com.mx\/index.php\/2024\/10\/29\/repartidor-del-diario-el-debate-cumple-10-dias-privado-de-la-libertad\/#primaryimage"},"image":{"@id":"https:\/\/fuentesfidedignas.com.mx\/index.php\/2024\/10\/29\/repartidor-del-diario-el-debate-cumple-10-dias-privado-de-la-libertad\/#primaryimage"},"thumbnailUrl":"https:\/\/fuentesfidedignas.com.mx\/wp-content\/uploads\/2024\/10\/img_6980-1.jpg","datePublished":"2024-10-29T14:19:45+00:00","dateModified":"2024-10-29T20:48:38+00:00","breadcrumb":{"@id":"https:\/\/fuentesfidedignas.com.mx\/index.php\/2024\/10\/29\/repartidor-del-diario-el-debate-cumple-10-dias-privado-de-la-libertad\/#breadcrumb"},"inLanguage":"es","potentialAction":[{"@type":"ReadAction","target":["https:\/\/fuentesfidedignas.com.mx\/index.php\/2024\/10\/29\/repartidor-del-diario-el-debate-cumple-10-dias-privado-de-la-libertad\/"]}]},{"@type":"ImageObject","inLanguage":"es","@id":"https:\/\/fuentesfidedignas.com.mx\/index.php\/2024\/10\/29\/repartidor-del-diario-el-debate-cumple-10-dias-privado-de-la-libertad\/#primaryimage","url":"https:\/\/fuentesfidedignas.com.mx\/wp-content\/uploads\/2024\/10\/img_6980-1.jpg","contentUrl":"https:\/\/fuentesfidedignas.com.mx\/wp-content\/uploads\/2024\/10\/img_6980-1.jpg","width":1536,"height":864},{"@type":"BreadcrumbList","@id":"https:\/\/fuentesfidedignas.com.mx\/index.php\/2024\/10\/29\/repartidor-del-diario-el-debate-cumple-10-dias-privado-de-la-libertad\/#breadcrumb","itemListElement":[{"@type":"ListItem","position":1,"name":"Inicio","item":"https:\/\/fuentesfidedignas.com.mx\/"},{"@type":"ListItem","position":2,"name":"Repartidor del diario El Debate cumple 10 d\u00edas privado de la libertad"}]},{"@type":"WebSite","@id":"https:\/\/fuentesfidedignas.com.mx\/#website","url":"https:\/\/fuentesfidedignas.com.mx\/","name":"Fuentes Fidedignas","description":"Otro sitio realizado con WordPress","publisher":{"@id":"https:\/\/fuentesfidedignas.com.mx\/#organization"},"potentialAction":[{"@type":"SearchAction","target":{"@type":"EntryPoint","urlTemplate":"https:\/\/fuentesfidedignas.com.mx\/?s={search_term_string}"},"query-input":{"@type":"PropertyValueSpecification","valueRequired":true,"valueName":"search_term_string"}}],"inLanguage":"es"},{"@type":"Organization","@id":"https:\/\/fuentesfidedignas.com.mx\/#organization","name":"Fuentes Fidedignas","url":"https:\/\/fuentesfidedignas.com.mx\/","logo":{"@type":"ImageObject","inLanguage":"es","@id":"https:\/\/fuentesfidedignas.com.mx\/#\/schema\/logo\/image\/","url":"https:\/\/fuentesfidedignas.com.mx\/wp-content\/uploads\/2021\/04\/logo-retina.png","contentUrl":"https:\/\/fuentesfidedignas.com.mx\/wp-content\/uploads\/2021\/04\/logo-retina.png","width":280,"height":51,"caption":"Fuentes Fidedignas"},"image":{"@id":"https:\/\/fuentesfidedignas.com.mx\/#\/schema\/logo\/image\/"},"sameAs":["https:\/\/www.facebook.com\/Fuentes-Fidedignas-368234489921644","https:\/\/x.com\/fidedignas"]},{"@type":"Person","@id":"https:\/\/fuentesfidedignas.com.mx\/#\/schema\/person\/67d852f0557c8509146a4b9ddebd543a","name":"L\u00f3pez D\u00f3riga","image":{"@type":"ImageObject","inLanguage":"es","@id":"https:\/\/secure.gravatar.com\/avatar\/e525b06574ca18b33cded59dfe5778d6c823b9513154eff47da551b0551bdd1e?s=96&d=mm&r=g","url":"https:\/\/secure.gravatar.com\/avatar\/e525b06574ca18b33cded59dfe5778d6c823b9513154eff47da551b0551bdd1e?s=96&d=mm&r=g","contentUrl":"https:\/\/secure.gravatar.com\/avatar\/e525b06574ca18b33cded59dfe5778d6c823b9513154eff47da551b0551bdd1e?s=96&d=mm&r=g","caption":"L\u00f3pez D\u00f3riga"},"url":"https:\/\/fuentesfidedignas.com.mx\/index.php\/author\/doriga\/"}]}},"_links":{"self":[{"href":"https:\/\/fuentesfidedignas.com.mx\/index.php\/wp-json\/wp\/v2\/posts\/94298","targetHints":{"allow":["GET"]}}],"collection":[{"href":"https:\/\/fuentesfidedignas.com.mx\/index.php\/wp-json\/wp\/v2\/posts"}],"about":[{"href":"https:\/\/fuentesfidedignas.com.mx\/index.php\/wp-json\/wp\/v2\/types\/post"}],"author":[{"embeddable":true,"href":"https:\/\/fuentesfidedignas.com.mx\/index.php\/wp-json\/wp\/v2\/users\/47"}],"replies":[{"embeddable":true,"href":"https:\/\/fuentesfidedignas.com.mx\/index.php\/wp-json\/wp\/v2\/comments?post=94298"}],"version-history":[{"count":2,"href":"https:\/\/fuentesfidedignas.com.mx\/index.php\/wp-json\/wp\/v2\/posts\/94298\/revisions"}],"predecessor-version":[{"id":94300,"href":"https:\/\/fuentesfidedignas.com.mx\/index.php\/wp-json\/wp\/v2\/posts\/94298\/revisions\/94300"}],"wp:featuredmedia":[{"embeddable":true,"href":"https:\/\/fuentesfidedignas.com.mx\/index.php\/wp-json\/wp\/v2\/media\/94297"}],"wp:attachment":[{"href":"https:\/\/fuentesfidedignas.com.mx\/index.php\/wp-json\/wp\/v2\/media?parent=94298"}],"wp:term":[{"taxonomy":"category","embeddable":true,"href":"https:\/\/fuentesfidedignas.com.mx\/index.php\/wp-json\/wp\/v2\/categories?post=94298"},{"taxonomy":"post_tag","embeddable":true,"href":"https:\/\/fuentesfidedignas.com.mx\/index.php\/wp-json\/wp\/v2\/tags?post=94298"}],"curies":[{"name":"wp","href":"https:\/\/api.w.org\/{rel}","templated":true}]}}