{"id":94251,"date":"2024-10-28T16:30:45","date_gmt":"2024-10-28T23:30:45","guid":{"rendered":"https:\/\/fuentesfidedignas.com.mx\/?p=94251"},"modified":"2024-10-28T16:38:44","modified_gmt":"2024-10-28T23:38:44","slug":"avalan-en-comisiones-del-senado-dictamen-para-garantizar-vivienda-social","status":"publish","type":"post","link":"https:\/\/fuentesfidedignas.com.mx\/index.php\/2024\/10\/28\/avalan-en-comisiones-del-senado-dictamen-para-garantizar-vivienda-social\/","title":{"rendered":"Avalan en comisiones del Senado dictamen para garantizar vivienda social"},"content":{"rendered":"\n<p><strong><em>Dicha reforma que forma parte del paquete de iniciativas que envi\u00f3 el ex presidente Andr\u00e9s Manuel L\u00f3pez Obrador en febrero de este a\u00f1o<\/em><\/strong><\/p>\n\n\n\n<p>Ciudad de M\u00e9xico .- Las Comisiones Unidas de Puntos Constitucionales, Vivienda y Reordenamiento Urbano, as\u00ed como de Estudios Legislativos avalaron por unanimidad el dictamen que reforma el art\u00edculo 123 de la Constituci\u00f3n para garantizar vivienda social para los trabajadores.<\/p>\n\n\n\n<p>La minuta enviada por la C\u00e1mara de Diputados prev\u00e9 que los trabajadores puedan acceder a viviendas del Infonavit en arrendamiento social con el derecho a adquirirlas en propiedad.<\/p>\n\n\n\n<figure class=\"wp-block-embed is-type-rich is-provider-twitter wp-block-embed-twitter\"><div class=\"wp-block-embed__wrapper\">\n<blockquote class=\"twitter-tweet\" data-width=\"550\" data-dnt=\"true\"><p lang=\"es\" dir=\"ltr\">En Reuni\u00f3n Ordinaria de Comisiones Unidas de Puntos Constitucionales, de Reordenamiento Urbano y Vivienda y de Estudios Legislativos del <a href=\"https:\/\/twitter.com\/senadomexicano?ref_src=twsrc%5Etfw\">@senadomexicano<\/a>, por unanimidad, aprobamos en lo general y en lo particular el dictamen de reformas y adiciones al art\u00edculo 123 Constitucional;\u2026 <a href=\"https:\/\/t.co\/ji3cKPyHxE\">pic.twitter.com\/ji3cKPyHxE<\/a><\/p>&mdash; Enrique Inzunza (@InzunzaCazarez) <a href=\"https:\/\/twitter.com\/InzunzaCazarez\/status\/1851028611781791849?ref_src=twsrc%5Etfw\">October 28, 2024<\/a><\/blockquote><script async src=\"https:\/\/platform.twitter.com\/widgets.js\" charset=\"utf-8\"><\/script>\n<\/div><\/figure>\n\n\n\n<p>Al respecto, el&nbsp;<strong>presidente de la Comisi\u00f3n de Puntos Constitucionales, \u00d3scar Cant\u00f3n<\/strong>, se\u00f1al\u00f3 que \u201ccon esta reforma se busca resolver un problema enorme al establecer una responsabilidad directa del Estado para asegurar que todos los trabajadores tengan acceso a una vivienda digna y adecuada, lo cual tambi\u00e9n, ayudar\u00e1 a reducir la pobreza y la desigualdad en el pa\u00eds\u201d.<\/p>\n\n\n\n<p>Dicha reforma que forma parte del paquete de iniciativas que envi\u00f3 el ex presidente<strong>&nbsp;Andr\u00e9s Manuel L\u00f3pez Obrador<\/strong>&nbsp;en febrero de este a\u00f1o, tambi\u00e9n contribuye a garantizar el cumplimiento de la oferta de la<strong>presidenta Claudia Sheinbaum<\/strong>de&nbsp;<a href=\"https:\/\/www.milenio.com\/negocios\/sheinbaum-presenta-programa-de-vivienda-a-quienes-beneficia?utm_cmp_rs=Nota%20Enlace%20Editorial\" target=\"_blank\" rel=\"noreferrer noopener\">construir un mill\u00f3n de nuevas viviendas a lo largo de su gobierno<\/a>, de las cuales medio mill\u00f3n ser\u00e1n para derechohabientes al Infonavit y medio mill\u00f3n m\u00e1s a personas que no est\u00e1n afiliadas a ninguno.<\/p>\n\n\n\n<p>La senadora panista,&nbsp;<strong>Mayuli Latifa Mart\u00ednez<\/strong>, sostuvo que aunque su bancada respalda dicha reforma constitucional, buscar\u00e1 que en las leyes secundarias se considere el arrendamiento social y otros t\u00e9rminos que no est\u00e1n agregados en las adiciones al art\u00edculo 123.<\/p>\n\n\n\n<blockquote class=\"wp-block-quote is-layout-flow wp-block-quote-is-layout-flow\">\n<p>\u201cVienen leyes secundarias, lo entiendo, pero bueno, finalmente ser\u00e1 en otra etapa. Pero s\u00ed sobre todo esto tambi\u00e9n de vivienda adecuada, que yo lo que coment\u00e9 es datos que pude obtener de la ONU, pero que no est\u00e1n establecidos aqu\u00ed, que creo que ser\u00eda muy importante que est\u00e9n bien establecidos en esta definici\u00f3n de los conceptos\u201d.<\/p>\n<\/blockquote>\n\n\n\n<p>La senadora<strong>&nbsp;Alejandra Barrales, de Movimiento Ciudadano,<\/strong>admiti\u00f3 que el derecho a la vivienda ha sido un reclamo hist\u00f3rico de la clase trabajadora.<\/p>\n\n\n\n<blockquote class=\"wp-block-quote is-layout-flow wp-block-quote-is-layout-flow\">\n<p>\u201cHa habido un rezago, no obstante, a los trabajadores en la formalidad, de los cuales se destina un porcentaje de su salario para poder generar estas alternativas de vivienda. Lo cierto es que han transcurrido diferentes gobiernos y no hemos podido cubrir la expectativa, la demanda de la clase trabajadora de las diferentes familias en nuestro pa\u00eds que demandan un espacio para vivir.&nbsp;<\/p>\n<\/blockquote>\n\n\n\n<blockquote class=\"wp-block-quote is-layout-flow wp-block-quote-is-layout-flow\">\n<p>\u201cDe tal forma que hoy seguimos teniendo en este pa\u00eds aproximadamente 35 millones de personas que viven actualmente en hacinamiento, con las consecuencias que esto trae sobre todo para la infancia en nuestro pa\u00eds\u201d, destac\u00f3.<\/p>\n<\/blockquote>\n\n\n\n<p>Al respecto, el&nbsp;<strong>presidente de la Comisi\u00f3n de Puntos Constitucionales, \u00d3scar Cant\u00f3n<\/strong>, se\u00f1al\u00f3 que \u201ccon esta reforma se busca resolver un problema enorme al establecer una responsabilidad directa del Estado para asegurar que todos los trabajadores tengan acceso a una vivienda digna y adecuada, lo cual tambi\u00e9n, ayudar\u00e1 a reducir la pobreza y la desigualdad en el pa\u00eds\u201d.<\/p>\n\n\n\n<p>Dicha reforma que forma parte del paquete de iniciativas que envi\u00f3 el ex presidente<strong>&nbsp;Andr\u00e9s Manuel L\u00f3pez Obrador<\/strong>&nbsp;en febrero de este a\u00f1o, tambi\u00e9n contribuye a garantizar el cumplimiento de la oferta de la<strong>presidenta Claudia Sheinbaum<\/strong>de&nbsp;<a href=\"https:\/\/www.milenio.com\/negocios\/sheinbaum-presenta-programa-de-vivienda-a-quienes-beneficia?utm_cmp_rs=Nota%20Enlace%20Editorial\" target=\"_blank\" rel=\"noreferrer noopener\">construir un mill\u00f3n de nuevas viviendas a lo largo de su gobierno<\/a>, de las cuales medio mill\u00f3n ser\u00e1n para derechohabientes al Infonavit y medio mill\u00f3n m\u00e1s a personas que no est\u00e1n afiliadas a ninguno.<\/p>\n\n\n\n<p>La senadora panista,&nbsp;<strong>Mayuli Latifa Mart\u00ednez<\/strong>, sostuvo que aunque su bancada respalda dicha reforma constitucional, buscar\u00e1 que en las leyes secundarias se considere el arrendamiento social y otros t\u00e9rminos que no est\u00e1n agregados en las adiciones al art\u00edculo 123.<\/p>\n\n\n\n<blockquote class=\"wp-block-quote is-layout-flow wp-block-quote-is-layout-flow\">\n<p>\u201cVienen leyes secundarias, lo entiendo, pero bueno, finalmente ser\u00e1 en otra etapa. Pero s\u00ed sobre todo esto tambi\u00e9n de vivienda adecuada, que yo lo que coment\u00e9 es datos que pude obtener de la ONU, pero que no est\u00e1n establecidos aqu\u00ed, que creo que ser\u00eda muy importante que est\u00e9n bien establecidos en esta definici\u00f3n de los conceptos\u201d.<\/p>\n<\/blockquote>\n\n\n\n<p>La senadora<strong>&nbsp;Alejandra Barrales, de Movimiento Ciudadano,<\/strong>admiti\u00f3 que el derecho a la vivienda ha sido un reclamo hist\u00f3rico de la clase trabajadora.<\/p>\n\n\n\n<blockquote class=\"wp-block-quote is-layout-flow wp-block-quote-is-layout-flow\">\n<p>\u201cHa habido un rezago, no obstante, a los trabajadores en la formalidad, de los cuales se destina un porcentaje de su salario para poder generar estas alternativas de vivienda. Lo cierto es que han transcurrido diferentes gobiernos y no hemos podido cubrir la expectativa, la demanda de la clase trabajadora de las diferentes familias en nuestro pa\u00eds que demandan un espacio para vivir.&nbsp;<\/p>\n<\/blockquote>\n\n\n\n<blockquote class=\"wp-block-quote is-layout-flow wp-block-quote-is-layout-flow\">\n<p>\u201cDe tal forma que hoy seguimos teniendo en este pa\u00eds aproximadamente 35 millones de personas que viven actualmente en hacinamiento, con las consecuencias que esto trae sobre todo para la infancia en nuestro pa\u00eds\u201d, destac\u00f3.<\/p>\n<\/blockquote>\n\n\n\n<p>Los legisladores tambi\u00e9n plantearon la necesidad de analizar qu\u00e9 hacer con la vivienda abandonada que hay en el pa\u00eds y as\u00ed lo adelant\u00f3 el morenista&nbsp;<strong>\u00d3scar Cant\u00f3n Zetina.&nbsp;<\/strong><\/p>\n\n\n\n<p>El&nbsp;<strong>dictamen avalado ser\u00e1 presentado el martes 29 de octubre&nbsp;<\/strong>ante el pleno del Senado para que una vez aprobado, sea remitido a los congresos estatales por tratarse de una reforma constitucional.<\/p>\n","protected":false},"excerpt":{"rendered":"<p>Dicha reforma que forma parte del paquete de iniciativas que envi\u00f3 el ex presidente Andr\u00e9s Manuel L\u00f3pez Obrador en febrero de este a\u00f1o Ciudad de M\u00e9xico .- Las Comisiones Unidas de Puntos Constitucionales, Vivienda y Reordenamiento Urbano, as\u00ed como de Estudios Legislativos avalaron por unanimidad el dictamen que reforma el art\u00edculo 123 de la Constituci\u00f3n [&hellip;]<\/p>\n","protected":false},"author":9,"featured_media":94250,"comment_status":"closed","ping_status":"open","sticky":false,"template":"","format":"standard","meta":{"tdm_status":"","tdm_grid_status":"","footnotes":""},"categories":[39],"tags":[],"class_list":{"0":"post-94251","1":"post","2":"type-post","3":"status-publish","4":"format-standard","5":"has-post-thumbnail","7":"category-noticias-nacionales"},"yoast_head":"<!-- This site is optimized with the Yoast SEO plugin v27.5 - https:\/\/yoast.com\/product\/yoast-seo-wordpress\/ -->\n<title>Avalan en comisiones del Senado dictamen para garantizar vivienda social - Fuentes Fidedignas<\/title>\n<meta name=\"robots\" content=\"index, follow, max-snippet:-1, max-image-preview:large, max-video-preview:-1\" \/>\n<link rel=\"canonical\" href=\"https:\/\/fuentesfidedignas.com.mx\/index.php\/2024\/10\/28\/avalan-en-comisiones-del-senado-dictamen-para-garantizar-vivienda-social\/\" \/>\n<meta property=\"og:locale\" content=\"es_MX\" \/>\n<meta property=\"og:type\" content=\"article\" \/>\n<meta property=\"og:title\" content=\"Avalan en comisiones del Senado dictamen para garantizar vivienda social - Fuentes Fidedignas\" \/>\n<meta property=\"og:description\" content=\"Dicha reforma que forma parte del paquete de iniciativas que envi\u00f3 el ex presidente Andr\u00e9s Manuel L\u00f3pez Obrador en febrero de este a\u00f1o Ciudad de M\u00e9xico .- Las Comisiones Unidas de Puntos Constitucionales, Vivienda y Reordenamiento Urbano, as\u00ed como de Estudios Legislativos avalaron por unanimidad el dictamen que reforma el art\u00edculo 123 de la Constituci\u00f3n [&hellip;]\" \/>\n<meta property=\"og:url\" content=\"https:\/\/fuentesfidedignas.com.mx\/index.php\/2024\/10\/28\/avalan-en-comisiones-del-senado-dictamen-para-garantizar-vivienda-social\/\" \/>\n<meta property=\"og:site_name\" content=\"Fuentes Fidedignas\" \/>\n<meta property=\"article:publisher\" content=\"https:\/\/www.facebook.com\/Fuentes-Fidedignas-368234489921644\" \/>\n<meta property=\"article:published_time\" content=\"2024-10-28T23:30:45+00:00\" \/>\n<meta property=\"article:modified_time\" content=\"2024-10-28T23:38:44+00:00\" \/>\n<meta property=\"og:image\" content=\"https:\/\/fuentesfidedignas.com.mx\/wp-content\/uploads\/2024\/10\/img_6865-1.jpg\" \/>\n\t<meta property=\"og:image:width\" content=\"1920\" \/>\n\t<meta property=\"og:image:height\" content=\"1281\" \/>\n\t<meta property=\"og:image:type\" content=\"image\/jpeg\" \/>\n<meta name=\"author\" content=\"Milenio\" \/>\n<meta name=\"twitter:card\" content=\"summary_large_image\" \/>\n<meta name=\"twitter:creator\" content=\"@fidedignas\" \/>\n<meta name=\"twitter:site\" content=\"@fidedignas\" \/>\n<meta name=\"twitter:label1\" content=\"Escrito por\" \/>\n\t<meta name=\"twitter:data1\" content=\"Milenio\" \/>\n\t<meta name=\"twitter:label2\" content=\"Tiempo de lectura\" \/>\n\t<meta name=\"twitter:data2\" content=\"3 minutos\" \/>\n<script type=\"application\/ld+json\" class=\"yoast-schema-graph\">{\"@context\":\"https:\\\/\\\/schema.org\",\"@graph\":[{\"@type\":\"Article\",\"@id\":\"https:\\\/\\\/fuentesfidedignas.com.mx\\\/index.php\\\/2024\\\/10\\\/28\\\/avalan-en-comisiones-del-senado-dictamen-para-garantizar-vivienda-social\\\/#article\",\"isPartOf\":{\"@id\":\"https:\\\/\\\/fuentesfidedignas.com.mx\\\/index.php\\\/2024\\\/10\\\/28\\\/avalan-en-comisiones-del-senado-dictamen-para-garantizar-vivienda-social\\\/\"},\"author\":{\"name\":\"Milenio\",\"@id\":\"https:\\\/\\\/fuentesfidedignas.com.mx\\\/#\\\/schema\\\/person\\\/47ec0135738f4b0c7495f06a77a2c976\"},\"headline\":\"Avalan en comisiones del Senado dictamen para garantizar vivienda social\",\"datePublished\":\"2024-10-28T23:30:45+00:00\",\"dateModified\":\"2024-10-28T23:38:44+00:00\",\"mainEntityOfPage\":{\"@id\":\"https:\\\/\\\/fuentesfidedignas.com.mx\\\/index.php\\\/2024\\\/10\\\/28\\\/avalan-en-comisiones-del-senado-dictamen-para-garantizar-vivienda-social\\\/\"},\"wordCount\":932,\"publisher\":{\"@id\":\"https:\\\/\\\/fuentesfidedignas.com.mx\\\/#organization\"},\"image\":{\"@id\":\"https:\\\/\\\/fuentesfidedignas.com.mx\\\/index.php\\\/2024\\\/10\\\/28\\\/avalan-en-comisiones-del-senado-dictamen-para-garantizar-vivienda-social\\\/#primaryimage\"},\"thumbnailUrl\":\"https:\\\/\\\/fuentesfidedignas.com.mx\\\/wp-content\\\/uploads\\\/2024\\\/10\\\/img_6865-1.jpg\",\"articleSection\":[\"NOTICIAS NACIONALES\"],\"inLanguage\":\"es\"},{\"@type\":\"WebPage\",\"@id\":\"https:\\\/\\\/fuentesfidedignas.com.mx\\\/index.php\\\/2024\\\/10\\\/28\\\/avalan-en-comisiones-del-senado-dictamen-para-garantizar-vivienda-social\\\/\",\"url\":\"https:\\\/\\\/fuentesfidedignas.com.mx\\\/index.php\\\/2024\\\/10\\\/28\\\/avalan-en-comisiones-del-senado-dictamen-para-garantizar-vivienda-social\\\/\",\"name\":\"Avalan en comisiones del Senado dictamen para garantizar vivienda social - Fuentes Fidedignas\",\"isPartOf\":{\"@id\":\"https:\\\/\\\/fuentesfidedignas.com.mx\\\/#website\"},\"primaryImageOfPage\":{\"@id\":\"https:\\\/\\\/fuentesfidedignas.com.mx\\\/index.php\\\/2024\\\/10\\\/28\\\/avalan-en-comisiones-del-senado-dictamen-para-garantizar-vivienda-social\\\/#primaryimage\"},\"image\":{\"@id\":\"https:\\\/\\\/fuentesfidedignas.com.mx\\\/index.php\\\/2024\\\/10\\\/28\\\/avalan-en-comisiones-del-senado-dictamen-para-garantizar-vivienda-social\\\/#primaryimage\"},\"thumbnailUrl\":\"https:\\\/\\\/fuentesfidedignas.com.mx\\\/wp-content\\\/uploads\\\/2024\\\/10\\\/img_6865-1.jpg\",\"datePublished\":\"2024-10-28T23:30:45+00:00\",\"dateModified\":\"2024-10-28T23:38:44+00:00\",\"breadcrumb\":{\"@id\":\"https:\\\/\\\/fuentesfidedignas.com.mx\\\/index.php\\\/2024\\\/10\\\/28\\\/avalan-en-comisiones-del-senado-dictamen-para-garantizar-vivienda-social\\\/#breadcrumb\"},\"inLanguage\":\"es\",\"potentialAction\":[{\"@type\":\"ReadAction\",\"target\":[\"https:\\\/\\\/fuentesfidedignas.com.mx\\\/index.php\\\/2024\\\/10\\\/28\\\/avalan-en-comisiones-del-senado-dictamen-para-garantizar-vivienda-social\\\/\"]}]},{\"@type\":\"ImageObject\",\"inLanguage\":\"es\",\"@id\":\"https:\\\/\\\/fuentesfidedignas.com.mx\\\/index.php\\\/2024\\\/10\\\/28\\\/avalan-en-comisiones-del-senado-dictamen-para-garantizar-vivienda-social\\\/#primaryimage\",\"url\":\"https:\\\/\\\/fuentesfidedignas.com.mx\\\/wp-content\\\/uploads\\\/2024\\\/10\\\/img_6865-1.jpg\",\"contentUrl\":\"https:\\\/\\\/fuentesfidedignas.com.mx\\\/wp-content\\\/uploads\\\/2024\\\/10\\\/img_6865-1.jpg\",\"width\":1920,\"height\":1281},{\"@type\":\"BreadcrumbList\",\"@id\":\"https:\\\/\\\/fuentesfidedignas.com.mx\\\/index.php\\\/2024\\\/10\\\/28\\\/avalan-en-comisiones-del-senado-dictamen-para-garantizar-vivienda-social\\\/#breadcrumb\",\"itemListElement\":[{\"@type\":\"ListItem\",\"position\":1,\"name\":\"Inicio\",\"item\":\"https:\\\/\\\/fuentesfidedignas.com.mx\\\/\"},{\"@type\":\"ListItem\",\"position\":2,\"name\":\"Avalan en comisiones del Senado dictamen para garantizar vivienda social\"}]},{\"@type\":\"WebSite\",\"@id\":\"https:\\\/\\\/fuentesfidedignas.com.mx\\\/#website\",\"url\":\"https:\\\/\\\/fuentesfidedignas.com.mx\\\/\",\"name\":\"Fuentes Fidedignas\",\"description\":\"Otro sitio realizado con WordPress\",\"publisher\":{\"@id\":\"https:\\\/\\\/fuentesfidedignas.com.mx\\\/#organization\"},\"potentialAction\":[{\"@type\":\"SearchAction\",\"target\":{\"@type\":\"EntryPoint\",\"urlTemplate\":\"https:\\\/\\\/fuentesfidedignas.com.mx\\\/?s={search_term_string}\"},\"query-input\":{\"@type\":\"PropertyValueSpecification\",\"valueRequired\":true,\"valueName\":\"search_term_string\"}}],\"inLanguage\":\"es\"},{\"@type\":\"Organization\",\"@id\":\"https:\\\/\\\/fuentesfidedignas.com.mx\\\/#organization\",\"name\":\"Fuentes Fidedignas\",\"url\":\"https:\\\/\\\/fuentesfidedignas.com.mx\\\/\",\"logo\":{\"@type\":\"ImageObject\",\"inLanguage\":\"es\",\"@id\":\"https:\\\/\\\/fuentesfidedignas.com.mx\\\/#\\\/schema\\\/logo\\\/image\\\/\",\"url\":\"https:\\\/\\\/fuentesfidedignas.com.mx\\\/wp-content\\\/uploads\\\/2021\\\/04\\\/logo-retina.png\",\"contentUrl\":\"https:\\\/\\\/fuentesfidedignas.com.mx\\\/wp-content\\\/uploads\\\/2021\\\/04\\\/logo-retina.png\",\"width\":280,\"height\":51,\"caption\":\"Fuentes Fidedignas\"},\"image\":{\"@id\":\"https:\\\/\\\/fuentesfidedignas.com.mx\\\/#\\\/schema\\\/logo\\\/image\\\/\"},\"sameAs\":[\"https:\\\/\\\/www.facebook.com\\\/Fuentes-Fidedignas-368234489921644\",\"https:\\\/\\\/x.com\\\/fidedignas\"]},{\"@type\":\"Person\",\"@id\":\"https:\\\/\\\/fuentesfidedignas.com.mx\\\/#\\\/schema\\\/person\\\/47ec0135738f4b0c7495f06a77a2c976\",\"name\":\"Milenio\",\"image\":{\"@type\":\"ImageObject\",\"inLanguage\":\"es\",\"@id\":\"https:\\\/\\\/secure.gravatar.com\\\/avatar\\\/acabf7b54753e51c2c76457954577c236b3b764789b19879565769739d1e4a75?s=96&d=mm&r=g\",\"url\":\"https:\\\/\\\/secure.gravatar.com\\\/avatar\\\/acabf7b54753e51c2c76457954577c236b3b764789b19879565769739d1e4a75?s=96&d=mm&r=g\",\"contentUrl\":\"https:\\\/\\\/secure.gravatar.com\\\/avatar\\\/acabf7b54753e51c2c76457954577c236b3b764789b19879565769739d1e4a75?s=96&d=mm&r=g\",\"caption\":\"Milenio\"},\"url\":\"https:\\\/\\\/fuentesfidedignas.com.mx\\\/index.php\\\/author\\\/milenio\\\/\"}]}<\/script>\n<!-- \/ Yoast SEO plugin. -->","yoast_head_json":{"title":"Avalan en comisiones del Senado dictamen para garantizar vivienda social - Fuentes Fidedignas","robots":{"index":"index","follow":"follow","max-snippet":"max-snippet:-1","max-image-preview":"max-image-preview:large","max-video-preview":"max-video-preview:-1"},"canonical":"https:\/\/fuentesfidedignas.com.mx\/index.php\/2024\/10\/28\/avalan-en-comisiones-del-senado-dictamen-para-garantizar-vivienda-social\/","og_locale":"es_MX","og_type":"article","og_title":"Avalan en comisiones del Senado dictamen para garantizar vivienda social - Fuentes Fidedignas","og_description":"Dicha reforma que forma parte del paquete de iniciativas que envi\u00f3 el ex presidente Andr\u00e9s Manuel L\u00f3pez Obrador en febrero de este a\u00f1o Ciudad de M\u00e9xico .- Las Comisiones Unidas de Puntos Constitucionales, Vivienda y Reordenamiento Urbano, as\u00ed como de Estudios Legislativos avalaron por unanimidad el dictamen que reforma el art\u00edculo 123 de la Constituci\u00f3n [&hellip;]","og_url":"https:\/\/fuentesfidedignas.com.mx\/index.php\/2024\/10\/28\/avalan-en-comisiones-del-senado-dictamen-para-garantizar-vivienda-social\/","og_site_name":"Fuentes Fidedignas","article_publisher":"https:\/\/www.facebook.com\/Fuentes-Fidedignas-368234489921644","article_published_time":"2024-10-28T23:30:45+00:00","article_modified_time":"2024-10-28T23:38:44+00:00","og_image":[{"width":1920,"height":1281,"url":"https:\/\/fuentesfidedignas.com.mx\/wp-content\/uploads\/2024\/10\/img_6865-1.jpg","type":"image\/jpeg"}],"author":"Milenio","twitter_card":"summary_large_image","twitter_creator":"@fidedignas","twitter_site":"@fidedignas","twitter_misc":{"Escrito por":"Milenio","Tiempo de lectura":"3 minutos"},"schema":{"@context":"https:\/\/schema.org","@graph":[{"@type":"Article","@id":"https:\/\/fuentesfidedignas.com.mx\/index.php\/2024\/10\/28\/avalan-en-comisiones-del-senado-dictamen-para-garantizar-vivienda-social\/#article","isPartOf":{"@id":"https:\/\/fuentesfidedignas.com.mx\/index.php\/2024\/10\/28\/avalan-en-comisiones-del-senado-dictamen-para-garantizar-vivienda-social\/"},"author":{"name":"Milenio","@id":"https:\/\/fuentesfidedignas.com.mx\/#\/schema\/person\/47ec0135738f4b0c7495f06a77a2c976"},"headline":"Avalan en comisiones del Senado dictamen para garantizar vivienda social","datePublished":"2024-10-28T23:30:45+00:00","dateModified":"2024-10-28T23:38:44+00:00","mainEntityOfPage":{"@id":"https:\/\/fuentesfidedignas.com.mx\/index.php\/2024\/10\/28\/avalan-en-comisiones-del-senado-dictamen-para-garantizar-vivienda-social\/"},"wordCount":932,"publisher":{"@id":"https:\/\/fuentesfidedignas.com.mx\/#organization"},"image":{"@id":"https:\/\/fuentesfidedignas.com.mx\/index.php\/2024\/10\/28\/avalan-en-comisiones-del-senado-dictamen-para-garantizar-vivienda-social\/#primaryimage"},"thumbnailUrl":"https:\/\/fuentesfidedignas.com.mx\/wp-content\/uploads\/2024\/10\/img_6865-1.jpg","articleSection":["NOTICIAS NACIONALES"],"inLanguage":"es"},{"@type":"WebPage","@id":"https:\/\/fuentesfidedignas.com.mx\/index.php\/2024\/10\/28\/avalan-en-comisiones-del-senado-dictamen-para-garantizar-vivienda-social\/","url":"https:\/\/fuentesfidedignas.com.mx\/index.php\/2024\/10\/28\/avalan-en-comisiones-del-senado-dictamen-para-garantizar-vivienda-social\/","name":"Avalan en comisiones del Senado dictamen para garantizar vivienda social - Fuentes Fidedignas","isPartOf":{"@id":"https:\/\/fuentesfidedignas.com.mx\/#website"},"primaryImageOfPage":{"@id":"https:\/\/fuentesfidedignas.com.mx\/index.php\/2024\/10\/28\/avalan-en-comisiones-del-senado-dictamen-para-garantizar-vivienda-social\/#primaryimage"},"image":{"@id":"https:\/\/fuentesfidedignas.com.mx\/index.php\/2024\/10\/28\/avalan-en-comisiones-del-senado-dictamen-para-garantizar-vivienda-social\/#primaryimage"},"thumbnailUrl":"https:\/\/fuentesfidedignas.com.mx\/wp-content\/uploads\/2024\/10\/img_6865-1.jpg","datePublished":"2024-10-28T23:30:45+00:00","dateModified":"2024-10-28T23:38:44+00:00","breadcrumb":{"@id":"https:\/\/fuentesfidedignas.com.mx\/index.php\/2024\/10\/28\/avalan-en-comisiones-del-senado-dictamen-para-garantizar-vivienda-social\/#breadcrumb"},"inLanguage":"es","potentialAction":[{"@type":"ReadAction","target":["https:\/\/fuentesfidedignas.com.mx\/index.php\/2024\/10\/28\/avalan-en-comisiones-del-senado-dictamen-para-garantizar-vivienda-social\/"]}]},{"@type":"ImageObject","inLanguage":"es","@id":"https:\/\/fuentesfidedignas.com.mx\/index.php\/2024\/10\/28\/avalan-en-comisiones-del-senado-dictamen-para-garantizar-vivienda-social\/#primaryimage","url":"https:\/\/fuentesfidedignas.com.mx\/wp-content\/uploads\/2024\/10\/img_6865-1.jpg","contentUrl":"https:\/\/fuentesfidedignas.com.mx\/wp-content\/uploads\/2024\/10\/img_6865-1.jpg","width":1920,"height":1281},{"@type":"BreadcrumbList","@id":"https:\/\/fuentesfidedignas.com.mx\/index.php\/2024\/10\/28\/avalan-en-comisiones-del-senado-dictamen-para-garantizar-vivienda-social\/#breadcrumb","itemListElement":[{"@type":"ListItem","position":1,"name":"Inicio","item":"https:\/\/fuentesfidedignas.com.mx\/"},{"@type":"ListItem","position":2,"name":"Avalan en comisiones del Senado dictamen para garantizar vivienda social"}]},{"@type":"WebSite","@id":"https:\/\/fuentesfidedignas.com.mx\/#website","url":"https:\/\/fuentesfidedignas.com.mx\/","name":"Fuentes Fidedignas","description":"Otro sitio realizado con WordPress","publisher":{"@id":"https:\/\/fuentesfidedignas.com.mx\/#organization"},"potentialAction":[{"@type":"SearchAction","target":{"@type":"EntryPoint","urlTemplate":"https:\/\/fuentesfidedignas.com.mx\/?s={search_term_string}"},"query-input":{"@type":"PropertyValueSpecification","valueRequired":true,"valueName":"search_term_string"}}],"inLanguage":"es"},{"@type":"Organization","@id":"https:\/\/fuentesfidedignas.com.mx\/#organization","name":"Fuentes Fidedignas","url":"https:\/\/fuentesfidedignas.com.mx\/","logo":{"@type":"ImageObject","inLanguage":"es","@id":"https:\/\/fuentesfidedignas.com.mx\/#\/schema\/logo\/image\/","url":"https:\/\/fuentesfidedignas.com.mx\/wp-content\/uploads\/2021\/04\/logo-retina.png","contentUrl":"https:\/\/fuentesfidedignas.com.mx\/wp-content\/uploads\/2021\/04\/logo-retina.png","width":280,"height":51,"caption":"Fuentes Fidedignas"},"image":{"@id":"https:\/\/fuentesfidedignas.com.mx\/#\/schema\/logo\/image\/"},"sameAs":["https:\/\/www.facebook.com\/Fuentes-Fidedignas-368234489921644","https:\/\/x.com\/fidedignas"]},{"@type":"Person","@id":"https:\/\/fuentesfidedignas.com.mx\/#\/schema\/person\/47ec0135738f4b0c7495f06a77a2c976","name":"Milenio","image":{"@type":"ImageObject","inLanguage":"es","@id":"https:\/\/secure.gravatar.com\/avatar\/acabf7b54753e51c2c76457954577c236b3b764789b19879565769739d1e4a75?s=96&d=mm&r=g","url":"https:\/\/secure.gravatar.com\/avatar\/acabf7b54753e51c2c76457954577c236b3b764789b19879565769739d1e4a75?s=96&d=mm&r=g","contentUrl":"https:\/\/secure.gravatar.com\/avatar\/acabf7b54753e51c2c76457954577c236b3b764789b19879565769739d1e4a75?s=96&d=mm&r=g","caption":"Milenio"},"url":"https:\/\/fuentesfidedignas.com.mx\/index.php\/author\/milenio\/"}]}},"_links":{"self":[{"href":"https:\/\/fuentesfidedignas.com.mx\/index.php\/wp-json\/wp\/v2\/posts\/94251","targetHints":{"allow":["GET"]}}],"collection":[{"href":"https:\/\/fuentesfidedignas.com.mx\/index.php\/wp-json\/wp\/v2\/posts"}],"about":[{"href":"https:\/\/fuentesfidedignas.com.mx\/index.php\/wp-json\/wp\/v2\/types\/post"}],"author":[{"embeddable":true,"href":"https:\/\/fuentesfidedignas.com.mx\/index.php\/wp-json\/wp\/v2\/users\/9"}],"replies":[{"embeddable":true,"href":"https:\/\/fuentesfidedignas.com.mx\/index.php\/wp-json\/wp\/v2\/comments?post=94251"}],"version-history":[{"count":2,"href":"https:\/\/fuentesfidedignas.com.mx\/index.php\/wp-json\/wp\/v2\/posts\/94251\/revisions"}],"predecessor-version":[{"id":94253,"href":"https:\/\/fuentesfidedignas.com.mx\/index.php\/wp-json\/wp\/v2\/posts\/94251\/revisions\/94253"}],"wp:featuredmedia":[{"embeddable":true,"href":"https:\/\/fuentesfidedignas.com.mx\/index.php\/wp-json\/wp\/v2\/media\/94250"}],"wp:attachment":[{"href":"https:\/\/fuentesfidedignas.com.mx\/index.php\/wp-json\/wp\/v2\/media?parent=94251"}],"wp:term":[{"taxonomy":"category","embeddable":true,"href":"https:\/\/fuentesfidedignas.com.mx\/index.php\/wp-json\/wp\/v2\/categories?post=94251"},{"taxonomy":"post_tag","embeddable":true,"href":"https:\/\/fuentesfidedignas.com.mx\/index.php\/wp-json\/wp\/v2\/tags?post=94251"}],"curies":[{"name":"wp","href":"https:\/\/api.w.org\/{rel}","templated":true}]}}