{"id":94221,"date":"2024-10-28T11:25:46","date_gmt":"2024-10-28T18:25:46","guid":{"rendered":"https:\/\/fuentesfidedignas.com.mx\/?p=94221"},"modified":"2024-10-28T11:25:46","modified_gmt":"2024-10-28T18:25:46","slug":"mazatlan-con-afectaciones-economicas-tras-ola-de-violencia","status":"publish","type":"post","link":"https:\/\/fuentesfidedignas.com.mx\/index.php\/2024\/10\/28\/mazatlan-con-afectaciones-economicas-tras-ola-de-violencia\/","title":{"rendered":"Mazatl\u00e1n, con afectaciones econ\u00f3micas tras ola de violencia"},"content":{"rendered":"\n<p><strong><em>La violencia de las \u00faltimas semanas en Sinaloa ha afectado de manera importante la actividad tur\u00edstica en el puerto <\/em><\/strong><\/p>\n\n\n\n<p>Mazatl\u00e1n, Sinaloa.- <strong>Mazatl\u00e1n<\/strong>, en&nbsp;<strong>Sinaloa<\/strong>, tiene importantes<strong>&nbsp;afectaciones econ\u00f3micas<\/strong>&nbsp;tras la&nbsp;<strong>violencia<\/strong>&nbsp;generada por facciones del&nbsp;<strong>narcotr\u00e1fico<\/strong>&nbsp;en la entidad, la cual inici\u00f3 desde septiembre.<\/p>\n\n\n\n<p>El semanario Riodoce apunt\u00f3 que estas afectaciones han trastocado a prestadores de servicios, proveedores de insumos y mercanc\u00edas para restaurantes, hoteles, centros nocturnos, e incluso hasta los que indirectamente se benefician con la derrama econ\u00f3mica.<\/p>\n\n\n\n<p><strong>Jos\u00e9 Ram\u00f3n Manguart<\/strong>, presidente de la&nbsp;<strong>Asociaci\u00f3n de Hoteles Tres Islas<\/strong>, apunt\u00f3 que fue despu\u00e9s de las fiestas patrias cuando las reservaciones se vinieron a pique en el puerto sinaloense, oscilando entre un 30 hasta un 25 por ciento en algunos d\u00edas.<\/p>\n\n\n\n<p>Adem\u00e1s, lugare\u00f1os han detallado a turistas algunas recomendaciones dada la situaci\u00f3n que se vive en la zona, como la de ya no salir del hotel despu\u00e9s de las 22:00 h<\/p>\n\n\n\n<p>\u201cNos recomendaron que ya ahorita a las diez de la noche, ya estuvi\u00e9ramos ah\u00ed en el hotel, nos dijeron que s\u00ed, que sali\u00e9ramos, pero nos recomendaron que sali\u00e9ramos temprano\u201d, dijo Araceli El\u00edas, proveniente de Jalisco.<\/p>\n\n\n\n<p>\u201cNos recomendaron que ya ahorita a las diez de la noche, ya estuvi\u00e9ramos ah\u00ed en el hotel, nos dijeron que s\u00ed, que sali\u00e9ramos, pero nos recomendaron que sali\u00e9ramos temprano\u201d, se\u00f1al\u00f3.<\/p>\n\n\n\n<p>Otra de las recomendaciones que les han. hecho a turtistas es que no salgan a otras partes de Sinaloa, y que se queden en Mazatl\u00e1n.<\/p>\n\n\n\n<p>\u201cNos dijeron que no sali\u00e9ramos a otro lado, los mismos vecinos de aqu\u00ed, que no fu\u00e9ramos a Culiac\u00e1n o fuera de aqu\u00ed\u201d, sostuvo Hugo Roberto Jim\u00e9nez.<\/p>\n\n\n\n<p>Taxistas y vendedores de comida han resentido la poca afluencia de turistas, donde incluso deben esperar esperar una hora a los autobuses for\u00e1neos que viajan con el 50 por ciento de pasaje, y en ocasiones menos.<\/p>\n\n\n\n<p>Sinaloa sufre una ola de violencia derivado de las pugnas de facciones del C\u00e1rtel de Sinaloa, que han dejado m\u00e1s 150 muertos, balaceras, privaciones de la libertad, entre otros sucesos.<\/p>\n\n\n\n<p><em>Con informaci\u00f3n de<strong> R\u00edo Doce<\/strong><\/em><\/p>\n","protected":false},"excerpt":{"rendered":"<p>La violencia de las \u00faltimas semanas en Sinaloa ha afectado de manera importante la actividad tur\u00edstica en el puerto Mazatl\u00e1n, Sinaloa.- Mazatl\u00e1n, en&nbsp;Sinaloa, tiene importantes&nbsp;afectaciones econ\u00f3micas&nbsp;tras la&nbsp;violencia&nbsp;generada por facciones del&nbsp;narcotr\u00e1fico&nbsp;en la entidad, la cual inici\u00f3 desde septiembre. El semanario Riodoce apunt\u00f3 que estas afectaciones han trastocado a prestadores de servicios, proveedores de insumos y mercanc\u00edas [&hellip;]<\/p>\n","protected":false},"author":47,"featured_media":78506,"comment_status":"closed","ping_status":"open","sticky":false,"template":"","format":"standard","meta":{"tdm_status":"","tdm_grid_status":"","footnotes":""},"categories":[37],"tags":[],"class_list":{"0":"post-94221","1":"post","2":"type-post","3":"status-publish","4":"format-standard","5":"has-post-thumbnail","7":"category-nota-principal"},"yoast_head":"<!-- This site is optimized with the Yoast SEO plugin v27.5 - https:\/\/yoast.com\/product\/yoast-seo-wordpress\/ -->\n<title>Mazatl\u00e1n, con afectaciones econ\u00f3micas tras ola de violencia - Fuentes Fidedignas<\/title>\n<meta name=\"robots\" content=\"index, follow, max-snippet:-1, max-image-preview:large, max-video-preview:-1\" \/>\n<link rel=\"canonical\" href=\"https:\/\/fuentesfidedignas.com.mx\/index.php\/2024\/10\/28\/mazatlan-con-afectaciones-economicas-tras-ola-de-violencia\/\" \/>\n<meta property=\"og:locale\" content=\"es_MX\" \/>\n<meta property=\"og:type\" content=\"article\" \/>\n<meta property=\"og:title\" content=\"Mazatl\u00e1n, con afectaciones econ\u00f3micas tras ola de violencia - Fuentes Fidedignas\" \/>\n<meta property=\"og:description\" content=\"La violencia de las \u00faltimas semanas en Sinaloa ha afectado de manera importante la actividad tur\u00edstica en el puerto Mazatl\u00e1n, Sinaloa.- Mazatl\u00e1n, en&nbsp;Sinaloa, tiene importantes&nbsp;afectaciones econ\u00f3micas&nbsp;tras la&nbsp;violencia&nbsp;generada por facciones del&nbsp;narcotr\u00e1fico&nbsp;en la entidad, la cual inici\u00f3 desde septiembre. El semanario Riodoce apunt\u00f3 que estas afectaciones han trastocado a prestadores de servicios, proveedores de insumos y mercanc\u00edas [&hellip;]\" \/>\n<meta property=\"og:url\" content=\"https:\/\/fuentesfidedignas.com.mx\/index.php\/2024\/10\/28\/mazatlan-con-afectaciones-economicas-tras-ola-de-violencia\/\" \/>\n<meta property=\"og:site_name\" content=\"Fuentes Fidedignas\" \/>\n<meta property=\"article:publisher\" content=\"https:\/\/www.facebook.com\/Fuentes-Fidedignas-368234489921644\" \/>\n<meta property=\"article:published_time\" content=\"2024-10-28T18:25:46+00:00\" \/>\n<meta property=\"og:image\" content=\"https:\/\/fuentesfidedignas.com.mx\/wp-content\/uploads\/2024\/04\/MAZATLAN.jpg\" \/>\n\t<meta property=\"og:image:width\" content=\"600\" \/>\n\t<meta property=\"og:image:height\" content=\"399\" \/>\n\t<meta property=\"og:image:type\" content=\"image\/jpeg\" \/>\n<meta name=\"author\" content=\"L\u00f3pez D\u00f3riga\" \/>\n<meta name=\"twitter:card\" content=\"summary_large_image\" \/>\n<meta name=\"twitter:creator\" content=\"@fidedignas\" \/>\n<meta name=\"twitter:site\" content=\"@fidedignas\" \/>\n<meta name=\"twitter:label1\" content=\"Escrito por\" \/>\n\t<meta name=\"twitter:data1\" content=\"L\u00f3pez D\u00f3riga\" \/>\n\t<meta name=\"twitter:label2\" content=\"Tiempo de lectura\" \/>\n\t<meta name=\"twitter:data2\" content=\"2 minutos\" \/>\n<script type=\"application\/ld+json\" class=\"yoast-schema-graph\">{\"@context\":\"https:\\\/\\\/schema.org\",\"@graph\":[{\"@type\":\"Article\",\"@id\":\"https:\\\/\\\/fuentesfidedignas.com.mx\\\/index.php\\\/2024\\\/10\\\/28\\\/mazatlan-con-afectaciones-economicas-tras-ola-de-violencia\\\/#article\",\"isPartOf\":{\"@id\":\"https:\\\/\\\/fuentesfidedignas.com.mx\\\/index.php\\\/2024\\\/10\\\/28\\\/mazatlan-con-afectaciones-economicas-tras-ola-de-violencia\\\/\"},\"author\":{\"name\":\"L\u00f3pez D\u00f3riga\",\"@id\":\"https:\\\/\\\/fuentesfidedignas.com.mx\\\/#\\\/schema\\\/person\\\/67d852f0557c8509146a4b9ddebd543a\"},\"headline\":\"Mazatl\u00e1n, con afectaciones econ\u00f3micas tras ola de violencia\",\"datePublished\":\"2024-10-28T18:25:46+00:00\",\"mainEntityOfPage\":{\"@id\":\"https:\\\/\\\/fuentesfidedignas.com.mx\\\/index.php\\\/2024\\\/10\\\/28\\\/mazatlan-con-afectaciones-economicas-tras-ola-de-violencia\\\/\"},\"wordCount\":385,\"publisher\":{\"@id\":\"https:\\\/\\\/fuentesfidedignas.com.mx\\\/#organization\"},\"image\":{\"@id\":\"https:\\\/\\\/fuentesfidedignas.com.mx\\\/index.php\\\/2024\\\/10\\\/28\\\/mazatlan-con-afectaciones-economicas-tras-ola-de-violencia\\\/#primaryimage\"},\"thumbnailUrl\":\"https:\\\/\\\/fuentesfidedignas.com.mx\\\/wp-content\\\/uploads\\\/2024\\\/04\\\/MAZATLAN.jpg\",\"articleSection\":[\"NOTA PRINCIPAL\"],\"inLanguage\":\"es\"},{\"@type\":\"WebPage\",\"@id\":\"https:\\\/\\\/fuentesfidedignas.com.mx\\\/index.php\\\/2024\\\/10\\\/28\\\/mazatlan-con-afectaciones-economicas-tras-ola-de-violencia\\\/\",\"url\":\"https:\\\/\\\/fuentesfidedignas.com.mx\\\/index.php\\\/2024\\\/10\\\/28\\\/mazatlan-con-afectaciones-economicas-tras-ola-de-violencia\\\/\",\"name\":\"Mazatl\u00e1n, con afectaciones econ\u00f3micas tras ola de violencia - Fuentes Fidedignas\",\"isPartOf\":{\"@id\":\"https:\\\/\\\/fuentesfidedignas.com.mx\\\/#website\"},\"primaryImageOfPage\":{\"@id\":\"https:\\\/\\\/fuentesfidedignas.com.mx\\\/index.php\\\/2024\\\/10\\\/28\\\/mazatlan-con-afectaciones-economicas-tras-ola-de-violencia\\\/#primaryimage\"},\"image\":{\"@id\":\"https:\\\/\\\/fuentesfidedignas.com.mx\\\/index.php\\\/2024\\\/10\\\/28\\\/mazatlan-con-afectaciones-economicas-tras-ola-de-violencia\\\/#primaryimage\"},\"thumbnailUrl\":\"https:\\\/\\\/fuentesfidedignas.com.mx\\\/wp-content\\\/uploads\\\/2024\\\/04\\\/MAZATLAN.jpg\",\"datePublished\":\"2024-10-28T18:25:46+00:00\",\"breadcrumb\":{\"@id\":\"https:\\\/\\\/fuentesfidedignas.com.mx\\\/index.php\\\/2024\\\/10\\\/28\\\/mazatlan-con-afectaciones-economicas-tras-ola-de-violencia\\\/#breadcrumb\"},\"inLanguage\":\"es\",\"potentialAction\":[{\"@type\":\"ReadAction\",\"target\":[\"https:\\\/\\\/fuentesfidedignas.com.mx\\\/index.php\\\/2024\\\/10\\\/28\\\/mazatlan-con-afectaciones-economicas-tras-ola-de-violencia\\\/\"]}]},{\"@type\":\"ImageObject\",\"inLanguage\":\"es\",\"@id\":\"https:\\\/\\\/fuentesfidedignas.com.mx\\\/index.php\\\/2024\\\/10\\\/28\\\/mazatlan-con-afectaciones-economicas-tras-ola-de-violencia\\\/#primaryimage\",\"url\":\"https:\\\/\\\/fuentesfidedignas.com.mx\\\/wp-content\\\/uploads\\\/2024\\\/04\\\/MAZATLAN.jpg\",\"contentUrl\":\"https:\\\/\\\/fuentesfidedignas.com.mx\\\/wp-content\\\/uploads\\\/2024\\\/04\\\/MAZATLAN.jpg\",\"width\":600,\"height\":399},{\"@type\":\"BreadcrumbList\",\"@id\":\"https:\\\/\\\/fuentesfidedignas.com.mx\\\/index.php\\\/2024\\\/10\\\/28\\\/mazatlan-con-afectaciones-economicas-tras-ola-de-violencia\\\/#breadcrumb\",\"itemListElement\":[{\"@type\":\"ListItem\",\"position\":1,\"name\":\"Inicio\",\"item\":\"https:\\\/\\\/fuentesfidedignas.com.mx\\\/\"},{\"@type\":\"ListItem\",\"position\":2,\"name\":\"Mazatl\u00e1n, con afectaciones econ\u00f3micas tras ola de violencia\"}]},{\"@type\":\"WebSite\",\"@id\":\"https:\\\/\\\/fuentesfidedignas.com.mx\\\/#website\",\"url\":\"https:\\\/\\\/fuentesfidedignas.com.mx\\\/\",\"name\":\"Fuentes Fidedignas\",\"description\":\"Otro sitio realizado con WordPress\",\"publisher\":{\"@id\":\"https:\\\/\\\/fuentesfidedignas.com.mx\\\/#organization\"},\"potentialAction\":[{\"@type\":\"SearchAction\",\"target\":{\"@type\":\"EntryPoint\",\"urlTemplate\":\"https:\\\/\\\/fuentesfidedignas.com.mx\\\/?s={search_term_string}\"},\"query-input\":{\"@type\":\"PropertyValueSpecification\",\"valueRequired\":true,\"valueName\":\"search_term_string\"}}],\"inLanguage\":\"es\"},{\"@type\":\"Organization\",\"@id\":\"https:\\\/\\\/fuentesfidedignas.com.mx\\\/#organization\",\"name\":\"Fuentes Fidedignas\",\"url\":\"https:\\\/\\\/fuentesfidedignas.com.mx\\\/\",\"logo\":{\"@type\":\"ImageObject\",\"inLanguage\":\"es\",\"@id\":\"https:\\\/\\\/fuentesfidedignas.com.mx\\\/#\\\/schema\\\/logo\\\/image\\\/\",\"url\":\"https:\\\/\\\/fuentesfidedignas.com.mx\\\/wp-content\\\/uploads\\\/2021\\\/04\\\/logo-retina.png\",\"contentUrl\":\"https:\\\/\\\/fuentesfidedignas.com.mx\\\/wp-content\\\/uploads\\\/2021\\\/04\\\/logo-retina.png\",\"width\":280,\"height\":51,\"caption\":\"Fuentes Fidedignas\"},\"image\":{\"@id\":\"https:\\\/\\\/fuentesfidedignas.com.mx\\\/#\\\/schema\\\/logo\\\/image\\\/\"},\"sameAs\":[\"https:\\\/\\\/www.facebook.com\\\/Fuentes-Fidedignas-368234489921644\",\"https:\\\/\\\/x.com\\\/fidedignas\"]},{\"@type\":\"Person\",\"@id\":\"https:\\\/\\\/fuentesfidedignas.com.mx\\\/#\\\/schema\\\/person\\\/67d852f0557c8509146a4b9ddebd543a\",\"name\":\"L\u00f3pez D\u00f3riga\",\"image\":{\"@type\":\"ImageObject\",\"inLanguage\":\"es\",\"@id\":\"https:\\\/\\\/secure.gravatar.com\\\/avatar\\\/e525b06574ca18b33cded59dfe5778d6c823b9513154eff47da551b0551bdd1e?s=96&d=mm&r=g\",\"url\":\"https:\\\/\\\/secure.gravatar.com\\\/avatar\\\/e525b06574ca18b33cded59dfe5778d6c823b9513154eff47da551b0551bdd1e?s=96&d=mm&r=g\",\"contentUrl\":\"https:\\\/\\\/secure.gravatar.com\\\/avatar\\\/e525b06574ca18b33cded59dfe5778d6c823b9513154eff47da551b0551bdd1e?s=96&d=mm&r=g\",\"caption\":\"L\u00f3pez D\u00f3riga\"},\"url\":\"https:\\\/\\\/fuentesfidedignas.com.mx\\\/index.php\\\/author\\\/doriga\\\/\"}]}<\/script>\n<!-- \/ Yoast SEO plugin. -->","yoast_head_json":{"title":"Mazatl\u00e1n, con afectaciones econ\u00f3micas tras ola de violencia - Fuentes Fidedignas","robots":{"index":"index","follow":"follow","max-snippet":"max-snippet:-1","max-image-preview":"max-image-preview:large","max-video-preview":"max-video-preview:-1"},"canonical":"https:\/\/fuentesfidedignas.com.mx\/index.php\/2024\/10\/28\/mazatlan-con-afectaciones-economicas-tras-ola-de-violencia\/","og_locale":"es_MX","og_type":"article","og_title":"Mazatl\u00e1n, con afectaciones econ\u00f3micas tras ola de violencia - Fuentes Fidedignas","og_description":"La violencia de las \u00faltimas semanas en Sinaloa ha afectado de manera importante la actividad tur\u00edstica en el puerto Mazatl\u00e1n, Sinaloa.- Mazatl\u00e1n, en&nbsp;Sinaloa, tiene importantes&nbsp;afectaciones econ\u00f3micas&nbsp;tras la&nbsp;violencia&nbsp;generada por facciones del&nbsp;narcotr\u00e1fico&nbsp;en la entidad, la cual inici\u00f3 desde septiembre. El semanario Riodoce apunt\u00f3 que estas afectaciones han trastocado a prestadores de servicios, proveedores de insumos y mercanc\u00edas [&hellip;]","og_url":"https:\/\/fuentesfidedignas.com.mx\/index.php\/2024\/10\/28\/mazatlan-con-afectaciones-economicas-tras-ola-de-violencia\/","og_site_name":"Fuentes Fidedignas","article_publisher":"https:\/\/www.facebook.com\/Fuentes-Fidedignas-368234489921644","article_published_time":"2024-10-28T18:25:46+00:00","og_image":[{"width":600,"height":399,"url":"https:\/\/fuentesfidedignas.com.mx\/wp-content\/uploads\/2024\/04\/MAZATLAN.jpg","type":"image\/jpeg"}],"author":"L\u00f3pez D\u00f3riga","twitter_card":"summary_large_image","twitter_creator":"@fidedignas","twitter_site":"@fidedignas","twitter_misc":{"Escrito por":"L\u00f3pez D\u00f3riga","Tiempo de lectura":"2 minutos"},"schema":{"@context":"https:\/\/schema.org","@graph":[{"@type":"Article","@id":"https:\/\/fuentesfidedignas.com.mx\/index.php\/2024\/10\/28\/mazatlan-con-afectaciones-economicas-tras-ola-de-violencia\/#article","isPartOf":{"@id":"https:\/\/fuentesfidedignas.com.mx\/index.php\/2024\/10\/28\/mazatlan-con-afectaciones-economicas-tras-ola-de-violencia\/"},"author":{"name":"L\u00f3pez D\u00f3riga","@id":"https:\/\/fuentesfidedignas.com.mx\/#\/schema\/person\/67d852f0557c8509146a4b9ddebd543a"},"headline":"Mazatl\u00e1n, con afectaciones econ\u00f3micas tras ola de violencia","datePublished":"2024-10-28T18:25:46+00:00","mainEntityOfPage":{"@id":"https:\/\/fuentesfidedignas.com.mx\/index.php\/2024\/10\/28\/mazatlan-con-afectaciones-economicas-tras-ola-de-violencia\/"},"wordCount":385,"publisher":{"@id":"https:\/\/fuentesfidedignas.com.mx\/#organization"},"image":{"@id":"https:\/\/fuentesfidedignas.com.mx\/index.php\/2024\/10\/28\/mazatlan-con-afectaciones-economicas-tras-ola-de-violencia\/#primaryimage"},"thumbnailUrl":"https:\/\/fuentesfidedignas.com.mx\/wp-content\/uploads\/2024\/04\/MAZATLAN.jpg","articleSection":["NOTA PRINCIPAL"],"inLanguage":"es"},{"@type":"WebPage","@id":"https:\/\/fuentesfidedignas.com.mx\/index.php\/2024\/10\/28\/mazatlan-con-afectaciones-economicas-tras-ola-de-violencia\/","url":"https:\/\/fuentesfidedignas.com.mx\/index.php\/2024\/10\/28\/mazatlan-con-afectaciones-economicas-tras-ola-de-violencia\/","name":"Mazatl\u00e1n, con afectaciones econ\u00f3micas tras ola de violencia - Fuentes Fidedignas","isPartOf":{"@id":"https:\/\/fuentesfidedignas.com.mx\/#website"},"primaryImageOfPage":{"@id":"https:\/\/fuentesfidedignas.com.mx\/index.php\/2024\/10\/28\/mazatlan-con-afectaciones-economicas-tras-ola-de-violencia\/#primaryimage"},"image":{"@id":"https:\/\/fuentesfidedignas.com.mx\/index.php\/2024\/10\/28\/mazatlan-con-afectaciones-economicas-tras-ola-de-violencia\/#primaryimage"},"thumbnailUrl":"https:\/\/fuentesfidedignas.com.mx\/wp-content\/uploads\/2024\/04\/MAZATLAN.jpg","datePublished":"2024-10-28T18:25:46+00:00","breadcrumb":{"@id":"https:\/\/fuentesfidedignas.com.mx\/index.php\/2024\/10\/28\/mazatlan-con-afectaciones-economicas-tras-ola-de-violencia\/#breadcrumb"},"inLanguage":"es","potentialAction":[{"@type":"ReadAction","target":["https:\/\/fuentesfidedignas.com.mx\/index.php\/2024\/10\/28\/mazatlan-con-afectaciones-economicas-tras-ola-de-violencia\/"]}]},{"@type":"ImageObject","inLanguage":"es","@id":"https:\/\/fuentesfidedignas.com.mx\/index.php\/2024\/10\/28\/mazatlan-con-afectaciones-economicas-tras-ola-de-violencia\/#primaryimage","url":"https:\/\/fuentesfidedignas.com.mx\/wp-content\/uploads\/2024\/04\/MAZATLAN.jpg","contentUrl":"https:\/\/fuentesfidedignas.com.mx\/wp-content\/uploads\/2024\/04\/MAZATLAN.jpg","width":600,"height":399},{"@type":"BreadcrumbList","@id":"https:\/\/fuentesfidedignas.com.mx\/index.php\/2024\/10\/28\/mazatlan-con-afectaciones-economicas-tras-ola-de-violencia\/#breadcrumb","itemListElement":[{"@type":"ListItem","position":1,"name":"Inicio","item":"https:\/\/fuentesfidedignas.com.mx\/"},{"@type":"ListItem","position":2,"name":"Mazatl\u00e1n, con afectaciones econ\u00f3micas tras ola de violencia"}]},{"@type":"WebSite","@id":"https:\/\/fuentesfidedignas.com.mx\/#website","url":"https:\/\/fuentesfidedignas.com.mx\/","name":"Fuentes Fidedignas","description":"Otro sitio realizado con WordPress","publisher":{"@id":"https:\/\/fuentesfidedignas.com.mx\/#organization"},"potentialAction":[{"@type":"SearchAction","target":{"@type":"EntryPoint","urlTemplate":"https:\/\/fuentesfidedignas.com.mx\/?s={search_term_string}"},"query-input":{"@type":"PropertyValueSpecification","valueRequired":true,"valueName":"search_term_string"}}],"inLanguage":"es"},{"@type":"Organization","@id":"https:\/\/fuentesfidedignas.com.mx\/#organization","name":"Fuentes Fidedignas","url":"https:\/\/fuentesfidedignas.com.mx\/","logo":{"@type":"ImageObject","inLanguage":"es","@id":"https:\/\/fuentesfidedignas.com.mx\/#\/schema\/logo\/image\/","url":"https:\/\/fuentesfidedignas.com.mx\/wp-content\/uploads\/2021\/04\/logo-retina.png","contentUrl":"https:\/\/fuentesfidedignas.com.mx\/wp-content\/uploads\/2021\/04\/logo-retina.png","width":280,"height":51,"caption":"Fuentes Fidedignas"},"image":{"@id":"https:\/\/fuentesfidedignas.com.mx\/#\/schema\/logo\/image\/"},"sameAs":["https:\/\/www.facebook.com\/Fuentes-Fidedignas-368234489921644","https:\/\/x.com\/fidedignas"]},{"@type":"Person","@id":"https:\/\/fuentesfidedignas.com.mx\/#\/schema\/person\/67d852f0557c8509146a4b9ddebd543a","name":"L\u00f3pez D\u00f3riga","image":{"@type":"ImageObject","inLanguage":"es","@id":"https:\/\/secure.gravatar.com\/avatar\/e525b06574ca18b33cded59dfe5778d6c823b9513154eff47da551b0551bdd1e?s=96&d=mm&r=g","url":"https:\/\/secure.gravatar.com\/avatar\/e525b06574ca18b33cded59dfe5778d6c823b9513154eff47da551b0551bdd1e?s=96&d=mm&r=g","contentUrl":"https:\/\/secure.gravatar.com\/avatar\/e525b06574ca18b33cded59dfe5778d6c823b9513154eff47da551b0551bdd1e?s=96&d=mm&r=g","caption":"L\u00f3pez D\u00f3riga"},"url":"https:\/\/fuentesfidedignas.com.mx\/index.php\/author\/doriga\/"}]}},"_links":{"self":[{"href":"https:\/\/fuentesfidedignas.com.mx\/index.php\/wp-json\/wp\/v2\/posts\/94221","targetHints":{"allow":["GET"]}}],"collection":[{"href":"https:\/\/fuentesfidedignas.com.mx\/index.php\/wp-json\/wp\/v2\/posts"}],"about":[{"href":"https:\/\/fuentesfidedignas.com.mx\/index.php\/wp-json\/wp\/v2\/types\/post"}],"author":[{"embeddable":true,"href":"https:\/\/fuentesfidedignas.com.mx\/index.php\/wp-json\/wp\/v2\/users\/47"}],"replies":[{"embeddable":true,"href":"https:\/\/fuentesfidedignas.com.mx\/index.php\/wp-json\/wp\/v2\/comments?post=94221"}],"version-history":[{"count":1,"href":"https:\/\/fuentesfidedignas.com.mx\/index.php\/wp-json\/wp\/v2\/posts\/94221\/revisions"}],"predecessor-version":[{"id":94222,"href":"https:\/\/fuentesfidedignas.com.mx\/index.php\/wp-json\/wp\/v2\/posts\/94221\/revisions\/94222"}],"wp:featuredmedia":[{"embeddable":true,"href":"https:\/\/fuentesfidedignas.com.mx\/index.php\/wp-json\/wp\/v2\/media\/78506"}],"wp:attachment":[{"href":"https:\/\/fuentesfidedignas.com.mx\/index.php\/wp-json\/wp\/v2\/media?parent=94221"}],"wp:term":[{"taxonomy":"category","embeddable":true,"href":"https:\/\/fuentesfidedignas.com.mx\/index.php\/wp-json\/wp\/v2\/categories?post=94221"},{"taxonomy":"post_tag","embeddable":true,"href":"https:\/\/fuentesfidedignas.com.mx\/index.php\/wp-json\/wp\/v2\/tags?post=94221"}],"curies":[{"name":"wp","href":"https:\/\/api.w.org\/{rel}","templated":true}]}}