{"id":93860,"date":"2024-10-22T18:35:17","date_gmt":"2024-10-23T01:35:17","guid":{"rendered":"https:\/\/fuentesfidedignas.com.mx\/?p=93860"},"modified":"2024-10-22T18:36:42","modified_gmt":"2024-10-23T01:36:42","slug":"trabajadores-de-la-fiscalia-general-del-estado-niegan-montaje-en-caso-de-cuen","status":"publish","type":"post","link":"https:\/\/fuentesfidedignas.com.mx\/index.php\/2024\/10\/22\/trabajadores-de-la-fiscalia-general-del-estado-niegan-montaje-en-caso-de-cuen\/","title":{"rendered":"Trabajadores de la Fiscal\u00eda General del Estado niegan montaje en caso de H\u00e9ctor Melesio Cu\u00e9n Ojeda"},"content":{"rendered":"\n<p><strong><em>Tambi\u00e9n expresan su temor de ser usados como &#8220;chivos expiatorios&#8221; y destacan su disposici\u00f3n a colaborar con las autoridades.<\/em><\/strong><\/p>\n\n\n\n<p>Culiac\u00e1n, Sin.- A trav\u00e9s de un comunicado dirigido a la opini\u00f3n p\u00fablica, trabajadores de la Fiscal\u00eda General del Estado (FGE) de Sinaloa, entre ellos Ministerios P\u00fablicos, Polic\u00edas de Investigaci\u00f3n y Peritos que participaron en la investigaci\u00f3n del homicidio del ex rector de la Universidad Aut\u00f3noma de Sinaloa (UAS), H\u00e9ctor Melesio Cu\u00e9n Ojeda, expresaron su rechazo al comunicado 536\/24, emitido el 20 de octubre por la Fiscal\u00eda General de la Rep\u00fablica (FGR).<\/p>\n\n\n\n<p>\u200bEn el documento, la FGR acus\u00f3 a los trabajadores de la Fiscal\u00eda de Sinaloa de haber realizado un montaje en torno al caso del exrector, acusaci\u00f3n que los empleados estatales niegan rotundamente. Aseguran que su labor se llev\u00f3 a cabo conforme a los protocolos y procedimientos legales, agotando una l\u00ednea de investigaci\u00f3n proporcionada por un testigo presencial de los hechos.<\/p>\n\n\n\n<p>\u201cNegamos de manera rotunda y categ\u00f3rica haber realizado un montaje. Nuestra intervenci\u00f3n consisti\u00f3 en realizar los actos de investigaci\u00f3n pertinentes, conforme a la informaci\u00f3n disponible y atendiendo a las circunstancias del hecho, cumpliendo con los procedimientos establecidos\u201d, detallan en el comunicado.<\/p>\n\n\n\n<p>Los trabajadores explicaron que su intervenci\u00f3n en el caso se vio limitada luego de que, tras la difusi\u00f3n de una carta supuestamente firmada por Ismael Zambada Garc\u00eda, la FGR solicit\u00f3 la facultad de atracci\u00f3n del caso, lo que impidi\u00f3 a la Fiscal\u00eda Estatal continuar explorando esa l\u00ednea de investigaci\u00f3n.<\/p>\n\n\n\n<p>Adem\u00e1s, se\u00f1alaron que, pese a haber comparecido como imputados ante la autoridad ministerial, hasta el momento no se les ha permitido el acceso a las constancias del expediente ni se les ha proporcionado copia de la indagatoria, lo cual consideran una violaci\u00f3n a su derecho a una defensa t\u00e9cnica adecuada.<\/p>\n\n\n\n<p>\u201cTememos ser utilizados como chivos expiatorios en una investigaci\u00f3n sesgada por la autoridad federal\u201d, expresan en el comunicado, donde tambi\u00e9n reiteran su disposici\u00f3n a colaborar con las autoridades competentes.<\/p>\n\n\n\n<p>Finalmente, los trabajadores subrayaron su compromiso con la sociedad sinaloense y con la FGE, reafirmando que seguir\u00e1n desempe\u00f1ando sus funciones con honestidad y profesionalismo.<\/p>\n","protected":false},"excerpt":{"rendered":"<p>Tambi\u00e9n expresan su temor de ser usados como &#8220;chivos expiatorios&#8221; y destacan su disposici\u00f3n a colaborar con las autoridades. Culiac\u00e1n, Sin.- A trav\u00e9s de un comunicado dirigido a la opini\u00f3n p\u00fablica, trabajadores de la Fiscal\u00eda General del Estado (FGE) de Sinaloa, entre ellos Ministerios P\u00fablicos, Polic\u00edas de Investigaci\u00f3n y Peritos que participaron en la investigaci\u00f3n [&hellip;]<\/p>\n","protected":false},"author":9,"featured_media":89484,"comment_status":"open","ping_status":"open","sticky":false,"template":"","format":"standard","meta":{"tdm_status":"","tdm_grid_status":"","footnotes":""},"categories":[37],"tags":[],"class_list":{"0":"post-93860","1":"post","2":"type-post","3":"status-publish","4":"format-standard","5":"has-post-thumbnail","7":"category-nota-principal"},"yoast_head":"<!-- This site is optimized with the Yoast SEO plugin v27.5 - https:\/\/yoast.com\/product\/yoast-seo-wordpress\/ -->\n<title>Trabajadores de la Fiscal\u00eda General del Estado niegan montaje en caso de H\u00e9ctor Melesio Cu\u00e9n Ojeda - Fuentes Fidedignas<\/title>\n<meta name=\"robots\" content=\"index, follow, max-snippet:-1, max-image-preview:large, max-video-preview:-1\" \/>\n<link rel=\"canonical\" href=\"https:\/\/fuentesfidedignas.com.mx\/index.php\/2024\/10\/22\/trabajadores-de-la-fiscalia-general-del-estado-niegan-montaje-en-caso-de-cuen\/\" \/>\n<meta property=\"og:locale\" content=\"es_MX\" \/>\n<meta property=\"og:type\" content=\"article\" \/>\n<meta property=\"og:title\" content=\"Trabajadores de la Fiscal\u00eda General del Estado niegan montaje en caso de H\u00e9ctor Melesio Cu\u00e9n Ojeda - Fuentes Fidedignas\" \/>\n<meta property=\"og:description\" content=\"Tambi\u00e9n expresan su temor de ser usados como &#8220;chivos expiatorios&#8221; y destacan su disposici\u00f3n a colaborar con las autoridades. Culiac\u00e1n, Sin.- A trav\u00e9s de un comunicado dirigido a la opini\u00f3n p\u00fablica, trabajadores de la Fiscal\u00eda General del Estado (FGE) de Sinaloa, entre ellos Ministerios P\u00fablicos, Polic\u00edas de Investigaci\u00f3n y Peritos que participaron en la investigaci\u00f3n [&hellip;]\" \/>\n<meta property=\"og:url\" content=\"https:\/\/fuentesfidedignas.com.mx\/index.php\/2024\/10\/22\/trabajadores-de-la-fiscalia-general-del-estado-niegan-montaje-en-caso-de-cuen\/\" \/>\n<meta property=\"og:site_name\" content=\"Fuentes Fidedignas\" \/>\n<meta property=\"article:publisher\" content=\"https:\/\/www.facebook.com\/Fuentes-Fidedignas-368234489921644\" \/>\n<meta property=\"article:published_time\" content=\"2024-10-23T01:35:17+00:00\" \/>\n<meta property=\"article:modified_time\" content=\"2024-10-23T01:36:42+00:00\" \/>\n<meta property=\"og:image\" content=\"https:\/\/fuentesfidedignas.com.mx\/wp-content\/uploads\/2024\/08\/cuen-fiscalia.jpg\" \/>\n\t<meta property=\"og:image:width\" content=\"650\" \/>\n\t<meta property=\"og:image:height\" content=\"406\" \/>\n\t<meta property=\"og:image:type\" content=\"image\/jpeg\" \/>\n<meta name=\"author\" content=\"Milenio\" \/>\n<meta name=\"twitter:card\" content=\"summary_large_image\" \/>\n<meta name=\"twitter:creator\" content=\"@fidedignas\" \/>\n<meta name=\"twitter:site\" content=\"@fidedignas\" \/>\n<meta name=\"twitter:label1\" content=\"Escrito por\" \/>\n\t<meta name=\"twitter:data1\" content=\"Milenio\" \/>\n\t<meta name=\"twitter:label2\" content=\"Tiempo de lectura\" \/>\n\t<meta name=\"twitter:data2\" content=\"2 minutos\" \/>\n<script type=\"application\/ld+json\" class=\"yoast-schema-graph\">{\"@context\":\"https:\\\/\\\/schema.org\",\"@graph\":[{\"@type\":\"Article\",\"@id\":\"https:\\\/\\\/fuentesfidedignas.com.mx\\\/index.php\\\/2024\\\/10\\\/22\\\/trabajadores-de-la-fiscalia-general-del-estado-niegan-montaje-en-caso-de-cuen\\\/#article\",\"isPartOf\":{\"@id\":\"https:\\\/\\\/fuentesfidedignas.com.mx\\\/index.php\\\/2024\\\/10\\\/22\\\/trabajadores-de-la-fiscalia-general-del-estado-niegan-montaje-en-caso-de-cuen\\\/\"},\"author\":{\"name\":\"Milenio\",\"@id\":\"https:\\\/\\\/fuentesfidedignas.com.mx\\\/#\\\/schema\\\/person\\\/47ec0135738f4b0c7495f06a77a2c976\"},\"headline\":\"Trabajadores de la Fiscal\u00eda General del Estado niegan montaje en caso de H\u00e9ctor Melesio Cu\u00e9n Ojeda\",\"datePublished\":\"2024-10-23T01:35:17+00:00\",\"dateModified\":\"2024-10-23T01:36:42+00:00\",\"mainEntityOfPage\":{\"@id\":\"https:\\\/\\\/fuentesfidedignas.com.mx\\\/index.php\\\/2024\\\/10\\\/22\\\/trabajadores-de-la-fiscalia-general-del-estado-niegan-montaje-en-caso-de-cuen\\\/\"},\"wordCount\":401,\"commentCount\":0,\"publisher\":{\"@id\":\"https:\\\/\\\/fuentesfidedignas.com.mx\\\/#organization\"},\"image\":{\"@id\":\"https:\\\/\\\/fuentesfidedignas.com.mx\\\/index.php\\\/2024\\\/10\\\/22\\\/trabajadores-de-la-fiscalia-general-del-estado-niegan-montaje-en-caso-de-cuen\\\/#primaryimage\"},\"thumbnailUrl\":\"https:\\\/\\\/fuentesfidedignas.com.mx\\\/wp-content\\\/uploads\\\/2024\\\/08\\\/cuen-fiscalia.jpg\",\"articleSection\":[\"NOTA PRINCIPAL\"],\"inLanguage\":\"es\",\"potentialAction\":[{\"@type\":\"CommentAction\",\"name\":\"Comment\",\"target\":[\"https:\\\/\\\/fuentesfidedignas.com.mx\\\/index.php\\\/2024\\\/10\\\/22\\\/trabajadores-de-la-fiscalia-general-del-estado-niegan-montaje-en-caso-de-cuen\\\/#respond\"]}]},{\"@type\":\"WebPage\",\"@id\":\"https:\\\/\\\/fuentesfidedignas.com.mx\\\/index.php\\\/2024\\\/10\\\/22\\\/trabajadores-de-la-fiscalia-general-del-estado-niegan-montaje-en-caso-de-cuen\\\/\",\"url\":\"https:\\\/\\\/fuentesfidedignas.com.mx\\\/index.php\\\/2024\\\/10\\\/22\\\/trabajadores-de-la-fiscalia-general-del-estado-niegan-montaje-en-caso-de-cuen\\\/\",\"name\":\"Trabajadores de la Fiscal\u00eda General del Estado niegan montaje en caso de H\u00e9ctor Melesio Cu\u00e9n Ojeda - Fuentes Fidedignas\",\"isPartOf\":{\"@id\":\"https:\\\/\\\/fuentesfidedignas.com.mx\\\/#website\"},\"primaryImageOfPage\":{\"@id\":\"https:\\\/\\\/fuentesfidedignas.com.mx\\\/index.php\\\/2024\\\/10\\\/22\\\/trabajadores-de-la-fiscalia-general-del-estado-niegan-montaje-en-caso-de-cuen\\\/#primaryimage\"},\"image\":{\"@id\":\"https:\\\/\\\/fuentesfidedignas.com.mx\\\/index.php\\\/2024\\\/10\\\/22\\\/trabajadores-de-la-fiscalia-general-del-estado-niegan-montaje-en-caso-de-cuen\\\/#primaryimage\"},\"thumbnailUrl\":\"https:\\\/\\\/fuentesfidedignas.com.mx\\\/wp-content\\\/uploads\\\/2024\\\/08\\\/cuen-fiscalia.jpg\",\"datePublished\":\"2024-10-23T01:35:17+00:00\",\"dateModified\":\"2024-10-23T01:36:42+00:00\",\"breadcrumb\":{\"@id\":\"https:\\\/\\\/fuentesfidedignas.com.mx\\\/index.php\\\/2024\\\/10\\\/22\\\/trabajadores-de-la-fiscalia-general-del-estado-niegan-montaje-en-caso-de-cuen\\\/#breadcrumb\"},\"inLanguage\":\"es\",\"potentialAction\":[{\"@type\":\"ReadAction\",\"target\":[\"https:\\\/\\\/fuentesfidedignas.com.mx\\\/index.php\\\/2024\\\/10\\\/22\\\/trabajadores-de-la-fiscalia-general-del-estado-niegan-montaje-en-caso-de-cuen\\\/\"]}]},{\"@type\":\"ImageObject\",\"inLanguage\":\"es\",\"@id\":\"https:\\\/\\\/fuentesfidedignas.com.mx\\\/index.php\\\/2024\\\/10\\\/22\\\/trabajadores-de-la-fiscalia-general-del-estado-niegan-montaje-en-caso-de-cuen\\\/#primaryimage\",\"url\":\"https:\\\/\\\/fuentesfidedignas.com.mx\\\/wp-content\\\/uploads\\\/2024\\\/08\\\/cuen-fiscalia.jpg\",\"contentUrl\":\"https:\\\/\\\/fuentesfidedignas.com.mx\\\/wp-content\\\/uploads\\\/2024\\\/08\\\/cuen-fiscalia.jpg\",\"width\":650,\"height\":406},{\"@type\":\"BreadcrumbList\",\"@id\":\"https:\\\/\\\/fuentesfidedignas.com.mx\\\/index.php\\\/2024\\\/10\\\/22\\\/trabajadores-de-la-fiscalia-general-del-estado-niegan-montaje-en-caso-de-cuen\\\/#breadcrumb\",\"itemListElement\":[{\"@type\":\"ListItem\",\"position\":1,\"name\":\"Inicio\",\"item\":\"https:\\\/\\\/fuentesfidedignas.com.mx\\\/\"},{\"@type\":\"ListItem\",\"position\":2,\"name\":\"Trabajadores de la Fiscal\u00eda General del Estado niegan montaje en caso de H\u00e9ctor Melesio Cu\u00e9n Ojeda\"}]},{\"@type\":\"WebSite\",\"@id\":\"https:\\\/\\\/fuentesfidedignas.com.mx\\\/#website\",\"url\":\"https:\\\/\\\/fuentesfidedignas.com.mx\\\/\",\"name\":\"Fuentes Fidedignas\",\"description\":\"Otro sitio realizado con WordPress\",\"publisher\":{\"@id\":\"https:\\\/\\\/fuentesfidedignas.com.mx\\\/#organization\"},\"potentialAction\":[{\"@type\":\"SearchAction\",\"target\":{\"@type\":\"EntryPoint\",\"urlTemplate\":\"https:\\\/\\\/fuentesfidedignas.com.mx\\\/?s={search_term_string}\"},\"query-input\":{\"@type\":\"PropertyValueSpecification\",\"valueRequired\":true,\"valueName\":\"search_term_string\"}}],\"inLanguage\":\"es\"},{\"@type\":\"Organization\",\"@id\":\"https:\\\/\\\/fuentesfidedignas.com.mx\\\/#organization\",\"name\":\"Fuentes Fidedignas\",\"url\":\"https:\\\/\\\/fuentesfidedignas.com.mx\\\/\",\"logo\":{\"@type\":\"ImageObject\",\"inLanguage\":\"es\",\"@id\":\"https:\\\/\\\/fuentesfidedignas.com.mx\\\/#\\\/schema\\\/logo\\\/image\\\/\",\"url\":\"https:\\\/\\\/fuentesfidedignas.com.mx\\\/wp-content\\\/uploads\\\/2021\\\/04\\\/logo-retina.png\",\"contentUrl\":\"https:\\\/\\\/fuentesfidedignas.com.mx\\\/wp-content\\\/uploads\\\/2021\\\/04\\\/logo-retina.png\",\"width\":280,\"height\":51,\"caption\":\"Fuentes Fidedignas\"},\"image\":{\"@id\":\"https:\\\/\\\/fuentesfidedignas.com.mx\\\/#\\\/schema\\\/logo\\\/image\\\/\"},\"sameAs\":[\"https:\\\/\\\/www.facebook.com\\\/Fuentes-Fidedignas-368234489921644\",\"https:\\\/\\\/x.com\\\/fidedignas\"]},{\"@type\":\"Person\",\"@id\":\"https:\\\/\\\/fuentesfidedignas.com.mx\\\/#\\\/schema\\\/person\\\/47ec0135738f4b0c7495f06a77a2c976\",\"name\":\"Milenio\",\"image\":{\"@type\":\"ImageObject\",\"inLanguage\":\"es\",\"@id\":\"https:\\\/\\\/secure.gravatar.com\\\/avatar\\\/acabf7b54753e51c2c76457954577c236b3b764789b19879565769739d1e4a75?s=96&d=mm&r=g\",\"url\":\"https:\\\/\\\/secure.gravatar.com\\\/avatar\\\/acabf7b54753e51c2c76457954577c236b3b764789b19879565769739d1e4a75?s=96&d=mm&r=g\",\"contentUrl\":\"https:\\\/\\\/secure.gravatar.com\\\/avatar\\\/acabf7b54753e51c2c76457954577c236b3b764789b19879565769739d1e4a75?s=96&d=mm&r=g\",\"caption\":\"Milenio\"},\"url\":\"https:\\\/\\\/fuentesfidedignas.com.mx\\\/index.php\\\/author\\\/milenio\\\/\"}]}<\/script>\n<!-- \/ Yoast SEO plugin. -->","yoast_head_json":{"title":"Trabajadores de la Fiscal\u00eda General del Estado niegan montaje en caso de H\u00e9ctor Melesio Cu\u00e9n Ojeda - Fuentes Fidedignas","robots":{"index":"index","follow":"follow","max-snippet":"max-snippet:-1","max-image-preview":"max-image-preview:large","max-video-preview":"max-video-preview:-1"},"canonical":"https:\/\/fuentesfidedignas.com.mx\/index.php\/2024\/10\/22\/trabajadores-de-la-fiscalia-general-del-estado-niegan-montaje-en-caso-de-cuen\/","og_locale":"es_MX","og_type":"article","og_title":"Trabajadores de la Fiscal\u00eda General del Estado niegan montaje en caso de H\u00e9ctor Melesio Cu\u00e9n Ojeda - Fuentes Fidedignas","og_description":"Tambi\u00e9n expresan su temor de ser usados como &#8220;chivos expiatorios&#8221; y destacan su disposici\u00f3n a colaborar con las autoridades. Culiac\u00e1n, Sin.- A trav\u00e9s de un comunicado dirigido a la opini\u00f3n p\u00fablica, trabajadores de la Fiscal\u00eda General del Estado (FGE) de Sinaloa, entre ellos Ministerios P\u00fablicos, Polic\u00edas de Investigaci\u00f3n y Peritos que participaron en la investigaci\u00f3n [&hellip;]","og_url":"https:\/\/fuentesfidedignas.com.mx\/index.php\/2024\/10\/22\/trabajadores-de-la-fiscalia-general-del-estado-niegan-montaje-en-caso-de-cuen\/","og_site_name":"Fuentes Fidedignas","article_publisher":"https:\/\/www.facebook.com\/Fuentes-Fidedignas-368234489921644","article_published_time":"2024-10-23T01:35:17+00:00","article_modified_time":"2024-10-23T01:36:42+00:00","og_image":[{"width":650,"height":406,"url":"https:\/\/fuentesfidedignas.com.mx\/wp-content\/uploads\/2024\/08\/cuen-fiscalia.jpg","type":"image\/jpeg"}],"author":"Milenio","twitter_card":"summary_large_image","twitter_creator":"@fidedignas","twitter_site":"@fidedignas","twitter_misc":{"Escrito por":"Milenio","Tiempo de lectura":"2 minutos"},"schema":{"@context":"https:\/\/schema.org","@graph":[{"@type":"Article","@id":"https:\/\/fuentesfidedignas.com.mx\/index.php\/2024\/10\/22\/trabajadores-de-la-fiscalia-general-del-estado-niegan-montaje-en-caso-de-cuen\/#article","isPartOf":{"@id":"https:\/\/fuentesfidedignas.com.mx\/index.php\/2024\/10\/22\/trabajadores-de-la-fiscalia-general-del-estado-niegan-montaje-en-caso-de-cuen\/"},"author":{"name":"Milenio","@id":"https:\/\/fuentesfidedignas.com.mx\/#\/schema\/person\/47ec0135738f4b0c7495f06a77a2c976"},"headline":"Trabajadores de la Fiscal\u00eda General del Estado niegan montaje en caso de H\u00e9ctor Melesio Cu\u00e9n Ojeda","datePublished":"2024-10-23T01:35:17+00:00","dateModified":"2024-10-23T01:36:42+00:00","mainEntityOfPage":{"@id":"https:\/\/fuentesfidedignas.com.mx\/index.php\/2024\/10\/22\/trabajadores-de-la-fiscalia-general-del-estado-niegan-montaje-en-caso-de-cuen\/"},"wordCount":401,"commentCount":0,"publisher":{"@id":"https:\/\/fuentesfidedignas.com.mx\/#organization"},"image":{"@id":"https:\/\/fuentesfidedignas.com.mx\/index.php\/2024\/10\/22\/trabajadores-de-la-fiscalia-general-del-estado-niegan-montaje-en-caso-de-cuen\/#primaryimage"},"thumbnailUrl":"https:\/\/fuentesfidedignas.com.mx\/wp-content\/uploads\/2024\/08\/cuen-fiscalia.jpg","articleSection":["NOTA PRINCIPAL"],"inLanguage":"es","potentialAction":[{"@type":"CommentAction","name":"Comment","target":["https:\/\/fuentesfidedignas.com.mx\/index.php\/2024\/10\/22\/trabajadores-de-la-fiscalia-general-del-estado-niegan-montaje-en-caso-de-cuen\/#respond"]}]},{"@type":"WebPage","@id":"https:\/\/fuentesfidedignas.com.mx\/index.php\/2024\/10\/22\/trabajadores-de-la-fiscalia-general-del-estado-niegan-montaje-en-caso-de-cuen\/","url":"https:\/\/fuentesfidedignas.com.mx\/index.php\/2024\/10\/22\/trabajadores-de-la-fiscalia-general-del-estado-niegan-montaje-en-caso-de-cuen\/","name":"Trabajadores de la Fiscal\u00eda General del Estado niegan montaje en caso de H\u00e9ctor Melesio Cu\u00e9n Ojeda - Fuentes Fidedignas","isPartOf":{"@id":"https:\/\/fuentesfidedignas.com.mx\/#website"},"primaryImageOfPage":{"@id":"https:\/\/fuentesfidedignas.com.mx\/index.php\/2024\/10\/22\/trabajadores-de-la-fiscalia-general-del-estado-niegan-montaje-en-caso-de-cuen\/#primaryimage"},"image":{"@id":"https:\/\/fuentesfidedignas.com.mx\/index.php\/2024\/10\/22\/trabajadores-de-la-fiscalia-general-del-estado-niegan-montaje-en-caso-de-cuen\/#primaryimage"},"thumbnailUrl":"https:\/\/fuentesfidedignas.com.mx\/wp-content\/uploads\/2024\/08\/cuen-fiscalia.jpg","datePublished":"2024-10-23T01:35:17+00:00","dateModified":"2024-10-23T01:36:42+00:00","breadcrumb":{"@id":"https:\/\/fuentesfidedignas.com.mx\/index.php\/2024\/10\/22\/trabajadores-de-la-fiscalia-general-del-estado-niegan-montaje-en-caso-de-cuen\/#breadcrumb"},"inLanguage":"es","potentialAction":[{"@type":"ReadAction","target":["https:\/\/fuentesfidedignas.com.mx\/index.php\/2024\/10\/22\/trabajadores-de-la-fiscalia-general-del-estado-niegan-montaje-en-caso-de-cuen\/"]}]},{"@type":"ImageObject","inLanguage":"es","@id":"https:\/\/fuentesfidedignas.com.mx\/index.php\/2024\/10\/22\/trabajadores-de-la-fiscalia-general-del-estado-niegan-montaje-en-caso-de-cuen\/#primaryimage","url":"https:\/\/fuentesfidedignas.com.mx\/wp-content\/uploads\/2024\/08\/cuen-fiscalia.jpg","contentUrl":"https:\/\/fuentesfidedignas.com.mx\/wp-content\/uploads\/2024\/08\/cuen-fiscalia.jpg","width":650,"height":406},{"@type":"BreadcrumbList","@id":"https:\/\/fuentesfidedignas.com.mx\/index.php\/2024\/10\/22\/trabajadores-de-la-fiscalia-general-del-estado-niegan-montaje-en-caso-de-cuen\/#breadcrumb","itemListElement":[{"@type":"ListItem","position":1,"name":"Inicio","item":"https:\/\/fuentesfidedignas.com.mx\/"},{"@type":"ListItem","position":2,"name":"Trabajadores de la Fiscal\u00eda General del Estado niegan montaje en caso de H\u00e9ctor Melesio Cu\u00e9n Ojeda"}]},{"@type":"WebSite","@id":"https:\/\/fuentesfidedignas.com.mx\/#website","url":"https:\/\/fuentesfidedignas.com.mx\/","name":"Fuentes Fidedignas","description":"Otro sitio realizado con WordPress","publisher":{"@id":"https:\/\/fuentesfidedignas.com.mx\/#organization"},"potentialAction":[{"@type":"SearchAction","target":{"@type":"EntryPoint","urlTemplate":"https:\/\/fuentesfidedignas.com.mx\/?s={search_term_string}"},"query-input":{"@type":"PropertyValueSpecification","valueRequired":true,"valueName":"search_term_string"}}],"inLanguage":"es"},{"@type":"Organization","@id":"https:\/\/fuentesfidedignas.com.mx\/#organization","name":"Fuentes Fidedignas","url":"https:\/\/fuentesfidedignas.com.mx\/","logo":{"@type":"ImageObject","inLanguage":"es","@id":"https:\/\/fuentesfidedignas.com.mx\/#\/schema\/logo\/image\/","url":"https:\/\/fuentesfidedignas.com.mx\/wp-content\/uploads\/2021\/04\/logo-retina.png","contentUrl":"https:\/\/fuentesfidedignas.com.mx\/wp-content\/uploads\/2021\/04\/logo-retina.png","width":280,"height":51,"caption":"Fuentes Fidedignas"},"image":{"@id":"https:\/\/fuentesfidedignas.com.mx\/#\/schema\/logo\/image\/"},"sameAs":["https:\/\/www.facebook.com\/Fuentes-Fidedignas-368234489921644","https:\/\/x.com\/fidedignas"]},{"@type":"Person","@id":"https:\/\/fuentesfidedignas.com.mx\/#\/schema\/person\/47ec0135738f4b0c7495f06a77a2c976","name":"Milenio","image":{"@type":"ImageObject","inLanguage":"es","@id":"https:\/\/secure.gravatar.com\/avatar\/acabf7b54753e51c2c76457954577c236b3b764789b19879565769739d1e4a75?s=96&d=mm&r=g","url":"https:\/\/secure.gravatar.com\/avatar\/acabf7b54753e51c2c76457954577c236b3b764789b19879565769739d1e4a75?s=96&d=mm&r=g","contentUrl":"https:\/\/secure.gravatar.com\/avatar\/acabf7b54753e51c2c76457954577c236b3b764789b19879565769739d1e4a75?s=96&d=mm&r=g","caption":"Milenio"},"url":"https:\/\/fuentesfidedignas.com.mx\/index.php\/author\/milenio\/"}]}},"_links":{"self":[{"href":"https:\/\/fuentesfidedignas.com.mx\/index.php\/wp-json\/wp\/v2\/posts\/93860","targetHints":{"allow":["GET"]}}],"collection":[{"href":"https:\/\/fuentesfidedignas.com.mx\/index.php\/wp-json\/wp\/v2\/posts"}],"about":[{"href":"https:\/\/fuentesfidedignas.com.mx\/index.php\/wp-json\/wp\/v2\/types\/post"}],"author":[{"embeddable":true,"href":"https:\/\/fuentesfidedignas.com.mx\/index.php\/wp-json\/wp\/v2\/users\/9"}],"replies":[{"embeddable":true,"href":"https:\/\/fuentesfidedignas.com.mx\/index.php\/wp-json\/wp\/v2\/comments?post=93860"}],"version-history":[{"count":2,"href":"https:\/\/fuentesfidedignas.com.mx\/index.php\/wp-json\/wp\/v2\/posts\/93860\/revisions"}],"predecessor-version":[{"id":93863,"href":"https:\/\/fuentesfidedignas.com.mx\/index.php\/wp-json\/wp\/v2\/posts\/93860\/revisions\/93863"}],"wp:featuredmedia":[{"embeddable":true,"href":"https:\/\/fuentesfidedignas.com.mx\/index.php\/wp-json\/wp\/v2\/media\/89484"}],"wp:attachment":[{"href":"https:\/\/fuentesfidedignas.com.mx\/index.php\/wp-json\/wp\/v2\/media?parent=93860"}],"wp:term":[{"taxonomy":"category","embeddable":true,"href":"https:\/\/fuentesfidedignas.com.mx\/index.php\/wp-json\/wp\/v2\/categories?post=93860"},{"taxonomy":"post_tag","embeddable":true,"href":"https:\/\/fuentesfidedignas.com.mx\/index.php\/wp-json\/wp\/v2\/tags?post=93860"}],"curies":[{"name":"wp","href":"https:\/\/api.w.org\/{rel}","templated":true}]}}