{"id":93851,"date":"2024-10-23T05:36:00","date_gmt":"2024-10-23T12:36:00","guid":{"rendered":"https:\/\/fuentesfidedignas.com.mx\/?p=93851"},"modified":"2024-10-22T17:40:52","modified_gmt":"2024-10-23T00:40:52","slug":"video-padres-olvidan-incluir-a-su-hija-en-la-celebracion-al-revelar-el-sexo-del-nuevo-bebe","status":"publish","type":"post","link":"https:\/\/fuentesfidedignas.com.mx\/index.php\/2024\/10\/23\/video-padres-olvidan-incluir-a-su-hija-en-la-celebracion-al-revelar-el-sexo-del-nuevo-bebe\/","title":{"rendered":"VIDEO: Padres olvidan incluir a su hija en la celebraci\u00f3n al revelar el sexo del nuevo beb\u00e9"},"content":{"rendered":"\n<p><strong><em>En TikTok, la reacci\u00f3n de esta ni\u00f1a captur\u00f3 la atenci\u00f3n de los internautas, ya que sus padres, emocionados por descubrir que el<\/em><\/strong><\/p>\n\n\n\n<p>M\u00c9XICO.- Para cualquier matrimonio, la noticia de un nuevo beb\u00e9 en la familia es una de las m\u00e1s emotivas. Uno de los momentos m\u00e1s especiales, cuando el embarazo est\u00e1 avanzado, es conocer el sexo del beb\u00e9, lo que ayuda a los futuros padres a planificar las decoraciones y, en muchos casos, organizar una fiesta de revelaci\u00f3n de sexo, un evento que re\u00fane a los amigos m\u00e1s cercanos y a los familiares queridos, creando un recuerdo inolvidable.<\/p>\n\n\n\n<p>En esta ocasi\u00f3n, Melisa Iza Andrade comparti\u00f3 un video conmovedor en el que, junto a su esposo y su peque\u00f1a hija, se encuentran en el autom\u00f3vil justo despu\u00e9s de recoger los resultados m\u00e9dicos que revelaban el sexo del beb\u00e9.<\/p>\n\n\n\n<p><strong>La reacci\u00f3n de esta ni\u00f1a a la gran revelaci\u00f3n se ha vuelto viral en TikTok.<\/strong><br>Al inicio del video, Melisa se muestra visiblemente emocionada mientras su esposo abre el sobre que conten\u00eda la tan esperada informaci\u00f3n. Ambos estaban temblando de la emoci\u00f3n, a solo segundos de descubrir si tendr\u00edan una ni\u00f1a o un ni\u00f1o.<\/p>\n\n\n\n<p>Sin embargo, lo que hizo que este video se viralizara en TikTok no fue solo la revelaci\u00f3n en s\u00ed, sino la reacci\u00f3n de su hija, quien estaba sentada en los asientos traseros con una expresi\u00f3n de total confusi\u00f3n, sin entender qu\u00e9 suced\u00eda entre sus padres.<\/p>\n\n\n\n<p>Cuando el esposo de Melisa abri\u00f3 el sobre y descubrieron que iban a tener un ni\u00f1o, ambos festejaron con gran alegr\u00eda y se abrazaron, pero olvidaron incluir a su hija en la celebraci\u00f3n, lo que la dej\u00f3 a\u00fan m\u00e1s desconcertada, ya que no entend\u00eda lo que hab\u00edan le\u00eddo en el papel.<\/p>\n\n\n\n<blockquote class=\"tiktok-embed\" cite=\"https:\/\/www.tiktok.com\/@melisaizaandrade\/video\/7424019207496535302\" data-video-id=\"7424019207496535302\" style=\"max-width: 605px;min-width: 325px;\" > <section> <a target=\"_blank\" title=\"@melisaizaandrade\" href=\"https:\/\/www.tiktok.com\/@melisaizaandrade?refer=embed\" rel=\"noopener\">@melisaizaandrade<\/a> <p>\ud83d\ude02\ud83d\ude02\ud83d\ude02 sin palabras!\u2026esperen las fotos de mi cara \ud83d\ude02\ud83d\ude02\ud83d\ude02<\/p> <a target=\"_blank\" title=\"\u266c sonido original - Melisa Iza Andrade\" href=\"https:\/\/www.tiktok.com\/music\/sonido-original-7424019263633001222?refer=embed\" rel=\"noopener\">\u266c sonido original &#8211; Melisa Iza Andrade<\/a> <\/section> <\/blockquote> <script async src=\"https:\/\/www.tiktok.com\/embed.js\"><\/script>\n\n\n\n<p>La ni\u00f1a, visiblemente confundida, le pregunta a su madre qu\u00e9 hab\u00eda pasado, y unos segundos despu\u00e9s Melisa le responde que iba a tener un hermanito. Hasta el momento, el video ha acumulado 9.8 millones de visualizaciones en TikTok, llamando la atenci\u00f3n principalmente por la desorientada reacci\u00f3n de la ni\u00f1a ante la celebraci\u00f3n de sus padres, quienes en medio de la emoci\u00f3n parecieron olvidar por completo que su hija estaba detr\u00e1s de ellos.<\/p>\n\n\n\n<p><\/p>\n","protected":false},"excerpt":{"rendered":"<p>En TikTok, la reacci\u00f3n de esta ni\u00f1a captur\u00f3 la atenci\u00f3n de los internautas, ya que sus padres, emocionados por descubrir que el M\u00c9XICO.- Para cualquier matrimonio, la noticia de un nuevo beb\u00e9 en la familia es una de las m\u00e1s emotivas. Uno de los momentos m\u00e1s especiales, cuando el embarazo est\u00e1 avanzado, es conocer el [&hellip;]<\/p>\n","protected":false},"author":40,"featured_media":93852,"comment_status":"open","ping_status":"open","sticky":false,"template":"","format":"standard","meta":{"tdm_status":"","tdm_grid_status":"","footnotes":""},"categories":[40],"tags":[],"class_list":{"0":"post-93851","1":"post","2":"type-post","3":"status-publish","4":"format-standard","5":"has-post-thumbnail","7":"category-las-asombrosas"},"yoast_head":"<!-- This site is optimized with the Yoast SEO plugin v27.5 - https:\/\/yoast.com\/product\/yoast-seo-wordpress\/ -->\n<title>VIDEO: Padres olvidan incluir a su hija en la celebraci\u00f3n al revelar el sexo del nuevo beb\u00e9 - Fuentes Fidedignas<\/title>\n<meta name=\"robots\" content=\"index, follow, max-snippet:-1, max-image-preview:large, max-video-preview:-1\" \/>\n<link rel=\"canonical\" href=\"https:\/\/fuentesfidedignas.com.mx\/index.php\/2024\/10\/23\/video-padres-olvidan-incluir-a-su-hija-en-la-celebracion-al-revelar-el-sexo-del-nuevo-bebe\/\" \/>\n<meta property=\"og:locale\" content=\"es_MX\" \/>\n<meta property=\"og:type\" content=\"article\" \/>\n<meta property=\"og:title\" content=\"VIDEO: Padres olvidan incluir a su hija en la celebraci\u00f3n al revelar el sexo del nuevo beb\u00e9 - Fuentes Fidedignas\" \/>\n<meta property=\"og:description\" content=\"En TikTok, la reacci\u00f3n de esta ni\u00f1a captur\u00f3 la atenci\u00f3n de los internautas, ya que sus padres, emocionados por descubrir que el M\u00c9XICO.- Para cualquier matrimonio, la noticia de un nuevo beb\u00e9 en la familia es una de las m\u00e1s emotivas. Uno de los momentos m\u00e1s especiales, cuando el embarazo est\u00e1 avanzado, es conocer el [&hellip;]\" \/>\n<meta property=\"og:url\" content=\"https:\/\/fuentesfidedignas.com.mx\/index.php\/2024\/10\/23\/video-padres-olvidan-incluir-a-su-hija-en-la-celebracion-al-revelar-el-sexo-del-nuevo-bebe\/\" \/>\n<meta property=\"og:site_name\" content=\"Fuentes Fidedignas\" \/>\n<meta property=\"article:publisher\" content=\"https:\/\/www.facebook.com\/Fuentes-Fidedignas-368234489921644\" \/>\n<meta property=\"article:published_time\" content=\"2024-10-23T12:36:00+00:00\" \/>\n<meta property=\"og:image\" content=\"https:\/\/fuentesfidedignas.com.mx\/wp-content\/uploads\/2024\/10\/revelacion.jpg\" \/>\n\t<meta property=\"og:image:width\" content=\"650\" \/>\n\t<meta property=\"og:image:height\" content=\"433\" \/>\n\t<meta property=\"og:image:type\" content=\"image\/jpeg\" \/>\n<meta name=\"author\" content=\"El Imparcial\" \/>\n<meta name=\"twitter:card\" content=\"summary_large_image\" \/>\n<meta name=\"twitter:creator\" content=\"@fidedignas\" \/>\n<meta name=\"twitter:site\" content=\"@fidedignas\" \/>\n<meta name=\"twitter:label1\" content=\"Escrito por\" \/>\n\t<meta name=\"twitter:data1\" content=\"El Imparcial\" \/>\n\t<meta name=\"twitter:label2\" content=\"Tiempo de lectura\" \/>\n\t<meta name=\"twitter:data2\" content=\"2 minutos\" \/>\n<script type=\"application\/ld+json\" class=\"yoast-schema-graph\">{\"@context\":\"https:\\\/\\\/schema.org\",\"@graph\":[{\"@type\":\"Article\",\"@id\":\"https:\\\/\\\/fuentesfidedignas.com.mx\\\/index.php\\\/2024\\\/10\\\/23\\\/video-padres-olvidan-incluir-a-su-hija-en-la-celebracion-al-revelar-el-sexo-del-nuevo-bebe\\\/#article\",\"isPartOf\":{\"@id\":\"https:\\\/\\\/fuentesfidedignas.com.mx\\\/index.php\\\/2024\\\/10\\\/23\\\/video-padres-olvidan-incluir-a-su-hija-en-la-celebracion-al-revelar-el-sexo-del-nuevo-bebe\\\/\"},\"author\":{\"name\":\"El Imparcial\",\"@id\":\"https:\\\/\\\/fuentesfidedignas.com.mx\\\/#\\\/schema\\\/person\\\/ff4db17f8fd9c584e0cfc2a0c436b8a1\"},\"headline\":\"VIDEO: Padres olvidan incluir a su hija en la celebraci\u00f3n al revelar el sexo del nuevo beb\u00e9\",\"datePublished\":\"2024-10-23T12:36:00+00:00\",\"mainEntityOfPage\":{\"@id\":\"https:\\\/\\\/fuentesfidedignas.com.mx\\\/index.php\\\/2024\\\/10\\\/23\\\/video-padres-olvidan-incluir-a-su-hija-en-la-celebracion-al-revelar-el-sexo-del-nuevo-bebe\\\/\"},\"wordCount\":437,\"commentCount\":0,\"publisher\":{\"@id\":\"https:\\\/\\\/fuentesfidedignas.com.mx\\\/#organization\"},\"image\":{\"@id\":\"https:\\\/\\\/fuentesfidedignas.com.mx\\\/index.php\\\/2024\\\/10\\\/23\\\/video-padres-olvidan-incluir-a-su-hija-en-la-celebracion-al-revelar-el-sexo-del-nuevo-bebe\\\/#primaryimage\"},\"thumbnailUrl\":\"https:\\\/\\\/fuentesfidedignas.com.mx\\\/wp-content\\\/uploads\\\/2024\\\/10\\\/revelacion.jpg\",\"articleSection\":[\"LAS ASOMBROSAS\"],\"inLanguage\":\"es\",\"potentialAction\":[{\"@type\":\"CommentAction\",\"name\":\"Comment\",\"target\":[\"https:\\\/\\\/fuentesfidedignas.com.mx\\\/index.php\\\/2024\\\/10\\\/23\\\/video-padres-olvidan-incluir-a-su-hija-en-la-celebracion-al-revelar-el-sexo-del-nuevo-bebe\\\/#respond\"]}]},{\"@type\":\"WebPage\",\"@id\":\"https:\\\/\\\/fuentesfidedignas.com.mx\\\/index.php\\\/2024\\\/10\\\/23\\\/video-padres-olvidan-incluir-a-su-hija-en-la-celebracion-al-revelar-el-sexo-del-nuevo-bebe\\\/\",\"url\":\"https:\\\/\\\/fuentesfidedignas.com.mx\\\/index.php\\\/2024\\\/10\\\/23\\\/video-padres-olvidan-incluir-a-su-hija-en-la-celebracion-al-revelar-el-sexo-del-nuevo-bebe\\\/\",\"name\":\"VIDEO: Padres olvidan incluir a su hija en la celebraci\u00f3n al revelar el sexo del nuevo beb\u00e9 - Fuentes Fidedignas\",\"isPartOf\":{\"@id\":\"https:\\\/\\\/fuentesfidedignas.com.mx\\\/#website\"},\"primaryImageOfPage\":{\"@id\":\"https:\\\/\\\/fuentesfidedignas.com.mx\\\/index.php\\\/2024\\\/10\\\/23\\\/video-padres-olvidan-incluir-a-su-hija-en-la-celebracion-al-revelar-el-sexo-del-nuevo-bebe\\\/#primaryimage\"},\"image\":{\"@id\":\"https:\\\/\\\/fuentesfidedignas.com.mx\\\/index.php\\\/2024\\\/10\\\/23\\\/video-padres-olvidan-incluir-a-su-hija-en-la-celebracion-al-revelar-el-sexo-del-nuevo-bebe\\\/#primaryimage\"},\"thumbnailUrl\":\"https:\\\/\\\/fuentesfidedignas.com.mx\\\/wp-content\\\/uploads\\\/2024\\\/10\\\/revelacion.jpg\",\"datePublished\":\"2024-10-23T12:36:00+00:00\",\"breadcrumb\":{\"@id\":\"https:\\\/\\\/fuentesfidedignas.com.mx\\\/index.php\\\/2024\\\/10\\\/23\\\/video-padres-olvidan-incluir-a-su-hija-en-la-celebracion-al-revelar-el-sexo-del-nuevo-bebe\\\/#breadcrumb\"},\"inLanguage\":\"es\",\"potentialAction\":[{\"@type\":\"ReadAction\",\"target\":[\"https:\\\/\\\/fuentesfidedignas.com.mx\\\/index.php\\\/2024\\\/10\\\/23\\\/video-padres-olvidan-incluir-a-su-hija-en-la-celebracion-al-revelar-el-sexo-del-nuevo-bebe\\\/\"]}]},{\"@type\":\"ImageObject\",\"inLanguage\":\"es\",\"@id\":\"https:\\\/\\\/fuentesfidedignas.com.mx\\\/index.php\\\/2024\\\/10\\\/23\\\/video-padres-olvidan-incluir-a-su-hija-en-la-celebracion-al-revelar-el-sexo-del-nuevo-bebe\\\/#primaryimage\",\"url\":\"https:\\\/\\\/fuentesfidedignas.com.mx\\\/wp-content\\\/uploads\\\/2024\\\/10\\\/revelacion.jpg\",\"contentUrl\":\"https:\\\/\\\/fuentesfidedignas.com.mx\\\/wp-content\\\/uploads\\\/2024\\\/10\\\/revelacion.jpg\",\"width\":650,\"height\":433},{\"@type\":\"BreadcrumbList\",\"@id\":\"https:\\\/\\\/fuentesfidedignas.com.mx\\\/index.php\\\/2024\\\/10\\\/23\\\/video-padres-olvidan-incluir-a-su-hija-en-la-celebracion-al-revelar-el-sexo-del-nuevo-bebe\\\/#breadcrumb\",\"itemListElement\":[{\"@type\":\"ListItem\",\"position\":1,\"name\":\"Inicio\",\"item\":\"https:\\\/\\\/fuentesfidedignas.com.mx\\\/\"},{\"@type\":\"ListItem\",\"position\":2,\"name\":\"VIDEO: Padres olvidan incluir a su hija en la celebraci\u00f3n al revelar el sexo del nuevo beb\u00e9\"}]},{\"@type\":\"WebSite\",\"@id\":\"https:\\\/\\\/fuentesfidedignas.com.mx\\\/#website\",\"url\":\"https:\\\/\\\/fuentesfidedignas.com.mx\\\/\",\"name\":\"Fuentes Fidedignas\",\"description\":\"Otro sitio realizado con WordPress\",\"publisher\":{\"@id\":\"https:\\\/\\\/fuentesfidedignas.com.mx\\\/#organization\"},\"potentialAction\":[{\"@type\":\"SearchAction\",\"target\":{\"@type\":\"EntryPoint\",\"urlTemplate\":\"https:\\\/\\\/fuentesfidedignas.com.mx\\\/?s={search_term_string}\"},\"query-input\":{\"@type\":\"PropertyValueSpecification\",\"valueRequired\":true,\"valueName\":\"search_term_string\"}}],\"inLanguage\":\"es\"},{\"@type\":\"Organization\",\"@id\":\"https:\\\/\\\/fuentesfidedignas.com.mx\\\/#organization\",\"name\":\"Fuentes Fidedignas\",\"url\":\"https:\\\/\\\/fuentesfidedignas.com.mx\\\/\",\"logo\":{\"@type\":\"ImageObject\",\"inLanguage\":\"es\",\"@id\":\"https:\\\/\\\/fuentesfidedignas.com.mx\\\/#\\\/schema\\\/logo\\\/image\\\/\",\"url\":\"https:\\\/\\\/fuentesfidedignas.com.mx\\\/wp-content\\\/uploads\\\/2021\\\/04\\\/logo-retina.png\",\"contentUrl\":\"https:\\\/\\\/fuentesfidedignas.com.mx\\\/wp-content\\\/uploads\\\/2021\\\/04\\\/logo-retina.png\",\"width\":280,\"height\":51,\"caption\":\"Fuentes Fidedignas\"},\"image\":{\"@id\":\"https:\\\/\\\/fuentesfidedignas.com.mx\\\/#\\\/schema\\\/logo\\\/image\\\/\"},\"sameAs\":[\"https:\\\/\\\/www.facebook.com\\\/Fuentes-Fidedignas-368234489921644\",\"https:\\\/\\\/x.com\\\/fidedignas\"]},{\"@type\":\"Person\",\"@id\":\"https:\\\/\\\/fuentesfidedignas.com.mx\\\/#\\\/schema\\\/person\\\/ff4db17f8fd9c584e0cfc2a0c436b8a1\",\"name\":\"El Imparcial\",\"image\":{\"@type\":\"ImageObject\",\"inLanguage\":\"es\",\"@id\":\"https:\\\/\\\/secure.gravatar.com\\\/avatar\\\/accd6807585a75316c237ee783498317be6f66ab34c47c940966f26a3f613161?s=96&d=mm&r=g\",\"url\":\"https:\\\/\\\/secure.gravatar.com\\\/avatar\\\/accd6807585a75316c237ee783498317be6f66ab34c47c940966f26a3f613161?s=96&d=mm&r=g\",\"contentUrl\":\"https:\\\/\\\/secure.gravatar.com\\\/avatar\\\/accd6807585a75316c237ee783498317be6f66ab34c47c940966f26a3f613161?s=96&d=mm&r=g\",\"caption\":\"El Imparcial\"},\"url\":\"https:\\\/\\\/fuentesfidedignas.com.mx\\\/index.php\\\/author\\\/imparcial\\\/\"}]}<\/script>\n<!-- \/ Yoast SEO plugin. -->","yoast_head_json":{"title":"VIDEO: Padres olvidan incluir a su hija en la celebraci\u00f3n al revelar el sexo del nuevo beb\u00e9 - Fuentes Fidedignas","robots":{"index":"index","follow":"follow","max-snippet":"max-snippet:-1","max-image-preview":"max-image-preview:large","max-video-preview":"max-video-preview:-1"},"canonical":"https:\/\/fuentesfidedignas.com.mx\/index.php\/2024\/10\/23\/video-padres-olvidan-incluir-a-su-hija-en-la-celebracion-al-revelar-el-sexo-del-nuevo-bebe\/","og_locale":"es_MX","og_type":"article","og_title":"VIDEO: Padres olvidan incluir a su hija en la celebraci\u00f3n al revelar el sexo del nuevo beb\u00e9 - Fuentes Fidedignas","og_description":"En TikTok, la reacci\u00f3n de esta ni\u00f1a captur\u00f3 la atenci\u00f3n de los internautas, ya que sus padres, emocionados por descubrir que el M\u00c9XICO.- Para cualquier matrimonio, la noticia de un nuevo beb\u00e9 en la familia es una de las m\u00e1s emotivas. Uno de los momentos m\u00e1s especiales, cuando el embarazo est\u00e1 avanzado, es conocer el [&hellip;]","og_url":"https:\/\/fuentesfidedignas.com.mx\/index.php\/2024\/10\/23\/video-padres-olvidan-incluir-a-su-hija-en-la-celebracion-al-revelar-el-sexo-del-nuevo-bebe\/","og_site_name":"Fuentes Fidedignas","article_publisher":"https:\/\/www.facebook.com\/Fuentes-Fidedignas-368234489921644","article_published_time":"2024-10-23T12:36:00+00:00","og_image":[{"width":650,"height":433,"url":"https:\/\/fuentesfidedignas.com.mx\/wp-content\/uploads\/2024\/10\/revelacion.jpg","type":"image\/jpeg"}],"author":"El Imparcial","twitter_card":"summary_large_image","twitter_creator":"@fidedignas","twitter_site":"@fidedignas","twitter_misc":{"Escrito por":"El Imparcial","Tiempo de lectura":"2 minutos"},"schema":{"@context":"https:\/\/schema.org","@graph":[{"@type":"Article","@id":"https:\/\/fuentesfidedignas.com.mx\/index.php\/2024\/10\/23\/video-padres-olvidan-incluir-a-su-hija-en-la-celebracion-al-revelar-el-sexo-del-nuevo-bebe\/#article","isPartOf":{"@id":"https:\/\/fuentesfidedignas.com.mx\/index.php\/2024\/10\/23\/video-padres-olvidan-incluir-a-su-hija-en-la-celebracion-al-revelar-el-sexo-del-nuevo-bebe\/"},"author":{"name":"El Imparcial","@id":"https:\/\/fuentesfidedignas.com.mx\/#\/schema\/person\/ff4db17f8fd9c584e0cfc2a0c436b8a1"},"headline":"VIDEO: Padres olvidan incluir a su hija en la celebraci\u00f3n al revelar el sexo del nuevo beb\u00e9","datePublished":"2024-10-23T12:36:00+00:00","mainEntityOfPage":{"@id":"https:\/\/fuentesfidedignas.com.mx\/index.php\/2024\/10\/23\/video-padres-olvidan-incluir-a-su-hija-en-la-celebracion-al-revelar-el-sexo-del-nuevo-bebe\/"},"wordCount":437,"commentCount":0,"publisher":{"@id":"https:\/\/fuentesfidedignas.com.mx\/#organization"},"image":{"@id":"https:\/\/fuentesfidedignas.com.mx\/index.php\/2024\/10\/23\/video-padres-olvidan-incluir-a-su-hija-en-la-celebracion-al-revelar-el-sexo-del-nuevo-bebe\/#primaryimage"},"thumbnailUrl":"https:\/\/fuentesfidedignas.com.mx\/wp-content\/uploads\/2024\/10\/revelacion.jpg","articleSection":["LAS ASOMBROSAS"],"inLanguage":"es","potentialAction":[{"@type":"CommentAction","name":"Comment","target":["https:\/\/fuentesfidedignas.com.mx\/index.php\/2024\/10\/23\/video-padres-olvidan-incluir-a-su-hija-en-la-celebracion-al-revelar-el-sexo-del-nuevo-bebe\/#respond"]}]},{"@type":"WebPage","@id":"https:\/\/fuentesfidedignas.com.mx\/index.php\/2024\/10\/23\/video-padres-olvidan-incluir-a-su-hija-en-la-celebracion-al-revelar-el-sexo-del-nuevo-bebe\/","url":"https:\/\/fuentesfidedignas.com.mx\/index.php\/2024\/10\/23\/video-padres-olvidan-incluir-a-su-hija-en-la-celebracion-al-revelar-el-sexo-del-nuevo-bebe\/","name":"VIDEO: Padres olvidan incluir a su hija en la celebraci\u00f3n al revelar el sexo del nuevo beb\u00e9 - Fuentes Fidedignas","isPartOf":{"@id":"https:\/\/fuentesfidedignas.com.mx\/#website"},"primaryImageOfPage":{"@id":"https:\/\/fuentesfidedignas.com.mx\/index.php\/2024\/10\/23\/video-padres-olvidan-incluir-a-su-hija-en-la-celebracion-al-revelar-el-sexo-del-nuevo-bebe\/#primaryimage"},"image":{"@id":"https:\/\/fuentesfidedignas.com.mx\/index.php\/2024\/10\/23\/video-padres-olvidan-incluir-a-su-hija-en-la-celebracion-al-revelar-el-sexo-del-nuevo-bebe\/#primaryimage"},"thumbnailUrl":"https:\/\/fuentesfidedignas.com.mx\/wp-content\/uploads\/2024\/10\/revelacion.jpg","datePublished":"2024-10-23T12:36:00+00:00","breadcrumb":{"@id":"https:\/\/fuentesfidedignas.com.mx\/index.php\/2024\/10\/23\/video-padres-olvidan-incluir-a-su-hija-en-la-celebracion-al-revelar-el-sexo-del-nuevo-bebe\/#breadcrumb"},"inLanguage":"es","potentialAction":[{"@type":"ReadAction","target":["https:\/\/fuentesfidedignas.com.mx\/index.php\/2024\/10\/23\/video-padres-olvidan-incluir-a-su-hija-en-la-celebracion-al-revelar-el-sexo-del-nuevo-bebe\/"]}]},{"@type":"ImageObject","inLanguage":"es","@id":"https:\/\/fuentesfidedignas.com.mx\/index.php\/2024\/10\/23\/video-padres-olvidan-incluir-a-su-hija-en-la-celebracion-al-revelar-el-sexo-del-nuevo-bebe\/#primaryimage","url":"https:\/\/fuentesfidedignas.com.mx\/wp-content\/uploads\/2024\/10\/revelacion.jpg","contentUrl":"https:\/\/fuentesfidedignas.com.mx\/wp-content\/uploads\/2024\/10\/revelacion.jpg","width":650,"height":433},{"@type":"BreadcrumbList","@id":"https:\/\/fuentesfidedignas.com.mx\/index.php\/2024\/10\/23\/video-padres-olvidan-incluir-a-su-hija-en-la-celebracion-al-revelar-el-sexo-del-nuevo-bebe\/#breadcrumb","itemListElement":[{"@type":"ListItem","position":1,"name":"Inicio","item":"https:\/\/fuentesfidedignas.com.mx\/"},{"@type":"ListItem","position":2,"name":"VIDEO: Padres olvidan incluir a su hija en la celebraci\u00f3n al revelar el sexo del nuevo beb\u00e9"}]},{"@type":"WebSite","@id":"https:\/\/fuentesfidedignas.com.mx\/#website","url":"https:\/\/fuentesfidedignas.com.mx\/","name":"Fuentes Fidedignas","description":"Otro sitio realizado con WordPress","publisher":{"@id":"https:\/\/fuentesfidedignas.com.mx\/#organization"},"potentialAction":[{"@type":"SearchAction","target":{"@type":"EntryPoint","urlTemplate":"https:\/\/fuentesfidedignas.com.mx\/?s={search_term_string}"},"query-input":{"@type":"PropertyValueSpecification","valueRequired":true,"valueName":"search_term_string"}}],"inLanguage":"es"},{"@type":"Organization","@id":"https:\/\/fuentesfidedignas.com.mx\/#organization","name":"Fuentes Fidedignas","url":"https:\/\/fuentesfidedignas.com.mx\/","logo":{"@type":"ImageObject","inLanguage":"es","@id":"https:\/\/fuentesfidedignas.com.mx\/#\/schema\/logo\/image\/","url":"https:\/\/fuentesfidedignas.com.mx\/wp-content\/uploads\/2021\/04\/logo-retina.png","contentUrl":"https:\/\/fuentesfidedignas.com.mx\/wp-content\/uploads\/2021\/04\/logo-retina.png","width":280,"height":51,"caption":"Fuentes Fidedignas"},"image":{"@id":"https:\/\/fuentesfidedignas.com.mx\/#\/schema\/logo\/image\/"},"sameAs":["https:\/\/www.facebook.com\/Fuentes-Fidedignas-368234489921644","https:\/\/x.com\/fidedignas"]},{"@type":"Person","@id":"https:\/\/fuentesfidedignas.com.mx\/#\/schema\/person\/ff4db17f8fd9c584e0cfc2a0c436b8a1","name":"El Imparcial","image":{"@type":"ImageObject","inLanguage":"es","@id":"https:\/\/secure.gravatar.com\/avatar\/accd6807585a75316c237ee783498317be6f66ab34c47c940966f26a3f613161?s=96&d=mm&r=g","url":"https:\/\/secure.gravatar.com\/avatar\/accd6807585a75316c237ee783498317be6f66ab34c47c940966f26a3f613161?s=96&d=mm&r=g","contentUrl":"https:\/\/secure.gravatar.com\/avatar\/accd6807585a75316c237ee783498317be6f66ab34c47c940966f26a3f613161?s=96&d=mm&r=g","caption":"El Imparcial"},"url":"https:\/\/fuentesfidedignas.com.mx\/index.php\/author\/imparcial\/"}]}},"_links":{"self":[{"href":"https:\/\/fuentesfidedignas.com.mx\/index.php\/wp-json\/wp\/v2\/posts\/93851","targetHints":{"allow":["GET"]}}],"collection":[{"href":"https:\/\/fuentesfidedignas.com.mx\/index.php\/wp-json\/wp\/v2\/posts"}],"about":[{"href":"https:\/\/fuentesfidedignas.com.mx\/index.php\/wp-json\/wp\/v2\/types\/post"}],"author":[{"embeddable":true,"href":"https:\/\/fuentesfidedignas.com.mx\/index.php\/wp-json\/wp\/v2\/users\/40"}],"replies":[{"embeddable":true,"href":"https:\/\/fuentesfidedignas.com.mx\/index.php\/wp-json\/wp\/v2\/comments?post=93851"}],"version-history":[{"count":1,"href":"https:\/\/fuentesfidedignas.com.mx\/index.php\/wp-json\/wp\/v2\/posts\/93851\/revisions"}],"predecessor-version":[{"id":93853,"href":"https:\/\/fuentesfidedignas.com.mx\/index.php\/wp-json\/wp\/v2\/posts\/93851\/revisions\/93853"}],"wp:featuredmedia":[{"embeddable":true,"href":"https:\/\/fuentesfidedignas.com.mx\/index.php\/wp-json\/wp\/v2\/media\/93852"}],"wp:attachment":[{"href":"https:\/\/fuentesfidedignas.com.mx\/index.php\/wp-json\/wp\/v2\/media?parent=93851"}],"wp:term":[{"taxonomy":"category","embeddable":true,"href":"https:\/\/fuentesfidedignas.com.mx\/index.php\/wp-json\/wp\/v2\/categories?post=93851"},{"taxonomy":"post_tag","embeddable":true,"href":"https:\/\/fuentesfidedignas.com.mx\/index.php\/wp-json\/wp\/v2\/tags?post=93851"}],"curies":[{"name":"wp","href":"https:\/\/api.w.org\/{rel}","templated":true}]}}