{"id":93797,"date":"2024-10-22T09:42:54","date_gmt":"2024-10-22T16:42:54","guid":{"rendered":"https:\/\/fuentesfidedignas.com.mx\/?p=93797"},"modified":"2024-10-22T11:00:42","modified_gmt":"2024-10-22T18:00:42","slug":"detienen-a-el-max-tras-enfrentamiento-en-culiacan-hay-19-muertos","status":"publish","type":"post","link":"https:\/\/fuentesfidedignas.com.mx\/index.php\/2024\/10\/22\/detienen-a-el-max-tras-enfrentamiento-en-culiacan-hay-19-muertos\/","title":{"rendered":"Hay 19 muertos tras enfrentamiento donde detuvieron a \u2018El Max\u2019, en Culiac\u00e1n"},"content":{"rendered":"\n<p><strong><em>El enfrentamiento entre los civiles armados y los soldados se registr\u00f3 en el ejido El 12, cerca del Carrizalejo<\/em><\/strong><\/p>\n\n\n\n<p>Un enfrentamiento entre civiles armados y el Ej\u00e9rcito Mexicano en Culiac\u00e1n result\u00f3 en la detenci\u00f3n de&nbsp;Edwin Antonio Rubio L\u00f3pez,&nbsp;conocido como El Max&nbsp;o El Oso, operador de El Mayo&nbsp;Zambada y objetivo prioritario de las autoridades. Dicho enfrentamiento,&nbsp;en el ejido El 12 cerca del Carrizalejo,&nbsp;dej\u00f3 un&nbsp;saldo de 19 personas sin vida, entre ellas civiles y militares la tarde del lunes 21 de octubre.&nbsp;<\/p>\n\n\n\n<p>Las v\u00edctimas a\u00fan no han sido identificadas y sus caracter\u00edsticas son desconocidas. Los cuerpos permanecen en la carretera donde ocurri\u00f3 el choque y la Fiscal\u00eda General de la Rep\u00fablica&nbsp;(FGR) ha iniciado las investigaciones pertinentes.<\/p>\n\n\n\n<p>El enfrentamiento comenz\u00f3 cuando las fuerzas federales que se desplazaban por la carretera a Sanalona fueron atacadas por civiles armados, desat\u00e1ndose una balacera que dur\u00f3 varios minutos.&nbsp;<\/p>\n\n\n\n<p>Los vecinos de la zona informaron sobre un fuerte operativo militar en la regi\u00f3n, que incluy\u00f3 acciones por tierra y aire. Aunque no se ha confirmado la detenci\u00f3n de m\u00e1s personas ni el aseguramiento de armamento, se espera que las autoridades proporcionen m\u00e1s informaci\u00f3n en las pr\u00f3ximas horas.&nbsp;<\/p>\n\n\n\n<p>Los cuerpos ser\u00e1n trasladados al Semefo para la autopsia y permanecer\u00e1n bajo custodia del Ministerio P\u00fablico hasta su identificaci\u00f3n oficial.<\/p>\n\n\n\n<p>\u00bfQui\u00e9n es &#8216;El Max&#8217;?<br \/>Edwin Antonio Rubio L\u00f3pez, alias El Max, es identificado como uno de los objetivos prioritarios de las autoridades, pues se le ubica como uno operador de Ismael El Mayo Zambada.&nbsp;De acuerdo con la informaci\u00f3n disponible, El Max es uno de los principales generadores de violencia en la entidad.&nbsp;<\/p>\n\n\n\n<p>De acuerdo con una ficha del Registro Nacional de Detenciones, se trata de un hombre de &#8220;aproximadamente 35 a\u00f1os de edad, tez moreno claro&#8221;.<br \/>De acuerdo con dicho documento, el Max fue puesto a disposici\u00f3n del Ministerio P\u00fablico federal en Sinaloa.<\/p>\n\n\n\n<p>Disputa entre &#8216;Los Chapitos&#8217; y &#8216;La Mayiza&#8217;<br \/>La detenci\u00f3n de&nbsp;El Max&nbsp;se da en el contexto de la&nbsp;ola de violencia que se vive en Sinaloa&nbsp;tras la detenci\u00f3n en Estados Unidos de&nbsp;El Mayo Zambada, quien fue secuestrado, de acuerdo con las autoridades de dicho pa\u00eds, por uno de los hijos de su ex socio,&nbsp;Joaqu\u00edn El Chapo Guzm\u00e1n.&nbsp;<\/p>\n\n\n\n<p>Esta detenci\u00f3n provoc\u00f3 un guerra dentro del C\u00e1rtel de Sinaloa, provocando enfrentamientos entre la facciones conocidas como Los Chapitos&nbsp;y La Mayiza, quienes luchan por el control de la organizaci\u00f3n criminal.&nbsp;<\/p>\n","protected":false},"excerpt":{"rendered":"<p>El enfrentamiento entre los civiles armados y los soldados se registr\u00f3 en el ejido El 12, cerca del Carrizalejo Un enfrentamiento entre civiles armados y el Ej\u00e9rcito Mexicano en Culiac\u00e1n result\u00f3 en la detenci\u00f3n de&nbsp;Edwin Antonio Rubio L\u00f3pez,&nbsp;conocido como El Max&nbsp;o El Oso, operador de El Mayo&nbsp;Zambada y objetivo prioritario de las autoridades. Dicho enfrentamiento,&nbsp;en [&hellip;]<\/p>\n","protected":false},"author":9,"featured_media":85935,"comment_status":"closed","ping_status":"open","sticky":false,"template":"","format":"standard","meta":{"tdm_status":"","tdm_grid_status":"","footnotes":""},"categories":[37],"tags":[],"class_list":{"0":"post-93797","1":"post","2":"type-post","3":"status-publish","4":"format-standard","5":"has-post-thumbnail","7":"category-nota-principal"},"yoast_head":"<!-- This site is optimized with the Yoast SEO plugin v27.5 - https:\/\/yoast.com\/product\/yoast-seo-wordpress\/ -->\n<title>Hay 19 muertos tras enfrentamiento donde detuvieron a \u2018El Max\u2019, en Culiac\u00e1n - Fuentes Fidedignas<\/title>\n<meta name=\"robots\" content=\"index, follow, max-snippet:-1, max-image-preview:large, max-video-preview:-1\" \/>\n<link rel=\"canonical\" href=\"https:\/\/fuentesfidedignas.com.mx\/index.php\/2024\/10\/22\/detienen-a-el-max-tras-enfrentamiento-en-culiacan-hay-19-muertos\/\" \/>\n<meta property=\"og:locale\" content=\"es_MX\" \/>\n<meta property=\"og:type\" content=\"article\" \/>\n<meta property=\"og:title\" content=\"Hay 19 muertos tras enfrentamiento donde detuvieron a \u2018El Max\u2019, en Culiac\u00e1n - Fuentes Fidedignas\" \/>\n<meta property=\"og:description\" content=\"El enfrentamiento entre los civiles armados y los soldados se registr\u00f3 en el ejido El 12, cerca del Carrizalejo Un enfrentamiento entre civiles armados y el Ej\u00e9rcito Mexicano en Culiac\u00e1n result\u00f3 en la detenci\u00f3n de&nbsp;Edwin Antonio Rubio L\u00f3pez,&nbsp;conocido como El Max&nbsp;o El Oso, operador de El Mayo&nbsp;Zambada y objetivo prioritario de las autoridades. Dicho enfrentamiento,&nbsp;en [&hellip;]\" \/>\n<meta property=\"og:url\" content=\"https:\/\/fuentesfidedignas.com.mx\/index.php\/2024\/10\/22\/detienen-a-el-max-tras-enfrentamiento-en-culiacan-hay-19-muertos\/\" \/>\n<meta property=\"og:site_name\" content=\"Fuentes Fidedignas\" \/>\n<meta property=\"article:publisher\" content=\"https:\/\/www.facebook.com\/Fuentes-Fidedignas-368234489921644\" \/>\n<meta property=\"article:published_time\" content=\"2024-10-22T16:42:54+00:00\" \/>\n<meta property=\"article:modified_time\" content=\"2024-10-22T18:00:42+00:00\" \/>\n<meta property=\"og:image\" content=\"https:\/\/fuentesfidedignas.com.mx\/wp-content\/uploads\/2024\/07\/personal-del-ejercito-y-gn.jpg\" \/>\n\t<meta property=\"og:image:width\" content=\"650\" \/>\n\t<meta property=\"og:image:height\" content=\"434\" \/>\n\t<meta property=\"og:image:type\" content=\"image\/jpeg\" \/>\n<meta name=\"author\" content=\"Milenio\" \/>\n<meta name=\"twitter:card\" content=\"summary_large_image\" \/>\n<meta name=\"twitter:creator\" content=\"@fidedignas\" \/>\n<meta name=\"twitter:site\" content=\"@fidedignas\" \/>\n<meta name=\"twitter:label1\" content=\"Escrito por\" \/>\n\t<meta name=\"twitter:data1\" content=\"Milenio\" \/>\n\t<meta name=\"twitter:label2\" content=\"Tiempo de lectura\" \/>\n\t<meta name=\"twitter:data2\" content=\"1 minuto\" \/>\n<script type=\"application\/ld+json\" class=\"yoast-schema-graph\">{\"@context\":\"https:\\\/\\\/schema.org\",\"@graph\":[{\"@type\":\"Article\",\"@id\":\"https:\\\/\\\/fuentesfidedignas.com.mx\\\/index.php\\\/2024\\\/10\\\/22\\\/detienen-a-el-max-tras-enfrentamiento-en-culiacan-hay-19-muertos\\\/#article\",\"isPartOf\":{\"@id\":\"https:\\\/\\\/fuentesfidedignas.com.mx\\\/index.php\\\/2024\\\/10\\\/22\\\/detienen-a-el-max-tras-enfrentamiento-en-culiacan-hay-19-muertos\\\/\"},\"author\":{\"name\":\"Milenio\",\"@id\":\"https:\\\/\\\/fuentesfidedignas.com.mx\\\/#\\\/schema\\\/person\\\/47ec0135738f4b0c7495f06a77a2c976\"},\"headline\":\"Hay 19 muertos tras enfrentamiento donde detuvieron a \u2018El Max\u2019, en Culiac\u00e1n\",\"datePublished\":\"2024-10-22T16:42:54+00:00\",\"dateModified\":\"2024-10-22T18:00:42+00:00\",\"mainEntityOfPage\":{\"@id\":\"https:\\\/\\\/fuentesfidedignas.com.mx\\\/index.php\\\/2024\\\/10\\\/22\\\/detienen-a-el-max-tras-enfrentamiento-en-culiacan-hay-19-muertos\\\/\"},\"wordCount\":466,\"publisher\":{\"@id\":\"https:\\\/\\\/fuentesfidedignas.com.mx\\\/#organization\"},\"image\":{\"@id\":\"https:\\\/\\\/fuentesfidedignas.com.mx\\\/index.php\\\/2024\\\/10\\\/22\\\/detienen-a-el-max-tras-enfrentamiento-en-culiacan-hay-19-muertos\\\/#primaryimage\"},\"thumbnailUrl\":\"https:\\\/\\\/fuentesfidedignas.com.mx\\\/wp-content\\\/uploads\\\/2024\\\/07\\\/personal-del-ejercito-y-gn.jpg\",\"articleSection\":[\"NOTA PRINCIPAL\"],\"inLanguage\":\"es\"},{\"@type\":\"WebPage\",\"@id\":\"https:\\\/\\\/fuentesfidedignas.com.mx\\\/index.php\\\/2024\\\/10\\\/22\\\/detienen-a-el-max-tras-enfrentamiento-en-culiacan-hay-19-muertos\\\/\",\"url\":\"https:\\\/\\\/fuentesfidedignas.com.mx\\\/index.php\\\/2024\\\/10\\\/22\\\/detienen-a-el-max-tras-enfrentamiento-en-culiacan-hay-19-muertos\\\/\",\"name\":\"Hay 19 muertos tras enfrentamiento donde detuvieron a \u2018El Max\u2019, en Culiac\u00e1n - Fuentes Fidedignas\",\"isPartOf\":{\"@id\":\"https:\\\/\\\/fuentesfidedignas.com.mx\\\/#website\"},\"primaryImageOfPage\":{\"@id\":\"https:\\\/\\\/fuentesfidedignas.com.mx\\\/index.php\\\/2024\\\/10\\\/22\\\/detienen-a-el-max-tras-enfrentamiento-en-culiacan-hay-19-muertos\\\/#primaryimage\"},\"image\":{\"@id\":\"https:\\\/\\\/fuentesfidedignas.com.mx\\\/index.php\\\/2024\\\/10\\\/22\\\/detienen-a-el-max-tras-enfrentamiento-en-culiacan-hay-19-muertos\\\/#primaryimage\"},\"thumbnailUrl\":\"https:\\\/\\\/fuentesfidedignas.com.mx\\\/wp-content\\\/uploads\\\/2024\\\/07\\\/personal-del-ejercito-y-gn.jpg\",\"datePublished\":\"2024-10-22T16:42:54+00:00\",\"dateModified\":\"2024-10-22T18:00:42+00:00\",\"breadcrumb\":{\"@id\":\"https:\\\/\\\/fuentesfidedignas.com.mx\\\/index.php\\\/2024\\\/10\\\/22\\\/detienen-a-el-max-tras-enfrentamiento-en-culiacan-hay-19-muertos\\\/#breadcrumb\"},\"inLanguage\":\"es\",\"potentialAction\":[{\"@type\":\"ReadAction\",\"target\":[\"https:\\\/\\\/fuentesfidedignas.com.mx\\\/index.php\\\/2024\\\/10\\\/22\\\/detienen-a-el-max-tras-enfrentamiento-en-culiacan-hay-19-muertos\\\/\"]}]},{\"@type\":\"ImageObject\",\"inLanguage\":\"es\",\"@id\":\"https:\\\/\\\/fuentesfidedignas.com.mx\\\/index.php\\\/2024\\\/10\\\/22\\\/detienen-a-el-max-tras-enfrentamiento-en-culiacan-hay-19-muertos\\\/#primaryimage\",\"url\":\"https:\\\/\\\/fuentesfidedignas.com.mx\\\/wp-content\\\/uploads\\\/2024\\\/07\\\/personal-del-ejercito-y-gn.jpg\",\"contentUrl\":\"https:\\\/\\\/fuentesfidedignas.com.mx\\\/wp-content\\\/uploads\\\/2024\\\/07\\\/personal-del-ejercito-y-gn.jpg\",\"width\":650,\"height\":434},{\"@type\":\"BreadcrumbList\",\"@id\":\"https:\\\/\\\/fuentesfidedignas.com.mx\\\/index.php\\\/2024\\\/10\\\/22\\\/detienen-a-el-max-tras-enfrentamiento-en-culiacan-hay-19-muertos\\\/#breadcrumb\",\"itemListElement\":[{\"@type\":\"ListItem\",\"position\":1,\"name\":\"Inicio\",\"item\":\"https:\\\/\\\/fuentesfidedignas.com.mx\\\/\"},{\"@type\":\"ListItem\",\"position\":2,\"name\":\"Hay 19 muertos tras enfrentamiento donde detuvieron a \u2018El Max\u2019, en Culiac\u00e1n\"}]},{\"@type\":\"WebSite\",\"@id\":\"https:\\\/\\\/fuentesfidedignas.com.mx\\\/#website\",\"url\":\"https:\\\/\\\/fuentesfidedignas.com.mx\\\/\",\"name\":\"Fuentes Fidedignas\",\"description\":\"Otro sitio realizado con WordPress\",\"publisher\":{\"@id\":\"https:\\\/\\\/fuentesfidedignas.com.mx\\\/#organization\"},\"potentialAction\":[{\"@type\":\"SearchAction\",\"target\":{\"@type\":\"EntryPoint\",\"urlTemplate\":\"https:\\\/\\\/fuentesfidedignas.com.mx\\\/?s={search_term_string}\"},\"query-input\":{\"@type\":\"PropertyValueSpecification\",\"valueRequired\":true,\"valueName\":\"search_term_string\"}}],\"inLanguage\":\"es\"},{\"@type\":\"Organization\",\"@id\":\"https:\\\/\\\/fuentesfidedignas.com.mx\\\/#organization\",\"name\":\"Fuentes Fidedignas\",\"url\":\"https:\\\/\\\/fuentesfidedignas.com.mx\\\/\",\"logo\":{\"@type\":\"ImageObject\",\"inLanguage\":\"es\",\"@id\":\"https:\\\/\\\/fuentesfidedignas.com.mx\\\/#\\\/schema\\\/logo\\\/image\\\/\",\"url\":\"https:\\\/\\\/fuentesfidedignas.com.mx\\\/wp-content\\\/uploads\\\/2021\\\/04\\\/logo-retina.png\",\"contentUrl\":\"https:\\\/\\\/fuentesfidedignas.com.mx\\\/wp-content\\\/uploads\\\/2021\\\/04\\\/logo-retina.png\",\"width\":280,\"height\":51,\"caption\":\"Fuentes Fidedignas\"},\"image\":{\"@id\":\"https:\\\/\\\/fuentesfidedignas.com.mx\\\/#\\\/schema\\\/logo\\\/image\\\/\"},\"sameAs\":[\"https:\\\/\\\/www.facebook.com\\\/Fuentes-Fidedignas-368234489921644\",\"https:\\\/\\\/x.com\\\/fidedignas\"]},{\"@type\":\"Person\",\"@id\":\"https:\\\/\\\/fuentesfidedignas.com.mx\\\/#\\\/schema\\\/person\\\/47ec0135738f4b0c7495f06a77a2c976\",\"name\":\"Milenio\",\"image\":{\"@type\":\"ImageObject\",\"inLanguage\":\"es\",\"@id\":\"https:\\\/\\\/secure.gravatar.com\\\/avatar\\\/acabf7b54753e51c2c76457954577c236b3b764789b19879565769739d1e4a75?s=96&d=mm&r=g\",\"url\":\"https:\\\/\\\/secure.gravatar.com\\\/avatar\\\/acabf7b54753e51c2c76457954577c236b3b764789b19879565769739d1e4a75?s=96&d=mm&r=g\",\"contentUrl\":\"https:\\\/\\\/secure.gravatar.com\\\/avatar\\\/acabf7b54753e51c2c76457954577c236b3b764789b19879565769739d1e4a75?s=96&d=mm&r=g\",\"caption\":\"Milenio\"},\"url\":\"https:\\\/\\\/fuentesfidedignas.com.mx\\\/index.php\\\/author\\\/milenio\\\/\"}]}<\/script>\n<!-- \/ Yoast SEO plugin. -->","yoast_head_json":{"title":"Hay 19 muertos tras enfrentamiento donde detuvieron a \u2018El Max\u2019, en Culiac\u00e1n - Fuentes Fidedignas","robots":{"index":"index","follow":"follow","max-snippet":"max-snippet:-1","max-image-preview":"max-image-preview:large","max-video-preview":"max-video-preview:-1"},"canonical":"https:\/\/fuentesfidedignas.com.mx\/index.php\/2024\/10\/22\/detienen-a-el-max-tras-enfrentamiento-en-culiacan-hay-19-muertos\/","og_locale":"es_MX","og_type":"article","og_title":"Hay 19 muertos tras enfrentamiento donde detuvieron a \u2018El Max\u2019, en Culiac\u00e1n - Fuentes Fidedignas","og_description":"El enfrentamiento entre los civiles armados y los soldados se registr\u00f3 en el ejido El 12, cerca del Carrizalejo Un enfrentamiento entre civiles armados y el Ej\u00e9rcito Mexicano en Culiac\u00e1n result\u00f3 en la detenci\u00f3n de&nbsp;Edwin Antonio Rubio L\u00f3pez,&nbsp;conocido como El Max&nbsp;o El Oso, operador de El Mayo&nbsp;Zambada y objetivo prioritario de las autoridades. Dicho enfrentamiento,&nbsp;en [&hellip;]","og_url":"https:\/\/fuentesfidedignas.com.mx\/index.php\/2024\/10\/22\/detienen-a-el-max-tras-enfrentamiento-en-culiacan-hay-19-muertos\/","og_site_name":"Fuentes Fidedignas","article_publisher":"https:\/\/www.facebook.com\/Fuentes-Fidedignas-368234489921644","article_published_time":"2024-10-22T16:42:54+00:00","article_modified_time":"2024-10-22T18:00:42+00:00","og_image":[{"width":650,"height":434,"url":"https:\/\/fuentesfidedignas.com.mx\/wp-content\/uploads\/2024\/07\/personal-del-ejercito-y-gn.jpg","type":"image\/jpeg"}],"author":"Milenio","twitter_card":"summary_large_image","twitter_creator":"@fidedignas","twitter_site":"@fidedignas","twitter_misc":{"Escrito por":"Milenio","Tiempo de lectura":"1 minuto"},"schema":{"@context":"https:\/\/schema.org","@graph":[{"@type":"Article","@id":"https:\/\/fuentesfidedignas.com.mx\/index.php\/2024\/10\/22\/detienen-a-el-max-tras-enfrentamiento-en-culiacan-hay-19-muertos\/#article","isPartOf":{"@id":"https:\/\/fuentesfidedignas.com.mx\/index.php\/2024\/10\/22\/detienen-a-el-max-tras-enfrentamiento-en-culiacan-hay-19-muertos\/"},"author":{"name":"Milenio","@id":"https:\/\/fuentesfidedignas.com.mx\/#\/schema\/person\/47ec0135738f4b0c7495f06a77a2c976"},"headline":"Hay 19 muertos tras enfrentamiento donde detuvieron a \u2018El Max\u2019, en Culiac\u00e1n","datePublished":"2024-10-22T16:42:54+00:00","dateModified":"2024-10-22T18:00:42+00:00","mainEntityOfPage":{"@id":"https:\/\/fuentesfidedignas.com.mx\/index.php\/2024\/10\/22\/detienen-a-el-max-tras-enfrentamiento-en-culiacan-hay-19-muertos\/"},"wordCount":466,"publisher":{"@id":"https:\/\/fuentesfidedignas.com.mx\/#organization"},"image":{"@id":"https:\/\/fuentesfidedignas.com.mx\/index.php\/2024\/10\/22\/detienen-a-el-max-tras-enfrentamiento-en-culiacan-hay-19-muertos\/#primaryimage"},"thumbnailUrl":"https:\/\/fuentesfidedignas.com.mx\/wp-content\/uploads\/2024\/07\/personal-del-ejercito-y-gn.jpg","articleSection":["NOTA PRINCIPAL"],"inLanguage":"es"},{"@type":"WebPage","@id":"https:\/\/fuentesfidedignas.com.mx\/index.php\/2024\/10\/22\/detienen-a-el-max-tras-enfrentamiento-en-culiacan-hay-19-muertos\/","url":"https:\/\/fuentesfidedignas.com.mx\/index.php\/2024\/10\/22\/detienen-a-el-max-tras-enfrentamiento-en-culiacan-hay-19-muertos\/","name":"Hay 19 muertos tras enfrentamiento donde detuvieron a \u2018El Max\u2019, en Culiac\u00e1n - Fuentes Fidedignas","isPartOf":{"@id":"https:\/\/fuentesfidedignas.com.mx\/#website"},"primaryImageOfPage":{"@id":"https:\/\/fuentesfidedignas.com.mx\/index.php\/2024\/10\/22\/detienen-a-el-max-tras-enfrentamiento-en-culiacan-hay-19-muertos\/#primaryimage"},"image":{"@id":"https:\/\/fuentesfidedignas.com.mx\/index.php\/2024\/10\/22\/detienen-a-el-max-tras-enfrentamiento-en-culiacan-hay-19-muertos\/#primaryimage"},"thumbnailUrl":"https:\/\/fuentesfidedignas.com.mx\/wp-content\/uploads\/2024\/07\/personal-del-ejercito-y-gn.jpg","datePublished":"2024-10-22T16:42:54+00:00","dateModified":"2024-10-22T18:00:42+00:00","breadcrumb":{"@id":"https:\/\/fuentesfidedignas.com.mx\/index.php\/2024\/10\/22\/detienen-a-el-max-tras-enfrentamiento-en-culiacan-hay-19-muertos\/#breadcrumb"},"inLanguage":"es","potentialAction":[{"@type":"ReadAction","target":["https:\/\/fuentesfidedignas.com.mx\/index.php\/2024\/10\/22\/detienen-a-el-max-tras-enfrentamiento-en-culiacan-hay-19-muertos\/"]}]},{"@type":"ImageObject","inLanguage":"es","@id":"https:\/\/fuentesfidedignas.com.mx\/index.php\/2024\/10\/22\/detienen-a-el-max-tras-enfrentamiento-en-culiacan-hay-19-muertos\/#primaryimage","url":"https:\/\/fuentesfidedignas.com.mx\/wp-content\/uploads\/2024\/07\/personal-del-ejercito-y-gn.jpg","contentUrl":"https:\/\/fuentesfidedignas.com.mx\/wp-content\/uploads\/2024\/07\/personal-del-ejercito-y-gn.jpg","width":650,"height":434},{"@type":"BreadcrumbList","@id":"https:\/\/fuentesfidedignas.com.mx\/index.php\/2024\/10\/22\/detienen-a-el-max-tras-enfrentamiento-en-culiacan-hay-19-muertos\/#breadcrumb","itemListElement":[{"@type":"ListItem","position":1,"name":"Inicio","item":"https:\/\/fuentesfidedignas.com.mx\/"},{"@type":"ListItem","position":2,"name":"Hay 19 muertos tras enfrentamiento donde detuvieron a \u2018El Max\u2019, en Culiac\u00e1n"}]},{"@type":"WebSite","@id":"https:\/\/fuentesfidedignas.com.mx\/#website","url":"https:\/\/fuentesfidedignas.com.mx\/","name":"Fuentes Fidedignas","description":"Otro sitio realizado con WordPress","publisher":{"@id":"https:\/\/fuentesfidedignas.com.mx\/#organization"},"potentialAction":[{"@type":"SearchAction","target":{"@type":"EntryPoint","urlTemplate":"https:\/\/fuentesfidedignas.com.mx\/?s={search_term_string}"},"query-input":{"@type":"PropertyValueSpecification","valueRequired":true,"valueName":"search_term_string"}}],"inLanguage":"es"},{"@type":"Organization","@id":"https:\/\/fuentesfidedignas.com.mx\/#organization","name":"Fuentes Fidedignas","url":"https:\/\/fuentesfidedignas.com.mx\/","logo":{"@type":"ImageObject","inLanguage":"es","@id":"https:\/\/fuentesfidedignas.com.mx\/#\/schema\/logo\/image\/","url":"https:\/\/fuentesfidedignas.com.mx\/wp-content\/uploads\/2021\/04\/logo-retina.png","contentUrl":"https:\/\/fuentesfidedignas.com.mx\/wp-content\/uploads\/2021\/04\/logo-retina.png","width":280,"height":51,"caption":"Fuentes Fidedignas"},"image":{"@id":"https:\/\/fuentesfidedignas.com.mx\/#\/schema\/logo\/image\/"},"sameAs":["https:\/\/www.facebook.com\/Fuentes-Fidedignas-368234489921644","https:\/\/x.com\/fidedignas"]},{"@type":"Person","@id":"https:\/\/fuentesfidedignas.com.mx\/#\/schema\/person\/47ec0135738f4b0c7495f06a77a2c976","name":"Milenio","image":{"@type":"ImageObject","inLanguage":"es","@id":"https:\/\/secure.gravatar.com\/avatar\/acabf7b54753e51c2c76457954577c236b3b764789b19879565769739d1e4a75?s=96&d=mm&r=g","url":"https:\/\/secure.gravatar.com\/avatar\/acabf7b54753e51c2c76457954577c236b3b764789b19879565769739d1e4a75?s=96&d=mm&r=g","contentUrl":"https:\/\/secure.gravatar.com\/avatar\/acabf7b54753e51c2c76457954577c236b3b764789b19879565769739d1e4a75?s=96&d=mm&r=g","caption":"Milenio"},"url":"https:\/\/fuentesfidedignas.com.mx\/index.php\/author\/milenio\/"}]}},"_links":{"self":[{"href":"https:\/\/fuentesfidedignas.com.mx\/index.php\/wp-json\/wp\/v2\/posts\/93797","targetHints":{"allow":["GET"]}}],"collection":[{"href":"https:\/\/fuentesfidedignas.com.mx\/index.php\/wp-json\/wp\/v2\/posts"}],"about":[{"href":"https:\/\/fuentesfidedignas.com.mx\/index.php\/wp-json\/wp\/v2\/types\/post"}],"author":[{"embeddable":true,"href":"https:\/\/fuentesfidedignas.com.mx\/index.php\/wp-json\/wp\/v2\/users\/9"}],"replies":[{"embeddable":true,"href":"https:\/\/fuentesfidedignas.com.mx\/index.php\/wp-json\/wp\/v2\/comments?post=93797"}],"version-history":[{"count":3,"href":"https:\/\/fuentesfidedignas.com.mx\/index.php\/wp-json\/wp\/v2\/posts\/93797\/revisions"}],"predecessor-version":[{"id":93801,"href":"https:\/\/fuentesfidedignas.com.mx\/index.php\/wp-json\/wp\/v2\/posts\/93797\/revisions\/93801"}],"wp:featuredmedia":[{"embeddable":true,"href":"https:\/\/fuentesfidedignas.com.mx\/index.php\/wp-json\/wp\/v2\/media\/85935"}],"wp:attachment":[{"href":"https:\/\/fuentesfidedignas.com.mx\/index.php\/wp-json\/wp\/v2\/media?parent=93797"}],"wp:term":[{"taxonomy":"category","embeddable":true,"href":"https:\/\/fuentesfidedignas.com.mx\/index.php\/wp-json\/wp\/v2\/categories?post=93797"},{"taxonomy":"post_tag","embeddable":true,"href":"https:\/\/fuentesfidedignas.com.mx\/index.php\/wp-json\/wp\/v2\/tags?post=93797"}],"curies":[{"name":"wp","href":"https:\/\/api.w.org\/{rel}","templated":true}]}}