{"id":93780,"date":"2024-10-21T21:29:40","date_gmt":"2024-10-22T04:29:40","guid":{"rendered":"https:\/\/fuentesfidedignas.com.mx\/?p=93780"},"modified":"2024-10-21T21:29:40","modified_gmt":"2024-10-22T04:29:40","slug":"responde-fgr-a-jueces-de-sinaloa-si-se-rechazo-orden-de-aprehension-por-caso-cuen","status":"publish","type":"post","link":"https:\/\/fuentesfidedignas.com.mx\/index.php\/2024\/10\/21\/responde-fgr-a-jueces-de-sinaloa-si-se-rechazo-orden-de-aprehension-por-caso-cuen\/","title":{"rendered":"Responde FGR a jueces de Sinaloa: S\u00ed se rechaz\u00f3 orden de aprehensi\u00f3n por caso Cu\u00e9n"},"content":{"rendered":"\n<p>La Fiscal\u00eda General de la Rep\u00fablica (FGR) respondi\u00f3 al colectivo de jueces y magistrados Art\u00edculo 41 que un juez de Culiac\u00e1n s\u00ed neg\u00f3 la orden de aprehensi\u00f3n relacionadas con el caso del asesinato de H\u00e9ctor Melesio Cu\u00e9n, diputado federal electo.<\/p>\n\n\n\n<p>En conferencia de prensa, el magistrado Juan Jos\u00e9 Olvera dijo que \u201cel fiscal decidi\u00f3 retirarse, y pasa que como es l\u00f3gico entender, el juez no se pronunci\u00f3, no dijo lo que puede decir: concede la orden de aprehensi\u00f3n o la niega, esas son las decisiones que el juez puede tomar, pero no la puede tomar cuando quien la pide decide retirarse antes de que el juez tome la decisi\u00f3n\u201d.<\/p>\n\n\n\n<p>A su vez, la FGR se\u00f1al\u00f3 que el Centro de Justicia Penal Federal en Sinaloa, con residencia en Culiac\u00e1n, emiti\u00f3 una nota informativa en la que se\u00f1ala que el comunicado de la Fiscal\u00eda General de la Rep\u00fablica del pasado 20 de octubre \u201cno se corresponde con la realidad\u201d.<\/p>\n\n\n\n<p>Dicho Centro, indic\u00f3 la Fiscal\u00eda, expuso sus puntos de vista respecto a una orden de aprehensi\u00f3n en contra de Joaqu\u00edn N, es decir Joaqu\u00edn Guzm\u00e1n L\u00f3pez, en el sentido de que \u201cno existe una situaci\u00f3n de rechazo por parte del Juez Federal de Culiac\u00e1n\u201d.<\/p>\n\n\n\n<p>La FGR public\u00f3 lo que llam\u00f3 la transcripci\u00f3n literal de la expresado por el juez: \u201cen consecuencia, se considera que, quien debe conocer de la solicitud de librar orden de aprehensi\u00f3n en este tipo de delitos es un juez federal en cuya jurisdicci\u00f3n resida, un juez cuya jurisdicci\u00f3n resida un Penal de M\u00e1xima Seguridad\u201d.<\/p>\n\n\n\n<p>Por lo que toca a los \u201cindicios hem\u00e1ticos\u201d hallados en el lugar del posible secuestro, localizados el 18 de septiembre, asever\u00f3 que estos ya fueron superados por indicios diversos encontrados en dicho predio, dictaminados pericialmente el 17 de octubre pasado, y en los cuales se encontr\u00f3 la coincidencia indudable del perfil gen\u00e9tico del doctor H\u00e9ctor Melesio Cu\u00e9n.<\/p>\n\n\n\n<p>La FGR atrajo la investigaci\u00f3n sobre el asesinato del pol\u00edtico Cu\u00e9n, que est\u00e1 relacionado con la detenci\u00f3n de Ismael El Mayo Zambada y Joaqu\u00edn Guzm\u00e1n, hijo del fundador del C\u00e1rtel de Sinaloa, Joaqu\u00edn Guzm\u00e1n Loera.<\/p>\n\n\n\n<p>La Fiscal\u00eda de Sinaloa, seg\u00fan las indagatorias federales, realiz\u00f3 un montaje sobre el asesinato de H\u00e9ctor Melesio Cu\u00e9n, quien habr\u00eda sido asesinado en el mismo predio en el que El Mayo Zambada acus\u00f3 que fue retenido y llevado con enga\u00f1os a Estados Unidos.<\/p>\n","protected":false},"excerpt":{"rendered":"<p>La Fiscal\u00eda General de la Rep\u00fablica (FGR) respondi\u00f3 al colectivo de jueces y magistrados Art\u00edculo 41 que un juez de Culiac\u00e1n s\u00ed neg\u00f3 la orden de aprehensi\u00f3n relacionadas con el caso del asesinato de H\u00e9ctor Melesio Cu\u00e9n, diputado federal electo. En conferencia de prensa, el magistrado Juan Jos\u00e9 Olvera dijo que \u201cel fiscal decidi\u00f3 retirarse, [&hellip;]<\/p>\n","protected":false},"author":48,"featured_media":93779,"comment_status":"closed","ping_status":"open","sticky":false,"template":"","format":"standard","meta":{"tdm_status":"","tdm_grid_status":"","footnotes":""},"categories":[37],"tags":[],"class_list":{"0":"post-93780","1":"post","2":"type-post","3":"status-publish","4":"format-standard","5":"has-post-thumbnail","7":"category-nota-principal"},"yoast_head":"<!-- This site is optimized with the Yoast SEO plugin v27.5 - https:\/\/yoast.com\/product\/yoast-seo-wordpress\/ -->\n<title>Responde FGR a jueces de Sinaloa: S\u00ed se rechaz\u00f3 orden de aprehensi\u00f3n por caso Cu\u00e9n - Fuentes Fidedignas<\/title>\n<meta name=\"robots\" content=\"index, follow, max-snippet:-1, max-image-preview:large, max-video-preview:-1\" \/>\n<link rel=\"canonical\" href=\"https:\/\/fuentesfidedignas.com.mx\/index.php\/2024\/10\/21\/responde-fgr-a-jueces-de-sinaloa-si-se-rechazo-orden-de-aprehension-por-caso-cuen\/\" \/>\n<meta property=\"og:locale\" content=\"es_MX\" \/>\n<meta property=\"og:type\" content=\"article\" \/>\n<meta property=\"og:title\" content=\"Responde FGR a jueces de Sinaloa: S\u00ed se rechaz\u00f3 orden de aprehensi\u00f3n por caso Cu\u00e9n - Fuentes Fidedignas\" \/>\n<meta property=\"og:description\" content=\"La Fiscal\u00eda General de la Rep\u00fablica (FGR) respondi\u00f3 al colectivo de jueces y magistrados Art\u00edculo 41 que un juez de Culiac\u00e1n s\u00ed neg\u00f3 la orden de aprehensi\u00f3n relacionadas con el caso del asesinato de H\u00e9ctor Melesio Cu\u00e9n, diputado federal electo. En conferencia de prensa, el magistrado Juan Jos\u00e9 Olvera dijo que \u201cel fiscal decidi\u00f3 retirarse, [&hellip;]\" \/>\n<meta property=\"og:url\" content=\"https:\/\/fuentesfidedignas.com.mx\/index.php\/2024\/10\/21\/responde-fgr-a-jueces-de-sinaloa-si-se-rechazo-orden-de-aprehension-por-caso-cuen\/\" \/>\n<meta property=\"og:site_name\" content=\"Fuentes Fidedignas\" \/>\n<meta property=\"article:publisher\" content=\"https:\/\/www.facebook.com\/Fuentes-Fidedignas-368234489921644\" \/>\n<meta property=\"article:published_time\" content=\"2024-10-22T04:29:40+00:00\" \/>\n<meta property=\"og:image\" content=\"https:\/\/fuentesfidedignas.com.mx\/wp-content\/uploads\/2024\/10\/img_5633-1.jpg\" \/>\n\t<meta property=\"og:image:width\" content=\"1200\" \/>\n\t<meta property=\"og:image:height\" content=\"675\" \/>\n\t<meta property=\"og:image:type\" content=\"image\/jpeg\" \/>\n<meta name=\"author\" content=\"24 Horas\" \/>\n<meta name=\"twitter:card\" content=\"summary_large_image\" \/>\n<meta name=\"twitter:creator\" content=\"@fidedignas\" \/>\n<meta name=\"twitter:site\" content=\"@fidedignas\" \/>\n<meta name=\"twitter:label1\" content=\"Escrito por\" \/>\n\t<meta name=\"twitter:data1\" content=\"24 Horas\" \/>\n\t<meta name=\"twitter:label2\" content=\"Tiempo de lectura\" \/>\n\t<meta name=\"twitter:data2\" content=\"2 minutos\" \/>\n<script type=\"application\/ld+json\" class=\"yoast-schema-graph\">{\"@context\":\"https:\\\/\\\/schema.org\",\"@graph\":[{\"@type\":\"Article\",\"@id\":\"https:\\\/\\\/fuentesfidedignas.com.mx\\\/index.php\\\/2024\\\/10\\\/21\\\/responde-fgr-a-jueces-de-sinaloa-si-se-rechazo-orden-de-aprehension-por-caso-cuen\\\/#article\",\"isPartOf\":{\"@id\":\"https:\\\/\\\/fuentesfidedignas.com.mx\\\/index.php\\\/2024\\\/10\\\/21\\\/responde-fgr-a-jueces-de-sinaloa-si-se-rechazo-orden-de-aprehension-por-caso-cuen\\\/\"},\"author\":{\"name\":\"24 Horas\",\"@id\":\"https:\\\/\\\/fuentesfidedignas.com.mx\\\/#\\\/schema\\\/person\\\/c153201642a90c59ba21949770a44cf0\"},\"headline\":\"Responde FGR a jueces de Sinaloa: S\u00ed se rechaz\u00f3 orden de aprehensi\u00f3n por caso Cu\u00e9n\",\"datePublished\":\"2024-10-22T04:29:40+00:00\",\"mainEntityOfPage\":{\"@id\":\"https:\\\/\\\/fuentesfidedignas.com.mx\\\/index.php\\\/2024\\\/10\\\/21\\\/responde-fgr-a-jueces-de-sinaloa-si-se-rechazo-orden-de-aprehension-por-caso-cuen\\\/\"},\"wordCount\":450,\"publisher\":{\"@id\":\"https:\\\/\\\/fuentesfidedignas.com.mx\\\/#organization\"},\"image\":{\"@id\":\"https:\\\/\\\/fuentesfidedignas.com.mx\\\/index.php\\\/2024\\\/10\\\/21\\\/responde-fgr-a-jueces-de-sinaloa-si-se-rechazo-orden-de-aprehension-por-caso-cuen\\\/#primaryimage\"},\"thumbnailUrl\":\"https:\\\/\\\/fuentesfidedignas.com.mx\\\/wp-content\\\/uploads\\\/2024\\\/10\\\/img_5633-1.jpg\",\"articleSection\":[\"NOTA PRINCIPAL\"],\"inLanguage\":\"es\"},{\"@type\":\"WebPage\",\"@id\":\"https:\\\/\\\/fuentesfidedignas.com.mx\\\/index.php\\\/2024\\\/10\\\/21\\\/responde-fgr-a-jueces-de-sinaloa-si-se-rechazo-orden-de-aprehension-por-caso-cuen\\\/\",\"url\":\"https:\\\/\\\/fuentesfidedignas.com.mx\\\/index.php\\\/2024\\\/10\\\/21\\\/responde-fgr-a-jueces-de-sinaloa-si-se-rechazo-orden-de-aprehension-por-caso-cuen\\\/\",\"name\":\"Responde FGR a jueces de Sinaloa: S\u00ed se rechaz\u00f3 orden de aprehensi\u00f3n por caso Cu\u00e9n - Fuentes Fidedignas\",\"isPartOf\":{\"@id\":\"https:\\\/\\\/fuentesfidedignas.com.mx\\\/#website\"},\"primaryImageOfPage\":{\"@id\":\"https:\\\/\\\/fuentesfidedignas.com.mx\\\/index.php\\\/2024\\\/10\\\/21\\\/responde-fgr-a-jueces-de-sinaloa-si-se-rechazo-orden-de-aprehension-por-caso-cuen\\\/#primaryimage\"},\"image\":{\"@id\":\"https:\\\/\\\/fuentesfidedignas.com.mx\\\/index.php\\\/2024\\\/10\\\/21\\\/responde-fgr-a-jueces-de-sinaloa-si-se-rechazo-orden-de-aprehension-por-caso-cuen\\\/#primaryimage\"},\"thumbnailUrl\":\"https:\\\/\\\/fuentesfidedignas.com.mx\\\/wp-content\\\/uploads\\\/2024\\\/10\\\/img_5633-1.jpg\",\"datePublished\":\"2024-10-22T04:29:40+00:00\",\"breadcrumb\":{\"@id\":\"https:\\\/\\\/fuentesfidedignas.com.mx\\\/index.php\\\/2024\\\/10\\\/21\\\/responde-fgr-a-jueces-de-sinaloa-si-se-rechazo-orden-de-aprehension-por-caso-cuen\\\/#breadcrumb\"},\"inLanguage\":\"es\",\"potentialAction\":[{\"@type\":\"ReadAction\",\"target\":[\"https:\\\/\\\/fuentesfidedignas.com.mx\\\/index.php\\\/2024\\\/10\\\/21\\\/responde-fgr-a-jueces-de-sinaloa-si-se-rechazo-orden-de-aprehension-por-caso-cuen\\\/\"]}]},{\"@type\":\"ImageObject\",\"inLanguage\":\"es\",\"@id\":\"https:\\\/\\\/fuentesfidedignas.com.mx\\\/index.php\\\/2024\\\/10\\\/21\\\/responde-fgr-a-jueces-de-sinaloa-si-se-rechazo-orden-de-aprehension-por-caso-cuen\\\/#primaryimage\",\"url\":\"https:\\\/\\\/fuentesfidedignas.com.mx\\\/wp-content\\\/uploads\\\/2024\\\/10\\\/img_5633-1.jpg\",\"contentUrl\":\"https:\\\/\\\/fuentesfidedignas.com.mx\\\/wp-content\\\/uploads\\\/2024\\\/10\\\/img_5633-1.jpg\",\"width\":1200,\"height\":675},{\"@type\":\"BreadcrumbList\",\"@id\":\"https:\\\/\\\/fuentesfidedignas.com.mx\\\/index.php\\\/2024\\\/10\\\/21\\\/responde-fgr-a-jueces-de-sinaloa-si-se-rechazo-orden-de-aprehension-por-caso-cuen\\\/#breadcrumb\",\"itemListElement\":[{\"@type\":\"ListItem\",\"position\":1,\"name\":\"Inicio\",\"item\":\"https:\\\/\\\/fuentesfidedignas.com.mx\\\/\"},{\"@type\":\"ListItem\",\"position\":2,\"name\":\"Responde FGR a jueces de Sinaloa: S\u00ed se rechaz\u00f3 orden de aprehensi\u00f3n por caso Cu\u00e9n\"}]},{\"@type\":\"WebSite\",\"@id\":\"https:\\\/\\\/fuentesfidedignas.com.mx\\\/#website\",\"url\":\"https:\\\/\\\/fuentesfidedignas.com.mx\\\/\",\"name\":\"Fuentes Fidedignas\",\"description\":\"Otro sitio realizado con WordPress\",\"publisher\":{\"@id\":\"https:\\\/\\\/fuentesfidedignas.com.mx\\\/#organization\"},\"potentialAction\":[{\"@type\":\"SearchAction\",\"target\":{\"@type\":\"EntryPoint\",\"urlTemplate\":\"https:\\\/\\\/fuentesfidedignas.com.mx\\\/?s={search_term_string}\"},\"query-input\":{\"@type\":\"PropertyValueSpecification\",\"valueRequired\":true,\"valueName\":\"search_term_string\"}}],\"inLanguage\":\"es\"},{\"@type\":\"Organization\",\"@id\":\"https:\\\/\\\/fuentesfidedignas.com.mx\\\/#organization\",\"name\":\"Fuentes Fidedignas\",\"url\":\"https:\\\/\\\/fuentesfidedignas.com.mx\\\/\",\"logo\":{\"@type\":\"ImageObject\",\"inLanguage\":\"es\",\"@id\":\"https:\\\/\\\/fuentesfidedignas.com.mx\\\/#\\\/schema\\\/logo\\\/image\\\/\",\"url\":\"https:\\\/\\\/fuentesfidedignas.com.mx\\\/wp-content\\\/uploads\\\/2021\\\/04\\\/logo-retina.png\",\"contentUrl\":\"https:\\\/\\\/fuentesfidedignas.com.mx\\\/wp-content\\\/uploads\\\/2021\\\/04\\\/logo-retina.png\",\"width\":280,\"height\":51,\"caption\":\"Fuentes Fidedignas\"},\"image\":{\"@id\":\"https:\\\/\\\/fuentesfidedignas.com.mx\\\/#\\\/schema\\\/logo\\\/image\\\/\"},\"sameAs\":[\"https:\\\/\\\/www.facebook.com\\\/Fuentes-Fidedignas-368234489921644\",\"https:\\\/\\\/x.com\\\/fidedignas\"]},{\"@type\":\"Person\",\"@id\":\"https:\\\/\\\/fuentesfidedignas.com.mx\\\/#\\\/schema\\\/person\\\/c153201642a90c59ba21949770a44cf0\",\"name\":\"24 Horas\",\"image\":{\"@type\":\"ImageObject\",\"inLanguage\":\"es\",\"@id\":\"https:\\\/\\\/secure.gravatar.com\\\/avatar\\\/d57d265b82c3d5f4b0b6931fad64d5041927f6aa9b72d952801e28730adce9d1?s=96&d=mm&r=g\",\"url\":\"https:\\\/\\\/secure.gravatar.com\\\/avatar\\\/d57d265b82c3d5f4b0b6931fad64d5041927f6aa9b72d952801e28730adce9d1?s=96&d=mm&r=g\",\"contentUrl\":\"https:\\\/\\\/secure.gravatar.com\\\/avatar\\\/d57d265b82c3d5f4b0b6931fad64d5041927f6aa9b72d952801e28730adce9d1?s=96&d=mm&r=g\",\"caption\":\"24 Horas\"},\"url\":\"https:\\\/\\\/fuentesfidedignas.com.mx\\\/index.php\\\/author\\\/horas\\\/\"}]}<\/script>\n<!-- \/ Yoast SEO plugin. -->","yoast_head_json":{"title":"Responde FGR a jueces de Sinaloa: S\u00ed se rechaz\u00f3 orden de aprehensi\u00f3n por caso Cu\u00e9n - Fuentes Fidedignas","robots":{"index":"index","follow":"follow","max-snippet":"max-snippet:-1","max-image-preview":"max-image-preview:large","max-video-preview":"max-video-preview:-1"},"canonical":"https:\/\/fuentesfidedignas.com.mx\/index.php\/2024\/10\/21\/responde-fgr-a-jueces-de-sinaloa-si-se-rechazo-orden-de-aprehension-por-caso-cuen\/","og_locale":"es_MX","og_type":"article","og_title":"Responde FGR a jueces de Sinaloa: S\u00ed se rechaz\u00f3 orden de aprehensi\u00f3n por caso Cu\u00e9n - Fuentes Fidedignas","og_description":"La Fiscal\u00eda General de la Rep\u00fablica (FGR) respondi\u00f3 al colectivo de jueces y magistrados Art\u00edculo 41 que un juez de Culiac\u00e1n s\u00ed neg\u00f3 la orden de aprehensi\u00f3n relacionadas con el caso del asesinato de H\u00e9ctor Melesio Cu\u00e9n, diputado federal electo. En conferencia de prensa, el magistrado Juan Jos\u00e9 Olvera dijo que \u201cel fiscal decidi\u00f3 retirarse, [&hellip;]","og_url":"https:\/\/fuentesfidedignas.com.mx\/index.php\/2024\/10\/21\/responde-fgr-a-jueces-de-sinaloa-si-se-rechazo-orden-de-aprehension-por-caso-cuen\/","og_site_name":"Fuentes Fidedignas","article_publisher":"https:\/\/www.facebook.com\/Fuentes-Fidedignas-368234489921644","article_published_time":"2024-10-22T04:29:40+00:00","og_image":[{"width":1200,"height":675,"url":"https:\/\/fuentesfidedignas.com.mx\/wp-content\/uploads\/2024\/10\/img_5633-1.jpg","type":"image\/jpeg"}],"author":"24 Horas","twitter_card":"summary_large_image","twitter_creator":"@fidedignas","twitter_site":"@fidedignas","twitter_misc":{"Escrito por":"24 Horas","Tiempo de lectura":"2 minutos"},"schema":{"@context":"https:\/\/schema.org","@graph":[{"@type":"Article","@id":"https:\/\/fuentesfidedignas.com.mx\/index.php\/2024\/10\/21\/responde-fgr-a-jueces-de-sinaloa-si-se-rechazo-orden-de-aprehension-por-caso-cuen\/#article","isPartOf":{"@id":"https:\/\/fuentesfidedignas.com.mx\/index.php\/2024\/10\/21\/responde-fgr-a-jueces-de-sinaloa-si-se-rechazo-orden-de-aprehension-por-caso-cuen\/"},"author":{"name":"24 Horas","@id":"https:\/\/fuentesfidedignas.com.mx\/#\/schema\/person\/c153201642a90c59ba21949770a44cf0"},"headline":"Responde FGR a jueces de Sinaloa: S\u00ed se rechaz\u00f3 orden de aprehensi\u00f3n por caso Cu\u00e9n","datePublished":"2024-10-22T04:29:40+00:00","mainEntityOfPage":{"@id":"https:\/\/fuentesfidedignas.com.mx\/index.php\/2024\/10\/21\/responde-fgr-a-jueces-de-sinaloa-si-se-rechazo-orden-de-aprehension-por-caso-cuen\/"},"wordCount":450,"publisher":{"@id":"https:\/\/fuentesfidedignas.com.mx\/#organization"},"image":{"@id":"https:\/\/fuentesfidedignas.com.mx\/index.php\/2024\/10\/21\/responde-fgr-a-jueces-de-sinaloa-si-se-rechazo-orden-de-aprehension-por-caso-cuen\/#primaryimage"},"thumbnailUrl":"https:\/\/fuentesfidedignas.com.mx\/wp-content\/uploads\/2024\/10\/img_5633-1.jpg","articleSection":["NOTA PRINCIPAL"],"inLanguage":"es"},{"@type":"WebPage","@id":"https:\/\/fuentesfidedignas.com.mx\/index.php\/2024\/10\/21\/responde-fgr-a-jueces-de-sinaloa-si-se-rechazo-orden-de-aprehension-por-caso-cuen\/","url":"https:\/\/fuentesfidedignas.com.mx\/index.php\/2024\/10\/21\/responde-fgr-a-jueces-de-sinaloa-si-se-rechazo-orden-de-aprehension-por-caso-cuen\/","name":"Responde FGR a jueces de Sinaloa: S\u00ed se rechaz\u00f3 orden de aprehensi\u00f3n por caso Cu\u00e9n - Fuentes Fidedignas","isPartOf":{"@id":"https:\/\/fuentesfidedignas.com.mx\/#website"},"primaryImageOfPage":{"@id":"https:\/\/fuentesfidedignas.com.mx\/index.php\/2024\/10\/21\/responde-fgr-a-jueces-de-sinaloa-si-se-rechazo-orden-de-aprehension-por-caso-cuen\/#primaryimage"},"image":{"@id":"https:\/\/fuentesfidedignas.com.mx\/index.php\/2024\/10\/21\/responde-fgr-a-jueces-de-sinaloa-si-se-rechazo-orden-de-aprehension-por-caso-cuen\/#primaryimage"},"thumbnailUrl":"https:\/\/fuentesfidedignas.com.mx\/wp-content\/uploads\/2024\/10\/img_5633-1.jpg","datePublished":"2024-10-22T04:29:40+00:00","breadcrumb":{"@id":"https:\/\/fuentesfidedignas.com.mx\/index.php\/2024\/10\/21\/responde-fgr-a-jueces-de-sinaloa-si-se-rechazo-orden-de-aprehension-por-caso-cuen\/#breadcrumb"},"inLanguage":"es","potentialAction":[{"@type":"ReadAction","target":["https:\/\/fuentesfidedignas.com.mx\/index.php\/2024\/10\/21\/responde-fgr-a-jueces-de-sinaloa-si-se-rechazo-orden-de-aprehension-por-caso-cuen\/"]}]},{"@type":"ImageObject","inLanguage":"es","@id":"https:\/\/fuentesfidedignas.com.mx\/index.php\/2024\/10\/21\/responde-fgr-a-jueces-de-sinaloa-si-se-rechazo-orden-de-aprehension-por-caso-cuen\/#primaryimage","url":"https:\/\/fuentesfidedignas.com.mx\/wp-content\/uploads\/2024\/10\/img_5633-1.jpg","contentUrl":"https:\/\/fuentesfidedignas.com.mx\/wp-content\/uploads\/2024\/10\/img_5633-1.jpg","width":1200,"height":675},{"@type":"BreadcrumbList","@id":"https:\/\/fuentesfidedignas.com.mx\/index.php\/2024\/10\/21\/responde-fgr-a-jueces-de-sinaloa-si-se-rechazo-orden-de-aprehension-por-caso-cuen\/#breadcrumb","itemListElement":[{"@type":"ListItem","position":1,"name":"Inicio","item":"https:\/\/fuentesfidedignas.com.mx\/"},{"@type":"ListItem","position":2,"name":"Responde FGR a jueces de Sinaloa: S\u00ed se rechaz\u00f3 orden de aprehensi\u00f3n por caso Cu\u00e9n"}]},{"@type":"WebSite","@id":"https:\/\/fuentesfidedignas.com.mx\/#website","url":"https:\/\/fuentesfidedignas.com.mx\/","name":"Fuentes Fidedignas","description":"Otro sitio realizado con WordPress","publisher":{"@id":"https:\/\/fuentesfidedignas.com.mx\/#organization"},"potentialAction":[{"@type":"SearchAction","target":{"@type":"EntryPoint","urlTemplate":"https:\/\/fuentesfidedignas.com.mx\/?s={search_term_string}"},"query-input":{"@type":"PropertyValueSpecification","valueRequired":true,"valueName":"search_term_string"}}],"inLanguage":"es"},{"@type":"Organization","@id":"https:\/\/fuentesfidedignas.com.mx\/#organization","name":"Fuentes Fidedignas","url":"https:\/\/fuentesfidedignas.com.mx\/","logo":{"@type":"ImageObject","inLanguage":"es","@id":"https:\/\/fuentesfidedignas.com.mx\/#\/schema\/logo\/image\/","url":"https:\/\/fuentesfidedignas.com.mx\/wp-content\/uploads\/2021\/04\/logo-retina.png","contentUrl":"https:\/\/fuentesfidedignas.com.mx\/wp-content\/uploads\/2021\/04\/logo-retina.png","width":280,"height":51,"caption":"Fuentes Fidedignas"},"image":{"@id":"https:\/\/fuentesfidedignas.com.mx\/#\/schema\/logo\/image\/"},"sameAs":["https:\/\/www.facebook.com\/Fuentes-Fidedignas-368234489921644","https:\/\/x.com\/fidedignas"]},{"@type":"Person","@id":"https:\/\/fuentesfidedignas.com.mx\/#\/schema\/person\/c153201642a90c59ba21949770a44cf0","name":"24 Horas","image":{"@type":"ImageObject","inLanguage":"es","@id":"https:\/\/secure.gravatar.com\/avatar\/d57d265b82c3d5f4b0b6931fad64d5041927f6aa9b72d952801e28730adce9d1?s=96&d=mm&r=g","url":"https:\/\/secure.gravatar.com\/avatar\/d57d265b82c3d5f4b0b6931fad64d5041927f6aa9b72d952801e28730adce9d1?s=96&d=mm&r=g","contentUrl":"https:\/\/secure.gravatar.com\/avatar\/d57d265b82c3d5f4b0b6931fad64d5041927f6aa9b72d952801e28730adce9d1?s=96&d=mm&r=g","caption":"24 Horas"},"url":"https:\/\/fuentesfidedignas.com.mx\/index.php\/author\/horas\/"}]}},"_links":{"self":[{"href":"https:\/\/fuentesfidedignas.com.mx\/index.php\/wp-json\/wp\/v2\/posts\/93780","targetHints":{"allow":["GET"]}}],"collection":[{"href":"https:\/\/fuentesfidedignas.com.mx\/index.php\/wp-json\/wp\/v2\/posts"}],"about":[{"href":"https:\/\/fuentesfidedignas.com.mx\/index.php\/wp-json\/wp\/v2\/types\/post"}],"author":[{"embeddable":true,"href":"https:\/\/fuentesfidedignas.com.mx\/index.php\/wp-json\/wp\/v2\/users\/48"}],"replies":[{"embeddable":true,"href":"https:\/\/fuentesfidedignas.com.mx\/index.php\/wp-json\/wp\/v2\/comments?post=93780"}],"version-history":[{"count":1,"href":"https:\/\/fuentesfidedignas.com.mx\/index.php\/wp-json\/wp\/v2\/posts\/93780\/revisions"}],"predecessor-version":[{"id":93781,"href":"https:\/\/fuentesfidedignas.com.mx\/index.php\/wp-json\/wp\/v2\/posts\/93780\/revisions\/93781"}],"wp:featuredmedia":[{"embeddable":true,"href":"https:\/\/fuentesfidedignas.com.mx\/index.php\/wp-json\/wp\/v2\/media\/93779"}],"wp:attachment":[{"href":"https:\/\/fuentesfidedignas.com.mx\/index.php\/wp-json\/wp\/v2\/media?parent=93780"}],"wp:term":[{"taxonomy":"category","embeddable":true,"href":"https:\/\/fuentesfidedignas.com.mx\/index.php\/wp-json\/wp\/v2\/categories?post=93780"},{"taxonomy":"post_tag","embeddable":true,"href":"https:\/\/fuentesfidedignas.com.mx\/index.php\/wp-json\/wp\/v2\/tags?post=93780"}],"curies":[{"name":"wp","href":"https:\/\/api.w.org\/{rel}","templated":true}]}}