{"id":9370,"date":"2021-08-09T15:12:21","date_gmt":"2021-08-09T22:12:21","guid":{"rendered":"https:\/\/fuentesfidedignas.com.mx\/?p=9370"},"modified":"2021-08-09T15:12:22","modified_gmt":"2021-08-09T22:12:22","slug":"realiza-el-iees-conferencia-magistral-sobre-los-derechos-indigenas","status":"publish","type":"post","link":"https:\/\/fuentesfidedignas.com.mx\/index.php\/2021\/08\/09\/realiza-el-iees-conferencia-magistral-sobre-los-derechos-indigenas\/","title":{"rendered":"Realiza el IEES conferencia magistral sobre los derechos ind\u00edgenas"},"content":{"rendered":"\n<p><em style=\"\"><b>En su participaci\u00f3n, el especialista L\u00f3pez S\u00e1nchez subray\u00f3 que a pesar de que hay avances sustanciales en M\u00e9xico a trav\u00e9s de aplicaci\u00f3n de marcos jur\u00eddicos, todav\u00eda <\/b><\/em><strong><em>prevalece la discriminaci\u00f3n y la desigualdad hacia los pueblos ind\u00edgenas<\/em><\/strong><\/p>\n\n\n\n<p>Culiac\u00e1n, Sin.- En el marco del D\u00eda Internacional de los Pueblos Ind\u00edgenas, el Instituto Electoral del Estado de Sinaloa (IEES) en coordinaci\u00f3n con Casas de la Cultura Jur\u00eddica de la Suprema Corte de Justicia de la Naci\u00f3n (SCJN), llevaron a cabo la conferencia magistral virtual: \u201cLos Derechos Ind\u00edgenas. Retos y Perspectiva\u201d, impartida por el Investigador en esta materia, Javier L\u00f3pez S\u00e1nchez.<\/p>\n\n\n\n<p>Al dar la bienvenida, la Consejera Electoral Perla Lyzette Bueno Torres, titular de la Comisi\u00f3n de Grupos y Personas en Situaci\u00f3n de Desventaja del IEES destac\u00f3 la importancia de conocer todos los \u00e1ngulos que se requieren para comprender y accionar en torno a este tema, por ello, ponder\u00f3 la presencia del conferencista invitado, ya que cuenta con una vasta trayectoria y conocmiento sobre el tema.<\/p>\n\n\n\n<p>En su participaci\u00f3n, el especialista L\u00f3pez S\u00e1nchez subray\u00f3 que a pesar de que hay avances sustanciales en M\u00e9xico a trav\u00e9s de aplicaci\u00f3n de marcos jur\u00eddicos, todav\u00eda prevalence la discriminaci\u00f3n y la desigualdad hacia los pueblos ind\u00edgenas, por lo que urgi\u00f3 a los Congresos a legislar para la diversidad y lograr el verdadero reconocimiento de este sector poblacional en materia de salud, social, econ\u00f3mica, educativa y politico-electoral.<\/p>\n\n\n\n<p>Consider\u00f3 que para lograr ese reconocimiento, se tiene que reconstruir un mundo mas humano, pluralista, incluyente e intercultural, en ese sentido se tiene que reconocer la negaci\u00f3n estructural de la diversidad; establecer pol\u00edticas de estado y servidores p\u00fablicos interculturales en el que se reconozca, valore y aprecie el pluralismo cultural, ling\u00fc\u00edstico.<\/p>\n\n\n\n<p>Asimismo propuso legislar interculturalmente para incluir una nueva narrativa y personalidad jur\u00eddica para consolidar la autoderminaci\u00f3n y autonom\u00eda de los pueblos \u00ednd\u00edgenas, y tambi\u00e9n implementar la justicia intercultural, el pluralismo jur\u00eddico y la interlegalidad.<\/p>\n\n\n\n<p>En el apartado de conclusiones el Consejero Electoral Mart\u00edn Alfonso Inzunza Guti\u00e9rrez, integrante de la Comisi\u00f3n de Grupos y Personas en Situaci\u00f3n de Desventaja del IEES, se refiri\u00f3 a la importancia de legislar con sentido hacia la diversidad, para lograr de manera paulatinamente cambiar el enfoque actual y valorar de manera adecuada a los pueblos ind\u00edgenas, y ese contexto refiri\u00f3 que el reto no es solamente la creaci\u00f3n de leyes en esta materia, sino hacer que se cumplan esos preceptos legales.<\/p>\n\n\n\n<p>Por su parte, la Consejera Electoral Gloria Icela Garc\u00eda Cuadras, tambi\u00e9n integrante de dicha Comisi\u00f3n, dijo que la disertaci\u00f3n del conferencista abri\u00f3 la perspectiva y deja un reto importante al enumerar y describir lo que legislativamente se debe armonizar para hacer efectivo el derecho de los pueblos ind\u00edgenas, no solo en el \u00e1mbito pol\u00edtico-.electoral, sino en las diferentes aristas que significan los derechos humanos.<\/p>\n","protected":false},"excerpt":{"rendered":"<p>En su participaci\u00f3n, el especialista L\u00f3pez S\u00e1nchez subray\u00f3 que a pesar de que hay avances sustanciales en M\u00e9xico a trav\u00e9s de aplicaci\u00f3n de marcos jur\u00eddicos, todav\u00eda prevalece la discriminaci\u00f3n y la desigualdad hacia los pueblos ind\u00edgenas Culiac\u00e1n, Sin.- En el marco del D\u00eda Internacional de los Pueblos Ind\u00edgenas, el Instituto Electoral del Estado de Sinaloa [&hellip;]<\/p>\n","protected":false},"author":4,"featured_media":9371,"comment_status":"open","ping_status":"open","sticky":false,"template":"","format":"standard","meta":{"tdm_status":"","tdm_grid_status":"","footnotes":""},"categories":[37],"tags":[267,266],"class_list":{"0":"post-9370","1":"post","2":"type-post","3":"status-publish","4":"format-standard","5":"has-post-thumbnail","7":"category-nota-principal","8":"tag-iees","9":"tag-instituto-electoral-del-estado-de-sinaloa"},"yoast_head":"<!-- This site is optimized with the Yoast SEO plugin v27.5 - https:\/\/yoast.com\/product\/yoast-seo-wordpress\/ -->\n<title>Realiza el IEES conferencia magistral sobre los derechos ind\u00edgenas - Fuentes Fidedignas<\/title>\n<meta name=\"robots\" content=\"index, follow, max-snippet:-1, max-image-preview:large, max-video-preview:-1\" \/>\n<link rel=\"canonical\" href=\"https:\/\/fuentesfidedignas.com.mx\/index.php\/2021\/08\/09\/realiza-el-iees-conferencia-magistral-sobre-los-derechos-indigenas\/\" \/>\n<meta property=\"og:locale\" content=\"es_MX\" \/>\n<meta property=\"og:type\" content=\"article\" \/>\n<meta property=\"og:title\" content=\"Realiza el IEES conferencia magistral sobre los derechos ind\u00edgenas - Fuentes Fidedignas\" \/>\n<meta property=\"og:description\" content=\"En su participaci\u00f3n, el especialista L\u00f3pez S\u00e1nchez subray\u00f3 que a pesar de que hay avances sustanciales en M\u00e9xico a trav\u00e9s de aplicaci\u00f3n de marcos jur\u00eddicos, todav\u00eda prevalece la discriminaci\u00f3n y la desigualdad hacia los pueblos ind\u00edgenas Culiac\u00e1n, Sin.- En el marco del D\u00eda Internacional de los Pueblos Ind\u00edgenas, el Instituto Electoral del Estado de Sinaloa [&hellip;]\" \/>\n<meta property=\"og:url\" content=\"https:\/\/fuentesfidedignas.com.mx\/index.php\/2021\/08\/09\/realiza-el-iees-conferencia-magistral-sobre-los-derechos-indigenas\/\" \/>\n<meta property=\"og:site_name\" content=\"Fuentes Fidedignas\" \/>\n<meta property=\"article:publisher\" content=\"https:\/\/www.facebook.com\/Fuentes-Fidedignas-368234489921644\" \/>\n<meta property=\"article:published_time\" content=\"2021-08-09T22:12:21+00:00\" \/>\n<meta property=\"article:modified_time\" content=\"2021-08-09T22:12:22+00:00\" \/>\n<meta property=\"og:image\" content=\"https:\/\/fuentesfidedignas.com.mx\/wp-content\/uploads\/2021\/08\/1-1.jpg\" \/>\n\t<meta property=\"og:image:width\" content=\"1326\" \/>\n\t<meta property=\"og:image:height\" content=\"742\" \/>\n\t<meta property=\"og:image:type\" content=\"image\/jpeg\" \/>\n<meta name=\"author\" content=\"Redacci\u00f3n\" \/>\n<meta name=\"twitter:card\" content=\"summary_large_image\" \/>\n<meta name=\"twitter:creator\" content=\"@fidedignas\" \/>\n<meta name=\"twitter:site\" content=\"@fidedignas\" \/>\n<meta name=\"twitter:label1\" content=\"Escrito por\" \/>\n\t<meta name=\"twitter:data1\" content=\"Redacci\u00f3n\" \/>\n\t<meta name=\"twitter:label2\" content=\"Tiempo de lectura\" \/>\n\t<meta name=\"twitter:data2\" content=\"3 minutos\" \/>\n<script type=\"application\/ld+json\" class=\"yoast-schema-graph\">{\"@context\":\"https:\\\/\\\/schema.org\",\"@graph\":[{\"@type\":\"Article\",\"@id\":\"https:\\\/\\\/fuentesfidedignas.com.mx\\\/index.php\\\/2021\\\/08\\\/09\\\/realiza-el-iees-conferencia-magistral-sobre-los-derechos-indigenas\\\/#article\",\"isPartOf\":{\"@id\":\"https:\\\/\\\/fuentesfidedignas.com.mx\\\/index.php\\\/2021\\\/08\\\/09\\\/realiza-el-iees-conferencia-magistral-sobre-los-derechos-indigenas\\\/\"},\"author\":{\"name\":\"Redacci\u00f3n\",\"@id\":\"https:\\\/\\\/fuentesfidedignas.com.mx\\\/#\\\/schema\\\/person\\\/331be9283d37198e2acd5750279085b0\"},\"headline\":\"Realiza el IEES conferencia magistral sobre los derechos ind\u00edgenas\",\"datePublished\":\"2021-08-09T22:12:21+00:00\",\"dateModified\":\"2021-08-09T22:12:22+00:00\",\"mainEntityOfPage\":{\"@id\":\"https:\\\/\\\/fuentesfidedignas.com.mx\\\/index.php\\\/2021\\\/08\\\/09\\\/realiza-el-iees-conferencia-magistral-sobre-los-derechos-indigenas\\\/\"},\"wordCount\":524,\"commentCount\":0,\"publisher\":{\"@id\":\"https:\\\/\\\/fuentesfidedignas.com.mx\\\/#organization\"},\"image\":{\"@id\":\"https:\\\/\\\/fuentesfidedignas.com.mx\\\/index.php\\\/2021\\\/08\\\/09\\\/realiza-el-iees-conferencia-magistral-sobre-los-derechos-indigenas\\\/#primaryimage\"},\"thumbnailUrl\":\"https:\\\/\\\/fuentesfidedignas.com.mx\\\/wp-content\\\/uploads\\\/2021\\\/08\\\/1-1.jpg\",\"keywords\":[\"IEES\",\"Instituto Electoral del Estado de Sinaloa\"],\"articleSection\":[\"NOTA PRINCIPAL\"],\"inLanguage\":\"es\",\"potentialAction\":[{\"@type\":\"CommentAction\",\"name\":\"Comment\",\"target\":[\"https:\\\/\\\/fuentesfidedignas.com.mx\\\/index.php\\\/2021\\\/08\\\/09\\\/realiza-el-iees-conferencia-magistral-sobre-los-derechos-indigenas\\\/#respond\"]}]},{\"@type\":\"WebPage\",\"@id\":\"https:\\\/\\\/fuentesfidedignas.com.mx\\\/index.php\\\/2021\\\/08\\\/09\\\/realiza-el-iees-conferencia-magistral-sobre-los-derechos-indigenas\\\/\",\"url\":\"https:\\\/\\\/fuentesfidedignas.com.mx\\\/index.php\\\/2021\\\/08\\\/09\\\/realiza-el-iees-conferencia-magistral-sobre-los-derechos-indigenas\\\/\",\"name\":\"Realiza el IEES conferencia magistral sobre los derechos ind\u00edgenas - Fuentes Fidedignas\",\"isPartOf\":{\"@id\":\"https:\\\/\\\/fuentesfidedignas.com.mx\\\/#website\"},\"primaryImageOfPage\":{\"@id\":\"https:\\\/\\\/fuentesfidedignas.com.mx\\\/index.php\\\/2021\\\/08\\\/09\\\/realiza-el-iees-conferencia-magistral-sobre-los-derechos-indigenas\\\/#primaryimage\"},\"image\":{\"@id\":\"https:\\\/\\\/fuentesfidedignas.com.mx\\\/index.php\\\/2021\\\/08\\\/09\\\/realiza-el-iees-conferencia-magistral-sobre-los-derechos-indigenas\\\/#primaryimage\"},\"thumbnailUrl\":\"https:\\\/\\\/fuentesfidedignas.com.mx\\\/wp-content\\\/uploads\\\/2021\\\/08\\\/1-1.jpg\",\"datePublished\":\"2021-08-09T22:12:21+00:00\",\"dateModified\":\"2021-08-09T22:12:22+00:00\",\"breadcrumb\":{\"@id\":\"https:\\\/\\\/fuentesfidedignas.com.mx\\\/index.php\\\/2021\\\/08\\\/09\\\/realiza-el-iees-conferencia-magistral-sobre-los-derechos-indigenas\\\/#breadcrumb\"},\"inLanguage\":\"es\",\"potentialAction\":[{\"@type\":\"ReadAction\",\"target\":[\"https:\\\/\\\/fuentesfidedignas.com.mx\\\/index.php\\\/2021\\\/08\\\/09\\\/realiza-el-iees-conferencia-magistral-sobre-los-derechos-indigenas\\\/\"]}]},{\"@type\":\"ImageObject\",\"inLanguage\":\"es\",\"@id\":\"https:\\\/\\\/fuentesfidedignas.com.mx\\\/index.php\\\/2021\\\/08\\\/09\\\/realiza-el-iees-conferencia-magistral-sobre-los-derechos-indigenas\\\/#primaryimage\",\"url\":\"https:\\\/\\\/fuentesfidedignas.com.mx\\\/wp-content\\\/uploads\\\/2021\\\/08\\\/1-1.jpg\",\"contentUrl\":\"https:\\\/\\\/fuentesfidedignas.com.mx\\\/wp-content\\\/uploads\\\/2021\\\/08\\\/1-1.jpg\",\"width\":1326,\"height\":742},{\"@type\":\"BreadcrumbList\",\"@id\":\"https:\\\/\\\/fuentesfidedignas.com.mx\\\/index.php\\\/2021\\\/08\\\/09\\\/realiza-el-iees-conferencia-magistral-sobre-los-derechos-indigenas\\\/#breadcrumb\",\"itemListElement\":[{\"@type\":\"ListItem\",\"position\":1,\"name\":\"Inicio\",\"item\":\"https:\\\/\\\/fuentesfidedignas.com.mx\\\/\"},{\"@type\":\"ListItem\",\"position\":2,\"name\":\"Realiza el IEES conferencia magistral sobre los derechos ind\u00edgenas\"}]},{\"@type\":\"WebSite\",\"@id\":\"https:\\\/\\\/fuentesfidedignas.com.mx\\\/#website\",\"url\":\"https:\\\/\\\/fuentesfidedignas.com.mx\\\/\",\"name\":\"Fuentes Fidedignas\",\"description\":\"Otro sitio realizado con WordPress\",\"publisher\":{\"@id\":\"https:\\\/\\\/fuentesfidedignas.com.mx\\\/#organization\"},\"potentialAction\":[{\"@type\":\"SearchAction\",\"target\":{\"@type\":\"EntryPoint\",\"urlTemplate\":\"https:\\\/\\\/fuentesfidedignas.com.mx\\\/?s={search_term_string}\"},\"query-input\":{\"@type\":\"PropertyValueSpecification\",\"valueRequired\":true,\"valueName\":\"search_term_string\"}}],\"inLanguage\":\"es\"},{\"@type\":\"Organization\",\"@id\":\"https:\\\/\\\/fuentesfidedignas.com.mx\\\/#organization\",\"name\":\"Fuentes Fidedignas\",\"url\":\"https:\\\/\\\/fuentesfidedignas.com.mx\\\/\",\"logo\":{\"@type\":\"ImageObject\",\"inLanguage\":\"es\",\"@id\":\"https:\\\/\\\/fuentesfidedignas.com.mx\\\/#\\\/schema\\\/logo\\\/image\\\/\",\"url\":\"https:\\\/\\\/fuentesfidedignas.com.mx\\\/wp-content\\\/uploads\\\/2021\\\/04\\\/logo-retina.png\",\"contentUrl\":\"https:\\\/\\\/fuentesfidedignas.com.mx\\\/wp-content\\\/uploads\\\/2021\\\/04\\\/logo-retina.png\",\"width\":280,\"height\":51,\"caption\":\"Fuentes Fidedignas\"},\"image\":{\"@id\":\"https:\\\/\\\/fuentesfidedignas.com.mx\\\/#\\\/schema\\\/logo\\\/image\\\/\"},\"sameAs\":[\"https:\\\/\\\/www.facebook.com\\\/Fuentes-Fidedignas-368234489921644\",\"https:\\\/\\\/x.com\\\/fidedignas\"]},{\"@type\":\"Person\",\"@id\":\"https:\\\/\\\/fuentesfidedignas.com.mx\\\/#\\\/schema\\\/person\\\/331be9283d37198e2acd5750279085b0\",\"name\":\"Redacci\u00f3n\",\"image\":{\"@type\":\"ImageObject\",\"inLanguage\":\"es\",\"@id\":\"https:\\\/\\\/secure.gravatar.com\\\/avatar\\\/f6d8782c11d12b2d4ad3fbb6931aeab5309937a4d6cd2fc9cfaa28a6396a5aec?s=96&d=mm&r=g\",\"url\":\"https:\\\/\\\/secure.gravatar.com\\\/avatar\\\/f6d8782c11d12b2d4ad3fbb6931aeab5309937a4d6cd2fc9cfaa28a6396a5aec?s=96&d=mm&r=g\",\"contentUrl\":\"https:\\\/\\\/secure.gravatar.com\\\/avatar\\\/f6d8782c11d12b2d4ad3fbb6931aeab5309937a4d6cd2fc9cfaa28a6396a5aec?s=96&d=mm&r=g\",\"caption\":\"Redacci\u00f3n\"},\"url\":\"https:\\\/\\\/fuentesfidedignas.com.mx\\\/index.php\\\/author\\\/redaccion\\\/\"}]}<\/script>\n<!-- \/ Yoast SEO plugin. -->","yoast_head_json":{"title":"Realiza el IEES conferencia magistral sobre los derechos ind\u00edgenas - Fuentes Fidedignas","robots":{"index":"index","follow":"follow","max-snippet":"max-snippet:-1","max-image-preview":"max-image-preview:large","max-video-preview":"max-video-preview:-1"},"canonical":"https:\/\/fuentesfidedignas.com.mx\/index.php\/2021\/08\/09\/realiza-el-iees-conferencia-magistral-sobre-los-derechos-indigenas\/","og_locale":"es_MX","og_type":"article","og_title":"Realiza el IEES conferencia magistral sobre los derechos ind\u00edgenas - Fuentes Fidedignas","og_description":"En su participaci\u00f3n, el especialista L\u00f3pez S\u00e1nchez subray\u00f3 que a pesar de que hay avances sustanciales en M\u00e9xico a trav\u00e9s de aplicaci\u00f3n de marcos jur\u00eddicos, todav\u00eda prevalece la discriminaci\u00f3n y la desigualdad hacia los pueblos ind\u00edgenas Culiac\u00e1n, Sin.- En el marco del D\u00eda Internacional de los Pueblos Ind\u00edgenas, el Instituto Electoral del Estado de Sinaloa [&hellip;]","og_url":"https:\/\/fuentesfidedignas.com.mx\/index.php\/2021\/08\/09\/realiza-el-iees-conferencia-magistral-sobre-los-derechos-indigenas\/","og_site_name":"Fuentes Fidedignas","article_publisher":"https:\/\/www.facebook.com\/Fuentes-Fidedignas-368234489921644","article_published_time":"2021-08-09T22:12:21+00:00","article_modified_time":"2021-08-09T22:12:22+00:00","og_image":[{"width":1326,"height":742,"url":"https:\/\/fuentesfidedignas.com.mx\/wp-content\/uploads\/2021\/08\/1-1.jpg","type":"image\/jpeg"}],"author":"Redacci\u00f3n","twitter_card":"summary_large_image","twitter_creator":"@fidedignas","twitter_site":"@fidedignas","twitter_misc":{"Escrito por":"Redacci\u00f3n","Tiempo de lectura":"3 minutos"},"schema":{"@context":"https:\/\/schema.org","@graph":[{"@type":"Article","@id":"https:\/\/fuentesfidedignas.com.mx\/index.php\/2021\/08\/09\/realiza-el-iees-conferencia-magistral-sobre-los-derechos-indigenas\/#article","isPartOf":{"@id":"https:\/\/fuentesfidedignas.com.mx\/index.php\/2021\/08\/09\/realiza-el-iees-conferencia-magistral-sobre-los-derechos-indigenas\/"},"author":{"name":"Redacci\u00f3n","@id":"https:\/\/fuentesfidedignas.com.mx\/#\/schema\/person\/331be9283d37198e2acd5750279085b0"},"headline":"Realiza el IEES conferencia magistral sobre los derechos ind\u00edgenas","datePublished":"2021-08-09T22:12:21+00:00","dateModified":"2021-08-09T22:12:22+00:00","mainEntityOfPage":{"@id":"https:\/\/fuentesfidedignas.com.mx\/index.php\/2021\/08\/09\/realiza-el-iees-conferencia-magistral-sobre-los-derechos-indigenas\/"},"wordCount":524,"commentCount":0,"publisher":{"@id":"https:\/\/fuentesfidedignas.com.mx\/#organization"},"image":{"@id":"https:\/\/fuentesfidedignas.com.mx\/index.php\/2021\/08\/09\/realiza-el-iees-conferencia-magistral-sobre-los-derechos-indigenas\/#primaryimage"},"thumbnailUrl":"https:\/\/fuentesfidedignas.com.mx\/wp-content\/uploads\/2021\/08\/1-1.jpg","keywords":["IEES","Instituto Electoral del Estado de Sinaloa"],"articleSection":["NOTA PRINCIPAL"],"inLanguage":"es","potentialAction":[{"@type":"CommentAction","name":"Comment","target":["https:\/\/fuentesfidedignas.com.mx\/index.php\/2021\/08\/09\/realiza-el-iees-conferencia-magistral-sobre-los-derechos-indigenas\/#respond"]}]},{"@type":"WebPage","@id":"https:\/\/fuentesfidedignas.com.mx\/index.php\/2021\/08\/09\/realiza-el-iees-conferencia-magistral-sobre-los-derechos-indigenas\/","url":"https:\/\/fuentesfidedignas.com.mx\/index.php\/2021\/08\/09\/realiza-el-iees-conferencia-magistral-sobre-los-derechos-indigenas\/","name":"Realiza el IEES conferencia magistral sobre los derechos ind\u00edgenas - Fuentes Fidedignas","isPartOf":{"@id":"https:\/\/fuentesfidedignas.com.mx\/#website"},"primaryImageOfPage":{"@id":"https:\/\/fuentesfidedignas.com.mx\/index.php\/2021\/08\/09\/realiza-el-iees-conferencia-magistral-sobre-los-derechos-indigenas\/#primaryimage"},"image":{"@id":"https:\/\/fuentesfidedignas.com.mx\/index.php\/2021\/08\/09\/realiza-el-iees-conferencia-magistral-sobre-los-derechos-indigenas\/#primaryimage"},"thumbnailUrl":"https:\/\/fuentesfidedignas.com.mx\/wp-content\/uploads\/2021\/08\/1-1.jpg","datePublished":"2021-08-09T22:12:21+00:00","dateModified":"2021-08-09T22:12:22+00:00","breadcrumb":{"@id":"https:\/\/fuentesfidedignas.com.mx\/index.php\/2021\/08\/09\/realiza-el-iees-conferencia-magistral-sobre-los-derechos-indigenas\/#breadcrumb"},"inLanguage":"es","potentialAction":[{"@type":"ReadAction","target":["https:\/\/fuentesfidedignas.com.mx\/index.php\/2021\/08\/09\/realiza-el-iees-conferencia-magistral-sobre-los-derechos-indigenas\/"]}]},{"@type":"ImageObject","inLanguage":"es","@id":"https:\/\/fuentesfidedignas.com.mx\/index.php\/2021\/08\/09\/realiza-el-iees-conferencia-magistral-sobre-los-derechos-indigenas\/#primaryimage","url":"https:\/\/fuentesfidedignas.com.mx\/wp-content\/uploads\/2021\/08\/1-1.jpg","contentUrl":"https:\/\/fuentesfidedignas.com.mx\/wp-content\/uploads\/2021\/08\/1-1.jpg","width":1326,"height":742},{"@type":"BreadcrumbList","@id":"https:\/\/fuentesfidedignas.com.mx\/index.php\/2021\/08\/09\/realiza-el-iees-conferencia-magistral-sobre-los-derechos-indigenas\/#breadcrumb","itemListElement":[{"@type":"ListItem","position":1,"name":"Inicio","item":"https:\/\/fuentesfidedignas.com.mx\/"},{"@type":"ListItem","position":2,"name":"Realiza el IEES conferencia magistral sobre los derechos ind\u00edgenas"}]},{"@type":"WebSite","@id":"https:\/\/fuentesfidedignas.com.mx\/#website","url":"https:\/\/fuentesfidedignas.com.mx\/","name":"Fuentes Fidedignas","description":"Otro sitio realizado con WordPress","publisher":{"@id":"https:\/\/fuentesfidedignas.com.mx\/#organization"},"potentialAction":[{"@type":"SearchAction","target":{"@type":"EntryPoint","urlTemplate":"https:\/\/fuentesfidedignas.com.mx\/?s={search_term_string}"},"query-input":{"@type":"PropertyValueSpecification","valueRequired":true,"valueName":"search_term_string"}}],"inLanguage":"es"},{"@type":"Organization","@id":"https:\/\/fuentesfidedignas.com.mx\/#organization","name":"Fuentes Fidedignas","url":"https:\/\/fuentesfidedignas.com.mx\/","logo":{"@type":"ImageObject","inLanguage":"es","@id":"https:\/\/fuentesfidedignas.com.mx\/#\/schema\/logo\/image\/","url":"https:\/\/fuentesfidedignas.com.mx\/wp-content\/uploads\/2021\/04\/logo-retina.png","contentUrl":"https:\/\/fuentesfidedignas.com.mx\/wp-content\/uploads\/2021\/04\/logo-retina.png","width":280,"height":51,"caption":"Fuentes Fidedignas"},"image":{"@id":"https:\/\/fuentesfidedignas.com.mx\/#\/schema\/logo\/image\/"},"sameAs":["https:\/\/www.facebook.com\/Fuentes-Fidedignas-368234489921644","https:\/\/x.com\/fidedignas"]},{"@type":"Person","@id":"https:\/\/fuentesfidedignas.com.mx\/#\/schema\/person\/331be9283d37198e2acd5750279085b0","name":"Redacci\u00f3n","image":{"@type":"ImageObject","inLanguage":"es","@id":"https:\/\/secure.gravatar.com\/avatar\/f6d8782c11d12b2d4ad3fbb6931aeab5309937a4d6cd2fc9cfaa28a6396a5aec?s=96&d=mm&r=g","url":"https:\/\/secure.gravatar.com\/avatar\/f6d8782c11d12b2d4ad3fbb6931aeab5309937a4d6cd2fc9cfaa28a6396a5aec?s=96&d=mm&r=g","contentUrl":"https:\/\/secure.gravatar.com\/avatar\/f6d8782c11d12b2d4ad3fbb6931aeab5309937a4d6cd2fc9cfaa28a6396a5aec?s=96&d=mm&r=g","caption":"Redacci\u00f3n"},"url":"https:\/\/fuentesfidedignas.com.mx\/index.php\/author\/redaccion\/"}]}},"_links":{"self":[{"href":"https:\/\/fuentesfidedignas.com.mx\/index.php\/wp-json\/wp\/v2\/posts\/9370","targetHints":{"allow":["GET"]}}],"collection":[{"href":"https:\/\/fuentesfidedignas.com.mx\/index.php\/wp-json\/wp\/v2\/posts"}],"about":[{"href":"https:\/\/fuentesfidedignas.com.mx\/index.php\/wp-json\/wp\/v2\/types\/post"}],"author":[{"embeddable":true,"href":"https:\/\/fuentesfidedignas.com.mx\/index.php\/wp-json\/wp\/v2\/users\/4"}],"replies":[{"embeddable":true,"href":"https:\/\/fuentesfidedignas.com.mx\/index.php\/wp-json\/wp\/v2\/comments?post=9370"}],"version-history":[{"count":1,"href":"https:\/\/fuentesfidedignas.com.mx\/index.php\/wp-json\/wp\/v2\/posts\/9370\/revisions"}],"predecessor-version":[{"id":9372,"href":"https:\/\/fuentesfidedignas.com.mx\/index.php\/wp-json\/wp\/v2\/posts\/9370\/revisions\/9372"}],"wp:featuredmedia":[{"embeddable":true,"href":"https:\/\/fuentesfidedignas.com.mx\/index.php\/wp-json\/wp\/v2\/media\/9371"}],"wp:attachment":[{"href":"https:\/\/fuentesfidedignas.com.mx\/index.php\/wp-json\/wp\/v2\/media?parent=9370"}],"wp:term":[{"taxonomy":"category","embeddable":true,"href":"https:\/\/fuentesfidedignas.com.mx\/index.php\/wp-json\/wp\/v2\/categories?post=9370"},{"taxonomy":"post_tag","embeddable":true,"href":"https:\/\/fuentesfidedignas.com.mx\/index.php\/wp-json\/wp\/v2\/tags?post=9370"}],"curies":[{"name":"wp","href":"https:\/\/api.w.org\/{rel}","templated":true}]}}