{"id":93638,"date":"2024-10-19T05:30:00","date_gmt":"2024-10-19T12:30:00","guid":{"rendered":"https:\/\/fuentesfidedignas.com.mx\/?p=93638"},"modified":"2024-10-18T18:35:34","modified_gmt":"2024-10-19T01:35:34","slug":"video-joven-llega-en-camion-a-su-boda-junto-con-su-hermano","status":"publish","type":"post","link":"https:\/\/fuentesfidedignas.com.mx\/index.php\/2024\/10\/19\/video-joven-llega-en-camion-a-su-boda-junto-con-su-hermano\/","title":{"rendered":"VIDEO: Joven llega en cami\u00f3n a su boda junto con su hermano"},"content":{"rendered":"\n<p><strong><em>El video alcanz\u00f3 41 mil reacciones y entre los comentarios destacan: \u201cMomento can\u00f3nico\u201d, \u201cMomento \u00e9pico\u201d y \u201cLo importante fue que lleg\u00f3.\u201d Un momento inolvidable que, sin duda, agreg\u00f3 un toque de espontaneidad y humor a un d\u00eda tan especial.<\/em><\/strong><\/p>\n\n\n\n<p>ESPA\u00d1A-.Un video compartido en TikTok por una joven ha desatado miles de reacciones en la plataforma, tras mostrar una inesperada y poco usual situaci\u00f3n: el novio, lleg\u00f3 a su propia boda en un cami\u00f3n de transporte p\u00fablico.<\/p>\n\n\n\n<blockquote class=\"tiktok-embed\" cite=\"https:\/\/www.tiktok.com\/@lrs.1416\/video\/7426199540304219398\" data-video-id=\"7426199540304219398\" style=\"max-width: 605px;min-width: 325px;\" > <section> <a target=\"_blank\" title=\"@lrs.1416\" href=\"https:\/\/www.tiktok.com\/@lrs.1416?refer=embed\" rel=\"noopener\">@lrs.1416<\/a> Que ya le urgia irse segun el jajajajaja  @garancecastelain pero llegamos muy a tiempo \ud83d\ude18 <a title=\"bodadela\u00f1o\" target=\"_blank\" href=\"https:\/\/www.tiktok.com\/tag\/bodadela%C3%B1o?refer=embed\" rel=\"noopener\">#bodadela\u00f1o<\/a> <a title=\"mihermanoyyo\" target=\"_blank\" href=\"https:\/\/www.tiktok.com\/tag\/mihermanoyyo?refer=embed\" rel=\"noopener\">#mihermanoyyo<\/a> <a title=\"mexicanadas\" target=\"_blank\" href=\"https:\/\/www.tiktok.com\/tag\/mexicanadas?refer=embed\" rel=\"noopener\">#mexicanadas<\/a> <a target=\"_blank\" title=\"\u266c sonido original - La.bratz\" href=\"https:\/\/www.tiktok.com\/music\/sonido-original-7259530171131120389?refer=embed\" rel=\"noopener\">\u266c sonido original &#8211; La.bratz<\/a> <\/section> <\/blockquote> <script async src=\"https:\/\/www.tiktok.com\/embed.js\"><\/script>\n\n\n\n<p><strong>Medidas inesperadas a situaciones inesperadas<\/strong><br>En el video, que r\u00e1pidamente se volvi\u00f3 viral, se observa al novio y algunos invitados, incluyendo a su hermana, vestidos de gala y bien peinados mientras viajan en el cami\u00f3n. La hermana no dud\u00f3 en bromear sobre la peculiar escena, insertando en el video: \u201cNadie se imagina que mi hermano y yo llegamos en cami\u00f3n.\u201d<\/p>\n\n\n\n<p>Al pedir m\u00e1s contexto, la joven explic\u00f3 en los comentarios: \u201cNos \u00edbamos a ir en Uber, pero en Espa\u00f1a no se pueden subir m\u00e1s de 4 pasajeros, adem\u00e1s de la tarifa alta, as\u00ed que a mi hermano le dio ansiedad y decidi\u00f3 irse r\u00e1pido en cami\u00f3n, en resumen.\u201d<\/p>\n\n\n\n<p>El video alcanz\u00f3 41 mil reacciones y entre los comentarios destacan: \u201cMomento can\u00f3nico\u201d, \u201cMomento \u00e9pico\u201d y \u201cLo importante fue que lleg\u00f3.\u201d Un momento inolvidable que, sin duda, agreg\u00f3 un toque de espontaneidad y humor a un d\u00eda tan especial.<\/p>\n","protected":false},"excerpt":{"rendered":"<p>El video alcanz\u00f3 41 mil reacciones y entre los comentarios destacan: \u201cMomento can\u00f3nico\u201d, \u201cMomento \u00e9pico\u201d y \u201cLo importante fue que lleg\u00f3.\u201d Un momento inolvidable que, sin duda, agreg\u00f3 un toque de espontaneidad y humor a un d\u00eda tan especial. ESPA\u00d1A-.Un video compartido en TikTok por una joven ha desatado miles de reacciones en la plataforma, [&hellip;]<\/p>\n","protected":false},"author":40,"featured_media":93639,"comment_status":"open","ping_status":"open","sticky":false,"template":"","format":"standard","meta":{"tdm_status":"","tdm_grid_status":"","footnotes":""},"categories":[40],"tags":[],"class_list":{"0":"post-93638","1":"post","2":"type-post","3":"status-publish","4":"format-standard","5":"has-post-thumbnail","7":"category-las-asombrosas"},"yoast_head":"<!-- This site is optimized with the Yoast SEO plugin v27.5 - https:\/\/yoast.com\/product\/yoast-seo-wordpress\/ -->\n<title>VIDEO: Joven llega en cami\u00f3n a su boda junto con su hermano - Fuentes Fidedignas<\/title>\n<meta name=\"robots\" content=\"index, follow, max-snippet:-1, max-image-preview:large, max-video-preview:-1\" \/>\n<link rel=\"canonical\" href=\"https:\/\/fuentesfidedignas.com.mx\/index.php\/2024\/10\/19\/video-joven-llega-en-camion-a-su-boda-junto-con-su-hermano\/\" \/>\n<meta property=\"og:locale\" content=\"es_MX\" \/>\n<meta property=\"og:type\" content=\"article\" \/>\n<meta property=\"og:title\" content=\"VIDEO: Joven llega en cami\u00f3n a su boda junto con su hermano - Fuentes Fidedignas\" \/>\n<meta property=\"og:description\" content=\"El video alcanz\u00f3 41 mil reacciones y entre los comentarios destacan: \u201cMomento can\u00f3nico\u201d, \u201cMomento \u00e9pico\u201d y \u201cLo importante fue que lleg\u00f3.\u201d Un momento inolvidable que, sin duda, agreg\u00f3 un toque de espontaneidad y humor a un d\u00eda tan especial. ESPA\u00d1A-.Un video compartido en TikTok por una joven ha desatado miles de reacciones en la plataforma, [&hellip;]\" \/>\n<meta property=\"og:url\" content=\"https:\/\/fuentesfidedignas.com.mx\/index.php\/2024\/10\/19\/video-joven-llega-en-camion-a-su-boda-junto-con-su-hermano\/\" \/>\n<meta property=\"og:site_name\" content=\"Fuentes Fidedignas\" \/>\n<meta property=\"article:publisher\" content=\"https:\/\/www.facebook.com\/Fuentes-Fidedignas-368234489921644\" \/>\n<meta property=\"article:published_time\" content=\"2024-10-19T12:30:00+00:00\" \/>\n<meta property=\"og:image\" content=\"https:\/\/fuentesfidedignas.com.mx\/wp-content\/uploads\/2024\/10\/novio-en-camion.jpg\" \/>\n\t<meta property=\"og:image:width\" content=\"650\" \/>\n\t<meta property=\"og:image:height\" content=\"371\" \/>\n\t<meta property=\"og:image:type\" content=\"image\/jpeg\" \/>\n<meta name=\"author\" content=\"El Imparcial\" \/>\n<meta name=\"twitter:card\" content=\"summary_large_image\" \/>\n<meta name=\"twitter:creator\" content=\"@fidedignas\" \/>\n<meta name=\"twitter:site\" content=\"@fidedignas\" \/>\n<meta name=\"twitter:label1\" content=\"Escrito por\" \/>\n\t<meta name=\"twitter:data1\" content=\"El Imparcial\" \/>\n\t<meta name=\"twitter:label2\" content=\"Tiempo de lectura\" \/>\n\t<meta name=\"twitter:data2\" content=\"2 minutos\" \/>\n<script type=\"application\/ld+json\" class=\"yoast-schema-graph\">{\"@context\":\"https:\\\/\\\/schema.org\",\"@graph\":[{\"@type\":\"Article\",\"@id\":\"https:\\\/\\\/fuentesfidedignas.com.mx\\\/index.php\\\/2024\\\/10\\\/19\\\/video-joven-llega-en-camion-a-su-boda-junto-con-su-hermano\\\/#article\",\"isPartOf\":{\"@id\":\"https:\\\/\\\/fuentesfidedignas.com.mx\\\/index.php\\\/2024\\\/10\\\/19\\\/video-joven-llega-en-camion-a-su-boda-junto-con-su-hermano\\\/\"},\"author\":{\"name\":\"El Imparcial\",\"@id\":\"https:\\\/\\\/fuentesfidedignas.com.mx\\\/#\\\/schema\\\/person\\\/ff4db17f8fd9c584e0cfc2a0c436b8a1\"},\"headline\":\"VIDEO: Joven llega en cami\u00f3n a su boda junto con su hermano\",\"datePublished\":\"2024-10-19T12:30:00+00:00\",\"mainEntityOfPage\":{\"@id\":\"https:\\\/\\\/fuentesfidedignas.com.mx\\\/index.php\\\/2024\\\/10\\\/19\\\/video-joven-llega-en-camion-a-su-boda-junto-con-su-hermano\\\/\"},\"wordCount\":275,\"commentCount\":0,\"publisher\":{\"@id\":\"https:\\\/\\\/fuentesfidedignas.com.mx\\\/#organization\"},\"image\":{\"@id\":\"https:\\\/\\\/fuentesfidedignas.com.mx\\\/index.php\\\/2024\\\/10\\\/19\\\/video-joven-llega-en-camion-a-su-boda-junto-con-su-hermano\\\/#primaryimage\"},\"thumbnailUrl\":\"https:\\\/\\\/fuentesfidedignas.com.mx\\\/wp-content\\\/uploads\\\/2024\\\/10\\\/novio-en-camion.jpg\",\"articleSection\":[\"LAS ASOMBROSAS\"],\"inLanguage\":\"es\",\"potentialAction\":[{\"@type\":\"CommentAction\",\"name\":\"Comment\",\"target\":[\"https:\\\/\\\/fuentesfidedignas.com.mx\\\/index.php\\\/2024\\\/10\\\/19\\\/video-joven-llega-en-camion-a-su-boda-junto-con-su-hermano\\\/#respond\"]}]},{\"@type\":\"WebPage\",\"@id\":\"https:\\\/\\\/fuentesfidedignas.com.mx\\\/index.php\\\/2024\\\/10\\\/19\\\/video-joven-llega-en-camion-a-su-boda-junto-con-su-hermano\\\/\",\"url\":\"https:\\\/\\\/fuentesfidedignas.com.mx\\\/index.php\\\/2024\\\/10\\\/19\\\/video-joven-llega-en-camion-a-su-boda-junto-con-su-hermano\\\/\",\"name\":\"VIDEO: Joven llega en cami\u00f3n a su boda junto con su hermano - Fuentes Fidedignas\",\"isPartOf\":{\"@id\":\"https:\\\/\\\/fuentesfidedignas.com.mx\\\/#website\"},\"primaryImageOfPage\":{\"@id\":\"https:\\\/\\\/fuentesfidedignas.com.mx\\\/index.php\\\/2024\\\/10\\\/19\\\/video-joven-llega-en-camion-a-su-boda-junto-con-su-hermano\\\/#primaryimage\"},\"image\":{\"@id\":\"https:\\\/\\\/fuentesfidedignas.com.mx\\\/index.php\\\/2024\\\/10\\\/19\\\/video-joven-llega-en-camion-a-su-boda-junto-con-su-hermano\\\/#primaryimage\"},\"thumbnailUrl\":\"https:\\\/\\\/fuentesfidedignas.com.mx\\\/wp-content\\\/uploads\\\/2024\\\/10\\\/novio-en-camion.jpg\",\"datePublished\":\"2024-10-19T12:30:00+00:00\",\"breadcrumb\":{\"@id\":\"https:\\\/\\\/fuentesfidedignas.com.mx\\\/index.php\\\/2024\\\/10\\\/19\\\/video-joven-llega-en-camion-a-su-boda-junto-con-su-hermano\\\/#breadcrumb\"},\"inLanguage\":\"es\",\"potentialAction\":[{\"@type\":\"ReadAction\",\"target\":[\"https:\\\/\\\/fuentesfidedignas.com.mx\\\/index.php\\\/2024\\\/10\\\/19\\\/video-joven-llega-en-camion-a-su-boda-junto-con-su-hermano\\\/\"]}]},{\"@type\":\"ImageObject\",\"inLanguage\":\"es\",\"@id\":\"https:\\\/\\\/fuentesfidedignas.com.mx\\\/index.php\\\/2024\\\/10\\\/19\\\/video-joven-llega-en-camion-a-su-boda-junto-con-su-hermano\\\/#primaryimage\",\"url\":\"https:\\\/\\\/fuentesfidedignas.com.mx\\\/wp-content\\\/uploads\\\/2024\\\/10\\\/novio-en-camion.jpg\",\"contentUrl\":\"https:\\\/\\\/fuentesfidedignas.com.mx\\\/wp-content\\\/uploads\\\/2024\\\/10\\\/novio-en-camion.jpg\",\"width\":650,\"height\":371},{\"@type\":\"BreadcrumbList\",\"@id\":\"https:\\\/\\\/fuentesfidedignas.com.mx\\\/index.php\\\/2024\\\/10\\\/19\\\/video-joven-llega-en-camion-a-su-boda-junto-con-su-hermano\\\/#breadcrumb\",\"itemListElement\":[{\"@type\":\"ListItem\",\"position\":1,\"name\":\"Inicio\",\"item\":\"https:\\\/\\\/fuentesfidedignas.com.mx\\\/\"},{\"@type\":\"ListItem\",\"position\":2,\"name\":\"VIDEO: Joven llega en cami\u00f3n a su boda junto con su hermano\"}]},{\"@type\":\"WebSite\",\"@id\":\"https:\\\/\\\/fuentesfidedignas.com.mx\\\/#website\",\"url\":\"https:\\\/\\\/fuentesfidedignas.com.mx\\\/\",\"name\":\"Fuentes Fidedignas\",\"description\":\"Otro sitio realizado con WordPress\",\"publisher\":{\"@id\":\"https:\\\/\\\/fuentesfidedignas.com.mx\\\/#organization\"},\"potentialAction\":[{\"@type\":\"SearchAction\",\"target\":{\"@type\":\"EntryPoint\",\"urlTemplate\":\"https:\\\/\\\/fuentesfidedignas.com.mx\\\/?s={search_term_string}\"},\"query-input\":{\"@type\":\"PropertyValueSpecification\",\"valueRequired\":true,\"valueName\":\"search_term_string\"}}],\"inLanguage\":\"es\"},{\"@type\":\"Organization\",\"@id\":\"https:\\\/\\\/fuentesfidedignas.com.mx\\\/#organization\",\"name\":\"Fuentes Fidedignas\",\"url\":\"https:\\\/\\\/fuentesfidedignas.com.mx\\\/\",\"logo\":{\"@type\":\"ImageObject\",\"inLanguage\":\"es\",\"@id\":\"https:\\\/\\\/fuentesfidedignas.com.mx\\\/#\\\/schema\\\/logo\\\/image\\\/\",\"url\":\"https:\\\/\\\/fuentesfidedignas.com.mx\\\/wp-content\\\/uploads\\\/2021\\\/04\\\/logo-retina.png\",\"contentUrl\":\"https:\\\/\\\/fuentesfidedignas.com.mx\\\/wp-content\\\/uploads\\\/2021\\\/04\\\/logo-retina.png\",\"width\":280,\"height\":51,\"caption\":\"Fuentes Fidedignas\"},\"image\":{\"@id\":\"https:\\\/\\\/fuentesfidedignas.com.mx\\\/#\\\/schema\\\/logo\\\/image\\\/\"},\"sameAs\":[\"https:\\\/\\\/www.facebook.com\\\/Fuentes-Fidedignas-368234489921644\",\"https:\\\/\\\/x.com\\\/fidedignas\"]},{\"@type\":\"Person\",\"@id\":\"https:\\\/\\\/fuentesfidedignas.com.mx\\\/#\\\/schema\\\/person\\\/ff4db17f8fd9c584e0cfc2a0c436b8a1\",\"name\":\"El Imparcial\",\"image\":{\"@type\":\"ImageObject\",\"inLanguage\":\"es\",\"@id\":\"https:\\\/\\\/secure.gravatar.com\\\/avatar\\\/accd6807585a75316c237ee783498317be6f66ab34c47c940966f26a3f613161?s=96&d=mm&r=g\",\"url\":\"https:\\\/\\\/secure.gravatar.com\\\/avatar\\\/accd6807585a75316c237ee783498317be6f66ab34c47c940966f26a3f613161?s=96&d=mm&r=g\",\"contentUrl\":\"https:\\\/\\\/secure.gravatar.com\\\/avatar\\\/accd6807585a75316c237ee783498317be6f66ab34c47c940966f26a3f613161?s=96&d=mm&r=g\",\"caption\":\"El Imparcial\"},\"url\":\"https:\\\/\\\/fuentesfidedignas.com.mx\\\/index.php\\\/author\\\/imparcial\\\/\"}]}<\/script>\n<!-- \/ Yoast SEO plugin. -->","yoast_head_json":{"title":"VIDEO: Joven llega en cami\u00f3n a su boda junto con su hermano - Fuentes Fidedignas","robots":{"index":"index","follow":"follow","max-snippet":"max-snippet:-1","max-image-preview":"max-image-preview:large","max-video-preview":"max-video-preview:-1"},"canonical":"https:\/\/fuentesfidedignas.com.mx\/index.php\/2024\/10\/19\/video-joven-llega-en-camion-a-su-boda-junto-con-su-hermano\/","og_locale":"es_MX","og_type":"article","og_title":"VIDEO: Joven llega en cami\u00f3n a su boda junto con su hermano - Fuentes Fidedignas","og_description":"El video alcanz\u00f3 41 mil reacciones y entre los comentarios destacan: \u201cMomento can\u00f3nico\u201d, \u201cMomento \u00e9pico\u201d y \u201cLo importante fue que lleg\u00f3.\u201d Un momento inolvidable que, sin duda, agreg\u00f3 un toque de espontaneidad y humor a un d\u00eda tan especial. ESPA\u00d1A-.Un video compartido en TikTok por una joven ha desatado miles de reacciones en la plataforma, [&hellip;]","og_url":"https:\/\/fuentesfidedignas.com.mx\/index.php\/2024\/10\/19\/video-joven-llega-en-camion-a-su-boda-junto-con-su-hermano\/","og_site_name":"Fuentes Fidedignas","article_publisher":"https:\/\/www.facebook.com\/Fuentes-Fidedignas-368234489921644","article_published_time":"2024-10-19T12:30:00+00:00","og_image":[{"width":650,"height":371,"url":"https:\/\/fuentesfidedignas.com.mx\/wp-content\/uploads\/2024\/10\/novio-en-camion.jpg","type":"image\/jpeg"}],"author":"El Imparcial","twitter_card":"summary_large_image","twitter_creator":"@fidedignas","twitter_site":"@fidedignas","twitter_misc":{"Escrito por":"El Imparcial","Tiempo de lectura":"2 minutos"},"schema":{"@context":"https:\/\/schema.org","@graph":[{"@type":"Article","@id":"https:\/\/fuentesfidedignas.com.mx\/index.php\/2024\/10\/19\/video-joven-llega-en-camion-a-su-boda-junto-con-su-hermano\/#article","isPartOf":{"@id":"https:\/\/fuentesfidedignas.com.mx\/index.php\/2024\/10\/19\/video-joven-llega-en-camion-a-su-boda-junto-con-su-hermano\/"},"author":{"name":"El Imparcial","@id":"https:\/\/fuentesfidedignas.com.mx\/#\/schema\/person\/ff4db17f8fd9c584e0cfc2a0c436b8a1"},"headline":"VIDEO: Joven llega en cami\u00f3n a su boda junto con su hermano","datePublished":"2024-10-19T12:30:00+00:00","mainEntityOfPage":{"@id":"https:\/\/fuentesfidedignas.com.mx\/index.php\/2024\/10\/19\/video-joven-llega-en-camion-a-su-boda-junto-con-su-hermano\/"},"wordCount":275,"commentCount":0,"publisher":{"@id":"https:\/\/fuentesfidedignas.com.mx\/#organization"},"image":{"@id":"https:\/\/fuentesfidedignas.com.mx\/index.php\/2024\/10\/19\/video-joven-llega-en-camion-a-su-boda-junto-con-su-hermano\/#primaryimage"},"thumbnailUrl":"https:\/\/fuentesfidedignas.com.mx\/wp-content\/uploads\/2024\/10\/novio-en-camion.jpg","articleSection":["LAS ASOMBROSAS"],"inLanguage":"es","potentialAction":[{"@type":"CommentAction","name":"Comment","target":["https:\/\/fuentesfidedignas.com.mx\/index.php\/2024\/10\/19\/video-joven-llega-en-camion-a-su-boda-junto-con-su-hermano\/#respond"]}]},{"@type":"WebPage","@id":"https:\/\/fuentesfidedignas.com.mx\/index.php\/2024\/10\/19\/video-joven-llega-en-camion-a-su-boda-junto-con-su-hermano\/","url":"https:\/\/fuentesfidedignas.com.mx\/index.php\/2024\/10\/19\/video-joven-llega-en-camion-a-su-boda-junto-con-su-hermano\/","name":"VIDEO: Joven llega en cami\u00f3n a su boda junto con su hermano - Fuentes Fidedignas","isPartOf":{"@id":"https:\/\/fuentesfidedignas.com.mx\/#website"},"primaryImageOfPage":{"@id":"https:\/\/fuentesfidedignas.com.mx\/index.php\/2024\/10\/19\/video-joven-llega-en-camion-a-su-boda-junto-con-su-hermano\/#primaryimage"},"image":{"@id":"https:\/\/fuentesfidedignas.com.mx\/index.php\/2024\/10\/19\/video-joven-llega-en-camion-a-su-boda-junto-con-su-hermano\/#primaryimage"},"thumbnailUrl":"https:\/\/fuentesfidedignas.com.mx\/wp-content\/uploads\/2024\/10\/novio-en-camion.jpg","datePublished":"2024-10-19T12:30:00+00:00","breadcrumb":{"@id":"https:\/\/fuentesfidedignas.com.mx\/index.php\/2024\/10\/19\/video-joven-llega-en-camion-a-su-boda-junto-con-su-hermano\/#breadcrumb"},"inLanguage":"es","potentialAction":[{"@type":"ReadAction","target":["https:\/\/fuentesfidedignas.com.mx\/index.php\/2024\/10\/19\/video-joven-llega-en-camion-a-su-boda-junto-con-su-hermano\/"]}]},{"@type":"ImageObject","inLanguage":"es","@id":"https:\/\/fuentesfidedignas.com.mx\/index.php\/2024\/10\/19\/video-joven-llega-en-camion-a-su-boda-junto-con-su-hermano\/#primaryimage","url":"https:\/\/fuentesfidedignas.com.mx\/wp-content\/uploads\/2024\/10\/novio-en-camion.jpg","contentUrl":"https:\/\/fuentesfidedignas.com.mx\/wp-content\/uploads\/2024\/10\/novio-en-camion.jpg","width":650,"height":371},{"@type":"BreadcrumbList","@id":"https:\/\/fuentesfidedignas.com.mx\/index.php\/2024\/10\/19\/video-joven-llega-en-camion-a-su-boda-junto-con-su-hermano\/#breadcrumb","itemListElement":[{"@type":"ListItem","position":1,"name":"Inicio","item":"https:\/\/fuentesfidedignas.com.mx\/"},{"@type":"ListItem","position":2,"name":"VIDEO: Joven llega en cami\u00f3n a su boda junto con su hermano"}]},{"@type":"WebSite","@id":"https:\/\/fuentesfidedignas.com.mx\/#website","url":"https:\/\/fuentesfidedignas.com.mx\/","name":"Fuentes Fidedignas","description":"Otro sitio realizado con WordPress","publisher":{"@id":"https:\/\/fuentesfidedignas.com.mx\/#organization"},"potentialAction":[{"@type":"SearchAction","target":{"@type":"EntryPoint","urlTemplate":"https:\/\/fuentesfidedignas.com.mx\/?s={search_term_string}"},"query-input":{"@type":"PropertyValueSpecification","valueRequired":true,"valueName":"search_term_string"}}],"inLanguage":"es"},{"@type":"Organization","@id":"https:\/\/fuentesfidedignas.com.mx\/#organization","name":"Fuentes Fidedignas","url":"https:\/\/fuentesfidedignas.com.mx\/","logo":{"@type":"ImageObject","inLanguage":"es","@id":"https:\/\/fuentesfidedignas.com.mx\/#\/schema\/logo\/image\/","url":"https:\/\/fuentesfidedignas.com.mx\/wp-content\/uploads\/2021\/04\/logo-retina.png","contentUrl":"https:\/\/fuentesfidedignas.com.mx\/wp-content\/uploads\/2021\/04\/logo-retina.png","width":280,"height":51,"caption":"Fuentes Fidedignas"},"image":{"@id":"https:\/\/fuentesfidedignas.com.mx\/#\/schema\/logo\/image\/"},"sameAs":["https:\/\/www.facebook.com\/Fuentes-Fidedignas-368234489921644","https:\/\/x.com\/fidedignas"]},{"@type":"Person","@id":"https:\/\/fuentesfidedignas.com.mx\/#\/schema\/person\/ff4db17f8fd9c584e0cfc2a0c436b8a1","name":"El Imparcial","image":{"@type":"ImageObject","inLanguage":"es","@id":"https:\/\/secure.gravatar.com\/avatar\/accd6807585a75316c237ee783498317be6f66ab34c47c940966f26a3f613161?s=96&d=mm&r=g","url":"https:\/\/secure.gravatar.com\/avatar\/accd6807585a75316c237ee783498317be6f66ab34c47c940966f26a3f613161?s=96&d=mm&r=g","contentUrl":"https:\/\/secure.gravatar.com\/avatar\/accd6807585a75316c237ee783498317be6f66ab34c47c940966f26a3f613161?s=96&d=mm&r=g","caption":"El Imparcial"},"url":"https:\/\/fuentesfidedignas.com.mx\/index.php\/author\/imparcial\/"}]}},"_links":{"self":[{"href":"https:\/\/fuentesfidedignas.com.mx\/index.php\/wp-json\/wp\/v2\/posts\/93638","targetHints":{"allow":["GET"]}}],"collection":[{"href":"https:\/\/fuentesfidedignas.com.mx\/index.php\/wp-json\/wp\/v2\/posts"}],"about":[{"href":"https:\/\/fuentesfidedignas.com.mx\/index.php\/wp-json\/wp\/v2\/types\/post"}],"author":[{"embeddable":true,"href":"https:\/\/fuentesfidedignas.com.mx\/index.php\/wp-json\/wp\/v2\/users\/40"}],"replies":[{"embeddable":true,"href":"https:\/\/fuentesfidedignas.com.mx\/index.php\/wp-json\/wp\/v2\/comments?post=93638"}],"version-history":[{"count":1,"href":"https:\/\/fuentesfidedignas.com.mx\/index.php\/wp-json\/wp\/v2\/posts\/93638\/revisions"}],"predecessor-version":[{"id":93640,"href":"https:\/\/fuentesfidedignas.com.mx\/index.php\/wp-json\/wp\/v2\/posts\/93638\/revisions\/93640"}],"wp:featuredmedia":[{"embeddable":true,"href":"https:\/\/fuentesfidedignas.com.mx\/index.php\/wp-json\/wp\/v2\/media\/93639"}],"wp:attachment":[{"href":"https:\/\/fuentesfidedignas.com.mx\/index.php\/wp-json\/wp\/v2\/media?parent=93638"}],"wp:term":[{"taxonomy":"category","embeddable":true,"href":"https:\/\/fuentesfidedignas.com.mx\/index.php\/wp-json\/wp\/v2\/categories?post=93638"},{"taxonomy":"post_tag","embeddable":true,"href":"https:\/\/fuentesfidedignas.com.mx\/index.php\/wp-json\/wp\/v2\/tags?post=93638"}],"curies":[{"name":"wp","href":"https:\/\/api.w.org\/{rel}","templated":true}]}}