{"id":93579,"date":"2024-10-18T08:15:54","date_gmt":"2024-10-18T15:15:54","guid":{"rendered":"https:\/\/fuentesfidedignas.com.mx\/?p=93579"},"modified":"2024-10-18T09:33:20","modified_gmt":"2024-10-18T16:33:20","slug":"el-mayo-zambada-arranca-procesos-previos-al-juicio-se-enfrentara-al-juez-cogan","status":"publish","type":"post","link":"https:\/\/fuentesfidedignas.com.mx\/index.php\/2024\/10\/18\/el-mayo-zambada-arranca-procesos-previos-al-juicio-se-enfrentara-al-juez-cogan\/","title":{"rendered":"&#8216;El Mayo&#8217; Zambada arranca procesos previos al juicio; se enfrentar\u00e1 al juez Cogan"},"content":{"rendered":"\n<p><strong><em>El juez que estar\u00e1 a cargo del caso del cofundador del C\u00e1rtel de Sinaloa es el mismo que sentenci\u00f3 a Genaro Garc\u00eda Luna.<\/em><\/strong><\/p>\n\n\n\n<p>Concluye caso Genaro Garc\u00eda Luna e inicia el de Ismael Zambada Garc\u00eda. El juez Brian Cogan recibir\u00e1 hoy viernes 18 de octubre a El Mayo, ex l\u00edder del C\u00e1rtel de Sinaloa, como parte del inicio de los procedimientos para su juicio en Brooklyn, Nueva York.<\/p>\n\n\n\n<p>Este tipo de audiencias suelen ser cortas, ya que establecen calendarios y procedimientos para la preparaci\u00f3n del juicio, lo que incluye la entrega de la evidencia que tiene la Fiscal\u00eda estadunidense contra el acusado, los testimonios y acercamientos para acuerdos de culpabilidad, si los hay.<\/p>\n\n\n\n<p><strong>\u00bfQui\u00e9nes testificar\u00e1n contra El Mayo?<\/strong><br>Seg\u00fan ha podido verificar MILENIO, dentro de los testigos que hay en contra de Zambada se encuentran los gemelos Margarito y Pedro Flores, ex narcotraficantes que se aliaron con el C\u00e1rtel de Sinaloa y han entregado evidencia y testificado contra varios criminales.<\/p>\n\n\n\n<p>Seg\u00fan la Fiscal\u00eda estadunidense, 48 personas, en 19 casos penales, han sido juzgadas a partir o con la colaboraci\u00f3n de la informaci\u00f3n proporcionada por los hermanos.<\/p>\n\n\n\n<p>Zambada Garc\u00eda enfrenta 17 cargos que incluyen delitos de crimen organizado, producci\u00f3n e importaci\u00f3n de coca\u00edna, hero\u00edna, metanfetamina, mariguana y fentanilo, uso de armas de fuego y lavado de dinero.<\/p>\n\n\n\n<p><strong>Relaci\u00f3n entre El Mayo y El Chapo<\/strong><br>Seg\u00fan la Fiscal\u00eda estadunidense, El Mayo Zambada comenz\u00f3 traficando drogas con la Federaci\u00f3n de Sinaloa, junto a capos como Joaqu\u00edn Guzm\u00e1n Loera, El Chapo.<\/p>\n\n\n\n<p>\u201cDurante finales de los 80 y los 90, los miembros de la Federaci\u00f3n fueron contratados por fuentes de suministro colombianas para transportar drogas por M\u00e9xico hacia Estados Unidos\u201d, explica la Fiscal\u00eda en la acusaci\u00f3n contra Zambada Garc\u00eda.<\/p>\n\n\n\n<p>Para el a\u00f1o 2000, El Mayo junto a sus socios fundaron el C\u00e1rtel de Sinaloa, y continuaron con su empresa criminal, la cual no dejaba de crecer con los a\u00f1os.<\/p>\n\n\n\n<p>\u201cEl acusado Ismael Zambada Garc\u00eda y otros l\u00edderes del C\u00e1rtel de Sinaloa ordenaron una red a gran escala de transporte de narc\u00f3ticos que involucraba el uso de transportes por tierra, aire y mar, enviando toneladas de coca\u00edna desde Sudam\u00e9rica por Centroam\u00e9rica y M\u00e9xico, y finalmente a Estados Unidos.\u201d<\/p>\n\n\n\n<p><strong>Conflicto de inter\u00e9s en caso El Mayo Zambada<\/strong><br>La audiencia tambi\u00e9n se desarrollar\u00e1 despu\u00e9s de que la Fiscal\u00eda estadunidense solicitara una audiencia para revisar un potencial conflicto de inter\u00e9s del abogado de El Mayo, Frank P\u00e9rez. Esto porque el defensor tambi\u00e9n representa a Vicente Zambada Niebla, El Vicentillo, hijo del cofundador del C\u00e1rtel de Sinaloa y un colaborador activo de Estados Unidos.<\/p>\n\n\n\n<p>Adem\u00e1s, se le ha asignado un tercer abogado de oficio, Louis M. Freeman, basado en Nueva York, a diferencia de Ray Velarde y Frank P\u00e9rez, basados en Texas.<\/p>\n","protected":false},"excerpt":{"rendered":"<p>El juez que estar\u00e1 a cargo del caso del cofundador del C\u00e1rtel de Sinaloa es el mismo que sentenci\u00f3 a Genaro Garc\u00eda Luna. Concluye caso Genaro Garc\u00eda Luna e inicia el de Ismael Zambada Garc\u00eda. El juez Brian Cogan recibir\u00e1 hoy viernes 18 de octubre a El Mayo, ex l\u00edder del C\u00e1rtel de Sinaloa, como [&hellip;]<\/p>\n","protected":false},"author":9,"featured_media":88463,"comment_status":"open","ping_status":"open","sticky":false,"template":"","format":"standard","meta":{"tdm_status":"","tdm_grid_status":"","footnotes":""},"categories":[],"tags":[],"class_list":["post-93579","post","type-post","status-publish","format-standard","has-post-thumbnail"],"yoast_head":"<!-- This site is optimized with the Yoast SEO plugin v27.5 - https:\/\/yoast.com\/product\/yoast-seo-wordpress\/ -->\n<title>&#039;El Mayo&#039; Zambada arranca procesos previos al juicio; se enfrentar\u00e1 al juez Cogan - Fuentes Fidedignas<\/title>\n<meta name=\"robots\" content=\"index, follow, max-snippet:-1, max-image-preview:large, max-video-preview:-1\" \/>\n<link rel=\"canonical\" href=\"https:\/\/fuentesfidedignas.com.mx\/index.php\/2024\/10\/18\/el-mayo-zambada-arranca-procesos-previos-al-juicio-se-enfrentara-al-juez-cogan\/\" \/>\n<meta property=\"og:locale\" content=\"es_MX\" \/>\n<meta property=\"og:type\" content=\"article\" \/>\n<meta property=\"og:title\" content=\"&#039;El Mayo&#039; Zambada arranca procesos previos al juicio; se enfrentar\u00e1 al juez Cogan - Fuentes Fidedignas\" \/>\n<meta property=\"og:description\" content=\"El juez que estar\u00e1 a cargo del caso del cofundador del C\u00e1rtel de Sinaloa es el mismo que sentenci\u00f3 a Genaro Garc\u00eda Luna. Concluye caso Genaro Garc\u00eda Luna e inicia el de Ismael Zambada Garc\u00eda. El juez Brian Cogan recibir\u00e1 hoy viernes 18 de octubre a El Mayo, ex l\u00edder del C\u00e1rtel de Sinaloa, como [&hellip;]\" \/>\n<meta property=\"og:url\" content=\"https:\/\/fuentesfidedignas.com.mx\/index.php\/2024\/10\/18\/el-mayo-zambada-arranca-procesos-previos-al-juicio-se-enfrentara-al-juez-cogan\/\" \/>\n<meta property=\"og:site_name\" content=\"Fuentes Fidedignas\" \/>\n<meta property=\"article:publisher\" content=\"https:\/\/www.facebook.com\/Fuentes-Fidedignas-368234489921644\" \/>\n<meta property=\"article:published_time\" content=\"2024-10-18T15:15:54+00:00\" \/>\n<meta property=\"article:modified_time\" content=\"2024-10-18T16:33:20+00:00\" \/>\n<meta property=\"og:image\" content=\"https:\/\/fuentesfidedignas.com.mx\/wp-content\/uploads\/2024\/08\/mayo_zambada.jpg\" \/>\n\t<meta property=\"og:image:width\" content=\"929\" \/>\n\t<meta property=\"og:image:height\" content=\"580\" \/>\n\t<meta property=\"og:image:type\" content=\"image\/jpeg\" \/>\n<meta name=\"author\" content=\"Milenio\" \/>\n<meta name=\"twitter:card\" content=\"summary_large_image\" \/>\n<meta name=\"twitter:creator\" content=\"@fidedignas\" \/>\n<meta name=\"twitter:site\" content=\"@fidedignas\" \/>\n<meta name=\"twitter:label1\" content=\"Escrito por\" \/>\n\t<meta name=\"twitter:data1\" content=\"Milenio\" \/>\n\t<meta name=\"twitter:label2\" content=\"Tiempo de lectura\" \/>\n\t<meta name=\"twitter:data2\" content=\"3 minutos\" \/>\n<script type=\"application\/ld+json\" class=\"yoast-schema-graph\">{\"@context\":\"https:\\\/\\\/schema.org\",\"@graph\":[{\"@type\":\"Article\",\"@id\":\"https:\\\/\\\/fuentesfidedignas.com.mx\\\/index.php\\\/2024\\\/10\\\/18\\\/el-mayo-zambada-arranca-procesos-previos-al-juicio-se-enfrentara-al-juez-cogan\\\/#article\",\"isPartOf\":{\"@id\":\"https:\\\/\\\/fuentesfidedignas.com.mx\\\/index.php\\\/2024\\\/10\\\/18\\\/el-mayo-zambada-arranca-procesos-previos-al-juicio-se-enfrentara-al-juez-cogan\\\/\"},\"author\":{\"name\":\"Milenio\",\"@id\":\"https:\\\/\\\/fuentesfidedignas.com.mx\\\/#\\\/schema\\\/person\\\/47ec0135738f4b0c7495f06a77a2c976\"},\"headline\":\"&#8216;El Mayo&#8217; Zambada arranca procesos previos al juicio; se enfrentar\u00e1 al juez Cogan\",\"datePublished\":\"2024-10-18T15:15:54+00:00\",\"dateModified\":\"2024-10-18T16:33:20+00:00\",\"mainEntityOfPage\":{\"@id\":\"https:\\\/\\\/fuentesfidedignas.com.mx\\\/index.php\\\/2024\\\/10\\\/18\\\/el-mayo-zambada-arranca-procesos-previos-al-juicio-se-enfrentara-al-juez-cogan\\\/\"},\"wordCount\":511,\"commentCount\":0,\"publisher\":{\"@id\":\"https:\\\/\\\/fuentesfidedignas.com.mx\\\/#organization\"},\"image\":{\"@id\":\"https:\\\/\\\/fuentesfidedignas.com.mx\\\/index.php\\\/2024\\\/10\\\/18\\\/el-mayo-zambada-arranca-procesos-previos-al-juicio-se-enfrentara-al-juez-cogan\\\/#primaryimage\"},\"thumbnailUrl\":\"https:\\\/\\\/fuentesfidedignas.com.mx\\\/wp-content\\\/uploads\\\/2024\\\/08\\\/mayo_zambada.jpg\",\"inLanguage\":\"es\",\"potentialAction\":[{\"@type\":\"CommentAction\",\"name\":\"Comment\",\"target\":[\"https:\\\/\\\/fuentesfidedignas.com.mx\\\/index.php\\\/2024\\\/10\\\/18\\\/el-mayo-zambada-arranca-procesos-previos-al-juicio-se-enfrentara-al-juez-cogan\\\/#respond\"]}]},{\"@type\":\"WebPage\",\"@id\":\"https:\\\/\\\/fuentesfidedignas.com.mx\\\/index.php\\\/2024\\\/10\\\/18\\\/el-mayo-zambada-arranca-procesos-previos-al-juicio-se-enfrentara-al-juez-cogan\\\/\",\"url\":\"https:\\\/\\\/fuentesfidedignas.com.mx\\\/index.php\\\/2024\\\/10\\\/18\\\/el-mayo-zambada-arranca-procesos-previos-al-juicio-se-enfrentara-al-juez-cogan\\\/\",\"name\":\"'El Mayo' Zambada arranca procesos previos al juicio; se enfrentar\u00e1 al juez Cogan - Fuentes Fidedignas\",\"isPartOf\":{\"@id\":\"https:\\\/\\\/fuentesfidedignas.com.mx\\\/#website\"},\"primaryImageOfPage\":{\"@id\":\"https:\\\/\\\/fuentesfidedignas.com.mx\\\/index.php\\\/2024\\\/10\\\/18\\\/el-mayo-zambada-arranca-procesos-previos-al-juicio-se-enfrentara-al-juez-cogan\\\/#primaryimage\"},\"image\":{\"@id\":\"https:\\\/\\\/fuentesfidedignas.com.mx\\\/index.php\\\/2024\\\/10\\\/18\\\/el-mayo-zambada-arranca-procesos-previos-al-juicio-se-enfrentara-al-juez-cogan\\\/#primaryimage\"},\"thumbnailUrl\":\"https:\\\/\\\/fuentesfidedignas.com.mx\\\/wp-content\\\/uploads\\\/2024\\\/08\\\/mayo_zambada.jpg\",\"datePublished\":\"2024-10-18T15:15:54+00:00\",\"dateModified\":\"2024-10-18T16:33:20+00:00\",\"breadcrumb\":{\"@id\":\"https:\\\/\\\/fuentesfidedignas.com.mx\\\/index.php\\\/2024\\\/10\\\/18\\\/el-mayo-zambada-arranca-procesos-previos-al-juicio-se-enfrentara-al-juez-cogan\\\/#breadcrumb\"},\"inLanguage\":\"es\",\"potentialAction\":[{\"@type\":\"ReadAction\",\"target\":[\"https:\\\/\\\/fuentesfidedignas.com.mx\\\/index.php\\\/2024\\\/10\\\/18\\\/el-mayo-zambada-arranca-procesos-previos-al-juicio-se-enfrentara-al-juez-cogan\\\/\"]}]},{\"@type\":\"ImageObject\",\"inLanguage\":\"es\",\"@id\":\"https:\\\/\\\/fuentesfidedignas.com.mx\\\/index.php\\\/2024\\\/10\\\/18\\\/el-mayo-zambada-arranca-procesos-previos-al-juicio-se-enfrentara-al-juez-cogan\\\/#primaryimage\",\"url\":\"https:\\\/\\\/fuentesfidedignas.com.mx\\\/wp-content\\\/uploads\\\/2024\\\/08\\\/mayo_zambada.jpg\",\"contentUrl\":\"https:\\\/\\\/fuentesfidedignas.com.mx\\\/wp-content\\\/uploads\\\/2024\\\/08\\\/mayo_zambada.jpg\",\"width\":929,\"height\":580},{\"@type\":\"BreadcrumbList\",\"@id\":\"https:\\\/\\\/fuentesfidedignas.com.mx\\\/index.php\\\/2024\\\/10\\\/18\\\/el-mayo-zambada-arranca-procesos-previos-al-juicio-se-enfrentara-al-juez-cogan\\\/#breadcrumb\",\"itemListElement\":[{\"@type\":\"ListItem\",\"position\":1,\"name\":\"Inicio\",\"item\":\"https:\\\/\\\/fuentesfidedignas.com.mx\\\/\"},{\"@type\":\"ListItem\",\"position\":2,\"name\":\"&#8216;El Mayo&#8217; Zambada arranca procesos previos al juicio; se enfrentar\u00e1 al juez Cogan\"}]},{\"@type\":\"WebSite\",\"@id\":\"https:\\\/\\\/fuentesfidedignas.com.mx\\\/#website\",\"url\":\"https:\\\/\\\/fuentesfidedignas.com.mx\\\/\",\"name\":\"Fuentes Fidedignas\",\"description\":\"Otro sitio realizado con WordPress\",\"publisher\":{\"@id\":\"https:\\\/\\\/fuentesfidedignas.com.mx\\\/#organization\"},\"potentialAction\":[{\"@type\":\"SearchAction\",\"target\":{\"@type\":\"EntryPoint\",\"urlTemplate\":\"https:\\\/\\\/fuentesfidedignas.com.mx\\\/?s={search_term_string}\"},\"query-input\":{\"@type\":\"PropertyValueSpecification\",\"valueRequired\":true,\"valueName\":\"search_term_string\"}}],\"inLanguage\":\"es\"},{\"@type\":\"Organization\",\"@id\":\"https:\\\/\\\/fuentesfidedignas.com.mx\\\/#organization\",\"name\":\"Fuentes Fidedignas\",\"url\":\"https:\\\/\\\/fuentesfidedignas.com.mx\\\/\",\"logo\":{\"@type\":\"ImageObject\",\"inLanguage\":\"es\",\"@id\":\"https:\\\/\\\/fuentesfidedignas.com.mx\\\/#\\\/schema\\\/logo\\\/image\\\/\",\"url\":\"https:\\\/\\\/fuentesfidedignas.com.mx\\\/wp-content\\\/uploads\\\/2021\\\/04\\\/logo-retina.png\",\"contentUrl\":\"https:\\\/\\\/fuentesfidedignas.com.mx\\\/wp-content\\\/uploads\\\/2021\\\/04\\\/logo-retina.png\",\"width\":280,\"height\":51,\"caption\":\"Fuentes Fidedignas\"},\"image\":{\"@id\":\"https:\\\/\\\/fuentesfidedignas.com.mx\\\/#\\\/schema\\\/logo\\\/image\\\/\"},\"sameAs\":[\"https:\\\/\\\/www.facebook.com\\\/Fuentes-Fidedignas-368234489921644\",\"https:\\\/\\\/x.com\\\/fidedignas\"]},{\"@type\":\"Person\",\"@id\":\"https:\\\/\\\/fuentesfidedignas.com.mx\\\/#\\\/schema\\\/person\\\/47ec0135738f4b0c7495f06a77a2c976\",\"name\":\"Milenio\",\"image\":{\"@type\":\"ImageObject\",\"inLanguage\":\"es\",\"@id\":\"https:\\\/\\\/secure.gravatar.com\\\/avatar\\\/acabf7b54753e51c2c76457954577c236b3b764789b19879565769739d1e4a75?s=96&d=mm&r=g\",\"url\":\"https:\\\/\\\/secure.gravatar.com\\\/avatar\\\/acabf7b54753e51c2c76457954577c236b3b764789b19879565769739d1e4a75?s=96&d=mm&r=g\",\"contentUrl\":\"https:\\\/\\\/secure.gravatar.com\\\/avatar\\\/acabf7b54753e51c2c76457954577c236b3b764789b19879565769739d1e4a75?s=96&d=mm&r=g\",\"caption\":\"Milenio\"},\"url\":\"https:\\\/\\\/fuentesfidedignas.com.mx\\\/index.php\\\/author\\\/milenio\\\/\"}]}<\/script>\n<!-- \/ Yoast SEO plugin. -->","yoast_head_json":{"title":"'El Mayo' Zambada arranca procesos previos al juicio; se enfrentar\u00e1 al juez Cogan - Fuentes Fidedignas","robots":{"index":"index","follow":"follow","max-snippet":"max-snippet:-1","max-image-preview":"max-image-preview:large","max-video-preview":"max-video-preview:-1"},"canonical":"https:\/\/fuentesfidedignas.com.mx\/index.php\/2024\/10\/18\/el-mayo-zambada-arranca-procesos-previos-al-juicio-se-enfrentara-al-juez-cogan\/","og_locale":"es_MX","og_type":"article","og_title":"'El Mayo' Zambada arranca procesos previos al juicio; se enfrentar\u00e1 al juez Cogan - Fuentes Fidedignas","og_description":"El juez que estar\u00e1 a cargo del caso del cofundador del C\u00e1rtel de Sinaloa es el mismo que sentenci\u00f3 a Genaro Garc\u00eda Luna. Concluye caso Genaro Garc\u00eda Luna e inicia el de Ismael Zambada Garc\u00eda. El juez Brian Cogan recibir\u00e1 hoy viernes 18 de octubre a El Mayo, ex l\u00edder del C\u00e1rtel de Sinaloa, como [&hellip;]","og_url":"https:\/\/fuentesfidedignas.com.mx\/index.php\/2024\/10\/18\/el-mayo-zambada-arranca-procesos-previos-al-juicio-se-enfrentara-al-juez-cogan\/","og_site_name":"Fuentes Fidedignas","article_publisher":"https:\/\/www.facebook.com\/Fuentes-Fidedignas-368234489921644","article_published_time":"2024-10-18T15:15:54+00:00","article_modified_time":"2024-10-18T16:33:20+00:00","og_image":[{"width":929,"height":580,"url":"https:\/\/fuentesfidedignas.com.mx\/wp-content\/uploads\/2024\/08\/mayo_zambada.jpg","type":"image\/jpeg"}],"author":"Milenio","twitter_card":"summary_large_image","twitter_creator":"@fidedignas","twitter_site":"@fidedignas","twitter_misc":{"Escrito por":"Milenio","Tiempo de lectura":"3 minutos"},"schema":{"@context":"https:\/\/schema.org","@graph":[{"@type":"Article","@id":"https:\/\/fuentesfidedignas.com.mx\/index.php\/2024\/10\/18\/el-mayo-zambada-arranca-procesos-previos-al-juicio-se-enfrentara-al-juez-cogan\/#article","isPartOf":{"@id":"https:\/\/fuentesfidedignas.com.mx\/index.php\/2024\/10\/18\/el-mayo-zambada-arranca-procesos-previos-al-juicio-se-enfrentara-al-juez-cogan\/"},"author":{"name":"Milenio","@id":"https:\/\/fuentesfidedignas.com.mx\/#\/schema\/person\/47ec0135738f4b0c7495f06a77a2c976"},"headline":"&#8216;El Mayo&#8217; Zambada arranca procesos previos al juicio; se enfrentar\u00e1 al juez Cogan","datePublished":"2024-10-18T15:15:54+00:00","dateModified":"2024-10-18T16:33:20+00:00","mainEntityOfPage":{"@id":"https:\/\/fuentesfidedignas.com.mx\/index.php\/2024\/10\/18\/el-mayo-zambada-arranca-procesos-previos-al-juicio-se-enfrentara-al-juez-cogan\/"},"wordCount":511,"commentCount":0,"publisher":{"@id":"https:\/\/fuentesfidedignas.com.mx\/#organization"},"image":{"@id":"https:\/\/fuentesfidedignas.com.mx\/index.php\/2024\/10\/18\/el-mayo-zambada-arranca-procesos-previos-al-juicio-se-enfrentara-al-juez-cogan\/#primaryimage"},"thumbnailUrl":"https:\/\/fuentesfidedignas.com.mx\/wp-content\/uploads\/2024\/08\/mayo_zambada.jpg","inLanguage":"es","potentialAction":[{"@type":"CommentAction","name":"Comment","target":["https:\/\/fuentesfidedignas.com.mx\/index.php\/2024\/10\/18\/el-mayo-zambada-arranca-procesos-previos-al-juicio-se-enfrentara-al-juez-cogan\/#respond"]}]},{"@type":"WebPage","@id":"https:\/\/fuentesfidedignas.com.mx\/index.php\/2024\/10\/18\/el-mayo-zambada-arranca-procesos-previos-al-juicio-se-enfrentara-al-juez-cogan\/","url":"https:\/\/fuentesfidedignas.com.mx\/index.php\/2024\/10\/18\/el-mayo-zambada-arranca-procesos-previos-al-juicio-se-enfrentara-al-juez-cogan\/","name":"'El Mayo' Zambada arranca procesos previos al juicio; se enfrentar\u00e1 al juez Cogan - Fuentes Fidedignas","isPartOf":{"@id":"https:\/\/fuentesfidedignas.com.mx\/#website"},"primaryImageOfPage":{"@id":"https:\/\/fuentesfidedignas.com.mx\/index.php\/2024\/10\/18\/el-mayo-zambada-arranca-procesos-previos-al-juicio-se-enfrentara-al-juez-cogan\/#primaryimage"},"image":{"@id":"https:\/\/fuentesfidedignas.com.mx\/index.php\/2024\/10\/18\/el-mayo-zambada-arranca-procesos-previos-al-juicio-se-enfrentara-al-juez-cogan\/#primaryimage"},"thumbnailUrl":"https:\/\/fuentesfidedignas.com.mx\/wp-content\/uploads\/2024\/08\/mayo_zambada.jpg","datePublished":"2024-10-18T15:15:54+00:00","dateModified":"2024-10-18T16:33:20+00:00","breadcrumb":{"@id":"https:\/\/fuentesfidedignas.com.mx\/index.php\/2024\/10\/18\/el-mayo-zambada-arranca-procesos-previos-al-juicio-se-enfrentara-al-juez-cogan\/#breadcrumb"},"inLanguage":"es","potentialAction":[{"@type":"ReadAction","target":["https:\/\/fuentesfidedignas.com.mx\/index.php\/2024\/10\/18\/el-mayo-zambada-arranca-procesos-previos-al-juicio-se-enfrentara-al-juez-cogan\/"]}]},{"@type":"ImageObject","inLanguage":"es","@id":"https:\/\/fuentesfidedignas.com.mx\/index.php\/2024\/10\/18\/el-mayo-zambada-arranca-procesos-previos-al-juicio-se-enfrentara-al-juez-cogan\/#primaryimage","url":"https:\/\/fuentesfidedignas.com.mx\/wp-content\/uploads\/2024\/08\/mayo_zambada.jpg","contentUrl":"https:\/\/fuentesfidedignas.com.mx\/wp-content\/uploads\/2024\/08\/mayo_zambada.jpg","width":929,"height":580},{"@type":"BreadcrumbList","@id":"https:\/\/fuentesfidedignas.com.mx\/index.php\/2024\/10\/18\/el-mayo-zambada-arranca-procesos-previos-al-juicio-se-enfrentara-al-juez-cogan\/#breadcrumb","itemListElement":[{"@type":"ListItem","position":1,"name":"Inicio","item":"https:\/\/fuentesfidedignas.com.mx\/"},{"@type":"ListItem","position":2,"name":"&#8216;El Mayo&#8217; Zambada arranca procesos previos al juicio; se enfrentar\u00e1 al juez Cogan"}]},{"@type":"WebSite","@id":"https:\/\/fuentesfidedignas.com.mx\/#website","url":"https:\/\/fuentesfidedignas.com.mx\/","name":"Fuentes Fidedignas","description":"Otro sitio realizado con WordPress","publisher":{"@id":"https:\/\/fuentesfidedignas.com.mx\/#organization"},"potentialAction":[{"@type":"SearchAction","target":{"@type":"EntryPoint","urlTemplate":"https:\/\/fuentesfidedignas.com.mx\/?s={search_term_string}"},"query-input":{"@type":"PropertyValueSpecification","valueRequired":true,"valueName":"search_term_string"}}],"inLanguage":"es"},{"@type":"Organization","@id":"https:\/\/fuentesfidedignas.com.mx\/#organization","name":"Fuentes Fidedignas","url":"https:\/\/fuentesfidedignas.com.mx\/","logo":{"@type":"ImageObject","inLanguage":"es","@id":"https:\/\/fuentesfidedignas.com.mx\/#\/schema\/logo\/image\/","url":"https:\/\/fuentesfidedignas.com.mx\/wp-content\/uploads\/2021\/04\/logo-retina.png","contentUrl":"https:\/\/fuentesfidedignas.com.mx\/wp-content\/uploads\/2021\/04\/logo-retina.png","width":280,"height":51,"caption":"Fuentes Fidedignas"},"image":{"@id":"https:\/\/fuentesfidedignas.com.mx\/#\/schema\/logo\/image\/"},"sameAs":["https:\/\/www.facebook.com\/Fuentes-Fidedignas-368234489921644","https:\/\/x.com\/fidedignas"]},{"@type":"Person","@id":"https:\/\/fuentesfidedignas.com.mx\/#\/schema\/person\/47ec0135738f4b0c7495f06a77a2c976","name":"Milenio","image":{"@type":"ImageObject","inLanguage":"es","@id":"https:\/\/secure.gravatar.com\/avatar\/acabf7b54753e51c2c76457954577c236b3b764789b19879565769739d1e4a75?s=96&d=mm&r=g","url":"https:\/\/secure.gravatar.com\/avatar\/acabf7b54753e51c2c76457954577c236b3b764789b19879565769739d1e4a75?s=96&d=mm&r=g","contentUrl":"https:\/\/secure.gravatar.com\/avatar\/acabf7b54753e51c2c76457954577c236b3b764789b19879565769739d1e4a75?s=96&d=mm&r=g","caption":"Milenio"},"url":"https:\/\/fuentesfidedignas.com.mx\/index.php\/author\/milenio\/"}]}},"_links":{"self":[{"href":"https:\/\/fuentesfidedignas.com.mx\/index.php\/wp-json\/wp\/v2\/posts\/93579","targetHints":{"allow":["GET"]}}],"collection":[{"href":"https:\/\/fuentesfidedignas.com.mx\/index.php\/wp-json\/wp\/v2\/posts"}],"about":[{"href":"https:\/\/fuentesfidedignas.com.mx\/index.php\/wp-json\/wp\/v2\/types\/post"}],"author":[{"embeddable":true,"href":"https:\/\/fuentesfidedignas.com.mx\/index.php\/wp-json\/wp\/v2\/users\/9"}],"replies":[{"embeddable":true,"href":"https:\/\/fuentesfidedignas.com.mx\/index.php\/wp-json\/wp\/v2\/comments?post=93579"}],"version-history":[{"count":1,"href":"https:\/\/fuentesfidedignas.com.mx\/index.php\/wp-json\/wp\/v2\/posts\/93579\/revisions"}],"predecessor-version":[{"id":93580,"href":"https:\/\/fuentesfidedignas.com.mx\/index.php\/wp-json\/wp\/v2\/posts\/93579\/revisions\/93580"}],"wp:featuredmedia":[{"embeddable":true,"href":"https:\/\/fuentesfidedignas.com.mx\/index.php\/wp-json\/wp\/v2\/media\/88463"}],"wp:attachment":[{"href":"https:\/\/fuentesfidedignas.com.mx\/index.php\/wp-json\/wp\/v2\/media?parent=93579"}],"wp:term":[{"taxonomy":"category","embeddable":true,"href":"https:\/\/fuentesfidedignas.com.mx\/index.php\/wp-json\/wp\/v2\/categories?post=93579"},{"taxonomy":"post_tag","embeddable":true,"href":"https:\/\/fuentesfidedignas.com.mx\/index.php\/wp-json\/wp\/v2\/tags?post=93579"}],"curies":[{"name":"wp","href":"https:\/\/api.w.org\/{rel}","templated":true}]}}