{"id":93503,"date":"2024-10-17T08:15:07","date_gmt":"2024-10-17T15:15:07","guid":{"rendered":"https:\/\/fuentesfidedignas.com.mx\/?p=93503"},"modified":"2024-10-17T08:15:09","modified_gmt":"2024-10-17T15:15:09","slug":"muere-kompa-yaso-comediante-de-humor-negro-que-participo-en-chisme-no-like-esto-sabemos","status":"publish","type":"post","link":"https:\/\/fuentesfidedignas.com.mx\/index.php\/2024\/10\/17\/muere-kompa-yaso-comediante-de-humor-negro-que-participo-en-chisme-no-like-esto-sabemos\/","title":{"rendered":"Muere Kompa Yaso, comediante de humor negro que particip\u00f3 en Chisme No Like; esto sabemos"},"content":{"rendered":"\n<p><strong><em>El famoso comediante luch\u00f3 durante una semana por su vida, pero lamentablemente no logr\u00f3 salir adelante.<\/em><\/strong><\/p>\n\n\n\n<p>Muri\u00f3 Kompa Yaso, comediante de humor negro que particip\u00f3 en Chisme No Like y Tengo talento, mucho talento, despu\u00e9s de que fue internado en un hospital porque necesitaba un trasplante; ahora despu\u00e9s de otra hospitalizaci\u00f3n falleci\u00f3<\/p>\n\n\n\n<p>Fue a trav\u00e9s de redes sociales que la periodista Mar\u00eda Luis Vald\u00e9s Doria dio a conocer la lamentable noticia; el comediante ten\u00eda diversos problemas de salud desde hace tiempo, pero hab\u00eda logrado salir adelante.<\/p>\n\n\n\n<p>La conductora y periodista puntualiz\u00f3 que el comediante llevaba una semana hospitalizado y estaba luchando por su vida tras enfrentar en diversas ocasiones complicaciones en la salud, aunque sus fans esperaban que se recuperaba.<\/p>\n\n\n\n<p>Vald\u00e9s Doria habl\u00f3 en exclusiva con la hermana del comediante, quien confirm\u00f3 el fallecimiento del famoso, puntualiz\u00f3 que se le subi\u00f3 la presi\u00f3n y tuvo da\u00f1o cerebral, lo cual le llev\u00f3 a perder la vida eventualmente.&nbsp;&#8220;Una gran persona&#8221;, dijo su hermana con la voz entre cortada.<\/p>\n\n\n\n<blockquote class=\"twitter-tweet\"><p lang=\"es\" dir=\"ltr\">Fallece <a href=\"https:\/\/twitter.com\/KompaYasoConK?ref_src=twsrc%5Etfw\">@KompaYasoConK<\/a> .. Kompayaso llevaba una semana hospitalizado.. descanse en paz <a href=\"https:\/\/t.co\/EM0X9GLGMY\">pic.twitter.com\/EM0X9GLGMY<\/a><\/p>&mdash; Maria Luisa Valdes D (@MaguichaDoria) <a href=\"https:\/\/twitter.com\/MaguichaDoria\/status\/1846924670253388050?ref_src=twsrc%5Etfw\">October 17, 2024<\/a><\/blockquote> <script async src=\"https:\/\/platform.twitter.com\/widgets.js\" charset=\"utf-8\"><\/script>\n\n\n\n<p><strong>Fans despiden a Kompa Yaso<\/strong><br>Con mensajes de emotivos, seguidores y personas allegadas al payaso se han despedido del famoso. Tambi\u00e9n hay quienes expresaron condolencias a la familia del comediante.<\/p>\n\n\n\n<p>La salud del comediante no era la mejor, el pasado 7 de febrero, su hermana, a trav\u00e9s de una entrevista con Gustavo Adolfo Infante revel\u00f3 que el comediante necesitaba un trasplante de ri\u00f1\u00f3n.<\/p>\n\n\n\n<p>&#8220;Estamos esperando (el trasplante). Todav\u00eda no s\u00e9 nada, mi hija est\u00e1 con \u00e9l, pero ya me dijeron que le urge la hemodi\u00e1lisis. Cuando no funcionan bien los ri\u00f1ones te ponen un cat\u00e9ter en el cuerpo, una para que salga la sangre, va filtrando la sangre, toma como 3 horas. En su caso era una vez por semana y ahorita le dijeron que dos, pero parece que ahorita urge&#8221;.<\/p>\n\n\n\n<p>Agreg\u00f3 que el payaso tambi\u00e9n necesitaba una hemodi\u00e1lisis por indicaci\u00f3n m\u00e9dica, las cuales le ayudaban a limpiar la sangre y as\u00ed no tuviera otros problemas en tanto espera que llegue un ri\u00f1\u00f3n para realizar el trasplante.<\/p>\n\n\n\n<p><strong>\u00bfQui\u00e9n era el Kompa Yaso?<\/strong><\/p>\n\n\n\n<p>El Kompa Yaso era un comediante de humor negro de origen mexicano. Su humor y forma de expresarse hizo que formara parte de diferentes proyectos audiovisuales como: Chisme No Like, programa de espect\u00e1culos; y el show Tiene Talento, mucho talento, a lado de Ana Barbara.<\/p>\n\n\n\n<p>En Chisme No Like, el Kompa Yaso particip\u00f3 como suplente de&nbsp;Javier Ceriani; lo que le hizo ganar fama por su versatilidad a la hora de tocar diferentes temas.<\/p>\n\n\n\n<p>Kompa Yaso estudi\u00f3 en la Universidad Nacional Aut\u00f3noma de M\u00e9xico&nbsp;la carrera de Actuaci\u00f3n y Direcci\u00f3n, pero no se titul\u00f3 debido a una huelga estudiantil, no obstante, mientras estuvo matriculado destac\u00f3 por su habilidad en los idiomas.&nbsp;&nbsp;<\/p>\n\n\n\n<p>\u201cMi intenci\u00f3n era terminar la carrera, pero se vino la huelga y ya ni regres\u00e9 al pa\u00eds, solo me quer\u00eda titular por mi mam\u00e1, porque no lo necesitaba\u201d, comunic\u00f3 el comediante en una entrevista.<\/p>\n","protected":false},"excerpt":{"rendered":"<p>El famoso comediante luch\u00f3 durante una semana por su vida, pero lamentablemente no logr\u00f3 salir adelante. Muri\u00f3 Kompa Yaso, comediante de humor negro que particip\u00f3 en Chisme No Like y Tengo talento, mucho talento, despu\u00e9s de que fue internado en un hospital porque necesitaba un trasplante; ahora despu\u00e9s de otra hospitalizaci\u00f3n falleci\u00f3 Fue a trav\u00e9s [&hellip;]<\/p>\n","protected":false},"author":9,"featured_media":93504,"comment_status":"open","ping_status":"open","sticky":false,"template":"","format":"standard","meta":{"tdm_status":"","tdm_grid_status":"","footnotes":""},"categories":[39],"tags":[],"class_list":{"0":"post-93503","1":"post","2":"type-post","3":"status-publish","4":"format-standard","5":"has-post-thumbnail","7":"category-noticias-nacionales"},"yoast_head":"<!-- This site is optimized with the Yoast SEO plugin v27.5 - https:\/\/yoast.com\/product\/yoast-seo-wordpress\/ -->\n<title>Muere Kompa Yaso, comediante de humor negro que particip\u00f3 en Chisme No Like; esto sabemos - Fuentes Fidedignas<\/title>\n<meta name=\"robots\" content=\"index, follow, max-snippet:-1, max-image-preview:large, max-video-preview:-1\" \/>\n<link rel=\"canonical\" href=\"https:\/\/fuentesfidedignas.com.mx\/index.php\/2024\/10\/17\/muere-kompa-yaso-comediante-de-humor-negro-que-participo-en-chisme-no-like-esto-sabemos\/\" \/>\n<meta property=\"og:locale\" content=\"es_MX\" \/>\n<meta property=\"og:type\" content=\"article\" \/>\n<meta property=\"og:title\" content=\"Muere Kompa Yaso, comediante de humor negro que particip\u00f3 en Chisme No Like; esto sabemos - Fuentes Fidedignas\" \/>\n<meta property=\"og:description\" content=\"El famoso comediante luch\u00f3 durante una semana por su vida, pero lamentablemente no logr\u00f3 salir adelante. Muri\u00f3 Kompa Yaso, comediante de humor negro que particip\u00f3 en Chisme No Like y Tengo talento, mucho talento, despu\u00e9s de que fue internado en un hospital porque necesitaba un trasplante; ahora despu\u00e9s de otra hospitalizaci\u00f3n falleci\u00f3 Fue a trav\u00e9s [&hellip;]\" \/>\n<meta property=\"og:url\" content=\"https:\/\/fuentesfidedignas.com.mx\/index.php\/2024\/10\/17\/muere-kompa-yaso-comediante-de-humor-negro-que-participo-en-chisme-no-like-esto-sabemos\/\" \/>\n<meta property=\"og:site_name\" content=\"Fuentes Fidedignas\" \/>\n<meta property=\"article:publisher\" content=\"https:\/\/www.facebook.com\/Fuentes-Fidedignas-368234489921644\" \/>\n<meta property=\"article:published_time\" content=\"2024-10-17T15:15:07+00:00\" \/>\n<meta property=\"article:modified_time\" content=\"2024-10-17T15:15:09+00:00\" \/>\n<meta property=\"og:image\" content=\"https:\/\/fuentesfidedignas.com.mx\/wp-content\/uploads\/2024\/10\/kompa-yaso.jpeg\" \/>\n\t<meta property=\"og:image:width\" content=\"650\" \/>\n\t<meta property=\"og:image:height\" content=\"365\" \/>\n\t<meta property=\"og:image:type\" content=\"image\/jpeg\" \/>\n<meta name=\"author\" content=\"Milenio\" \/>\n<meta name=\"twitter:card\" content=\"summary_large_image\" \/>\n<meta name=\"twitter:creator\" content=\"@fidedignas\" \/>\n<meta name=\"twitter:site\" content=\"@fidedignas\" \/>\n<meta name=\"twitter:label1\" content=\"Escrito por\" \/>\n\t<meta name=\"twitter:data1\" content=\"Milenio\" \/>\n\t<meta name=\"twitter:label2\" content=\"Tiempo de lectura\" \/>\n\t<meta name=\"twitter:data2\" content=\"3 minutos\" \/>\n<script type=\"application\/ld+json\" class=\"yoast-schema-graph\">{\"@context\":\"https:\\\/\\\/schema.org\",\"@graph\":[{\"@type\":\"Article\",\"@id\":\"https:\\\/\\\/fuentesfidedignas.com.mx\\\/index.php\\\/2024\\\/10\\\/17\\\/muere-kompa-yaso-comediante-de-humor-negro-que-participo-en-chisme-no-like-esto-sabemos\\\/#article\",\"isPartOf\":{\"@id\":\"https:\\\/\\\/fuentesfidedignas.com.mx\\\/index.php\\\/2024\\\/10\\\/17\\\/muere-kompa-yaso-comediante-de-humor-negro-que-participo-en-chisme-no-like-esto-sabemos\\\/\"},\"author\":{\"name\":\"Milenio\",\"@id\":\"https:\\\/\\\/fuentesfidedignas.com.mx\\\/#\\\/schema\\\/person\\\/47ec0135738f4b0c7495f06a77a2c976\"},\"headline\":\"Muere Kompa Yaso, comediante de humor negro que particip\u00f3 en Chisme No Like; esto sabemos\",\"datePublished\":\"2024-10-17T15:15:07+00:00\",\"dateModified\":\"2024-10-17T15:15:09+00:00\",\"mainEntityOfPage\":{\"@id\":\"https:\\\/\\\/fuentesfidedignas.com.mx\\\/index.php\\\/2024\\\/10\\\/17\\\/muere-kompa-yaso-comediante-de-humor-negro-que-participo-en-chisme-no-like-esto-sabemos\\\/\"},\"wordCount\":557,\"commentCount\":0,\"publisher\":{\"@id\":\"https:\\\/\\\/fuentesfidedignas.com.mx\\\/#organization\"},\"image\":{\"@id\":\"https:\\\/\\\/fuentesfidedignas.com.mx\\\/index.php\\\/2024\\\/10\\\/17\\\/muere-kompa-yaso-comediante-de-humor-negro-que-participo-en-chisme-no-like-esto-sabemos\\\/#primaryimage\"},\"thumbnailUrl\":\"https:\\\/\\\/fuentesfidedignas.com.mx\\\/wp-content\\\/uploads\\\/2024\\\/10\\\/kompa-yaso.jpeg\",\"articleSection\":[\"NOTICIAS NACIONALES\"],\"inLanguage\":\"es\",\"potentialAction\":[{\"@type\":\"CommentAction\",\"name\":\"Comment\",\"target\":[\"https:\\\/\\\/fuentesfidedignas.com.mx\\\/index.php\\\/2024\\\/10\\\/17\\\/muere-kompa-yaso-comediante-de-humor-negro-que-participo-en-chisme-no-like-esto-sabemos\\\/#respond\"]}]},{\"@type\":\"WebPage\",\"@id\":\"https:\\\/\\\/fuentesfidedignas.com.mx\\\/index.php\\\/2024\\\/10\\\/17\\\/muere-kompa-yaso-comediante-de-humor-negro-que-participo-en-chisme-no-like-esto-sabemos\\\/\",\"url\":\"https:\\\/\\\/fuentesfidedignas.com.mx\\\/index.php\\\/2024\\\/10\\\/17\\\/muere-kompa-yaso-comediante-de-humor-negro-que-participo-en-chisme-no-like-esto-sabemos\\\/\",\"name\":\"Muere Kompa Yaso, comediante de humor negro que particip\u00f3 en Chisme No Like; esto sabemos - Fuentes Fidedignas\",\"isPartOf\":{\"@id\":\"https:\\\/\\\/fuentesfidedignas.com.mx\\\/#website\"},\"primaryImageOfPage\":{\"@id\":\"https:\\\/\\\/fuentesfidedignas.com.mx\\\/index.php\\\/2024\\\/10\\\/17\\\/muere-kompa-yaso-comediante-de-humor-negro-que-participo-en-chisme-no-like-esto-sabemos\\\/#primaryimage\"},\"image\":{\"@id\":\"https:\\\/\\\/fuentesfidedignas.com.mx\\\/index.php\\\/2024\\\/10\\\/17\\\/muere-kompa-yaso-comediante-de-humor-negro-que-participo-en-chisme-no-like-esto-sabemos\\\/#primaryimage\"},\"thumbnailUrl\":\"https:\\\/\\\/fuentesfidedignas.com.mx\\\/wp-content\\\/uploads\\\/2024\\\/10\\\/kompa-yaso.jpeg\",\"datePublished\":\"2024-10-17T15:15:07+00:00\",\"dateModified\":\"2024-10-17T15:15:09+00:00\",\"breadcrumb\":{\"@id\":\"https:\\\/\\\/fuentesfidedignas.com.mx\\\/index.php\\\/2024\\\/10\\\/17\\\/muere-kompa-yaso-comediante-de-humor-negro-que-participo-en-chisme-no-like-esto-sabemos\\\/#breadcrumb\"},\"inLanguage\":\"es\",\"potentialAction\":[{\"@type\":\"ReadAction\",\"target\":[\"https:\\\/\\\/fuentesfidedignas.com.mx\\\/index.php\\\/2024\\\/10\\\/17\\\/muere-kompa-yaso-comediante-de-humor-negro-que-participo-en-chisme-no-like-esto-sabemos\\\/\"]}]},{\"@type\":\"ImageObject\",\"inLanguage\":\"es\",\"@id\":\"https:\\\/\\\/fuentesfidedignas.com.mx\\\/index.php\\\/2024\\\/10\\\/17\\\/muere-kompa-yaso-comediante-de-humor-negro-que-participo-en-chisme-no-like-esto-sabemos\\\/#primaryimage\",\"url\":\"https:\\\/\\\/fuentesfidedignas.com.mx\\\/wp-content\\\/uploads\\\/2024\\\/10\\\/kompa-yaso.jpeg\",\"contentUrl\":\"https:\\\/\\\/fuentesfidedignas.com.mx\\\/wp-content\\\/uploads\\\/2024\\\/10\\\/kompa-yaso.jpeg\",\"width\":650,\"height\":365},{\"@type\":\"BreadcrumbList\",\"@id\":\"https:\\\/\\\/fuentesfidedignas.com.mx\\\/index.php\\\/2024\\\/10\\\/17\\\/muere-kompa-yaso-comediante-de-humor-negro-que-participo-en-chisme-no-like-esto-sabemos\\\/#breadcrumb\",\"itemListElement\":[{\"@type\":\"ListItem\",\"position\":1,\"name\":\"Inicio\",\"item\":\"https:\\\/\\\/fuentesfidedignas.com.mx\\\/\"},{\"@type\":\"ListItem\",\"position\":2,\"name\":\"Muere Kompa Yaso, comediante de humor negro que particip\u00f3 en Chisme No Like; esto sabemos\"}]},{\"@type\":\"WebSite\",\"@id\":\"https:\\\/\\\/fuentesfidedignas.com.mx\\\/#website\",\"url\":\"https:\\\/\\\/fuentesfidedignas.com.mx\\\/\",\"name\":\"Fuentes Fidedignas\",\"description\":\"Otro sitio realizado con WordPress\",\"publisher\":{\"@id\":\"https:\\\/\\\/fuentesfidedignas.com.mx\\\/#organization\"},\"potentialAction\":[{\"@type\":\"SearchAction\",\"target\":{\"@type\":\"EntryPoint\",\"urlTemplate\":\"https:\\\/\\\/fuentesfidedignas.com.mx\\\/?s={search_term_string}\"},\"query-input\":{\"@type\":\"PropertyValueSpecification\",\"valueRequired\":true,\"valueName\":\"search_term_string\"}}],\"inLanguage\":\"es\"},{\"@type\":\"Organization\",\"@id\":\"https:\\\/\\\/fuentesfidedignas.com.mx\\\/#organization\",\"name\":\"Fuentes Fidedignas\",\"url\":\"https:\\\/\\\/fuentesfidedignas.com.mx\\\/\",\"logo\":{\"@type\":\"ImageObject\",\"inLanguage\":\"es\",\"@id\":\"https:\\\/\\\/fuentesfidedignas.com.mx\\\/#\\\/schema\\\/logo\\\/image\\\/\",\"url\":\"https:\\\/\\\/fuentesfidedignas.com.mx\\\/wp-content\\\/uploads\\\/2021\\\/04\\\/logo-retina.png\",\"contentUrl\":\"https:\\\/\\\/fuentesfidedignas.com.mx\\\/wp-content\\\/uploads\\\/2021\\\/04\\\/logo-retina.png\",\"width\":280,\"height\":51,\"caption\":\"Fuentes Fidedignas\"},\"image\":{\"@id\":\"https:\\\/\\\/fuentesfidedignas.com.mx\\\/#\\\/schema\\\/logo\\\/image\\\/\"},\"sameAs\":[\"https:\\\/\\\/www.facebook.com\\\/Fuentes-Fidedignas-368234489921644\",\"https:\\\/\\\/x.com\\\/fidedignas\"]},{\"@type\":\"Person\",\"@id\":\"https:\\\/\\\/fuentesfidedignas.com.mx\\\/#\\\/schema\\\/person\\\/47ec0135738f4b0c7495f06a77a2c976\",\"name\":\"Milenio\",\"image\":{\"@type\":\"ImageObject\",\"inLanguage\":\"es\",\"@id\":\"https:\\\/\\\/secure.gravatar.com\\\/avatar\\\/acabf7b54753e51c2c76457954577c236b3b764789b19879565769739d1e4a75?s=96&d=mm&r=g\",\"url\":\"https:\\\/\\\/secure.gravatar.com\\\/avatar\\\/acabf7b54753e51c2c76457954577c236b3b764789b19879565769739d1e4a75?s=96&d=mm&r=g\",\"contentUrl\":\"https:\\\/\\\/secure.gravatar.com\\\/avatar\\\/acabf7b54753e51c2c76457954577c236b3b764789b19879565769739d1e4a75?s=96&d=mm&r=g\",\"caption\":\"Milenio\"},\"url\":\"https:\\\/\\\/fuentesfidedignas.com.mx\\\/index.php\\\/author\\\/milenio\\\/\"}]}<\/script>\n<!-- \/ Yoast SEO plugin. -->","yoast_head_json":{"title":"Muere Kompa Yaso, comediante de humor negro que particip\u00f3 en Chisme No Like; esto sabemos - Fuentes Fidedignas","robots":{"index":"index","follow":"follow","max-snippet":"max-snippet:-1","max-image-preview":"max-image-preview:large","max-video-preview":"max-video-preview:-1"},"canonical":"https:\/\/fuentesfidedignas.com.mx\/index.php\/2024\/10\/17\/muere-kompa-yaso-comediante-de-humor-negro-que-participo-en-chisme-no-like-esto-sabemos\/","og_locale":"es_MX","og_type":"article","og_title":"Muere Kompa Yaso, comediante de humor negro que particip\u00f3 en Chisme No Like; esto sabemos - Fuentes Fidedignas","og_description":"El famoso comediante luch\u00f3 durante una semana por su vida, pero lamentablemente no logr\u00f3 salir adelante. Muri\u00f3 Kompa Yaso, comediante de humor negro que particip\u00f3 en Chisme No Like y Tengo talento, mucho talento, despu\u00e9s de que fue internado en un hospital porque necesitaba un trasplante; ahora despu\u00e9s de otra hospitalizaci\u00f3n falleci\u00f3 Fue a trav\u00e9s [&hellip;]","og_url":"https:\/\/fuentesfidedignas.com.mx\/index.php\/2024\/10\/17\/muere-kompa-yaso-comediante-de-humor-negro-que-participo-en-chisme-no-like-esto-sabemos\/","og_site_name":"Fuentes Fidedignas","article_publisher":"https:\/\/www.facebook.com\/Fuentes-Fidedignas-368234489921644","article_published_time":"2024-10-17T15:15:07+00:00","article_modified_time":"2024-10-17T15:15:09+00:00","og_image":[{"width":650,"height":365,"url":"https:\/\/fuentesfidedignas.com.mx\/wp-content\/uploads\/2024\/10\/kompa-yaso.jpeg","type":"image\/jpeg"}],"author":"Milenio","twitter_card":"summary_large_image","twitter_creator":"@fidedignas","twitter_site":"@fidedignas","twitter_misc":{"Escrito por":"Milenio","Tiempo de lectura":"3 minutos"},"schema":{"@context":"https:\/\/schema.org","@graph":[{"@type":"Article","@id":"https:\/\/fuentesfidedignas.com.mx\/index.php\/2024\/10\/17\/muere-kompa-yaso-comediante-de-humor-negro-que-participo-en-chisme-no-like-esto-sabemos\/#article","isPartOf":{"@id":"https:\/\/fuentesfidedignas.com.mx\/index.php\/2024\/10\/17\/muere-kompa-yaso-comediante-de-humor-negro-que-participo-en-chisme-no-like-esto-sabemos\/"},"author":{"name":"Milenio","@id":"https:\/\/fuentesfidedignas.com.mx\/#\/schema\/person\/47ec0135738f4b0c7495f06a77a2c976"},"headline":"Muere Kompa Yaso, comediante de humor negro que particip\u00f3 en Chisme No Like; esto sabemos","datePublished":"2024-10-17T15:15:07+00:00","dateModified":"2024-10-17T15:15:09+00:00","mainEntityOfPage":{"@id":"https:\/\/fuentesfidedignas.com.mx\/index.php\/2024\/10\/17\/muere-kompa-yaso-comediante-de-humor-negro-que-participo-en-chisme-no-like-esto-sabemos\/"},"wordCount":557,"commentCount":0,"publisher":{"@id":"https:\/\/fuentesfidedignas.com.mx\/#organization"},"image":{"@id":"https:\/\/fuentesfidedignas.com.mx\/index.php\/2024\/10\/17\/muere-kompa-yaso-comediante-de-humor-negro-que-participo-en-chisme-no-like-esto-sabemos\/#primaryimage"},"thumbnailUrl":"https:\/\/fuentesfidedignas.com.mx\/wp-content\/uploads\/2024\/10\/kompa-yaso.jpeg","articleSection":["NOTICIAS NACIONALES"],"inLanguage":"es","potentialAction":[{"@type":"CommentAction","name":"Comment","target":["https:\/\/fuentesfidedignas.com.mx\/index.php\/2024\/10\/17\/muere-kompa-yaso-comediante-de-humor-negro-que-participo-en-chisme-no-like-esto-sabemos\/#respond"]}]},{"@type":"WebPage","@id":"https:\/\/fuentesfidedignas.com.mx\/index.php\/2024\/10\/17\/muere-kompa-yaso-comediante-de-humor-negro-que-participo-en-chisme-no-like-esto-sabemos\/","url":"https:\/\/fuentesfidedignas.com.mx\/index.php\/2024\/10\/17\/muere-kompa-yaso-comediante-de-humor-negro-que-participo-en-chisme-no-like-esto-sabemos\/","name":"Muere Kompa Yaso, comediante de humor negro que particip\u00f3 en Chisme No Like; esto sabemos - Fuentes Fidedignas","isPartOf":{"@id":"https:\/\/fuentesfidedignas.com.mx\/#website"},"primaryImageOfPage":{"@id":"https:\/\/fuentesfidedignas.com.mx\/index.php\/2024\/10\/17\/muere-kompa-yaso-comediante-de-humor-negro-que-participo-en-chisme-no-like-esto-sabemos\/#primaryimage"},"image":{"@id":"https:\/\/fuentesfidedignas.com.mx\/index.php\/2024\/10\/17\/muere-kompa-yaso-comediante-de-humor-negro-que-participo-en-chisme-no-like-esto-sabemos\/#primaryimage"},"thumbnailUrl":"https:\/\/fuentesfidedignas.com.mx\/wp-content\/uploads\/2024\/10\/kompa-yaso.jpeg","datePublished":"2024-10-17T15:15:07+00:00","dateModified":"2024-10-17T15:15:09+00:00","breadcrumb":{"@id":"https:\/\/fuentesfidedignas.com.mx\/index.php\/2024\/10\/17\/muere-kompa-yaso-comediante-de-humor-negro-que-participo-en-chisme-no-like-esto-sabemos\/#breadcrumb"},"inLanguage":"es","potentialAction":[{"@type":"ReadAction","target":["https:\/\/fuentesfidedignas.com.mx\/index.php\/2024\/10\/17\/muere-kompa-yaso-comediante-de-humor-negro-que-participo-en-chisme-no-like-esto-sabemos\/"]}]},{"@type":"ImageObject","inLanguage":"es","@id":"https:\/\/fuentesfidedignas.com.mx\/index.php\/2024\/10\/17\/muere-kompa-yaso-comediante-de-humor-negro-que-participo-en-chisme-no-like-esto-sabemos\/#primaryimage","url":"https:\/\/fuentesfidedignas.com.mx\/wp-content\/uploads\/2024\/10\/kompa-yaso.jpeg","contentUrl":"https:\/\/fuentesfidedignas.com.mx\/wp-content\/uploads\/2024\/10\/kompa-yaso.jpeg","width":650,"height":365},{"@type":"BreadcrumbList","@id":"https:\/\/fuentesfidedignas.com.mx\/index.php\/2024\/10\/17\/muere-kompa-yaso-comediante-de-humor-negro-que-participo-en-chisme-no-like-esto-sabemos\/#breadcrumb","itemListElement":[{"@type":"ListItem","position":1,"name":"Inicio","item":"https:\/\/fuentesfidedignas.com.mx\/"},{"@type":"ListItem","position":2,"name":"Muere Kompa Yaso, comediante de humor negro que particip\u00f3 en Chisme No Like; esto sabemos"}]},{"@type":"WebSite","@id":"https:\/\/fuentesfidedignas.com.mx\/#website","url":"https:\/\/fuentesfidedignas.com.mx\/","name":"Fuentes Fidedignas","description":"Otro sitio realizado con WordPress","publisher":{"@id":"https:\/\/fuentesfidedignas.com.mx\/#organization"},"potentialAction":[{"@type":"SearchAction","target":{"@type":"EntryPoint","urlTemplate":"https:\/\/fuentesfidedignas.com.mx\/?s={search_term_string}"},"query-input":{"@type":"PropertyValueSpecification","valueRequired":true,"valueName":"search_term_string"}}],"inLanguage":"es"},{"@type":"Organization","@id":"https:\/\/fuentesfidedignas.com.mx\/#organization","name":"Fuentes Fidedignas","url":"https:\/\/fuentesfidedignas.com.mx\/","logo":{"@type":"ImageObject","inLanguage":"es","@id":"https:\/\/fuentesfidedignas.com.mx\/#\/schema\/logo\/image\/","url":"https:\/\/fuentesfidedignas.com.mx\/wp-content\/uploads\/2021\/04\/logo-retina.png","contentUrl":"https:\/\/fuentesfidedignas.com.mx\/wp-content\/uploads\/2021\/04\/logo-retina.png","width":280,"height":51,"caption":"Fuentes Fidedignas"},"image":{"@id":"https:\/\/fuentesfidedignas.com.mx\/#\/schema\/logo\/image\/"},"sameAs":["https:\/\/www.facebook.com\/Fuentes-Fidedignas-368234489921644","https:\/\/x.com\/fidedignas"]},{"@type":"Person","@id":"https:\/\/fuentesfidedignas.com.mx\/#\/schema\/person\/47ec0135738f4b0c7495f06a77a2c976","name":"Milenio","image":{"@type":"ImageObject","inLanguage":"es","@id":"https:\/\/secure.gravatar.com\/avatar\/acabf7b54753e51c2c76457954577c236b3b764789b19879565769739d1e4a75?s=96&d=mm&r=g","url":"https:\/\/secure.gravatar.com\/avatar\/acabf7b54753e51c2c76457954577c236b3b764789b19879565769739d1e4a75?s=96&d=mm&r=g","contentUrl":"https:\/\/secure.gravatar.com\/avatar\/acabf7b54753e51c2c76457954577c236b3b764789b19879565769739d1e4a75?s=96&d=mm&r=g","caption":"Milenio"},"url":"https:\/\/fuentesfidedignas.com.mx\/index.php\/author\/milenio\/"}]}},"_links":{"self":[{"href":"https:\/\/fuentesfidedignas.com.mx\/index.php\/wp-json\/wp\/v2\/posts\/93503","targetHints":{"allow":["GET"]}}],"collection":[{"href":"https:\/\/fuentesfidedignas.com.mx\/index.php\/wp-json\/wp\/v2\/posts"}],"about":[{"href":"https:\/\/fuentesfidedignas.com.mx\/index.php\/wp-json\/wp\/v2\/types\/post"}],"author":[{"embeddable":true,"href":"https:\/\/fuentesfidedignas.com.mx\/index.php\/wp-json\/wp\/v2\/users\/9"}],"replies":[{"embeddable":true,"href":"https:\/\/fuentesfidedignas.com.mx\/index.php\/wp-json\/wp\/v2\/comments?post=93503"}],"version-history":[{"count":1,"href":"https:\/\/fuentesfidedignas.com.mx\/index.php\/wp-json\/wp\/v2\/posts\/93503\/revisions"}],"predecessor-version":[{"id":93505,"href":"https:\/\/fuentesfidedignas.com.mx\/index.php\/wp-json\/wp\/v2\/posts\/93503\/revisions\/93505"}],"wp:featuredmedia":[{"embeddable":true,"href":"https:\/\/fuentesfidedignas.com.mx\/index.php\/wp-json\/wp\/v2\/media\/93504"}],"wp:attachment":[{"href":"https:\/\/fuentesfidedignas.com.mx\/index.php\/wp-json\/wp\/v2\/media?parent=93503"}],"wp:term":[{"taxonomy":"category","embeddable":true,"href":"https:\/\/fuentesfidedignas.com.mx\/index.php\/wp-json\/wp\/v2\/categories?post=93503"},{"taxonomy":"post_tag","embeddable":true,"href":"https:\/\/fuentesfidedignas.com.mx\/index.php\/wp-json\/wp\/v2\/tags?post=93503"}],"curies":[{"name":"wp","href":"https:\/\/api.w.org\/{rel}","templated":true}]}}