{"id":93471,"date":"2024-10-16T16:58:25","date_gmt":"2024-10-16T23:58:25","guid":{"rendered":"https:\/\/fuentesfidedignas.com.mx\/?p=93471"},"modified":"2024-10-16T16:58:29","modified_gmt":"2024-10-16T23:58:29","slug":"calderon-tras-sentencia-a-garcia-luna-nunca-tuve-evidencia-que-lo-involucrara-con-actividades-ilicitas","status":"publish","type":"post","link":"https:\/\/fuentesfidedignas.com.mx\/index.php\/2024\/10\/16\/calderon-tras-sentencia-a-garcia-luna-nunca-tuve-evidencia-que-lo-involucrara-con-actividades-ilicitas\/","title":{"rendered":"Calder\u00f3n tras sentencia a Garc\u00eda Luna: \u201cNunca tuve evidencia que lo involucrara con actividades il\u00edcitas\u201d"},"content":{"rendered":"\n<p><strong><em>Felipe Calder\u00f3n asegur\u00f3 que nunca tuvo \u201cevidencia verificable\u201d de que Garc\u00eda Luna estuviera involucrado en actividades il\u00edcitas<\/em><\/strong><\/p>\n\n\n\n<p>El expresidente mexicano Felipe Calder\u00f3n se pronunci\u00f3 este mi\u00e9rcoles sobre la sentencia dictada contra Genaro Garc\u00eda Luna, exsecretario de Seguridad P\u00fablica, en una corte de Nueva York.<\/p>\n\n\n\n<p>Por medio de un hilo en X (antes Twitter), el exmandatario asegur\u00f3 que nunca tuvo \u201cevidencia verificable\u201d de que Garc\u00eda Luna estuviera involucrado en actividades il\u00edcitas, ni recibi\u00f3 informaci\u00f3n por parte de agencias de inteligencia, mexicanas o extranjeras, de que as\u00ed fuera.<\/p>\n\n\n\n<p>&#8220;No he tenido acceso a las evidencias ni a los testimonios que se presentaron en el juicio, pero soy hombre de leyes y respeto la acci\u00f3n de los tribunales. Asumo que han actuado conforme a su leal saber y entender. Por lo mismo, soy partidario de que quien infrinja la ley debe asumir las consecuencias de sus actos\u201c, manifest\u00f3.<\/p>\n\n\n\n<blockquote class=\"twitter-tweet\"><p lang=\"es\" dir=\"ltr\">Sobre el caso Garc\u00eda Luna, se\u00f1alo: 1) Nunca tuve evidencia verificable que lo involucrara con actividades il\u00edcitas, ni tampoco recib\u00ed informaci\u00f3n en ese sentido de agencias de inteligencia, mexicanas o extranjeras, que entonces confiaban en \u00e9l e interactuaban con \u00e9l; 2) No he\u2026<\/p>&mdash; Felipe Calder\u00f3n \ud83c\uddf2\ud83c\uddfd (@FelipeCalderon) <a href=\"https:\/\/twitter.com\/FelipeCalderon\/status\/1846690648558035109?ref_src=twsrc%5Etfw\">October 16, 2024<\/a><\/blockquote> <script async src=\"https:\/\/platform.twitter.com\/widgets.js\" charset=\"utf-8\"><\/script>\n\n\n\n<p>Genaro Garc\u00eda Luna fue sentenciado este mi\u00e9rcoles a 38 a\u00f1os de c\u00e1rcel por cinco cargos relacionados con el narcotr\u00e1fico.<\/p>\n\n\n\n<p>Garc\u00eda Luna, de 56 a\u00f1os, que escuch\u00f3 impert\u00e9rrito la sentencia, fue el m\u00e1ximo responsable de la seguridad p\u00fablica en el sexenio de Felipe Calder\u00f3n, en el gobierno de 2006 a 2012, \u00e9poca en la que tuvo bajo su responsabilidad toda la estrategia de lucha antinarc\u00f3ticos.<\/p>\n\n\n\n<p>El juez Brian Cogan, en su discurso final en el que ley\u00f3 la sentencia, lo acus\u00f3 de haber llevado una doble vida, \u201ccompatibilizando su papel en una entra\u00f1able familia con otro como facilitador de una gran empresa criminal\u201d al servicio del C\u00e1rtel de Sinaloa.<\/p>\n","protected":false},"excerpt":{"rendered":"<p>Felipe Calder\u00f3n asegur\u00f3 que nunca tuvo \u201cevidencia verificable\u201d de que Garc\u00eda Luna estuviera involucrado en actividades il\u00edcitas El expresidente mexicano Felipe Calder\u00f3n se pronunci\u00f3 este mi\u00e9rcoles sobre la sentencia dictada contra Genaro Garc\u00eda Luna, exsecretario de Seguridad P\u00fablica, en una corte de Nueva York. Por medio de un hilo en X (antes Twitter), el exmandatario [&hellip;]<\/p>\n","protected":false},"author":47,"featured_media":93472,"comment_status":"open","ping_status":"open","sticky":false,"template":"","format":"standard","meta":{"tdm_status":"","tdm_grid_status":"","footnotes":""},"categories":[39],"tags":[],"class_list":{"0":"post-93471","1":"post","2":"type-post","3":"status-publish","4":"format-standard","5":"has-post-thumbnail","7":"category-noticias-nacionales"},"yoast_head":"<!-- This site is optimized with the Yoast SEO plugin v27.5 - https:\/\/yoast.com\/product\/yoast-seo-wordpress\/ -->\n<title>Calder\u00f3n tras sentencia a Garc\u00eda Luna: \u201cNunca tuve evidencia que lo involucrara con actividades il\u00edcitas\u201d - Fuentes Fidedignas<\/title>\n<meta name=\"robots\" content=\"index, follow, max-snippet:-1, max-image-preview:large, max-video-preview:-1\" \/>\n<link rel=\"canonical\" href=\"https:\/\/fuentesfidedignas.com.mx\/index.php\/2024\/10\/16\/calderon-tras-sentencia-a-garcia-luna-nunca-tuve-evidencia-que-lo-involucrara-con-actividades-ilicitas\/\" \/>\n<meta property=\"og:locale\" content=\"es_MX\" \/>\n<meta property=\"og:type\" content=\"article\" \/>\n<meta property=\"og:title\" content=\"Calder\u00f3n tras sentencia a Garc\u00eda Luna: \u201cNunca tuve evidencia que lo involucrara con actividades il\u00edcitas\u201d - Fuentes Fidedignas\" \/>\n<meta property=\"og:description\" content=\"Felipe Calder\u00f3n asegur\u00f3 que nunca tuvo \u201cevidencia verificable\u201d de que Garc\u00eda Luna estuviera involucrado en actividades il\u00edcitas El expresidente mexicano Felipe Calder\u00f3n se pronunci\u00f3 este mi\u00e9rcoles sobre la sentencia dictada contra Genaro Garc\u00eda Luna, exsecretario de Seguridad P\u00fablica, en una corte de Nueva York. Por medio de un hilo en X (antes Twitter), el exmandatario [&hellip;]\" \/>\n<meta property=\"og:url\" content=\"https:\/\/fuentesfidedignas.com.mx\/index.php\/2024\/10\/16\/calderon-tras-sentencia-a-garcia-luna-nunca-tuve-evidencia-que-lo-involucrara-con-actividades-ilicitas\/\" \/>\n<meta property=\"og:site_name\" content=\"Fuentes Fidedignas\" \/>\n<meta property=\"article:publisher\" content=\"https:\/\/www.facebook.com\/Fuentes-Fidedignas-368234489921644\" \/>\n<meta property=\"article:published_time\" content=\"2024-10-16T23:58:25+00:00\" \/>\n<meta property=\"article:modified_time\" content=\"2024-10-16T23:58:29+00:00\" \/>\n<meta property=\"og:image\" content=\"https:\/\/fuentesfidedignas.com.mx\/wp-content\/uploads\/2024\/10\/felipe-calderon-scaled-1.jpg\" \/>\n\t<meta property=\"og:image:width\" content=\"650\" \/>\n\t<meta property=\"og:image:height\" content=\"410\" \/>\n\t<meta property=\"og:image:type\" content=\"image\/jpeg\" \/>\n<meta name=\"author\" content=\"L\u00f3pez D\u00f3riga\" \/>\n<meta name=\"twitter:card\" content=\"summary_large_image\" \/>\n<meta name=\"twitter:creator\" content=\"@fidedignas\" \/>\n<meta name=\"twitter:site\" content=\"@fidedignas\" \/>\n<meta name=\"twitter:label1\" content=\"Escrito por\" \/>\n\t<meta name=\"twitter:data1\" content=\"L\u00f3pez D\u00f3riga\" \/>\n\t<meta name=\"twitter:label2\" content=\"Tiempo de lectura\" \/>\n\t<meta name=\"twitter:data2\" content=\"2 minutos\" \/>\n<script type=\"application\/ld+json\" class=\"yoast-schema-graph\">{\"@context\":\"https:\\\/\\\/schema.org\",\"@graph\":[{\"@type\":\"Article\",\"@id\":\"https:\\\/\\\/fuentesfidedignas.com.mx\\\/index.php\\\/2024\\\/10\\\/16\\\/calderon-tras-sentencia-a-garcia-luna-nunca-tuve-evidencia-que-lo-involucrara-con-actividades-ilicitas\\\/#article\",\"isPartOf\":{\"@id\":\"https:\\\/\\\/fuentesfidedignas.com.mx\\\/index.php\\\/2024\\\/10\\\/16\\\/calderon-tras-sentencia-a-garcia-luna-nunca-tuve-evidencia-que-lo-involucrara-con-actividades-ilicitas\\\/\"},\"author\":{\"name\":\"L\u00f3pez D\u00f3riga\",\"@id\":\"https:\\\/\\\/fuentesfidedignas.com.mx\\\/#\\\/schema\\\/person\\\/67d852f0557c8509146a4b9ddebd543a\"},\"headline\":\"Calder\u00f3n tras sentencia a Garc\u00eda Luna: \u201cNunca tuve evidencia que lo involucrara con actividades il\u00edcitas\u201d\",\"datePublished\":\"2024-10-16T23:58:25+00:00\",\"dateModified\":\"2024-10-16T23:58:29+00:00\",\"mainEntityOfPage\":{\"@id\":\"https:\\\/\\\/fuentesfidedignas.com.mx\\\/index.php\\\/2024\\\/10\\\/16\\\/calderon-tras-sentencia-a-garcia-luna-nunca-tuve-evidencia-que-lo-involucrara-con-actividades-ilicitas\\\/\"},\"wordCount\":343,\"commentCount\":0,\"publisher\":{\"@id\":\"https:\\\/\\\/fuentesfidedignas.com.mx\\\/#organization\"},\"image\":{\"@id\":\"https:\\\/\\\/fuentesfidedignas.com.mx\\\/index.php\\\/2024\\\/10\\\/16\\\/calderon-tras-sentencia-a-garcia-luna-nunca-tuve-evidencia-que-lo-involucrara-con-actividades-ilicitas\\\/#primaryimage\"},\"thumbnailUrl\":\"https:\\\/\\\/fuentesfidedignas.com.mx\\\/wp-content\\\/uploads\\\/2024\\\/10\\\/felipe-calderon-scaled-1.jpg\",\"articleSection\":[\"NOTICIAS NACIONALES\"],\"inLanguage\":\"es\",\"potentialAction\":[{\"@type\":\"CommentAction\",\"name\":\"Comment\",\"target\":[\"https:\\\/\\\/fuentesfidedignas.com.mx\\\/index.php\\\/2024\\\/10\\\/16\\\/calderon-tras-sentencia-a-garcia-luna-nunca-tuve-evidencia-que-lo-involucrara-con-actividades-ilicitas\\\/#respond\"]}]},{\"@type\":\"WebPage\",\"@id\":\"https:\\\/\\\/fuentesfidedignas.com.mx\\\/index.php\\\/2024\\\/10\\\/16\\\/calderon-tras-sentencia-a-garcia-luna-nunca-tuve-evidencia-que-lo-involucrara-con-actividades-ilicitas\\\/\",\"url\":\"https:\\\/\\\/fuentesfidedignas.com.mx\\\/index.php\\\/2024\\\/10\\\/16\\\/calderon-tras-sentencia-a-garcia-luna-nunca-tuve-evidencia-que-lo-involucrara-con-actividades-ilicitas\\\/\",\"name\":\"Calder\u00f3n tras sentencia a Garc\u00eda Luna: \u201cNunca tuve evidencia que lo involucrara con actividades il\u00edcitas\u201d - Fuentes Fidedignas\",\"isPartOf\":{\"@id\":\"https:\\\/\\\/fuentesfidedignas.com.mx\\\/#website\"},\"primaryImageOfPage\":{\"@id\":\"https:\\\/\\\/fuentesfidedignas.com.mx\\\/index.php\\\/2024\\\/10\\\/16\\\/calderon-tras-sentencia-a-garcia-luna-nunca-tuve-evidencia-que-lo-involucrara-con-actividades-ilicitas\\\/#primaryimage\"},\"image\":{\"@id\":\"https:\\\/\\\/fuentesfidedignas.com.mx\\\/index.php\\\/2024\\\/10\\\/16\\\/calderon-tras-sentencia-a-garcia-luna-nunca-tuve-evidencia-que-lo-involucrara-con-actividades-ilicitas\\\/#primaryimage\"},\"thumbnailUrl\":\"https:\\\/\\\/fuentesfidedignas.com.mx\\\/wp-content\\\/uploads\\\/2024\\\/10\\\/felipe-calderon-scaled-1.jpg\",\"datePublished\":\"2024-10-16T23:58:25+00:00\",\"dateModified\":\"2024-10-16T23:58:29+00:00\",\"breadcrumb\":{\"@id\":\"https:\\\/\\\/fuentesfidedignas.com.mx\\\/index.php\\\/2024\\\/10\\\/16\\\/calderon-tras-sentencia-a-garcia-luna-nunca-tuve-evidencia-que-lo-involucrara-con-actividades-ilicitas\\\/#breadcrumb\"},\"inLanguage\":\"es\",\"potentialAction\":[{\"@type\":\"ReadAction\",\"target\":[\"https:\\\/\\\/fuentesfidedignas.com.mx\\\/index.php\\\/2024\\\/10\\\/16\\\/calderon-tras-sentencia-a-garcia-luna-nunca-tuve-evidencia-que-lo-involucrara-con-actividades-ilicitas\\\/\"]}]},{\"@type\":\"ImageObject\",\"inLanguage\":\"es\",\"@id\":\"https:\\\/\\\/fuentesfidedignas.com.mx\\\/index.php\\\/2024\\\/10\\\/16\\\/calderon-tras-sentencia-a-garcia-luna-nunca-tuve-evidencia-que-lo-involucrara-con-actividades-ilicitas\\\/#primaryimage\",\"url\":\"https:\\\/\\\/fuentesfidedignas.com.mx\\\/wp-content\\\/uploads\\\/2024\\\/10\\\/felipe-calderon-scaled-1.jpg\",\"contentUrl\":\"https:\\\/\\\/fuentesfidedignas.com.mx\\\/wp-content\\\/uploads\\\/2024\\\/10\\\/felipe-calderon-scaled-1.jpg\",\"width\":650,\"height\":410},{\"@type\":\"BreadcrumbList\",\"@id\":\"https:\\\/\\\/fuentesfidedignas.com.mx\\\/index.php\\\/2024\\\/10\\\/16\\\/calderon-tras-sentencia-a-garcia-luna-nunca-tuve-evidencia-que-lo-involucrara-con-actividades-ilicitas\\\/#breadcrumb\",\"itemListElement\":[{\"@type\":\"ListItem\",\"position\":1,\"name\":\"Inicio\",\"item\":\"https:\\\/\\\/fuentesfidedignas.com.mx\\\/\"},{\"@type\":\"ListItem\",\"position\":2,\"name\":\"Calder\u00f3n tras sentencia a Garc\u00eda Luna: \u201cNunca tuve evidencia que lo involucrara con actividades il\u00edcitas\u201d\"}]},{\"@type\":\"WebSite\",\"@id\":\"https:\\\/\\\/fuentesfidedignas.com.mx\\\/#website\",\"url\":\"https:\\\/\\\/fuentesfidedignas.com.mx\\\/\",\"name\":\"Fuentes Fidedignas\",\"description\":\"Otro sitio realizado con WordPress\",\"publisher\":{\"@id\":\"https:\\\/\\\/fuentesfidedignas.com.mx\\\/#organization\"},\"potentialAction\":[{\"@type\":\"SearchAction\",\"target\":{\"@type\":\"EntryPoint\",\"urlTemplate\":\"https:\\\/\\\/fuentesfidedignas.com.mx\\\/?s={search_term_string}\"},\"query-input\":{\"@type\":\"PropertyValueSpecification\",\"valueRequired\":true,\"valueName\":\"search_term_string\"}}],\"inLanguage\":\"es\"},{\"@type\":\"Organization\",\"@id\":\"https:\\\/\\\/fuentesfidedignas.com.mx\\\/#organization\",\"name\":\"Fuentes Fidedignas\",\"url\":\"https:\\\/\\\/fuentesfidedignas.com.mx\\\/\",\"logo\":{\"@type\":\"ImageObject\",\"inLanguage\":\"es\",\"@id\":\"https:\\\/\\\/fuentesfidedignas.com.mx\\\/#\\\/schema\\\/logo\\\/image\\\/\",\"url\":\"https:\\\/\\\/fuentesfidedignas.com.mx\\\/wp-content\\\/uploads\\\/2021\\\/04\\\/logo-retina.png\",\"contentUrl\":\"https:\\\/\\\/fuentesfidedignas.com.mx\\\/wp-content\\\/uploads\\\/2021\\\/04\\\/logo-retina.png\",\"width\":280,\"height\":51,\"caption\":\"Fuentes Fidedignas\"},\"image\":{\"@id\":\"https:\\\/\\\/fuentesfidedignas.com.mx\\\/#\\\/schema\\\/logo\\\/image\\\/\"},\"sameAs\":[\"https:\\\/\\\/www.facebook.com\\\/Fuentes-Fidedignas-368234489921644\",\"https:\\\/\\\/x.com\\\/fidedignas\"]},{\"@type\":\"Person\",\"@id\":\"https:\\\/\\\/fuentesfidedignas.com.mx\\\/#\\\/schema\\\/person\\\/67d852f0557c8509146a4b9ddebd543a\",\"name\":\"L\u00f3pez D\u00f3riga\",\"image\":{\"@type\":\"ImageObject\",\"inLanguage\":\"es\",\"@id\":\"https:\\\/\\\/secure.gravatar.com\\\/avatar\\\/e525b06574ca18b33cded59dfe5778d6c823b9513154eff47da551b0551bdd1e?s=96&d=mm&r=g\",\"url\":\"https:\\\/\\\/secure.gravatar.com\\\/avatar\\\/e525b06574ca18b33cded59dfe5778d6c823b9513154eff47da551b0551bdd1e?s=96&d=mm&r=g\",\"contentUrl\":\"https:\\\/\\\/secure.gravatar.com\\\/avatar\\\/e525b06574ca18b33cded59dfe5778d6c823b9513154eff47da551b0551bdd1e?s=96&d=mm&r=g\",\"caption\":\"L\u00f3pez D\u00f3riga\"},\"url\":\"https:\\\/\\\/fuentesfidedignas.com.mx\\\/index.php\\\/author\\\/doriga\\\/\"}]}<\/script>\n<!-- \/ Yoast SEO plugin. -->","yoast_head_json":{"title":"Calder\u00f3n tras sentencia a Garc\u00eda Luna: \u201cNunca tuve evidencia que lo involucrara con actividades il\u00edcitas\u201d - Fuentes Fidedignas","robots":{"index":"index","follow":"follow","max-snippet":"max-snippet:-1","max-image-preview":"max-image-preview:large","max-video-preview":"max-video-preview:-1"},"canonical":"https:\/\/fuentesfidedignas.com.mx\/index.php\/2024\/10\/16\/calderon-tras-sentencia-a-garcia-luna-nunca-tuve-evidencia-que-lo-involucrara-con-actividades-ilicitas\/","og_locale":"es_MX","og_type":"article","og_title":"Calder\u00f3n tras sentencia a Garc\u00eda Luna: \u201cNunca tuve evidencia que lo involucrara con actividades il\u00edcitas\u201d - Fuentes Fidedignas","og_description":"Felipe Calder\u00f3n asegur\u00f3 que nunca tuvo \u201cevidencia verificable\u201d de que Garc\u00eda Luna estuviera involucrado en actividades il\u00edcitas El expresidente mexicano Felipe Calder\u00f3n se pronunci\u00f3 este mi\u00e9rcoles sobre la sentencia dictada contra Genaro Garc\u00eda Luna, exsecretario de Seguridad P\u00fablica, en una corte de Nueva York. Por medio de un hilo en X (antes Twitter), el exmandatario [&hellip;]","og_url":"https:\/\/fuentesfidedignas.com.mx\/index.php\/2024\/10\/16\/calderon-tras-sentencia-a-garcia-luna-nunca-tuve-evidencia-que-lo-involucrara-con-actividades-ilicitas\/","og_site_name":"Fuentes Fidedignas","article_publisher":"https:\/\/www.facebook.com\/Fuentes-Fidedignas-368234489921644","article_published_time":"2024-10-16T23:58:25+00:00","article_modified_time":"2024-10-16T23:58:29+00:00","og_image":[{"width":650,"height":410,"url":"https:\/\/fuentesfidedignas.com.mx\/wp-content\/uploads\/2024\/10\/felipe-calderon-scaled-1.jpg","type":"image\/jpeg"}],"author":"L\u00f3pez D\u00f3riga","twitter_card":"summary_large_image","twitter_creator":"@fidedignas","twitter_site":"@fidedignas","twitter_misc":{"Escrito por":"L\u00f3pez D\u00f3riga","Tiempo de lectura":"2 minutos"},"schema":{"@context":"https:\/\/schema.org","@graph":[{"@type":"Article","@id":"https:\/\/fuentesfidedignas.com.mx\/index.php\/2024\/10\/16\/calderon-tras-sentencia-a-garcia-luna-nunca-tuve-evidencia-que-lo-involucrara-con-actividades-ilicitas\/#article","isPartOf":{"@id":"https:\/\/fuentesfidedignas.com.mx\/index.php\/2024\/10\/16\/calderon-tras-sentencia-a-garcia-luna-nunca-tuve-evidencia-que-lo-involucrara-con-actividades-ilicitas\/"},"author":{"name":"L\u00f3pez D\u00f3riga","@id":"https:\/\/fuentesfidedignas.com.mx\/#\/schema\/person\/67d852f0557c8509146a4b9ddebd543a"},"headline":"Calder\u00f3n tras sentencia a Garc\u00eda Luna: \u201cNunca tuve evidencia que lo involucrara con actividades il\u00edcitas\u201d","datePublished":"2024-10-16T23:58:25+00:00","dateModified":"2024-10-16T23:58:29+00:00","mainEntityOfPage":{"@id":"https:\/\/fuentesfidedignas.com.mx\/index.php\/2024\/10\/16\/calderon-tras-sentencia-a-garcia-luna-nunca-tuve-evidencia-que-lo-involucrara-con-actividades-ilicitas\/"},"wordCount":343,"commentCount":0,"publisher":{"@id":"https:\/\/fuentesfidedignas.com.mx\/#organization"},"image":{"@id":"https:\/\/fuentesfidedignas.com.mx\/index.php\/2024\/10\/16\/calderon-tras-sentencia-a-garcia-luna-nunca-tuve-evidencia-que-lo-involucrara-con-actividades-ilicitas\/#primaryimage"},"thumbnailUrl":"https:\/\/fuentesfidedignas.com.mx\/wp-content\/uploads\/2024\/10\/felipe-calderon-scaled-1.jpg","articleSection":["NOTICIAS NACIONALES"],"inLanguage":"es","potentialAction":[{"@type":"CommentAction","name":"Comment","target":["https:\/\/fuentesfidedignas.com.mx\/index.php\/2024\/10\/16\/calderon-tras-sentencia-a-garcia-luna-nunca-tuve-evidencia-que-lo-involucrara-con-actividades-ilicitas\/#respond"]}]},{"@type":"WebPage","@id":"https:\/\/fuentesfidedignas.com.mx\/index.php\/2024\/10\/16\/calderon-tras-sentencia-a-garcia-luna-nunca-tuve-evidencia-que-lo-involucrara-con-actividades-ilicitas\/","url":"https:\/\/fuentesfidedignas.com.mx\/index.php\/2024\/10\/16\/calderon-tras-sentencia-a-garcia-luna-nunca-tuve-evidencia-que-lo-involucrara-con-actividades-ilicitas\/","name":"Calder\u00f3n tras sentencia a Garc\u00eda Luna: \u201cNunca tuve evidencia que lo involucrara con actividades il\u00edcitas\u201d - Fuentes Fidedignas","isPartOf":{"@id":"https:\/\/fuentesfidedignas.com.mx\/#website"},"primaryImageOfPage":{"@id":"https:\/\/fuentesfidedignas.com.mx\/index.php\/2024\/10\/16\/calderon-tras-sentencia-a-garcia-luna-nunca-tuve-evidencia-que-lo-involucrara-con-actividades-ilicitas\/#primaryimage"},"image":{"@id":"https:\/\/fuentesfidedignas.com.mx\/index.php\/2024\/10\/16\/calderon-tras-sentencia-a-garcia-luna-nunca-tuve-evidencia-que-lo-involucrara-con-actividades-ilicitas\/#primaryimage"},"thumbnailUrl":"https:\/\/fuentesfidedignas.com.mx\/wp-content\/uploads\/2024\/10\/felipe-calderon-scaled-1.jpg","datePublished":"2024-10-16T23:58:25+00:00","dateModified":"2024-10-16T23:58:29+00:00","breadcrumb":{"@id":"https:\/\/fuentesfidedignas.com.mx\/index.php\/2024\/10\/16\/calderon-tras-sentencia-a-garcia-luna-nunca-tuve-evidencia-que-lo-involucrara-con-actividades-ilicitas\/#breadcrumb"},"inLanguage":"es","potentialAction":[{"@type":"ReadAction","target":["https:\/\/fuentesfidedignas.com.mx\/index.php\/2024\/10\/16\/calderon-tras-sentencia-a-garcia-luna-nunca-tuve-evidencia-que-lo-involucrara-con-actividades-ilicitas\/"]}]},{"@type":"ImageObject","inLanguage":"es","@id":"https:\/\/fuentesfidedignas.com.mx\/index.php\/2024\/10\/16\/calderon-tras-sentencia-a-garcia-luna-nunca-tuve-evidencia-que-lo-involucrara-con-actividades-ilicitas\/#primaryimage","url":"https:\/\/fuentesfidedignas.com.mx\/wp-content\/uploads\/2024\/10\/felipe-calderon-scaled-1.jpg","contentUrl":"https:\/\/fuentesfidedignas.com.mx\/wp-content\/uploads\/2024\/10\/felipe-calderon-scaled-1.jpg","width":650,"height":410},{"@type":"BreadcrumbList","@id":"https:\/\/fuentesfidedignas.com.mx\/index.php\/2024\/10\/16\/calderon-tras-sentencia-a-garcia-luna-nunca-tuve-evidencia-que-lo-involucrara-con-actividades-ilicitas\/#breadcrumb","itemListElement":[{"@type":"ListItem","position":1,"name":"Inicio","item":"https:\/\/fuentesfidedignas.com.mx\/"},{"@type":"ListItem","position":2,"name":"Calder\u00f3n tras sentencia a Garc\u00eda Luna: \u201cNunca tuve evidencia que lo involucrara con actividades il\u00edcitas\u201d"}]},{"@type":"WebSite","@id":"https:\/\/fuentesfidedignas.com.mx\/#website","url":"https:\/\/fuentesfidedignas.com.mx\/","name":"Fuentes Fidedignas","description":"Otro sitio realizado con WordPress","publisher":{"@id":"https:\/\/fuentesfidedignas.com.mx\/#organization"},"potentialAction":[{"@type":"SearchAction","target":{"@type":"EntryPoint","urlTemplate":"https:\/\/fuentesfidedignas.com.mx\/?s={search_term_string}"},"query-input":{"@type":"PropertyValueSpecification","valueRequired":true,"valueName":"search_term_string"}}],"inLanguage":"es"},{"@type":"Organization","@id":"https:\/\/fuentesfidedignas.com.mx\/#organization","name":"Fuentes Fidedignas","url":"https:\/\/fuentesfidedignas.com.mx\/","logo":{"@type":"ImageObject","inLanguage":"es","@id":"https:\/\/fuentesfidedignas.com.mx\/#\/schema\/logo\/image\/","url":"https:\/\/fuentesfidedignas.com.mx\/wp-content\/uploads\/2021\/04\/logo-retina.png","contentUrl":"https:\/\/fuentesfidedignas.com.mx\/wp-content\/uploads\/2021\/04\/logo-retina.png","width":280,"height":51,"caption":"Fuentes Fidedignas"},"image":{"@id":"https:\/\/fuentesfidedignas.com.mx\/#\/schema\/logo\/image\/"},"sameAs":["https:\/\/www.facebook.com\/Fuentes-Fidedignas-368234489921644","https:\/\/x.com\/fidedignas"]},{"@type":"Person","@id":"https:\/\/fuentesfidedignas.com.mx\/#\/schema\/person\/67d852f0557c8509146a4b9ddebd543a","name":"L\u00f3pez D\u00f3riga","image":{"@type":"ImageObject","inLanguage":"es","@id":"https:\/\/secure.gravatar.com\/avatar\/e525b06574ca18b33cded59dfe5778d6c823b9513154eff47da551b0551bdd1e?s=96&d=mm&r=g","url":"https:\/\/secure.gravatar.com\/avatar\/e525b06574ca18b33cded59dfe5778d6c823b9513154eff47da551b0551bdd1e?s=96&d=mm&r=g","contentUrl":"https:\/\/secure.gravatar.com\/avatar\/e525b06574ca18b33cded59dfe5778d6c823b9513154eff47da551b0551bdd1e?s=96&d=mm&r=g","caption":"L\u00f3pez D\u00f3riga"},"url":"https:\/\/fuentesfidedignas.com.mx\/index.php\/author\/doriga\/"}]}},"_links":{"self":[{"href":"https:\/\/fuentesfidedignas.com.mx\/index.php\/wp-json\/wp\/v2\/posts\/93471","targetHints":{"allow":["GET"]}}],"collection":[{"href":"https:\/\/fuentesfidedignas.com.mx\/index.php\/wp-json\/wp\/v2\/posts"}],"about":[{"href":"https:\/\/fuentesfidedignas.com.mx\/index.php\/wp-json\/wp\/v2\/types\/post"}],"author":[{"embeddable":true,"href":"https:\/\/fuentesfidedignas.com.mx\/index.php\/wp-json\/wp\/v2\/users\/47"}],"replies":[{"embeddable":true,"href":"https:\/\/fuentesfidedignas.com.mx\/index.php\/wp-json\/wp\/v2\/comments?post=93471"}],"version-history":[{"count":1,"href":"https:\/\/fuentesfidedignas.com.mx\/index.php\/wp-json\/wp\/v2\/posts\/93471\/revisions"}],"predecessor-version":[{"id":93473,"href":"https:\/\/fuentesfidedignas.com.mx\/index.php\/wp-json\/wp\/v2\/posts\/93471\/revisions\/93473"}],"wp:featuredmedia":[{"embeddable":true,"href":"https:\/\/fuentesfidedignas.com.mx\/index.php\/wp-json\/wp\/v2\/media\/93472"}],"wp:attachment":[{"href":"https:\/\/fuentesfidedignas.com.mx\/index.php\/wp-json\/wp\/v2\/media?parent=93471"}],"wp:term":[{"taxonomy":"category","embeddable":true,"href":"https:\/\/fuentesfidedignas.com.mx\/index.php\/wp-json\/wp\/v2\/categories?post=93471"},{"taxonomy":"post_tag","embeddable":true,"href":"https:\/\/fuentesfidedignas.com.mx\/index.php\/wp-json\/wp\/v2\/tags?post=93471"}],"curies":[{"name":"wp","href":"https:\/\/api.w.org\/{rel}","templated":true}]}}