{"id":93326,"date":"2024-10-14T18:44:33","date_gmt":"2024-10-15T01:44:33","guid":{"rendered":"https:\/\/fuentesfidedignas.com.mx\/?p=93326"},"modified":"2024-10-14T18:44:35","modified_gmt":"2024-10-15T01:44:35","slug":"garcia-luna-hablara-durante-audiencia-de-sentencia-dice-abogado","status":"publish","type":"post","link":"https:\/\/fuentesfidedignas.com.mx\/index.php\/2024\/10\/14\/garcia-luna-hablara-durante-audiencia-de-sentencia-dice-abogado\/","title":{"rendered":"Garc\u00eda Luna hablar\u00e1 durante audiencia de sentencia, dice abogado"},"content":{"rendered":"\n<p><strong><em>El defensor de Garc\u00eda Luna solicit\u00f3 que el mexicano pueda usar ropa de civil, en lugar de la de prisionero.<\/em><\/strong><\/p>\n\n\n\n<p>El ex secretario de Seguridad P\u00fablica, Genaro Garc\u00eda Luna, planea dirigirse a la Corte durante la audiencia en la que ser\u00e1 sentenciado el mi\u00e9rcoles 16 de octubre, a m\u00e1s de un a\u00f1o de haber sido encontrado culpable de cinco cargos relacionados con conspiraci\u00f3n para traficar coca\u00edna con el C\u00e1rtel de Sinaloa.<\/p>\n\n\n\n<p>\u201cEn su sentencia, el se\u00f1or Garc\u00eda Luna est\u00e1 deseoso de una oportunidad para dirigirse a la Corte y le gustar\u00eda poder hacerlo en una forma que refleje la seriedad de la ocasi\u00f3n\u201d, escribi\u00f3 en una carta su abogado, C\u00e9sar De Castro.<\/p>\n\n\n\n<p><strong>Petici\u00f3n especial a Corte de EU\u00a0<\/strong><br>Para esto, el defensor de Garc\u00eda Luna solicit\u00f3 que el mexicano pueda usar ropa de civil, en lugar de la de prisionero.<\/p>\n\n\n\n<p>La Fiscal\u00eda estadunidense ha solicitado que el mexicano, ex jefe de seguridad bajo la administraci\u00f3n de Felipe Calder\u00f3n, sea sentenciado a prisi\u00f3n de por vida por su involucramiento en un esquema que implic\u00f3 la recepci\u00f3n de sobornos por parte del&nbsp;C\u00e1rtel de Sinaloa&nbsp;y del c\u00e1rtel de Los Beltr\u00e1n Leyva.<\/p>\n\n\n\n<p>Su defensa ha solicitado que solamente se le impongan veinte a\u00f1os de prisi\u00f3n:<\/p>\n\n\n\n<p>\u201cEs una sentencia extremadamente significativa y larga. Una sentencia de 20 a\u00f1os representar\u00eda la duraci\u00f3n aproximada de la carrera completa de Garc\u00eda Luna como servidor p\u00fablico en el gobierno mexicano como miembro de su agencia de inteligencia, la Polic\u00eda Federal y la Secretar\u00eda de Seguridad P\u00fablica\u201d, escribi\u00f3 su defensa a finales de septiembre pasado.<\/p>\n\n\n\n<p><strong>\u00bfDe qu\u00e9 acusan a Garc\u00eda Luna?<\/strong><br>A inicios de 2023, durante un juicio que dur\u00f3 varias semanas, ex narcotraficantes se\u00f1alaron al mexicano por haber recibido millones de d\u00f3lares en sobornos para dar paso seguro a la coca\u00edna de la Federaci\u00f3n de Sinaloa, y tras su ruptura, para el C\u00e1rtel de Sinaloa y Los Beltr\u00e1n Leyva.<\/p>\n\n\n\n<p>Las autoridades estadunidenses aseguran que el delito fue a\u00fan m\u00e1s grave por haber traicionado su juramento de servir a los mexicanos y por abusar de su poder para facilitar el trasiego de drogas a Estados Unidos.<\/p>\n\n\n\n<p><strong>\u00bfCu\u00e1l podr\u00eda ser la sentencia contra Garc\u00eda Luna?<\/strong><br>El jueves 19 de septiembre, la Fiscal\u00eda de Estados Unidos solicit\u00f3 al juez Brian Cogan que le imponga una sentencia de prisi\u00f3n de por vida al ex secretario de Seguridad P\u00fablica, luego de que fuera encontrado culpable a inicios de enero de 2023 de conspirar para traficar coca\u00edna al pa\u00eds.<\/p>\n\n\n\n<p>\u201cSus cr\u00edmenes demandan justicia. Por esas razones y por las razones ya explicadas, el gobierno solicita respetuosamente que la Corte imponga una sentencia de cadena perpetua\u201d, se lee en el memor\u00e1ndum de sentencia presentado por la fiscal\u00eda estadunidense, previo a la sentencia del mexicano.<\/p>\n\n\n\n<p>Seg\u00fan la p\u00e1gina Child Rights International Netwoks (CRIN), la cadena perpetua se refiere a una condena sin libertad condicional; lo que en el caso de Garc\u00eda Luna significar\u00eda morir en prisi\u00f3n.\u00a0<\/p>\n\n\n\n<p>Sin embargo, esta sentencia tambi\u00e9n puede ser \u201cindeterminada\u201d, la cual al momento del dictamen no se deja clara la duraci\u00f3n de la pena, por lo que habr\u00eda que esperar hasta la audiencia del 9 de octubre para ver que pasa con el ex funcionario mexicano.<\/p>\n\n\n\n<p>En Estados Unidos, &#8220;cuando una persona es condenada a cadena perpetua, se le da un per\u00edodo conjunto m\u00ednimo que debe ser servido en detenci\u00f3n . La sentencia es a discreci\u00f3n del juez y debe tener en cuenta todos los factores relacionados con el delincuente y el delito, incluyendo la edad del infractor al momento de cometido el hecho&#8221;, revela una investigaci\u00f3n del CRIN.<\/p>\n\n\n\n<p>Cabe mencionar que, la Convenci\u00f3n sobre los Derechos del Ni\u00f1o (CDN) proh\u00edbe la cadena perpetua sin libertad condicional a excepci\u00f3n de en los Estados Unidos.<\/p>\n","protected":false},"excerpt":{"rendered":"<p>El defensor de Garc\u00eda Luna solicit\u00f3 que el mexicano pueda usar ropa de civil, en lugar de la de prisionero. El ex secretario de Seguridad P\u00fablica, Genaro Garc\u00eda Luna, planea dirigirse a la Corte durante la audiencia en la que ser\u00e1 sentenciado el mi\u00e9rcoles 16 de octubre, a m\u00e1s de un a\u00f1o de haber sido [&hellip;]<\/p>\n","protected":false},"author":9,"featured_media":5334,"comment_status":"open","ping_status":"open","sticky":false,"template":"","format":"standard","meta":{"tdm_status":"","tdm_grid_status":"","footnotes":""},"categories":[39],"tags":[],"class_list":{"0":"post-93326","1":"post","2":"type-post","3":"status-publish","4":"format-standard","5":"has-post-thumbnail","7":"category-noticias-nacionales"},"yoast_head":"<!-- This site is optimized with the Yoast SEO plugin v27.5 - https:\/\/yoast.com\/product\/yoast-seo-wordpress\/ -->\n<title>Garc\u00eda Luna hablar\u00e1 durante audiencia de sentencia, dice abogado - Fuentes Fidedignas<\/title>\n<meta name=\"robots\" content=\"index, follow, max-snippet:-1, max-image-preview:large, max-video-preview:-1\" \/>\n<link rel=\"canonical\" href=\"https:\/\/fuentesfidedignas.com.mx\/index.php\/2024\/10\/14\/garcia-luna-hablara-durante-audiencia-de-sentencia-dice-abogado\/\" \/>\n<meta property=\"og:locale\" content=\"es_MX\" \/>\n<meta property=\"og:type\" content=\"article\" \/>\n<meta property=\"og:title\" content=\"Garc\u00eda Luna hablar\u00e1 durante audiencia de sentencia, dice abogado - Fuentes Fidedignas\" \/>\n<meta property=\"og:description\" content=\"El defensor de Garc\u00eda Luna solicit\u00f3 que el mexicano pueda usar ropa de civil, en lugar de la de prisionero. El ex secretario de Seguridad P\u00fablica, Genaro Garc\u00eda Luna, planea dirigirse a la Corte durante la audiencia en la que ser\u00e1 sentenciado el mi\u00e9rcoles 16 de octubre, a m\u00e1s de un a\u00f1o de haber sido [&hellip;]\" \/>\n<meta property=\"og:url\" content=\"https:\/\/fuentesfidedignas.com.mx\/index.php\/2024\/10\/14\/garcia-luna-hablara-durante-audiencia-de-sentencia-dice-abogado\/\" \/>\n<meta property=\"og:site_name\" content=\"Fuentes Fidedignas\" \/>\n<meta property=\"article:publisher\" content=\"https:\/\/www.facebook.com\/Fuentes-Fidedignas-368234489921644\" \/>\n<meta property=\"article:published_time\" content=\"2024-10-15T01:44:33+00:00\" \/>\n<meta property=\"article:modified_time\" content=\"2024-10-15T01:44:35+00:00\" \/>\n<meta property=\"og:image\" content=\"https:\/\/fuentesfidedignas.com.mx\/wp-content\/uploads\/2021\/06\/genaro-garcia-luna-audiencia-nueva-york_1.jpg\" \/>\n\t<meta property=\"og:image:width\" content=\"980\" \/>\n\t<meta property=\"og:image:height\" content=\"551\" \/>\n\t<meta property=\"og:image:type\" content=\"image\/jpeg\" \/>\n<meta name=\"author\" content=\"Milenio\" \/>\n<meta name=\"twitter:card\" content=\"summary_large_image\" \/>\n<meta name=\"twitter:creator\" content=\"@fidedignas\" \/>\n<meta name=\"twitter:site\" content=\"@fidedignas\" \/>\n<meta name=\"twitter:label1\" content=\"Escrito por\" \/>\n\t<meta name=\"twitter:data1\" content=\"Milenio\" \/>\n\t<meta name=\"twitter:label2\" content=\"Tiempo de lectura\" \/>\n\t<meta name=\"twitter:data2\" content=\"4 minutos\" \/>\n<script type=\"application\/ld+json\" class=\"yoast-schema-graph\">{\"@context\":\"https:\\\/\\\/schema.org\",\"@graph\":[{\"@type\":\"Article\",\"@id\":\"https:\\\/\\\/fuentesfidedignas.com.mx\\\/index.php\\\/2024\\\/10\\\/14\\\/garcia-luna-hablara-durante-audiencia-de-sentencia-dice-abogado\\\/#article\",\"isPartOf\":{\"@id\":\"https:\\\/\\\/fuentesfidedignas.com.mx\\\/index.php\\\/2024\\\/10\\\/14\\\/garcia-luna-hablara-durante-audiencia-de-sentencia-dice-abogado\\\/\"},\"author\":{\"name\":\"Milenio\",\"@id\":\"https:\\\/\\\/fuentesfidedignas.com.mx\\\/#\\\/schema\\\/person\\\/47ec0135738f4b0c7495f06a77a2c976\"},\"headline\":\"Garc\u00eda Luna hablar\u00e1 durante audiencia de sentencia, dice abogado\",\"datePublished\":\"2024-10-15T01:44:33+00:00\",\"dateModified\":\"2024-10-15T01:44:35+00:00\",\"mainEntityOfPage\":{\"@id\":\"https:\\\/\\\/fuentesfidedignas.com.mx\\\/index.php\\\/2024\\\/10\\\/14\\\/garcia-luna-hablara-durante-audiencia-de-sentencia-dice-abogado\\\/\"},\"wordCount\":690,\"commentCount\":0,\"publisher\":{\"@id\":\"https:\\\/\\\/fuentesfidedignas.com.mx\\\/#organization\"},\"image\":{\"@id\":\"https:\\\/\\\/fuentesfidedignas.com.mx\\\/index.php\\\/2024\\\/10\\\/14\\\/garcia-luna-hablara-durante-audiencia-de-sentencia-dice-abogado\\\/#primaryimage\"},\"thumbnailUrl\":\"https:\\\/\\\/fuentesfidedignas.com.mx\\\/wp-content\\\/uploads\\\/2021\\\/06\\\/genaro-garcia-luna-audiencia-nueva-york_1.jpg\",\"articleSection\":[\"NOTICIAS NACIONALES\"],\"inLanguage\":\"es\",\"potentialAction\":[{\"@type\":\"CommentAction\",\"name\":\"Comment\",\"target\":[\"https:\\\/\\\/fuentesfidedignas.com.mx\\\/index.php\\\/2024\\\/10\\\/14\\\/garcia-luna-hablara-durante-audiencia-de-sentencia-dice-abogado\\\/#respond\"]}]},{\"@type\":\"WebPage\",\"@id\":\"https:\\\/\\\/fuentesfidedignas.com.mx\\\/index.php\\\/2024\\\/10\\\/14\\\/garcia-luna-hablara-durante-audiencia-de-sentencia-dice-abogado\\\/\",\"url\":\"https:\\\/\\\/fuentesfidedignas.com.mx\\\/index.php\\\/2024\\\/10\\\/14\\\/garcia-luna-hablara-durante-audiencia-de-sentencia-dice-abogado\\\/\",\"name\":\"Garc\u00eda Luna hablar\u00e1 durante audiencia de sentencia, dice abogado - Fuentes Fidedignas\",\"isPartOf\":{\"@id\":\"https:\\\/\\\/fuentesfidedignas.com.mx\\\/#website\"},\"primaryImageOfPage\":{\"@id\":\"https:\\\/\\\/fuentesfidedignas.com.mx\\\/index.php\\\/2024\\\/10\\\/14\\\/garcia-luna-hablara-durante-audiencia-de-sentencia-dice-abogado\\\/#primaryimage\"},\"image\":{\"@id\":\"https:\\\/\\\/fuentesfidedignas.com.mx\\\/index.php\\\/2024\\\/10\\\/14\\\/garcia-luna-hablara-durante-audiencia-de-sentencia-dice-abogado\\\/#primaryimage\"},\"thumbnailUrl\":\"https:\\\/\\\/fuentesfidedignas.com.mx\\\/wp-content\\\/uploads\\\/2021\\\/06\\\/genaro-garcia-luna-audiencia-nueva-york_1.jpg\",\"datePublished\":\"2024-10-15T01:44:33+00:00\",\"dateModified\":\"2024-10-15T01:44:35+00:00\",\"breadcrumb\":{\"@id\":\"https:\\\/\\\/fuentesfidedignas.com.mx\\\/index.php\\\/2024\\\/10\\\/14\\\/garcia-luna-hablara-durante-audiencia-de-sentencia-dice-abogado\\\/#breadcrumb\"},\"inLanguage\":\"es\",\"potentialAction\":[{\"@type\":\"ReadAction\",\"target\":[\"https:\\\/\\\/fuentesfidedignas.com.mx\\\/index.php\\\/2024\\\/10\\\/14\\\/garcia-luna-hablara-durante-audiencia-de-sentencia-dice-abogado\\\/\"]}]},{\"@type\":\"ImageObject\",\"inLanguage\":\"es\",\"@id\":\"https:\\\/\\\/fuentesfidedignas.com.mx\\\/index.php\\\/2024\\\/10\\\/14\\\/garcia-luna-hablara-durante-audiencia-de-sentencia-dice-abogado\\\/#primaryimage\",\"url\":\"https:\\\/\\\/fuentesfidedignas.com.mx\\\/wp-content\\\/uploads\\\/2021\\\/06\\\/genaro-garcia-luna-audiencia-nueva-york_1.jpg\",\"contentUrl\":\"https:\\\/\\\/fuentesfidedignas.com.mx\\\/wp-content\\\/uploads\\\/2021\\\/06\\\/genaro-garcia-luna-audiencia-nueva-york_1.jpg\",\"width\":980,\"height\":551},{\"@type\":\"BreadcrumbList\",\"@id\":\"https:\\\/\\\/fuentesfidedignas.com.mx\\\/index.php\\\/2024\\\/10\\\/14\\\/garcia-luna-hablara-durante-audiencia-de-sentencia-dice-abogado\\\/#breadcrumb\",\"itemListElement\":[{\"@type\":\"ListItem\",\"position\":1,\"name\":\"Inicio\",\"item\":\"https:\\\/\\\/fuentesfidedignas.com.mx\\\/\"},{\"@type\":\"ListItem\",\"position\":2,\"name\":\"Garc\u00eda Luna hablar\u00e1 durante audiencia de sentencia, dice abogado\"}]},{\"@type\":\"WebSite\",\"@id\":\"https:\\\/\\\/fuentesfidedignas.com.mx\\\/#website\",\"url\":\"https:\\\/\\\/fuentesfidedignas.com.mx\\\/\",\"name\":\"Fuentes Fidedignas\",\"description\":\"Otro sitio realizado con WordPress\",\"publisher\":{\"@id\":\"https:\\\/\\\/fuentesfidedignas.com.mx\\\/#organization\"},\"potentialAction\":[{\"@type\":\"SearchAction\",\"target\":{\"@type\":\"EntryPoint\",\"urlTemplate\":\"https:\\\/\\\/fuentesfidedignas.com.mx\\\/?s={search_term_string}\"},\"query-input\":{\"@type\":\"PropertyValueSpecification\",\"valueRequired\":true,\"valueName\":\"search_term_string\"}}],\"inLanguage\":\"es\"},{\"@type\":\"Organization\",\"@id\":\"https:\\\/\\\/fuentesfidedignas.com.mx\\\/#organization\",\"name\":\"Fuentes Fidedignas\",\"url\":\"https:\\\/\\\/fuentesfidedignas.com.mx\\\/\",\"logo\":{\"@type\":\"ImageObject\",\"inLanguage\":\"es\",\"@id\":\"https:\\\/\\\/fuentesfidedignas.com.mx\\\/#\\\/schema\\\/logo\\\/image\\\/\",\"url\":\"https:\\\/\\\/fuentesfidedignas.com.mx\\\/wp-content\\\/uploads\\\/2021\\\/04\\\/logo-retina.png\",\"contentUrl\":\"https:\\\/\\\/fuentesfidedignas.com.mx\\\/wp-content\\\/uploads\\\/2021\\\/04\\\/logo-retina.png\",\"width\":280,\"height\":51,\"caption\":\"Fuentes Fidedignas\"},\"image\":{\"@id\":\"https:\\\/\\\/fuentesfidedignas.com.mx\\\/#\\\/schema\\\/logo\\\/image\\\/\"},\"sameAs\":[\"https:\\\/\\\/www.facebook.com\\\/Fuentes-Fidedignas-368234489921644\",\"https:\\\/\\\/x.com\\\/fidedignas\"]},{\"@type\":\"Person\",\"@id\":\"https:\\\/\\\/fuentesfidedignas.com.mx\\\/#\\\/schema\\\/person\\\/47ec0135738f4b0c7495f06a77a2c976\",\"name\":\"Milenio\",\"image\":{\"@type\":\"ImageObject\",\"inLanguage\":\"es\",\"@id\":\"https:\\\/\\\/secure.gravatar.com\\\/avatar\\\/acabf7b54753e51c2c76457954577c236b3b764789b19879565769739d1e4a75?s=96&d=mm&r=g\",\"url\":\"https:\\\/\\\/secure.gravatar.com\\\/avatar\\\/acabf7b54753e51c2c76457954577c236b3b764789b19879565769739d1e4a75?s=96&d=mm&r=g\",\"contentUrl\":\"https:\\\/\\\/secure.gravatar.com\\\/avatar\\\/acabf7b54753e51c2c76457954577c236b3b764789b19879565769739d1e4a75?s=96&d=mm&r=g\",\"caption\":\"Milenio\"},\"url\":\"https:\\\/\\\/fuentesfidedignas.com.mx\\\/index.php\\\/author\\\/milenio\\\/\"}]}<\/script>\n<!-- \/ Yoast SEO plugin. -->","yoast_head_json":{"title":"Garc\u00eda Luna hablar\u00e1 durante audiencia de sentencia, dice abogado - Fuentes Fidedignas","robots":{"index":"index","follow":"follow","max-snippet":"max-snippet:-1","max-image-preview":"max-image-preview:large","max-video-preview":"max-video-preview:-1"},"canonical":"https:\/\/fuentesfidedignas.com.mx\/index.php\/2024\/10\/14\/garcia-luna-hablara-durante-audiencia-de-sentencia-dice-abogado\/","og_locale":"es_MX","og_type":"article","og_title":"Garc\u00eda Luna hablar\u00e1 durante audiencia de sentencia, dice abogado - Fuentes Fidedignas","og_description":"El defensor de Garc\u00eda Luna solicit\u00f3 que el mexicano pueda usar ropa de civil, en lugar de la de prisionero. El ex secretario de Seguridad P\u00fablica, Genaro Garc\u00eda Luna, planea dirigirse a la Corte durante la audiencia en la que ser\u00e1 sentenciado el mi\u00e9rcoles 16 de octubre, a m\u00e1s de un a\u00f1o de haber sido [&hellip;]","og_url":"https:\/\/fuentesfidedignas.com.mx\/index.php\/2024\/10\/14\/garcia-luna-hablara-durante-audiencia-de-sentencia-dice-abogado\/","og_site_name":"Fuentes Fidedignas","article_publisher":"https:\/\/www.facebook.com\/Fuentes-Fidedignas-368234489921644","article_published_time":"2024-10-15T01:44:33+00:00","article_modified_time":"2024-10-15T01:44:35+00:00","og_image":[{"width":980,"height":551,"url":"https:\/\/fuentesfidedignas.com.mx\/wp-content\/uploads\/2021\/06\/genaro-garcia-luna-audiencia-nueva-york_1.jpg","type":"image\/jpeg"}],"author":"Milenio","twitter_card":"summary_large_image","twitter_creator":"@fidedignas","twitter_site":"@fidedignas","twitter_misc":{"Escrito por":"Milenio","Tiempo de lectura":"4 minutos"},"schema":{"@context":"https:\/\/schema.org","@graph":[{"@type":"Article","@id":"https:\/\/fuentesfidedignas.com.mx\/index.php\/2024\/10\/14\/garcia-luna-hablara-durante-audiencia-de-sentencia-dice-abogado\/#article","isPartOf":{"@id":"https:\/\/fuentesfidedignas.com.mx\/index.php\/2024\/10\/14\/garcia-luna-hablara-durante-audiencia-de-sentencia-dice-abogado\/"},"author":{"name":"Milenio","@id":"https:\/\/fuentesfidedignas.com.mx\/#\/schema\/person\/47ec0135738f4b0c7495f06a77a2c976"},"headline":"Garc\u00eda Luna hablar\u00e1 durante audiencia de sentencia, dice abogado","datePublished":"2024-10-15T01:44:33+00:00","dateModified":"2024-10-15T01:44:35+00:00","mainEntityOfPage":{"@id":"https:\/\/fuentesfidedignas.com.mx\/index.php\/2024\/10\/14\/garcia-luna-hablara-durante-audiencia-de-sentencia-dice-abogado\/"},"wordCount":690,"commentCount":0,"publisher":{"@id":"https:\/\/fuentesfidedignas.com.mx\/#organization"},"image":{"@id":"https:\/\/fuentesfidedignas.com.mx\/index.php\/2024\/10\/14\/garcia-luna-hablara-durante-audiencia-de-sentencia-dice-abogado\/#primaryimage"},"thumbnailUrl":"https:\/\/fuentesfidedignas.com.mx\/wp-content\/uploads\/2021\/06\/genaro-garcia-luna-audiencia-nueva-york_1.jpg","articleSection":["NOTICIAS NACIONALES"],"inLanguage":"es","potentialAction":[{"@type":"CommentAction","name":"Comment","target":["https:\/\/fuentesfidedignas.com.mx\/index.php\/2024\/10\/14\/garcia-luna-hablara-durante-audiencia-de-sentencia-dice-abogado\/#respond"]}]},{"@type":"WebPage","@id":"https:\/\/fuentesfidedignas.com.mx\/index.php\/2024\/10\/14\/garcia-luna-hablara-durante-audiencia-de-sentencia-dice-abogado\/","url":"https:\/\/fuentesfidedignas.com.mx\/index.php\/2024\/10\/14\/garcia-luna-hablara-durante-audiencia-de-sentencia-dice-abogado\/","name":"Garc\u00eda Luna hablar\u00e1 durante audiencia de sentencia, dice abogado - Fuentes Fidedignas","isPartOf":{"@id":"https:\/\/fuentesfidedignas.com.mx\/#website"},"primaryImageOfPage":{"@id":"https:\/\/fuentesfidedignas.com.mx\/index.php\/2024\/10\/14\/garcia-luna-hablara-durante-audiencia-de-sentencia-dice-abogado\/#primaryimage"},"image":{"@id":"https:\/\/fuentesfidedignas.com.mx\/index.php\/2024\/10\/14\/garcia-luna-hablara-durante-audiencia-de-sentencia-dice-abogado\/#primaryimage"},"thumbnailUrl":"https:\/\/fuentesfidedignas.com.mx\/wp-content\/uploads\/2021\/06\/genaro-garcia-luna-audiencia-nueva-york_1.jpg","datePublished":"2024-10-15T01:44:33+00:00","dateModified":"2024-10-15T01:44:35+00:00","breadcrumb":{"@id":"https:\/\/fuentesfidedignas.com.mx\/index.php\/2024\/10\/14\/garcia-luna-hablara-durante-audiencia-de-sentencia-dice-abogado\/#breadcrumb"},"inLanguage":"es","potentialAction":[{"@type":"ReadAction","target":["https:\/\/fuentesfidedignas.com.mx\/index.php\/2024\/10\/14\/garcia-luna-hablara-durante-audiencia-de-sentencia-dice-abogado\/"]}]},{"@type":"ImageObject","inLanguage":"es","@id":"https:\/\/fuentesfidedignas.com.mx\/index.php\/2024\/10\/14\/garcia-luna-hablara-durante-audiencia-de-sentencia-dice-abogado\/#primaryimage","url":"https:\/\/fuentesfidedignas.com.mx\/wp-content\/uploads\/2021\/06\/genaro-garcia-luna-audiencia-nueva-york_1.jpg","contentUrl":"https:\/\/fuentesfidedignas.com.mx\/wp-content\/uploads\/2021\/06\/genaro-garcia-luna-audiencia-nueva-york_1.jpg","width":980,"height":551},{"@type":"BreadcrumbList","@id":"https:\/\/fuentesfidedignas.com.mx\/index.php\/2024\/10\/14\/garcia-luna-hablara-durante-audiencia-de-sentencia-dice-abogado\/#breadcrumb","itemListElement":[{"@type":"ListItem","position":1,"name":"Inicio","item":"https:\/\/fuentesfidedignas.com.mx\/"},{"@type":"ListItem","position":2,"name":"Garc\u00eda Luna hablar\u00e1 durante audiencia de sentencia, dice abogado"}]},{"@type":"WebSite","@id":"https:\/\/fuentesfidedignas.com.mx\/#website","url":"https:\/\/fuentesfidedignas.com.mx\/","name":"Fuentes Fidedignas","description":"Otro sitio realizado con WordPress","publisher":{"@id":"https:\/\/fuentesfidedignas.com.mx\/#organization"},"potentialAction":[{"@type":"SearchAction","target":{"@type":"EntryPoint","urlTemplate":"https:\/\/fuentesfidedignas.com.mx\/?s={search_term_string}"},"query-input":{"@type":"PropertyValueSpecification","valueRequired":true,"valueName":"search_term_string"}}],"inLanguage":"es"},{"@type":"Organization","@id":"https:\/\/fuentesfidedignas.com.mx\/#organization","name":"Fuentes Fidedignas","url":"https:\/\/fuentesfidedignas.com.mx\/","logo":{"@type":"ImageObject","inLanguage":"es","@id":"https:\/\/fuentesfidedignas.com.mx\/#\/schema\/logo\/image\/","url":"https:\/\/fuentesfidedignas.com.mx\/wp-content\/uploads\/2021\/04\/logo-retina.png","contentUrl":"https:\/\/fuentesfidedignas.com.mx\/wp-content\/uploads\/2021\/04\/logo-retina.png","width":280,"height":51,"caption":"Fuentes Fidedignas"},"image":{"@id":"https:\/\/fuentesfidedignas.com.mx\/#\/schema\/logo\/image\/"},"sameAs":["https:\/\/www.facebook.com\/Fuentes-Fidedignas-368234489921644","https:\/\/x.com\/fidedignas"]},{"@type":"Person","@id":"https:\/\/fuentesfidedignas.com.mx\/#\/schema\/person\/47ec0135738f4b0c7495f06a77a2c976","name":"Milenio","image":{"@type":"ImageObject","inLanguage":"es","@id":"https:\/\/secure.gravatar.com\/avatar\/acabf7b54753e51c2c76457954577c236b3b764789b19879565769739d1e4a75?s=96&d=mm&r=g","url":"https:\/\/secure.gravatar.com\/avatar\/acabf7b54753e51c2c76457954577c236b3b764789b19879565769739d1e4a75?s=96&d=mm&r=g","contentUrl":"https:\/\/secure.gravatar.com\/avatar\/acabf7b54753e51c2c76457954577c236b3b764789b19879565769739d1e4a75?s=96&d=mm&r=g","caption":"Milenio"},"url":"https:\/\/fuentesfidedignas.com.mx\/index.php\/author\/milenio\/"}]}},"_links":{"self":[{"href":"https:\/\/fuentesfidedignas.com.mx\/index.php\/wp-json\/wp\/v2\/posts\/93326","targetHints":{"allow":["GET"]}}],"collection":[{"href":"https:\/\/fuentesfidedignas.com.mx\/index.php\/wp-json\/wp\/v2\/posts"}],"about":[{"href":"https:\/\/fuentesfidedignas.com.mx\/index.php\/wp-json\/wp\/v2\/types\/post"}],"author":[{"embeddable":true,"href":"https:\/\/fuentesfidedignas.com.mx\/index.php\/wp-json\/wp\/v2\/users\/9"}],"replies":[{"embeddable":true,"href":"https:\/\/fuentesfidedignas.com.mx\/index.php\/wp-json\/wp\/v2\/comments?post=93326"}],"version-history":[{"count":1,"href":"https:\/\/fuentesfidedignas.com.mx\/index.php\/wp-json\/wp\/v2\/posts\/93326\/revisions"}],"predecessor-version":[{"id":93327,"href":"https:\/\/fuentesfidedignas.com.mx\/index.php\/wp-json\/wp\/v2\/posts\/93326\/revisions\/93327"}],"wp:featuredmedia":[{"embeddable":true,"href":"https:\/\/fuentesfidedignas.com.mx\/index.php\/wp-json\/wp\/v2\/media\/5334"}],"wp:attachment":[{"href":"https:\/\/fuentesfidedignas.com.mx\/index.php\/wp-json\/wp\/v2\/media?parent=93326"}],"wp:term":[{"taxonomy":"category","embeddable":true,"href":"https:\/\/fuentesfidedignas.com.mx\/index.php\/wp-json\/wp\/v2\/categories?post=93326"},{"taxonomy":"post_tag","embeddable":true,"href":"https:\/\/fuentesfidedignas.com.mx\/index.php\/wp-json\/wp\/v2\/tags?post=93326"}],"curies":[{"name":"wp","href":"https:\/\/api.w.org\/{rel}","templated":true}]}}