{"id":9320,"date":"2021-08-09T00:40:00","date_gmt":"2021-08-09T07:40:00","guid":{"rendered":"https:\/\/fuentesfidedignas.com.mx\/?p=9320"},"modified":"2021-08-08T19:44:07","modified_gmt":"2021-08-09T02:44:07","slug":"con-16-coreografias-participan-alumnos-de-la-esds-en-el-festival-de-fin-de-cursos-isic","status":"publish","type":"post","link":"https:\/\/fuentesfidedignas.com.mx\/index.php\/2021\/08\/09\/con-16-coreografias-participan-alumnos-de-la-esds-en-el-festival-de-fin-de-cursos-isic\/","title":{"rendered":"Con 16 coreograf\u00edas, participan alumnos de la ESDS en el Festival de Fin de Cursos ISIC"},"content":{"rendered":"\n<p><strong><em>En l\u00ednea, se transmitieron este viernes trabajos breves de alumnos de los diversos grados de la Licenciatura en Danza<\/em><\/strong><\/p>\n\n\n\n<p>Culiac\u00e1n, Sin.- Alumnos de las maestras Edylin Zatarain y Sandra Vargas en la Escuela Superior de Danza de Sinaloa, mostraron su talento y creatividad en 16 videos con coreograf\u00edas breves, con las que participaron en el Festival de Fin de Cursos ISIC en L\u00ednea 2020-2021, del Instituto Sinaloense de Cultura.<\/p>\n\n\n\n<p>Con transmisiones desde las 10.00 horas a trav\u00e9s de las redes sociales del instituto, abrieron los alumnos de primer grado en la asignatura Investigaci\u00f3n del movimiento, impartida por Edylin Zatarain, con las coreograf\u00edas \u201cRa\u00edces\u201d (coreograf\u00eda e interpretaci\u00f3n de Brayan Guti\u00e9rrez, Bryant L\u00f3pez, Rebeca Maldonado, Fernanda Madue\u00f1o y Paola Uriarte); \u201cMente Demente\u201d (de Yocelin Barraza, Karolina Fr\u00edas Prado, Kevin Rivera y Nayla Ibarra) y \u201cKabila Pori\u201d (por Andrea Gil, Paola Aceves \u2013creadora de la m\u00fasica-, Esthela Rodr\u00edguez, Jacqueline Quintero y Fernanda Torr\u00f3ntegui).<\/p>\n\n\n\n<p>De segundo grado, en la asignatura de Creaci\u00f3n coreogr\u00e1fica, impartida por la maestra Sandra Vargas, se presentaron \u201cEl anhelo\u201d (de Sibel Gachuz, interpretada por Aldo Mart\u00ednez, Blanca Guzm\u00e1n, Paulina Humaran y Rosario V\u00e1zquez), y \u201cP\u00e1ramo\u201d (de Brandon Seymour e interpretaci\u00f3n de Andrea Zamudio, Oralia Herrera, Jescia Quiroa y Fernanda Leal, con Ruth Arag\u00f3n como narradora).<\/p>\n\n\n\n<p>De tercer grado, en esta misma asignatura, se presentaron las coreograf\u00edas \u201cDe la Transmutaci\u00f3n y su Divina Brutalidad\u201d (de Shiara Portillo, interpretada por Militza Guadalupe Aguirre Noriega); \u201cPachamama\u201d (de Marian Musso, a cargo de Almendra Garibaldi), \u201cWabi-Sabi\u201d (de Melissa Alfaro, actuada por Alyson Flores), y \u201cPundonor\u201d (de Alejandra Rocha Villaverde, interpretaci\u00f3n y voz de Melissa Alfaro).<\/p>\n\n\n\n<p>Cerraron con \u201cDualidad\u201d (de Mariana Pereyda, a cargo de Salma Valenzuela); \u201cPsique\u201d (de Alyson Valenzuela, actuada por Shiara Portillo); \u201c3.33\u201d (de Kathia Franco, actuada por Mariana Pereyda); \u201cRa\u00edces\u201d (de Gabriela Guti\u00e9rrez, ejecutada por Alejandra Rocha; \u201cFemine\u201d (de Salma Valenzuela, interpretada Marian Musso); \u201cCuando el alma se ve\u201d (de Almendra Rodr\u00edguez, actuada por Kathia Franco), y finalmente \u201cDespertar\u201d (de Militza Aguirre, interpretaci\u00f3n de Gabriela Guti\u00e9rrez).<\/p>\n\n\n\n<p>En este Festival concluye el 18 de agosto, y est\u00e1 a cargo de estudiantes de centros culturales y escuelas de arte del Instituto Sinaloense de Cultura en la entidad y las transmisiones pueden verse a trav\u00e9s de la p\u00e1gina del ISIC en Facebook y posteriormente ser\u00e1n colgadas tambi\u00e9n en el canal Cultura Sinaloa en YouTube.<\/p>\n","protected":false},"excerpt":{"rendered":"<p>En l\u00ednea, se transmitieron este viernes trabajos breves de alumnos de los diversos grados de la Licenciatura en Danza Culiac\u00e1n, Sin.- Alumnos de las maestras Edylin Zatarain y Sandra Vargas en la Escuela Superior de Danza de Sinaloa, mostraron su talento y creatividad en 16 videos con coreograf\u00edas breves, con las que participaron en el [&hellip;]<\/p>\n","protected":false},"author":4,"featured_media":9321,"comment_status":"open","ping_status":"open","sticky":false,"template":"","format":"standard","meta":{"tdm_status":"","tdm_grid_status":"","footnotes":""},"categories":[31],"tags":[],"class_list":{"0":"post-9320","1":"post","2":"type-post","3":"status-publish","4":"format-standard","5":"has-post-thumbnail","7":"category-sinaloa-positivo"},"yoast_head":"<!-- This site is optimized with the Yoast SEO plugin v27.5 - https:\/\/yoast.com\/product\/yoast-seo-wordpress\/ -->\n<title>Con 16 coreograf\u00edas, participan alumnos de la ESDS en el Festival de Fin de Cursos ISIC - Fuentes Fidedignas<\/title>\n<meta name=\"robots\" content=\"index, follow, max-snippet:-1, max-image-preview:large, max-video-preview:-1\" \/>\n<link rel=\"canonical\" href=\"https:\/\/fuentesfidedignas.com.mx\/index.php\/2021\/08\/09\/con-16-coreografias-participan-alumnos-de-la-esds-en-el-festival-de-fin-de-cursos-isic\/\" \/>\n<meta property=\"og:locale\" content=\"es_MX\" \/>\n<meta property=\"og:type\" content=\"article\" \/>\n<meta property=\"og:title\" content=\"Con 16 coreograf\u00edas, participan alumnos de la ESDS en el Festival de Fin de Cursos ISIC - Fuentes Fidedignas\" \/>\n<meta property=\"og:description\" content=\"En l\u00ednea, se transmitieron este viernes trabajos breves de alumnos de los diversos grados de la Licenciatura en Danza Culiac\u00e1n, Sin.- Alumnos de las maestras Edylin Zatarain y Sandra Vargas en la Escuela Superior de Danza de Sinaloa, mostraron su talento y creatividad en 16 videos con coreograf\u00edas breves, con las que participaron en el [&hellip;]\" \/>\n<meta property=\"og:url\" content=\"https:\/\/fuentesfidedignas.com.mx\/index.php\/2021\/08\/09\/con-16-coreografias-participan-alumnos-de-la-esds-en-el-festival-de-fin-de-cursos-isic\/\" \/>\n<meta property=\"og:site_name\" content=\"Fuentes Fidedignas\" \/>\n<meta property=\"article:publisher\" content=\"https:\/\/www.facebook.com\/Fuentes-Fidedignas-368234489921644\" \/>\n<meta property=\"article:published_time\" content=\"2021-08-09T07:40:00+00:00\" \/>\n<meta property=\"og:image\" content=\"https:\/\/fuentesfidedignas.com.mx\/wp-content\/uploads\/2021\/08\/Fin-de-Cursos-en-linea-ESDS-06Ago2021-16.jpg\" \/>\n\t<meta property=\"og:image:width\" content=\"852\" \/>\n\t<meta property=\"og:image:height\" content=\"536\" \/>\n\t<meta property=\"og:image:type\" content=\"image\/jpeg\" \/>\n<meta name=\"author\" content=\"Redacci\u00f3n\" \/>\n<meta name=\"twitter:card\" content=\"summary_large_image\" \/>\n<meta name=\"twitter:creator\" content=\"@fidedignas\" \/>\n<meta name=\"twitter:site\" content=\"@fidedignas\" \/>\n<meta name=\"twitter:label1\" content=\"Escrito por\" \/>\n\t<meta name=\"twitter:data1\" content=\"Redacci\u00f3n\" \/>\n\t<meta name=\"twitter:label2\" content=\"Tiempo de lectura\" \/>\n\t<meta name=\"twitter:data2\" content=\"2 minutos\" \/>\n<script type=\"application\/ld+json\" class=\"yoast-schema-graph\">{\"@context\":\"https:\\\/\\\/schema.org\",\"@graph\":[{\"@type\":\"Article\",\"@id\":\"https:\\\/\\\/fuentesfidedignas.com.mx\\\/index.php\\\/2021\\\/08\\\/09\\\/con-16-coreografias-participan-alumnos-de-la-esds-en-el-festival-de-fin-de-cursos-isic\\\/#article\",\"isPartOf\":{\"@id\":\"https:\\\/\\\/fuentesfidedignas.com.mx\\\/index.php\\\/2021\\\/08\\\/09\\\/con-16-coreografias-participan-alumnos-de-la-esds-en-el-festival-de-fin-de-cursos-isic\\\/\"},\"author\":{\"name\":\"Redacci\u00f3n\",\"@id\":\"https:\\\/\\\/fuentesfidedignas.com.mx\\\/#\\\/schema\\\/person\\\/331be9283d37198e2acd5750279085b0\"},\"headline\":\"Con 16 coreograf\u00edas, participan alumnos de la ESDS en el Festival de Fin de Cursos ISIC\",\"datePublished\":\"2021-08-09T07:40:00+00:00\",\"mainEntityOfPage\":{\"@id\":\"https:\\\/\\\/fuentesfidedignas.com.mx\\\/index.php\\\/2021\\\/08\\\/09\\\/con-16-coreografias-participan-alumnos-de-la-esds-en-el-festival-de-fin-de-cursos-isic\\\/\"},\"wordCount\":430,\"commentCount\":0,\"publisher\":{\"@id\":\"https:\\\/\\\/fuentesfidedignas.com.mx\\\/#organization\"},\"image\":{\"@id\":\"https:\\\/\\\/fuentesfidedignas.com.mx\\\/index.php\\\/2021\\\/08\\\/09\\\/con-16-coreografias-participan-alumnos-de-la-esds-en-el-festival-de-fin-de-cursos-isic\\\/#primaryimage\"},\"thumbnailUrl\":\"https:\\\/\\\/fuentesfidedignas.com.mx\\\/wp-content\\\/uploads\\\/2021\\\/08\\\/Fin-de-Cursos-en-linea-ESDS-06Ago2021-16.jpg\",\"articleSection\":[\"SINALOA POSITIVO\"],\"inLanguage\":\"es\",\"potentialAction\":[{\"@type\":\"CommentAction\",\"name\":\"Comment\",\"target\":[\"https:\\\/\\\/fuentesfidedignas.com.mx\\\/index.php\\\/2021\\\/08\\\/09\\\/con-16-coreografias-participan-alumnos-de-la-esds-en-el-festival-de-fin-de-cursos-isic\\\/#respond\"]}]},{\"@type\":\"WebPage\",\"@id\":\"https:\\\/\\\/fuentesfidedignas.com.mx\\\/index.php\\\/2021\\\/08\\\/09\\\/con-16-coreografias-participan-alumnos-de-la-esds-en-el-festival-de-fin-de-cursos-isic\\\/\",\"url\":\"https:\\\/\\\/fuentesfidedignas.com.mx\\\/index.php\\\/2021\\\/08\\\/09\\\/con-16-coreografias-participan-alumnos-de-la-esds-en-el-festival-de-fin-de-cursos-isic\\\/\",\"name\":\"Con 16 coreograf\u00edas, participan alumnos de la ESDS en el Festival de Fin de Cursos ISIC - Fuentes Fidedignas\",\"isPartOf\":{\"@id\":\"https:\\\/\\\/fuentesfidedignas.com.mx\\\/#website\"},\"primaryImageOfPage\":{\"@id\":\"https:\\\/\\\/fuentesfidedignas.com.mx\\\/index.php\\\/2021\\\/08\\\/09\\\/con-16-coreografias-participan-alumnos-de-la-esds-en-el-festival-de-fin-de-cursos-isic\\\/#primaryimage\"},\"image\":{\"@id\":\"https:\\\/\\\/fuentesfidedignas.com.mx\\\/index.php\\\/2021\\\/08\\\/09\\\/con-16-coreografias-participan-alumnos-de-la-esds-en-el-festival-de-fin-de-cursos-isic\\\/#primaryimage\"},\"thumbnailUrl\":\"https:\\\/\\\/fuentesfidedignas.com.mx\\\/wp-content\\\/uploads\\\/2021\\\/08\\\/Fin-de-Cursos-en-linea-ESDS-06Ago2021-16.jpg\",\"datePublished\":\"2021-08-09T07:40:00+00:00\",\"breadcrumb\":{\"@id\":\"https:\\\/\\\/fuentesfidedignas.com.mx\\\/index.php\\\/2021\\\/08\\\/09\\\/con-16-coreografias-participan-alumnos-de-la-esds-en-el-festival-de-fin-de-cursos-isic\\\/#breadcrumb\"},\"inLanguage\":\"es\",\"potentialAction\":[{\"@type\":\"ReadAction\",\"target\":[\"https:\\\/\\\/fuentesfidedignas.com.mx\\\/index.php\\\/2021\\\/08\\\/09\\\/con-16-coreografias-participan-alumnos-de-la-esds-en-el-festival-de-fin-de-cursos-isic\\\/\"]}]},{\"@type\":\"ImageObject\",\"inLanguage\":\"es\",\"@id\":\"https:\\\/\\\/fuentesfidedignas.com.mx\\\/index.php\\\/2021\\\/08\\\/09\\\/con-16-coreografias-participan-alumnos-de-la-esds-en-el-festival-de-fin-de-cursos-isic\\\/#primaryimage\",\"url\":\"https:\\\/\\\/fuentesfidedignas.com.mx\\\/wp-content\\\/uploads\\\/2021\\\/08\\\/Fin-de-Cursos-en-linea-ESDS-06Ago2021-16.jpg\",\"contentUrl\":\"https:\\\/\\\/fuentesfidedignas.com.mx\\\/wp-content\\\/uploads\\\/2021\\\/08\\\/Fin-de-Cursos-en-linea-ESDS-06Ago2021-16.jpg\",\"width\":852,\"height\":536},{\"@type\":\"BreadcrumbList\",\"@id\":\"https:\\\/\\\/fuentesfidedignas.com.mx\\\/index.php\\\/2021\\\/08\\\/09\\\/con-16-coreografias-participan-alumnos-de-la-esds-en-el-festival-de-fin-de-cursos-isic\\\/#breadcrumb\",\"itemListElement\":[{\"@type\":\"ListItem\",\"position\":1,\"name\":\"Inicio\",\"item\":\"https:\\\/\\\/fuentesfidedignas.com.mx\\\/\"},{\"@type\":\"ListItem\",\"position\":2,\"name\":\"Con 16 coreograf\u00edas, participan alumnos de la ESDS en el Festival de Fin de Cursos ISIC\"}]},{\"@type\":\"WebSite\",\"@id\":\"https:\\\/\\\/fuentesfidedignas.com.mx\\\/#website\",\"url\":\"https:\\\/\\\/fuentesfidedignas.com.mx\\\/\",\"name\":\"Fuentes Fidedignas\",\"description\":\"Otro sitio realizado con WordPress\",\"publisher\":{\"@id\":\"https:\\\/\\\/fuentesfidedignas.com.mx\\\/#organization\"},\"potentialAction\":[{\"@type\":\"SearchAction\",\"target\":{\"@type\":\"EntryPoint\",\"urlTemplate\":\"https:\\\/\\\/fuentesfidedignas.com.mx\\\/?s={search_term_string}\"},\"query-input\":{\"@type\":\"PropertyValueSpecification\",\"valueRequired\":true,\"valueName\":\"search_term_string\"}}],\"inLanguage\":\"es\"},{\"@type\":\"Organization\",\"@id\":\"https:\\\/\\\/fuentesfidedignas.com.mx\\\/#organization\",\"name\":\"Fuentes Fidedignas\",\"url\":\"https:\\\/\\\/fuentesfidedignas.com.mx\\\/\",\"logo\":{\"@type\":\"ImageObject\",\"inLanguage\":\"es\",\"@id\":\"https:\\\/\\\/fuentesfidedignas.com.mx\\\/#\\\/schema\\\/logo\\\/image\\\/\",\"url\":\"https:\\\/\\\/fuentesfidedignas.com.mx\\\/wp-content\\\/uploads\\\/2021\\\/04\\\/logo-retina.png\",\"contentUrl\":\"https:\\\/\\\/fuentesfidedignas.com.mx\\\/wp-content\\\/uploads\\\/2021\\\/04\\\/logo-retina.png\",\"width\":280,\"height\":51,\"caption\":\"Fuentes Fidedignas\"},\"image\":{\"@id\":\"https:\\\/\\\/fuentesfidedignas.com.mx\\\/#\\\/schema\\\/logo\\\/image\\\/\"},\"sameAs\":[\"https:\\\/\\\/www.facebook.com\\\/Fuentes-Fidedignas-368234489921644\",\"https:\\\/\\\/x.com\\\/fidedignas\"]},{\"@type\":\"Person\",\"@id\":\"https:\\\/\\\/fuentesfidedignas.com.mx\\\/#\\\/schema\\\/person\\\/331be9283d37198e2acd5750279085b0\",\"name\":\"Redacci\u00f3n\",\"image\":{\"@type\":\"ImageObject\",\"inLanguage\":\"es\",\"@id\":\"https:\\\/\\\/secure.gravatar.com\\\/avatar\\\/f6d8782c11d12b2d4ad3fbb6931aeab5309937a4d6cd2fc9cfaa28a6396a5aec?s=96&d=mm&r=g\",\"url\":\"https:\\\/\\\/secure.gravatar.com\\\/avatar\\\/f6d8782c11d12b2d4ad3fbb6931aeab5309937a4d6cd2fc9cfaa28a6396a5aec?s=96&d=mm&r=g\",\"contentUrl\":\"https:\\\/\\\/secure.gravatar.com\\\/avatar\\\/f6d8782c11d12b2d4ad3fbb6931aeab5309937a4d6cd2fc9cfaa28a6396a5aec?s=96&d=mm&r=g\",\"caption\":\"Redacci\u00f3n\"},\"url\":\"https:\\\/\\\/fuentesfidedignas.com.mx\\\/index.php\\\/author\\\/redaccion\\\/\"}]}<\/script>\n<!-- \/ Yoast SEO plugin. -->","yoast_head_json":{"title":"Con 16 coreograf\u00edas, participan alumnos de la ESDS en el Festival de Fin de Cursos ISIC - Fuentes Fidedignas","robots":{"index":"index","follow":"follow","max-snippet":"max-snippet:-1","max-image-preview":"max-image-preview:large","max-video-preview":"max-video-preview:-1"},"canonical":"https:\/\/fuentesfidedignas.com.mx\/index.php\/2021\/08\/09\/con-16-coreografias-participan-alumnos-de-la-esds-en-el-festival-de-fin-de-cursos-isic\/","og_locale":"es_MX","og_type":"article","og_title":"Con 16 coreograf\u00edas, participan alumnos de la ESDS en el Festival de Fin de Cursos ISIC - Fuentes Fidedignas","og_description":"En l\u00ednea, se transmitieron este viernes trabajos breves de alumnos de los diversos grados de la Licenciatura en Danza Culiac\u00e1n, Sin.- Alumnos de las maestras Edylin Zatarain y Sandra Vargas en la Escuela Superior de Danza de Sinaloa, mostraron su talento y creatividad en 16 videos con coreograf\u00edas breves, con las que participaron en el [&hellip;]","og_url":"https:\/\/fuentesfidedignas.com.mx\/index.php\/2021\/08\/09\/con-16-coreografias-participan-alumnos-de-la-esds-en-el-festival-de-fin-de-cursos-isic\/","og_site_name":"Fuentes Fidedignas","article_publisher":"https:\/\/www.facebook.com\/Fuentes-Fidedignas-368234489921644","article_published_time":"2021-08-09T07:40:00+00:00","og_image":[{"width":852,"height":536,"url":"https:\/\/fuentesfidedignas.com.mx\/wp-content\/uploads\/2021\/08\/Fin-de-Cursos-en-linea-ESDS-06Ago2021-16.jpg","type":"image\/jpeg"}],"author":"Redacci\u00f3n","twitter_card":"summary_large_image","twitter_creator":"@fidedignas","twitter_site":"@fidedignas","twitter_misc":{"Escrito por":"Redacci\u00f3n","Tiempo de lectura":"2 minutos"},"schema":{"@context":"https:\/\/schema.org","@graph":[{"@type":"Article","@id":"https:\/\/fuentesfidedignas.com.mx\/index.php\/2021\/08\/09\/con-16-coreografias-participan-alumnos-de-la-esds-en-el-festival-de-fin-de-cursos-isic\/#article","isPartOf":{"@id":"https:\/\/fuentesfidedignas.com.mx\/index.php\/2021\/08\/09\/con-16-coreografias-participan-alumnos-de-la-esds-en-el-festival-de-fin-de-cursos-isic\/"},"author":{"name":"Redacci\u00f3n","@id":"https:\/\/fuentesfidedignas.com.mx\/#\/schema\/person\/331be9283d37198e2acd5750279085b0"},"headline":"Con 16 coreograf\u00edas, participan alumnos de la ESDS en el Festival de Fin de Cursos ISIC","datePublished":"2021-08-09T07:40:00+00:00","mainEntityOfPage":{"@id":"https:\/\/fuentesfidedignas.com.mx\/index.php\/2021\/08\/09\/con-16-coreografias-participan-alumnos-de-la-esds-en-el-festival-de-fin-de-cursos-isic\/"},"wordCount":430,"commentCount":0,"publisher":{"@id":"https:\/\/fuentesfidedignas.com.mx\/#organization"},"image":{"@id":"https:\/\/fuentesfidedignas.com.mx\/index.php\/2021\/08\/09\/con-16-coreografias-participan-alumnos-de-la-esds-en-el-festival-de-fin-de-cursos-isic\/#primaryimage"},"thumbnailUrl":"https:\/\/fuentesfidedignas.com.mx\/wp-content\/uploads\/2021\/08\/Fin-de-Cursos-en-linea-ESDS-06Ago2021-16.jpg","articleSection":["SINALOA POSITIVO"],"inLanguage":"es","potentialAction":[{"@type":"CommentAction","name":"Comment","target":["https:\/\/fuentesfidedignas.com.mx\/index.php\/2021\/08\/09\/con-16-coreografias-participan-alumnos-de-la-esds-en-el-festival-de-fin-de-cursos-isic\/#respond"]}]},{"@type":"WebPage","@id":"https:\/\/fuentesfidedignas.com.mx\/index.php\/2021\/08\/09\/con-16-coreografias-participan-alumnos-de-la-esds-en-el-festival-de-fin-de-cursos-isic\/","url":"https:\/\/fuentesfidedignas.com.mx\/index.php\/2021\/08\/09\/con-16-coreografias-participan-alumnos-de-la-esds-en-el-festival-de-fin-de-cursos-isic\/","name":"Con 16 coreograf\u00edas, participan alumnos de la ESDS en el Festival de Fin de Cursos ISIC - Fuentes Fidedignas","isPartOf":{"@id":"https:\/\/fuentesfidedignas.com.mx\/#website"},"primaryImageOfPage":{"@id":"https:\/\/fuentesfidedignas.com.mx\/index.php\/2021\/08\/09\/con-16-coreografias-participan-alumnos-de-la-esds-en-el-festival-de-fin-de-cursos-isic\/#primaryimage"},"image":{"@id":"https:\/\/fuentesfidedignas.com.mx\/index.php\/2021\/08\/09\/con-16-coreografias-participan-alumnos-de-la-esds-en-el-festival-de-fin-de-cursos-isic\/#primaryimage"},"thumbnailUrl":"https:\/\/fuentesfidedignas.com.mx\/wp-content\/uploads\/2021\/08\/Fin-de-Cursos-en-linea-ESDS-06Ago2021-16.jpg","datePublished":"2021-08-09T07:40:00+00:00","breadcrumb":{"@id":"https:\/\/fuentesfidedignas.com.mx\/index.php\/2021\/08\/09\/con-16-coreografias-participan-alumnos-de-la-esds-en-el-festival-de-fin-de-cursos-isic\/#breadcrumb"},"inLanguage":"es","potentialAction":[{"@type":"ReadAction","target":["https:\/\/fuentesfidedignas.com.mx\/index.php\/2021\/08\/09\/con-16-coreografias-participan-alumnos-de-la-esds-en-el-festival-de-fin-de-cursos-isic\/"]}]},{"@type":"ImageObject","inLanguage":"es","@id":"https:\/\/fuentesfidedignas.com.mx\/index.php\/2021\/08\/09\/con-16-coreografias-participan-alumnos-de-la-esds-en-el-festival-de-fin-de-cursos-isic\/#primaryimage","url":"https:\/\/fuentesfidedignas.com.mx\/wp-content\/uploads\/2021\/08\/Fin-de-Cursos-en-linea-ESDS-06Ago2021-16.jpg","contentUrl":"https:\/\/fuentesfidedignas.com.mx\/wp-content\/uploads\/2021\/08\/Fin-de-Cursos-en-linea-ESDS-06Ago2021-16.jpg","width":852,"height":536},{"@type":"BreadcrumbList","@id":"https:\/\/fuentesfidedignas.com.mx\/index.php\/2021\/08\/09\/con-16-coreografias-participan-alumnos-de-la-esds-en-el-festival-de-fin-de-cursos-isic\/#breadcrumb","itemListElement":[{"@type":"ListItem","position":1,"name":"Inicio","item":"https:\/\/fuentesfidedignas.com.mx\/"},{"@type":"ListItem","position":2,"name":"Con 16 coreograf\u00edas, participan alumnos de la ESDS en el Festival de Fin de Cursos ISIC"}]},{"@type":"WebSite","@id":"https:\/\/fuentesfidedignas.com.mx\/#website","url":"https:\/\/fuentesfidedignas.com.mx\/","name":"Fuentes Fidedignas","description":"Otro sitio realizado con WordPress","publisher":{"@id":"https:\/\/fuentesfidedignas.com.mx\/#organization"},"potentialAction":[{"@type":"SearchAction","target":{"@type":"EntryPoint","urlTemplate":"https:\/\/fuentesfidedignas.com.mx\/?s={search_term_string}"},"query-input":{"@type":"PropertyValueSpecification","valueRequired":true,"valueName":"search_term_string"}}],"inLanguage":"es"},{"@type":"Organization","@id":"https:\/\/fuentesfidedignas.com.mx\/#organization","name":"Fuentes Fidedignas","url":"https:\/\/fuentesfidedignas.com.mx\/","logo":{"@type":"ImageObject","inLanguage":"es","@id":"https:\/\/fuentesfidedignas.com.mx\/#\/schema\/logo\/image\/","url":"https:\/\/fuentesfidedignas.com.mx\/wp-content\/uploads\/2021\/04\/logo-retina.png","contentUrl":"https:\/\/fuentesfidedignas.com.mx\/wp-content\/uploads\/2021\/04\/logo-retina.png","width":280,"height":51,"caption":"Fuentes Fidedignas"},"image":{"@id":"https:\/\/fuentesfidedignas.com.mx\/#\/schema\/logo\/image\/"},"sameAs":["https:\/\/www.facebook.com\/Fuentes-Fidedignas-368234489921644","https:\/\/x.com\/fidedignas"]},{"@type":"Person","@id":"https:\/\/fuentesfidedignas.com.mx\/#\/schema\/person\/331be9283d37198e2acd5750279085b0","name":"Redacci\u00f3n","image":{"@type":"ImageObject","inLanguage":"es","@id":"https:\/\/secure.gravatar.com\/avatar\/f6d8782c11d12b2d4ad3fbb6931aeab5309937a4d6cd2fc9cfaa28a6396a5aec?s=96&d=mm&r=g","url":"https:\/\/secure.gravatar.com\/avatar\/f6d8782c11d12b2d4ad3fbb6931aeab5309937a4d6cd2fc9cfaa28a6396a5aec?s=96&d=mm&r=g","contentUrl":"https:\/\/secure.gravatar.com\/avatar\/f6d8782c11d12b2d4ad3fbb6931aeab5309937a4d6cd2fc9cfaa28a6396a5aec?s=96&d=mm&r=g","caption":"Redacci\u00f3n"},"url":"https:\/\/fuentesfidedignas.com.mx\/index.php\/author\/redaccion\/"}]}},"_links":{"self":[{"href":"https:\/\/fuentesfidedignas.com.mx\/index.php\/wp-json\/wp\/v2\/posts\/9320","targetHints":{"allow":["GET"]}}],"collection":[{"href":"https:\/\/fuentesfidedignas.com.mx\/index.php\/wp-json\/wp\/v2\/posts"}],"about":[{"href":"https:\/\/fuentesfidedignas.com.mx\/index.php\/wp-json\/wp\/v2\/types\/post"}],"author":[{"embeddable":true,"href":"https:\/\/fuentesfidedignas.com.mx\/index.php\/wp-json\/wp\/v2\/users\/4"}],"replies":[{"embeddable":true,"href":"https:\/\/fuentesfidedignas.com.mx\/index.php\/wp-json\/wp\/v2\/comments?post=9320"}],"version-history":[{"count":1,"href":"https:\/\/fuentesfidedignas.com.mx\/index.php\/wp-json\/wp\/v2\/posts\/9320\/revisions"}],"predecessor-version":[{"id":9322,"href":"https:\/\/fuentesfidedignas.com.mx\/index.php\/wp-json\/wp\/v2\/posts\/9320\/revisions\/9322"}],"wp:featuredmedia":[{"embeddable":true,"href":"https:\/\/fuentesfidedignas.com.mx\/index.php\/wp-json\/wp\/v2\/media\/9321"}],"wp:attachment":[{"href":"https:\/\/fuentesfidedignas.com.mx\/index.php\/wp-json\/wp\/v2\/media?parent=9320"}],"wp:term":[{"taxonomy":"category","embeddable":true,"href":"https:\/\/fuentesfidedignas.com.mx\/index.php\/wp-json\/wp\/v2\/categories?post=9320"},{"taxonomy":"post_tag","embeddable":true,"href":"https:\/\/fuentesfidedignas.com.mx\/index.php\/wp-json\/wp\/v2\/tags?post=9320"}],"curies":[{"name":"wp","href":"https:\/\/api.w.org\/{rel}","templated":true}]}}