{"id":93193,"date":"2024-10-12T15:22:31","date_gmt":"2024-10-12T22:22:31","guid":{"rendered":"https:\/\/fuentesfidedignas.com.mx\/?p=93193"},"modified":"2024-10-12T15:22:31","modified_gmt":"2024-10-12T22:22:31","slug":"jueces-y-magistrados-finalizan-el-paro-nacional-en-el-poder-judicial","status":"publish","type":"post","link":"https:\/\/fuentesfidedignas.com.mx\/index.php\/2024\/10\/12\/jueces-y-magistrados-finalizan-el-paro-nacional-en-el-poder-judicial\/","title":{"rendered":"Jueces y magistrados finalizan el paro nacional en el Poder Judicial"},"content":{"rendered":"\n<p><\/p>\n\n\n\n<p><strong><em>Con 684 votos a favor, jueces y magistrados deciden terminar el paro nacional de labores en el Poder Judicial de la Federaci\u00f3n<\/em><\/strong><\/p>\n\n\n\n<p>La Asociaci\u00f3n Nacional de Magistrados de Circuito y Jueces de Distrito (Jufed) acord\u00f3 este s\u00e1bado retomar sus actividades a partir del 16 de octubre, luego de m\u00e1s de un mes de paro de labores en protesta por la reforma al poder Judicial en M\u00e9xico.<\/p>\n\n\n\n<p>La reanudaci\u00f3n de las actividades, aunque solo ser\u00e1 de juezas, jueces, magistradas y magistrados, correr\u00eda a partir del pr\u00f3ximo 16 de octubre tras m\u00e1s de un mes de solo atender \u201casuntos urgentes\u201d y manifestarse en contra de la reforma para elegir jueces, magistrados y ministros de la Suprema Corte de Justicia de la Naci\u00f3n (SCJN) por voto popular.<\/p>\n\n\n\n<p>La decisi\u00f3n, explic\u00f3 la Jufed en un comunicado, se tom\u00f3 tras una consulta en la que se plante\u00f3 la reanudaci\u00f3n de actividades, con la realizaci\u00f3n ahora de otro tipo de actividades de protesta.<\/p>\n\n\n\n<p>En total, 684 personas votaron a favor de reanudar las labores, mientras que 572 lo hicieron en contra.<\/p>\n\n\n\n<blockquote class=\"wp-block-quote is-layout-flow wp-block-quote-is-layout-flow\">\n<p>De lo anterior se advierte que existe una porci\u00f3n significativa de personas juzgadoras que considera oportuno reanudar las labores jurisdiccionales, aunque variando las formas de manifestaci\u00f3n y protesta\u201d, apuntaron.<\/p>\n<\/blockquote>\n\n\n\n<p>La organizaci\u00f3n aclar\u00f3 que los resultados mandatan a su dirigencia y \u201cen ning\u00fan caso deben interpretarse como una divisi\u00f3n o desistimiento de nuestra firme defensa de la independencia judicial\u201d.<\/p>\n\n\n\n<p>La Jufed exigi\u00f3 al Consejo de la Judicatura Federal (CJF) acatar las suspensiones concedidas por jueces de Distrito que ordenan frenar el proceso de elecci\u00f3n extraordinaria de juzgadores previsto en la reforma y que se realizar\u00e1 el 1 de junio de 2025.<\/p>\n\n\n\n<p>Esto, puntualiz\u00f3, con la finalidad de dar cumplimiento al mandato constitucional a que est\u00e1 obligado \u201cy regresar con ello a nuestro pa\u00eds al cauce de legalidad y respeto a la divisi\u00f3n de Poderes que rige a todo Estado Democr\u00e1tico de Derecho\u201d.<\/p>\n\n\n\n<p>La decisi\u00f3n de reanudar ocurre a una semana de que la SCJN decidi\u00f3 revisar la reforma judicial, pese a que no tiene reglas espec\u00edficas para hacerlo por tratarse de una modificaci\u00f3n constitucional.<\/p>\n\n\n\n<p>Por ello, la Jufed exhort\u00f3 a la Corte a emitir su resoluci\u00f3n con prontitud y firmeza.<\/p>\n\n\n\n<p>Dijo confiar \u201cplenamente en que la SCJN \u201ccomo el \u00faltimo basti\u00f3n\u201d en la defensa de la libertad y la democracia de M\u00e9xico, \u201csabr\u00e1 proteger los principios que nos rigen y salvaguardar los derechos fundamentales de las y los mexicanos\u201d.<\/p>\n\n\n\n<p>Pese a la reanudaci\u00f3n de labores de jueces y magistrados, los trabajadores del poder judicial mantendr\u00e1n vigente su paro, el cual inici\u00f3 el pasado 21 de agosto, pues se oponen a la reforma judicial que, entre otras cosas, plantea elegir por voto popular a los jueces y la Suprema Corte de Justicia de la Naci\u00f3n (SCJN).<\/p>\n\n\n\n<p>La Jufed est\u00e1 en contra de la reforma, que a partir del 1 de junio de 2025 instaurar\u00e1 elecciones populares del Poder Judicial, porque argumentan que afectar\u00eda la carrera judicial y permitir\u00eda la intromisi\u00f3n del Ejecutivo y grupos de inter\u00e9s.<\/p>\n\n\n\n<p>Esta reforma ha levantado las cr\u00edticas de diversos organismos internacionales que aseguran que se pone en riesgo el Estado de derecho en el pa\u00eds.<\/p>\n","protected":false},"excerpt":{"rendered":"<p>Con 684 votos a favor, jueces y magistrados deciden terminar el paro nacional de labores en el Poder Judicial de la Federaci\u00f3n La Asociaci\u00f3n Nacional de Magistrados de Circuito y Jueces de Distrito (Jufed) acord\u00f3 este s\u00e1bado retomar sus actividades a partir del 16 de octubre, luego de m\u00e1s de un mes de paro de [&hellip;]<\/p>\n","protected":false},"author":47,"featured_media":11877,"comment_status":"closed","ping_status":"open","sticky":false,"template":"","format":"standard","meta":{"tdm_status":"","tdm_grid_status":"","footnotes":""},"categories":[39],"tags":[],"class_list":{"0":"post-93193","1":"post","2":"type-post","3":"status-publish","4":"format-standard","5":"has-post-thumbnail","7":"category-noticias-nacionales"},"yoast_head":"<!-- This site is optimized with the Yoast SEO plugin v27.5 - https:\/\/yoast.com\/product\/yoast-seo-wordpress\/ -->\n<title>Jueces y magistrados finalizan el paro nacional en el Poder Judicial - Fuentes Fidedignas<\/title>\n<meta name=\"robots\" content=\"index, follow, max-snippet:-1, max-image-preview:large, max-video-preview:-1\" \/>\n<link rel=\"canonical\" href=\"https:\/\/fuentesfidedignas.com.mx\/index.php\/2024\/10\/12\/jueces-y-magistrados-finalizan-el-paro-nacional-en-el-poder-judicial\/\" \/>\n<meta property=\"og:locale\" content=\"es_MX\" \/>\n<meta property=\"og:type\" content=\"article\" \/>\n<meta property=\"og:title\" content=\"Jueces y magistrados finalizan el paro nacional en el Poder Judicial - Fuentes Fidedignas\" \/>\n<meta property=\"og:description\" content=\"Con 684 votos a favor, jueces y magistrados deciden terminar el paro nacional de labores en el Poder Judicial de la Federaci\u00f3n La Asociaci\u00f3n Nacional de Magistrados de Circuito y Jueces de Distrito (Jufed) acord\u00f3 este s\u00e1bado retomar sus actividades a partir del 16 de octubre, luego de m\u00e1s de un mes de paro de [&hellip;]\" \/>\n<meta property=\"og:url\" content=\"https:\/\/fuentesfidedignas.com.mx\/index.php\/2024\/10\/12\/jueces-y-magistrados-finalizan-el-paro-nacional-en-el-poder-judicial\/\" \/>\n<meta property=\"og:site_name\" content=\"Fuentes Fidedignas\" \/>\n<meta property=\"article:publisher\" content=\"https:\/\/www.facebook.com\/Fuentes-Fidedignas-368234489921644\" \/>\n<meta property=\"article:published_time\" content=\"2024-10-12T22:22:31+00:00\" \/>\n<meta property=\"og:image\" content=\"https:\/\/fuentesfidedignas.com.mx\/wp-content\/uploads\/2021\/09\/SUPREMA_CORTE.jpg\" \/>\n\t<meta property=\"og:image:width\" content=\"800\" \/>\n\t<meta property=\"og:image:height\" content=\"600\" \/>\n\t<meta property=\"og:image:type\" content=\"image\/jpeg\" \/>\n<meta name=\"author\" content=\"L\u00f3pez D\u00f3riga\" \/>\n<meta name=\"twitter:card\" content=\"summary_large_image\" \/>\n<meta name=\"twitter:creator\" content=\"@fidedignas\" \/>\n<meta name=\"twitter:site\" content=\"@fidedignas\" \/>\n<meta name=\"twitter:label1\" content=\"Escrito por\" \/>\n\t<meta name=\"twitter:data1\" content=\"L\u00f3pez D\u00f3riga\" \/>\n\t<meta name=\"twitter:label2\" content=\"Tiempo de lectura\" \/>\n\t<meta name=\"twitter:data2\" content=\"3 minutos\" \/>\n<script type=\"application\/ld+json\" class=\"yoast-schema-graph\">{\"@context\":\"https:\\\/\\\/schema.org\",\"@graph\":[{\"@type\":\"Article\",\"@id\":\"https:\\\/\\\/fuentesfidedignas.com.mx\\\/index.php\\\/2024\\\/10\\\/12\\\/jueces-y-magistrados-finalizan-el-paro-nacional-en-el-poder-judicial\\\/#article\",\"isPartOf\":{\"@id\":\"https:\\\/\\\/fuentesfidedignas.com.mx\\\/index.php\\\/2024\\\/10\\\/12\\\/jueces-y-magistrados-finalizan-el-paro-nacional-en-el-poder-judicial\\\/\"},\"author\":{\"name\":\"L\u00f3pez D\u00f3riga\",\"@id\":\"https:\\\/\\\/fuentesfidedignas.com.mx\\\/#\\\/schema\\\/person\\\/67d852f0557c8509146a4b9ddebd543a\"},\"headline\":\"Jueces y magistrados finalizan el paro nacional en el Poder Judicial\",\"datePublished\":\"2024-10-12T22:22:31+00:00\",\"mainEntityOfPage\":{\"@id\":\"https:\\\/\\\/fuentesfidedignas.com.mx\\\/index.php\\\/2024\\\/10\\\/12\\\/jueces-y-magistrados-finalizan-el-paro-nacional-en-el-poder-judicial\\\/\"},\"wordCount\":561,\"publisher\":{\"@id\":\"https:\\\/\\\/fuentesfidedignas.com.mx\\\/#organization\"},\"image\":{\"@id\":\"https:\\\/\\\/fuentesfidedignas.com.mx\\\/index.php\\\/2024\\\/10\\\/12\\\/jueces-y-magistrados-finalizan-el-paro-nacional-en-el-poder-judicial\\\/#primaryimage\"},\"thumbnailUrl\":\"https:\\\/\\\/fuentesfidedignas.com.mx\\\/wp-content\\\/uploads\\\/2021\\\/09\\\/SUPREMA_CORTE.jpg\",\"articleSection\":[\"NOTICIAS NACIONALES\"],\"inLanguage\":\"es\"},{\"@type\":\"WebPage\",\"@id\":\"https:\\\/\\\/fuentesfidedignas.com.mx\\\/index.php\\\/2024\\\/10\\\/12\\\/jueces-y-magistrados-finalizan-el-paro-nacional-en-el-poder-judicial\\\/\",\"url\":\"https:\\\/\\\/fuentesfidedignas.com.mx\\\/index.php\\\/2024\\\/10\\\/12\\\/jueces-y-magistrados-finalizan-el-paro-nacional-en-el-poder-judicial\\\/\",\"name\":\"Jueces y magistrados finalizan el paro nacional en el Poder Judicial - Fuentes Fidedignas\",\"isPartOf\":{\"@id\":\"https:\\\/\\\/fuentesfidedignas.com.mx\\\/#website\"},\"primaryImageOfPage\":{\"@id\":\"https:\\\/\\\/fuentesfidedignas.com.mx\\\/index.php\\\/2024\\\/10\\\/12\\\/jueces-y-magistrados-finalizan-el-paro-nacional-en-el-poder-judicial\\\/#primaryimage\"},\"image\":{\"@id\":\"https:\\\/\\\/fuentesfidedignas.com.mx\\\/index.php\\\/2024\\\/10\\\/12\\\/jueces-y-magistrados-finalizan-el-paro-nacional-en-el-poder-judicial\\\/#primaryimage\"},\"thumbnailUrl\":\"https:\\\/\\\/fuentesfidedignas.com.mx\\\/wp-content\\\/uploads\\\/2021\\\/09\\\/SUPREMA_CORTE.jpg\",\"datePublished\":\"2024-10-12T22:22:31+00:00\",\"breadcrumb\":{\"@id\":\"https:\\\/\\\/fuentesfidedignas.com.mx\\\/index.php\\\/2024\\\/10\\\/12\\\/jueces-y-magistrados-finalizan-el-paro-nacional-en-el-poder-judicial\\\/#breadcrumb\"},\"inLanguage\":\"es\",\"potentialAction\":[{\"@type\":\"ReadAction\",\"target\":[\"https:\\\/\\\/fuentesfidedignas.com.mx\\\/index.php\\\/2024\\\/10\\\/12\\\/jueces-y-magistrados-finalizan-el-paro-nacional-en-el-poder-judicial\\\/\"]}]},{\"@type\":\"ImageObject\",\"inLanguage\":\"es\",\"@id\":\"https:\\\/\\\/fuentesfidedignas.com.mx\\\/index.php\\\/2024\\\/10\\\/12\\\/jueces-y-magistrados-finalizan-el-paro-nacional-en-el-poder-judicial\\\/#primaryimage\",\"url\":\"https:\\\/\\\/fuentesfidedignas.com.mx\\\/wp-content\\\/uploads\\\/2021\\\/09\\\/SUPREMA_CORTE.jpg\",\"contentUrl\":\"https:\\\/\\\/fuentesfidedignas.com.mx\\\/wp-content\\\/uploads\\\/2021\\\/09\\\/SUPREMA_CORTE.jpg\",\"width\":800,\"height\":600},{\"@type\":\"BreadcrumbList\",\"@id\":\"https:\\\/\\\/fuentesfidedignas.com.mx\\\/index.php\\\/2024\\\/10\\\/12\\\/jueces-y-magistrados-finalizan-el-paro-nacional-en-el-poder-judicial\\\/#breadcrumb\",\"itemListElement\":[{\"@type\":\"ListItem\",\"position\":1,\"name\":\"Inicio\",\"item\":\"https:\\\/\\\/fuentesfidedignas.com.mx\\\/\"},{\"@type\":\"ListItem\",\"position\":2,\"name\":\"Jueces y magistrados finalizan el paro nacional en el Poder Judicial\"}]},{\"@type\":\"WebSite\",\"@id\":\"https:\\\/\\\/fuentesfidedignas.com.mx\\\/#website\",\"url\":\"https:\\\/\\\/fuentesfidedignas.com.mx\\\/\",\"name\":\"Fuentes Fidedignas\",\"description\":\"Otro sitio realizado con WordPress\",\"publisher\":{\"@id\":\"https:\\\/\\\/fuentesfidedignas.com.mx\\\/#organization\"},\"potentialAction\":[{\"@type\":\"SearchAction\",\"target\":{\"@type\":\"EntryPoint\",\"urlTemplate\":\"https:\\\/\\\/fuentesfidedignas.com.mx\\\/?s={search_term_string}\"},\"query-input\":{\"@type\":\"PropertyValueSpecification\",\"valueRequired\":true,\"valueName\":\"search_term_string\"}}],\"inLanguage\":\"es\"},{\"@type\":\"Organization\",\"@id\":\"https:\\\/\\\/fuentesfidedignas.com.mx\\\/#organization\",\"name\":\"Fuentes Fidedignas\",\"url\":\"https:\\\/\\\/fuentesfidedignas.com.mx\\\/\",\"logo\":{\"@type\":\"ImageObject\",\"inLanguage\":\"es\",\"@id\":\"https:\\\/\\\/fuentesfidedignas.com.mx\\\/#\\\/schema\\\/logo\\\/image\\\/\",\"url\":\"https:\\\/\\\/fuentesfidedignas.com.mx\\\/wp-content\\\/uploads\\\/2021\\\/04\\\/logo-retina.png\",\"contentUrl\":\"https:\\\/\\\/fuentesfidedignas.com.mx\\\/wp-content\\\/uploads\\\/2021\\\/04\\\/logo-retina.png\",\"width\":280,\"height\":51,\"caption\":\"Fuentes Fidedignas\"},\"image\":{\"@id\":\"https:\\\/\\\/fuentesfidedignas.com.mx\\\/#\\\/schema\\\/logo\\\/image\\\/\"},\"sameAs\":[\"https:\\\/\\\/www.facebook.com\\\/Fuentes-Fidedignas-368234489921644\",\"https:\\\/\\\/x.com\\\/fidedignas\"]},{\"@type\":\"Person\",\"@id\":\"https:\\\/\\\/fuentesfidedignas.com.mx\\\/#\\\/schema\\\/person\\\/67d852f0557c8509146a4b9ddebd543a\",\"name\":\"L\u00f3pez D\u00f3riga\",\"image\":{\"@type\":\"ImageObject\",\"inLanguage\":\"es\",\"@id\":\"https:\\\/\\\/secure.gravatar.com\\\/avatar\\\/e525b06574ca18b33cded59dfe5778d6c823b9513154eff47da551b0551bdd1e?s=96&d=mm&r=g\",\"url\":\"https:\\\/\\\/secure.gravatar.com\\\/avatar\\\/e525b06574ca18b33cded59dfe5778d6c823b9513154eff47da551b0551bdd1e?s=96&d=mm&r=g\",\"contentUrl\":\"https:\\\/\\\/secure.gravatar.com\\\/avatar\\\/e525b06574ca18b33cded59dfe5778d6c823b9513154eff47da551b0551bdd1e?s=96&d=mm&r=g\",\"caption\":\"L\u00f3pez D\u00f3riga\"},\"url\":\"https:\\\/\\\/fuentesfidedignas.com.mx\\\/index.php\\\/author\\\/doriga\\\/\"}]}<\/script>\n<!-- \/ Yoast SEO plugin. -->","yoast_head_json":{"title":"Jueces y magistrados finalizan el paro nacional en el Poder Judicial - Fuentes Fidedignas","robots":{"index":"index","follow":"follow","max-snippet":"max-snippet:-1","max-image-preview":"max-image-preview:large","max-video-preview":"max-video-preview:-1"},"canonical":"https:\/\/fuentesfidedignas.com.mx\/index.php\/2024\/10\/12\/jueces-y-magistrados-finalizan-el-paro-nacional-en-el-poder-judicial\/","og_locale":"es_MX","og_type":"article","og_title":"Jueces y magistrados finalizan el paro nacional en el Poder Judicial - Fuentes Fidedignas","og_description":"Con 684 votos a favor, jueces y magistrados deciden terminar el paro nacional de labores en el Poder Judicial de la Federaci\u00f3n La Asociaci\u00f3n Nacional de Magistrados de Circuito y Jueces de Distrito (Jufed) acord\u00f3 este s\u00e1bado retomar sus actividades a partir del 16 de octubre, luego de m\u00e1s de un mes de paro de [&hellip;]","og_url":"https:\/\/fuentesfidedignas.com.mx\/index.php\/2024\/10\/12\/jueces-y-magistrados-finalizan-el-paro-nacional-en-el-poder-judicial\/","og_site_name":"Fuentes Fidedignas","article_publisher":"https:\/\/www.facebook.com\/Fuentes-Fidedignas-368234489921644","article_published_time":"2024-10-12T22:22:31+00:00","og_image":[{"width":800,"height":600,"url":"https:\/\/fuentesfidedignas.com.mx\/wp-content\/uploads\/2021\/09\/SUPREMA_CORTE.jpg","type":"image\/jpeg"}],"author":"L\u00f3pez D\u00f3riga","twitter_card":"summary_large_image","twitter_creator":"@fidedignas","twitter_site":"@fidedignas","twitter_misc":{"Escrito por":"L\u00f3pez D\u00f3riga","Tiempo de lectura":"3 minutos"},"schema":{"@context":"https:\/\/schema.org","@graph":[{"@type":"Article","@id":"https:\/\/fuentesfidedignas.com.mx\/index.php\/2024\/10\/12\/jueces-y-magistrados-finalizan-el-paro-nacional-en-el-poder-judicial\/#article","isPartOf":{"@id":"https:\/\/fuentesfidedignas.com.mx\/index.php\/2024\/10\/12\/jueces-y-magistrados-finalizan-el-paro-nacional-en-el-poder-judicial\/"},"author":{"name":"L\u00f3pez D\u00f3riga","@id":"https:\/\/fuentesfidedignas.com.mx\/#\/schema\/person\/67d852f0557c8509146a4b9ddebd543a"},"headline":"Jueces y magistrados finalizan el paro nacional en el Poder Judicial","datePublished":"2024-10-12T22:22:31+00:00","mainEntityOfPage":{"@id":"https:\/\/fuentesfidedignas.com.mx\/index.php\/2024\/10\/12\/jueces-y-magistrados-finalizan-el-paro-nacional-en-el-poder-judicial\/"},"wordCount":561,"publisher":{"@id":"https:\/\/fuentesfidedignas.com.mx\/#organization"},"image":{"@id":"https:\/\/fuentesfidedignas.com.mx\/index.php\/2024\/10\/12\/jueces-y-magistrados-finalizan-el-paro-nacional-en-el-poder-judicial\/#primaryimage"},"thumbnailUrl":"https:\/\/fuentesfidedignas.com.mx\/wp-content\/uploads\/2021\/09\/SUPREMA_CORTE.jpg","articleSection":["NOTICIAS NACIONALES"],"inLanguage":"es"},{"@type":"WebPage","@id":"https:\/\/fuentesfidedignas.com.mx\/index.php\/2024\/10\/12\/jueces-y-magistrados-finalizan-el-paro-nacional-en-el-poder-judicial\/","url":"https:\/\/fuentesfidedignas.com.mx\/index.php\/2024\/10\/12\/jueces-y-magistrados-finalizan-el-paro-nacional-en-el-poder-judicial\/","name":"Jueces y magistrados finalizan el paro nacional en el Poder Judicial - Fuentes Fidedignas","isPartOf":{"@id":"https:\/\/fuentesfidedignas.com.mx\/#website"},"primaryImageOfPage":{"@id":"https:\/\/fuentesfidedignas.com.mx\/index.php\/2024\/10\/12\/jueces-y-magistrados-finalizan-el-paro-nacional-en-el-poder-judicial\/#primaryimage"},"image":{"@id":"https:\/\/fuentesfidedignas.com.mx\/index.php\/2024\/10\/12\/jueces-y-magistrados-finalizan-el-paro-nacional-en-el-poder-judicial\/#primaryimage"},"thumbnailUrl":"https:\/\/fuentesfidedignas.com.mx\/wp-content\/uploads\/2021\/09\/SUPREMA_CORTE.jpg","datePublished":"2024-10-12T22:22:31+00:00","breadcrumb":{"@id":"https:\/\/fuentesfidedignas.com.mx\/index.php\/2024\/10\/12\/jueces-y-magistrados-finalizan-el-paro-nacional-en-el-poder-judicial\/#breadcrumb"},"inLanguage":"es","potentialAction":[{"@type":"ReadAction","target":["https:\/\/fuentesfidedignas.com.mx\/index.php\/2024\/10\/12\/jueces-y-magistrados-finalizan-el-paro-nacional-en-el-poder-judicial\/"]}]},{"@type":"ImageObject","inLanguage":"es","@id":"https:\/\/fuentesfidedignas.com.mx\/index.php\/2024\/10\/12\/jueces-y-magistrados-finalizan-el-paro-nacional-en-el-poder-judicial\/#primaryimage","url":"https:\/\/fuentesfidedignas.com.mx\/wp-content\/uploads\/2021\/09\/SUPREMA_CORTE.jpg","contentUrl":"https:\/\/fuentesfidedignas.com.mx\/wp-content\/uploads\/2021\/09\/SUPREMA_CORTE.jpg","width":800,"height":600},{"@type":"BreadcrumbList","@id":"https:\/\/fuentesfidedignas.com.mx\/index.php\/2024\/10\/12\/jueces-y-magistrados-finalizan-el-paro-nacional-en-el-poder-judicial\/#breadcrumb","itemListElement":[{"@type":"ListItem","position":1,"name":"Inicio","item":"https:\/\/fuentesfidedignas.com.mx\/"},{"@type":"ListItem","position":2,"name":"Jueces y magistrados finalizan el paro nacional en el Poder Judicial"}]},{"@type":"WebSite","@id":"https:\/\/fuentesfidedignas.com.mx\/#website","url":"https:\/\/fuentesfidedignas.com.mx\/","name":"Fuentes Fidedignas","description":"Otro sitio realizado con WordPress","publisher":{"@id":"https:\/\/fuentesfidedignas.com.mx\/#organization"},"potentialAction":[{"@type":"SearchAction","target":{"@type":"EntryPoint","urlTemplate":"https:\/\/fuentesfidedignas.com.mx\/?s={search_term_string}"},"query-input":{"@type":"PropertyValueSpecification","valueRequired":true,"valueName":"search_term_string"}}],"inLanguage":"es"},{"@type":"Organization","@id":"https:\/\/fuentesfidedignas.com.mx\/#organization","name":"Fuentes Fidedignas","url":"https:\/\/fuentesfidedignas.com.mx\/","logo":{"@type":"ImageObject","inLanguage":"es","@id":"https:\/\/fuentesfidedignas.com.mx\/#\/schema\/logo\/image\/","url":"https:\/\/fuentesfidedignas.com.mx\/wp-content\/uploads\/2021\/04\/logo-retina.png","contentUrl":"https:\/\/fuentesfidedignas.com.mx\/wp-content\/uploads\/2021\/04\/logo-retina.png","width":280,"height":51,"caption":"Fuentes Fidedignas"},"image":{"@id":"https:\/\/fuentesfidedignas.com.mx\/#\/schema\/logo\/image\/"},"sameAs":["https:\/\/www.facebook.com\/Fuentes-Fidedignas-368234489921644","https:\/\/x.com\/fidedignas"]},{"@type":"Person","@id":"https:\/\/fuentesfidedignas.com.mx\/#\/schema\/person\/67d852f0557c8509146a4b9ddebd543a","name":"L\u00f3pez D\u00f3riga","image":{"@type":"ImageObject","inLanguage":"es","@id":"https:\/\/secure.gravatar.com\/avatar\/e525b06574ca18b33cded59dfe5778d6c823b9513154eff47da551b0551bdd1e?s=96&d=mm&r=g","url":"https:\/\/secure.gravatar.com\/avatar\/e525b06574ca18b33cded59dfe5778d6c823b9513154eff47da551b0551bdd1e?s=96&d=mm&r=g","contentUrl":"https:\/\/secure.gravatar.com\/avatar\/e525b06574ca18b33cded59dfe5778d6c823b9513154eff47da551b0551bdd1e?s=96&d=mm&r=g","caption":"L\u00f3pez D\u00f3riga"},"url":"https:\/\/fuentesfidedignas.com.mx\/index.php\/author\/doriga\/"}]}},"_links":{"self":[{"href":"https:\/\/fuentesfidedignas.com.mx\/index.php\/wp-json\/wp\/v2\/posts\/93193","targetHints":{"allow":["GET"]}}],"collection":[{"href":"https:\/\/fuentesfidedignas.com.mx\/index.php\/wp-json\/wp\/v2\/posts"}],"about":[{"href":"https:\/\/fuentesfidedignas.com.mx\/index.php\/wp-json\/wp\/v2\/types\/post"}],"author":[{"embeddable":true,"href":"https:\/\/fuentesfidedignas.com.mx\/index.php\/wp-json\/wp\/v2\/users\/47"}],"replies":[{"embeddable":true,"href":"https:\/\/fuentesfidedignas.com.mx\/index.php\/wp-json\/wp\/v2\/comments?post=93193"}],"version-history":[{"count":1,"href":"https:\/\/fuentesfidedignas.com.mx\/index.php\/wp-json\/wp\/v2\/posts\/93193\/revisions"}],"predecessor-version":[{"id":93194,"href":"https:\/\/fuentesfidedignas.com.mx\/index.php\/wp-json\/wp\/v2\/posts\/93193\/revisions\/93194"}],"wp:featuredmedia":[{"embeddable":true,"href":"https:\/\/fuentesfidedignas.com.mx\/index.php\/wp-json\/wp\/v2\/media\/11877"}],"wp:attachment":[{"href":"https:\/\/fuentesfidedignas.com.mx\/index.php\/wp-json\/wp\/v2\/media?parent=93193"}],"wp:term":[{"taxonomy":"category","embeddable":true,"href":"https:\/\/fuentesfidedignas.com.mx\/index.php\/wp-json\/wp\/v2\/categories?post=93193"},{"taxonomy":"post_tag","embeddable":true,"href":"https:\/\/fuentesfidedignas.com.mx\/index.php\/wp-json\/wp\/v2\/tags?post=93193"}],"curies":[{"name":"wp","href":"https:\/\/api.w.org\/{rel}","templated":true}]}}