{"id":93092,"date":"2024-10-11T04:42:00","date_gmt":"2024-10-11T11:42:00","guid":{"rendered":"https:\/\/fuentesfidedignas.com.mx\/?p=93092"},"modified":"2024-10-10T20:55:15","modified_gmt":"2024-10-11T03:55:15","slug":"secuestran-a-bebe-de-trapo-de-mujer-que-se-caso-con-un-muneco-estamos-desesperados-video","status":"publish","type":"post","link":"https:\/\/fuentesfidedignas.com.mx\/index.php\/2024\/10\/11\/secuestran-a-bebe-de-trapo-de-mujer-que-se-caso-con-un-muneco-estamos-desesperados-video\/","title":{"rendered":"&#8216;Secuestran&#8217; a &#8216;b\u00e9be&#8217; de trapo de mujer que se cas\u00f3 con un mu\u00f1eco: &#8220;estamos desesperados&#8221; | VIDEO"},"content":{"rendered":"\n<p><strong><em>&#8220;Los vecinos nos contaron que pas\u00f3 una persona aqu\u00ed toda la ma\u00f1ana&#8221;, expres\u00f3 la mujer.<\/em><\/strong><\/p>\n\n\n\n<p>La usuario de TikTok&nbsp;Meirivone Rocha Moraes, que se hizo viral porque se cas\u00f3 con un mu\u00f1eco, comunic\u00f3 que uno de sus &#8216;hijos de trapo&#8217; supuestamente fue secuestrado.&nbsp;<\/p>\n\n\n\n<p>Meirivone Rocha Moraes es una popular tiktoker que se &#8216;cas\u00f3&#8217; con&nbsp;Marcelo, un mu\u00f1eco de trapo en una ceremonia ante 250 invitados, continuamente comparte audiovisuales en donde presume su peculiar familia, lo que genera miles de reacciones por parte de los internautas.<\/p>\n\n\n\n<p>La usuario de TikTok&nbsp;Meirivone Rocha Moraes, que se hizo viral porque se cas\u00f3 con un mu\u00f1eco, comunic\u00f3 que uno de sus &#8216;hijos de trapo&#8217; supuestamente fue secuestrado.&nbsp;<\/p>\n\n\n\n<p>Meirivone Rocha Moraes es una popular tiktoker que se &#8216;cas\u00f3&#8217; con&nbsp;Marcelo, un mu\u00f1eco de trapo en una ceremonia ante 250 invitados, continuamente comparte audiovisuales en donde presume su peculiar familia, lo que genera miles de reacciones por parte de los internautas.<\/p>\n\n\n\n<figure class=\"wp-block-image size-large\"><img decoding=\"async\" width=\"1024\" height=\"637\" src=\"https:\/\/fuentesfidedignas.com.mx\/wp-content\/uploads\/2024\/10\/image-1-4-1024x637.jpg\" alt=\"\" class=\"wp-image-93093\" srcset=\"https:\/\/fuentesfidedignas.com.mx\/wp-content\/uploads\/2024\/10\/image-1-4-1024x637.jpg 1024w, https:\/\/fuentesfidedignas.com.mx\/wp-content\/uploads\/2024\/10\/image-1-4-300x187.jpg 300w, https:\/\/fuentesfidedignas.com.mx\/wp-content\/uploads\/2024\/10\/image-1-4-768x478.jpg 768w, https:\/\/fuentesfidedignas.com.mx\/wp-content\/uploads\/2024\/10\/image-1-4-675x420.jpg 675w, https:\/\/fuentesfidedignas.com.mx\/wp-content\/uploads\/2024\/10\/image-1-4-600x374.jpg 600w, https:\/\/fuentesfidedignas.com.mx\/wp-content\/uploads\/2024\/10\/image-1-4-696x433.jpg 696w, https:\/\/fuentesfidedignas.com.mx\/wp-content\/uploads\/2024\/10\/image-1-4-1068x665.jpg 1068w, https:\/\/fuentesfidedignas.com.mx\/wp-content\/uploads\/2024\/10\/image-1-4-356x220.jpg 356w, https:\/\/fuentesfidedignas.com.mx\/wp-content\/uploads\/2024\/10\/image-1-4.jpg 1200w\" sizes=\"(max-width: 1024px) 100vw, 1024px\" \/><\/figure>\n\n\n\n<p>Y aunque tambi\u00e9n es blanco de miles de cr\u00edticas, Rocha Moraes ahora comunic\u00f3 que uno de sus hijos de trapo supuestamente fue secuestrado.&nbsp;<\/p>\n\n\n\n<p><strong>\u00bfC\u00f3mo sucedieron los hechos?\u00a0<\/strong><br>Por medio de una serie de videos en su cuenta de TikTok @meirivoneemarcelo, la mujer explic\u00f3 que su hijo Marcelinho desapareci\u00f3, despu\u00e9s de que una persona estuvo rodeando su hogar.<\/p>\n\n\n\n<p>&#8220;Los vecinos nos contaron que pas\u00f3 una persona aqu\u00ed toda la ma\u00f1ana con una bolsa de rayas rojas, no s\u00e9 c\u00f3mo explicarlo. Desapareci\u00f3 mi Marcelinho (\u2026)\u00a0Marcelo cree que lo secuestraron porque Marcelo fue a comprar pan. Cuando lleg\u00f3 no hab\u00eda nadie m\u00e1s aqu\u00ed en casa. La puerta siempre est\u00e1 abierta, estoy muy preocupada&#8221;, dijo la mujer.\u00a0<\/p>\n\n\n\n<blockquote class=\"tiktok-embed\" cite=\"https:\/\/www.tiktok.com\/@meirivoneemarcelo\/video\/7416113504106728709\" data-video-id=\"7416113504106728709\" style=\"max-width: 605px;min-width: 325px;\" > <section> <a target=\"_blank\" title=\"@meirivoneemarcelo\" href=\"https:\/\/www.tiktok.com\/@meirivoneemarcelo?refer=embed\" rel=\"noopener\">@meirivoneemarcelo<\/a> <p><\/p> <a target=\"_blank\" title=\"\u266c som original - Meirivone Rocha\" href=\"https:\/\/www.tiktok.com\/music\/som-original-7416113554362813189?refer=embed\" rel=\"noopener\">\u266c som original &#8211; Meirivone Rocha<\/a> <\/section> <\/blockquote> <script async src=\"https:\/\/www.tiktok.com\/embed.js\"><\/script>\n\n\n\n<p>Con la voz quebrada,&nbsp;Meirivone Rocha Moraes solicit\u00f3 informes a sus seguidores sobre el paradero de su hijo:&nbsp;&#8220;Si has visto a Marcelinho d\u00edganme en d\u00f3nde est\u00e1. Tengo que encontrar al beb\u00e9&#8221;<\/p>\n\n\n\n<p>&#8220;Ya pegu\u00e9 la foto de Marcelinho en todas las partes de la ciudad, chicos, mi esposo Marcelo est\u00e1 muy triste. Gente, no sabemos nada de Marcelinho, no sabemos en d\u00f3nde est\u00e1&#8221;.&nbsp;<br>En otro video,&nbsp;Meirivone Rocha Moraes comunic\u00f3 que luego de que difundi\u00f3 que supuestamente secuestraron a su &#8216;hijo de trapo&#8217; comenz\u00f3 a recibir llamadas y mensajes en donde le solicitaron dinero para su rescate.&nbsp;<\/p>\n\n\n\n<p>La presi\u00f3n y el miedo provocaron que finalmente la mujer optara por entregar el dinero del rescate.&nbsp;<\/p>\n\n\n\n<p>&#8220;Ya que enviaste el dinero voy a dejar a Marcelinho en el terreno bald\u00edo (\u2026) estar\u00e1 al medio d\u00eda. As\u00ed que ve al lugar y no llames a la polic\u00eda&#8221;, se escucha en un audio que comparti\u00f3 la mujer.\u00a0<\/p>\n\n\n\n<blockquote class=\"tiktok-embed\" cite=\"https:\/\/www.tiktok.com\/@meirivoneemarcelo\/video\/7416380520793181445\" data-video-id=\"7416380520793181445\" style=\"max-width: 605px;min-width: 325px;\" > <section> <a target=\"_blank\" title=\"@meirivoneemarcelo\" href=\"https:\/\/www.tiktok.com\/@meirivoneemarcelo?refer=embed\" rel=\"noopener\">@meirivoneemarcelo<\/a> <p>preguei na cidade toda<\/p> <a target=\"_blank\" title=\"\u266c som original - Meirivone Rocha\" href=\"https:\/\/www.tiktok.com\/music\/som-original-7416380562093574918?refer=embed\" rel=\"noopener\">\u266c som original &#8211; Meirivone Rocha<\/a> <\/section> <\/blockquote> <script async src=\"https:\/\/www.tiktok.com\/embed.js\"><\/script>\n\n\n\n<p>En otro audiovisual,&nbsp;Meirivone Rocha Moraes fue grabada mientras estaba en un terreno bald\u00edo buscando a su &#8216;hijo de trapo&#8217;. Cuando lo encontr\u00f3 descubri\u00f3 que el rostro de \u00e9l supuestamente estaba lleno de golpes.&nbsp;<\/p>\n\n\n\n<p>&#8220;Est\u00e1s todo herido, necesitas ir al m\u00e9dico a ver si todo est\u00e1 bien. Dios m\u00edo del cielo, mi hijito. \u00a1Estoy muy feliz!&#8221;.<br>Finalmente la mujer arrib\u00f3 hasta Marcelo, su esposo de trapo, y le entreg\u00f3 a Marcelinho:\u00a0&#8220;Mam\u00e1 le dar\u00e1 un ba\u00f1o y lo llevar\u00e1 al m\u00e9dico para ver si todo est\u00e1 bien, gracias&#8221;, dijo.\u00a0<\/p>\n\n\n\n<blockquote class=\"tiktok-embed\" cite=\"https:\/\/www.tiktok.com\/@meirivoneemarcelo\/video\/7420756037264739590\" data-video-id=\"7420756037264739590\" style=\"max-width: 605px;min-width: 325px;\" > <section> <a target=\"_blank\" title=\"@meirivoneemarcelo\" href=\"https:\/\/www.tiktok.com\/@meirivoneemarcelo?refer=embed\" rel=\"noopener\">@meirivoneemarcelo<\/a> <p>momento de desespero <\/p> <a target=\"_blank\" title=\"\u266c som original - Meirivone Rocha\" href=\"https:\/\/www.tiktok.com\/music\/som-original-7420756100699491077?refer=embed\" rel=\"noopener\">\u266c som original &#8211; Meirivone Rocha<\/a> <\/section> <\/blockquote> <script async src=\"https:\/\/www.tiktok.com\/embed.js\"><\/script>\n","protected":false},"excerpt":{"rendered":"<p>&#8220;Los vecinos nos contaron que pas\u00f3 una persona aqu\u00ed toda la ma\u00f1ana&#8221;, expres\u00f3 la mujer. La usuario de TikTok&nbsp;Meirivone Rocha Moraes, que se hizo viral porque se cas\u00f3 con un mu\u00f1eco, comunic\u00f3 que uno de sus &#8216;hijos de trapo&#8217; supuestamente fue secuestrado.&nbsp; Meirivone Rocha Moraes es una popular tiktoker que se &#8216;cas\u00f3&#8217; con&nbsp;Marcelo, un mu\u00f1eco [&hellip;]<\/p>\n","protected":false},"author":9,"featured_media":93094,"comment_status":"open","ping_status":"open","sticky":false,"template":"","format":"standard","meta":{"tdm_status":"","tdm_grid_status":"","footnotes":""},"categories":[40],"tags":[],"class_list":{"0":"post-93092","1":"post","2":"type-post","3":"status-publish","4":"format-standard","5":"has-post-thumbnail","7":"category-las-asombrosas"},"yoast_head":"<!-- This site is optimized with the Yoast SEO plugin v27.5 - https:\/\/yoast.com\/product\/yoast-seo-wordpress\/ -->\n<title>&#039;Secuestran&#039; a &#039;b\u00e9be&#039; de trapo de mujer que se cas\u00f3 con un mu\u00f1eco: &quot;estamos desesperados&quot; | VIDEO - Fuentes Fidedignas<\/title>\n<meta name=\"robots\" content=\"index, follow, max-snippet:-1, max-image-preview:large, max-video-preview:-1\" \/>\n<link rel=\"canonical\" href=\"https:\/\/fuentesfidedignas.com.mx\/index.php\/2024\/10\/11\/secuestran-a-bebe-de-trapo-de-mujer-que-se-caso-con-un-muneco-estamos-desesperados-video\/\" \/>\n<meta property=\"og:locale\" content=\"es_MX\" \/>\n<meta property=\"og:type\" content=\"article\" \/>\n<meta property=\"og:title\" content=\"&#039;Secuestran&#039; a &#039;b\u00e9be&#039; de trapo de mujer que se cas\u00f3 con un mu\u00f1eco: &quot;estamos desesperados&quot; | VIDEO - Fuentes Fidedignas\" \/>\n<meta property=\"og:description\" content=\"&#8220;Los vecinos nos contaron que pas\u00f3 una persona aqu\u00ed toda la ma\u00f1ana&#8221;, expres\u00f3 la mujer. La usuario de TikTok&nbsp;Meirivone Rocha Moraes, que se hizo viral porque se cas\u00f3 con un mu\u00f1eco, comunic\u00f3 que uno de sus &#8216;hijos de trapo&#8217; supuestamente fue secuestrado.&nbsp; Meirivone Rocha Moraes es una popular tiktoker que se &#8216;cas\u00f3&#8217; con&nbsp;Marcelo, un mu\u00f1eco [&hellip;]\" \/>\n<meta property=\"og:url\" content=\"https:\/\/fuentesfidedignas.com.mx\/index.php\/2024\/10\/11\/secuestran-a-bebe-de-trapo-de-mujer-que-se-caso-con-un-muneco-estamos-desesperados-video\/\" \/>\n<meta property=\"og:site_name\" content=\"Fuentes Fidedignas\" \/>\n<meta property=\"article:publisher\" content=\"https:\/\/www.facebook.com\/Fuentes-Fidedignas-368234489921644\" \/>\n<meta property=\"article:published_time\" content=\"2024-10-11T11:42:00+00:00\" \/>\n<meta property=\"og:image\" content=\"https:\/\/fuentesfidedignas.com.mx\/wp-content\/uploads\/2024\/10\/mujer_bebesecuestrado.jpg\" \/>\n\t<meta property=\"og:image:width\" content=\"650\" \/>\n\t<meta property=\"og:image:height\" content=\"404\" \/>\n\t<meta property=\"og:image:type\" content=\"image\/jpeg\" \/>\n<meta name=\"author\" content=\"Milenio\" \/>\n<meta name=\"twitter:card\" content=\"summary_large_image\" \/>\n<meta name=\"twitter:creator\" content=\"@fidedignas\" \/>\n<meta name=\"twitter:site\" content=\"@fidedignas\" \/>\n<meta name=\"twitter:label1\" content=\"Escrito por\" \/>\n\t<meta name=\"twitter:data1\" content=\"Milenio\" \/>\n\t<meta name=\"twitter:label2\" content=\"Tiempo de lectura\" \/>\n\t<meta name=\"twitter:data2\" content=\"3 minutos\" \/>\n<script type=\"application\/ld+json\" class=\"yoast-schema-graph\">{\"@context\":\"https:\\\/\\\/schema.org\",\"@graph\":[{\"@type\":\"Article\",\"@id\":\"https:\\\/\\\/fuentesfidedignas.com.mx\\\/index.php\\\/2024\\\/10\\\/11\\\/secuestran-a-bebe-de-trapo-de-mujer-que-se-caso-con-un-muneco-estamos-desesperados-video\\\/#article\",\"isPartOf\":{\"@id\":\"https:\\\/\\\/fuentesfidedignas.com.mx\\\/index.php\\\/2024\\\/10\\\/11\\\/secuestran-a-bebe-de-trapo-de-mujer-que-se-caso-con-un-muneco-estamos-desesperados-video\\\/\"},\"author\":{\"name\":\"Milenio\",\"@id\":\"https:\\\/\\\/fuentesfidedignas.com.mx\\\/#\\\/schema\\\/person\\\/47ec0135738f4b0c7495f06a77a2c976\"},\"headline\":\"&#8216;Secuestran&#8217; a &#8216;b\u00e9be&#8217; de trapo de mujer que se cas\u00f3 con un mu\u00f1eco: &#8220;estamos desesperados&#8221; | VIDEO\",\"datePublished\":\"2024-10-11T11:42:00+00:00\",\"mainEntityOfPage\":{\"@id\":\"https:\\\/\\\/fuentesfidedignas.com.mx\\\/index.php\\\/2024\\\/10\\\/11\\\/secuestran-a-bebe-de-trapo-de-mujer-que-se-caso-con-un-muneco-estamos-desesperados-video\\\/\"},\"wordCount\":591,\"commentCount\":0,\"publisher\":{\"@id\":\"https:\\\/\\\/fuentesfidedignas.com.mx\\\/#organization\"},\"image\":{\"@id\":\"https:\\\/\\\/fuentesfidedignas.com.mx\\\/index.php\\\/2024\\\/10\\\/11\\\/secuestran-a-bebe-de-trapo-de-mujer-que-se-caso-con-un-muneco-estamos-desesperados-video\\\/#primaryimage\"},\"thumbnailUrl\":\"https:\\\/\\\/fuentesfidedignas.com.mx\\\/wp-content\\\/uploads\\\/2024\\\/10\\\/mujer_bebesecuestrado.jpg\",\"articleSection\":[\"LAS ASOMBROSAS\"],\"inLanguage\":\"es\",\"potentialAction\":[{\"@type\":\"CommentAction\",\"name\":\"Comment\",\"target\":[\"https:\\\/\\\/fuentesfidedignas.com.mx\\\/index.php\\\/2024\\\/10\\\/11\\\/secuestran-a-bebe-de-trapo-de-mujer-que-se-caso-con-un-muneco-estamos-desesperados-video\\\/#respond\"]}]},{\"@type\":\"WebPage\",\"@id\":\"https:\\\/\\\/fuentesfidedignas.com.mx\\\/index.php\\\/2024\\\/10\\\/11\\\/secuestran-a-bebe-de-trapo-de-mujer-que-se-caso-con-un-muneco-estamos-desesperados-video\\\/\",\"url\":\"https:\\\/\\\/fuentesfidedignas.com.mx\\\/index.php\\\/2024\\\/10\\\/11\\\/secuestran-a-bebe-de-trapo-de-mujer-que-se-caso-con-un-muneco-estamos-desesperados-video\\\/\",\"name\":\"'Secuestran' a 'b\u00e9be' de trapo de mujer que se cas\u00f3 con un mu\u00f1eco: \\\"estamos desesperados\\\" | VIDEO - Fuentes Fidedignas\",\"isPartOf\":{\"@id\":\"https:\\\/\\\/fuentesfidedignas.com.mx\\\/#website\"},\"primaryImageOfPage\":{\"@id\":\"https:\\\/\\\/fuentesfidedignas.com.mx\\\/index.php\\\/2024\\\/10\\\/11\\\/secuestran-a-bebe-de-trapo-de-mujer-que-se-caso-con-un-muneco-estamos-desesperados-video\\\/#primaryimage\"},\"image\":{\"@id\":\"https:\\\/\\\/fuentesfidedignas.com.mx\\\/index.php\\\/2024\\\/10\\\/11\\\/secuestran-a-bebe-de-trapo-de-mujer-que-se-caso-con-un-muneco-estamos-desesperados-video\\\/#primaryimage\"},\"thumbnailUrl\":\"https:\\\/\\\/fuentesfidedignas.com.mx\\\/wp-content\\\/uploads\\\/2024\\\/10\\\/mujer_bebesecuestrado.jpg\",\"datePublished\":\"2024-10-11T11:42:00+00:00\",\"breadcrumb\":{\"@id\":\"https:\\\/\\\/fuentesfidedignas.com.mx\\\/index.php\\\/2024\\\/10\\\/11\\\/secuestran-a-bebe-de-trapo-de-mujer-que-se-caso-con-un-muneco-estamos-desesperados-video\\\/#breadcrumb\"},\"inLanguage\":\"es\",\"potentialAction\":[{\"@type\":\"ReadAction\",\"target\":[\"https:\\\/\\\/fuentesfidedignas.com.mx\\\/index.php\\\/2024\\\/10\\\/11\\\/secuestran-a-bebe-de-trapo-de-mujer-que-se-caso-con-un-muneco-estamos-desesperados-video\\\/\"]}]},{\"@type\":\"ImageObject\",\"inLanguage\":\"es\",\"@id\":\"https:\\\/\\\/fuentesfidedignas.com.mx\\\/index.php\\\/2024\\\/10\\\/11\\\/secuestran-a-bebe-de-trapo-de-mujer-que-se-caso-con-un-muneco-estamos-desesperados-video\\\/#primaryimage\",\"url\":\"https:\\\/\\\/fuentesfidedignas.com.mx\\\/wp-content\\\/uploads\\\/2024\\\/10\\\/mujer_bebesecuestrado.jpg\",\"contentUrl\":\"https:\\\/\\\/fuentesfidedignas.com.mx\\\/wp-content\\\/uploads\\\/2024\\\/10\\\/mujer_bebesecuestrado.jpg\",\"width\":650,\"height\":404},{\"@type\":\"BreadcrumbList\",\"@id\":\"https:\\\/\\\/fuentesfidedignas.com.mx\\\/index.php\\\/2024\\\/10\\\/11\\\/secuestran-a-bebe-de-trapo-de-mujer-que-se-caso-con-un-muneco-estamos-desesperados-video\\\/#breadcrumb\",\"itemListElement\":[{\"@type\":\"ListItem\",\"position\":1,\"name\":\"Inicio\",\"item\":\"https:\\\/\\\/fuentesfidedignas.com.mx\\\/\"},{\"@type\":\"ListItem\",\"position\":2,\"name\":\"&#8216;Secuestran&#8217; a &#8216;b\u00e9be&#8217; de trapo de mujer que se cas\u00f3 con un mu\u00f1eco: &#8220;estamos desesperados&#8221; | VIDEO\"}]},{\"@type\":\"WebSite\",\"@id\":\"https:\\\/\\\/fuentesfidedignas.com.mx\\\/#website\",\"url\":\"https:\\\/\\\/fuentesfidedignas.com.mx\\\/\",\"name\":\"Fuentes Fidedignas\",\"description\":\"Otro sitio realizado con WordPress\",\"publisher\":{\"@id\":\"https:\\\/\\\/fuentesfidedignas.com.mx\\\/#organization\"},\"potentialAction\":[{\"@type\":\"SearchAction\",\"target\":{\"@type\":\"EntryPoint\",\"urlTemplate\":\"https:\\\/\\\/fuentesfidedignas.com.mx\\\/?s={search_term_string}\"},\"query-input\":{\"@type\":\"PropertyValueSpecification\",\"valueRequired\":true,\"valueName\":\"search_term_string\"}}],\"inLanguage\":\"es\"},{\"@type\":\"Organization\",\"@id\":\"https:\\\/\\\/fuentesfidedignas.com.mx\\\/#organization\",\"name\":\"Fuentes Fidedignas\",\"url\":\"https:\\\/\\\/fuentesfidedignas.com.mx\\\/\",\"logo\":{\"@type\":\"ImageObject\",\"inLanguage\":\"es\",\"@id\":\"https:\\\/\\\/fuentesfidedignas.com.mx\\\/#\\\/schema\\\/logo\\\/image\\\/\",\"url\":\"https:\\\/\\\/fuentesfidedignas.com.mx\\\/wp-content\\\/uploads\\\/2021\\\/04\\\/logo-retina.png\",\"contentUrl\":\"https:\\\/\\\/fuentesfidedignas.com.mx\\\/wp-content\\\/uploads\\\/2021\\\/04\\\/logo-retina.png\",\"width\":280,\"height\":51,\"caption\":\"Fuentes Fidedignas\"},\"image\":{\"@id\":\"https:\\\/\\\/fuentesfidedignas.com.mx\\\/#\\\/schema\\\/logo\\\/image\\\/\"},\"sameAs\":[\"https:\\\/\\\/www.facebook.com\\\/Fuentes-Fidedignas-368234489921644\",\"https:\\\/\\\/x.com\\\/fidedignas\"]},{\"@type\":\"Person\",\"@id\":\"https:\\\/\\\/fuentesfidedignas.com.mx\\\/#\\\/schema\\\/person\\\/47ec0135738f4b0c7495f06a77a2c976\",\"name\":\"Milenio\",\"image\":{\"@type\":\"ImageObject\",\"inLanguage\":\"es\",\"@id\":\"https:\\\/\\\/secure.gravatar.com\\\/avatar\\\/acabf7b54753e51c2c76457954577c236b3b764789b19879565769739d1e4a75?s=96&d=mm&r=g\",\"url\":\"https:\\\/\\\/secure.gravatar.com\\\/avatar\\\/acabf7b54753e51c2c76457954577c236b3b764789b19879565769739d1e4a75?s=96&d=mm&r=g\",\"contentUrl\":\"https:\\\/\\\/secure.gravatar.com\\\/avatar\\\/acabf7b54753e51c2c76457954577c236b3b764789b19879565769739d1e4a75?s=96&d=mm&r=g\",\"caption\":\"Milenio\"},\"url\":\"https:\\\/\\\/fuentesfidedignas.com.mx\\\/index.php\\\/author\\\/milenio\\\/\"}]}<\/script>\n<!-- \/ Yoast SEO plugin. -->","yoast_head_json":{"title":"'Secuestran' a 'b\u00e9be' de trapo de mujer que se cas\u00f3 con un mu\u00f1eco: \"estamos desesperados\" | VIDEO - Fuentes Fidedignas","robots":{"index":"index","follow":"follow","max-snippet":"max-snippet:-1","max-image-preview":"max-image-preview:large","max-video-preview":"max-video-preview:-1"},"canonical":"https:\/\/fuentesfidedignas.com.mx\/index.php\/2024\/10\/11\/secuestran-a-bebe-de-trapo-de-mujer-que-se-caso-con-un-muneco-estamos-desesperados-video\/","og_locale":"es_MX","og_type":"article","og_title":"'Secuestran' a 'b\u00e9be' de trapo de mujer que se cas\u00f3 con un mu\u00f1eco: \"estamos desesperados\" | VIDEO - Fuentes Fidedignas","og_description":"&#8220;Los vecinos nos contaron que pas\u00f3 una persona aqu\u00ed toda la ma\u00f1ana&#8221;, expres\u00f3 la mujer. La usuario de TikTok&nbsp;Meirivone Rocha Moraes, que se hizo viral porque se cas\u00f3 con un mu\u00f1eco, comunic\u00f3 que uno de sus &#8216;hijos de trapo&#8217; supuestamente fue secuestrado.&nbsp; Meirivone Rocha Moraes es una popular tiktoker que se &#8216;cas\u00f3&#8217; con&nbsp;Marcelo, un mu\u00f1eco [&hellip;]","og_url":"https:\/\/fuentesfidedignas.com.mx\/index.php\/2024\/10\/11\/secuestran-a-bebe-de-trapo-de-mujer-que-se-caso-con-un-muneco-estamos-desesperados-video\/","og_site_name":"Fuentes Fidedignas","article_publisher":"https:\/\/www.facebook.com\/Fuentes-Fidedignas-368234489921644","article_published_time":"2024-10-11T11:42:00+00:00","og_image":[{"width":650,"height":404,"url":"https:\/\/fuentesfidedignas.com.mx\/wp-content\/uploads\/2024\/10\/mujer_bebesecuestrado.jpg","type":"image\/jpeg"}],"author":"Milenio","twitter_card":"summary_large_image","twitter_creator":"@fidedignas","twitter_site":"@fidedignas","twitter_misc":{"Escrito por":"Milenio","Tiempo de lectura":"3 minutos"},"schema":{"@context":"https:\/\/schema.org","@graph":[{"@type":"Article","@id":"https:\/\/fuentesfidedignas.com.mx\/index.php\/2024\/10\/11\/secuestran-a-bebe-de-trapo-de-mujer-que-se-caso-con-un-muneco-estamos-desesperados-video\/#article","isPartOf":{"@id":"https:\/\/fuentesfidedignas.com.mx\/index.php\/2024\/10\/11\/secuestran-a-bebe-de-trapo-de-mujer-que-se-caso-con-un-muneco-estamos-desesperados-video\/"},"author":{"name":"Milenio","@id":"https:\/\/fuentesfidedignas.com.mx\/#\/schema\/person\/47ec0135738f4b0c7495f06a77a2c976"},"headline":"&#8216;Secuestran&#8217; a &#8216;b\u00e9be&#8217; de trapo de mujer que se cas\u00f3 con un mu\u00f1eco: &#8220;estamos desesperados&#8221; | VIDEO","datePublished":"2024-10-11T11:42:00+00:00","mainEntityOfPage":{"@id":"https:\/\/fuentesfidedignas.com.mx\/index.php\/2024\/10\/11\/secuestran-a-bebe-de-trapo-de-mujer-que-se-caso-con-un-muneco-estamos-desesperados-video\/"},"wordCount":591,"commentCount":0,"publisher":{"@id":"https:\/\/fuentesfidedignas.com.mx\/#organization"},"image":{"@id":"https:\/\/fuentesfidedignas.com.mx\/index.php\/2024\/10\/11\/secuestran-a-bebe-de-trapo-de-mujer-que-se-caso-con-un-muneco-estamos-desesperados-video\/#primaryimage"},"thumbnailUrl":"https:\/\/fuentesfidedignas.com.mx\/wp-content\/uploads\/2024\/10\/mujer_bebesecuestrado.jpg","articleSection":["LAS ASOMBROSAS"],"inLanguage":"es","potentialAction":[{"@type":"CommentAction","name":"Comment","target":["https:\/\/fuentesfidedignas.com.mx\/index.php\/2024\/10\/11\/secuestran-a-bebe-de-trapo-de-mujer-que-se-caso-con-un-muneco-estamos-desesperados-video\/#respond"]}]},{"@type":"WebPage","@id":"https:\/\/fuentesfidedignas.com.mx\/index.php\/2024\/10\/11\/secuestran-a-bebe-de-trapo-de-mujer-que-se-caso-con-un-muneco-estamos-desesperados-video\/","url":"https:\/\/fuentesfidedignas.com.mx\/index.php\/2024\/10\/11\/secuestran-a-bebe-de-trapo-de-mujer-que-se-caso-con-un-muneco-estamos-desesperados-video\/","name":"'Secuestran' a 'b\u00e9be' de trapo de mujer que se cas\u00f3 con un mu\u00f1eco: \"estamos desesperados\" | VIDEO - Fuentes Fidedignas","isPartOf":{"@id":"https:\/\/fuentesfidedignas.com.mx\/#website"},"primaryImageOfPage":{"@id":"https:\/\/fuentesfidedignas.com.mx\/index.php\/2024\/10\/11\/secuestran-a-bebe-de-trapo-de-mujer-que-se-caso-con-un-muneco-estamos-desesperados-video\/#primaryimage"},"image":{"@id":"https:\/\/fuentesfidedignas.com.mx\/index.php\/2024\/10\/11\/secuestran-a-bebe-de-trapo-de-mujer-que-se-caso-con-un-muneco-estamos-desesperados-video\/#primaryimage"},"thumbnailUrl":"https:\/\/fuentesfidedignas.com.mx\/wp-content\/uploads\/2024\/10\/mujer_bebesecuestrado.jpg","datePublished":"2024-10-11T11:42:00+00:00","breadcrumb":{"@id":"https:\/\/fuentesfidedignas.com.mx\/index.php\/2024\/10\/11\/secuestran-a-bebe-de-trapo-de-mujer-que-se-caso-con-un-muneco-estamos-desesperados-video\/#breadcrumb"},"inLanguage":"es","potentialAction":[{"@type":"ReadAction","target":["https:\/\/fuentesfidedignas.com.mx\/index.php\/2024\/10\/11\/secuestran-a-bebe-de-trapo-de-mujer-que-se-caso-con-un-muneco-estamos-desesperados-video\/"]}]},{"@type":"ImageObject","inLanguage":"es","@id":"https:\/\/fuentesfidedignas.com.mx\/index.php\/2024\/10\/11\/secuestran-a-bebe-de-trapo-de-mujer-que-se-caso-con-un-muneco-estamos-desesperados-video\/#primaryimage","url":"https:\/\/fuentesfidedignas.com.mx\/wp-content\/uploads\/2024\/10\/mujer_bebesecuestrado.jpg","contentUrl":"https:\/\/fuentesfidedignas.com.mx\/wp-content\/uploads\/2024\/10\/mujer_bebesecuestrado.jpg","width":650,"height":404},{"@type":"BreadcrumbList","@id":"https:\/\/fuentesfidedignas.com.mx\/index.php\/2024\/10\/11\/secuestran-a-bebe-de-trapo-de-mujer-que-se-caso-con-un-muneco-estamos-desesperados-video\/#breadcrumb","itemListElement":[{"@type":"ListItem","position":1,"name":"Inicio","item":"https:\/\/fuentesfidedignas.com.mx\/"},{"@type":"ListItem","position":2,"name":"&#8216;Secuestran&#8217; a &#8216;b\u00e9be&#8217; de trapo de mujer que se cas\u00f3 con un mu\u00f1eco: &#8220;estamos desesperados&#8221; | VIDEO"}]},{"@type":"WebSite","@id":"https:\/\/fuentesfidedignas.com.mx\/#website","url":"https:\/\/fuentesfidedignas.com.mx\/","name":"Fuentes Fidedignas","description":"Otro sitio realizado con WordPress","publisher":{"@id":"https:\/\/fuentesfidedignas.com.mx\/#organization"},"potentialAction":[{"@type":"SearchAction","target":{"@type":"EntryPoint","urlTemplate":"https:\/\/fuentesfidedignas.com.mx\/?s={search_term_string}"},"query-input":{"@type":"PropertyValueSpecification","valueRequired":true,"valueName":"search_term_string"}}],"inLanguage":"es"},{"@type":"Organization","@id":"https:\/\/fuentesfidedignas.com.mx\/#organization","name":"Fuentes Fidedignas","url":"https:\/\/fuentesfidedignas.com.mx\/","logo":{"@type":"ImageObject","inLanguage":"es","@id":"https:\/\/fuentesfidedignas.com.mx\/#\/schema\/logo\/image\/","url":"https:\/\/fuentesfidedignas.com.mx\/wp-content\/uploads\/2021\/04\/logo-retina.png","contentUrl":"https:\/\/fuentesfidedignas.com.mx\/wp-content\/uploads\/2021\/04\/logo-retina.png","width":280,"height":51,"caption":"Fuentes Fidedignas"},"image":{"@id":"https:\/\/fuentesfidedignas.com.mx\/#\/schema\/logo\/image\/"},"sameAs":["https:\/\/www.facebook.com\/Fuentes-Fidedignas-368234489921644","https:\/\/x.com\/fidedignas"]},{"@type":"Person","@id":"https:\/\/fuentesfidedignas.com.mx\/#\/schema\/person\/47ec0135738f4b0c7495f06a77a2c976","name":"Milenio","image":{"@type":"ImageObject","inLanguage":"es","@id":"https:\/\/secure.gravatar.com\/avatar\/acabf7b54753e51c2c76457954577c236b3b764789b19879565769739d1e4a75?s=96&d=mm&r=g","url":"https:\/\/secure.gravatar.com\/avatar\/acabf7b54753e51c2c76457954577c236b3b764789b19879565769739d1e4a75?s=96&d=mm&r=g","contentUrl":"https:\/\/secure.gravatar.com\/avatar\/acabf7b54753e51c2c76457954577c236b3b764789b19879565769739d1e4a75?s=96&d=mm&r=g","caption":"Milenio"},"url":"https:\/\/fuentesfidedignas.com.mx\/index.php\/author\/milenio\/"}]}},"_links":{"self":[{"href":"https:\/\/fuentesfidedignas.com.mx\/index.php\/wp-json\/wp\/v2\/posts\/93092","targetHints":{"allow":["GET"]}}],"collection":[{"href":"https:\/\/fuentesfidedignas.com.mx\/index.php\/wp-json\/wp\/v2\/posts"}],"about":[{"href":"https:\/\/fuentesfidedignas.com.mx\/index.php\/wp-json\/wp\/v2\/types\/post"}],"author":[{"embeddable":true,"href":"https:\/\/fuentesfidedignas.com.mx\/index.php\/wp-json\/wp\/v2\/users\/9"}],"replies":[{"embeddable":true,"href":"https:\/\/fuentesfidedignas.com.mx\/index.php\/wp-json\/wp\/v2\/comments?post=93092"}],"version-history":[{"count":1,"href":"https:\/\/fuentesfidedignas.com.mx\/index.php\/wp-json\/wp\/v2\/posts\/93092\/revisions"}],"predecessor-version":[{"id":93095,"href":"https:\/\/fuentesfidedignas.com.mx\/index.php\/wp-json\/wp\/v2\/posts\/93092\/revisions\/93095"}],"wp:featuredmedia":[{"embeddable":true,"href":"https:\/\/fuentesfidedignas.com.mx\/index.php\/wp-json\/wp\/v2\/media\/93094"}],"wp:attachment":[{"href":"https:\/\/fuentesfidedignas.com.mx\/index.php\/wp-json\/wp\/v2\/media?parent=93092"}],"wp:term":[{"taxonomy":"category","embeddable":true,"href":"https:\/\/fuentesfidedignas.com.mx\/index.php\/wp-json\/wp\/v2\/categories?post=93092"},{"taxonomy":"post_tag","embeddable":true,"href":"https:\/\/fuentesfidedignas.com.mx\/index.php\/wp-json\/wp\/v2\/tags?post=93092"}],"curies":[{"name":"wp","href":"https:\/\/api.w.org\/{rel}","templated":true}]}}