{"id":92775,"date":"2024-10-07T11:06:33","date_gmt":"2024-10-07T18:06:33","guid":{"rendered":"https:\/\/fuentesfidedignas.com.mx\/?p=92775"},"modified":"2024-10-07T12:54:07","modified_gmt":"2024-10-07T19:54:07","slug":"desaparece-sobrino-de-activista-en-mazatlan-piden-ayuda-para-localizarlo","status":"publish","type":"post","link":"https:\/\/fuentesfidedignas.com.mx\/index.php\/2024\/10\/07\/desaparece-sobrino-de-activista-en-mazatlan-piden-ayuda-para-localizarlo\/","title":{"rendered":"Desaparece sobrino de activista en Mazatl\u00e1n; piden ayuda para localizarlo"},"content":{"rendered":"\n<p><strong><em>El Observatorio Ciudadano de Mazatl\u00e1n, presidido por Gustavo Rojo, pidi\u00f3 ayuda para hallar al joven V\u00edctor Manuel y su padre<\/em><\/strong><\/p>\n\n\n\n<p><strong>V\u00edctor Manuel Guerrero Rojo<\/strong>, sobrino del activista y defensor de derechos humanos Gustavo Rojo, de Sinaloa, se encuentra&nbsp;<strong>desaparecido<\/strong>.<\/p>\n\n\n\n<p>El joven de 20 a\u00f1os de edad fue visto por \u00faltima vez el 20 de septiembre en&nbsp;<strong>Mazatl\u00e1n<\/strong>, en compa\u00f1\u00eda de su padre,&nbsp;<strong>V\u00edctor Manuel Guerrero Venegas<\/strong>, tambi\u00e9n desaparecido.<\/p>\n\n\n\n<figure class=\"wp-block-embed is-type-rich is-provider-twitter wp-block-embed-twitter\"><div class=\"wp-block-embed__wrapper\">\n<blockquote class=\"twitter-tweet\" data-width=\"550\" data-dnt=\"true\"><p lang=\"es\" dir=\"ltr\">\ud83d\udce2La <a href=\"https:\/\/twitter.com\/hashtag\/violencia?src=hash&amp;ref_src=twsrc%5Etfw\">#violencia<\/a> en <a href=\"https:\/\/twitter.com\/hashtag\/Sinaloa?src=hash&amp;ref_src=twsrc%5Etfw\">#Sinaloa<\/a> nos alcanz\u00f3 en este contexto de incertidumbre que estamos viviendo miles de familias.<br>Hoy nos toca pedir todo su apoyo para localizar a <a href=\"https:\/\/twitter.com\/hashtag\/V%C3%ADctorManuel?src=hash&amp;ref_src=twsrc%5Etfw\">#V\u00edctorManuel<\/a> Guerrero Rojo, de 20 a\u00f1os, sobrino de nuestro director, Gustavo Rojo, activista y defensor de <a href=\"https:\/\/twitter.com\/hashtag\/DDHH?src=hash&amp;ref_src=twsrc%5Etfw\">#DDHH<\/a> <a href=\"https:\/\/t.co\/jkxTvPX3Yh\">pic.twitter.com\/jkxTvPX3Yh<\/a><\/p>&mdash; Observatorio Ciudadano Mzt (@observatoriomzt) <a href=\"https:\/\/twitter.com\/observatoriomzt\/status\/1842414153727975746?ref_src=twsrc%5Etfw\">October 5, 2024<\/a><\/blockquote><script async src=\"https:\/\/platform.twitter.com\/widgets.js\" charset=\"utf-8\"><\/script>\n<\/div><\/figure>\n\n\n\n<p>Padre e hijo se encontraban en el<strong>&nbsp;fraccionamiento Lienzo Charro<\/strong>&nbsp;de la&nbsp;<strong>sindicatura de Villa Uni\u00f3n<\/strong>, sin que hasta el momento se sepa algo de ambos.<\/p>\n\n\n\n<p>El Observatorio Ciudadano de Mazatl\u00e1n, presidido por Gustavo Rojo, pidi\u00f3 ayuda a la ciudadan\u00eda para hallar al joven V\u00edctor Manuel y su padre.<\/p>\n\n\n\n<blockquote class=\"wp-block-quote is-layout-flow wp-block-quote-is-layout-flow\">\n<p>\u201cComo organizaci\u00f3n, en los \u00faltimos a\u00f1os hemos se\u00f1alado y acompa\u00f1ado distintas causas ciudadanas, lamentablemente, esta vez, uno de nuestro equipo es afectado directo y con el derecho que nos asiste como ciudadan\u00eda\u201d, expres\u00f3 en redes sociales.<\/p>\n<\/blockquote>\n\n\n\n<p>La organizaci\u00f3n tambi\u00e9n pidi\u00f3 a la&nbsp;<strong>Fiscal\u00eda de Sinaloa<\/strong>atraer el caso y dar respuesta a las desapariciones en el contexto de violencia por el que atraviesa el estado.<\/p>\n\n\n\n<figure class=\"wp-block-embed is-type-rich is-provider-twitter wp-block-embed-twitter\"><div class=\"wp-block-embed__wrapper\">\n<blockquote class=\"twitter-tweet\" data-width=\"550\" data-dnt=\"true\"><p lang=\"es\" dir=\"ltr\">\u203c\ufe0f Compartimos nuestra postura sobre la situaci\u00f3n de <a href=\"https:\/\/twitter.com\/hashtag\/violencia?src=hash&amp;ref_src=twsrc%5Etfw\">#violencia<\/a> que estamos viviendo en <a href=\"https:\/\/twitter.com\/hashtag\/Sinaloa?src=hash&amp;ref_src=twsrc%5Etfw\">#Sinaloa<\/a> y que alcanz\u00f3 a nuestro director. <br>Pedimos todo su apoyo para localizar no s\u00f3lo a <a href=\"https:\/\/twitter.com\/hashtag\/V%C3%ADctorManuel?src=hash&amp;ref_src=twsrc%5Etfw\">#V\u00edctorManuel<\/a> sino a todas las personas que nos faltan en este contexto de incertidumbre. \ud83d\ude4f\ud83d\ude4f <a href=\"https:\/\/t.co\/RV2pbMAqyM\">pic.twitter.com\/RV2pbMAqyM<\/a><\/p>&mdash; Observatorio Ciudadano Mzt (@observatoriomzt) <a href=\"https:\/\/twitter.com\/observatoriomzt\/status\/1842620939084992635?ref_src=twsrc%5Etfw\">October 5, 2024<\/a><\/blockquote><script async src=\"https:\/\/platform.twitter.com\/widgets.js\" charset=\"utf-8\"><\/script>\n<\/div><\/figure>\n","protected":false},"excerpt":{"rendered":"<p>El Observatorio Ciudadano de Mazatl\u00e1n, presidido por Gustavo Rojo, pidi\u00f3 ayuda para hallar al joven V\u00edctor Manuel y su padre V\u00edctor Manuel Guerrero Rojo, sobrino del activista y defensor de derechos humanos Gustavo Rojo, de Sinaloa, se encuentra&nbsp;desaparecido. El joven de 20 a\u00f1os de edad fue visto por \u00faltima vez el 20 de septiembre en&nbsp;Mazatl\u00e1n, [&hellip;]<\/p>\n","protected":false},"author":47,"featured_media":92774,"comment_status":"closed","ping_status":"open","sticky":false,"template":"","format":"standard","meta":{"tdm_status":"","tdm_grid_status":"","footnotes":""},"categories":[38],"tags":[],"class_list":{"0":"post-92775","1":"post","2":"type-post","3":"status-publish","4":"format-standard","5":"has-post-thumbnail","7":"category-noticias-locales"},"yoast_head":"<!-- This site is optimized with the Yoast SEO plugin v27.5 - https:\/\/yoast.com\/product\/yoast-seo-wordpress\/ -->\n<title>Desaparece sobrino de activista en Mazatl\u00e1n; piden ayuda para localizarlo - Fuentes Fidedignas<\/title>\n<meta name=\"robots\" content=\"index, follow, max-snippet:-1, max-image-preview:large, max-video-preview:-1\" \/>\n<link rel=\"canonical\" href=\"https:\/\/fuentesfidedignas.com.mx\/index.php\/2024\/10\/07\/desaparece-sobrino-de-activista-en-mazatlan-piden-ayuda-para-localizarlo\/\" \/>\n<meta property=\"og:locale\" content=\"es_MX\" \/>\n<meta property=\"og:type\" content=\"article\" \/>\n<meta property=\"og:title\" content=\"Desaparece sobrino de activista en Mazatl\u00e1n; piden ayuda para localizarlo - Fuentes Fidedignas\" \/>\n<meta property=\"og:description\" content=\"El Observatorio Ciudadano de Mazatl\u00e1n, presidido por Gustavo Rojo, pidi\u00f3 ayuda para hallar al joven V\u00edctor Manuel y su padre V\u00edctor Manuel Guerrero Rojo, sobrino del activista y defensor de derechos humanos Gustavo Rojo, de Sinaloa, se encuentra&nbsp;desaparecido. El joven de 20 a\u00f1os de edad fue visto por \u00faltima vez el 20 de septiembre en&nbsp;Mazatl\u00e1n, [&hellip;]\" \/>\n<meta property=\"og:url\" content=\"https:\/\/fuentesfidedignas.com.mx\/index.php\/2024\/10\/07\/desaparece-sobrino-de-activista-en-mazatlan-piden-ayuda-para-localizarlo\/\" \/>\n<meta property=\"og:site_name\" content=\"Fuentes Fidedignas\" \/>\n<meta property=\"article:publisher\" content=\"https:\/\/www.facebook.com\/Fuentes-Fidedignas-368234489921644\" \/>\n<meta property=\"article:published_time\" content=\"2024-10-07T18:06:33+00:00\" \/>\n<meta property=\"article:modified_time\" content=\"2024-10-07T19:54:07+00:00\" \/>\n<meta property=\"og:image\" content=\"https:\/\/fuentesfidedignas.com.mx\/wp-content\/uploads\/2024\/10\/img_3004-1.jpg\" \/>\n\t<meta property=\"og:image:width\" content=\"1536\" \/>\n\t<meta property=\"og:image:height\" content=\"864\" \/>\n\t<meta property=\"og:image:type\" content=\"image\/jpeg\" \/>\n<meta name=\"author\" content=\"L\u00f3pez D\u00f3riga\" \/>\n<meta name=\"twitter:card\" content=\"summary_large_image\" \/>\n<meta name=\"twitter:creator\" content=\"@fidedignas\" \/>\n<meta name=\"twitter:site\" content=\"@fidedignas\" \/>\n<meta name=\"twitter:label1\" content=\"Escrito por\" \/>\n\t<meta name=\"twitter:data1\" content=\"L\u00f3pez D\u00f3riga\" \/>\n\t<meta name=\"twitter:label2\" content=\"Tiempo de lectura\" \/>\n\t<meta name=\"twitter:data2\" content=\"1 minuto\" \/>\n<script type=\"application\/ld+json\" class=\"yoast-schema-graph\">{\"@context\":\"https:\\\/\\\/schema.org\",\"@graph\":[{\"@type\":\"Article\",\"@id\":\"https:\\\/\\\/fuentesfidedignas.com.mx\\\/index.php\\\/2024\\\/10\\\/07\\\/desaparece-sobrino-de-activista-en-mazatlan-piden-ayuda-para-localizarlo\\\/#article\",\"isPartOf\":{\"@id\":\"https:\\\/\\\/fuentesfidedignas.com.mx\\\/index.php\\\/2024\\\/10\\\/07\\\/desaparece-sobrino-de-activista-en-mazatlan-piden-ayuda-para-localizarlo\\\/\"},\"author\":{\"name\":\"L\u00f3pez D\u00f3riga\",\"@id\":\"https:\\\/\\\/fuentesfidedignas.com.mx\\\/#\\\/schema\\\/person\\\/67d852f0557c8509146a4b9ddebd543a\"},\"headline\":\"Desaparece sobrino de activista en Mazatl\u00e1n; piden ayuda para localizarlo\",\"datePublished\":\"2024-10-07T18:06:33+00:00\",\"dateModified\":\"2024-10-07T19:54:07+00:00\",\"mainEntityOfPage\":{\"@id\":\"https:\\\/\\\/fuentesfidedignas.com.mx\\\/index.php\\\/2024\\\/10\\\/07\\\/desaparece-sobrino-de-activista-en-mazatlan-piden-ayuda-para-localizarlo\\\/\"},\"wordCount\":227,\"publisher\":{\"@id\":\"https:\\\/\\\/fuentesfidedignas.com.mx\\\/#organization\"},\"image\":{\"@id\":\"https:\\\/\\\/fuentesfidedignas.com.mx\\\/index.php\\\/2024\\\/10\\\/07\\\/desaparece-sobrino-de-activista-en-mazatlan-piden-ayuda-para-localizarlo\\\/#primaryimage\"},\"thumbnailUrl\":\"https:\\\/\\\/fuentesfidedignas.com.mx\\\/wp-content\\\/uploads\\\/2024\\\/10\\\/img_3004-1.jpg\",\"articleSection\":[\"NOTICIAS LOCALES\"],\"inLanguage\":\"es\"},{\"@type\":\"WebPage\",\"@id\":\"https:\\\/\\\/fuentesfidedignas.com.mx\\\/index.php\\\/2024\\\/10\\\/07\\\/desaparece-sobrino-de-activista-en-mazatlan-piden-ayuda-para-localizarlo\\\/\",\"url\":\"https:\\\/\\\/fuentesfidedignas.com.mx\\\/index.php\\\/2024\\\/10\\\/07\\\/desaparece-sobrino-de-activista-en-mazatlan-piden-ayuda-para-localizarlo\\\/\",\"name\":\"Desaparece sobrino de activista en Mazatl\u00e1n; piden ayuda para localizarlo - Fuentes Fidedignas\",\"isPartOf\":{\"@id\":\"https:\\\/\\\/fuentesfidedignas.com.mx\\\/#website\"},\"primaryImageOfPage\":{\"@id\":\"https:\\\/\\\/fuentesfidedignas.com.mx\\\/index.php\\\/2024\\\/10\\\/07\\\/desaparece-sobrino-de-activista-en-mazatlan-piden-ayuda-para-localizarlo\\\/#primaryimage\"},\"image\":{\"@id\":\"https:\\\/\\\/fuentesfidedignas.com.mx\\\/index.php\\\/2024\\\/10\\\/07\\\/desaparece-sobrino-de-activista-en-mazatlan-piden-ayuda-para-localizarlo\\\/#primaryimage\"},\"thumbnailUrl\":\"https:\\\/\\\/fuentesfidedignas.com.mx\\\/wp-content\\\/uploads\\\/2024\\\/10\\\/img_3004-1.jpg\",\"datePublished\":\"2024-10-07T18:06:33+00:00\",\"dateModified\":\"2024-10-07T19:54:07+00:00\",\"breadcrumb\":{\"@id\":\"https:\\\/\\\/fuentesfidedignas.com.mx\\\/index.php\\\/2024\\\/10\\\/07\\\/desaparece-sobrino-de-activista-en-mazatlan-piden-ayuda-para-localizarlo\\\/#breadcrumb\"},\"inLanguage\":\"es\",\"potentialAction\":[{\"@type\":\"ReadAction\",\"target\":[\"https:\\\/\\\/fuentesfidedignas.com.mx\\\/index.php\\\/2024\\\/10\\\/07\\\/desaparece-sobrino-de-activista-en-mazatlan-piden-ayuda-para-localizarlo\\\/\"]}]},{\"@type\":\"ImageObject\",\"inLanguage\":\"es\",\"@id\":\"https:\\\/\\\/fuentesfidedignas.com.mx\\\/index.php\\\/2024\\\/10\\\/07\\\/desaparece-sobrino-de-activista-en-mazatlan-piden-ayuda-para-localizarlo\\\/#primaryimage\",\"url\":\"https:\\\/\\\/fuentesfidedignas.com.mx\\\/wp-content\\\/uploads\\\/2024\\\/10\\\/img_3004-1.jpg\",\"contentUrl\":\"https:\\\/\\\/fuentesfidedignas.com.mx\\\/wp-content\\\/uploads\\\/2024\\\/10\\\/img_3004-1.jpg\",\"width\":1536,\"height\":864},{\"@type\":\"BreadcrumbList\",\"@id\":\"https:\\\/\\\/fuentesfidedignas.com.mx\\\/index.php\\\/2024\\\/10\\\/07\\\/desaparece-sobrino-de-activista-en-mazatlan-piden-ayuda-para-localizarlo\\\/#breadcrumb\",\"itemListElement\":[{\"@type\":\"ListItem\",\"position\":1,\"name\":\"Inicio\",\"item\":\"https:\\\/\\\/fuentesfidedignas.com.mx\\\/\"},{\"@type\":\"ListItem\",\"position\":2,\"name\":\"Desaparece sobrino de activista en Mazatl\u00e1n; piden ayuda para localizarlo\"}]},{\"@type\":\"WebSite\",\"@id\":\"https:\\\/\\\/fuentesfidedignas.com.mx\\\/#website\",\"url\":\"https:\\\/\\\/fuentesfidedignas.com.mx\\\/\",\"name\":\"Fuentes Fidedignas\",\"description\":\"Otro sitio realizado con WordPress\",\"publisher\":{\"@id\":\"https:\\\/\\\/fuentesfidedignas.com.mx\\\/#organization\"},\"potentialAction\":[{\"@type\":\"SearchAction\",\"target\":{\"@type\":\"EntryPoint\",\"urlTemplate\":\"https:\\\/\\\/fuentesfidedignas.com.mx\\\/?s={search_term_string}\"},\"query-input\":{\"@type\":\"PropertyValueSpecification\",\"valueRequired\":true,\"valueName\":\"search_term_string\"}}],\"inLanguage\":\"es\"},{\"@type\":\"Organization\",\"@id\":\"https:\\\/\\\/fuentesfidedignas.com.mx\\\/#organization\",\"name\":\"Fuentes Fidedignas\",\"url\":\"https:\\\/\\\/fuentesfidedignas.com.mx\\\/\",\"logo\":{\"@type\":\"ImageObject\",\"inLanguage\":\"es\",\"@id\":\"https:\\\/\\\/fuentesfidedignas.com.mx\\\/#\\\/schema\\\/logo\\\/image\\\/\",\"url\":\"https:\\\/\\\/fuentesfidedignas.com.mx\\\/wp-content\\\/uploads\\\/2021\\\/04\\\/logo-retina.png\",\"contentUrl\":\"https:\\\/\\\/fuentesfidedignas.com.mx\\\/wp-content\\\/uploads\\\/2021\\\/04\\\/logo-retina.png\",\"width\":280,\"height\":51,\"caption\":\"Fuentes Fidedignas\"},\"image\":{\"@id\":\"https:\\\/\\\/fuentesfidedignas.com.mx\\\/#\\\/schema\\\/logo\\\/image\\\/\"},\"sameAs\":[\"https:\\\/\\\/www.facebook.com\\\/Fuentes-Fidedignas-368234489921644\",\"https:\\\/\\\/x.com\\\/fidedignas\"]},{\"@type\":\"Person\",\"@id\":\"https:\\\/\\\/fuentesfidedignas.com.mx\\\/#\\\/schema\\\/person\\\/67d852f0557c8509146a4b9ddebd543a\",\"name\":\"L\u00f3pez D\u00f3riga\",\"image\":{\"@type\":\"ImageObject\",\"inLanguage\":\"es\",\"@id\":\"https:\\\/\\\/secure.gravatar.com\\\/avatar\\\/e525b06574ca18b33cded59dfe5778d6c823b9513154eff47da551b0551bdd1e?s=96&d=mm&r=g\",\"url\":\"https:\\\/\\\/secure.gravatar.com\\\/avatar\\\/e525b06574ca18b33cded59dfe5778d6c823b9513154eff47da551b0551bdd1e?s=96&d=mm&r=g\",\"contentUrl\":\"https:\\\/\\\/secure.gravatar.com\\\/avatar\\\/e525b06574ca18b33cded59dfe5778d6c823b9513154eff47da551b0551bdd1e?s=96&d=mm&r=g\",\"caption\":\"L\u00f3pez D\u00f3riga\"},\"url\":\"https:\\\/\\\/fuentesfidedignas.com.mx\\\/index.php\\\/author\\\/doriga\\\/\"}]}<\/script>\n<!-- \/ Yoast SEO plugin. -->","yoast_head_json":{"title":"Desaparece sobrino de activista en Mazatl\u00e1n; piden ayuda para localizarlo - Fuentes Fidedignas","robots":{"index":"index","follow":"follow","max-snippet":"max-snippet:-1","max-image-preview":"max-image-preview:large","max-video-preview":"max-video-preview:-1"},"canonical":"https:\/\/fuentesfidedignas.com.mx\/index.php\/2024\/10\/07\/desaparece-sobrino-de-activista-en-mazatlan-piden-ayuda-para-localizarlo\/","og_locale":"es_MX","og_type":"article","og_title":"Desaparece sobrino de activista en Mazatl\u00e1n; piden ayuda para localizarlo - Fuentes Fidedignas","og_description":"El Observatorio Ciudadano de Mazatl\u00e1n, presidido por Gustavo Rojo, pidi\u00f3 ayuda para hallar al joven V\u00edctor Manuel y su padre V\u00edctor Manuel Guerrero Rojo, sobrino del activista y defensor de derechos humanos Gustavo Rojo, de Sinaloa, se encuentra&nbsp;desaparecido. El joven de 20 a\u00f1os de edad fue visto por \u00faltima vez el 20 de septiembre en&nbsp;Mazatl\u00e1n, [&hellip;]","og_url":"https:\/\/fuentesfidedignas.com.mx\/index.php\/2024\/10\/07\/desaparece-sobrino-de-activista-en-mazatlan-piden-ayuda-para-localizarlo\/","og_site_name":"Fuentes Fidedignas","article_publisher":"https:\/\/www.facebook.com\/Fuentes-Fidedignas-368234489921644","article_published_time":"2024-10-07T18:06:33+00:00","article_modified_time":"2024-10-07T19:54:07+00:00","og_image":[{"width":1536,"height":864,"url":"https:\/\/fuentesfidedignas.com.mx\/wp-content\/uploads\/2024\/10\/img_3004-1.jpg","type":"image\/jpeg"}],"author":"L\u00f3pez D\u00f3riga","twitter_card":"summary_large_image","twitter_creator":"@fidedignas","twitter_site":"@fidedignas","twitter_misc":{"Escrito por":"L\u00f3pez D\u00f3riga","Tiempo de lectura":"1 minuto"},"schema":{"@context":"https:\/\/schema.org","@graph":[{"@type":"Article","@id":"https:\/\/fuentesfidedignas.com.mx\/index.php\/2024\/10\/07\/desaparece-sobrino-de-activista-en-mazatlan-piden-ayuda-para-localizarlo\/#article","isPartOf":{"@id":"https:\/\/fuentesfidedignas.com.mx\/index.php\/2024\/10\/07\/desaparece-sobrino-de-activista-en-mazatlan-piden-ayuda-para-localizarlo\/"},"author":{"name":"L\u00f3pez D\u00f3riga","@id":"https:\/\/fuentesfidedignas.com.mx\/#\/schema\/person\/67d852f0557c8509146a4b9ddebd543a"},"headline":"Desaparece sobrino de activista en Mazatl\u00e1n; piden ayuda para localizarlo","datePublished":"2024-10-07T18:06:33+00:00","dateModified":"2024-10-07T19:54:07+00:00","mainEntityOfPage":{"@id":"https:\/\/fuentesfidedignas.com.mx\/index.php\/2024\/10\/07\/desaparece-sobrino-de-activista-en-mazatlan-piden-ayuda-para-localizarlo\/"},"wordCount":227,"publisher":{"@id":"https:\/\/fuentesfidedignas.com.mx\/#organization"},"image":{"@id":"https:\/\/fuentesfidedignas.com.mx\/index.php\/2024\/10\/07\/desaparece-sobrino-de-activista-en-mazatlan-piden-ayuda-para-localizarlo\/#primaryimage"},"thumbnailUrl":"https:\/\/fuentesfidedignas.com.mx\/wp-content\/uploads\/2024\/10\/img_3004-1.jpg","articleSection":["NOTICIAS LOCALES"],"inLanguage":"es"},{"@type":"WebPage","@id":"https:\/\/fuentesfidedignas.com.mx\/index.php\/2024\/10\/07\/desaparece-sobrino-de-activista-en-mazatlan-piden-ayuda-para-localizarlo\/","url":"https:\/\/fuentesfidedignas.com.mx\/index.php\/2024\/10\/07\/desaparece-sobrino-de-activista-en-mazatlan-piden-ayuda-para-localizarlo\/","name":"Desaparece sobrino de activista en Mazatl\u00e1n; piden ayuda para localizarlo - Fuentes Fidedignas","isPartOf":{"@id":"https:\/\/fuentesfidedignas.com.mx\/#website"},"primaryImageOfPage":{"@id":"https:\/\/fuentesfidedignas.com.mx\/index.php\/2024\/10\/07\/desaparece-sobrino-de-activista-en-mazatlan-piden-ayuda-para-localizarlo\/#primaryimage"},"image":{"@id":"https:\/\/fuentesfidedignas.com.mx\/index.php\/2024\/10\/07\/desaparece-sobrino-de-activista-en-mazatlan-piden-ayuda-para-localizarlo\/#primaryimage"},"thumbnailUrl":"https:\/\/fuentesfidedignas.com.mx\/wp-content\/uploads\/2024\/10\/img_3004-1.jpg","datePublished":"2024-10-07T18:06:33+00:00","dateModified":"2024-10-07T19:54:07+00:00","breadcrumb":{"@id":"https:\/\/fuentesfidedignas.com.mx\/index.php\/2024\/10\/07\/desaparece-sobrino-de-activista-en-mazatlan-piden-ayuda-para-localizarlo\/#breadcrumb"},"inLanguage":"es","potentialAction":[{"@type":"ReadAction","target":["https:\/\/fuentesfidedignas.com.mx\/index.php\/2024\/10\/07\/desaparece-sobrino-de-activista-en-mazatlan-piden-ayuda-para-localizarlo\/"]}]},{"@type":"ImageObject","inLanguage":"es","@id":"https:\/\/fuentesfidedignas.com.mx\/index.php\/2024\/10\/07\/desaparece-sobrino-de-activista-en-mazatlan-piden-ayuda-para-localizarlo\/#primaryimage","url":"https:\/\/fuentesfidedignas.com.mx\/wp-content\/uploads\/2024\/10\/img_3004-1.jpg","contentUrl":"https:\/\/fuentesfidedignas.com.mx\/wp-content\/uploads\/2024\/10\/img_3004-1.jpg","width":1536,"height":864},{"@type":"BreadcrumbList","@id":"https:\/\/fuentesfidedignas.com.mx\/index.php\/2024\/10\/07\/desaparece-sobrino-de-activista-en-mazatlan-piden-ayuda-para-localizarlo\/#breadcrumb","itemListElement":[{"@type":"ListItem","position":1,"name":"Inicio","item":"https:\/\/fuentesfidedignas.com.mx\/"},{"@type":"ListItem","position":2,"name":"Desaparece sobrino de activista en Mazatl\u00e1n; piden ayuda para localizarlo"}]},{"@type":"WebSite","@id":"https:\/\/fuentesfidedignas.com.mx\/#website","url":"https:\/\/fuentesfidedignas.com.mx\/","name":"Fuentes Fidedignas","description":"Otro sitio realizado con WordPress","publisher":{"@id":"https:\/\/fuentesfidedignas.com.mx\/#organization"},"potentialAction":[{"@type":"SearchAction","target":{"@type":"EntryPoint","urlTemplate":"https:\/\/fuentesfidedignas.com.mx\/?s={search_term_string}"},"query-input":{"@type":"PropertyValueSpecification","valueRequired":true,"valueName":"search_term_string"}}],"inLanguage":"es"},{"@type":"Organization","@id":"https:\/\/fuentesfidedignas.com.mx\/#organization","name":"Fuentes Fidedignas","url":"https:\/\/fuentesfidedignas.com.mx\/","logo":{"@type":"ImageObject","inLanguage":"es","@id":"https:\/\/fuentesfidedignas.com.mx\/#\/schema\/logo\/image\/","url":"https:\/\/fuentesfidedignas.com.mx\/wp-content\/uploads\/2021\/04\/logo-retina.png","contentUrl":"https:\/\/fuentesfidedignas.com.mx\/wp-content\/uploads\/2021\/04\/logo-retina.png","width":280,"height":51,"caption":"Fuentes Fidedignas"},"image":{"@id":"https:\/\/fuentesfidedignas.com.mx\/#\/schema\/logo\/image\/"},"sameAs":["https:\/\/www.facebook.com\/Fuentes-Fidedignas-368234489921644","https:\/\/x.com\/fidedignas"]},{"@type":"Person","@id":"https:\/\/fuentesfidedignas.com.mx\/#\/schema\/person\/67d852f0557c8509146a4b9ddebd543a","name":"L\u00f3pez D\u00f3riga","image":{"@type":"ImageObject","inLanguage":"es","@id":"https:\/\/secure.gravatar.com\/avatar\/e525b06574ca18b33cded59dfe5778d6c823b9513154eff47da551b0551bdd1e?s=96&d=mm&r=g","url":"https:\/\/secure.gravatar.com\/avatar\/e525b06574ca18b33cded59dfe5778d6c823b9513154eff47da551b0551bdd1e?s=96&d=mm&r=g","contentUrl":"https:\/\/secure.gravatar.com\/avatar\/e525b06574ca18b33cded59dfe5778d6c823b9513154eff47da551b0551bdd1e?s=96&d=mm&r=g","caption":"L\u00f3pez D\u00f3riga"},"url":"https:\/\/fuentesfidedignas.com.mx\/index.php\/author\/doriga\/"}]}},"_links":{"self":[{"href":"https:\/\/fuentesfidedignas.com.mx\/index.php\/wp-json\/wp\/v2\/posts\/92775","targetHints":{"allow":["GET"]}}],"collection":[{"href":"https:\/\/fuentesfidedignas.com.mx\/index.php\/wp-json\/wp\/v2\/posts"}],"about":[{"href":"https:\/\/fuentesfidedignas.com.mx\/index.php\/wp-json\/wp\/v2\/types\/post"}],"author":[{"embeddable":true,"href":"https:\/\/fuentesfidedignas.com.mx\/index.php\/wp-json\/wp\/v2\/users\/47"}],"replies":[{"embeddable":true,"href":"https:\/\/fuentesfidedignas.com.mx\/index.php\/wp-json\/wp\/v2\/comments?post=92775"}],"version-history":[{"count":2,"href":"https:\/\/fuentesfidedignas.com.mx\/index.php\/wp-json\/wp\/v2\/posts\/92775\/revisions"}],"predecessor-version":[{"id":92782,"href":"https:\/\/fuentesfidedignas.com.mx\/index.php\/wp-json\/wp\/v2\/posts\/92775\/revisions\/92782"}],"wp:featuredmedia":[{"embeddable":true,"href":"https:\/\/fuentesfidedignas.com.mx\/index.php\/wp-json\/wp\/v2\/media\/92774"}],"wp:attachment":[{"href":"https:\/\/fuentesfidedignas.com.mx\/index.php\/wp-json\/wp\/v2\/media?parent=92775"}],"wp:term":[{"taxonomy":"category","embeddable":true,"href":"https:\/\/fuentesfidedignas.com.mx\/index.php\/wp-json\/wp\/v2\/categories?post=92775"},{"taxonomy":"post_tag","embeddable":true,"href":"https:\/\/fuentesfidedignas.com.mx\/index.php\/wp-json\/wp\/v2\/tags?post=92775"}],"curies":[{"name":"wp","href":"https:\/\/api.w.org\/{rel}","templated":true}]}}