{"id":92728,"date":"2024-10-06T13:42:32","date_gmt":"2024-10-06T20:42:32","guid":{"rendered":"https:\/\/fuentesfidedignas.com.mx\/?p=92728"},"modified":"2024-10-06T13:42:34","modified_gmt":"2024-10-06T20:42:34","slug":"ataque-armado-deja-2-muertos-y-ocho-personas-heridas-en-baja-california","status":"publish","type":"post","link":"https:\/\/fuentesfidedignas.com.mx\/index.php\/2024\/10\/06\/ataque-armado-deja-2-muertos-y-ocho-personas-heridas-en-baja-california\/","title":{"rendered":"Ataque armado deja 2 muertos y ocho personas heridas en Baja California"},"content":{"rendered":"\n<p><strong><em>Por este hecho violento no hay reporte de personas detenidas.<\/em><\/strong><\/p>\n\n\n\n<p>Dos personas sin vida y ocho heridas es el saldo de un ataque armado registrado la madrugada de este domingo en las inmediaciones de una finca ubicada del Valle de la Trinidad, Ensenada, Baja California.<\/p>\n\n\n\n<p>Hasta el momento, se desconoce c\u00f3mo ocurrieron los hechos, pero las autoridades informaron que fueron alertadas a trav\u00e9s de una llamada al sistema de emergencias C4, reportando detonaciones de arma de fuego en la zona.<\/p>\n\n\n\n<p>La Direcci\u00f3n de Seguridad P\u00fablica Municipal confirm\u00f3 que tras recibir el reporte, se implement\u00f3 un operativo coordinado con la Fiscal\u00eda General del Estado, la Secretar\u00eda de la Defensa Nacional (Sedena) y otras corporaciones de seguridad.<\/p>\n\n\n\n<p>Al llegar al lugar, ubicado en el kil\u00f3metro 118 de la carretera Ensenada-San Felipe, encontraron dos veh\u00edculos tipo Tahoe, uno negro y otro dorado, con m\u00faltiples impactos de bala.<\/p>\n\n\n\n<p>A poca distancia, sobre el kil\u00f3metro 119, las autoridades localizaron a un hombre inconsciente, luego param\u00e9dicos confirmaron que hab\u00eda muerto por heridas de bala.<\/p>\n\n\n\n<p>Luego un menor, de 17 a\u00f1os, lleg\u00f3 por sus propios medios a la delegaci\u00f3n del Valle de la Trinidad con heridas causadas por esquirlas, presuntamente resultado de los disparos. Fue trasladado a un hospital para recibir atenci\u00f3n m\u00e9dica.<\/p>\n\n\n\n<p>Despu\u00e9s se inform\u00f3 que tres hombres heridos por impactos de bala fueron llevados al Hospital General de Ensenada, mientras que tres mujeres por heridas relacionadas con el mismo incidente.<\/p>\n\n\n\n<p>Un hombre m\u00e1s, herido por arma de fuego, lleg\u00f3 a la delegaci\u00f3n en horas recientes y est\u00e1 siendo valorado por los servicios m\u00e9dicos.<\/p>\n\n\n\n<p>Las autoridades aseguraron tres armas larga y tres veh\u00edculos en el lugar del ataque, mientras la investigaci\u00f3n contin\u00faa por la FGE.<\/p>\n\n\n\n<p><\/p>\n","protected":false},"excerpt":{"rendered":"<p>Por este hecho violento no hay reporte de personas detenidas. Dos personas sin vida y ocho heridas es el saldo de un ataque armado registrado la madrugada de este domingo en las inmediaciones de una finca ubicada del Valle de la Trinidad, Ensenada, Baja California. Hasta el momento, se desconoce c\u00f3mo ocurrieron los hechos, pero [&hellip;]<\/p>\n","protected":false},"author":9,"featured_media":89657,"comment_status":"open","ping_status":"open","sticky":false,"template":"","format":"standard","meta":{"tdm_status":"","tdm_grid_status":"","footnotes":""},"categories":[39],"tags":[],"class_list":{"0":"post-92728","1":"post","2":"type-post","3":"status-publish","4":"format-standard","5":"has-post-thumbnail","7":"category-noticias-nacionales"},"yoast_head":"<!-- This site is optimized with the Yoast SEO plugin v27.5 - https:\/\/yoast.com\/product\/yoast-seo-wordpress\/ -->\n<title>Ataque armado deja 2 muertos y ocho personas heridas en Baja California - Fuentes Fidedignas<\/title>\n<meta name=\"robots\" content=\"index, follow, max-snippet:-1, max-image-preview:large, max-video-preview:-1\" \/>\n<link rel=\"canonical\" href=\"https:\/\/fuentesfidedignas.com.mx\/index.php\/2024\/10\/06\/ataque-armado-deja-2-muertos-y-ocho-personas-heridas-en-baja-california\/\" \/>\n<meta property=\"og:locale\" content=\"es_MX\" \/>\n<meta property=\"og:type\" content=\"article\" \/>\n<meta property=\"og:title\" content=\"Ataque armado deja 2 muertos y ocho personas heridas en Baja California - Fuentes Fidedignas\" \/>\n<meta property=\"og:description\" content=\"Por este hecho violento no hay reporte de personas detenidas. Dos personas sin vida y ocho heridas es el saldo de un ataque armado registrado la madrugada de este domingo en las inmediaciones de una finca ubicada del Valle de la Trinidad, Ensenada, Baja California. Hasta el momento, se desconoce c\u00f3mo ocurrieron los hechos, pero [&hellip;]\" \/>\n<meta property=\"og:url\" content=\"https:\/\/fuentesfidedignas.com.mx\/index.php\/2024\/10\/06\/ataque-armado-deja-2-muertos-y-ocho-personas-heridas-en-baja-california\/\" \/>\n<meta property=\"og:site_name\" content=\"Fuentes Fidedignas\" \/>\n<meta property=\"article:publisher\" content=\"https:\/\/www.facebook.com\/Fuentes-Fidedignas-368234489921644\" \/>\n<meta property=\"article:published_time\" content=\"2024-10-06T20:42:32+00:00\" \/>\n<meta property=\"article:modified_time\" content=\"2024-10-06T20:42:34+00:00\" \/>\n<meta property=\"og:image\" content=\"https:\/\/fuentesfidedignas.com.mx\/wp-content\/uploads\/2024\/08\/casquillos.jpg\" \/>\n\t<meta property=\"og:image:width\" content=\"650\" \/>\n\t<meta property=\"og:image:height\" content=\"433\" \/>\n\t<meta property=\"og:image:type\" content=\"image\/jpeg\" \/>\n<meta name=\"author\" content=\"Milenio\" \/>\n<meta name=\"twitter:card\" content=\"summary_large_image\" \/>\n<meta name=\"twitter:creator\" content=\"@fidedignas\" \/>\n<meta name=\"twitter:site\" content=\"@fidedignas\" \/>\n<meta name=\"twitter:label1\" content=\"Escrito por\" \/>\n\t<meta name=\"twitter:data1\" content=\"Milenio\" \/>\n\t<meta name=\"twitter:label2\" content=\"Tiempo de lectura\" \/>\n\t<meta name=\"twitter:data2\" content=\"2 minutos\" \/>\n<script type=\"application\/ld+json\" class=\"yoast-schema-graph\">{\"@context\":\"https:\\\/\\\/schema.org\",\"@graph\":[{\"@type\":\"Article\",\"@id\":\"https:\\\/\\\/fuentesfidedignas.com.mx\\\/index.php\\\/2024\\\/10\\\/06\\\/ataque-armado-deja-2-muertos-y-ocho-personas-heridas-en-baja-california\\\/#article\",\"isPartOf\":{\"@id\":\"https:\\\/\\\/fuentesfidedignas.com.mx\\\/index.php\\\/2024\\\/10\\\/06\\\/ataque-armado-deja-2-muertos-y-ocho-personas-heridas-en-baja-california\\\/\"},\"author\":{\"name\":\"Milenio\",\"@id\":\"https:\\\/\\\/fuentesfidedignas.com.mx\\\/#\\\/schema\\\/person\\\/47ec0135738f4b0c7495f06a77a2c976\"},\"headline\":\"Ataque armado deja 2 muertos y ocho personas heridas en Baja California\",\"datePublished\":\"2024-10-06T20:42:32+00:00\",\"dateModified\":\"2024-10-06T20:42:34+00:00\",\"mainEntityOfPage\":{\"@id\":\"https:\\\/\\\/fuentesfidedignas.com.mx\\\/index.php\\\/2024\\\/10\\\/06\\\/ataque-armado-deja-2-muertos-y-ocho-personas-heridas-en-baja-california\\\/\"},\"wordCount\":310,\"commentCount\":0,\"publisher\":{\"@id\":\"https:\\\/\\\/fuentesfidedignas.com.mx\\\/#organization\"},\"image\":{\"@id\":\"https:\\\/\\\/fuentesfidedignas.com.mx\\\/index.php\\\/2024\\\/10\\\/06\\\/ataque-armado-deja-2-muertos-y-ocho-personas-heridas-en-baja-california\\\/#primaryimage\"},\"thumbnailUrl\":\"https:\\\/\\\/fuentesfidedignas.com.mx\\\/wp-content\\\/uploads\\\/2024\\\/08\\\/casquillos.jpg\",\"articleSection\":[\"NOTICIAS NACIONALES\"],\"inLanguage\":\"es\",\"potentialAction\":[{\"@type\":\"CommentAction\",\"name\":\"Comment\",\"target\":[\"https:\\\/\\\/fuentesfidedignas.com.mx\\\/index.php\\\/2024\\\/10\\\/06\\\/ataque-armado-deja-2-muertos-y-ocho-personas-heridas-en-baja-california\\\/#respond\"]}]},{\"@type\":\"WebPage\",\"@id\":\"https:\\\/\\\/fuentesfidedignas.com.mx\\\/index.php\\\/2024\\\/10\\\/06\\\/ataque-armado-deja-2-muertos-y-ocho-personas-heridas-en-baja-california\\\/\",\"url\":\"https:\\\/\\\/fuentesfidedignas.com.mx\\\/index.php\\\/2024\\\/10\\\/06\\\/ataque-armado-deja-2-muertos-y-ocho-personas-heridas-en-baja-california\\\/\",\"name\":\"Ataque armado deja 2 muertos y ocho personas heridas en Baja California - Fuentes Fidedignas\",\"isPartOf\":{\"@id\":\"https:\\\/\\\/fuentesfidedignas.com.mx\\\/#website\"},\"primaryImageOfPage\":{\"@id\":\"https:\\\/\\\/fuentesfidedignas.com.mx\\\/index.php\\\/2024\\\/10\\\/06\\\/ataque-armado-deja-2-muertos-y-ocho-personas-heridas-en-baja-california\\\/#primaryimage\"},\"image\":{\"@id\":\"https:\\\/\\\/fuentesfidedignas.com.mx\\\/index.php\\\/2024\\\/10\\\/06\\\/ataque-armado-deja-2-muertos-y-ocho-personas-heridas-en-baja-california\\\/#primaryimage\"},\"thumbnailUrl\":\"https:\\\/\\\/fuentesfidedignas.com.mx\\\/wp-content\\\/uploads\\\/2024\\\/08\\\/casquillos.jpg\",\"datePublished\":\"2024-10-06T20:42:32+00:00\",\"dateModified\":\"2024-10-06T20:42:34+00:00\",\"breadcrumb\":{\"@id\":\"https:\\\/\\\/fuentesfidedignas.com.mx\\\/index.php\\\/2024\\\/10\\\/06\\\/ataque-armado-deja-2-muertos-y-ocho-personas-heridas-en-baja-california\\\/#breadcrumb\"},\"inLanguage\":\"es\",\"potentialAction\":[{\"@type\":\"ReadAction\",\"target\":[\"https:\\\/\\\/fuentesfidedignas.com.mx\\\/index.php\\\/2024\\\/10\\\/06\\\/ataque-armado-deja-2-muertos-y-ocho-personas-heridas-en-baja-california\\\/\"]}]},{\"@type\":\"ImageObject\",\"inLanguage\":\"es\",\"@id\":\"https:\\\/\\\/fuentesfidedignas.com.mx\\\/index.php\\\/2024\\\/10\\\/06\\\/ataque-armado-deja-2-muertos-y-ocho-personas-heridas-en-baja-california\\\/#primaryimage\",\"url\":\"https:\\\/\\\/fuentesfidedignas.com.mx\\\/wp-content\\\/uploads\\\/2024\\\/08\\\/casquillos.jpg\",\"contentUrl\":\"https:\\\/\\\/fuentesfidedignas.com.mx\\\/wp-content\\\/uploads\\\/2024\\\/08\\\/casquillos.jpg\",\"width\":650,\"height\":433},{\"@type\":\"BreadcrumbList\",\"@id\":\"https:\\\/\\\/fuentesfidedignas.com.mx\\\/index.php\\\/2024\\\/10\\\/06\\\/ataque-armado-deja-2-muertos-y-ocho-personas-heridas-en-baja-california\\\/#breadcrumb\",\"itemListElement\":[{\"@type\":\"ListItem\",\"position\":1,\"name\":\"Inicio\",\"item\":\"https:\\\/\\\/fuentesfidedignas.com.mx\\\/\"},{\"@type\":\"ListItem\",\"position\":2,\"name\":\"Ataque armado deja 2 muertos y ocho personas heridas en Baja California\"}]},{\"@type\":\"WebSite\",\"@id\":\"https:\\\/\\\/fuentesfidedignas.com.mx\\\/#website\",\"url\":\"https:\\\/\\\/fuentesfidedignas.com.mx\\\/\",\"name\":\"Fuentes Fidedignas\",\"description\":\"Otro sitio realizado con WordPress\",\"publisher\":{\"@id\":\"https:\\\/\\\/fuentesfidedignas.com.mx\\\/#organization\"},\"potentialAction\":[{\"@type\":\"SearchAction\",\"target\":{\"@type\":\"EntryPoint\",\"urlTemplate\":\"https:\\\/\\\/fuentesfidedignas.com.mx\\\/?s={search_term_string}\"},\"query-input\":{\"@type\":\"PropertyValueSpecification\",\"valueRequired\":true,\"valueName\":\"search_term_string\"}}],\"inLanguage\":\"es\"},{\"@type\":\"Organization\",\"@id\":\"https:\\\/\\\/fuentesfidedignas.com.mx\\\/#organization\",\"name\":\"Fuentes Fidedignas\",\"url\":\"https:\\\/\\\/fuentesfidedignas.com.mx\\\/\",\"logo\":{\"@type\":\"ImageObject\",\"inLanguage\":\"es\",\"@id\":\"https:\\\/\\\/fuentesfidedignas.com.mx\\\/#\\\/schema\\\/logo\\\/image\\\/\",\"url\":\"https:\\\/\\\/fuentesfidedignas.com.mx\\\/wp-content\\\/uploads\\\/2021\\\/04\\\/logo-retina.png\",\"contentUrl\":\"https:\\\/\\\/fuentesfidedignas.com.mx\\\/wp-content\\\/uploads\\\/2021\\\/04\\\/logo-retina.png\",\"width\":280,\"height\":51,\"caption\":\"Fuentes Fidedignas\"},\"image\":{\"@id\":\"https:\\\/\\\/fuentesfidedignas.com.mx\\\/#\\\/schema\\\/logo\\\/image\\\/\"},\"sameAs\":[\"https:\\\/\\\/www.facebook.com\\\/Fuentes-Fidedignas-368234489921644\",\"https:\\\/\\\/x.com\\\/fidedignas\"]},{\"@type\":\"Person\",\"@id\":\"https:\\\/\\\/fuentesfidedignas.com.mx\\\/#\\\/schema\\\/person\\\/47ec0135738f4b0c7495f06a77a2c976\",\"name\":\"Milenio\",\"image\":{\"@type\":\"ImageObject\",\"inLanguage\":\"es\",\"@id\":\"https:\\\/\\\/secure.gravatar.com\\\/avatar\\\/acabf7b54753e51c2c76457954577c236b3b764789b19879565769739d1e4a75?s=96&d=mm&r=g\",\"url\":\"https:\\\/\\\/secure.gravatar.com\\\/avatar\\\/acabf7b54753e51c2c76457954577c236b3b764789b19879565769739d1e4a75?s=96&d=mm&r=g\",\"contentUrl\":\"https:\\\/\\\/secure.gravatar.com\\\/avatar\\\/acabf7b54753e51c2c76457954577c236b3b764789b19879565769739d1e4a75?s=96&d=mm&r=g\",\"caption\":\"Milenio\"},\"url\":\"https:\\\/\\\/fuentesfidedignas.com.mx\\\/index.php\\\/author\\\/milenio\\\/\"}]}<\/script>\n<!-- \/ Yoast SEO plugin. -->","yoast_head_json":{"title":"Ataque armado deja 2 muertos y ocho personas heridas en Baja California - Fuentes Fidedignas","robots":{"index":"index","follow":"follow","max-snippet":"max-snippet:-1","max-image-preview":"max-image-preview:large","max-video-preview":"max-video-preview:-1"},"canonical":"https:\/\/fuentesfidedignas.com.mx\/index.php\/2024\/10\/06\/ataque-armado-deja-2-muertos-y-ocho-personas-heridas-en-baja-california\/","og_locale":"es_MX","og_type":"article","og_title":"Ataque armado deja 2 muertos y ocho personas heridas en Baja California - Fuentes Fidedignas","og_description":"Por este hecho violento no hay reporte de personas detenidas. Dos personas sin vida y ocho heridas es el saldo de un ataque armado registrado la madrugada de este domingo en las inmediaciones de una finca ubicada del Valle de la Trinidad, Ensenada, Baja California. Hasta el momento, se desconoce c\u00f3mo ocurrieron los hechos, pero [&hellip;]","og_url":"https:\/\/fuentesfidedignas.com.mx\/index.php\/2024\/10\/06\/ataque-armado-deja-2-muertos-y-ocho-personas-heridas-en-baja-california\/","og_site_name":"Fuentes Fidedignas","article_publisher":"https:\/\/www.facebook.com\/Fuentes-Fidedignas-368234489921644","article_published_time":"2024-10-06T20:42:32+00:00","article_modified_time":"2024-10-06T20:42:34+00:00","og_image":[{"width":650,"height":433,"url":"https:\/\/fuentesfidedignas.com.mx\/wp-content\/uploads\/2024\/08\/casquillos.jpg","type":"image\/jpeg"}],"author":"Milenio","twitter_card":"summary_large_image","twitter_creator":"@fidedignas","twitter_site":"@fidedignas","twitter_misc":{"Escrito por":"Milenio","Tiempo de lectura":"2 minutos"},"schema":{"@context":"https:\/\/schema.org","@graph":[{"@type":"Article","@id":"https:\/\/fuentesfidedignas.com.mx\/index.php\/2024\/10\/06\/ataque-armado-deja-2-muertos-y-ocho-personas-heridas-en-baja-california\/#article","isPartOf":{"@id":"https:\/\/fuentesfidedignas.com.mx\/index.php\/2024\/10\/06\/ataque-armado-deja-2-muertos-y-ocho-personas-heridas-en-baja-california\/"},"author":{"name":"Milenio","@id":"https:\/\/fuentesfidedignas.com.mx\/#\/schema\/person\/47ec0135738f4b0c7495f06a77a2c976"},"headline":"Ataque armado deja 2 muertos y ocho personas heridas en Baja California","datePublished":"2024-10-06T20:42:32+00:00","dateModified":"2024-10-06T20:42:34+00:00","mainEntityOfPage":{"@id":"https:\/\/fuentesfidedignas.com.mx\/index.php\/2024\/10\/06\/ataque-armado-deja-2-muertos-y-ocho-personas-heridas-en-baja-california\/"},"wordCount":310,"commentCount":0,"publisher":{"@id":"https:\/\/fuentesfidedignas.com.mx\/#organization"},"image":{"@id":"https:\/\/fuentesfidedignas.com.mx\/index.php\/2024\/10\/06\/ataque-armado-deja-2-muertos-y-ocho-personas-heridas-en-baja-california\/#primaryimage"},"thumbnailUrl":"https:\/\/fuentesfidedignas.com.mx\/wp-content\/uploads\/2024\/08\/casquillos.jpg","articleSection":["NOTICIAS NACIONALES"],"inLanguage":"es","potentialAction":[{"@type":"CommentAction","name":"Comment","target":["https:\/\/fuentesfidedignas.com.mx\/index.php\/2024\/10\/06\/ataque-armado-deja-2-muertos-y-ocho-personas-heridas-en-baja-california\/#respond"]}]},{"@type":"WebPage","@id":"https:\/\/fuentesfidedignas.com.mx\/index.php\/2024\/10\/06\/ataque-armado-deja-2-muertos-y-ocho-personas-heridas-en-baja-california\/","url":"https:\/\/fuentesfidedignas.com.mx\/index.php\/2024\/10\/06\/ataque-armado-deja-2-muertos-y-ocho-personas-heridas-en-baja-california\/","name":"Ataque armado deja 2 muertos y ocho personas heridas en Baja California - Fuentes Fidedignas","isPartOf":{"@id":"https:\/\/fuentesfidedignas.com.mx\/#website"},"primaryImageOfPage":{"@id":"https:\/\/fuentesfidedignas.com.mx\/index.php\/2024\/10\/06\/ataque-armado-deja-2-muertos-y-ocho-personas-heridas-en-baja-california\/#primaryimage"},"image":{"@id":"https:\/\/fuentesfidedignas.com.mx\/index.php\/2024\/10\/06\/ataque-armado-deja-2-muertos-y-ocho-personas-heridas-en-baja-california\/#primaryimage"},"thumbnailUrl":"https:\/\/fuentesfidedignas.com.mx\/wp-content\/uploads\/2024\/08\/casquillos.jpg","datePublished":"2024-10-06T20:42:32+00:00","dateModified":"2024-10-06T20:42:34+00:00","breadcrumb":{"@id":"https:\/\/fuentesfidedignas.com.mx\/index.php\/2024\/10\/06\/ataque-armado-deja-2-muertos-y-ocho-personas-heridas-en-baja-california\/#breadcrumb"},"inLanguage":"es","potentialAction":[{"@type":"ReadAction","target":["https:\/\/fuentesfidedignas.com.mx\/index.php\/2024\/10\/06\/ataque-armado-deja-2-muertos-y-ocho-personas-heridas-en-baja-california\/"]}]},{"@type":"ImageObject","inLanguage":"es","@id":"https:\/\/fuentesfidedignas.com.mx\/index.php\/2024\/10\/06\/ataque-armado-deja-2-muertos-y-ocho-personas-heridas-en-baja-california\/#primaryimage","url":"https:\/\/fuentesfidedignas.com.mx\/wp-content\/uploads\/2024\/08\/casquillos.jpg","contentUrl":"https:\/\/fuentesfidedignas.com.mx\/wp-content\/uploads\/2024\/08\/casquillos.jpg","width":650,"height":433},{"@type":"BreadcrumbList","@id":"https:\/\/fuentesfidedignas.com.mx\/index.php\/2024\/10\/06\/ataque-armado-deja-2-muertos-y-ocho-personas-heridas-en-baja-california\/#breadcrumb","itemListElement":[{"@type":"ListItem","position":1,"name":"Inicio","item":"https:\/\/fuentesfidedignas.com.mx\/"},{"@type":"ListItem","position":2,"name":"Ataque armado deja 2 muertos y ocho personas heridas en Baja California"}]},{"@type":"WebSite","@id":"https:\/\/fuentesfidedignas.com.mx\/#website","url":"https:\/\/fuentesfidedignas.com.mx\/","name":"Fuentes Fidedignas","description":"Otro sitio realizado con WordPress","publisher":{"@id":"https:\/\/fuentesfidedignas.com.mx\/#organization"},"potentialAction":[{"@type":"SearchAction","target":{"@type":"EntryPoint","urlTemplate":"https:\/\/fuentesfidedignas.com.mx\/?s={search_term_string}"},"query-input":{"@type":"PropertyValueSpecification","valueRequired":true,"valueName":"search_term_string"}}],"inLanguage":"es"},{"@type":"Organization","@id":"https:\/\/fuentesfidedignas.com.mx\/#organization","name":"Fuentes Fidedignas","url":"https:\/\/fuentesfidedignas.com.mx\/","logo":{"@type":"ImageObject","inLanguage":"es","@id":"https:\/\/fuentesfidedignas.com.mx\/#\/schema\/logo\/image\/","url":"https:\/\/fuentesfidedignas.com.mx\/wp-content\/uploads\/2021\/04\/logo-retina.png","contentUrl":"https:\/\/fuentesfidedignas.com.mx\/wp-content\/uploads\/2021\/04\/logo-retina.png","width":280,"height":51,"caption":"Fuentes Fidedignas"},"image":{"@id":"https:\/\/fuentesfidedignas.com.mx\/#\/schema\/logo\/image\/"},"sameAs":["https:\/\/www.facebook.com\/Fuentes-Fidedignas-368234489921644","https:\/\/x.com\/fidedignas"]},{"@type":"Person","@id":"https:\/\/fuentesfidedignas.com.mx\/#\/schema\/person\/47ec0135738f4b0c7495f06a77a2c976","name":"Milenio","image":{"@type":"ImageObject","inLanguage":"es","@id":"https:\/\/secure.gravatar.com\/avatar\/acabf7b54753e51c2c76457954577c236b3b764789b19879565769739d1e4a75?s=96&d=mm&r=g","url":"https:\/\/secure.gravatar.com\/avatar\/acabf7b54753e51c2c76457954577c236b3b764789b19879565769739d1e4a75?s=96&d=mm&r=g","contentUrl":"https:\/\/secure.gravatar.com\/avatar\/acabf7b54753e51c2c76457954577c236b3b764789b19879565769739d1e4a75?s=96&d=mm&r=g","caption":"Milenio"},"url":"https:\/\/fuentesfidedignas.com.mx\/index.php\/author\/milenio\/"}]}},"_links":{"self":[{"href":"https:\/\/fuentesfidedignas.com.mx\/index.php\/wp-json\/wp\/v2\/posts\/92728","targetHints":{"allow":["GET"]}}],"collection":[{"href":"https:\/\/fuentesfidedignas.com.mx\/index.php\/wp-json\/wp\/v2\/posts"}],"about":[{"href":"https:\/\/fuentesfidedignas.com.mx\/index.php\/wp-json\/wp\/v2\/types\/post"}],"author":[{"embeddable":true,"href":"https:\/\/fuentesfidedignas.com.mx\/index.php\/wp-json\/wp\/v2\/users\/9"}],"replies":[{"embeddable":true,"href":"https:\/\/fuentesfidedignas.com.mx\/index.php\/wp-json\/wp\/v2\/comments?post=92728"}],"version-history":[{"count":1,"href":"https:\/\/fuentesfidedignas.com.mx\/index.php\/wp-json\/wp\/v2\/posts\/92728\/revisions"}],"predecessor-version":[{"id":92729,"href":"https:\/\/fuentesfidedignas.com.mx\/index.php\/wp-json\/wp\/v2\/posts\/92728\/revisions\/92729"}],"wp:featuredmedia":[{"embeddable":true,"href":"https:\/\/fuentesfidedignas.com.mx\/index.php\/wp-json\/wp\/v2\/media\/89657"}],"wp:attachment":[{"href":"https:\/\/fuentesfidedignas.com.mx\/index.php\/wp-json\/wp\/v2\/media?parent=92728"}],"wp:term":[{"taxonomy":"category","embeddable":true,"href":"https:\/\/fuentesfidedignas.com.mx\/index.php\/wp-json\/wp\/v2\/categories?post=92728"},{"taxonomy":"post_tag","embeddable":true,"href":"https:\/\/fuentesfidedignas.com.mx\/index.php\/wp-json\/wp\/v2\/tags?post=92728"}],"curies":[{"name":"wp","href":"https:\/\/api.w.org\/{rel}","templated":true}]}}