{"id":92684,"date":"2024-10-05T21:53:39","date_gmt":"2024-10-06T04:53:39","guid":{"rendered":"https:\/\/fuentesfidedignas.com.mx\/?p=92684"},"modified":"2024-10-05T22:23:17","modified_gmt":"2024-10-06T05:23:17","slug":"muere-ifigenia-martinez-a-los-94-anos-quien-presidio-toma-de-protesta-de-claudia-sheinbaum","status":"publish","type":"post","link":"https:\/\/fuentesfidedignas.com.mx\/index.php\/2024\/10\/05\/muere-ifigenia-martinez-a-los-94-anos-quien-presidio-toma-de-protesta-de-claudia-sheinbaum\/","title":{"rendered":"Muere Ifigenia Mart\u00ednez a los 94 a\u00f1os, quien presidi\u00f3 toma de protesta de Claudia Sheinbaum"},"content":{"rendered":"\n<p><strong><em>La reconocida maestra e integrante de la C\u00e1mara de Diputados perdi\u00f3 la vida, d\u00edas despu\u00e9s de encabezar la reciente llegada a la Presidencia de M\u00e9xico<\/em><\/strong><\/p>\n\n\n\n<p class=\"ue-c-article--first-letter-highlighted\">D\u00edas despu\u00e9s de encabezar la toma de protesta de Claudia Sheinbaum, se ha dado el fallecimiento de Ifigenia Mart\u00ednez, a los 99 a\u00f1os de edad, en una noticia que ha llamado poderosamente la atenci\u00f3n. Y es que fue la elegida por la misma Presidenta de M\u00e9xico para entregarle la banda presidencial.<\/p>\n\n\n\n<p>De este modo, se ha confirmado la muerte de la maestra Ifigenia Mart\u00ednez Navarrete, quien era tambi\u00e9n presidenta de la Mesa Directiva de la C\u00e1mara de Diputados durante la jornada de este s\u00e1bado 5 de octubre del 2024.<\/p>\n\n\n\n<p>La presidenta de la Mesa Directiva en la C\u00e1mara de Diputados,&nbsp;<a href=\"https:\/\/www.milenio.com\/politica\/quien-es-ifigenia-martinez-presidenta-san-lazaro-perfil?utm_cmp_rs=Nota%20Enlace%20Editorial\" target=\"_blank\" rel=\"noreferrer noopener\">Ifigenia Mart\u00ednez<\/a>, quien&nbsp;<strong>se encarg\u00f3 de entregar la banda presidencial&nbsp;<\/strong>a Claudia Sheinbaum el 1 de octubre, muri\u00f3 hoy.<\/p>\n\n\n\n<p>As\u00ed lo inform\u00f3 el coordinador parlamentario de Morena, Ricardo Monreal, a trav\u00e9s de sus redes sociales.<\/p>\n\n\n\n<blockquote class=\"wp-block-quote is-layout-flow wp-block-quote-is-layout-flow\">\n<p>&#8220;Con profunda tristeza comunico el sensible fallecimiento de la maestra Ifigenia Mart\u00ednez y Hern\u00e1ndez, presidenta de la C\u00e1mara de Diputados, informaci\u00f3n que me ha confirmado su familia. Que descanse en paz tan extraordinaria mujer y sus seres queridos encuentren pronta resignaci\u00f3n&#8221;, escribi\u00f3 el legislador.<\/p>\n<\/blockquote>\n\n\n\n<p>Mart\u00ednez fue tres veces diputada federal y dos veces senadora, adem\u00e1s de economista por la&nbsp;<strong>Universidad Nacional Aut\u00f3noma de M\u00e9xico (UNAM)<\/strong>con doctorado por la Universidad de Harvard y embajadora de M\u00e9xico ante la Organizaci\u00f3n de las Naciones Unidas (ONU).<\/p>\n","protected":false},"excerpt":{"rendered":"<p>La reconocida maestra e integrante de la C\u00e1mara de Diputados perdi\u00f3 la vida, d\u00edas despu\u00e9s de encabezar la reciente llegada a la Presidencia de M\u00e9xico D\u00edas despu\u00e9s de encabezar la toma de protesta de Claudia Sheinbaum, se ha dado el fallecimiento de Ifigenia Mart\u00ednez, a los 99 a\u00f1os de edad, en una noticia que ha [&hellip;]<\/p>\n","protected":false},"author":9,"featured_media":92683,"comment_status":"closed","ping_status":"open","sticky":false,"template":"","format":"standard","meta":{"tdm_status":"","tdm_grid_status":"","footnotes":""},"categories":[39],"tags":[],"class_list":{"0":"post-92684","1":"post","2":"type-post","3":"status-publish","4":"format-standard","5":"has-post-thumbnail","7":"category-noticias-nacionales"},"yoast_head":"<!-- This site is optimized with the Yoast SEO plugin v27.4 - https:\/\/yoast.com\/product\/yoast-seo-wordpress\/ -->\n<title>Muere Ifigenia Mart\u00ednez a los 94 a\u00f1os, quien presidi\u00f3 toma de protesta de Claudia Sheinbaum - Fuentes Fidedignas<\/title>\n<meta name=\"robots\" content=\"index, follow, max-snippet:-1, max-image-preview:large, max-video-preview:-1\" \/>\n<link rel=\"canonical\" href=\"https:\/\/fuentesfidedignas.com.mx\/index.php\/2024\/10\/05\/muere-ifigenia-martinez-a-los-94-anos-quien-presidio-toma-de-protesta-de-claudia-sheinbaum\/\" \/>\n<meta property=\"og:locale\" content=\"es_MX\" \/>\n<meta property=\"og:type\" content=\"article\" \/>\n<meta property=\"og:title\" content=\"Muere Ifigenia Mart\u00ednez a los 94 a\u00f1os, quien presidi\u00f3 toma de protesta de Claudia Sheinbaum - Fuentes Fidedignas\" \/>\n<meta property=\"og:description\" content=\"La reconocida maestra e integrante de la C\u00e1mara de Diputados perdi\u00f3 la vida, d\u00edas despu\u00e9s de encabezar la reciente llegada a la Presidencia de M\u00e9xico D\u00edas despu\u00e9s de encabezar la toma de protesta de Claudia Sheinbaum, se ha dado el fallecimiento de Ifigenia Mart\u00ednez, a los 99 a\u00f1os de edad, en una noticia que ha [&hellip;]\" \/>\n<meta property=\"og:url\" content=\"https:\/\/fuentesfidedignas.com.mx\/index.php\/2024\/10\/05\/muere-ifigenia-martinez-a-los-94-anos-quien-presidio-toma-de-protesta-de-claudia-sheinbaum\/\" \/>\n<meta property=\"og:site_name\" content=\"Fuentes Fidedignas\" \/>\n<meta property=\"article:publisher\" content=\"https:\/\/www.facebook.com\/Fuentes-Fidedignas-368234489921644\" \/>\n<meta property=\"article:published_time\" content=\"2024-10-06T04:53:39+00:00\" \/>\n<meta property=\"article:modified_time\" content=\"2024-10-06T05:23:17+00:00\" \/>\n<meta property=\"og:image\" content=\"https:\/\/fuentesfidedignas.com.mx\/wp-content\/uploads\/2024\/10\/img_2966-1.jpg\" \/>\n\t<meta property=\"og:image:width\" content=\"1200\" \/>\n\t<meta property=\"og:image:height\" content=\"675\" \/>\n\t<meta property=\"og:image:type\" content=\"image\/jpeg\" \/>\n<meta name=\"author\" content=\"Milenio\" \/>\n<meta name=\"twitter:card\" content=\"summary_large_image\" \/>\n<meta name=\"twitter:creator\" content=\"@fidedignas\" \/>\n<meta name=\"twitter:site\" content=\"@fidedignas\" \/>\n<meta name=\"twitter:label1\" content=\"Escrito por\" \/>\n\t<meta name=\"twitter:data1\" content=\"Milenio\" \/>\n\t<meta name=\"twitter:label2\" content=\"Tiempo de lectura\" \/>\n\t<meta name=\"twitter:data2\" content=\"1 minuto\" \/>\n<script type=\"application\/ld+json\" class=\"yoast-schema-graph\">{\"@context\":\"https:\\\/\\\/schema.org\",\"@graph\":[{\"@type\":\"Article\",\"@id\":\"https:\\\/\\\/fuentesfidedignas.com.mx\\\/index.php\\\/2024\\\/10\\\/05\\\/muere-ifigenia-martinez-a-los-94-anos-quien-presidio-toma-de-protesta-de-claudia-sheinbaum\\\/#article\",\"isPartOf\":{\"@id\":\"https:\\\/\\\/fuentesfidedignas.com.mx\\\/index.php\\\/2024\\\/10\\\/05\\\/muere-ifigenia-martinez-a-los-94-anos-quien-presidio-toma-de-protesta-de-claudia-sheinbaum\\\/\"},\"author\":{\"name\":\"Milenio\",\"@id\":\"https:\\\/\\\/fuentesfidedignas.com.mx\\\/#\\\/schema\\\/person\\\/47ec0135738f4b0c7495f06a77a2c976\"},\"headline\":\"Muere Ifigenia Mart\u00ednez a los 94 a\u00f1os, quien presidi\u00f3 toma de protesta de Claudia Sheinbaum\",\"datePublished\":\"2024-10-06T04:53:39+00:00\",\"dateModified\":\"2024-10-06T05:23:17+00:00\",\"mainEntityOfPage\":{\"@id\":\"https:\\\/\\\/fuentesfidedignas.com.mx\\\/index.php\\\/2024\\\/10\\\/05\\\/muere-ifigenia-martinez-a-los-94-anos-quien-presidio-toma-de-protesta-de-claudia-sheinbaum\\\/\"},\"wordCount\":288,\"publisher\":{\"@id\":\"https:\\\/\\\/fuentesfidedignas.com.mx\\\/#organization\"},\"image\":{\"@id\":\"https:\\\/\\\/fuentesfidedignas.com.mx\\\/index.php\\\/2024\\\/10\\\/05\\\/muere-ifigenia-martinez-a-los-94-anos-quien-presidio-toma-de-protesta-de-claudia-sheinbaum\\\/#primaryimage\"},\"thumbnailUrl\":\"https:\\\/\\\/fuentesfidedignas.com.mx\\\/wp-content\\\/uploads\\\/2024\\\/10\\\/img_2966-1.jpg\",\"articleSection\":[\"NOTICIAS NACIONALES\"],\"inLanguage\":\"es\"},{\"@type\":\"WebPage\",\"@id\":\"https:\\\/\\\/fuentesfidedignas.com.mx\\\/index.php\\\/2024\\\/10\\\/05\\\/muere-ifigenia-martinez-a-los-94-anos-quien-presidio-toma-de-protesta-de-claudia-sheinbaum\\\/\",\"url\":\"https:\\\/\\\/fuentesfidedignas.com.mx\\\/index.php\\\/2024\\\/10\\\/05\\\/muere-ifigenia-martinez-a-los-94-anos-quien-presidio-toma-de-protesta-de-claudia-sheinbaum\\\/\",\"name\":\"Muere Ifigenia Mart\u00ednez a los 94 a\u00f1os, quien presidi\u00f3 toma de protesta de Claudia Sheinbaum - Fuentes Fidedignas\",\"isPartOf\":{\"@id\":\"https:\\\/\\\/fuentesfidedignas.com.mx\\\/#website\"},\"primaryImageOfPage\":{\"@id\":\"https:\\\/\\\/fuentesfidedignas.com.mx\\\/index.php\\\/2024\\\/10\\\/05\\\/muere-ifigenia-martinez-a-los-94-anos-quien-presidio-toma-de-protesta-de-claudia-sheinbaum\\\/#primaryimage\"},\"image\":{\"@id\":\"https:\\\/\\\/fuentesfidedignas.com.mx\\\/index.php\\\/2024\\\/10\\\/05\\\/muere-ifigenia-martinez-a-los-94-anos-quien-presidio-toma-de-protesta-de-claudia-sheinbaum\\\/#primaryimage\"},\"thumbnailUrl\":\"https:\\\/\\\/fuentesfidedignas.com.mx\\\/wp-content\\\/uploads\\\/2024\\\/10\\\/img_2966-1.jpg\",\"datePublished\":\"2024-10-06T04:53:39+00:00\",\"dateModified\":\"2024-10-06T05:23:17+00:00\",\"breadcrumb\":{\"@id\":\"https:\\\/\\\/fuentesfidedignas.com.mx\\\/index.php\\\/2024\\\/10\\\/05\\\/muere-ifigenia-martinez-a-los-94-anos-quien-presidio-toma-de-protesta-de-claudia-sheinbaum\\\/#breadcrumb\"},\"inLanguage\":\"es\",\"potentialAction\":[{\"@type\":\"ReadAction\",\"target\":[\"https:\\\/\\\/fuentesfidedignas.com.mx\\\/index.php\\\/2024\\\/10\\\/05\\\/muere-ifigenia-martinez-a-los-94-anos-quien-presidio-toma-de-protesta-de-claudia-sheinbaum\\\/\"]}]},{\"@type\":\"ImageObject\",\"inLanguage\":\"es\",\"@id\":\"https:\\\/\\\/fuentesfidedignas.com.mx\\\/index.php\\\/2024\\\/10\\\/05\\\/muere-ifigenia-martinez-a-los-94-anos-quien-presidio-toma-de-protesta-de-claudia-sheinbaum\\\/#primaryimage\",\"url\":\"https:\\\/\\\/fuentesfidedignas.com.mx\\\/wp-content\\\/uploads\\\/2024\\\/10\\\/img_2966-1.jpg\",\"contentUrl\":\"https:\\\/\\\/fuentesfidedignas.com.mx\\\/wp-content\\\/uploads\\\/2024\\\/10\\\/img_2966-1.jpg\",\"width\":1200,\"height\":675},{\"@type\":\"BreadcrumbList\",\"@id\":\"https:\\\/\\\/fuentesfidedignas.com.mx\\\/index.php\\\/2024\\\/10\\\/05\\\/muere-ifigenia-martinez-a-los-94-anos-quien-presidio-toma-de-protesta-de-claudia-sheinbaum\\\/#breadcrumb\",\"itemListElement\":[{\"@type\":\"ListItem\",\"position\":1,\"name\":\"Inicio\",\"item\":\"https:\\\/\\\/fuentesfidedignas.com.mx\\\/\"},{\"@type\":\"ListItem\",\"position\":2,\"name\":\"Muere Ifigenia Mart\u00ednez a los 94 a\u00f1os, quien presidi\u00f3 toma de protesta de Claudia Sheinbaum\"}]},{\"@type\":\"WebSite\",\"@id\":\"https:\\\/\\\/fuentesfidedignas.com.mx\\\/#website\",\"url\":\"https:\\\/\\\/fuentesfidedignas.com.mx\\\/\",\"name\":\"Fuentes Fidedignas\",\"description\":\"Otro sitio realizado con WordPress\",\"publisher\":{\"@id\":\"https:\\\/\\\/fuentesfidedignas.com.mx\\\/#organization\"},\"potentialAction\":[{\"@type\":\"SearchAction\",\"target\":{\"@type\":\"EntryPoint\",\"urlTemplate\":\"https:\\\/\\\/fuentesfidedignas.com.mx\\\/?s={search_term_string}\"},\"query-input\":{\"@type\":\"PropertyValueSpecification\",\"valueRequired\":true,\"valueName\":\"search_term_string\"}}],\"inLanguage\":\"es\"},{\"@type\":\"Organization\",\"@id\":\"https:\\\/\\\/fuentesfidedignas.com.mx\\\/#organization\",\"name\":\"Fuentes Fidedignas\",\"url\":\"https:\\\/\\\/fuentesfidedignas.com.mx\\\/\",\"logo\":{\"@type\":\"ImageObject\",\"inLanguage\":\"es\",\"@id\":\"https:\\\/\\\/fuentesfidedignas.com.mx\\\/#\\\/schema\\\/logo\\\/image\\\/\",\"url\":\"https:\\\/\\\/fuentesfidedignas.com.mx\\\/wp-content\\\/uploads\\\/2021\\\/04\\\/logo-retina.png\",\"contentUrl\":\"https:\\\/\\\/fuentesfidedignas.com.mx\\\/wp-content\\\/uploads\\\/2021\\\/04\\\/logo-retina.png\",\"width\":280,\"height\":51,\"caption\":\"Fuentes Fidedignas\"},\"image\":{\"@id\":\"https:\\\/\\\/fuentesfidedignas.com.mx\\\/#\\\/schema\\\/logo\\\/image\\\/\"},\"sameAs\":[\"https:\\\/\\\/www.facebook.com\\\/Fuentes-Fidedignas-368234489921644\",\"https:\\\/\\\/x.com\\\/fidedignas\"]},{\"@type\":\"Person\",\"@id\":\"https:\\\/\\\/fuentesfidedignas.com.mx\\\/#\\\/schema\\\/person\\\/47ec0135738f4b0c7495f06a77a2c976\",\"name\":\"Milenio\",\"image\":{\"@type\":\"ImageObject\",\"inLanguage\":\"es\",\"@id\":\"https:\\\/\\\/secure.gravatar.com\\\/avatar\\\/acabf7b54753e51c2c76457954577c236b3b764789b19879565769739d1e4a75?s=96&d=mm&r=g\",\"url\":\"https:\\\/\\\/secure.gravatar.com\\\/avatar\\\/acabf7b54753e51c2c76457954577c236b3b764789b19879565769739d1e4a75?s=96&d=mm&r=g\",\"contentUrl\":\"https:\\\/\\\/secure.gravatar.com\\\/avatar\\\/acabf7b54753e51c2c76457954577c236b3b764789b19879565769739d1e4a75?s=96&d=mm&r=g\",\"caption\":\"Milenio\"},\"url\":\"https:\\\/\\\/fuentesfidedignas.com.mx\\\/index.php\\\/author\\\/milenio\\\/\"}]}<\/script>\n<!-- \/ Yoast SEO plugin. -->","yoast_head_json":{"title":"Muere Ifigenia Mart\u00ednez a los 94 a\u00f1os, quien presidi\u00f3 toma de protesta de Claudia Sheinbaum - Fuentes Fidedignas","robots":{"index":"index","follow":"follow","max-snippet":"max-snippet:-1","max-image-preview":"max-image-preview:large","max-video-preview":"max-video-preview:-1"},"canonical":"https:\/\/fuentesfidedignas.com.mx\/index.php\/2024\/10\/05\/muere-ifigenia-martinez-a-los-94-anos-quien-presidio-toma-de-protesta-de-claudia-sheinbaum\/","og_locale":"es_MX","og_type":"article","og_title":"Muere Ifigenia Mart\u00ednez a los 94 a\u00f1os, quien presidi\u00f3 toma de protesta de Claudia Sheinbaum - Fuentes Fidedignas","og_description":"La reconocida maestra e integrante de la C\u00e1mara de Diputados perdi\u00f3 la vida, d\u00edas despu\u00e9s de encabezar la reciente llegada a la Presidencia de M\u00e9xico D\u00edas despu\u00e9s de encabezar la toma de protesta de Claudia Sheinbaum, se ha dado el fallecimiento de Ifigenia Mart\u00ednez, a los 99 a\u00f1os de edad, en una noticia que ha [&hellip;]","og_url":"https:\/\/fuentesfidedignas.com.mx\/index.php\/2024\/10\/05\/muere-ifigenia-martinez-a-los-94-anos-quien-presidio-toma-de-protesta-de-claudia-sheinbaum\/","og_site_name":"Fuentes Fidedignas","article_publisher":"https:\/\/www.facebook.com\/Fuentes-Fidedignas-368234489921644","article_published_time":"2024-10-06T04:53:39+00:00","article_modified_time":"2024-10-06T05:23:17+00:00","og_image":[{"width":1200,"height":675,"url":"https:\/\/fuentesfidedignas.com.mx\/wp-content\/uploads\/2024\/10\/img_2966-1.jpg","type":"image\/jpeg"}],"author":"Milenio","twitter_card":"summary_large_image","twitter_creator":"@fidedignas","twitter_site":"@fidedignas","twitter_misc":{"Escrito por":"Milenio","Tiempo de lectura":"1 minuto"},"schema":{"@context":"https:\/\/schema.org","@graph":[{"@type":"Article","@id":"https:\/\/fuentesfidedignas.com.mx\/index.php\/2024\/10\/05\/muere-ifigenia-martinez-a-los-94-anos-quien-presidio-toma-de-protesta-de-claudia-sheinbaum\/#article","isPartOf":{"@id":"https:\/\/fuentesfidedignas.com.mx\/index.php\/2024\/10\/05\/muere-ifigenia-martinez-a-los-94-anos-quien-presidio-toma-de-protesta-de-claudia-sheinbaum\/"},"author":{"name":"Milenio","@id":"https:\/\/fuentesfidedignas.com.mx\/#\/schema\/person\/47ec0135738f4b0c7495f06a77a2c976"},"headline":"Muere Ifigenia Mart\u00ednez a los 94 a\u00f1os, quien presidi\u00f3 toma de protesta de Claudia Sheinbaum","datePublished":"2024-10-06T04:53:39+00:00","dateModified":"2024-10-06T05:23:17+00:00","mainEntityOfPage":{"@id":"https:\/\/fuentesfidedignas.com.mx\/index.php\/2024\/10\/05\/muere-ifigenia-martinez-a-los-94-anos-quien-presidio-toma-de-protesta-de-claudia-sheinbaum\/"},"wordCount":288,"publisher":{"@id":"https:\/\/fuentesfidedignas.com.mx\/#organization"},"image":{"@id":"https:\/\/fuentesfidedignas.com.mx\/index.php\/2024\/10\/05\/muere-ifigenia-martinez-a-los-94-anos-quien-presidio-toma-de-protesta-de-claudia-sheinbaum\/#primaryimage"},"thumbnailUrl":"https:\/\/fuentesfidedignas.com.mx\/wp-content\/uploads\/2024\/10\/img_2966-1.jpg","articleSection":["NOTICIAS NACIONALES"],"inLanguage":"es"},{"@type":"WebPage","@id":"https:\/\/fuentesfidedignas.com.mx\/index.php\/2024\/10\/05\/muere-ifigenia-martinez-a-los-94-anos-quien-presidio-toma-de-protesta-de-claudia-sheinbaum\/","url":"https:\/\/fuentesfidedignas.com.mx\/index.php\/2024\/10\/05\/muere-ifigenia-martinez-a-los-94-anos-quien-presidio-toma-de-protesta-de-claudia-sheinbaum\/","name":"Muere Ifigenia Mart\u00ednez a los 94 a\u00f1os, quien presidi\u00f3 toma de protesta de Claudia Sheinbaum - Fuentes Fidedignas","isPartOf":{"@id":"https:\/\/fuentesfidedignas.com.mx\/#website"},"primaryImageOfPage":{"@id":"https:\/\/fuentesfidedignas.com.mx\/index.php\/2024\/10\/05\/muere-ifigenia-martinez-a-los-94-anos-quien-presidio-toma-de-protesta-de-claudia-sheinbaum\/#primaryimage"},"image":{"@id":"https:\/\/fuentesfidedignas.com.mx\/index.php\/2024\/10\/05\/muere-ifigenia-martinez-a-los-94-anos-quien-presidio-toma-de-protesta-de-claudia-sheinbaum\/#primaryimage"},"thumbnailUrl":"https:\/\/fuentesfidedignas.com.mx\/wp-content\/uploads\/2024\/10\/img_2966-1.jpg","datePublished":"2024-10-06T04:53:39+00:00","dateModified":"2024-10-06T05:23:17+00:00","breadcrumb":{"@id":"https:\/\/fuentesfidedignas.com.mx\/index.php\/2024\/10\/05\/muere-ifigenia-martinez-a-los-94-anos-quien-presidio-toma-de-protesta-de-claudia-sheinbaum\/#breadcrumb"},"inLanguage":"es","potentialAction":[{"@type":"ReadAction","target":["https:\/\/fuentesfidedignas.com.mx\/index.php\/2024\/10\/05\/muere-ifigenia-martinez-a-los-94-anos-quien-presidio-toma-de-protesta-de-claudia-sheinbaum\/"]}]},{"@type":"ImageObject","inLanguage":"es","@id":"https:\/\/fuentesfidedignas.com.mx\/index.php\/2024\/10\/05\/muere-ifigenia-martinez-a-los-94-anos-quien-presidio-toma-de-protesta-de-claudia-sheinbaum\/#primaryimage","url":"https:\/\/fuentesfidedignas.com.mx\/wp-content\/uploads\/2024\/10\/img_2966-1.jpg","contentUrl":"https:\/\/fuentesfidedignas.com.mx\/wp-content\/uploads\/2024\/10\/img_2966-1.jpg","width":1200,"height":675},{"@type":"BreadcrumbList","@id":"https:\/\/fuentesfidedignas.com.mx\/index.php\/2024\/10\/05\/muere-ifigenia-martinez-a-los-94-anos-quien-presidio-toma-de-protesta-de-claudia-sheinbaum\/#breadcrumb","itemListElement":[{"@type":"ListItem","position":1,"name":"Inicio","item":"https:\/\/fuentesfidedignas.com.mx\/"},{"@type":"ListItem","position":2,"name":"Muere Ifigenia Mart\u00ednez a los 94 a\u00f1os, quien presidi\u00f3 toma de protesta de Claudia Sheinbaum"}]},{"@type":"WebSite","@id":"https:\/\/fuentesfidedignas.com.mx\/#website","url":"https:\/\/fuentesfidedignas.com.mx\/","name":"Fuentes Fidedignas","description":"Otro sitio realizado con WordPress","publisher":{"@id":"https:\/\/fuentesfidedignas.com.mx\/#organization"},"potentialAction":[{"@type":"SearchAction","target":{"@type":"EntryPoint","urlTemplate":"https:\/\/fuentesfidedignas.com.mx\/?s={search_term_string}"},"query-input":{"@type":"PropertyValueSpecification","valueRequired":true,"valueName":"search_term_string"}}],"inLanguage":"es"},{"@type":"Organization","@id":"https:\/\/fuentesfidedignas.com.mx\/#organization","name":"Fuentes Fidedignas","url":"https:\/\/fuentesfidedignas.com.mx\/","logo":{"@type":"ImageObject","inLanguage":"es","@id":"https:\/\/fuentesfidedignas.com.mx\/#\/schema\/logo\/image\/","url":"https:\/\/fuentesfidedignas.com.mx\/wp-content\/uploads\/2021\/04\/logo-retina.png","contentUrl":"https:\/\/fuentesfidedignas.com.mx\/wp-content\/uploads\/2021\/04\/logo-retina.png","width":280,"height":51,"caption":"Fuentes Fidedignas"},"image":{"@id":"https:\/\/fuentesfidedignas.com.mx\/#\/schema\/logo\/image\/"},"sameAs":["https:\/\/www.facebook.com\/Fuentes-Fidedignas-368234489921644","https:\/\/x.com\/fidedignas"]},{"@type":"Person","@id":"https:\/\/fuentesfidedignas.com.mx\/#\/schema\/person\/47ec0135738f4b0c7495f06a77a2c976","name":"Milenio","image":{"@type":"ImageObject","inLanguage":"es","@id":"https:\/\/secure.gravatar.com\/avatar\/acabf7b54753e51c2c76457954577c236b3b764789b19879565769739d1e4a75?s=96&d=mm&r=g","url":"https:\/\/secure.gravatar.com\/avatar\/acabf7b54753e51c2c76457954577c236b3b764789b19879565769739d1e4a75?s=96&d=mm&r=g","contentUrl":"https:\/\/secure.gravatar.com\/avatar\/acabf7b54753e51c2c76457954577c236b3b764789b19879565769739d1e4a75?s=96&d=mm&r=g","caption":"Milenio"},"url":"https:\/\/fuentesfidedignas.com.mx\/index.php\/author\/milenio\/"}]}},"_links":{"self":[{"href":"https:\/\/fuentesfidedignas.com.mx\/index.php\/wp-json\/wp\/v2\/posts\/92684","targetHints":{"allow":["GET"]}}],"collection":[{"href":"https:\/\/fuentesfidedignas.com.mx\/index.php\/wp-json\/wp\/v2\/posts"}],"about":[{"href":"https:\/\/fuentesfidedignas.com.mx\/index.php\/wp-json\/wp\/v2\/types\/post"}],"author":[{"embeddable":true,"href":"https:\/\/fuentesfidedignas.com.mx\/index.php\/wp-json\/wp\/v2\/users\/9"}],"replies":[{"embeddable":true,"href":"https:\/\/fuentesfidedignas.com.mx\/index.php\/wp-json\/wp\/v2\/comments?post=92684"}],"version-history":[{"count":2,"href":"https:\/\/fuentesfidedignas.com.mx\/index.php\/wp-json\/wp\/v2\/posts\/92684\/revisions"}],"predecessor-version":[{"id":92686,"href":"https:\/\/fuentesfidedignas.com.mx\/index.php\/wp-json\/wp\/v2\/posts\/92684\/revisions\/92686"}],"wp:featuredmedia":[{"embeddable":true,"href":"https:\/\/fuentesfidedignas.com.mx\/index.php\/wp-json\/wp\/v2\/media\/92683"}],"wp:attachment":[{"href":"https:\/\/fuentesfidedignas.com.mx\/index.php\/wp-json\/wp\/v2\/media?parent=92684"}],"wp:term":[{"taxonomy":"category","embeddable":true,"href":"https:\/\/fuentesfidedignas.com.mx\/index.php\/wp-json\/wp\/v2\/categories?post=92684"},{"taxonomy":"post_tag","embeddable":true,"href":"https:\/\/fuentesfidedignas.com.mx\/index.php\/wp-json\/wp\/v2\/tags?post=92684"}],"curies":[{"name":"wp","href":"https:\/\/api.w.org\/{rel}","templated":true}]}}