{"id":92497,"date":"2024-10-03T07:45:11","date_gmt":"2024-10-03T14:45:11","guid":{"rendered":"https:\/\/fuentesfidedignas.com.mx\/?p=92497"},"modified":"2024-10-03T07:45:14","modified_gmt":"2024-10-03T14:45:14","slug":"como-registrarse-y-cuales-son-los-requisitos-de-la-pension-para-mujeres-de-60-a-64-anos","status":"publish","type":"post","link":"https:\/\/fuentesfidedignas.com.mx\/index.php\/2024\/10\/03\/como-registrarse-y-cuales-son-los-requisitos-de-la-pension-para-mujeres-de-60-a-64-anos\/","title":{"rendered":"\u00bfC\u00f3mo registrarse y cu\u00e1les son los requisitos de la pensi\u00f3n para mujeres de 60 a 64 a\u00f1os?"},"content":{"rendered":"\n<p><strong><em>El mecanismo de registro fue presentado en la conferencia matutina de Palacio Nacional.<\/em><\/strong><\/p>\n\n\n\n<p>La ma\u00f1ana de este jueves 3 de octubre, en la conferencia matutina de Claudia Sheinbaum Pardo se present\u00f3 el programa social &#8216;Pensi\u00f3n para el Bienestar de las Mujeres Adultas Mayores&#8217;.<\/p>\n\n\n\n<p>La secretaria del Bienestar,&nbsp;Ariadna Montiel Reyes, present\u00f3 este apoyo econ\u00f3mico&nbsp;para las mujeres de 60 a 64 a\u00f1os en reconocimiento a toda una vida de trabajo con el que buscan&nbsp;empoderarlas \u0443 brindarles autonom\u00eda econ\u00f3mica.<\/p>\n\n\n\n<p>&#8220;Esta pensi\u00f3n ser\u00e1 para el quintil de 60 a 64 a\u00f1os posteriormente ya tendr\u00e1n derecho a la pensi\u00f3n de adultos mayores, esta pensi\u00f3n podr\u00e1 comenzar a partir de 2025 atendiendo a las mujeres adultas de 63 a 64 a\u00f1os de manera universal&#8221;, dijo Montiel Reyes.\u00a0<\/p>\n\n\n\n<p>Este nuevo programa iniciar\u00e1 con atenci\u00f3n a mujeres de 63 a 64 a\u00f1os y a mujeres de municipios ind\u00edgenas y afroamexicanas de 60 a 64 a\u00f1os.<\/p>\n\n\n\n<p><strong>\u00bfCu\u00e1les son las fechas clave de la pensi\u00f3n para Mujeres Adultas Mayores?\u00a0<\/strong><br>El Registro se llevar\u00e1 a cabo del 7 de octubre al 30 de noviembre.<\/p>\n\n\n\n<p><strong>\u00bfD\u00f3nde estar\u00e1n los m\u00f3dulos de registro?\u00a0<\/strong><br>La secretaria de Bienestar inform\u00f3 que los m\u00f3dulos de registro se encontrar\u00e1n por lo menos uno en cada municipio y las interesadas en acceder al programa podr\u00e1n encontrarlos en gob.mx\/bienestar, para ubicar el m\u00e1s cercano.<\/p>\n\n\n\n<p>Cabe recordar que este sitio web quedar\u00e1 habilitado en el transcurso de este 3 de octubre.<\/p>\n\n\n\n<p><strong>\u00bfC\u00f3mo ser\u00e1 el registro?<\/strong><\/p>\n\n\n\n<ul class=\"wp-block-list\">\n<li>Lunes: A, B y C.<\/li>\n\n\n\n<li>Martes: D, E, F, G y H.<\/li>\n\n\n\n<li>Mi\u00e9rcoles: I, J, K, L y M.<\/li>\n\n\n\n<li>Jueves: N, \u00d1, O, P, Q y R.<\/li>\n\n\n\n<li>Viernes: S, T, U, V, W, X, Y y Z.<\/li>\n\n\n\n<li>S\u00e1bado: todas las anteriores.\u00a0<\/li>\n<\/ul>\n\n\n\n<p><strong>\u00bfQu\u00e9 documentos deben presentar las solicitantes?<\/strong><\/p>\n\n\n\n<ul class=\"wp-block-list\">\n<li>Identificaci\u00f3n oficial vigente (Credencial de elector, pasaporte, c\u00e9dula profesional, credencial INAPAM, carta de identidad)<\/li>\n\n\n\n<li>Acta de nacimiento legible.<\/li>\n\n\n\n<li>CURP (impresi\u00f3n reciente).<\/li>\n\n\n\n<li>Comprobante de domicilio (no mayor a 6 meses: tel\u00e9fono, luz, gas, agua, predio).\u00a0<\/li>\n\n\n\n<li>Tel\u00e9fono de contacto (celular y casa)\u00a0<\/li>\n\n\n\n<li>Llenar formato de Bienestar<\/li>\n<\/ul>\n\n\n\n<p><strong>\u00bfDe cu\u00e1nto es el monto de la Pensi\u00f3n para Adultas Mayores?<\/strong><br>En la conferencia ma\u00f1anera se inform\u00f3 que le benefici\u00f3 se entregar\u00e1 cada dos meses a partir de enero de 2025 a trav\u00e9s de la tarjeta del Banco de Bienestar con un monto de 3 mil pesos.\u00a0<\/p>\n","protected":false},"excerpt":{"rendered":"<p>El mecanismo de registro fue presentado en la conferencia matutina de Palacio Nacional. La ma\u00f1ana de este jueves 3 de octubre, en la conferencia matutina de Claudia Sheinbaum Pardo se present\u00f3 el programa social &#8216;Pensi\u00f3n para el Bienestar de las Mujeres Adultas Mayores&#8217;. La secretaria del Bienestar,&nbsp;Ariadna Montiel Reyes, present\u00f3 este apoyo econ\u00f3mico&nbsp;para las mujeres [&hellip;]<\/p>\n","protected":false},"author":9,"featured_media":92498,"comment_status":"open","ping_status":"open","sticky":false,"template":"","format":"standard","meta":{"tdm_status":"","tdm_grid_status":"","footnotes":""},"categories":[39],"tags":[],"class_list":{"0":"post-92497","1":"post","2":"type-post","3":"status-publish","4":"format-standard","5":"has-post-thumbnail","7":"category-noticias-nacionales"},"yoast_head":"<!-- This site is optimized with the Yoast SEO plugin v27.5 - https:\/\/yoast.com\/product\/yoast-seo-wordpress\/ -->\n<title>\u00bfC\u00f3mo registrarse y cu\u00e1les son los requisitos de la pensi\u00f3n para mujeres de 60 a 64 a\u00f1os? - Fuentes Fidedignas<\/title>\n<meta name=\"robots\" content=\"index, follow, max-snippet:-1, max-image-preview:large, max-video-preview:-1\" \/>\n<link rel=\"canonical\" href=\"https:\/\/fuentesfidedignas.com.mx\/index.php\/2024\/10\/03\/como-registrarse-y-cuales-son-los-requisitos-de-la-pension-para-mujeres-de-60-a-64-anos\/\" \/>\n<meta property=\"og:locale\" content=\"es_MX\" \/>\n<meta property=\"og:type\" content=\"article\" \/>\n<meta property=\"og:title\" content=\"\u00bfC\u00f3mo registrarse y cu\u00e1les son los requisitos de la pensi\u00f3n para mujeres de 60 a 64 a\u00f1os? - Fuentes Fidedignas\" \/>\n<meta property=\"og:description\" content=\"El mecanismo de registro fue presentado en la conferencia matutina de Palacio Nacional. La ma\u00f1ana de este jueves 3 de octubre, en la conferencia matutina de Claudia Sheinbaum Pardo se present\u00f3 el programa social &#8216;Pensi\u00f3n para el Bienestar de las Mujeres Adultas Mayores&#8217;. La secretaria del Bienestar,&nbsp;Ariadna Montiel Reyes, present\u00f3 este apoyo econ\u00f3mico&nbsp;para las mujeres [&hellip;]\" \/>\n<meta property=\"og:url\" content=\"https:\/\/fuentesfidedignas.com.mx\/index.php\/2024\/10\/03\/como-registrarse-y-cuales-son-los-requisitos-de-la-pension-para-mujeres-de-60-a-64-anos\/\" \/>\n<meta property=\"og:site_name\" content=\"Fuentes Fidedignas\" \/>\n<meta property=\"article:publisher\" content=\"https:\/\/www.facebook.com\/Fuentes-Fidedignas-368234489921644\" \/>\n<meta property=\"article:published_time\" content=\"2024-10-03T14:45:11+00:00\" \/>\n<meta property=\"article:modified_time\" content=\"2024-10-03T14:45:14+00:00\" \/>\n<meta property=\"og:image\" content=\"https:\/\/fuentesfidedignas.com.mx\/wp-content\/uploads\/2024\/10\/mujer_pension60.jpg\" \/>\n\t<meta property=\"og:image:width\" content=\"800\" \/>\n\t<meta property=\"og:image:height\" content=\"446\" \/>\n\t<meta property=\"og:image:type\" content=\"image\/jpeg\" \/>\n<meta name=\"author\" content=\"Milenio\" \/>\n<meta name=\"twitter:card\" content=\"summary_large_image\" \/>\n<meta name=\"twitter:creator\" content=\"@fidedignas\" \/>\n<meta name=\"twitter:site\" content=\"@fidedignas\" \/>\n<meta name=\"twitter:label1\" content=\"Escrito por\" \/>\n\t<meta name=\"twitter:data1\" content=\"Milenio\" \/>\n\t<meta name=\"twitter:label2\" content=\"Tiempo de lectura\" \/>\n\t<meta name=\"twitter:data2\" content=\"2 minutos\" \/>\n<script type=\"application\/ld+json\" class=\"yoast-schema-graph\">{\"@context\":\"https:\\\/\\\/schema.org\",\"@graph\":[{\"@type\":\"Article\",\"@id\":\"https:\\\/\\\/fuentesfidedignas.com.mx\\\/index.php\\\/2024\\\/10\\\/03\\\/como-registrarse-y-cuales-son-los-requisitos-de-la-pension-para-mujeres-de-60-a-64-anos\\\/#article\",\"isPartOf\":{\"@id\":\"https:\\\/\\\/fuentesfidedignas.com.mx\\\/index.php\\\/2024\\\/10\\\/03\\\/como-registrarse-y-cuales-son-los-requisitos-de-la-pension-para-mujeres-de-60-a-64-anos\\\/\"},\"author\":{\"name\":\"Milenio\",\"@id\":\"https:\\\/\\\/fuentesfidedignas.com.mx\\\/#\\\/schema\\\/person\\\/47ec0135738f4b0c7495f06a77a2c976\"},\"headline\":\"\u00bfC\u00f3mo registrarse y cu\u00e1les son los requisitos de la pensi\u00f3n para mujeres de 60 a 64 a\u00f1os?\",\"datePublished\":\"2024-10-03T14:45:11+00:00\",\"dateModified\":\"2024-10-03T14:45:14+00:00\",\"mainEntityOfPage\":{\"@id\":\"https:\\\/\\\/fuentesfidedignas.com.mx\\\/index.php\\\/2024\\\/10\\\/03\\\/como-registrarse-y-cuales-son-los-requisitos-de-la-pension-para-mujeres-de-60-a-64-anos\\\/\"},\"wordCount\":417,\"commentCount\":0,\"publisher\":{\"@id\":\"https:\\\/\\\/fuentesfidedignas.com.mx\\\/#organization\"},\"image\":{\"@id\":\"https:\\\/\\\/fuentesfidedignas.com.mx\\\/index.php\\\/2024\\\/10\\\/03\\\/como-registrarse-y-cuales-son-los-requisitos-de-la-pension-para-mujeres-de-60-a-64-anos\\\/#primaryimage\"},\"thumbnailUrl\":\"https:\\\/\\\/fuentesfidedignas.com.mx\\\/wp-content\\\/uploads\\\/2024\\\/10\\\/mujer_pension60.jpg\",\"articleSection\":[\"NOTICIAS NACIONALES\"],\"inLanguage\":\"es\",\"potentialAction\":[{\"@type\":\"CommentAction\",\"name\":\"Comment\",\"target\":[\"https:\\\/\\\/fuentesfidedignas.com.mx\\\/index.php\\\/2024\\\/10\\\/03\\\/como-registrarse-y-cuales-son-los-requisitos-de-la-pension-para-mujeres-de-60-a-64-anos\\\/#respond\"]}]},{\"@type\":\"WebPage\",\"@id\":\"https:\\\/\\\/fuentesfidedignas.com.mx\\\/index.php\\\/2024\\\/10\\\/03\\\/como-registrarse-y-cuales-son-los-requisitos-de-la-pension-para-mujeres-de-60-a-64-anos\\\/\",\"url\":\"https:\\\/\\\/fuentesfidedignas.com.mx\\\/index.php\\\/2024\\\/10\\\/03\\\/como-registrarse-y-cuales-son-los-requisitos-de-la-pension-para-mujeres-de-60-a-64-anos\\\/\",\"name\":\"\u00bfC\u00f3mo registrarse y cu\u00e1les son los requisitos de la pensi\u00f3n para mujeres de 60 a 64 a\u00f1os? - Fuentes Fidedignas\",\"isPartOf\":{\"@id\":\"https:\\\/\\\/fuentesfidedignas.com.mx\\\/#website\"},\"primaryImageOfPage\":{\"@id\":\"https:\\\/\\\/fuentesfidedignas.com.mx\\\/index.php\\\/2024\\\/10\\\/03\\\/como-registrarse-y-cuales-son-los-requisitos-de-la-pension-para-mujeres-de-60-a-64-anos\\\/#primaryimage\"},\"image\":{\"@id\":\"https:\\\/\\\/fuentesfidedignas.com.mx\\\/index.php\\\/2024\\\/10\\\/03\\\/como-registrarse-y-cuales-son-los-requisitos-de-la-pension-para-mujeres-de-60-a-64-anos\\\/#primaryimage\"},\"thumbnailUrl\":\"https:\\\/\\\/fuentesfidedignas.com.mx\\\/wp-content\\\/uploads\\\/2024\\\/10\\\/mujer_pension60.jpg\",\"datePublished\":\"2024-10-03T14:45:11+00:00\",\"dateModified\":\"2024-10-03T14:45:14+00:00\",\"breadcrumb\":{\"@id\":\"https:\\\/\\\/fuentesfidedignas.com.mx\\\/index.php\\\/2024\\\/10\\\/03\\\/como-registrarse-y-cuales-son-los-requisitos-de-la-pension-para-mujeres-de-60-a-64-anos\\\/#breadcrumb\"},\"inLanguage\":\"es\",\"potentialAction\":[{\"@type\":\"ReadAction\",\"target\":[\"https:\\\/\\\/fuentesfidedignas.com.mx\\\/index.php\\\/2024\\\/10\\\/03\\\/como-registrarse-y-cuales-son-los-requisitos-de-la-pension-para-mujeres-de-60-a-64-anos\\\/\"]}]},{\"@type\":\"ImageObject\",\"inLanguage\":\"es\",\"@id\":\"https:\\\/\\\/fuentesfidedignas.com.mx\\\/index.php\\\/2024\\\/10\\\/03\\\/como-registrarse-y-cuales-son-los-requisitos-de-la-pension-para-mujeres-de-60-a-64-anos\\\/#primaryimage\",\"url\":\"https:\\\/\\\/fuentesfidedignas.com.mx\\\/wp-content\\\/uploads\\\/2024\\\/10\\\/mujer_pension60.jpg\",\"contentUrl\":\"https:\\\/\\\/fuentesfidedignas.com.mx\\\/wp-content\\\/uploads\\\/2024\\\/10\\\/mujer_pension60.jpg\",\"width\":800,\"height\":446},{\"@type\":\"BreadcrumbList\",\"@id\":\"https:\\\/\\\/fuentesfidedignas.com.mx\\\/index.php\\\/2024\\\/10\\\/03\\\/como-registrarse-y-cuales-son-los-requisitos-de-la-pension-para-mujeres-de-60-a-64-anos\\\/#breadcrumb\",\"itemListElement\":[{\"@type\":\"ListItem\",\"position\":1,\"name\":\"Inicio\",\"item\":\"https:\\\/\\\/fuentesfidedignas.com.mx\\\/\"},{\"@type\":\"ListItem\",\"position\":2,\"name\":\"\u00bfC\u00f3mo registrarse y cu\u00e1les son los requisitos de la pensi\u00f3n para mujeres de 60 a 64 a\u00f1os?\"}]},{\"@type\":\"WebSite\",\"@id\":\"https:\\\/\\\/fuentesfidedignas.com.mx\\\/#website\",\"url\":\"https:\\\/\\\/fuentesfidedignas.com.mx\\\/\",\"name\":\"Fuentes Fidedignas\",\"description\":\"Otro sitio realizado con WordPress\",\"publisher\":{\"@id\":\"https:\\\/\\\/fuentesfidedignas.com.mx\\\/#organization\"},\"potentialAction\":[{\"@type\":\"SearchAction\",\"target\":{\"@type\":\"EntryPoint\",\"urlTemplate\":\"https:\\\/\\\/fuentesfidedignas.com.mx\\\/?s={search_term_string}\"},\"query-input\":{\"@type\":\"PropertyValueSpecification\",\"valueRequired\":true,\"valueName\":\"search_term_string\"}}],\"inLanguage\":\"es\"},{\"@type\":\"Organization\",\"@id\":\"https:\\\/\\\/fuentesfidedignas.com.mx\\\/#organization\",\"name\":\"Fuentes Fidedignas\",\"url\":\"https:\\\/\\\/fuentesfidedignas.com.mx\\\/\",\"logo\":{\"@type\":\"ImageObject\",\"inLanguage\":\"es\",\"@id\":\"https:\\\/\\\/fuentesfidedignas.com.mx\\\/#\\\/schema\\\/logo\\\/image\\\/\",\"url\":\"https:\\\/\\\/fuentesfidedignas.com.mx\\\/wp-content\\\/uploads\\\/2021\\\/04\\\/logo-retina.png\",\"contentUrl\":\"https:\\\/\\\/fuentesfidedignas.com.mx\\\/wp-content\\\/uploads\\\/2021\\\/04\\\/logo-retina.png\",\"width\":280,\"height\":51,\"caption\":\"Fuentes Fidedignas\"},\"image\":{\"@id\":\"https:\\\/\\\/fuentesfidedignas.com.mx\\\/#\\\/schema\\\/logo\\\/image\\\/\"},\"sameAs\":[\"https:\\\/\\\/www.facebook.com\\\/Fuentes-Fidedignas-368234489921644\",\"https:\\\/\\\/x.com\\\/fidedignas\"]},{\"@type\":\"Person\",\"@id\":\"https:\\\/\\\/fuentesfidedignas.com.mx\\\/#\\\/schema\\\/person\\\/47ec0135738f4b0c7495f06a77a2c976\",\"name\":\"Milenio\",\"image\":{\"@type\":\"ImageObject\",\"inLanguage\":\"es\",\"@id\":\"https:\\\/\\\/secure.gravatar.com\\\/avatar\\\/acabf7b54753e51c2c76457954577c236b3b764789b19879565769739d1e4a75?s=96&d=mm&r=g\",\"url\":\"https:\\\/\\\/secure.gravatar.com\\\/avatar\\\/acabf7b54753e51c2c76457954577c236b3b764789b19879565769739d1e4a75?s=96&d=mm&r=g\",\"contentUrl\":\"https:\\\/\\\/secure.gravatar.com\\\/avatar\\\/acabf7b54753e51c2c76457954577c236b3b764789b19879565769739d1e4a75?s=96&d=mm&r=g\",\"caption\":\"Milenio\"},\"url\":\"https:\\\/\\\/fuentesfidedignas.com.mx\\\/index.php\\\/author\\\/milenio\\\/\"}]}<\/script>\n<!-- \/ Yoast SEO plugin. -->","yoast_head_json":{"title":"\u00bfC\u00f3mo registrarse y cu\u00e1les son los requisitos de la pensi\u00f3n para mujeres de 60 a 64 a\u00f1os? - Fuentes Fidedignas","robots":{"index":"index","follow":"follow","max-snippet":"max-snippet:-1","max-image-preview":"max-image-preview:large","max-video-preview":"max-video-preview:-1"},"canonical":"https:\/\/fuentesfidedignas.com.mx\/index.php\/2024\/10\/03\/como-registrarse-y-cuales-son-los-requisitos-de-la-pension-para-mujeres-de-60-a-64-anos\/","og_locale":"es_MX","og_type":"article","og_title":"\u00bfC\u00f3mo registrarse y cu\u00e1les son los requisitos de la pensi\u00f3n para mujeres de 60 a 64 a\u00f1os? - Fuentes Fidedignas","og_description":"El mecanismo de registro fue presentado en la conferencia matutina de Palacio Nacional. La ma\u00f1ana de este jueves 3 de octubre, en la conferencia matutina de Claudia Sheinbaum Pardo se present\u00f3 el programa social &#8216;Pensi\u00f3n para el Bienestar de las Mujeres Adultas Mayores&#8217;. La secretaria del Bienestar,&nbsp;Ariadna Montiel Reyes, present\u00f3 este apoyo econ\u00f3mico&nbsp;para las mujeres [&hellip;]","og_url":"https:\/\/fuentesfidedignas.com.mx\/index.php\/2024\/10\/03\/como-registrarse-y-cuales-son-los-requisitos-de-la-pension-para-mujeres-de-60-a-64-anos\/","og_site_name":"Fuentes Fidedignas","article_publisher":"https:\/\/www.facebook.com\/Fuentes-Fidedignas-368234489921644","article_published_time":"2024-10-03T14:45:11+00:00","article_modified_time":"2024-10-03T14:45:14+00:00","og_image":[{"width":800,"height":446,"url":"https:\/\/fuentesfidedignas.com.mx\/wp-content\/uploads\/2024\/10\/mujer_pension60.jpg","type":"image\/jpeg"}],"author":"Milenio","twitter_card":"summary_large_image","twitter_creator":"@fidedignas","twitter_site":"@fidedignas","twitter_misc":{"Escrito por":"Milenio","Tiempo de lectura":"2 minutos"},"schema":{"@context":"https:\/\/schema.org","@graph":[{"@type":"Article","@id":"https:\/\/fuentesfidedignas.com.mx\/index.php\/2024\/10\/03\/como-registrarse-y-cuales-son-los-requisitos-de-la-pension-para-mujeres-de-60-a-64-anos\/#article","isPartOf":{"@id":"https:\/\/fuentesfidedignas.com.mx\/index.php\/2024\/10\/03\/como-registrarse-y-cuales-son-los-requisitos-de-la-pension-para-mujeres-de-60-a-64-anos\/"},"author":{"name":"Milenio","@id":"https:\/\/fuentesfidedignas.com.mx\/#\/schema\/person\/47ec0135738f4b0c7495f06a77a2c976"},"headline":"\u00bfC\u00f3mo registrarse y cu\u00e1les son los requisitos de la pensi\u00f3n para mujeres de 60 a 64 a\u00f1os?","datePublished":"2024-10-03T14:45:11+00:00","dateModified":"2024-10-03T14:45:14+00:00","mainEntityOfPage":{"@id":"https:\/\/fuentesfidedignas.com.mx\/index.php\/2024\/10\/03\/como-registrarse-y-cuales-son-los-requisitos-de-la-pension-para-mujeres-de-60-a-64-anos\/"},"wordCount":417,"commentCount":0,"publisher":{"@id":"https:\/\/fuentesfidedignas.com.mx\/#organization"},"image":{"@id":"https:\/\/fuentesfidedignas.com.mx\/index.php\/2024\/10\/03\/como-registrarse-y-cuales-son-los-requisitos-de-la-pension-para-mujeres-de-60-a-64-anos\/#primaryimage"},"thumbnailUrl":"https:\/\/fuentesfidedignas.com.mx\/wp-content\/uploads\/2024\/10\/mujer_pension60.jpg","articleSection":["NOTICIAS NACIONALES"],"inLanguage":"es","potentialAction":[{"@type":"CommentAction","name":"Comment","target":["https:\/\/fuentesfidedignas.com.mx\/index.php\/2024\/10\/03\/como-registrarse-y-cuales-son-los-requisitos-de-la-pension-para-mujeres-de-60-a-64-anos\/#respond"]}]},{"@type":"WebPage","@id":"https:\/\/fuentesfidedignas.com.mx\/index.php\/2024\/10\/03\/como-registrarse-y-cuales-son-los-requisitos-de-la-pension-para-mujeres-de-60-a-64-anos\/","url":"https:\/\/fuentesfidedignas.com.mx\/index.php\/2024\/10\/03\/como-registrarse-y-cuales-son-los-requisitos-de-la-pension-para-mujeres-de-60-a-64-anos\/","name":"\u00bfC\u00f3mo registrarse y cu\u00e1les son los requisitos de la pensi\u00f3n para mujeres de 60 a 64 a\u00f1os? - Fuentes Fidedignas","isPartOf":{"@id":"https:\/\/fuentesfidedignas.com.mx\/#website"},"primaryImageOfPage":{"@id":"https:\/\/fuentesfidedignas.com.mx\/index.php\/2024\/10\/03\/como-registrarse-y-cuales-son-los-requisitos-de-la-pension-para-mujeres-de-60-a-64-anos\/#primaryimage"},"image":{"@id":"https:\/\/fuentesfidedignas.com.mx\/index.php\/2024\/10\/03\/como-registrarse-y-cuales-son-los-requisitos-de-la-pension-para-mujeres-de-60-a-64-anos\/#primaryimage"},"thumbnailUrl":"https:\/\/fuentesfidedignas.com.mx\/wp-content\/uploads\/2024\/10\/mujer_pension60.jpg","datePublished":"2024-10-03T14:45:11+00:00","dateModified":"2024-10-03T14:45:14+00:00","breadcrumb":{"@id":"https:\/\/fuentesfidedignas.com.mx\/index.php\/2024\/10\/03\/como-registrarse-y-cuales-son-los-requisitos-de-la-pension-para-mujeres-de-60-a-64-anos\/#breadcrumb"},"inLanguage":"es","potentialAction":[{"@type":"ReadAction","target":["https:\/\/fuentesfidedignas.com.mx\/index.php\/2024\/10\/03\/como-registrarse-y-cuales-son-los-requisitos-de-la-pension-para-mujeres-de-60-a-64-anos\/"]}]},{"@type":"ImageObject","inLanguage":"es","@id":"https:\/\/fuentesfidedignas.com.mx\/index.php\/2024\/10\/03\/como-registrarse-y-cuales-son-los-requisitos-de-la-pension-para-mujeres-de-60-a-64-anos\/#primaryimage","url":"https:\/\/fuentesfidedignas.com.mx\/wp-content\/uploads\/2024\/10\/mujer_pension60.jpg","contentUrl":"https:\/\/fuentesfidedignas.com.mx\/wp-content\/uploads\/2024\/10\/mujer_pension60.jpg","width":800,"height":446},{"@type":"BreadcrumbList","@id":"https:\/\/fuentesfidedignas.com.mx\/index.php\/2024\/10\/03\/como-registrarse-y-cuales-son-los-requisitos-de-la-pension-para-mujeres-de-60-a-64-anos\/#breadcrumb","itemListElement":[{"@type":"ListItem","position":1,"name":"Inicio","item":"https:\/\/fuentesfidedignas.com.mx\/"},{"@type":"ListItem","position":2,"name":"\u00bfC\u00f3mo registrarse y cu\u00e1les son los requisitos de la pensi\u00f3n para mujeres de 60 a 64 a\u00f1os?"}]},{"@type":"WebSite","@id":"https:\/\/fuentesfidedignas.com.mx\/#website","url":"https:\/\/fuentesfidedignas.com.mx\/","name":"Fuentes Fidedignas","description":"Otro sitio realizado con WordPress","publisher":{"@id":"https:\/\/fuentesfidedignas.com.mx\/#organization"},"potentialAction":[{"@type":"SearchAction","target":{"@type":"EntryPoint","urlTemplate":"https:\/\/fuentesfidedignas.com.mx\/?s={search_term_string}"},"query-input":{"@type":"PropertyValueSpecification","valueRequired":true,"valueName":"search_term_string"}}],"inLanguage":"es"},{"@type":"Organization","@id":"https:\/\/fuentesfidedignas.com.mx\/#organization","name":"Fuentes Fidedignas","url":"https:\/\/fuentesfidedignas.com.mx\/","logo":{"@type":"ImageObject","inLanguage":"es","@id":"https:\/\/fuentesfidedignas.com.mx\/#\/schema\/logo\/image\/","url":"https:\/\/fuentesfidedignas.com.mx\/wp-content\/uploads\/2021\/04\/logo-retina.png","contentUrl":"https:\/\/fuentesfidedignas.com.mx\/wp-content\/uploads\/2021\/04\/logo-retina.png","width":280,"height":51,"caption":"Fuentes Fidedignas"},"image":{"@id":"https:\/\/fuentesfidedignas.com.mx\/#\/schema\/logo\/image\/"},"sameAs":["https:\/\/www.facebook.com\/Fuentes-Fidedignas-368234489921644","https:\/\/x.com\/fidedignas"]},{"@type":"Person","@id":"https:\/\/fuentesfidedignas.com.mx\/#\/schema\/person\/47ec0135738f4b0c7495f06a77a2c976","name":"Milenio","image":{"@type":"ImageObject","inLanguage":"es","@id":"https:\/\/secure.gravatar.com\/avatar\/acabf7b54753e51c2c76457954577c236b3b764789b19879565769739d1e4a75?s=96&d=mm&r=g","url":"https:\/\/secure.gravatar.com\/avatar\/acabf7b54753e51c2c76457954577c236b3b764789b19879565769739d1e4a75?s=96&d=mm&r=g","contentUrl":"https:\/\/secure.gravatar.com\/avatar\/acabf7b54753e51c2c76457954577c236b3b764789b19879565769739d1e4a75?s=96&d=mm&r=g","caption":"Milenio"},"url":"https:\/\/fuentesfidedignas.com.mx\/index.php\/author\/milenio\/"}]}},"_links":{"self":[{"href":"https:\/\/fuentesfidedignas.com.mx\/index.php\/wp-json\/wp\/v2\/posts\/92497","targetHints":{"allow":["GET"]}}],"collection":[{"href":"https:\/\/fuentesfidedignas.com.mx\/index.php\/wp-json\/wp\/v2\/posts"}],"about":[{"href":"https:\/\/fuentesfidedignas.com.mx\/index.php\/wp-json\/wp\/v2\/types\/post"}],"author":[{"embeddable":true,"href":"https:\/\/fuentesfidedignas.com.mx\/index.php\/wp-json\/wp\/v2\/users\/9"}],"replies":[{"embeddable":true,"href":"https:\/\/fuentesfidedignas.com.mx\/index.php\/wp-json\/wp\/v2\/comments?post=92497"}],"version-history":[{"count":1,"href":"https:\/\/fuentesfidedignas.com.mx\/index.php\/wp-json\/wp\/v2\/posts\/92497\/revisions"}],"predecessor-version":[{"id":92499,"href":"https:\/\/fuentesfidedignas.com.mx\/index.php\/wp-json\/wp\/v2\/posts\/92497\/revisions\/92499"}],"wp:featuredmedia":[{"embeddable":true,"href":"https:\/\/fuentesfidedignas.com.mx\/index.php\/wp-json\/wp\/v2\/media\/92498"}],"wp:attachment":[{"href":"https:\/\/fuentesfidedignas.com.mx\/index.php\/wp-json\/wp\/v2\/media?parent=92497"}],"wp:term":[{"taxonomy":"category","embeddable":true,"href":"https:\/\/fuentesfidedignas.com.mx\/index.php\/wp-json\/wp\/v2\/categories?post=92497"},{"taxonomy":"post_tag","embeddable":true,"href":"https:\/\/fuentesfidedignas.com.mx\/index.php\/wp-json\/wp\/v2\/tags?post=92497"}],"curies":[{"name":"wp","href":"https:\/\/api.w.org\/{rel}","templated":true}]}}