{"id":92476,"date":"2024-10-03T04:18:00","date_gmt":"2024-10-03T11:18:00","guid":{"rendered":"https:\/\/fuentesfidedignas.com.mx\/?p=92476"},"modified":"2024-10-02T19:32:28","modified_gmt":"2024-10-03T02:32:28","slug":"le-ofrecieron-1-mdp-por-el-reloj-rifado-por-amlo-en-su-ultima-mananera-pero-el-periodista-rechazo","status":"publish","type":"post","link":"https:\/\/fuentesfidedignas.com.mx\/index.php\/2024\/10\/03\/le-ofrecieron-1-mdp-por-el-reloj-rifado-por-amlo-en-su-ultima-mananera-pero-el-periodista-rechazo\/","title":{"rendered":"Le ofrecieron 1 mdp por el reloj rifado por AMLO en su \u00faltima &#8220;ma\u00f1anera&#8221;, pero el periodista rechaz\u00f3"},"content":{"rendered":"\n<p><strong><em>Otros periodistas y colegas en la misma ma\u00f1anera intentaron comprarle el accesorio, pero el ganador prefiri\u00f3 conservarlo como un recuerdo invaluable.<\/em><\/strong><\/p>\n\n\n\n<p>M\u00c9XICO.- \u2014 Julio Omar G\u00f3mez, un periodista del medio Sin Puntos ni Comas TV de Baja California, se convirti\u00f3 en el centro de atenci\u00f3n al ganar el reloj del expresidente Andr\u00e9s Manuel L\u00f3pez Obrador (AMLO), durante una rifa simb\u00f3lica en la \u00faltima conferencia de prensa del exmandatario.<\/p>\n\n\n\n<p>Lo que inici\u00f3 como un gesto de agradecimiento, r\u00e1pidamente escal\u00f3 en valor cuando G\u00f3mez recibi\u00f3 ofertas millonarias por el reloj, alcanzando un m\u00e1ximo de un mill\u00f3n de pesos.<\/p>\n\n\n\n<p><strong>La \u00faltima ma\u00f1anera de AMLO: un gesto simb\u00f3lico<\/strong><br>El 30 de septiembre, AMLO realiz\u00f3 su \u00faltima conferencia de prensa matutina, poniendo fin a sus populares \u2018ma\u00f1aneras\u2019. En este evento final, el exmandatario cumpli\u00f3 con la promesa de rifar su reloj personal, un objeto que lo acompa\u00f1\u00f3 durante su vida cotidiana.<\/p>\n\n\n\n<p>La rifa se realiz\u00f3 entre 86 periodistas y fot\u00f3grafos que asistieron regularmente a las conferencias en Palacio Nacional, y fue una periodista quien sac\u00f3 el papel con el nombre del ganador: Julio Omar G\u00f3mez. Emocionado, el periodista subi\u00f3 al estrado, abraz\u00f3 al expresidente y recibi\u00f3 el reloj.<\/p>\n\n\n\n<figure class=\"wp-block-embed is-type-rich is-provider-twitter wp-block-embed-twitter\"><div class=\"wp-block-embed__wrapper\">\n<blockquote class=\"twitter-tweet\" data-width=\"550\" data-dnt=\"true\"><p lang=\"es\" dir=\"ltr\"><a href=\"https:\/\/twitter.com\/hashtag\/AMLO?src=hash&amp;ref_src=twsrc%5Etfw\">#AMLO<\/a> sorte\u00f3 en su \u00faltima ma\u00f1anera su pol\u00e9mico reloj entre los reporteros que fueron constantes durante sus conferencias matutinas en el sexenio. <br><br>El ganador fue Julio Omar G\u00f3mez, de Sin Punto ni Coma, de Baja California.<br><br>\ud83d\udcf9: Abdiel Ortega<a href=\"https:\/\/twitter.com\/hashtag\/%C3%9AltimaMa%C3%B1anera?src=hash&amp;ref_src=twsrc%5Etfw\">#\u00daltimaMa\u00f1anera<\/a> <a href=\"https:\/\/twitter.com\/hashtag\/PalacioNacional?src=hash&amp;ref_src=twsrc%5Etfw\">#PalacioNacional<\/a> <a href=\"https:\/\/t.co\/GImCafXDsC\">pic.twitter.com\/GImCafXDsC<\/a><\/p>&mdash; EL IMPARCIAL (@elimparcialcom) <a href=\"https:\/\/twitter.com\/elimparcialcom\/status\/1840767531411190163?ref_src=twsrc%5Etfw\">September 30, 2024<\/a><\/blockquote><script async src=\"https:\/\/platform.twitter.com\/widgets.js\" charset=\"utf-8\"><\/script>\n<\/div><\/figure>\n\n\n\n<p><strong>Un reloj con valor incalculable<\/strong><br>El reloj rifado hab\u00eda sido tema de controversia cuando se difundi\u00f3 que su valor superaba los 100 mil pesos. AMLO desminti\u00f3 estos rumores, aclarando que se trataba de un modelo Momentum, cuyo costo real era de alrededor de 2 mil pesos.<\/p>\n\n\n\n<p>Julio Omar G\u00f3mez, al recibirlo, no tard\u00f3 en darse cuenta del inter\u00e9s que despertaba entre sus colegas periodistas. \u201cRecib\u00ed ofertas en plena conferencia\u201d, comparti\u00f3 el periodista, quien detall\u00f3 que las propuestas iniciales iban desde los 10 mil hasta los 100 mil pesos.<\/p>\n\n\n\n<p>Sin embargo, la oferta m\u00e1s alta y sorprendente lleg\u00f3 a un mill\u00f3n de pesos, una suma considerable por un objeto que el propio AMLO hab\u00eda descrito como simple y cotidiano.<\/p>\n\n\n\n<p>\u201cLa (oferta) m\u00e1s absurda que me hicieron, ah\u00ed mismo en la conferencia, (fue) de unos compa\u00f1eros, fue de 10 (mil), 20, 50, 100 (mil) y ya la \u00faltima oferta fue de un mill\u00f3n de pesos\u201d, relat\u00f3 a un medio local.<\/p>\n\n\n\n<p><strong>G\u00f3mez rechaza las ofertas: \u201cEl valor es incalculable\u201d<\/strong><br>A pesar de las atractivas ofertas, Julio Omar G\u00f3mez decidi\u00f3 no vender el reloj. Para \u00e9l, el valor sentimental del objeto \u201ces incalculable\u201d, y supera con creces cualquier suma econ\u00f3mica.<\/p>\n\n\n\n<p>\u201cMe dijeron \u2018ese reloj es para Baja California Sur, se queda en Baja California Sur\u2019. Y yo contest\u00e9: \u2018Por supuesto, \u00bfpor qu\u00e9 no? Soy de all\u00e1\u2019\u201d, relat\u00f3.<\/p>\n\n\n\n<blockquote class=\"twitter-tweet\"><p lang=\"es\" dir=\"ltr\"><a href=\"https:\/\/twitter.com\/hashtag\/ConferenciaMa%C3%B1anera?src=hash&amp;ref_src=twsrc%5Etfw\">#ConferenciaMa\u00f1anera<\/a>. El periodista de Baja California Sur, Julio Omar Gomez, feliz al ganar el sorteo del reloj de la cuarta transformaci\u00f3n de <a href=\"https:\/\/twitter.com\/lopezobrador_?ref_src=twsrc%5Etfw\">@lopezobrador_<\/a> <a href=\"https:\/\/t.co\/0tetO2bddD\">pic.twitter.com\/0tetO2bddD<\/a><\/p>&mdash; Jenaro Villamil (@jenarovillamil) <a href=\"https:\/\/twitter.com\/jenarovillamil\/status\/1840761769234489770?ref_src=twsrc%5Etfw\">September 30, 2024<\/a><\/blockquote> <script async src=\"https:\/\/platform.twitter.com\/widgets.js\" charset=\"utf-8\"><\/script>\n\n\n\n<p>Adem\u00e1s, el periodista explic\u00f3 que, m\u00e1s all\u00e1 del objeto en s\u00ed, lo que realmente lo llen\u00f3 de emoci\u00f3n fue la oportunidad de acercarse al expresidente, a quien abraz\u00f3 con afecto.<\/p>\n\n\n\n<p>\u201cCorr\u00ed a abrazarlo, le dije que le quer\u00eda mucho y que el objeto era como un plus. (\u2026) Me llen\u00f3 de mucha emoci\u00f3n\u201d, a\u00f1adi\u00f3 G\u00f3mez, quien se mostr\u00f3 visiblemente conmovido por el encuentro.<\/p>\n\n\n\n<p><strong>AMLO y su relaci\u00f3n con los periodistas: un cierre simb\u00f3lico<\/strong><br>La relaci\u00f3n de AMLO con los periodistas fue una constante durante su mandato. Las conferencias matutinas, conocidas como las \u2018ma\u00f1aneras\u2019, se convirtieron en una plataforma diaria de interacci\u00f3n con la prensa, a la que el expresidente sol\u00eda referirse de manera cr\u00edtica pero tambi\u00e9n cercana.<\/p>\n\n\n\n<p>La rifa de su reloj personal fue vista como un gesto de agradecimiento a aquellos periodistas que lo acompa\u00f1aron a lo largo de los a\u00f1os, cubriendo sus conferencias y contribuyendo a la difusi\u00f3n de sus mensajes.<\/p>\n","protected":false},"excerpt":{"rendered":"<p>Otros periodistas y colegas en la misma ma\u00f1anera intentaron comprarle el accesorio, pero el ganador prefiri\u00f3 conservarlo como un recuerdo invaluable. M\u00c9XICO.- \u2014 Julio Omar G\u00f3mez, un periodista del medio Sin Puntos ni Comas TV de Baja California, se convirti\u00f3 en el centro de atenci\u00f3n al ganar el reloj del expresidente Andr\u00e9s Manuel L\u00f3pez Obrador [&hellip;]<\/p>\n","protected":false},"author":40,"featured_media":92477,"comment_status":"open","ping_status":"open","sticky":false,"template":"","format":"standard","meta":{"tdm_status":"","tdm_grid_status":"","footnotes":""},"categories":[40],"tags":[],"class_list":{"0":"post-92476","1":"post","2":"type-post","3":"status-publish","4":"format-standard","5":"has-post-thumbnail","7":"category-las-asombrosas"},"yoast_head":"<!-- This site is optimized with the Yoast SEO plugin v27.5 - https:\/\/yoast.com\/product\/yoast-seo-wordpress\/ -->\n<title>Le ofrecieron 1 mdp por el reloj rifado por AMLO en su \u00faltima &quot;ma\u00f1anera&quot;, pero el periodista rechaz\u00f3 - Fuentes Fidedignas<\/title>\n<meta name=\"robots\" content=\"index, follow, max-snippet:-1, max-image-preview:large, max-video-preview:-1\" \/>\n<link rel=\"canonical\" href=\"https:\/\/fuentesfidedignas.com.mx\/index.php\/2024\/10\/03\/le-ofrecieron-1-mdp-por-el-reloj-rifado-por-amlo-en-su-ultima-mananera-pero-el-periodista-rechazo\/\" \/>\n<meta property=\"og:locale\" content=\"es_MX\" \/>\n<meta property=\"og:type\" content=\"article\" \/>\n<meta property=\"og:title\" content=\"Le ofrecieron 1 mdp por el reloj rifado por AMLO en su \u00faltima &quot;ma\u00f1anera&quot;, pero el periodista rechaz\u00f3 - Fuentes Fidedignas\" \/>\n<meta property=\"og:description\" content=\"Otros periodistas y colegas en la misma ma\u00f1anera intentaron comprarle el accesorio, pero el ganador prefiri\u00f3 conservarlo como un recuerdo invaluable. M\u00c9XICO.- \u2014 Julio Omar G\u00f3mez, un periodista del medio Sin Puntos ni Comas TV de Baja California, se convirti\u00f3 en el centro de atenci\u00f3n al ganar el reloj del expresidente Andr\u00e9s Manuel L\u00f3pez Obrador [&hellip;]\" \/>\n<meta property=\"og:url\" content=\"https:\/\/fuentesfidedignas.com.mx\/index.php\/2024\/10\/03\/le-ofrecieron-1-mdp-por-el-reloj-rifado-por-amlo-en-su-ultima-mananera-pero-el-periodista-rechazo\/\" \/>\n<meta property=\"og:site_name\" content=\"Fuentes Fidedignas\" \/>\n<meta property=\"article:publisher\" content=\"https:\/\/www.facebook.com\/Fuentes-Fidedignas-368234489921644\" \/>\n<meta property=\"article:published_time\" content=\"2024-10-03T11:18:00+00:00\" \/>\n<meta property=\"og:image\" content=\"https:\/\/fuentesfidedignas.com.mx\/wp-content\/uploads\/2024\/10\/amlo_reloj.jpg\" \/>\n\t<meta property=\"og:image:width\" content=\"650\" \/>\n\t<meta property=\"og:image:height\" content=\"395\" \/>\n\t<meta property=\"og:image:type\" content=\"image\/jpeg\" \/>\n<meta name=\"author\" content=\"El Imparcial\" \/>\n<meta name=\"twitter:card\" content=\"summary_large_image\" \/>\n<meta name=\"twitter:creator\" content=\"@fidedignas\" \/>\n<meta name=\"twitter:site\" content=\"@fidedignas\" \/>\n<meta name=\"twitter:label1\" content=\"Escrito por\" \/>\n\t<meta name=\"twitter:data1\" content=\"El Imparcial\" \/>\n\t<meta name=\"twitter:label2\" content=\"Tiempo de lectura\" \/>\n\t<meta name=\"twitter:data2\" content=\"3 minutos\" \/>\n<script type=\"application\/ld+json\" class=\"yoast-schema-graph\">{\"@context\":\"https:\\\/\\\/schema.org\",\"@graph\":[{\"@type\":\"Article\",\"@id\":\"https:\\\/\\\/fuentesfidedignas.com.mx\\\/index.php\\\/2024\\\/10\\\/03\\\/le-ofrecieron-1-mdp-por-el-reloj-rifado-por-amlo-en-su-ultima-mananera-pero-el-periodista-rechazo\\\/#article\",\"isPartOf\":{\"@id\":\"https:\\\/\\\/fuentesfidedignas.com.mx\\\/index.php\\\/2024\\\/10\\\/03\\\/le-ofrecieron-1-mdp-por-el-reloj-rifado-por-amlo-en-su-ultima-mananera-pero-el-periodista-rechazo\\\/\"},\"author\":{\"name\":\"El Imparcial\",\"@id\":\"https:\\\/\\\/fuentesfidedignas.com.mx\\\/#\\\/schema\\\/person\\\/ff4db17f8fd9c584e0cfc2a0c436b8a1\"},\"headline\":\"Le ofrecieron 1 mdp por el reloj rifado por AMLO en su \u00faltima &#8220;ma\u00f1anera&#8221;, pero el periodista rechaz\u00f3\",\"datePublished\":\"2024-10-03T11:18:00+00:00\",\"mainEntityOfPage\":{\"@id\":\"https:\\\/\\\/fuentesfidedignas.com.mx\\\/index.php\\\/2024\\\/10\\\/03\\\/le-ofrecieron-1-mdp-por-el-reloj-rifado-por-amlo-en-su-ultima-mananera-pero-el-periodista-rechazo\\\/\"},\"wordCount\":662,\"commentCount\":0,\"publisher\":{\"@id\":\"https:\\\/\\\/fuentesfidedignas.com.mx\\\/#organization\"},\"image\":{\"@id\":\"https:\\\/\\\/fuentesfidedignas.com.mx\\\/index.php\\\/2024\\\/10\\\/03\\\/le-ofrecieron-1-mdp-por-el-reloj-rifado-por-amlo-en-su-ultima-mananera-pero-el-periodista-rechazo\\\/#primaryimage\"},\"thumbnailUrl\":\"https:\\\/\\\/fuentesfidedignas.com.mx\\\/wp-content\\\/uploads\\\/2024\\\/10\\\/amlo_reloj.jpg\",\"articleSection\":[\"LAS ASOMBROSAS\"],\"inLanguage\":\"es\",\"potentialAction\":[{\"@type\":\"CommentAction\",\"name\":\"Comment\",\"target\":[\"https:\\\/\\\/fuentesfidedignas.com.mx\\\/index.php\\\/2024\\\/10\\\/03\\\/le-ofrecieron-1-mdp-por-el-reloj-rifado-por-amlo-en-su-ultima-mananera-pero-el-periodista-rechazo\\\/#respond\"]}]},{\"@type\":\"WebPage\",\"@id\":\"https:\\\/\\\/fuentesfidedignas.com.mx\\\/index.php\\\/2024\\\/10\\\/03\\\/le-ofrecieron-1-mdp-por-el-reloj-rifado-por-amlo-en-su-ultima-mananera-pero-el-periodista-rechazo\\\/\",\"url\":\"https:\\\/\\\/fuentesfidedignas.com.mx\\\/index.php\\\/2024\\\/10\\\/03\\\/le-ofrecieron-1-mdp-por-el-reloj-rifado-por-amlo-en-su-ultima-mananera-pero-el-periodista-rechazo\\\/\",\"name\":\"Le ofrecieron 1 mdp por el reloj rifado por AMLO en su \u00faltima \\\"ma\u00f1anera\\\", pero el periodista rechaz\u00f3 - Fuentes Fidedignas\",\"isPartOf\":{\"@id\":\"https:\\\/\\\/fuentesfidedignas.com.mx\\\/#website\"},\"primaryImageOfPage\":{\"@id\":\"https:\\\/\\\/fuentesfidedignas.com.mx\\\/index.php\\\/2024\\\/10\\\/03\\\/le-ofrecieron-1-mdp-por-el-reloj-rifado-por-amlo-en-su-ultima-mananera-pero-el-periodista-rechazo\\\/#primaryimage\"},\"image\":{\"@id\":\"https:\\\/\\\/fuentesfidedignas.com.mx\\\/index.php\\\/2024\\\/10\\\/03\\\/le-ofrecieron-1-mdp-por-el-reloj-rifado-por-amlo-en-su-ultima-mananera-pero-el-periodista-rechazo\\\/#primaryimage\"},\"thumbnailUrl\":\"https:\\\/\\\/fuentesfidedignas.com.mx\\\/wp-content\\\/uploads\\\/2024\\\/10\\\/amlo_reloj.jpg\",\"datePublished\":\"2024-10-03T11:18:00+00:00\",\"breadcrumb\":{\"@id\":\"https:\\\/\\\/fuentesfidedignas.com.mx\\\/index.php\\\/2024\\\/10\\\/03\\\/le-ofrecieron-1-mdp-por-el-reloj-rifado-por-amlo-en-su-ultima-mananera-pero-el-periodista-rechazo\\\/#breadcrumb\"},\"inLanguage\":\"es\",\"potentialAction\":[{\"@type\":\"ReadAction\",\"target\":[\"https:\\\/\\\/fuentesfidedignas.com.mx\\\/index.php\\\/2024\\\/10\\\/03\\\/le-ofrecieron-1-mdp-por-el-reloj-rifado-por-amlo-en-su-ultima-mananera-pero-el-periodista-rechazo\\\/\"]}]},{\"@type\":\"ImageObject\",\"inLanguage\":\"es\",\"@id\":\"https:\\\/\\\/fuentesfidedignas.com.mx\\\/index.php\\\/2024\\\/10\\\/03\\\/le-ofrecieron-1-mdp-por-el-reloj-rifado-por-amlo-en-su-ultima-mananera-pero-el-periodista-rechazo\\\/#primaryimage\",\"url\":\"https:\\\/\\\/fuentesfidedignas.com.mx\\\/wp-content\\\/uploads\\\/2024\\\/10\\\/amlo_reloj.jpg\",\"contentUrl\":\"https:\\\/\\\/fuentesfidedignas.com.mx\\\/wp-content\\\/uploads\\\/2024\\\/10\\\/amlo_reloj.jpg\",\"width\":650,\"height\":395},{\"@type\":\"BreadcrumbList\",\"@id\":\"https:\\\/\\\/fuentesfidedignas.com.mx\\\/index.php\\\/2024\\\/10\\\/03\\\/le-ofrecieron-1-mdp-por-el-reloj-rifado-por-amlo-en-su-ultima-mananera-pero-el-periodista-rechazo\\\/#breadcrumb\",\"itemListElement\":[{\"@type\":\"ListItem\",\"position\":1,\"name\":\"Inicio\",\"item\":\"https:\\\/\\\/fuentesfidedignas.com.mx\\\/\"},{\"@type\":\"ListItem\",\"position\":2,\"name\":\"Le ofrecieron 1 mdp por el reloj rifado por AMLO en su \u00faltima &#8220;ma\u00f1anera&#8221;, pero el periodista rechaz\u00f3\"}]},{\"@type\":\"WebSite\",\"@id\":\"https:\\\/\\\/fuentesfidedignas.com.mx\\\/#website\",\"url\":\"https:\\\/\\\/fuentesfidedignas.com.mx\\\/\",\"name\":\"Fuentes Fidedignas\",\"description\":\"Otro sitio realizado con WordPress\",\"publisher\":{\"@id\":\"https:\\\/\\\/fuentesfidedignas.com.mx\\\/#organization\"},\"potentialAction\":[{\"@type\":\"SearchAction\",\"target\":{\"@type\":\"EntryPoint\",\"urlTemplate\":\"https:\\\/\\\/fuentesfidedignas.com.mx\\\/?s={search_term_string}\"},\"query-input\":{\"@type\":\"PropertyValueSpecification\",\"valueRequired\":true,\"valueName\":\"search_term_string\"}}],\"inLanguage\":\"es\"},{\"@type\":\"Organization\",\"@id\":\"https:\\\/\\\/fuentesfidedignas.com.mx\\\/#organization\",\"name\":\"Fuentes Fidedignas\",\"url\":\"https:\\\/\\\/fuentesfidedignas.com.mx\\\/\",\"logo\":{\"@type\":\"ImageObject\",\"inLanguage\":\"es\",\"@id\":\"https:\\\/\\\/fuentesfidedignas.com.mx\\\/#\\\/schema\\\/logo\\\/image\\\/\",\"url\":\"https:\\\/\\\/fuentesfidedignas.com.mx\\\/wp-content\\\/uploads\\\/2021\\\/04\\\/logo-retina.png\",\"contentUrl\":\"https:\\\/\\\/fuentesfidedignas.com.mx\\\/wp-content\\\/uploads\\\/2021\\\/04\\\/logo-retina.png\",\"width\":280,\"height\":51,\"caption\":\"Fuentes Fidedignas\"},\"image\":{\"@id\":\"https:\\\/\\\/fuentesfidedignas.com.mx\\\/#\\\/schema\\\/logo\\\/image\\\/\"},\"sameAs\":[\"https:\\\/\\\/www.facebook.com\\\/Fuentes-Fidedignas-368234489921644\",\"https:\\\/\\\/x.com\\\/fidedignas\"]},{\"@type\":\"Person\",\"@id\":\"https:\\\/\\\/fuentesfidedignas.com.mx\\\/#\\\/schema\\\/person\\\/ff4db17f8fd9c584e0cfc2a0c436b8a1\",\"name\":\"El Imparcial\",\"image\":{\"@type\":\"ImageObject\",\"inLanguage\":\"es\",\"@id\":\"https:\\\/\\\/secure.gravatar.com\\\/avatar\\\/accd6807585a75316c237ee783498317be6f66ab34c47c940966f26a3f613161?s=96&d=mm&r=g\",\"url\":\"https:\\\/\\\/secure.gravatar.com\\\/avatar\\\/accd6807585a75316c237ee783498317be6f66ab34c47c940966f26a3f613161?s=96&d=mm&r=g\",\"contentUrl\":\"https:\\\/\\\/secure.gravatar.com\\\/avatar\\\/accd6807585a75316c237ee783498317be6f66ab34c47c940966f26a3f613161?s=96&d=mm&r=g\",\"caption\":\"El Imparcial\"},\"url\":\"https:\\\/\\\/fuentesfidedignas.com.mx\\\/index.php\\\/author\\\/imparcial\\\/\"}]}<\/script>\n<!-- \/ Yoast SEO plugin. -->","yoast_head_json":{"title":"Le ofrecieron 1 mdp por el reloj rifado por AMLO en su \u00faltima \"ma\u00f1anera\", pero el periodista rechaz\u00f3 - Fuentes Fidedignas","robots":{"index":"index","follow":"follow","max-snippet":"max-snippet:-1","max-image-preview":"max-image-preview:large","max-video-preview":"max-video-preview:-1"},"canonical":"https:\/\/fuentesfidedignas.com.mx\/index.php\/2024\/10\/03\/le-ofrecieron-1-mdp-por-el-reloj-rifado-por-amlo-en-su-ultima-mananera-pero-el-periodista-rechazo\/","og_locale":"es_MX","og_type":"article","og_title":"Le ofrecieron 1 mdp por el reloj rifado por AMLO en su \u00faltima \"ma\u00f1anera\", pero el periodista rechaz\u00f3 - Fuentes Fidedignas","og_description":"Otros periodistas y colegas en la misma ma\u00f1anera intentaron comprarle el accesorio, pero el ganador prefiri\u00f3 conservarlo como un recuerdo invaluable. M\u00c9XICO.- \u2014 Julio Omar G\u00f3mez, un periodista del medio Sin Puntos ni Comas TV de Baja California, se convirti\u00f3 en el centro de atenci\u00f3n al ganar el reloj del expresidente Andr\u00e9s Manuel L\u00f3pez Obrador [&hellip;]","og_url":"https:\/\/fuentesfidedignas.com.mx\/index.php\/2024\/10\/03\/le-ofrecieron-1-mdp-por-el-reloj-rifado-por-amlo-en-su-ultima-mananera-pero-el-periodista-rechazo\/","og_site_name":"Fuentes Fidedignas","article_publisher":"https:\/\/www.facebook.com\/Fuentes-Fidedignas-368234489921644","article_published_time":"2024-10-03T11:18:00+00:00","og_image":[{"width":650,"height":395,"url":"https:\/\/fuentesfidedignas.com.mx\/wp-content\/uploads\/2024\/10\/amlo_reloj.jpg","type":"image\/jpeg"}],"author":"El Imparcial","twitter_card":"summary_large_image","twitter_creator":"@fidedignas","twitter_site":"@fidedignas","twitter_misc":{"Escrito por":"El Imparcial","Tiempo de lectura":"3 minutos"},"schema":{"@context":"https:\/\/schema.org","@graph":[{"@type":"Article","@id":"https:\/\/fuentesfidedignas.com.mx\/index.php\/2024\/10\/03\/le-ofrecieron-1-mdp-por-el-reloj-rifado-por-amlo-en-su-ultima-mananera-pero-el-periodista-rechazo\/#article","isPartOf":{"@id":"https:\/\/fuentesfidedignas.com.mx\/index.php\/2024\/10\/03\/le-ofrecieron-1-mdp-por-el-reloj-rifado-por-amlo-en-su-ultima-mananera-pero-el-periodista-rechazo\/"},"author":{"name":"El Imparcial","@id":"https:\/\/fuentesfidedignas.com.mx\/#\/schema\/person\/ff4db17f8fd9c584e0cfc2a0c436b8a1"},"headline":"Le ofrecieron 1 mdp por el reloj rifado por AMLO en su \u00faltima &#8220;ma\u00f1anera&#8221;, pero el periodista rechaz\u00f3","datePublished":"2024-10-03T11:18:00+00:00","mainEntityOfPage":{"@id":"https:\/\/fuentesfidedignas.com.mx\/index.php\/2024\/10\/03\/le-ofrecieron-1-mdp-por-el-reloj-rifado-por-amlo-en-su-ultima-mananera-pero-el-periodista-rechazo\/"},"wordCount":662,"commentCount":0,"publisher":{"@id":"https:\/\/fuentesfidedignas.com.mx\/#organization"},"image":{"@id":"https:\/\/fuentesfidedignas.com.mx\/index.php\/2024\/10\/03\/le-ofrecieron-1-mdp-por-el-reloj-rifado-por-amlo-en-su-ultima-mananera-pero-el-periodista-rechazo\/#primaryimage"},"thumbnailUrl":"https:\/\/fuentesfidedignas.com.mx\/wp-content\/uploads\/2024\/10\/amlo_reloj.jpg","articleSection":["LAS ASOMBROSAS"],"inLanguage":"es","potentialAction":[{"@type":"CommentAction","name":"Comment","target":["https:\/\/fuentesfidedignas.com.mx\/index.php\/2024\/10\/03\/le-ofrecieron-1-mdp-por-el-reloj-rifado-por-amlo-en-su-ultima-mananera-pero-el-periodista-rechazo\/#respond"]}]},{"@type":"WebPage","@id":"https:\/\/fuentesfidedignas.com.mx\/index.php\/2024\/10\/03\/le-ofrecieron-1-mdp-por-el-reloj-rifado-por-amlo-en-su-ultima-mananera-pero-el-periodista-rechazo\/","url":"https:\/\/fuentesfidedignas.com.mx\/index.php\/2024\/10\/03\/le-ofrecieron-1-mdp-por-el-reloj-rifado-por-amlo-en-su-ultima-mananera-pero-el-periodista-rechazo\/","name":"Le ofrecieron 1 mdp por el reloj rifado por AMLO en su \u00faltima \"ma\u00f1anera\", pero el periodista rechaz\u00f3 - Fuentes Fidedignas","isPartOf":{"@id":"https:\/\/fuentesfidedignas.com.mx\/#website"},"primaryImageOfPage":{"@id":"https:\/\/fuentesfidedignas.com.mx\/index.php\/2024\/10\/03\/le-ofrecieron-1-mdp-por-el-reloj-rifado-por-amlo-en-su-ultima-mananera-pero-el-periodista-rechazo\/#primaryimage"},"image":{"@id":"https:\/\/fuentesfidedignas.com.mx\/index.php\/2024\/10\/03\/le-ofrecieron-1-mdp-por-el-reloj-rifado-por-amlo-en-su-ultima-mananera-pero-el-periodista-rechazo\/#primaryimage"},"thumbnailUrl":"https:\/\/fuentesfidedignas.com.mx\/wp-content\/uploads\/2024\/10\/amlo_reloj.jpg","datePublished":"2024-10-03T11:18:00+00:00","breadcrumb":{"@id":"https:\/\/fuentesfidedignas.com.mx\/index.php\/2024\/10\/03\/le-ofrecieron-1-mdp-por-el-reloj-rifado-por-amlo-en-su-ultima-mananera-pero-el-periodista-rechazo\/#breadcrumb"},"inLanguage":"es","potentialAction":[{"@type":"ReadAction","target":["https:\/\/fuentesfidedignas.com.mx\/index.php\/2024\/10\/03\/le-ofrecieron-1-mdp-por-el-reloj-rifado-por-amlo-en-su-ultima-mananera-pero-el-periodista-rechazo\/"]}]},{"@type":"ImageObject","inLanguage":"es","@id":"https:\/\/fuentesfidedignas.com.mx\/index.php\/2024\/10\/03\/le-ofrecieron-1-mdp-por-el-reloj-rifado-por-amlo-en-su-ultima-mananera-pero-el-periodista-rechazo\/#primaryimage","url":"https:\/\/fuentesfidedignas.com.mx\/wp-content\/uploads\/2024\/10\/amlo_reloj.jpg","contentUrl":"https:\/\/fuentesfidedignas.com.mx\/wp-content\/uploads\/2024\/10\/amlo_reloj.jpg","width":650,"height":395},{"@type":"BreadcrumbList","@id":"https:\/\/fuentesfidedignas.com.mx\/index.php\/2024\/10\/03\/le-ofrecieron-1-mdp-por-el-reloj-rifado-por-amlo-en-su-ultima-mananera-pero-el-periodista-rechazo\/#breadcrumb","itemListElement":[{"@type":"ListItem","position":1,"name":"Inicio","item":"https:\/\/fuentesfidedignas.com.mx\/"},{"@type":"ListItem","position":2,"name":"Le ofrecieron 1 mdp por el reloj rifado por AMLO en su \u00faltima &#8220;ma\u00f1anera&#8221;, pero el periodista rechaz\u00f3"}]},{"@type":"WebSite","@id":"https:\/\/fuentesfidedignas.com.mx\/#website","url":"https:\/\/fuentesfidedignas.com.mx\/","name":"Fuentes Fidedignas","description":"Otro sitio realizado con WordPress","publisher":{"@id":"https:\/\/fuentesfidedignas.com.mx\/#organization"},"potentialAction":[{"@type":"SearchAction","target":{"@type":"EntryPoint","urlTemplate":"https:\/\/fuentesfidedignas.com.mx\/?s={search_term_string}"},"query-input":{"@type":"PropertyValueSpecification","valueRequired":true,"valueName":"search_term_string"}}],"inLanguage":"es"},{"@type":"Organization","@id":"https:\/\/fuentesfidedignas.com.mx\/#organization","name":"Fuentes Fidedignas","url":"https:\/\/fuentesfidedignas.com.mx\/","logo":{"@type":"ImageObject","inLanguage":"es","@id":"https:\/\/fuentesfidedignas.com.mx\/#\/schema\/logo\/image\/","url":"https:\/\/fuentesfidedignas.com.mx\/wp-content\/uploads\/2021\/04\/logo-retina.png","contentUrl":"https:\/\/fuentesfidedignas.com.mx\/wp-content\/uploads\/2021\/04\/logo-retina.png","width":280,"height":51,"caption":"Fuentes Fidedignas"},"image":{"@id":"https:\/\/fuentesfidedignas.com.mx\/#\/schema\/logo\/image\/"},"sameAs":["https:\/\/www.facebook.com\/Fuentes-Fidedignas-368234489921644","https:\/\/x.com\/fidedignas"]},{"@type":"Person","@id":"https:\/\/fuentesfidedignas.com.mx\/#\/schema\/person\/ff4db17f8fd9c584e0cfc2a0c436b8a1","name":"El Imparcial","image":{"@type":"ImageObject","inLanguage":"es","@id":"https:\/\/secure.gravatar.com\/avatar\/accd6807585a75316c237ee783498317be6f66ab34c47c940966f26a3f613161?s=96&d=mm&r=g","url":"https:\/\/secure.gravatar.com\/avatar\/accd6807585a75316c237ee783498317be6f66ab34c47c940966f26a3f613161?s=96&d=mm&r=g","contentUrl":"https:\/\/secure.gravatar.com\/avatar\/accd6807585a75316c237ee783498317be6f66ab34c47c940966f26a3f613161?s=96&d=mm&r=g","caption":"El Imparcial"},"url":"https:\/\/fuentesfidedignas.com.mx\/index.php\/author\/imparcial\/"}]}},"_links":{"self":[{"href":"https:\/\/fuentesfidedignas.com.mx\/index.php\/wp-json\/wp\/v2\/posts\/92476","targetHints":{"allow":["GET"]}}],"collection":[{"href":"https:\/\/fuentesfidedignas.com.mx\/index.php\/wp-json\/wp\/v2\/posts"}],"about":[{"href":"https:\/\/fuentesfidedignas.com.mx\/index.php\/wp-json\/wp\/v2\/types\/post"}],"author":[{"embeddable":true,"href":"https:\/\/fuentesfidedignas.com.mx\/index.php\/wp-json\/wp\/v2\/users\/40"}],"replies":[{"embeddable":true,"href":"https:\/\/fuentesfidedignas.com.mx\/index.php\/wp-json\/wp\/v2\/comments?post=92476"}],"version-history":[{"count":1,"href":"https:\/\/fuentesfidedignas.com.mx\/index.php\/wp-json\/wp\/v2\/posts\/92476\/revisions"}],"predecessor-version":[{"id":92478,"href":"https:\/\/fuentesfidedignas.com.mx\/index.php\/wp-json\/wp\/v2\/posts\/92476\/revisions\/92478"}],"wp:featuredmedia":[{"embeddable":true,"href":"https:\/\/fuentesfidedignas.com.mx\/index.php\/wp-json\/wp\/v2\/media\/92477"}],"wp:attachment":[{"href":"https:\/\/fuentesfidedignas.com.mx\/index.php\/wp-json\/wp\/v2\/media?parent=92476"}],"wp:term":[{"taxonomy":"category","embeddable":true,"href":"https:\/\/fuentesfidedignas.com.mx\/index.php\/wp-json\/wp\/v2\/categories?post=92476"},{"taxonomy":"post_tag","embeddable":true,"href":"https:\/\/fuentesfidedignas.com.mx\/index.php\/wp-json\/wp\/v2\/tags?post=92476"}],"curies":[{"name":"wp","href":"https:\/\/api.w.org\/{rel}","templated":true}]}}